{"id":81523,"date":"2026-09-02T08:32:51","date_gmt":"2026-09-02T11:32:51","guid":{"rendered":"https:\/\/noticiasemdestaque.com\/cd\/?p=81523"},"modified":"2026-09-02T08:32:51","modified_gmt":"2026-09-02T11:32:51","slug":"prefeita-flavinha-sousa-assina-termo-de-adesao-ao-garantia-safra-2026-2027-em-apoio-aos-agricultores-do-congo","status":"publish","type":"post","link":"https:\/\/noticiasemdestaque.com\/cd\/?p=81523","title":{"rendered":"Prefeita Flavinha Sousa assina Termo de Ades\u00e3o ao Garantia-Safra 2026\/2027 em apoio aos agricultores do Congo"},"content":{"rendered":"<p data-start=\"100\" data-end=\"481\"><a href=\"https:\/\/noticiasemdestaque.com\/cd\/wp-content\/uploads\/2026\/09\/snapinsta-1788348597996.webp\"><img fetchpriority=\"high\" decoding=\"async\" class=\" wp-image-81524 aligncenter\" src=\"https:\/\/noticiasemdestaque.com\/cd\/wp-content\/uploads\/2026\/09\/snapinsta-1788348597996-300x225.webp\" alt=\"\" width=\"839\" height=\"629\" srcset=\"https:\/\/noticiasemdestaque.com\/cd\/wp-content\/uploads\/2026\/09\/snapinsta-1788348597996-300x225.webp 300w, https:\/\/noticiasemdestaque.com\/cd\/wp-content\/uploads\/2026\/09\/snapinsta-1788348597996-1024x768.webp 1024w, https:\/\/noticiasemdestaque.com\/cd\/wp-content\/uploads\/2026\/09\/snapinsta-1788348597996-768x576.webp 768w, https:\/\/noticiasemdestaque.com\/cd\/wp-content\/uploads\/2026\/09\/snapinsta-1788348597996.webp 1440w\" sizes=\"(max-width: 839px) 100vw, 839px\" \/><\/a><\/p>\n<p class=\"PDq2pG_selectionAnchorContainer\" data-start=\"100\" data-end=\"481\">A prefeita do Congo, Flavinha Sousa, participou, na manh\u00e3 desta ter\u00e7a-feira (1\u00ba), em Monteiro, de uma solenidade para assinatura do Termo de Ades\u00e3o ao Garantia-Safra. O momento reuniu gestores municipais, representantes de \u00f3rg\u00e3os ligados \u00e0 agricultura e autoridades do Cariri paraibano, destacando a import\u00e2ncia das pol\u00edticas p\u00fablicas de apoio ao homem e \u00e0 mulher do campo.<\/p>\n<p data-start=\"483\" data-end=\"878\">Com a ades\u00e3o, o munic\u00edpio do Congo refor\u00e7a o compromisso com os agricultores familiares, especialmente aqueles que dependem da produ\u00e7\u00e3o rural e enfrentam dificuldades provocadas por per\u00edodos de estiagem. O Garantia-Safra \u00e9 uma pol\u00edtica de prote\u00e7\u00e3o voltada aos agricultores que sofrem perdas na produ\u00e7\u00e3o em decorr\u00eancia de fen\u00f4menos clim\u00e1ticos, oferecendo maior seguran\u00e7a \u00e0s fam\u00edlias do campo.<\/p>\n<p data-start=\"880\" data-end=\"1187\">Durante o evento, a prefeita Flavinha Sousa destacou a import\u00e2ncia da parceria entre os munic\u00edpios e as institui\u00e7\u00f5es respons\u00e1veis pelo programa. Segundo a gestora, garantir apoio aos agricultores tamb\u00e9m significa fortalecer a economia e melhorar a qualidade de vida das fam\u00edlias que vivem na zona rural.<\/p>\n<blockquote data-start=\"1189\" data-end=\"1468\">\n<p data-start=\"1191\" data-end=\"1468\">\u201cEstamos trabalhando para garantir que nossos agricultores tenham o apoio necess\u00e1rio e possam enfrentar os per\u00edodos de dificuldade com mais seguran\u00e7a. A ades\u00e3o ao Garantia-Safra representa cuidado, compromisso e respeito com quem vive e trabalha no campo\u201d, destacou a prefeita.<\/p>\n<\/blockquote>\n<p data-start=\"1470\" data-end=\"1723\" data-is-last-node=\"\" data-is-only-node=\"\">A participa\u00e7\u00e3o do Congo no programa refor\u00e7a a busca da administra\u00e7\u00e3o municipal por a\u00e7\u00f5es e parcerias voltadas ao fortalecimento da agricultura familiar, considerada fundamental para a gera\u00e7\u00e3o de renda e o desenvolvimento socioecon\u00f4mico do munic\u00edpio.<\/p>\n<p data-start=\"1470\" data-end=\"1723\" data-is-last-node=\"\" data-is-only-node=\"\"><strong>Not\u00edcias em Destaque<\/strong><\/p>\n","protected":false},"excerpt":{"rendered":"<p>A prefeita do Congo, Flavinha Sousa, participou, na manh\u00e3 desta ter\u00e7a-feira (1\u00ba), em Monteiro, de uma solenidade para assinatura do Termo de Ades\u00e3o ao Garantia-Safra. O momento reuniu gestores municipais, representantes de \u00f3rg\u00e3os ligados \u00e0 agricultura e autoridades do Cariri paraibano, destacando a import\u00e2ncia das pol\u00edticas p\u00fablicas de apoio ao homem e \u00e0 mulher do campo. Com a ades\u00e3o, o munic\u00edpio do Congo refor\u00e7a o compromisso com os agricultores familiares, especialmente aqueles que dependem da produ\u00e7\u00e3o rural e enfrentam dificuldades provocadas por per\u00edodos de estiagem. O Garantia-Safra \u00e9 uma pol\u00edtica de prote\u00e7\u00e3o voltada aos agricultores que sofrem perdas na produ\u00e7\u00e3o em decorr\u00eancia de fen\u00f4menos clim\u00e1ticos, oferecendo maior seguran\u00e7a \u00e0s fam\u00edlias do campo. Durante o evento, a prefeita Flavinha Sousa destacou a import\u00e2ncia da parceria entre os munic\u00edpios e as institui\u00e7\u00f5es respons\u00e1veis pelo programa. Segundo a gestora, garantir apoio aos agricultores tamb\u00e9m significa fortalecer a economia e melhorar a qualidade de vida das fam\u00edlias que vivem na zona rural. \u201cEstamos trabalhando para garantir que nossos agricultores tenham o apoio necess\u00e1rio e possam enfrentar os per\u00edodos de dificuldade com mais seguran\u00e7a. A ades\u00e3o ao Garantia-Safra representa cuidado, compromisso e respeito com quem vive e trabalha no campo\u201d, destacou a prefeita. A participa\u00e7\u00e3o do Congo no programa refor\u00e7a a busca da administra\u00e7\u00e3o municipal por a\u00e7\u00f5es e parcerias voltadas ao fortalecimento da agricultura familiar, considerada fundamental para a gera\u00e7\u00e3o de renda e o desenvolvimento socioecon\u00f4mico do munic\u00edpio. Not\u00edcias em Destaque<\/p>\n","protected":false},"author":2,"featured_media":81524,"comment_status":"closed","ping_status":"closed","sticky":false,"template":"","format":"standard","meta":{"_eb_attr":"","_jetpack_memberships_contains_paid_content":false,"footnotes":""},"categories":[3],"tags":[],"class_list":["post-81523","post","type-post","status-publish","format-standard","has-post-thumbnail","hentry","category-cidades"],"yoast_head":"<!-- This site is optimized with the Yoast SEO plugin v26.5 - https:\/\/yoast.com\/wordpress\/plugins\/seo\/ -->\n<title>Prefeita Flavinha Sousa assina Termo de Ades\u00e3o ao Garantia-Safra 2026\/2027 em apoio aos agricultores do Congo - Not&iacute;cias em Destaque<\/title>\n<meta name=\"robots\" content=\"index, follow, max-snippet:-1, max-image-preview:large, max-video-preview:-1\" \/>\n<link rel=\"canonical\" href=\"https:\/\/noticiasemdestaque.com\/cd\/?p=81523\" \/>\n<meta property=\"og:locale\" content=\"pt_BR\" \/>\n<meta property=\"og:type\" content=\"article\" \/>\n<meta property=\"og:title\" content=\"Prefeita Flavinha Sousa assina Termo de Ades\u00e3o ao Garantia-Safra 2026\/2027 em apoio aos agricultores do Congo - Not&iacute;cias em Destaque\" \/>\n<meta property=\"og:description\" content=\"A prefeita do Congo, Flavinha Sousa, participou, na manh\u00e3 desta ter\u00e7a-feira (1\u00ba), em Monteiro, de uma solenidade para assinatura do Termo de Ades\u00e3o ao Garantia-Safra. O momento reuniu gestores municipais, representantes de \u00f3rg\u00e3os ligados \u00e0 agricultura e autoridades do Cariri paraibano, destacando a import\u00e2ncia das pol\u00edticas p\u00fablicas de apoio ao homem e \u00e0 mulher do campo. Com a ades\u00e3o, o munic\u00edpio do Congo refor\u00e7a o compromisso com os agricultores familiares, especialmente aqueles que dependem da produ\u00e7\u00e3o rural e enfrentam dificuldades provocadas por per\u00edodos de estiagem. O Garantia-Safra \u00e9 uma pol\u00edtica de prote\u00e7\u00e3o voltada aos agricultores que sofrem perdas na produ\u00e7\u00e3o em decorr\u00eancia de fen\u00f4menos clim\u00e1ticos, oferecendo maior seguran\u00e7a \u00e0s fam\u00edlias do campo. Durante o evento, a prefeita Flavinha Sousa destacou a import\u00e2ncia da parceria entre os munic\u00edpios e as institui\u00e7\u00f5es respons\u00e1veis pelo programa. Segundo a gestora, garantir apoio aos agricultores tamb\u00e9m significa fortalecer a economia e melhorar a qualidade de vida das fam\u00edlias que vivem na zona rural. \u201cEstamos trabalhando para garantir que nossos agricultores tenham o apoio necess\u00e1rio e possam enfrentar os per\u00edodos de dificuldade com mais seguran\u00e7a. A ades\u00e3o ao Garantia-Safra representa cuidado, compromisso e respeito com quem vive e trabalha no campo\u201d, destacou a prefeita. A participa\u00e7\u00e3o do Congo no programa refor\u00e7a a busca da administra\u00e7\u00e3o municipal por a\u00e7\u00f5es e parcerias voltadas ao fortalecimento da agricultura familiar, considerada fundamental para a gera\u00e7\u00e3o de renda e o desenvolvimento socioecon\u00f4mico do munic\u00edpio. Not\u00edcias em Destaque\" \/>\n<meta property=\"og:url\" content=\"https:\/\/noticiasemdestaque.com\/cd\/?p=81523\" \/>\n<meta property=\"og:site_name\" content=\"Not&iacute;cias em Destaque\" \/>\n<meta property=\"article:published_time\" content=\"2026-09-02T11:32:51+00:00\" \/>\n<meta property=\"og:image\" content=\"https:\/\/noticiasemdestaque.com\/cd\/wp-content\/uploads\/2026\/09\/snapinsta-1788348597996.webp\" \/>\n\t<meta property=\"og:image:width\" content=\"1440\" \/>\n\t<meta property=\"og:image:height\" content=\"1080\" \/>\n\t<meta property=\"og:image:type\" content=\"image\/webp\" \/>\n<meta name=\"author\" content=\"Not\u00edcias em Destaque\" \/>\n<meta name=\"twitter:card\" content=\"summary_large_image\" \/>\n<meta name=\"twitter:label1\" content=\"Escrito por\" \/>\n\t<meta name=\"twitter:data1\" content=\"Not\u00edcias em Destaque\" \/>\n\t<meta name=\"twitter:label2\" content=\"Est. tempo de leitura\" \/>\n\t<meta name=\"twitter:data2\" content=\"2 minutos\" \/>\n<script type=\"application\/ld+json\" class=\"yoast-schema-graph\">{\"@context\":\"https:\/\/schema.org\",\"@graph\":[{\"@type\":\"Article\",\"@id\":\"https:\/\/noticiasemdestaque.com\/cd\/?p=81523#article\",\"isPartOf\":{\"@id\":\"https:\/\/noticiasemdestaque.com\/cd\/?p=81523\"},\"author\":{\"name\":\"Not\u00edcias em Destaque\",\"@id\":\"https:\/\/noticiasemdestaque.com\/cd\/#\/schema\/person\/a978acbbda55eca5b71ccb9421897bb0\"},\"headline\":\"Prefeita Flavinha Sousa assina Termo de Ades\u00e3o ao Garantia-Safra 2026\/2027 em apoio aos agricultores do Congo\",\"datePublished\":\"2026-09-02T11:32:51+00:00\",\"mainEntityOfPage\":{\"@id\":\"https:\/\/noticiasemdestaque.com\/cd\/?p=81523\"},\"wordCount\":285,\"publisher\":{\"@id\":\"https:\/\/noticiasemdestaque.com\/cd\/#organization\"},\"image\":{\"@id\":\"https:\/\/noticiasemdestaque.com\/cd\/?p=81523#primaryimage\"},\"thumbnailUrl\":\"https:\/\/noticiasemdestaque.com\/cd\/wp-content\/uploads\/2026\/09\/snapinsta-1788348597996.webp\",\"articleSection\":[\"Cidades\"],\"inLanguage\":\"pt-BR\"},{\"@type\":\"WebPage\",\"@id\":\"https:\/\/noticiasemdestaque.com\/cd\/?p=81523\",\"url\":\"https:\/\/noticiasemdestaque.com\/cd\/?p=81523\",\"name\":\"Prefeita Flavinha Sousa assina Termo de Ades\u00e3o ao Garantia-Safra 2026\/2027 em apoio aos agricultores do Congo - Not&iacute;cias em Destaque\",\"isPartOf\":{\"@id\":\"https:\/\/noticiasemdestaque.com\/cd\/#website\"},\"primaryImageOfPage\":{\"@id\":\"https:\/\/noticiasemdestaque.com\/cd\/?p=81523#primaryimage\"},\"image\":{\"@id\":\"https:\/\/noticiasemdestaque.com\/cd\/?p=81523#primaryimage\"},\"thumbnailUrl\":\"https:\/\/noticiasemdestaque.com\/cd\/wp-content\/uploads\/2026\/09\/snapinsta-1788348597996.webp\",\"datePublished\":\"2026-09-02T11:32:51+00:00\",\"breadcrumb\":{\"@id\":\"https:\/\/noticiasemdestaque.com\/cd\/?p=81523#breadcrumb\"},\"inLanguage\":\"pt-BR\",\"potentialAction\":[{\"@type\":\"ReadAction\",\"target\":[\"https:\/\/noticiasemdestaque.com\/cd\/?p=81523\"]}]},{\"@type\":\"ImageObject\",\"inLanguage\":\"pt-BR\",\"@id\":\"https:\/\/noticiasemdestaque.com\/cd\/?p=81523#primaryimage\",\"url\":\"https:\/\/noticiasemdestaque.com\/cd\/wp-content\/uploads\/2026\/09\/snapinsta-1788348597996.webp\",\"contentUrl\":\"https:\/\/noticiasemdestaque.com\/cd\/wp-content\/uploads\/2026\/09\/snapinsta-1788348597996.webp\",\"width\":1440,\"height\":1080},{\"@type\":\"BreadcrumbList\",\"@id\":\"https:\/\/noticiasemdestaque.com\/cd\/?p=81523#breadcrumb\",\"itemListElement\":[{\"@type\":\"ListItem\",\"position\":1,\"name\":\"In\u00edcio\",\"item\":\"https:\/\/noticiasemdestaque.com\/cd\/\"},{\"@type\":\"ListItem\",\"position\":2,\"name\":\"Prefeita Flavinha Sousa assina Termo de Ades\u00e3o ao Garantia-Safra 2026\/2027 em apoio aos agricultores do Congo\"}]},{\"@type\":\"WebSite\",\"@id\":\"https:\/\/noticiasemdestaque.com\/cd\/#website\",\"url\":\"https:\/\/noticiasemdestaque.com\/cd\/\",\"name\":\"Not&iacute;cias em Destaque\",\"description\":\"\",\"publisher\":{\"@id\":\"https:\/\/noticiasemdestaque.com\/cd\/#organization\"},\"potentialAction\":[{\"@type\":\"SearchAction\",\"target\":{\"@type\":\"EntryPoint\",\"urlTemplate\":\"https:\/\/noticiasemdestaque.com\/cd\/?s={search_term_string}\"},\"query-input\":{\"@type\":\"PropertyValueSpecification\",\"valueRequired\":true,\"valueName\":\"search_term_string\"}}],\"inLanguage\":\"pt-BR\"},{\"@type\":\"Organization\",\"@id\":\"https:\/\/noticiasemdestaque.com\/cd\/#organization\",\"name\":\"Not\u00edcias em Destaque\",\"url\":\"https:\/\/noticiasemdestaque.com\/cd\/\",\"logo\":{\"@type\":\"ImageObject\",\"inLanguage\":\"pt-BR\",\"@id\":\"https:\/\/noticiasemdestaque.com\/cd\/#\/schema\/logo\/image\/\",\"url\":\"https:\/\/noticiasemdestaque.com\/cd\/wp-content\/uploads\/2022\/05\/imagem-base-noticiasemdestaque.png\",\"contentUrl\":\"https:\/\/noticiasemdestaque.com\/cd\/wp-content\/uploads\/2022\/05\/imagem-base-noticiasemdestaque.png\",\"width\":1200,\"height\":630,\"caption\":\"Not\u00edcias em Destaque\"},\"image\":{\"@id\":\"https:\/\/noticiasemdestaque.com\/cd\/#\/schema\/logo\/image\/\"}},{\"@type\":\"Person\",\"@id\":\"https:\/\/noticiasemdestaque.com\/cd\/#\/schema\/person\/a978acbbda55eca5b71ccb9421897bb0\",\"name\":\"Not\u00edcias em Destaque\",\"url\":\"https:\/\/noticiasemdestaque.com\/cd\/?author=2\"}]}<\/script>\n<!-- \/ Yoast SEO plugin. -->","yoast_head_json":{"title":"Prefeita Flavinha Sousa assina Termo de Ades\u00e3o ao Garantia-Safra 2026\/2027 em apoio aos agricultores do Congo - Not&iacute;cias em Destaque","robots":{"index":"index","follow":"follow","max-snippet":"max-snippet:-1","max-image-preview":"max-image-preview:large","max-video-preview":"max-video-preview:-1"},"canonical":"https:\/\/noticiasemdestaque.com\/cd\/?p=81523","og_locale":"pt_BR","og_type":"article","og_title":"Prefeita Flavinha Sousa assina Termo de Ades\u00e3o ao Garantia-Safra 2026\/2027 em apoio aos agricultores do Congo - Not&iacute;cias em Destaque","og_description":"A prefeita do Congo, Flavinha Sousa, participou, na manh\u00e3 desta ter\u00e7a-feira (1\u00ba), em Monteiro, de uma solenidade para assinatura do Termo de Ades\u00e3o ao Garantia-Safra. O momento reuniu gestores municipais, representantes de \u00f3rg\u00e3os ligados \u00e0 agricultura e autoridades do Cariri paraibano, destacando a import\u00e2ncia das pol\u00edticas p\u00fablicas de apoio ao homem e \u00e0 mulher do campo. Com a ades\u00e3o, o munic\u00edpio do Congo refor\u00e7a o compromisso com os agricultores familiares, especialmente aqueles que dependem da produ\u00e7\u00e3o rural e enfrentam dificuldades provocadas por per\u00edodos de estiagem. O Garantia-Safra \u00e9 uma pol\u00edtica de prote\u00e7\u00e3o voltada aos agricultores que sofrem perdas na produ\u00e7\u00e3o em decorr\u00eancia de fen\u00f4menos clim\u00e1ticos, oferecendo maior seguran\u00e7a \u00e0s fam\u00edlias do campo. Durante o evento, a prefeita Flavinha Sousa destacou a import\u00e2ncia da parceria entre os munic\u00edpios e as institui\u00e7\u00f5es respons\u00e1veis pelo programa. Segundo a gestora, garantir apoio aos agricultores tamb\u00e9m significa fortalecer a economia e melhorar a qualidade de vida das fam\u00edlias que vivem na zona rural. \u201cEstamos trabalhando para garantir que nossos agricultores tenham o apoio necess\u00e1rio e possam enfrentar os per\u00edodos de dificuldade com mais seguran\u00e7a. A ades\u00e3o ao Garantia-Safra representa cuidado, compromisso e respeito com quem vive e trabalha no campo\u201d, destacou a prefeita. A participa\u00e7\u00e3o do Congo no programa refor\u00e7a a busca da administra\u00e7\u00e3o municipal por a\u00e7\u00f5es e parcerias voltadas ao fortalecimento da agricultura familiar, considerada fundamental para a gera\u00e7\u00e3o de renda e o desenvolvimento socioecon\u00f4mico do munic\u00edpio. Not\u00edcias em Destaque","og_url":"https:\/\/noticiasemdestaque.com\/cd\/?p=81523","og_site_name":"Not&iacute;cias em Destaque","article_published_time":"2026-09-02T11:32:51+00:00","og_image":[{"width":1440,"height":1080,"url":"https:\/\/noticiasemdestaque.com\/cd\/wp-content\/uploads\/2026\/09\/snapinsta-1788348597996.webp","type":"image\/webp"}],"author":"Not\u00edcias em Destaque","twitter_card":"summary_large_image","twitter_misc":{"Escrito por":"Not\u00edcias em Destaque","Est. tempo de leitura":"2 minutos"},"schema":{"@context":"https:\/\/schema.org","@graph":[{"@type":"Article","@id":"https:\/\/noticiasemdestaque.com\/cd\/?p=81523#article","isPartOf":{"@id":"https:\/\/noticiasemdestaque.com\/cd\/?p=81523"},"author":{"name":"Not\u00edcias em Destaque","@id":"https:\/\/noticiasemdestaque.com\/cd\/#\/schema\/person\/a978acbbda55eca5b71ccb9421897bb0"},"headline":"Prefeita Flavinha Sousa assina Termo de Ades\u00e3o ao Garantia-Safra 2026\/2027 em apoio aos agricultores do Congo","datePublished":"2026-09-02T11:32:51+00:00","mainEntityOfPage":{"@id":"https:\/\/noticiasemdestaque.com\/cd\/?p=81523"},"wordCount":285,"publisher":{"@id":"https:\/\/noticiasemdestaque.com\/cd\/#organization"},"image":{"@id":"https:\/\/noticiasemdestaque.com\/cd\/?p=81523#primaryimage"},"thumbnailUrl":"https:\/\/noticiasemdestaque.com\/cd\/wp-content\/uploads\/2026\/09\/snapinsta-1788348597996.webp","articleSection":["Cidades"],"inLanguage":"pt-BR"},{"@type":"WebPage","@id":"https:\/\/noticiasemdestaque.com\/cd\/?p=81523","url":"https:\/\/noticiasemdestaque.com\/cd\/?p=81523","name":"Prefeita Flavinha Sousa assina Termo de Ades\u00e3o ao Garantia-Safra 2026\/2027 em apoio aos agricultores do Congo - Not&iacute;cias em Destaque","isPartOf":{"@id":"https:\/\/noticiasemdestaque.com\/cd\/#website"},"primaryImageOfPage":{"@id":"https:\/\/noticiasemdestaque.com\/cd\/?p=81523#primaryimage"},"image":{"@id":"https:\/\/noticiasemdestaque.com\/cd\/?p=81523#primaryimage"},"thumbnailUrl":"https:\/\/noticiasemdestaque.com\/cd\/wp-content\/uploads\/2026\/09\/snapinsta-1788348597996.webp","datePublished":"2026-09-02T11:32:51+00:00","breadcrumb":{"@id":"https:\/\/noticiasemdestaque.com\/cd\/?p=81523#breadcrumb"},"inLanguage":"pt-BR","potentialAction":[{"@type":"ReadAction","target":["https:\/\/noticiasemdestaque.com\/cd\/?p=81523"]}]},{"@type":"ImageObject","inLanguage":"pt-BR","@id":"https:\/\/noticiasemdestaque.com\/cd\/?p=81523#primaryimage","url":"https:\/\/noticiasemdestaque.com\/cd\/wp-content\/uploads\/2026\/09\/snapinsta-1788348597996.webp","contentUrl":"https:\/\/noticiasemdestaque.com\/cd\/wp-content\/uploads\/2026\/09\/snapinsta-1788348597996.webp","width":1440,"height":1080},{"@type":"BreadcrumbList","@id":"https:\/\/noticiasemdestaque.com\/cd\/?p=81523#breadcrumb","itemListElement":[{"@type":"ListItem","position":1,"name":"In\u00edcio","item":"https:\/\/noticiasemdestaque.com\/cd\/"},{"@type":"ListItem","position":2,"name":"Prefeita Flavinha Sousa assina Termo de Ades\u00e3o ao Garantia-Safra 2026\/2027 em apoio aos agricultores do Congo"}]},{"@type":"WebSite","@id":"https:\/\/noticiasemdestaque.com\/cd\/#website","url":"https:\/\/noticiasemdestaque.com\/cd\/","name":"Not&iacute;cias em Destaque","description":"","publisher":{"@id":"https:\/\/noticiasemdestaque.com\/cd\/#organization"},"potentialAction":[{"@type":"SearchAction","target":{"@type":"EntryPoint","urlTemplate":"https:\/\/noticiasemdestaque.com\/cd\/?s={search_term_string}"},"query-input":{"@type":"PropertyValueSpecification","valueRequired":true,"valueName":"search_term_string"}}],"inLanguage":"pt-BR"},{"@type":"Organization","@id":"https:\/\/noticiasemdestaque.com\/cd\/#organization","name":"Not\u00edcias em Destaque","url":"https:\/\/noticiasemdestaque.com\/cd\/","logo":{"@type":"ImageObject","inLanguage":"pt-BR","@id":"https:\/\/noticiasemdestaque.com\/cd\/#\/schema\/logo\/image\/","url":"https:\/\/noticiasemdestaque.com\/cd\/wp-content\/uploads\/2022\/05\/imagem-base-noticiasemdestaque.png","contentUrl":"https:\/\/noticiasemdestaque.com\/cd\/wp-content\/uploads\/2022\/05\/imagem-base-noticiasemdestaque.png","width":1200,"height":630,"caption":"Not\u00edcias em Destaque"},"image":{"@id":"https:\/\/noticiasemdestaque.com\/cd\/#\/schema\/logo\/image\/"}},{"@type":"Person","@id":"https:\/\/noticiasemdestaque.com\/cd\/#\/schema\/person\/a978acbbda55eca5b71ccb9421897bb0","name":"Not\u00edcias em Destaque","url":"https:\/\/noticiasemdestaque.com\/cd\/?author=2"}]}},"jetpack_featured_media_url":"https:\/\/noticiasemdestaque.com\/cd\/wp-content\/uploads\/2026\/09\/snapinsta-1788348597996.webp","jetpack_sharing_enabled":true,"_links":{"self":[{"href":"https:\/\/noticiasemdestaque.com\/cd\/index.php?rest_route=\/wp\/v2\/posts\/81523","targetHints":{"allow":["GET"]}}],"collection":[{"href":"https:\/\/noticiasemdestaque.com\/cd\/index.php?rest_route=\/wp\/v2\/posts"}],"about":[{"href":"https:\/\/noticiasemdestaque.com\/cd\/index.php?rest_route=\/wp\/v2\/types\/post"}],"author":[{"embeddable":true,"href":"https:\/\/noticiasemdestaque.com\/cd\/index.php?rest_route=\/wp\/v2\/users\/2"}],"replies":[{"embeddable":true,"href":"https:\/\/noticiasemdestaque.com\/cd\/index.php?rest_route=%2Fwp%2Fv2%2Fcomments&post=81523"}],"version-history":[{"count":1,"href":"https:\/\/noticiasemdestaque.com\/cd\/index.php?rest_route=\/wp\/v2\/posts\/81523\/revisions"}],"predecessor-version":[{"id":81525,"href":"https:\/\/noticiasemdestaque.com\/cd\/index.php?rest_route=\/wp\/v2\/posts\/81523\/revisions\/81525"}],"wp:featuredmedia":[{"embeddable":true,"href":"https:\/\/noticiasemdestaque.com\/cd\/index.php?rest_route=\/wp\/v2\/media\/81524"}],"wp:attachment":[{"href":"https:\/\/noticiasemdestaque.com\/cd\/index.php?rest_route=%2Fwp%2Fv2%2Fmedia&parent=81523"}],"wp:term":[{"taxonomy":"category","embeddable":true,"href":"https:\/\/noticiasemdestaque.com\/cd\/index.php?rest_route=%2Fwp%2Fv2%2Fcategories&post=81523"},{"taxonomy":"post_tag","embeddable":true,"href":"https:\/\/noticiasemdestaque.com\/cd\/index.php?rest_route=%2Fwp%2Fv2%2Ftags&post=81523"}],"curies":[{"name":"wp","href":"https:\/\/api.w.org\/{rel}","templated":true}]}}