{"id":81517,"date":"2026-09-02T08:15:16","date_gmt":"2026-09-02T11:15:16","guid":{"rendered":"https:\/\/noticiasemdestaque.com\/cd\/?p=81517"},"modified":"2026-09-02T08:15:16","modified_gmt":"2026-09-02T11:15:16","slug":"toffoli-revoga-decisao-que-restringiu-campanha-de-renan-santos","status":"publish","type":"post","link":"https:\/\/noticiasemdestaque.com\/cd\/?p=81517","title":{"rendered":"Toffoli revoga decis\u00e3o que restringiu campanha de Renan Santos"},"content":{"rendered":"<div class=\"flex justify-between font-sans gap-3 my-4\">\n<div class=\"space-y-0.5\">\n<p><a href=\"https:\/\/noticiasemdestaque.com\/cd\/wp-content\/uploads\/2026\/09\/17882806236a96ff2f5ffae_1788280623_3x2_md.jpg\"><img fetchpriority=\"high\" decoding=\"async\" class=\" wp-image-81518 aligncenter\" src=\"https:\/\/noticiasemdestaque.com\/cd\/wp-content\/uploads\/2026\/09\/17882806236a96ff2f5ffae_1788280623_3x2_md-300x200.jpg\" alt=\"\" width=\"705\" height=\"470\" srcset=\"https:\/\/noticiasemdestaque.com\/cd\/wp-content\/uploads\/2026\/09\/17882806236a96ff2f5ffae_1788280623_3x2_md-300x200.jpg 300w, https:\/\/noticiasemdestaque.com\/cd\/wp-content\/uploads\/2026\/09\/17882806236a96ff2f5ffae_1788280623_3x2_md.jpg 768w\" sizes=\"(max-width: 705px) 100vw, 705px\" \/><\/a><\/p>\n<p>O ministro Dias Toffoli, do\u00a0Tribunal Superior Eleitoral (TSE), liberou as redes sociais, os repasses do Fundo Eleitoral e a participa\u00e7\u00e3o do candidato \u00e0 Presid\u00eancia Renan Santos (Miss\u00e3o)\u00a0em debates.<\/p>\n<p>Em decis\u00e3o proferida nesta ter\u00e7a-feira (1\u00ba\/9), Toffoli determinou que as plataformas restabele\u00e7am, em at\u00e9 duas horas, os perfis cadastrados pela campanha.<\/p>\n<p>As contas, por\u00e9m,\u00a0continuar\u00e3o exclu\u00eddas dos sistemas de recomenda\u00e7\u00e3o de conte\u00fado.\u00a0Tamb\u00e9m foi mantida a determina\u00e7\u00e3o para que as plataformas preservem os registros de acesso.<\/p>\n<p>As restri\u00e7\u00f5es\u00a0haviam sido impostas por Toffoli no domingo (30\/8), depois que Renan informou 16 perfis nas redes sociais, com 12 dias de atraso.<\/p>\n<p>Segundo Toffoli, a coleta realizada pelo TSE nas redes de Renan resultou em mais de mil p\u00e1ginas.<\/p>\n<p>Ap\u00f3s as informa\u00e7\u00f5es prestadas pelas plataformas e pelo candidato, o ministro considerou\u00a0\u201cintegralmente atendida\u201d\u00a0a finalidade das medidas cautelares.<\/p>\n<p>O ministro\u00a0tamb\u00e9m deu 24 horas para que a Procuradoria-Geral Eleitoral se manifeste e avalie a ado\u00e7\u00e3o de medidas relacionadas a eventuais infra\u00e7\u00f5es eleitorais e criminais.<\/p>\n<p>A reportagem procurou a campanha do candidato e aguarda retorno.<\/p>\n<p><strong>Presid\u00eancia<\/strong><\/p>\n<p>Na decis\u00e3o inicial, proferida no domingo, Toffoli argumentou que Renan se beneficiou ao deixar de informar os perfis nas redes sociais dentro do prazo.<\/p>\n<blockquote><p>\u201cO candidato estava previamente ciente de que deveria informar os endere\u00e7os e de que somente poderia utiliz\u00e1-los na campanha ap\u00f3s 48 horas de seu registro pelo Tribunal Superior Eleitoral. Violou frontalmente a obriga\u00e7\u00e3o. Os benef\u00edcios j\u00e1 auferidos s\u00e3o irrevers\u00edveis\u201d, afirmou o ministro.<\/p>\n<p>Toffoli prosseguiu: \u201cJustifica-se, portanto, que, at\u00e9 o esclarecimento da situa\u00e7\u00e3o de cada perfil e da an\u00e1lise de eventual justificativa para a omiss\u00e3o, seja integralmente suspensa a utiliza\u00e7\u00e3o dos perfis de redes sociais arrolados a destempo, bem como de qualquer outras, para a realiza\u00e7\u00e3o de campanha na internet\u201d.<\/p><\/blockquote>\n<p><strong>Not\u00edcias em Destaque<\/strong><\/p>\n<\/div>\n<\/div>\n<p style=\"text-align: right;\"><em>Fonte: Metr\u00f3poles<\/em><\/p>\n","protected":false},"excerpt":{"rendered":"<p>O ministro Dias Toffoli, do\u00a0Tribunal Superior Eleitoral (TSE), liberou as redes sociais, os repasses do Fundo Eleitoral e a participa\u00e7\u00e3o do candidato \u00e0 Presid\u00eancia Renan Santos (Miss\u00e3o)\u00a0em debates. Em decis\u00e3o proferida nesta ter\u00e7a-feira (1\u00ba\/9), Toffoli determinou que as plataformas restabele\u00e7am, em at\u00e9 duas horas, os perfis cadastrados pela campanha. As contas, por\u00e9m,\u00a0continuar\u00e3o exclu\u00eddas dos sistemas de recomenda\u00e7\u00e3o de conte\u00fado.\u00a0Tamb\u00e9m foi mantida a determina\u00e7\u00e3o para que as plataformas preservem os registros de acesso. As restri\u00e7\u00f5es\u00a0haviam sido impostas por Toffoli no domingo (30\/8), depois que Renan informou 16 perfis nas redes sociais, com 12 dias de atraso. Segundo Toffoli, a coleta realizada pelo TSE nas redes de Renan resultou em mais de mil p\u00e1ginas. Ap\u00f3s as informa\u00e7\u00f5es prestadas pelas plataformas e pelo candidato, o ministro considerou\u00a0\u201cintegralmente atendida\u201d\u00a0a finalidade das medidas cautelares. O ministro\u00a0tamb\u00e9m deu 24 horas para que a Procuradoria-Geral Eleitoral se manifeste e avalie a ado\u00e7\u00e3o de medidas relacionadas a eventuais infra\u00e7\u00f5es eleitorais e criminais. A reportagem procurou a campanha do candidato e aguarda retorno. Presid\u00eancia Na decis\u00e3o inicial, proferida no domingo, Toffoli argumentou que Renan se beneficiou ao deixar de informar os perfis nas redes sociais dentro do prazo. \u201cO candidato estava previamente ciente de que deveria informar os endere\u00e7os e de que somente poderia utiliz\u00e1-los na campanha ap\u00f3s 48 horas de seu registro pelo Tribunal Superior Eleitoral. Violou frontalmente a obriga\u00e7\u00e3o. Os benef\u00edcios j\u00e1 auferidos s\u00e3o irrevers\u00edveis\u201d, afirmou o ministro. Toffoli prosseguiu: \u201cJustifica-se, portanto, que, at\u00e9 o esclarecimento da situa\u00e7\u00e3o de cada perfil e da an\u00e1lise de eventual justificativa para a omiss\u00e3o, seja integralmente suspensa a utiliza\u00e7\u00e3o dos perfis de redes sociais arrolados a destempo, bem como de qualquer outras, para a realiza\u00e7\u00e3o de campanha na internet\u201d. Not\u00edcias em Destaque Fonte: Metr\u00f3poles<\/p>\n","protected":false},"author":2,"featured_media":81518,"comment_status":"closed","ping_status":"closed","sticky":false,"template":"","format":"standard","meta":{"_eb_attr":"","_jetpack_memberships_contains_paid_content":false,"footnotes":""},"categories":[4],"tags":[],"class_list":["post-81517","post","type-post","status-publish","format-standard","has-post-thumbnail","hentry","category-politica"],"yoast_head":"<!-- This site is optimized with the Yoast SEO plugin v26.5 - https:\/\/yoast.com\/wordpress\/plugins\/seo\/ -->\n<title>Toffoli revoga decis\u00e3o que restringiu campanha de Renan Santos - Not&iacute;cias em Destaque<\/title>\n<meta name=\"robots\" content=\"index, follow, max-snippet:-1, max-image-preview:large, max-video-preview:-1\" \/>\n<link rel=\"canonical\" href=\"https:\/\/noticiasemdestaque.com\/cd\/?p=81517\" \/>\n<meta property=\"og:locale\" content=\"pt_BR\" \/>\n<meta property=\"og:type\" content=\"article\" \/>\n<meta property=\"og:title\" content=\"Toffoli revoga decis\u00e3o que restringiu campanha de Renan Santos - Not&iacute;cias em Destaque\" \/>\n<meta property=\"og:description\" content=\"O ministro Dias Toffoli, do\u00a0Tribunal Superior Eleitoral (TSE), liberou as redes sociais, os repasses do Fundo Eleitoral e a participa\u00e7\u00e3o do candidato \u00e0 Presid\u00eancia Renan Santos (Miss\u00e3o)\u00a0em debates. Em decis\u00e3o proferida nesta ter\u00e7a-feira (1\u00ba\/9), Toffoli determinou que as plataformas restabele\u00e7am, em at\u00e9 duas horas, os perfis cadastrados pela campanha. As contas, por\u00e9m,\u00a0continuar\u00e3o exclu\u00eddas dos sistemas de recomenda\u00e7\u00e3o de conte\u00fado.\u00a0Tamb\u00e9m foi mantida a determina\u00e7\u00e3o para que as plataformas preservem os registros de acesso. As restri\u00e7\u00f5es\u00a0haviam sido impostas por Toffoli no domingo (30\/8), depois que Renan informou 16 perfis nas redes sociais, com 12 dias de atraso. Segundo Toffoli, a coleta realizada pelo TSE nas redes de Renan resultou em mais de mil p\u00e1ginas. Ap\u00f3s as informa\u00e7\u00f5es prestadas pelas plataformas e pelo candidato, o ministro considerou\u00a0\u201cintegralmente atendida\u201d\u00a0a finalidade das medidas cautelares. O ministro\u00a0tamb\u00e9m deu 24 horas para que a Procuradoria-Geral Eleitoral se manifeste e avalie a ado\u00e7\u00e3o de medidas relacionadas a eventuais infra\u00e7\u00f5es eleitorais e criminais. A reportagem procurou a campanha do candidato e aguarda retorno. Presid\u00eancia Na decis\u00e3o inicial, proferida no domingo, Toffoli argumentou que Renan se beneficiou ao deixar de informar os perfis nas redes sociais dentro do prazo. \u201cO candidato estava previamente ciente de que deveria informar os endere\u00e7os e de que somente poderia utiliz\u00e1-los na campanha ap\u00f3s 48 horas de seu registro pelo Tribunal Superior Eleitoral. Violou frontalmente a obriga\u00e7\u00e3o. Os benef\u00edcios j\u00e1 auferidos s\u00e3o irrevers\u00edveis\u201d, afirmou o ministro. Toffoli prosseguiu: \u201cJustifica-se, portanto, que, at\u00e9 o esclarecimento da situa\u00e7\u00e3o de cada perfil e da an\u00e1lise de eventual justificativa para a omiss\u00e3o, seja integralmente suspensa a utiliza\u00e7\u00e3o dos perfis de redes sociais arrolados a destempo, bem como de qualquer outras, para a realiza\u00e7\u00e3o de campanha na internet\u201d. Not\u00edcias em Destaque Fonte: Metr\u00f3poles\" \/>\n<meta property=\"og:url\" content=\"https:\/\/noticiasemdestaque.com\/cd\/?p=81517\" \/>\n<meta property=\"og:site_name\" content=\"Not&iacute;cias em Destaque\" \/>\n<meta property=\"article:published_time\" content=\"2026-09-02T11:15:16+00:00\" \/>\n<meta property=\"og:image\" content=\"https:\/\/noticiasemdestaque.com\/cd\/wp-content\/uploads\/2026\/09\/17882806236a96ff2f5ffae_1788280623_3x2_md.jpg\" \/>\n\t<meta property=\"og:image:width\" content=\"768\" \/>\n\t<meta property=\"og:image:height\" content=\"512\" \/>\n\t<meta property=\"og:image:type\" content=\"image\/jpeg\" \/>\n<meta name=\"author\" content=\"Not\u00edcias em Destaque\" \/>\n<meta name=\"twitter:card\" content=\"summary_large_image\" \/>\n<meta name=\"twitter:label1\" content=\"Escrito por\" \/>\n\t<meta name=\"twitter:data1\" content=\"Not\u00edcias em Destaque\" \/>\n\t<meta name=\"twitter:label2\" content=\"Est. tempo de leitura\" \/>\n\t<meta name=\"twitter:data2\" content=\"2 minutos\" \/>\n<script type=\"application\/ld+json\" class=\"yoast-schema-graph\">{\"@context\":\"https:\/\/schema.org\",\"@graph\":[{\"@type\":\"Article\",\"@id\":\"https:\/\/noticiasemdestaque.com\/cd\/?p=81517#article\",\"isPartOf\":{\"@id\":\"https:\/\/noticiasemdestaque.com\/cd\/?p=81517\"},\"author\":{\"name\":\"Not\u00edcias em Destaque\",\"@id\":\"https:\/\/noticiasemdestaque.com\/cd\/#\/schema\/person\/a978acbbda55eca5b71ccb9421897bb0\"},\"headline\":\"Toffoli revoga decis\u00e3o que restringiu campanha de Renan Santos\",\"datePublished\":\"2026-09-02T11:15:16+00:00\",\"mainEntityOfPage\":{\"@id\":\"https:\/\/noticiasemdestaque.com\/cd\/?p=81517\"},\"wordCount\":330,\"publisher\":{\"@id\":\"https:\/\/noticiasemdestaque.com\/cd\/#organization\"},\"image\":{\"@id\":\"https:\/\/noticiasemdestaque.com\/cd\/?p=81517#primaryimage\"},\"thumbnailUrl\":\"https:\/\/noticiasemdestaque.com\/cd\/wp-content\/uploads\/2026\/09\/17882806236a96ff2f5ffae_1788280623_3x2_md.jpg\",\"articleSection\":[\"Pol\u00edtica\"],\"inLanguage\":\"pt-BR\"},{\"@type\":\"WebPage\",\"@id\":\"https:\/\/noticiasemdestaque.com\/cd\/?p=81517\",\"url\":\"https:\/\/noticiasemdestaque.com\/cd\/?p=81517\",\"name\":\"Toffoli revoga decis\u00e3o que restringiu campanha de Renan Santos - Not&iacute;cias em Destaque\",\"isPartOf\":{\"@id\":\"https:\/\/noticiasemdestaque.com\/cd\/#website\"},\"primaryImageOfPage\":{\"@id\":\"https:\/\/noticiasemdestaque.com\/cd\/?p=81517#primaryimage\"},\"image\":{\"@id\":\"https:\/\/noticiasemdestaque.com\/cd\/?p=81517#primaryimage\"},\"thumbnailUrl\":\"https:\/\/noticiasemdestaque.com\/cd\/wp-content\/uploads\/2026\/09\/17882806236a96ff2f5ffae_1788280623_3x2_md.jpg\",\"datePublished\":\"2026-09-02T11:15:16+00:00\",\"breadcrumb\":{\"@id\":\"https:\/\/noticiasemdestaque.com\/cd\/?p=81517#breadcrumb\"},\"inLanguage\":\"pt-BR\",\"potentialAction\":[{\"@type\":\"ReadAction\",\"target\":[\"https:\/\/noticiasemdestaque.com\/cd\/?p=81517\"]}]},{\"@type\":\"ImageObject\",\"inLanguage\":\"pt-BR\",\"@id\":\"https:\/\/noticiasemdestaque.com\/cd\/?p=81517#primaryimage\",\"url\":\"https:\/\/noticiasemdestaque.com\/cd\/wp-content\/uploads\/2026\/09\/17882806236a96ff2f5ffae_1788280623_3x2_md.jpg\",\"contentUrl\":\"https:\/\/noticiasemdestaque.com\/cd\/wp-content\/uploads\/2026\/09\/17882806236a96ff2f5ffae_1788280623_3x2_md.jpg\",\"width\":768,\"height\":512},{\"@type\":\"BreadcrumbList\",\"@id\":\"https:\/\/noticiasemdestaque.com\/cd\/?p=81517#breadcrumb\",\"itemListElement\":[{\"@type\":\"ListItem\",\"position\":1,\"name\":\"In\u00edcio\",\"item\":\"https:\/\/noticiasemdestaque.com\/cd\/\"},{\"@type\":\"ListItem\",\"position\":2,\"name\":\"Toffoli revoga decis\u00e3o que restringiu campanha de Renan Santos\"}]},{\"@type\":\"WebSite\",\"@id\":\"https:\/\/noticiasemdestaque.com\/cd\/#website\",\"url\":\"https:\/\/noticiasemdestaque.com\/cd\/\",\"name\":\"Not&iacute;cias em Destaque\",\"description\":\"\",\"publisher\":{\"@id\":\"https:\/\/noticiasemdestaque.com\/cd\/#organization\"},\"potentialAction\":[{\"@type\":\"SearchAction\",\"target\":{\"@type\":\"EntryPoint\",\"urlTemplate\":\"https:\/\/noticiasemdestaque.com\/cd\/?s={search_term_string}\"},\"query-input\":{\"@type\":\"PropertyValueSpecification\",\"valueRequired\":true,\"valueName\":\"search_term_string\"}}],\"inLanguage\":\"pt-BR\"},{\"@type\":\"Organization\",\"@id\":\"https:\/\/noticiasemdestaque.com\/cd\/#organization\",\"name\":\"Not\u00edcias em Destaque\",\"url\":\"https:\/\/noticiasemdestaque.com\/cd\/\",\"logo\":{\"@type\":\"ImageObject\",\"inLanguage\":\"pt-BR\",\"@id\":\"https:\/\/noticiasemdestaque.com\/cd\/#\/schema\/logo\/image\/\",\"url\":\"https:\/\/noticiasemdestaque.com\/cd\/wp-content\/uploads\/2022\/05\/imagem-base-noticiasemdestaque.png\",\"contentUrl\":\"https:\/\/noticiasemdestaque.com\/cd\/wp-content\/uploads\/2022\/05\/imagem-base-noticiasemdestaque.png\",\"width\":1200,\"height\":630,\"caption\":\"Not\u00edcias em Destaque\"},\"image\":{\"@id\":\"https:\/\/noticiasemdestaque.com\/cd\/#\/schema\/logo\/image\/\"}},{\"@type\":\"Person\",\"@id\":\"https:\/\/noticiasemdestaque.com\/cd\/#\/schema\/person\/a978acbbda55eca5b71ccb9421897bb0\",\"name\":\"Not\u00edcias em Destaque\",\"url\":\"https:\/\/noticiasemdestaque.com\/cd\/?author=2\"}]}<\/script>\n<!-- \/ Yoast SEO plugin. -->","yoast_head_json":{"title":"Toffoli revoga decis\u00e3o que restringiu campanha de Renan Santos - Not&iacute;cias em Destaque","robots":{"index":"index","follow":"follow","max-snippet":"max-snippet:-1","max-image-preview":"max-image-preview:large","max-video-preview":"max-video-preview:-1"},"canonical":"https:\/\/noticiasemdestaque.com\/cd\/?p=81517","og_locale":"pt_BR","og_type":"article","og_title":"Toffoli revoga decis\u00e3o que restringiu campanha de Renan Santos - Not&iacute;cias em Destaque","og_description":"O ministro Dias Toffoli, do\u00a0Tribunal Superior Eleitoral (TSE), liberou as redes sociais, os repasses do Fundo Eleitoral e a participa\u00e7\u00e3o do candidato \u00e0 Presid\u00eancia Renan Santos (Miss\u00e3o)\u00a0em debates. Em decis\u00e3o proferida nesta ter\u00e7a-feira (1\u00ba\/9), Toffoli determinou que as plataformas restabele\u00e7am, em at\u00e9 duas horas, os perfis cadastrados pela campanha. As contas, por\u00e9m,\u00a0continuar\u00e3o exclu\u00eddas dos sistemas de recomenda\u00e7\u00e3o de conte\u00fado.\u00a0Tamb\u00e9m foi mantida a determina\u00e7\u00e3o para que as plataformas preservem os registros de acesso. As restri\u00e7\u00f5es\u00a0haviam sido impostas por Toffoli no domingo (30\/8), depois que Renan informou 16 perfis nas redes sociais, com 12 dias de atraso. Segundo Toffoli, a coleta realizada pelo TSE nas redes de Renan resultou em mais de mil p\u00e1ginas. Ap\u00f3s as informa\u00e7\u00f5es prestadas pelas plataformas e pelo candidato, o ministro considerou\u00a0\u201cintegralmente atendida\u201d\u00a0a finalidade das medidas cautelares. O ministro\u00a0tamb\u00e9m deu 24 horas para que a Procuradoria-Geral Eleitoral se manifeste e avalie a ado\u00e7\u00e3o de medidas relacionadas a eventuais infra\u00e7\u00f5es eleitorais e criminais. A reportagem procurou a campanha do candidato e aguarda retorno. Presid\u00eancia Na decis\u00e3o inicial, proferida no domingo, Toffoli argumentou que Renan se beneficiou ao deixar de informar os perfis nas redes sociais dentro do prazo. \u201cO candidato estava previamente ciente de que deveria informar os endere\u00e7os e de que somente poderia utiliz\u00e1-los na campanha ap\u00f3s 48 horas de seu registro pelo Tribunal Superior Eleitoral. Violou frontalmente a obriga\u00e7\u00e3o. Os benef\u00edcios j\u00e1 auferidos s\u00e3o irrevers\u00edveis\u201d, afirmou o ministro. Toffoli prosseguiu: \u201cJustifica-se, portanto, que, at\u00e9 o esclarecimento da situa\u00e7\u00e3o de cada perfil e da an\u00e1lise de eventual justificativa para a omiss\u00e3o, seja integralmente suspensa a utiliza\u00e7\u00e3o dos perfis de redes sociais arrolados a destempo, bem como de qualquer outras, para a realiza\u00e7\u00e3o de campanha na internet\u201d. Not\u00edcias em Destaque Fonte: Metr\u00f3poles","og_url":"https:\/\/noticiasemdestaque.com\/cd\/?p=81517","og_site_name":"Not&iacute;cias em Destaque","article_published_time":"2026-09-02T11:15:16+00:00","og_image":[{"width":768,"height":512,"url":"https:\/\/noticiasemdestaque.com\/cd\/wp-content\/uploads\/2026\/09\/17882806236a96ff2f5ffae_1788280623_3x2_md.jpg","type":"image\/jpeg"}],"author":"Not\u00edcias em Destaque","twitter_card":"summary_large_image","twitter_misc":{"Escrito por":"Not\u00edcias em Destaque","Est. tempo de leitura":"2 minutos"},"schema":{"@context":"https:\/\/schema.org","@graph":[{"@type":"Article","@id":"https:\/\/noticiasemdestaque.com\/cd\/?p=81517#article","isPartOf":{"@id":"https:\/\/noticiasemdestaque.com\/cd\/?p=81517"},"author":{"name":"Not\u00edcias em Destaque","@id":"https:\/\/noticiasemdestaque.com\/cd\/#\/schema\/person\/a978acbbda55eca5b71ccb9421897bb0"},"headline":"Toffoli revoga decis\u00e3o que restringiu campanha de Renan Santos","datePublished":"2026-09-02T11:15:16+00:00","mainEntityOfPage":{"@id":"https:\/\/noticiasemdestaque.com\/cd\/?p=81517"},"wordCount":330,"publisher":{"@id":"https:\/\/noticiasemdestaque.com\/cd\/#organization"},"image":{"@id":"https:\/\/noticiasemdestaque.com\/cd\/?p=81517#primaryimage"},"thumbnailUrl":"https:\/\/noticiasemdestaque.com\/cd\/wp-content\/uploads\/2026\/09\/17882806236a96ff2f5ffae_1788280623_3x2_md.jpg","articleSection":["Pol\u00edtica"],"inLanguage":"pt-BR"},{"@type":"WebPage","@id":"https:\/\/noticiasemdestaque.com\/cd\/?p=81517","url":"https:\/\/noticiasemdestaque.com\/cd\/?p=81517","name":"Toffoli revoga decis\u00e3o que restringiu campanha de Renan Santos - Not&iacute;cias em Destaque","isPartOf":{"@id":"https:\/\/noticiasemdestaque.com\/cd\/#website"},"primaryImageOfPage":{"@id":"https:\/\/noticiasemdestaque.com\/cd\/?p=81517#primaryimage"},"image":{"@id":"https:\/\/noticiasemdestaque.com\/cd\/?p=81517#primaryimage"},"thumbnailUrl":"https:\/\/noticiasemdestaque.com\/cd\/wp-content\/uploads\/2026\/09\/17882806236a96ff2f5ffae_1788280623_3x2_md.jpg","datePublished":"2026-09-02T11:15:16+00:00","breadcrumb":{"@id":"https:\/\/noticiasemdestaque.com\/cd\/?p=81517#breadcrumb"},"inLanguage":"pt-BR","potentialAction":[{"@type":"ReadAction","target":["https:\/\/noticiasemdestaque.com\/cd\/?p=81517"]}]},{"@type":"ImageObject","inLanguage":"pt-BR","@id":"https:\/\/noticiasemdestaque.com\/cd\/?p=81517#primaryimage","url":"https:\/\/noticiasemdestaque.com\/cd\/wp-content\/uploads\/2026\/09\/17882806236a96ff2f5ffae_1788280623_3x2_md.jpg","contentUrl":"https:\/\/noticiasemdestaque.com\/cd\/wp-content\/uploads\/2026\/09\/17882806236a96ff2f5ffae_1788280623_3x2_md.jpg","width":768,"height":512},{"@type":"BreadcrumbList","@id":"https:\/\/noticiasemdestaque.com\/cd\/?p=81517#breadcrumb","itemListElement":[{"@type":"ListItem","position":1,"name":"In\u00edcio","item":"https:\/\/noticiasemdestaque.com\/cd\/"},{"@type":"ListItem","position":2,"name":"Toffoli revoga decis\u00e3o que restringiu campanha de Renan Santos"}]},{"@type":"WebSite","@id":"https:\/\/noticiasemdestaque.com\/cd\/#website","url":"https:\/\/noticiasemdestaque.com\/cd\/","name":"Not&iacute;cias em Destaque","description":"","publisher":{"@id":"https:\/\/noticiasemdestaque.com\/cd\/#organization"},"potentialAction":[{"@type":"SearchAction","target":{"@type":"EntryPoint","urlTemplate":"https:\/\/noticiasemdestaque.com\/cd\/?s={search_term_string}"},"query-input":{"@type":"PropertyValueSpecification","valueRequired":true,"valueName":"search_term_string"}}],"inLanguage":"pt-BR"},{"@type":"Organization","@id":"https:\/\/noticiasemdestaque.com\/cd\/#organization","name":"Not\u00edcias em Destaque","url":"https:\/\/noticiasemdestaque.com\/cd\/","logo":{"@type":"ImageObject","inLanguage":"pt-BR","@id":"https:\/\/noticiasemdestaque.com\/cd\/#\/schema\/logo\/image\/","url":"https:\/\/noticiasemdestaque.com\/cd\/wp-content\/uploads\/2022\/05\/imagem-base-noticiasemdestaque.png","contentUrl":"https:\/\/noticiasemdestaque.com\/cd\/wp-content\/uploads\/2022\/05\/imagem-base-noticiasemdestaque.png","width":1200,"height":630,"caption":"Not\u00edcias em Destaque"},"image":{"@id":"https:\/\/noticiasemdestaque.com\/cd\/#\/schema\/logo\/image\/"}},{"@type":"Person","@id":"https:\/\/noticiasemdestaque.com\/cd\/#\/schema\/person\/a978acbbda55eca5b71ccb9421897bb0","name":"Not\u00edcias em Destaque","url":"https:\/\/noticiasemdestaque.com\/cd\/?author=2"}]}},"jetpack_featured_media_url":"https:\/\/noticiasemdestaque.com\/cd\/wp-content\/uploads\/2026\/09\/17882806236a96ff2f5ffae_1788280623_3x2_md.jpg","jetpack_sharing_enabled":true,"_links":{"self":[{"href":"https:\/\/noticiasemdestaque.com\/cd\/index.php?rest_route=\/wp\/v2\/posts\/81517","targetHints":{"allow":["GET"]}}],"collection":[{"href":"https:\/\/noticiasemdestaque.com\/cd\/index.php?rest_route=\/wp\/v2\/posts"}],"about":[{"href":"https:\/\/noticiasemdestaque.com\/cd\/index.php?rest_route=\/wp\/v2\/types\/post"}],"author":[{"embeddable":true,"href":"https:\/\/noticiasemdestaque.com\/cd\/index.php?rest_route=\/wp\/v2\/users\/2"}],"replies":[{"embeddable":true,"href":"https:\/\/noticiasemdestaque.com\/cd\/index.php?rest_route=%2Fwp%2Fv2%2Fcomments&post=81517"}],"version-history":[{"count":1,"href":"https:\/\/noticiasemdestaque.com\/cd\/index.php?rest_route=\/wp\/v2\/posts\/81517\/revisions"}],"predecessor-version":[{"id":81519,"href":"https:\/\/noticiasemdestaque.com\/cd\/index.php?rest_route=\/wp\/v2\/posts\/81517\/revisions\/81519"}],"wp:featuredmedia":[{"embeddable":true,"href":"https:\/\/noticiasemdestaque.com\/cd\/index.php?rest_route=\/wp\/v2\/media\/81518"}],"wp:attachment":[{"href":"https:\/\/noticiasemdestaque.com\/cd\/index.php?rest_route=%2Fwp%2Fv2%2Fmedia&parent=81517"}],"wp:term":[{"taxonomy":"category","embeddable":true,"href":"https:\/\/noticiasemdestaque.com\/cd\/index.php?rest_route=%2Fwp%2Fv2%2Fcategories&post=81517"},{"taxonomy":"post_tag","embeddable":true,"href":"https:\/\/noticiasemdestaque.com\/cd\/index.php?rest_route=%2Fwp%2Fv2%2Ftags&post=81517"}],"curies":[{"name":"wp","href":"https:\/\/api.w.org\/{rel}","templated":true}]}}