{"id":81505,"date":"2026-09-02T07:57:06","date_gmt":"2026-09-02T10:57:06","guid":{"rendered":"https:\/\/noticiasemdestaque.com\/cd\/?p=81505"},"modified":"2026-09-02T07:57:06","modified_gmt":"2026-09-02T10:57:06","slug":"ex-cantor-da-banda-calcinha-preta-rogerio-valenca-morre-aos-55-anos","status":"publish","type":"post","link":"https:\/\/noticiasemdestaque.com\/cd\/?p=81505","title":{"rendered":"Ex-cantor da Banda Calcinha Preta, Rog\u00e9rio Valen\u00e7a morre aos 55 anos"},"content":{"rendered":"<p><a href=\"https:\/\/noticiasemdestaque.com\/cd\/wp-content\/uploads\/2026\/09\/Vocalista-da-banda-Calcinha-Preta-.jpg\"><img fetchpriority=\"high\" decoding=\"async\" class=\" wp-image-81506 aligncenter\" src=\"https:\/\/noticiasemdestaque.com\/cd\/wp-content\/uploads\/2026\/09\/Vocalista-da-banda-Calcinha-Preta--300x184.jpg\" alt=\"\" width=\"866\" height=\"531\" srcset=\"https:\/\/noticiasemdestaque.com\/cd\/wp-content\/uploads\/2026\/09\/Vocalista-da-banda-Calcinha-Preta--300x184.jpg 300w, https:\/\/noticiasemdestaque.com\/cd\/wp-content\/uploads\/2026\/09\/Vocalista-da-banda-Calcinha-Preta--768x471.jpg 768w, https:\/\/noticiasemdestaque.com\/cd\/wp-content\/uploads\/2026\/09\/Vocalista-da-banda-Calcinha-Preta-.jpg 772w\" sizes=\"(max-width: 866px) 100vw, 866px\" \/><\/a><\/p>\n<p>O cantor Rog\u00e9rio Valen\u00e7a morreu aos 55 anos nesta segunda-feira (31), em Aracaju.O ex-vocalista das bandas Calcinha Preta e Caviar com Rapadura tratava uma insufici\u00eancia renal e aguardava um transplante de rim. N\u00e3o h\u00e1 informa\u00e7\u00e3o sobre a causa da morte.<\/p>\n<p>O vel\u00f3rio \u00e9 realizado na Rua Laranjeiras, no Centro da capital sergipana. O corpo ser\u00e1 levado para sepultamento em sua cidade natal, em Pernambuco.<\/p>\n<p>Natural de Garanhuns (PE), o cantor atualmente se apresentava no grupo Raio da Silibrina e morava em Sergipe.<\/p>\n<blockquote><p>Nas redes sociais, a Banda raio da Silibrina publicou nota de pesar : \u201cFicam a saudade, as lembran\u00e7as dos momentos vividos e a gratid\u00e3o por tudo que ele representou.Que Deus conforte o cora\u00e7\u00e3o de toda a fam\u00edlia, amigos e de todos que est\u00e3o sentindo essa perda\u201d, escreveu.<\/p><\/blockquote>\n<p><strong>Not\u00edcias em Destaque<\/strong><\/p>\n<p style=\"text-align: right;\"><em>Fonte: MaisPB<\/em><\/p>\n","protected":false},"excerpt":{"rendered":"<p>O cantor Rog\u00e9rio Valen\u00e7a morreu aos 55 anos nesta segunda-feira (31), em Aracaju.O ex-vocalista das bandas Calcinha Preta e Caviar com Rapadura tratava uma insufici\u00eancia renal e aguardava um transplante de rim. N\u00e3o h\u00e1 informa\u00e7\u00e3o sobre a causa da morte. O vel\u00f3rio \u00e9 realizado na Rua Laranjeiras, no Centro da capital sergipana. O corpo ser\u00e1 levado para sepultamento em sua cidade natal, em Pernambuco. Natural de Garanhuns (PE), o cantor atualmente se apresentava no grupo Raio da Silibrina e morava em Sergipe. Nas redes sociais, a Banda raio da Silibrina publicou nota de pesar : \u201cFicam a saudade, as lembran\u00e7as dos momentos vividos e a gratid\u00e3o por tudo que ele representou.Que Deus conforte o cora\u00e7\u00e3o de toda a fam\u00edlia, amigos e de todos que est\u00e3o sentindo essa perda\u201d, escreveu. Not\u00edcias em Destaque Fonte: MaisPB<\/p>\n","protected":false},"author":2,"featured_media":81506,"comment_status":"closed","ping_status":"closed","sticky":false,"template":"","format":"standard","meta":{"_eb_attr":"","_jetpack_memberships_contains_paid_content":false,"footnotes":""},"categories":[12],"tags":[],"class_list":["post-81505","post","type-post","status-publish","format-standard","has-post-thumbnail","hentry","category-geral"],"yoast_head":"<!-- This site is optimized with the Yoast SEO plugin v26.5 - https:\/\/yoast.com\/wordpress\/plugins\/seo\/ -->\n<title>Ex-cantor da Banda Calcinha Preta, Rog\u00e9rio Valen\u00e7a morre aos 55 anos - Not&iacute;cias em Destaque<\/title>\n<meta name=\"robots\" content=\"index, follow, max-snippet:-1, max-image-preview:large, max-video-preview:-1\" \/>\n<link rel=\"canonical\" href=\"https:\/\/noticiasemdestaque.com\/cd\/?p=81505\" \/>\n<meta property=\"og:locale\" content=\"pt_BR\" \/>\n<meta property=\"og:type\" content=\"article\" \/>\n<meta property=\"og:title\" content=\"Ex-cantor da Banda Calcinha Preta, Rog\u00e9rio Valen\u00e7a morre aos 55 anos - Not&iacute;cias em Destaque\" \/>\n<meta property=\"og:description\" content=\"O cantor Rog\u00e9rio Valen\u00e7a morreu aos 55 anos nesta segunda-feira (31), em Aracaju.O ex-vocalista das bandas Calcinha Preta e Caviar com Rapadura tratava uma insufici\u00eancia renal e aguardava um transplante de rim. N\u00e3o h\u00e1 informa\u00e7\u00e3o sobre a causa da morte. O vel\u00f3rio \u00e9 realizado na Rua Laranjeiras, no Centro da capital sergipana. O corpo ser\u00e1 levado para sepultamento em sua cidade natal, em Pernambuco. Natural de Garanhuns (PE), o cantor atualmente se apresentava no grupo Raio da Silibrina e morava em Sergipe. Nas redes sociais, a Banda raio da Silibrina publicou nota de pesar : \u201cFicam a saudade, as lembran\u00e7as dos momentos vividos e a gratid\u00e3o por tudo que ele representou.Que Deus conforte o cora\u00e7\u00e3o de toda a fam\u00edlia, amigos e de todos que est\u00e3o sentindo essa perda\u201d, escreveu. Not\u00edcias em Destaque Fonte: MaisPB\" \/>\n<meta property=\"og:url\" content=\"https:\/\/noticiasemdestaque.com\/cd\/?p=81505\" \/>\n<meta property=\"og:site_name\" content=\"Not&iacute;cias em Destaque\" \/>\n<meta property=\"article:published_time\" content=\"2026-09-02T10:57:06+00:00\" \/>\n<meta property=\"og:image\" content=\"https:\/\/noticiasemdestaque.com\/cd\/wp-content\/uploads\/2026\/09\/Vocalista-da-banda-Calcinha-Preta-.jpg\" \/>\n\t<meta property=\"og:image:width\" content=\"772\" \/>\n\t<meta property=\"og:image:height\" content=\"473\" \/>\n\t<meta property=\"og:image:type\" content=\"image\/jpeg\" \/>\n<meta name=\"author\" content=\"Not\u00edcias em Destaque\" \/>\n<meta name=\"twitter:card\" content=\"summary_large_image\" \/>\n<meta name=\"twitter:label1\" content=\"Escrito por\" \/>\n\t<meta name=\"twitter:data1\" content=\"Not\u00edcias em Destaque\" \/>\n\t<meta name=\"twitter:label2\" content=\"Est. tempo de leitura\" \/>\n\t<meta name=\"twitter:data2\" content=\"1 minuto\" \/>\n<script type=\"application\/ld+json\" class=\"yoast-schema-graph\">{\"@context\":\"https:\/\/schema.org\",\"@graph\":[{\"@type\":\"Article\",\"@id\":\"https:\/\/noticiasemdestaque.com\/cd\/?p=81505#article\",\"isPartOf\":{\"@id\":\"https:\/\/noticiasemdestaque.com\/cd\/?p=81505\"},\"author\":{\"name\":\"Not\u00edcias em Destaque\",\"@id\":\"https:\/\/noticiasemdestaque.com\/cd\/#\/schema\/person\/a978acbbda55eca5b71ccb9421897bb0\"},\"headline\":\"Ex-cantor da Banda Calcinha Preta, Rog\u00e9rio Valen\u00e7a morre aos 55 anos\",\"datePublished\":\"2026-09-02T10:57:06+00:00\",\"mainEntityOfPage\":{\"@id\":\"https:\/\/noticiasemdestaque.com\/cd\/?p=81505\"},\"wordCount\":156,\"publisher\":{\"@id\":\"https:\/\/noticiasemdestaque.com\/cd\/#organization\"},\"image\":{\"@id\":\"https:\/\/noticiasemdestaque.com\/cd\/?p=81505#primaryimage\"},\"thumbnailUrl\":\"https:\/\/noticiasemdestaque.com\/cd\/wp-content\/uploads\/2026\/09\/Vocalista-da-banda-Calcinha-Preta-.jpg\",\"articleSection\":[\"Geral\"],\"inLanguage\":\"pt-BR\"},{\"@type\":\"WebPage\",\"@id\":\"https:\/\/noticiasemdestaque.com\/cd\/?p=81505\",\"url\":\"https:\/\/noticiasemdestaque.com\/cd\/?p=81505\",\"name\":\"Ex-cantor da Banda Calcinha Preta, Rog\u00e9rio Valen\u00e7a morre aos 55 anos - Not&iacute;cias em Destaque\",\"isPartOf\":{\"@id\":\"https:\/\/noticiasemdestaque.com\/cd\/#website\"},\"primaryImageOfPage\":{\"@id\":\"https:\/\/noticiasemdestaque.com\/cd\/?p=81505#primaryimage\"},\"image\":{\"@id\":\"https:\/\/noticiasemdestaque.com\/cd\/?p=81505#primaryimage\"},\"thumbnailUrl\":\"https:\/\/noticiasemdestaque.com\/cd\/wp-content\/uploads\/2026\/09\/Vocalista-da-banda-Calcinha-Preta-.jpg\",\"datePublished\":\"2026-09-02T10:57:06+00:00\",\"breadcrumb\":{\"@id\":\"https:\/\/noticiasemdestaque.com\/cd\/?p=81505#breadcrumb\"},\"inLanguage\":\"pt-BR\",\"potentialAction\":[{\"@type\":\"ReadAction\",\"target\":[\"https:\/\/noticiasemdestaque.com\/cd\/?p=81505\"]}]},{\"@type\":\"ImageObject\",\"inLanguage\":\"pt-BR\",\"@id\":\"https:\/\/noticiasemdestaque.com\/cd\/?p=81505#primaryimage\",\"url\":\"https:\/\/noticiasemdestaque.com\/cd\/wp-content\/uploads\/2026\/09\/Vocalista-da-banda-Calcinha-Preta-.jpg\",\"contentUrl\":\"https:\/\/noticiasemdestaque.com\/cd\/wp-content\/uploads\/2026\/09\/Vocalista-da-banda-Calcinha-Preta-.jpg\",\"width\":772,\"height\":473},{\"@type\":\"BreadcrumbList\",\"@id\":\"https:\/\/noticiasemdestaque.com\/cd\/?p=81505#breadcrumb\",\"itemListElement\":[{\"@type\":\"ListItem\",\"position\":1,\"name\":\"In\u00edcio\",\"item\":\"https:\/\/noticiasemdestaque.com\/cd\/\"},{\"@type\":\"ListItem\",\"position\":2,\"name\":\"Ex-cantor da Banda Calcinha Preta, Rog\u00e9rio Valen\u00e7a morre aos 55 anos\"}]},{\"@type\":\"WebSite\",\"@id\":\"https:\/\/noticiasemdestaque.com\/cd\/#website\",\"url\":\"https:\/\/noticiasemdestaque.com\/cd\/\",\"name\":\"Not&iacute;cias em Destaque\",\"description\":\"\",\"publisher\":{\"@id\":\"https:\/\/noticiasemdestaque.com\/cd\/#organization\"},\"potentialAction\":[{\"@type\":\"SearchAction\",\"target\":{\"@type\":\"EntryPoint\",\"urlTemplate\":\"https:\/\/noticiasemdestaque.com\/cd\/?s={search_term_string}\"},\"query-input\":{\"@type\":\"PropertyValueSpecification\",\"valueRequired\":true,\"valueName\":\"search_term_string\"}}],\"inLanguage\":\"pt-BR\"},{\"@type\":\"Organization\",\"@id\":\"https:\/\/noticiasemdestaque.com\/cd\/#organization\",\"name\":\"Not\u00edcias em Destaque\",\"url\":\"https:\/\/noticiasemdestaque.com\/cd\/\",\"logo\":{\"@type\":\"ImageObject\",\"inLanguage\":\"pt-BR\",\"@id\":\"https:\/\/noticiasemdestaque.com\/cd\/#\/schema\/logo\/image\/\",\"url\":\"https:\/\/noticiasemdestaque.com\/cd\/wp-content\/uploads\/2022\/05\/imagem-base-noticiasemdestaque.png\",\"contentUrl\":\"https:\/\/noticiasemdestaque.com\/cd\/wp-content\/uploads\/2022\/05\/imagem-base-noticiasemdestaque.png\",\"width\":1200,\"height\":630,\"caption\":\"Not\u00edcias em Destaque\"},\"image\":{\"@id\":\"https:\/\/noticiasemdestaque.com\/cd\/#\/schema\/logo\/image\/\"}},{\"@type\":\"Person\",\"@id\":\"https:\/\/noticiasemdestaque.com\/cd\/#\/schema\/person\/a978acbbda55eca5b71ccb9421897bb0\",\"name\":\"Not\u00edcias em Destaque\",\"url\":\"https:\/\/noticiasemdestaque.com\/cd\/?author=2\"}]}<\/script>\n<!-- \/ Yoast SEO plugin. -->","yoast_head_json":{"title":"Ex-cantor da Banda Calcinha Preta, Rog\u00e9rio Valen\u00e7a morre aos 55 anos - Not&iacute;cias em Destaque","robots":{"index":"index","follow":"follow","max-snippet":"max-snippet:-1","max-image-preview":"max-image-preview:large","max-video-preview":"max-video-preview:-1"},"canonical":"https:\/\/noticiasemdestaque.com\/cd\/?p=81505","og_locale":"pt_BR","og_type":"article","og_title":"Ex-cantor da Banda Calcinha Preta, Rog\u00e9rio Valen\u00e7a morre aos 55 anos - Not&iacute;cias em Destaque","og_description":"O cantor Rog\u00e9rio Valen\u00e7a morreu aos 55 anos nesta segunda-feira (31), em Aracaju.O ex-vocalista das bandas Calcinha Preta e Caviar com Rapadura tratava uma insufici\u00eancia renal e aguardava um transplante de rim. N\u00e3o h\u00e1 informa\u00e7\u00e3o sobre a causa da morte. O vel\u00f3rio \u00e9 realizado na Rua Laranjeiras, no Centro da capital sergipana. O corpo ser\u00e1 levado para sepultamento em sua cidade natal, em Pernambuco. Natural de Garanhuns (PE), o cantor atualmente se apresentava no grupo Raio da Silibrina e morava em Sergipe. Nas redes sociais, a Banda raio da Silibrina publicou nota de pesar : \u201cFicam a saudade, as lembran\u00e7as dos momentos vividos e a gratid\u00e3o por tudo que ele representou.Que Deus conforte o cora\u00e7\u00e3o de toda a fam\u00edlia, amigos e de todos que est\u00e3o sentindo essa perda\u201d, escreveu. Not\u00edcias em Destaque Fonte: MaisPB","og_url":"https:\/\/noticiasemdestaque.com\/cd\/?p=81505","og_site_name":"Not&iacute;cias em Destaque","article_published_time":"2026-09-02T10:57:06+00:00","og_image":[{"width":772,"height":473,"url":"https:\/\/noticiasemdestaque.com\/cd\/wp-content\/uploads\/2026\/09\/Vocalista-da-banda-Calcinha-Preta-.jpg","type":"image\/jpeg"}],"author":"Not\u00edcias em Destaque","twitter_card":"summary_large_image","twitter_misc":{"Escrito por":"Not\u00edcias em Destaque","Est. tempo de leitura":"1 minuto"},"schema":{"@context":"https:\/\/schema.org","@graph":[{"@type":"Article","@id":"https:\/\/noticiasemdestaque.com\/cd\/?p=81505#article","isPartOf":{"@id":"https:\/\/noticiasemdestaque.com\/cd\/?p=81505"},"author":{"name":"Not\u00edcias em Destaque","@id":"https:\/\/noticiasemdestaque.com\/cd\/#\/schema\/person\/a978acbbda55eca5b71ccb9421897bb0"},"headline":"Ex-cantor da Banda Calcinha Preta, Rog\u00e9rio Valen\u00e7a morre aos 55 anos","datePublished":"2026-09-02T10:57:06+00:00","mainEntityOfPage":{"@id":"https:\/\/noticiasemdestaque.com\/cd\/?p=81505"},"wordCount":156,"publisher":{"@id":"https:\/\/noticiasemdestaque.com\/cd\/#organization"},"image":{"@id":"https:\/\/noticiasemdestaque.com\/cd\/?p=81505#primaryimage"},"thumbnailUrl":"https:\/\/noticiasemdestaque.com\/cd\/wp-content\/uploads\/2026\/09\/Vocalista-da-banda-Calcinha-Preta-.jpg","articleSection":["Geral"],"inLanguage":"pt-BR"},{"@type":"WebPage","@id":"https:\/\/noticiasemdestaque.com\/cd\/?p=81505","url":"https:\/\/noticiasemdestaque.com\/cd\/?p=81505","name":"Ex-cantor da Banda Calcinha Preta, Rog\u00e9rio Valen\u00e7a morre aos 55 anos - Not&iacute;cias em Destaque","isPartOf":{"@id":"https:\/\/noticiasemdestaque.com\/cd\/#website"},"primaryImageOfPage":{"@id":"https:\/\/noticiasemdestaque.com\/cd\/?p=81505#primaryimage"},"image":{"@id":"https:\/\/noticiasemdestaque.com\/cd\/?p=81505#primaryimage"},"thumbnailUrl":"https:\/\/noticiasemdestaque.com\/cd\/wp-content\/uploads\/2026\/09\/Vocalista-da-banda-Calcinha-Preta-.jpg","datePublished":"2026-09-02T10:57:06+00:00","breadcrumb":{"@id":"https:\/\/noticiasemdestaque.com\/cd\/?p=81505#breadcrumb"},"inLanguage":"pt-BR","potentialAction":[{"@type":"ReadAction","target":["https:\/\/noticiasemdestaque.com\/cd\/?p=81505"]}]},{"@type":"ImageObject","inLanguage":"pt-BR","@id":"https:\/\/noticiasemdestaque.com\/cd\/?p=81505#primaryimage","url":"https:\/\/noticiasemdestaque.com\/cd\/wp-content\/uploads\/2026\/09\/Vocalista-da-banda-Calcinha-Preta-.jpg","contentUrl":"https:\/\/noticiasemdestaque.com\/cd\/wp-content\/uploads\/2026\/09\/Vocalista-da-banda-Calcinha-Preta-.jpg","width":772,"height":473},{"@type":"BreadcrumbList","@id":"https:\/\/noticiasemdestaque.com\/cd\/?p=81505#breadcrumb","itemListElement":[{"@type":"ListItem","position":1,"name":"In\u00edcio","item":"https:\/\/noticiasemdestaque.com\/cd\/"},{"@type":"ListItem","position":2,"name":"Ex-cantor da Banda Calcinha Preta, Rog\u00e9rio Valen\u00e7a morre aos 55 anos"}]},{"@type":"WebSite","@id":"https:\/\/noticiasemdestaque.com\/cd\/#website","url":"https:\/\/noticiasemdestaque.com\/cd\/","name":"Not&iacute;cias em Destaque","description":"","publisher":{"@id":"https:\/\/noticiasemdestaque.com\/cd\/#organization"},"potentialAction":[{"@type":"SearchAction","target":{"@type":"EntryPoint","urlTemplate":"https:\/\/noticiasemdestaque.com\/cd\/?s={search_term_string}"},"query-input":{"@type":"PropertyValueSpecification","valueRequired":true,"valueName":"search_term_string"}}],"inLanguage":"pt-BR"},{"@type":"Organization","@id":"https:\/\/noticiasemdestaque.com\/cd\/#organization","name":"Not\u00edcias em Destaque","url":"https:\/\/noticiasemdestaque.com\/cd\/","logo":{"@type":"ImageObject","inLanguage":"pt-BR","@id":"https:\/\/noticiasemdestaque.com\/cd\/#\/schema\/logo\/image\/","url":"https:\/\/noticiasemdestaque.com\/cd\/wp-content\/uploads\/2022\/05\/imagem-base-noticiasemdestaque.png","contentUrl":"https:\/\/noticiasemdestaque.com\/cd\/wp-content\/uploads\/2022\/05\/imagem-base-noticiasemdestaque.png","width":1200,"height":630,"caption":"Not\u00edcias em Destaque"},"image":{"@id":"https:\/\/noticiasemdestaque.com\/cd\/#\/schema\/logo\/image\/"}},{"@type":"Person","@id":"https:\/\/noticiasemdestaque.com\/cd\/#\/schema\/person\/a978acbbda55eca5b71ccb9421897bb0","name":"Not\u00edcias em Destaque","url":"https:\/\/noticiasemdestaque.com\/cd\/?author=2"}]}},"jetpack_featured_media_url":"https:\/\/noticiasemdestaque.com\/cd\/wp-content\/uploads\/2026\/09\/Vocalista-da-banda-Calcinha-Preta-.jpg","jetpack_sharing_enabled":true,"_links":{"self":[{"href":"https:\/\/noticiasemdestaque.com\/cd\/index.php?rest_route=\/wp\/v2\/posts\/81505","targetHints":{"allow":["GET"]}}],"collection":[{"href":"https:\/\/noticiasemdestaque.com\/cd\/index.php?rest_route=\/wp\/v2\/posts"}],"about":[{"href":"https:\/\/noticiasemdestaque.com\/cd\/index.php?rest_route=\/wp\/v2\/types\/post"}],"author":[{"embeddable":true,"href":"https:\/\/noticiasemdestaque.com\/cd\/index.php?rest_route=\/wp\/v2\/users\/2"}],"replies":[{"embeddable":true,"href":"https:\/\/noticiasemdestaque.com\/cd\/index.php?rest_route=%2Fwp%2Fv2%2Fcomments&post=81505"}],"version-history":[{"count":1,"href":"https:\/\/noticiasemdestaque.com\/cd\/index.php?rest_route=\/wp\/v2\/posts\/81505\/revisions"}],"predecessor-version":[{"id":81507,"href":"https:\/\/noticiasemdestaque.com\/cd\/index.php?rest_route=\/wp\/v2\/posts\/81505\/revisions\/81507"}],"wp:featuredmedia":[{"embeddable":true,"href":"https:\/\/noticiasemdestaque.com\/cd\/index.php?rest_route=\/wp\/v2\/media\/81506"}],"wp:attachment":[{"href":"https:\/\/noticiasemdestaque.com\/cd\/index.php?rest_route=%2Fwp%2Fv2%2Fmedia&parent=81505"}],"wp:term":[{"taxonomy":"category","embeddable":true,"href":"https:\/\/noticiasemdestaque.com\/cd\/index.php?rest_route=%2Fwp%2Fv2%2Fcategories&post=81505"},{"taxonomy":"post_tag","embeddable":true,"href":"https:\/\/noticiasemdestaque.com\/cd\/index.php?rest_route=%2Fwp%2Fv2%2Ftags&post=81505"}],"curies":[{"name":"wp","href":"https:\/\/api.w.org\/{rel}","templated":true}]}}