{"id":81491,"date":"2026-09-01T16:56:21","date_gmt":"2026-09-01T19:56:21","guid":{"rendered":"https:\/\/noticiasemdestaque.com\/cd\/?p=81491"},"modified":"2026-09-01T16:56:21","modified_gmt":"2026-09-01T19:56:21","slug":"anna-lorena-cumpre-agenda-em-sume-nesta-quarta-feira","status":"publish","type":"post","link":"https:\/\/noticiasemdestaque.com\/cd\/?p=81491","title":{"rendered":"Anna Lorena cumpre agenda em Sum\u00e9 nesta quarta-feira"},"content":{"rendered":"<p><a href=\"https:\/\/noticiasemdestaque.com\/cd\/wp-content\/uploads\/2026\/09\/WhatsApp-Image-2026-09-01-at-15.08.45.jpeg\"><img fetchpriority=\"high\" decoding=\"async\" class=\" wp-image-81492 aligncenter\" src=\"https:\/\/noticiasemdestaque.com\/cd\/wp-content\/uploads\/2026\/09\/WhatsApp-Image-2026-09-01-at-15.08.45-226x300.jpeg\" alt=\"\" width=\"935\" height=\"1241\" srcset=\"https:\/\/noticiasemdestaque.com\/cd\/wp-content\/uploads\/2026\/09\/WhatsApp-Image-2026-09-01-at-15.08.45-226x300.jpeg 226w, https:\/\/noticiasemdestaque.com\/cd\/wp-content\/uploads\/2026\/09\/WhatsApp-Image-2026-09-01-at-15.08.45-771x1024.jpeg 771w, https:\/\/noticiasemdestaque.com\/cd\/wp-content\/uploads\/2026\/09\/WhatsApp-Image-2026-09-01-at-15.08.45.jpeg 900w\" sizes=\"(max-width: 935px) 100vw, 935px\" \/><\/a><\/p>\n<p>A candidata a deputada estadual Anna Lorena cumpre agenda nesta quarta-feira (2) em Sum\u00e9, dando continuidade \u00e0s atividades de campanha no munic\u00edpio.<\/p>\n<p>A programa\u00e7\u00e3o est\u00e1 marcada para as 16h, com atividade porta a porta no bairro da V\u00e1rzea, ao lado do ex-prefeito de Sum\u00e9 Dr. Neto, uma das principais lideran\u00e7as que apoiam sua candidatura no munic\u00edpio.<\/p>\n<p><a href=\"https:\/\/noticiasemdestaque.com\/cd\/wp-content\/uploads\/2026\/09\/WhatsApp-Image-2026-09-01-at-16.28.06.jpeg\"><img decoding=\"async\" class=\" wp-image-81493 aligncenter\" src=\"https:\/\/noticiasemdestaque.com\/cd\/wp-content\/uploads\/2026\/09\/WhatsApp-Image-2026-09-01-at-16.28.06-300x225.jpeg\" alt=\"\" width=\"715\" height=\"536\" srcset=\"https:\/\/noticiasemdestaque.com\/cd\/wp-content\/uploads\/2026\/09\/WhatsApp-Image-2026-09-01-at-16.28.06-300x225.jpeg 300w, https:\/\/noticiasemdestaque.com\/cd\/wp-content\/uploads\/2026\/09\/WhatsApp-Image-2026-09-01-at-16.28.06-1024x768.jpeg 1024w, https:\/\/noticiasemdestaque.com\/cd\/wp-content\/uploads\/2026\/09\/WhatsApp-Image-2026-09-01-at-16.28.06-768x576.jpeg 768w, https:\/\/noticiasemdestaque.com\/cd\/wp-content\/uploads\/2026\/09\/WhatsApp-Image-2026-09-01-at-16.28.06.jpeg 1280w\" sizes=\"(max-width: 715px) 100vw, 715px\" \/><\/a><\/p>\n<p>Em Sum\u00e9, Anna Lorena tamb\u00e9m conta com o apoio dos vereadores Dida Alves, Jos\u00e9 Ant\u00f4nio, Jane Isa e Branco Xiliu, al\u00e9m dos ex-vereadores Ant\u00f4nio Carlos, Crist\u00f3v\u00e3o Brasil e Dr\u00f3.<\/p>\n<p>A agenda ser\u00e1 mais uma oportunidade para a candidata ouvir as demandas dos moradores e apresentar suas propostas para Sum\u00e9 e a regi\u00e3o do Cariri.<\/p>\n<p><strong>Not\u00edcias em Destaque<\/strong><\/p>\n","protected":false},"excerpt":{"rendered":"<p>A candidata a deputada estadual Anna Lorena cumpre agenda nesta quarta-feira (2) em Sum\u00e9, dando continuidade \u00e0s atividades de campanha no munic\u00edpio. A programa\u00e7\u00e3o est\u00e1 marcada para as 16h, com atividade porta a porta no bairro da V\u00e1rzea, ao lado do ex-prefeito de Sum\u00e9 Dr. Neto, uma das principais lideran\u00e7as que apoiam sua candidatura no munic\u00edpio. Em Sum\u00e9, Anna Lorena tamb\u00e9m conta com o apoio dos vereadores Dida Alves, Jos\u00e9 Ant\u00f4nio, Jane Isa e Branco Xiliu, al\u00e9m dos ex-vereadores Ant\u00f4nio Carlos, Crist\u00f3v\u00e3o Brasil e Dr\u00f3. A agenda ser\u00e1 mais uma oportunidade para a candidata ouvir as demandas dos moradores e apresentar suas propostas para Sum\u00e9 e a regi\u00e3o do Cariri. Not\u00edcias em Destaque<\/p>\n","protected":false},"author":2,"featured_media":81492,"comment_status":"closed","ping_status":"closed","sticky":false,"template":"","format":"standard","meta":{"_eb_attr":"","_jetpack_memberships_contains_paid_content":false,"footnotes":""},"categories":[4],"tags":[],"class_list":["post-81491","post","type-post","status-publish","format-standard","has-post-thumbnail","hentry","category-politica"],"yoast_head":"<!-- This site is optimized with the Yoast SEO plugin v26.5 - https:\/\/yoast.com\/wordpress\/plugins\/seo\/ -->\n<title>Anna Lorena cumpre agenda em Sum\u00e9 nesta quarta-feira - Not&iacute;cias em Destaque<\/title>\n<meta name=\"robots\" content=\"index, follow, max-snippet:-1, max-image-preview:large, max-video-preview:-1\" \/>\n<link rel=\"canonical\" href=\"https:\/\/noticiasemdestaque.com\/cd\/?p=81491\" \/>\n<meta property=\"og:locale\" content=\"pt_BR\" \/>\n<meta property=\"og:type\" content=\"article\" \/>\n<meta property=\"og:title\" content=\"Anna Lorena cumpre agenda em Sum\u00e9 nesta quarta-feira - Not&iacute;cias em Destaque\" \/>\n<meta property=\"og:description\" content=\"A candidata a deputada estadual Anna Lorena cumpre agenda nesta quarta-feira (2) em Sum\u00e9, dando continuidade \u00e0s atividades de campanha no munic\u00edpio. A programa\u00e7\u00e3o est\u00e1 marcada para as 16h, com atividade porta a porta no bairro da V\u00e1rzea, ao lado do ex-prefeito de Sum\u00e9 Dr. Neto, uma das principais lideran\u00e7as que apoiam sua candidatura no munic\u00edpio. Em Sum\u00e9, Anna Lorena tamb\u00e9m conta com o apoio dos vereadores Dida Alves, Jos\u00e9 Ant\u00f4nio, Jane Isa e Branco Xiliu, al\u00e9m dos ex-vereadores Ant\u00f4nio Carlos, Crist\u00f3v\u00e3o Brasil e Dr\u00f3. A agenda ser\u00e1 mais uma oportunidade para a candidata ouvir as demandas dos moradores e apresentar suas propostas para Sum\u00e9 e a regi\u00e3o do Cariri. Not\u00edcias em Destaque\" \/>\n<meta property=\"og:url\" content=\"https:\/\/noticiasemdestaque.com\/cd\/?p=81491\" \/>\n<meta property=\"og:site_name\" content=\"Not&iacute;cias em Destaque\" \/>\n<meta property=\"article:published_time\" content=\"2026-09-01T19:56:21+00:00\" \/>\n<meta property=\"og:image\" content=\"https:\/\/noticiasemdestaque.com\/cd\/wp-content\/uploads\/2026\/09\/WhatsApp-Image-2026-09-01-at-15.08.45.jpeg\" \/>\n\t<meta property=\"og:image:width\" content=\"900\" \/>\n\t<meta property=\"og:image:height\" content=\"1196\" \/>\n\t<meta property=\"og:image:type\" content=\"image\/jpeg\" \/>\n<meta name=\"author\" content=\"Not\u00edcias em Destaque\" \/>\n<meta name=\"twitter:card\" content=\"summary_large_image\" \/>\n<meta name=\"twitter:label1\" content=\"Escrito por\" \/>\n\t<meta name=\"twitter:data1\" content=\"Not\u00edcias em Destaque\" \/>\n\t<meta name=\"twitter:label2\" content=\"Est. tempo de leitura\" \/>\n\t<meta name=\"twitter:data2\" content=\"2 minutos\" \/>\n<script type=\"application\/ld+json\" class=\"yoast-schema-graph\">{\"@context\":\"https:\/\/schema.org\",\"@graph\":[{\"@type\":\"Article\",\"@id\":\"https:\/\/noticiasemdestaque.com\/cd\/?p=81491#article\",\"isPartOf\":{\"@id\":\"https:\/\/noticiasemdestaque.com\/cd\/?p=81491\"},\"author\":{\"name\":\"Not\u00edcias em Destaque\",\"@id\":\"https:\/\/noticiasemdestaque.com\/cd\/#\/schema\/person\/a978acbbda55eca5b71ccb9421897bb0\"},\"headline\":\"Anna Lorena cumpre agenda em Sum\u00e9 nesta quarta-feira\",\"datePublished\":\"2026-09-01T19:56:21+00:00\",\"mainEntityOfPage\":{\"@id\":\"https:\/\/noticiasemdestaque.com\/cd\/?p=81491\"},\"wordCount\":133,\"publisher\":{\"@id\":\"https:\/\/noticiasemdestaque.com\/cd\/#organization\"},\"image\":{\"@id\":\"https:\/\/noticiasemdestaque.com\/cd\/?p=81491#primaryimage\"},\"thumbnailUrl\":\"https:\/\/noticiasemdestaque.com\/cd\/wp-content\/uploads\/2026\/09\/WhatsApp-Image-2026-09-01-at-15.08.45.jpeg\",\"articleSection\":[\"Pol\u00edtica\"],\"inLanguage\":\"pt-BR\"},{\"@type\":\"WebPage\",\"@id\":\"https:\/\/noticiasemdestaque.com\/cd\/?p=81491\",\"url\":\"https:\/\/noticiasemdestaque.com\/cd\/?p=81491\",\"name\":\"Anna Lorena cumpre agenda em Sum\u00e9 nesta quarta-feira - Not&iacute;cias em Destaque\",\"isPartOf\":{\"@id\":\"https:\/\/noticiasemdestaque.com\/cd\/#website\"},\"primaryImageOfPage\":{\"@id\":\"https:\/\/noticiasemdestaque.com\/cd\/?p=81491#primaryimage\"},\"image\":{\"@id\":\"https:\/\/noticiasemdestaque.com\/cd\/?p=81491#primaryimage\"},\"thumbnailUrl\":\"https:\/\/noticiasemdestaque.com\/cd\/wp-content\/uploads\/2026\/09\/WhatsApp-Image-2026-09-01-at-15.08.45.jpeg\",\"datePublished\":\"2026-09-01T19:56:21+00:00\",\"breadcrumb\":{\"@id\":\"https:\/\/noticiasemdestaque.com\/cd\/?p=81491#breadcrumb\"},\"inLanguage\":\"pt-BR\",\"potentialAction\":[{\"@type\":\"ReadAction\",\"target\":[\"https:\/\/noticiasemdestaque.com\/cd\/?p=81491\"]}]},{\"@type\":\"ImageObject\",\"inLanguage\":\"pt-BR\",\"@id\":\"https:\/\/noticiasemdestaque.com\/cd\/?p=81491#primaryimage\",\"url\":\"https:\/\/noticiasemdestaque.com\/cd\/wp-content\/uploads\/2026\/09\/WhatsApp-Image-2026-09-01-at-15.08.45.jpeg\",\"contentUrl\":\"https:\/\/noticiasemdestaque.com\/cd\/wp-content\/uploads\/2026\/09\/WhatsApp-Image-2026-09-01-at-15.08.45.jpeg\",\"width\":900,\"height\":1196},{\"@type\":\"BreadcrumbList\",\"@id\":\"https:\/\/noticiasemdestaque.com\/cd\/?p=81491#breadcrumb\",\"itemListElement\":[{\"@type\":\"ListItem\",\"position\":1,\"name\":\"In\u00edcio\",\"item\":\"https:\/\/noticiasemdestaque.com\/cd\/\"},{\"@type\":\"ListItem\",\"position\":2,\"name\":\"Anna Lorena cumpre agenda em Sum\u00e9 nesta quarta-feira\"}]},{\"@type\":\"WebSite\",\"@id\":\"https:\/\/noticiasemdestaque.com\/cd\/#website\",\"url\":\"https:\/\/noticiasemdestaque.com\/cd\/\",\"name\":\"Not&iacute;cias em Destaque\",\"description\":\"\",\"publisher\":{\"@id\":\"https:\/\/noticiasemdestaque.com\/cd\/#organization\"},\"potentialAction\":[{\"@type\":\"SearchAction\",\"target\":{\"@type\":\"EntryPoint\",\"urlTemplate\":\"https:\/\/noticiasemdestaque.com\/cd\/?s={search_term_string}\"},\"query-input\":{\"@type\":\"PropertyValueSpecification\",\"valueRequired\":true,\"valueName\":\"search_term_string\"}}],\"inLanguage\":\"pt-BR\"},{\"@type\":\"Organization\",\"@id\":\"https:\/\/noticiasemdestaque.com\/cd\/#organization\",\"name\":\"Not\u00edcias em Destaque\",\"url\":\"https:\/\/noticiasemdestaque.com\/cd\/\",\"logo\":{\"@type\":\"ImageObject\",\"inLanguage\":\"pt-BR\",\"@id\":\"https:\/\/noticiasemdestaque.com\/cd\/#\/schema\/logo\/image\/\",\"url\":\"https:\/\/noticiasemdestaque.com\/cd\/wp-content\/uploads\/2022\/05\/imagem-base-noticiasemdestaque.png\",\"contentUrl\":\"https:\/\/noticiasemdestaque.com\/cd\/wp-content\/uploads\/2022\/05\/imagem-base-noticiasemdestaque.png\",\"width\":1200,\"height\":630,\"caption\":\"Not\u00edcias em Destaque\"},\"image\":{\"@id\":\"https:\/\/noticiasemdestaque.com\/cd\/#\/schema\/logo\/image\/\"}},{\"@type\":\"Person\",\"@id\":\"https:\/\/noticiasemdestaque.com\/cd\/#\/schema\/person\/a978acbbda55eca5b71ccb9421897bb0\",\"name\":\"Not\u00edcias em Destaque\",\"url\":\"https:\/\/noticiasemdestaque.com\/cd\/?author=2\"}]}<\/script>\n<!-- \/ Yoast SEO plugin. -->","yoast_head_json":{"title":"Anna Lorena cumpre agenda em Sum\u00e9 nesta quarta-feira - Not&iacute;cias em Destaque","robots":{"index":"index","follow":"follow","max-snippet":"max-snippet:-1","max-image-preview":"max-image-preview:large","max-video-preview":"max-video-preview:-1"},"canonical":"https:\/\/noticiasemdestaque.com\/cd\/?p=81491","og_locale":"pt_BR","og_type":"article","og_title":"Anna Lorena cumpre agenda em Sum\u00e9 nesta quarta-feira - Not&iacute;cias em Destaque","og_description":"A candidata a deputada estadual Anna Lorena cumpre agenda nesta quarta-feira (2) em Sum\u00e9, dando continuidade \u00e0s atividades de campanha no munic\u00edpio. A programa\u00e7\u00e3o est\u00e1 marcada para as 16h, com atividade porta a porta no bairro da V\u00e1rzea, ao lado do ex-prefeito de Sum\u00e9 Dr. Neto, uma das principais lideran\u00e7as que apoiam sua candidatura no munic\u00edpio. Em Sum\u00e9, Anna Lorena tamb\u00e9m conta com o apoio dos vereadores Dida Alves, Jos\u00e9 Ant\u00f4nio, Jane Isa e Branco Xiliu, al\u00e9m dos ex-vereadores Ant\u00f4nio Carlos, Crist\u00f3v\u00e3o Brasil e Dr\u00f3. A agenda ser\u00e1 mais uma oportunidade para a candidata ouvir as demandas dos moradores e apresentar suas propostas para Sum\u00e9 e a regi\u00e3o do Cariri. Not\u00edcias em Destaque","og_url":"https:\/\/noticiasemdestaque.com\/cd\/?p=81491","og_site_name":"Not&iacute;cias em Destaque","article_published_time":"2026-09-01T19:56:21+00:00","og_image":[{"width":900,"height":1196,"url":"https:\/\/noticiasemdestaque.com\/cd\/wp-content\/uploads\/2026\/09\/WhatsApp-Image-2026-09-01-at-15.08.45.jpeg","type":"image\/jpeg"}],"author":"Not\u00edcias em Destaque","twitter_card":"summary_large_image","twitter_misc":{"Escrito por":"Not\u00edcias em Destaque","Est. tempo de leitura":"2 minutos"},"schema":{"@context":"https:\/\/schema.org","@graph":[{"@type":"Article","@id":"https:\/\/noticiasemdestaque.com\/cd\/?p=81491#article","isPartOf":{"@id":"https:\/\/noticiasemdestaque.com\/cd\/?p=81491"},"author":{"name":"Not\u00edcias em Destaque","@id":"https:\/\/noticiasemdestaque.com\/cd\/#\/schema\/person\/a978acbbda55eca5b71ccb9421897bb0"},"headline":"Anna Lorena cumpre agenda em Sum\u00e9 nesta quarta-feira","datePublished":"2026-09-01T19:56:21+00:00","mainEntityOfPage":{"@id":"https:\/\/noticiasemdestaque.com\/cd\/?p=81491"},"wordCount":133,"publisher":{"@id":"https:\/\/noticiasemdestaque.com\/cd\/#organization"},"image":{"@id":"https:\/\/noticiasemdestaque.com\/cd\/?p=81491#primaryimage"},"thumbnailUrl":"https:\/\/noticiasemdestaque.com\/cd\/wp-content\/uploads\/2026\/09\/WhatsApp-Image-2026-09-01-at-15.08.45.jpeg","articleSection":["Pol\u00edtica"],"inLanguage":"pt-BR"},{"@type":"WebPage","@id":"https:\/\/noticiasemdestaque.com\/cd\/?p=81491","url":"https:\/\/noticiasemdestaque.com\/cd\/?p=81491","name":"Anna Lorena cumpre agenda em Sum\u00e9 nesta quarta-feira - Not&iacute;cias em Destaque","isPartOf":{"@id":"https:\/\/noticiasemdestaque.com\/cd\/#website"},"primaryImageOfPage":{"@id":"https:\/\/noticiasemdestaque.com\/cd\/?p=81491#primaryimage"},"image":{"@id":"https:\/\/noticiasemdestaque.com\/cd\/?p=81491#primaryimage"},"thumbnailUrl":"https:\/\/noticiasemdestaque.com\/cd\/wp-content\/uploads\/2026\/09\/WhatsApp-Image-2026-09-01-at-15.08.45.jpeg","datePublished":"2026-09-01T19:56:21+00:00","breadcrumb":{"@id":"https:\/\/noticiasemdestaque.com\/cd\/?p=81491#breadcrumb"},"inLanguage":"pt-BR","potentialAction":[{"@type":"ReadAction","target":["https:\/\/noticiasemdestaque.com\/cd\/?p=81491"]}]},{"@type":"ImageObject","inLanguage":"pt-BR","@id":"https:\/\/noticiasemdestaque.com\/cd\/?p=81491#primaryimage","url":"https:\/\/noticiasemdestaque.com\/cd\/wp-content\/uploads\/2026\/09\/WhatsApp-Image-2026-09-01-at-15.08.45.jpeg","contentUrl":"https:\/\/noticiasemdestaque.com\/cd\/wp-content\/uploads\/2026\/09\/WhatsApp-Image-2026-09-01-at-15.08.45.jpeg","width":900,"height":1196},{"@type":"BreadcrumbList","@id":"https:\/\/noticiasemdestaque.com\/cd\/?p=81491#breadcrumb","itemListElement":[{"@type":"ListItem","position":1,"name":"In\u00edcio","item":"https:\/\/noticiasemdestaque.com\/cd\/"},{"@type":"ListItem","position":2,"name":"Anna Lorena cumpre agenda em Sum\u00e9 nesta quarta-feira"}]},{"@type":"WebSite","@id":"https:\/\/noticiasemdestaque.com\/cd\/#website","url":"https:\/\/noticiasemdestaque.com\/cd\/","name":"Not&iacute;cias em Destaque","description":"","publisher":{"@id":"https:\/\/noticiasemdestaque.com\/cd\/#organization"},"potentialAction":[{"@type":"SearchAction","target":{"@type":"EntryPoint","urlTemplate":"https:\/\/noticiasemdestaque.com\/cd\/?s={search_term_string}"},"query-input":{"@type":"PropertyValueSpecification","valueRequired":true,"valueName":"search_term_string"}}],"inLanguage":"pt-BR"},{"@type":"Organization","@id":"https:\/\/noticiasemdestaque.com\/cd\/#organization","name":"Not\u00edcias em Destaque","url":"https:\/\/noticiasemdestaque.com\/cd\/","logo":{"@type":"ImageObject","inLanguage":"pt-BR","@id":"https:\/\/noticiasemdestaque.com\/cd\/#\/schema\/logo\/image\/","url":"https:\/\/noticiasemdestaque.com\/cd\/wp-content\/uploads\/2022\/05\/imagem-base-noticiasemdestaque.png","contentUrl":"https:\/\/noticiasemdestaque.com\/cd\/wp-content\/uploads\/2022\/05\/imagem-base-noticiasemdestaque.png","width":1200,"height":630,"caption":"Not\u00edcias em Destaque"},"image":{"@id":"https:\/\/noticiasemdestaque.com\/cd\/#\/schema\/logo\/image\/"}},{"@type":"Person","@id":"https:\/\/noticiasemdestaque.com\/cd\/#\/schema\/person\/a978acbbda55eca5b71ccb9421897bb0","name":"Not\u00edcias em Destaque","url":"https:\/\/noticiasemdestaque.com\/cd\/?author=2"}]}},"jetpack_featured_media_url":"https:\/\/noticiasemdestaque.com\/cd\/wp-content\/uploads\/2026\/09\/WhatsApp-Image-2026-09-01-at-15.08.45.jpeg","jetpack_sharing_enabled":true,"_links":{"self":[{"href":"https:\/\/noticiasemdestaque.com\/cd\/index.php?rest_route=\/wp\/v2\/posts\/81491","targetHints":{"allow":["GET"]}}],"collection":[{"href":"https:\/\/noticiasemdestaque.com\/cd\/index.php?rest_route=\/wp\/v2\/posts"}],"about":[{"href":"https:\/\/noticiasemdestaque.com\/cd\/index.php?rest_route=\/wp\/v2\/types\/post"}],"author":[{"embeddable":true,"href":"https:\/\/noticiasemdestaque.com\/cd\/index.php?rest_route=\/wp\/v2\/users\/2"}],"replies":[{"embeddable":true,"href":"https:\/\/noticiasemdestaque.com\/cd\/index.php?rest_route=%2Fwp%2Fv2%2Fcomments&post=81491"}],"version-history":[{"count":1,"href":"https:\/\/noticiasemdestaque.com\/cd\/index.php?rest_route=\/wp\/v2\/posts\/81491\/revisions"}],"predecessor-version":[{"id":81494,"href":"https:\/\/noticiasemdestaque.com\/cd\/index.php?rest_route=\/wp\/v2\/posts\/81491\/revisions\/81494"}],"wp:featuredmedia":[{"embeddable":true,"href":"https:\/\/noticiasemdestaque.com\/cd\/index.php?rest_route=\/wp\/v2\/media\/81492"}],"wp:attachment":[{"href":"https:\/\/noticiasemdestaque.com\/cd\/index.php?rest_route=%2Fwp%2Fv2%2Fmedia&parent=81491"}],"wp:term":[{"taxonomy":"category","embeddable":true,"href":"https:\/\/noticiasemdestaque.com\/cd\/index.php?rest_route=%2Fwp%2Fv2%2Fcategories&post=81491"},{"taxonomy":"post_tag","embeddable":true,"href":"https:\/\/noticiasemdestaque.com\/cd\/index.php?rest_route=%2Fwp%2Fv2%2Ftags&post=81491"}],"curies":[{"name":"wp","href":"https:\/\/api.w.org\/{rel}","templated":true}]}}