{"id":81485,"date":"2026-09-01T08:32:08","date_gmt":"2026-09-01T11:32:08","guid":{"rendered":"https:\/\/noticiasemdestaque.com\/cd\/?p=81485"},"modified":"2026-09-01T08:32:09","modified_gmt":"2026-09-01T11:32:09","slug":"prefeitura-de-sume-faz-nova-convocacao-de-cuidador-professor-e-auxiliar-de-desenvolvimento-cognitivo-infantil","status":"publish","type":"post","link":"https:\/\/noticiasemdestaque.com\/cd\/?p=81485","title":{"rendered":"Prefeitura de Sum\u00e9 faz nova convoca\u00e7\u00e3o de cuidador, professor e auxiliar de desenvolvimento cognitivo infantil"},"content":{"rendered":"<p><a href=\"https:\/\/noticiasemdestaque.com\/cd\/wp-content\/uploads\/2026\/09\/Logo-SEDUC-735x450-1.jpg\"><img fetchpriority=\"high\" decoding=\"async\" class=\" wp-image-81486 aligncenter\" src=\"https:\/\/noticiasemdestaque.com\/cd\/wp-content\/uploads\/2026\/09\/Logo-SEDUC-735x450-1-300x184.jpg\" alt=\"\" width=\"1065\" height=\"653\" srcset=\"https:\/\/noticiasemdestaque.com\/cd\/wp-content\/uploads\/2026\/09\/Logo-SEDUC-735x450-1-300x184.jpg 300w, https:\/\/noticiasemdestaque.com\/cd\/wp-content\/uploads\/2026\/09\/Logo-SEDUC-735x450-1.jpg 735w\" sizes=\"(max-width: 1065px) 100vw, 1065px\" \/><\/a><\/p>\n<p>A Prefeitura de Sum\u00e9, Estado da Para\u00edba, torna p\u00fablico o edital de convoca\u00e7\u00e3o n\u00ba 26\/2026 do Processo Seletivo Simplificado n\u00ba 04\/2025, para contrata\u00e7\u00e3o por tempo determinado, de excepcional interesse p\u00fablico de\u00a0<strong>Cuidador(a) Educacional<\/strong>,<strong>\u00a0de<\/strong>\u00a0<strong>Professor(a) de Ensino Fundamental \u2013 Anos Iniciais e\u00a0<\/strong><strong>Auxiliar de Desenvolvimento Cognitivo Infantil \u2013 ADCI<\/strong><strong>.\u00a0<\/strong><em>\u00a0<\/em>O(s) convocado(s) deve(m) comparecer \u00e0 Secretaria de Administra\u00e7\u00e3o\/Setor de contratos, localizada na Avenida Primeiro de Abril, n\u00ba 379, nesta Cidade,\u00a0<strong>at\u00e9 \u00e0s 14h do dia 02\/09\/2026<\/strong>, para entrega de documentos e posteriormente assinatura do contrato.<\/p>\n<p><strong><u>\u00a0<\/u><\/strong><strong><u>CUIDADOR(A) EDUCACIONAL<\/u><\/strong><\/p>\n<table width=\"567\">\n<tbody>\n<tr>\n<td width=\"57\"><strong>\u00a0<\/strong><\/td>\n<td width=\"350\"><strong>NOMES<\/strong><\/td>\n<td width=\"161\"><strong>SITUA\u00c7\u00c3O<\/strong><\/td>\n<\/tr>\n<tr>\n<td width=\"57\">1.<\/td>\n<td width=\"350\">ANE GISELLE AMORIM DOS SANTOS TOMAZ<\/td>\n<td width=\"161\">CLASSIFICADO(A)<\/td>\n<\/tr>\n<\/tbody>\n<\/table>\n<p><strong>\u00a0<\/strong><\/p>\n<p><strong>PROFESSOR DE ENSINO FUNDAMENTAL \u2013 ANOS INICIAIS<\/strong><\/p>\n<table width=\"567\">\n<tbody>\n<tr>\n<td width=\"57\"><strong>\u00a0<\/strong><\/td>\n<td width=\"350\"><strong>NOMES<\/strong><\/td>\n<td width=\"161\"><strong>SITUA\u00c7\u00c3O<\/strong><\/td>\n<\/tr>\n<tr>\n<td width=\"57\">1.<\/td>\n<td width=\"350\">ANA PAULA DA SILVA ARAUJO<\/td>\n<td width=\"161\">CLASSIFICADO(A)<\/td>\n<\/tr>\n<\/tbody>\n<\/table>\n<p>&nbsp;<\/p>\n<p><strong>AUXILIAR DE DESENVOLVIMENTO COGNITIVO INFANTIL \u2013 ADCI<\/strong><\/p>\n<table width=\"567\">\n<tbody>\n<tr>\n<td width=\"57\"><strong>\u00a0<\/strong><\/td>\n<td width=\"350\"><strong>NOMES<\/strong><\/td>\n<td width=\"161\"><strong>SITUA\u00c7\u00c3O<\/strong><\/td>\n<\/tr>\n<tr>\n<td width=\"57\">1.<\/td>\n<td width=\"350\">JADIANE RODRIGUES DA COSTA<\/td>\n<td width=\"161\">CLASSIFICADO(A)<\/td>\n<\/tr>\n<\/tbody>\n<\/table>\n<p>&nbsp;<\/p>\n<p><strong>CHECK LIST \u2013 DOCUMENTOS EXIGIDOS\/C\u00d3PIAS SIMPLES<\/strong><\/p>\n<ol>\n<li>CERTID\u00c3O NASCIMENTO OU CASAMENTO;<\/li>\n<li>RG E CPF;<\/li>\n<li>CARTEIRA DE TRABALHO \u2013 CTPS;<\/li>\n<li>CERTID\u00c3O INSCRI\u00c7\u00c3O PIS\/PASEP (Caso ainda n\u00e3o possua, o RH ir\u00e1, fornecer formul\u00e1rio preenchido com seus dados, para solicita\u00e7\u00e3o junto ao Banco do Brasil) \u2013 N\u00c3O SERVE NIS;<\/li>\n<li>DOCUMENTO COMPROBAT\u00d3RIO DE REGULARIZA\u00c7\u00c3O DO SERVI\u00c7O MILITAR (Sexo masculino)<\/li>\n<li>COMPROVA\u00c7\u00c3O DE ESCOLARIDADE EXIGIDA COMPAT\u00cdVEL COM O CARGO;<\/li>\n<li>CERTID\u00c3O DE NASCIMENTO (E CPF) DOS FILHOS MENORES DE 14 ANOS;<\/li>\n<li>UMA FOTOS 3X4 RECENTES;<\/li>\n<li>CPF DO PAI E M\u00c3E (se vivos);<\/li>\n<li>COMPROVANTE DE RESID\u00caNCIA ATUALIZADO;<\/li>\n<li>N\u00daMEROS TELEF\u00d4NICOS PARA CONTATO;<\/li>\n<li>DECLARA\u00c7\u00c3O EXPRESSA DE ACUMULA\u00c7\u00c3O, OU N\u00c3O, DE CARGO OU APOSENTADORIA. CASO POSSUA (Comprovar a denomina\u00e7\u00e3o do cargo, a carga hor\u00e1ria e o ente p\u00fablico de lota\u00e7\u00e3o).\u00a0<strong>CASO N\u00c3O POSSUA V\u00cdNCULO SER\u00c1 FEITO NO ATO DA ASSINATURA DO CONTRATO<\/strong>;<\/li>\n<li>CERTID\u00c3O CRIMINAL (Federal e Estadual), COMPROVANDO N\u00c3O RESPONDER A A\u00c7\u00c3O PENAL EM QUALQUER INSTANCIA JUDICIAL;<\/li>\n<li>T\u00cdTULO DE ELEITOR COM COMPROVANTE DE QUITA\u00c7\u00c3O ELEITORAL;<\/li>\n<li>LAUDO DE APTID\u00c3O F\u00cdSICA (Fornecido por Cl\u00ednico Geral).<\/li>\n<\/ol>\n<p><strong>Not\u00edcias em Destaque<\/strong><\/p>\n<p style=\"text-align: right;\"><em>Fonte: Ascom\/PMS<\/em><\/p>\n","protected":false},"excerpt":{"rendered":"<p>A Prefeitura de Sum\u00e9, Estado da Para\u00edba, torna p\u00fablico o edital de convoca\u00e7\u00e3o n\u00ba 26\/2026 do Processo Seletivo Simplificado n\u00ba 04\/2025, para contrata\u00e7\u00e3o por tempo determinado, de excepcional interesse p\u00fablico de\u00a0Cuidador(a) Educacional,\u00a0de\u00a0Professor(a) de Ensino Fundamental \u2013 Anos Iniciais e\u00a0Auxiliar de Desenvolvimento Cognitivo Infantil \u2013 ADCI.\u00a0\u00a0O(s) convocado(s) deve(m) comparecer \u00e0 Secretaria de Administra\u00e7\u00e3o\/Setor de contratos, localizada na Avenida Primeiro de Abril, n\u00ba 379, nesta Cidade,\u00a0at\u00e9 \u00e0s 14h do dia 02\/09\/2026, para entrega de documentos e posteriormente assinatura do contrato. \u00a0CUIDADOR(A) EDUCACIONAL \u00a0 NOMES SITUA\u00c7\u00c3O 1. ANE GISELLE AMORIM DOS SANTOS TOMAZ CLASSIFICADO(A) \u00a0 PROFESSOR DE ENSINO FUNDAMENTAL \u2013 ANOS INICIAIS \u00a0 NOMES SITUA\u00c7\u00c3O 1. ANA PAULA DA SILVA ARAUJO CLASSIFICADO(A) &nbsp; AUXILIAR DE DESENVOLVIMENTO COGNITIVO INFANTIL \u2013 ADCI \u00a0 NOMES SITUA\u00c7\u00c3O 1. JADIANE RODRIGUES DA COSTA CLASSIFICADO(A) &nbsp; CHECK LIST \u2013 DOCUMENTOS EXIGIDOS\/C\u00d3PIAS SIMPLES CERTID\u00c3O NASCIMENTO OU CASAMENTO; RG E CPF; CARTEIRA DE TRABALHO \u2013 CTPS; CERTID\u00c3O INSCRI\u00c7\u00c3O PIS\/PASEP (Caso ainda n\u00e3o possua, o RH ir\u00e1, fornecer formul\u00e1rio preenchido com seus dados, para solicita\u00e7\u00e3o junto ao Banco do Brasil) \u2013 N\u00c3O SERVE NIS; DOCUMENTO COMPROBAT\u00d3RIO DE REGULARIZA\u00c7\u00c3O DO SERVI\u00c7O MILITAR (Sexo masculino) COMPROVA\u00c7\u00c3O DE ESCOLARIDADE EXIGIDA COMPAT\u00cdVEL COM O CARGO; CERTID\u00c3O DE NASCIMENTO (E CPF) DOS FILHOS MENORES DE 14 ANOS; UMA FOTOS 3X4 RECENTES; CPF DO PAI E M\u00c3E (se vivos); COMPROVANTE DE RESID\u00caNCIA ATUALIZADO; N\u00daMEROS TELEF\u00d4NICOS PARA CONTATO; DECLARA\u00c7\u00c3O EXPRESSA DE ACUMULA\u00c7\u00c3O, OU N\u00c3O, DE CARGO OU APOSENTADORIA. CASO POSSUA (Comprovar a denomina\u00e7\u00e3o do cargo, a carga hor\u00e1ria e o ente p\u00fablico de lota\u00e7\u00e3o).\u00a0CASO N\u00c3O POSSUA V\u00cdNCULO SER\u00c1 FEITO NO ATO DA ASSINATURA DO CONTRATO; CERTID\u00c3O CRIMINAL (Federal e Estadual), COMPROVANDO N\u00c3O RESPONDER A A\u00c7\u00c3O PENAL EM QUALQUER INSTANCIA JUDICIAL; T\u00cdTULO DE ELEITOR COM COMPROVANTE DE QUITA\u00c7\u00c3O ELEITORAL; LAUDO DE APTID\u00c3O F\u00cdSICA (Fornecido por Cl\u00ednico Geral). Not\u00edcias em Destaque Fonte: Ascom\/PMS<\/p>\n","protected":false},"author":2,"featured_media":81486,"comment_status":"closed","ping_status":"closed","sticky":false,"template":"","format":"standard","meta":{"_eb_attr":"","_jetpack_memberships_contains_paid_content":false,"footnotes":""},"categories":[3],"tags":[],"class_list":["post-81485","post","type-post","status-publish","format-standard","has-post-thumbnail","hentry","category-cidades"],"yoast_head":"<!-- This site is optimized with the Yoast SEO plugin v26.5 - https:\/\/yoast.com\/wordpress\/plugins\/seo\/ -->\n<title>Prefeitura de Sum\u00e9 faz nova convoca\u00e7\u00e3o de cuidador, professor e auxiliar de desenvolvimento cognitivo infantil - Not&iacute;cias em Destaque<\/title>\n<meta name=\"robots\" content=\"index, follow, max-snippet:-1, max-image-preview:large, max-video-preview:-1\" \/>\n<link rel=\"canonical\" href=\"https:\/\/noticiasemdestaque.com\/cd\/?p=81485\" \/>\n<meta property=\"og:locale\" content=\"pt_BR\" \/>\n<meta property=\"og:type\" content=\"article\" \/>\n<meta property=\"og:title\" content=\"Prefeitura de Sum\u00e9 faz nova convoca\u00e7\u00e3o de cuidador, professor e auxiliar de desenvolvimento cognitivo infantil - Not&iacute;cias em Destaque\" \/>\n<meta property=\"og:description\" content=\"A Prefeitura de Sum\u00e9, Estado da Para\u00edba, torna p\u00fablico o edital de convoca\u00e7\u00e3o n\u00ba 26\/2026 do Processo Seletivo Simplificado n\u00ba 04\/2025, para contrata\u00e7\u00e3o por tempo determinado, de excepcional interesse p\u00fablico de\u00a0Cuidador(a) Educacional,\u00a0de\u00a0Professor(a) de Ensino Fundamental \u2013 Anos Iniciais e\u00a0Auxiliar de Desenvolvimento Cognitivo Infantil \u2013 ADCI.\u00a0\u00a0O(s) convocado(s) deve(m) comparecer \u00e0 Secretaria de Administra\u00e7\u00e3o\/Setor de contratos, localizada na Avenida Primeiro de Abril, n\u00ba 379, nesta Cidade,\u00a0at\u00e9 \u00e0s 14h do dia 02\/09\/2026, para entrega de documentos e posteriormente assinatura do contrato. \u00a0CUIDADOR(A) EDUCACIONAL \u00a0 NOMES SITUA\u00c7\u00c3O 1. ANE GISELLE AMORIM DOS SANTOS TOMAZ CLASSIFICADO(A) \u00a0 PROFESSOR DE ENSINO FUNDAMENTAL \u2013 ANOS INICIAIS \u00a0 NOMES SITUA\u00c7\u00c3O 1. ANA PAULA DA SILVA ARAUJO CLASSIFICADO(A) &nbsp; AUXILIAR DE DESENVOLVIMENTO COGNITIVO INFANTIL \u2013 ADCI \u00a0 NOMES SITUA\u00c7\u00c3O 1. JADIANE RODRIGUES DA COSTA CLASSIFICADO(A) &nbsp; CHECK LIST \u2013 DOCUMENTOS EXIGIDOS\/C\u00d3PIAS SIMPLES CERTID\u00c3O NASCIMENTO OU CASAMENTO; RG E CPF; CARTEIRA DE TRABALHO \u2013 CTPS; CERTID\u00c3O INSCRI\u00c7\u00c3O PIS\/PASEP (Caso ainda n\u00e3o possua, o RH ir\u00e1, fornecer formul\u00e1rio preenchido com seus dados, para solicita\u00e7\u00e3o junto ao Banco do Brasil) \u2013 N\u00c3O SERVE NIS; DOCUMENTO COMPROBAT\u00d3RIO DE REGULARIZA\u00c7\u00c3O DO SERVI\u00c7O MILITAR (Sexo masculino) COMPROVA\u00c7\u00c3O DE ESCOLARIDADE EXIGIDA COMPAT\u00cdVEL COM O CARGO; CERTID\u00c3O DE NASCIMENTO (E CPF) DOS FILHOS MENORES DE 14 ANOS; UMA FOTOS 3X4 RECENTES; CPF DO PAI E M\u00c3E (se vivos); COMPROVANTE DE RESID\u00caNCIA ATUALIZADO; N\u00daMEROS TELEF\u00d4NICOS PARA CONTATO; DECLARA\u00c7\u00c3O EXPRESSA DE ACUMULA\u00c7\u00c3O, OU N\u00c3O, DE CARGO OU APOSENTADORIA. CASO POSSUA (Comprovar a denomina\u00e7\u00e3o do cargo, a carga hor\u00e1ria e o ente p\u00fablico de lota\u00e7\u00e3o).\u00a0CASO N\u00c3O POSSUA V\u00cdNCULO SER\u00c1 FEITO NO ATO DA ASSINATURA DO CONTRATO; CERTID\u00c3O CRIMINAL (Federal e Estadual), COMPROVANDO N\u00c3O RESPONDER A A\u00c7\u00c3O PENAL EM QUALQUER INSTANCIA JUDICIAL; T\u00cdTULO DE ELEITOR COM COMPROVANTE DE QUITA\u00c7\u00c3O ELEITORAL; LAUDO DE APTID\u00c3O F\u00cdSICA (Fornecido por Cl\u00ednico Geral). Not\u00edcias em Destaque Fonte: Ascom\/PMS\" \/>\n<meta property=\"og:url\" content=\"https:\/\/noticiasemdestaque.com\/cd\/?p=81485\" \/>\n<meta property=\"og:site_name\" content=\"Not&iacute;cias em Destaque\" \/>\n<meta property=\"article:published_time\" content=\"2026-09-01T11:32:08+00:00\" \/>\n<meta property=\"article:modified_time\" content=\"2026-09-01T11:32:09+00:00\" \/>\n<meta property=\"og:image\" content=\"https:\/\/noticiasemdestaque.com\/cd\/wp-content\/uploads\/2026\/09\/Logo-SEDUC-735x450-1.jpg\" \/>\n\t<meta property=\"og:image:width\" content=\"735\" \/>\n\t<meta property=\"og:image:height\" content=\"450\" \/>\n\t<meta property=\"og:image:type\" content=\"image\/jpeg\" \/>\n<meta name=\"author\" content=\"Not\u00edcias em Destaque\" \/>\n<meta name=\"twitter:card\" content=\"summary_large_image\" \/>\n<meta name=\"twitter:label1\" content=\"Escrito por\" \/>\n\t<meta name=\"twitter:data1\" content=\"Not\u00edcias em Destaque\" \/>\n\t<meta name=\"twitter:label2\" content=\"Est. tempo de leitura\" \/>\n\t<meta name=\"twitter:data2\" content=\"2 minutos\" \/>\n<script type=\"application\/ld+json\" class=\"yoast-schema-graph\">{\"@context\":\"https:\/\/schema.org\",\"@graph\":[{\"@type\":\"Article\",\"@id\":\"https:\/\/noticiasemdestaque.com\/cd\/?p=81485#article\",\"isPartOf\":{\"@id\":\"https:\/\/noticiasemdestaque.com\/cd\/?p=81485\"},\"author\":{\"name\":\"Not\u00edcias em Destaque\",\"@id\":\"https:\/\/noticiasemdestaque.com\/cd\/#\/schema\/person\/a978acbbda55eca5b71ccb9421897bb0\"},\"headline\":\"Prefeitura de Sum\u00e9 faz nova convoca\u00e7\u00e3o de cuidador, professor e auxiliar de desenvolvimento cognitivo infantil\",\"datePublished\":\"2026-09-01T11:32:08+00:00\",\"dateModified\":\"2026-09-01T11:32:09+00:00\",\"mainEntityOfPage\":{\"@id\":\"https:\/\/noticiasemdestaque.com\/cd\/?p=81485\"},\"wordCount\":353,\"publisher\":{\"@id\":\"https:\/\/noticiasemdestaque.com\/cd\/#organization\"},\"image\":{\"@id\":\"https:\/\/noticiasemdestaque.com\/cd\/?p=81485#primaryimage\"},\"thumbnailUrl\":\"https:\/\/noticiasemdestaque.com\/cd\/wp-content\/uploads\/2026\/09\/Logo-SEDUC-735x450-1.jpg\",\"articleSection\":[\"Cidades\"],\"inLanguage\":\"pt-BR\"},{\"@type\":\"WebPage\",\"@id\":\"https:\/\/noticiasemdestaque.com\/cd\/?p=81485\",\"url\":\"https:\/\/noticiasemdestaque.com\/cd\/?p=81485\",\"name\":\"Prefeitura de Sum\u00e9 faz nova convoca\u00e7\u00e3o de cuidador, professor e auxiliar de desenvolvimento cognitivo infantil - Not&iacute;cias em Destaque\",\"isPartOf\":{\"@id\":\"https:\/\/noticiasemdestaque.com\/cd\/#website\"},\"primaryImageOfPage\":{\"@id\":\"https:\/\/noticiasemdestaque.com\/cd\/?p=81485#primaryimage\"},\"image\":{\"@id\":\"https:\/\/noticiasemdestaque.com\/cd\/?p=81485#primaryimage\"},\"thumbnailUrl\":\"https:\/\/noticiasemdestaque.com\/cd\/wp-content\/uploads\/2026\/09\/Logo-SEDUC-735x450-1.jpg\",\"datePublished\":\"2026-09-01T11:32:08+00:00\",\"dateModified\":\"2026-09-01T11:32:09+00:00\",\"breadcrumb\":{\"@id\":\"https:\/\/noticiasemdestaque.com\/cd\/?p=81485#breadcrumb\"},\"inLanguage\":\"pt-BR\",\"potentialAction\":[{\"@type\":\"ReadAction\",\"target\":[\"https:\/\/noticiasemdestaque.com\/cd\/?p=81485\"]}]},{\"@type\":\"ImageObject\",\"inLanguage\":\"pt-BR\",\"@id\":\"https:\/\/noticiasemdestaque.com\/cd\/?p=81485#primaryimage\",\"url\":\"https:\/\/noticiasemdestaque.com\/cd\/wp-content\/uploads\/2026\/09\/Logo-SEDUC-735x450-1.jpg\",\"contentUrl\":\"https:\/\/noticiasemdestaque.com\/cd\/wp-content\/uploads\/2026\/09\/Logo-SEDUC-735x450-1.jpg\",\"width\":735,\"height\":450},{\"@type\":\"BreadcrumbList\",\"@id\":\"https:\/\/noticiasemdestaque.com\/cd\/?p=81485#breadcrumb\",\"itemListElement\":[{\"@type\":\"ListItem\",\"position\":1,\"name\":\"In\u00edcio\",\"item\":\"https:\/\/noticiasemdestaque.com\/cd\/\"},{\"@type\":\"ListItem\",\"position\":2,\"name\":\"Prefeitura de Sum\u00e9 faz nova convoca\u00e7\u00e3o de cuidador, professor e auxiliar de desenvolvimento cognitivo infantil\"}]},{\"@type\":\"WebSite\",\"@id\":\"https:\/\/noticiasemdestaque.com\/cd\/#website\",\"url\":\"https:\/\/noticiasemdestaque.com\/cd\/\",\"name\":\"Not&iacute;cias em Destaque\",\"description\":\"\",\"publisher\":{\"@id\":\"https:\/\/noticiasemdestaque.com\/cd\/#organization\"},\"potentialAction\":[{\"@type\":\"SearchAction\",\"target\":{\"@type\":\"EntryPoint\",\"urlTemplate\":\"https:\/\/noticiasemdestaque.com\/cd\/?s={search_term_string}\"},\"query-input\":{\"@type\":\"PropertyValueSpecification\",\"valueRequired\":true,\"valueName\":\"search_term_string\"}}],\"inLanguage\":\"pt-BR\"},{\"@type\":\"Organization\",\"@id\":\"https:\/\/noticiasemdestaque.com\/cd\/#organization\",\"name\":\"Not\u00edcias em Destaque\",\"url\":\"https:\/\/noticiasemdestaque.com\/cd\/\",\"logo\":{\"@type\":\"ImageObject\",\"inLanguage\":\"pt-BR\",\"@id\":\"https:\/\/noticiasemdestaque.com\/cd\/#\/schema\/logo\/image\/\",\"url\":\"https:\/\/noticiasemdestaque.com\/cd\/wp-content\/uploads\/2022\/05\/imagem-base-noticiasemdestaque.png\",\"contentUrl\":\"https:\/\/noticiasemdestaque.com\/cd\/wp-content\/uploads\/2022\/05\/imagem-base-noticiasemdestaque.png\",\"width\":1200,\"height\":630,\"caption\":\"Not\u00edcias em Destaque\"},\"image\":{\"@id\":\"https:\/\/noticiasemdestaque.com\/cd\/#\/schema\/logo\/image\/\"}},{\"@type\":\"Person\",\"@id\":\"https:\/\/noticiasemdestaque.com\/cd\/#\/schema\/person\/a978acbbda55eca5b71ccb9421897bb0\",\"name\":\"Not\u00edcias em Destaque\",\"url\":\"https:\/\/noticiasemdestaque.com\/cd\/?author=2\"}]}<\/script>\n<!-- \/ Yoast SEO plugin. -->","yoast_head_json":{"title":"Prefeitura de Sum\u00e9 faz nova convoca\u00e7\u00e3o de cuidador, professor e auxiliar de desenvolvimento cognitivo infantil - Not&iacute;cias em Destaque","robots":{"index":"index","follow":"follow","max-snippet":"max-snippet:-1","max-image-preview":"max-image-preview:large","max-video-preview":"max-video-preview:-1"},"canonical":"https:\/\/noticiasemdestaque.com\/cd\/?p=81485","og_locale":"pt_BR","og_type":"article","og_title":"Prefeitura de Sum\u00e9 faz nova convoca\u00e7\u00e3o de cuidador, professor e auxiliar de desenvolvimento cognitivo infantil - Not&iacute;cias em Destaque","og_description":"A Prefeitura de Sum\u00e9, Estado da Para\u00edba, torna p\u00fablico o edital de convoca\u00e7\u00e3o n\u00ba 26\/2026 do Processo Seletivo Simplificado n\u00ba 04\/2025, para contrata\u00e7\u00e3o por tempo determinado, de excepcional interesse p\u00fablico de\u00a0Cuidador(a) Educacional,\u00a0de\u00a0Professor(a) de Ensino Fundamental \u2013 Anos Iniciais e\u00a0Auxiliar de Desenvolvimento Cognitivo Infantil \u2013 ADCI.\u00a0\u00a0O(s) convocado(s) deve(m) comparecer \u00e0 Secretaria de Administra\u00e7\u00e3o\/Setor de contratos, localizada na Avenida Primeiro de Abril, n\u00ba 379, nesta Cidade,\u00a0at\u00e9 \u00e0s 14h do dia 02\/09\/2026, para entrega de documentos e posteriormente assinatura do contrato. \u00a0CUIDADOR(A) EDUCACIONAL \u00a0 NOMES SITUA\u00c7\u00c3O 1. ANE GISELLE AMORIM DOS SANTOS TOMAZ CLASSIFICADO(A) \u00a0 PROFESSOR DE ENSINO FUNDAMENTAL \u2013 ANOS INICIAIS \u00a0 NOMES SITUA\u00c7\u00c3O 1. ANA PAULA DA SILVA ARAUJO CLASSIFICADO(A) &nbsp; AUXILIAR DE DESENVOLVIMENTO COGNITIVO INFANTIL \u2013 ADCI \u00a0 NOMES SITUA\u00c7\u00c3O 1. JADIANE RODRIGUES DA COSTA CLASSIFICADO(A) &nbsp; CHECK LIST \u2013 DOCUMENTOS EXIGIDOS\/C\u00d3PIAS SIMPLES CERTID\u00c3O NASCIMENTO OU CASAMENTO; RG E CPF; CARTEIRA DE TRABALHO \u2013 CTPS; CERTID\u00c3O INSCRI\u00c7\u00c3O PIS\/PASEP (Caso ainda n\u00e3o possua, o RH ir\u00e1, fornecer formul\u00e1rio preenchido com seus dados, para solicita\u00e7\u00e3o junto ao Banco do Brasil) \u2013 N\u00c3O SERVE NIS; DOCUMENTO COMPROBAT\u00d3RIO DE REGULARIZA\u00c7\u00c3O DO SERVI\u00c7O MILITAR (Sexo masculino) COMPROVA\u00c7\u00c3O DE ESCOLARIDADE EXIGIDA COMPAT\u00cdVEL COM O CARGO; CERTID\u00c3O DE NASCIMENTO (E CPF) DOS FILHOS MENORES DE 14 ANOS; UMA FOTOS 3X4 RECENTES; CPF DO PAI E M\u00c3E (se vivos); COMPROVANTE DE RESID\u00caNCIA ATUALIZADO; N\u00daMEROS TELEF\u00d4NICOS PARA CONTATO; DECLARA\u00c7\u00c3O EXPRESSA DE ACUMULA\u00c7\u00c3O, OU N\u00c3O, DE CARGO OU APOSENTADORIA. CASO POSSUA (Comprovar a denomina\u00e7\u00e3o do cargo, a carga hor\u00e1ria e o ente p\u00fablico de lota\u00e7\u00e3o).\u00a0CASO N\u00c3O POSSUA V\u00cdNCULO SER\u00c1 FEITO NO ATO DA ASSINATURA DO CONTRATO; CERTID\u00c3O CRIMINAL (Federal e Estadual), COMPROVANDO N\u00c3O RESPONDER A A\u00c7\u00c3O PENAL EM QUALQUER INSTANCIA JUDICIAL; T\u00cdTULO DE ELEITOR COM COMPROVANTE DE QUITA\u00c7\u00c3O ELEITORAL; LAUDO DE APTID\u00c3O F\u00cdSICA (Fornecido por Cl\u00ednico Geral). Not\u00edcias em Destaque Fonte: Ascom\/PMS","og_url":"https:\/\/noticiasemdestaque.com\/cd\/?p=81485","og_site_name":"Not&iacute;cias em Destaque","article_published_time":"2026-09-01T11:32:08+00:00","article_modified_time":"2026-09-01T11:32:09+00:00","og_image":[{"width":735,"height":450,"url":"https:\/\/noticiasemdestaque.com\/cd\/wp-content\/uploads\/2026\/09\/Logo-SEDUC-735x450-1.jpg","type":"image\/jpeg"}],"author":"Not\u00edcias em Destaque","twitter_card":"summary_large_image","twitter_misc":{"Escrito por":"Not\u00edcias em Destaque","Est. tempo de leitura":"2 minutos"},"schema":{"@context":"https:\/\/schema.org","@graph":[{"@type":"Article","@id":"https:\/\/noticiasemdestaque.com\/cd\/?p=81485#article","isPartOf":{"@id":"https:\/\/noticiasemdestaque.com\/cd\/?p=81485"},"author":{"name":"Not\u00edcias em Destaque","@id":"https:\/\/noticiasemdestaque.com\/cd\/#\/schema\/person\/a978acbbda55eca5b71ccb9421897bb0"},"headline":"Prefeitura de Sum\u00e9 faz nova convoca\u00e7\u00e3o de cuidador, professor e auxiliar de desenvolvimento cognitivo infantil","datePublished":"2026-09-01T11:32:08+00:00","dateModified":"2026-09-01T11:32:09+00:00","mainEntityOfPage":{"@id":"https:\/\/noticiasemdestaque.com\/cd\/?p=81485"},"wordCount":353,"publisher":{"@id":"https:\/\/noticiasemdestaque.com\/cd\/#organization"},"image":{"@id":"https:\/\/noticiasemdestaque.com\/cd\/?p=81485#primaryimage"},"thumbnailUrl":"https:\/\/noticiasemdestaque.com\/cd\/wp-content\/uploads\/2026\/09\/Logo-SEDUC-735x450-1.jpg","articleSection":["Cidades"],"inLanguage":"pt-BR"},{"@type":"WebPage","@id":"https:\/\/noticiasemdestaque.com\/cd\/?p=81485","url":"https:\/\/noticiasemdestaque.com\/cd\/?p=81485","name":"Prefeitura de Sum\u00e9 faz nova convoca\u00e7\u00e3o de cuidador, professor e auxiliar de desenvolvimento cognitivo infantil - Not&iacute;cias em Destaque","isPartOf":{"@id":"https:\/\/noticiasemdestaque.com\/cd\/#website"},"primaryImageOfPage":{"@id":"https:\/\/noticiasemdestaque.com\/cd\/?p=81485#primaryimage"},"image":{"@id":"https:\/\/noticiasemdestaque.com\/cd\/?p=81485#primaryimage"},"thumbnailUrl":"https:\/\/noticiasemdestaque.com\/cd\/wp-content\/uploads\/2026\/09\/Logo-SEDUC-735x450-1.jpg","datePublished":"2026-09-01T11:32:08+00:00","dateModified":"2026-09-01T11:32:09+00:00","breadcrumb":{"@id":"https:\/\/noticiasemdestaque.com\/cd\/?p=81485#breadcrumb"},"inLanguage":"pt-BR","potentialAction":[{"@type":"ReadAction","target":["https:\/\/noticiasemdestaque.com\/cd\/?p=81485"]}]},{"@type":"ImageObject","inLanguage":"pt-BR","@id":"https:\/\/noticiasemdestaque.com\/cd\/?p=81485#primaryimage","url":"https:\/\/noticiasemdestaque.com\/cd\/wp-content\/uploads\/2026\/09\/Logo-SEDUC-735x450-1.jpg","contentUrl":"https:\/\/noticiasemdestaque.com\/cd\/wp-content\/uploads\/2026\/09\/Logo-SEDUC-735x450-1.jpg","width":735,"height":450},{"@type":"BreadcrumbList","@id":"https:\/\/noticiasemdestaque.com\/cd\/?p=81485#breadcrumb","itemListElement":[{"@type":"ListItem","position":1,"name":"In\u00edcio","item":"https:\/\/noticiasemdestaque.com\/cd\/"},{"@type":"ListItem","position":2,"name":"Prefeitura de Sum\u00e9 faz nova convoca\u00e7\u00e3o de cuidador, professor e auxiliar de desenvolvimento cognitivo infantil"}]},{"@type":"WebSite","@id":"https:\/\/noticiasemdestaque.com\/cd\/#website","url":"https:\/\/noticiasemdestaque.com\/cd\/","name":"Not&iacute;cias em Destaque","description":"","publisher":{"@id":"https:\/\/noticiasemdestaque.com\/cd\/#organization"},"potentialAction":[{"@type":"SearchAction","target":{"@type":"EntryPoint","urlTemplate":"https:\/\/noticiasemdestaque.com\/cd\/?s={search_term_string}"},"query-input":{"@type":"PropertyValueSpecification","valueRequired":true,"valueName":"search_term_string"}}],"inLanguage":"pt-BR"},{"@type":"Organization","@id":"https:\/\/noticiasemdestaque.com\/cd\/#organization","name":"Not\u00edcias em Destaque","url":"https:\/\/noticiasemdestaque.com\/cd\/","logo":{"@type":"ImageObject","inLanguage":"pt-BR","@id":"https:\/\/noticiasemdestaque.com\/cd\/#\/schema\/logo\/image\/","url":"https:\/\/noticiasemdestaque.com\/cd\/wp-content\/uploads\/2022\/05\/imagem-base-noticiasemdestaque.png","contentUrl":"https:\/\/noticiasemdestaque.com\/cd\/wp-content\/uploads\/2022\/05\/imagem-base-noticiasemdestaque.png","width":1200,"height":630,"caption":"Not\u00edcias em Destaque"},"image":{"@id":"https:\/\/noticiasemdestaque.com\/cd\/#\/schema\/logo\/image\/"}},{"@type":"Person","@id":"https:\/\/noticiasemdestaque.com\/cd\/#\/schema\/person\/a978acbbda55eca5b71ccb9421897bb0","name":"Not\u00edcias em Destaque","url":"https:\/\/noticiasemdestaque.com\/cd\/?author=2"}]}},"jetpack_featured_media_url":"https:\/\/noticiasemdestaque.com\/cd\/wp-content\/uploads\/2026\/09\/Logo-SEDUC-735x450-1.jpg","jetpack_sharing_enabled":true,"_links":{"self":[{"href":"https:\/\/noticiasemdestaque.com\/cd\/index.php?rest_route=\/wp\/v2\/posts\/81485","targetHints":{"allow":["GET"]}}],"collection":[{"href":"https:\/\/noticiasemdestaque.com\/cd\/index.php?rest_route=\/wp\/v2\/posts"}],"about":[{"href":"https:\/\/noticiasemdestaque.com\/cd\/index.php?rest_route=\/wp\/v2\/types\/post"}],"author":[{"embeddable":true,"href":"https:\/\/noticiasemdestaque.com\/cd\/index.php?rest_route=\/wp\/v2\/users\/2"}],"replies":[{"embeddable":true,"href":"https:\/\/noticiasemdestaque.com\/cd\/index.php?rest_route=%2Fwp%2Fv2%2Fcomments&post=81485"}],"version-history":[{"count":1,"href":"https:\/\/noticiasemdestaque.com\/cd\/index.php?rest_route=\/wp\/v2\/posts\/81485\/revisions"}],"predecessor-version":[{"id":81487,"href":"https:\/\/noticiasemdestaque.com\/cd\/index.php?rest_route=\/wp\/v2\/posts\/81485\/revisions\/81487"}],"wp:featuredmedia":[{"embeddable":true,"href":"https:\/\/noticiasemdestaque.com\/cd\/index.php?rest_route=\/wp\/v2\/media\/81486"}],"wp:attachment":[{"href":"https:\/\/noticiasemdestaque.com\/cd\/index.php?rest_route=%2Fwp%2Fv2%2Fmedia&parent=81485"}],"wp:term":[{"taxonomy":"category","embeddable":true,"href":"https:\/\/noticiasemdestaque.com\/cd\/index.php?rest_route=%2Fwp%2Fv2%2Fcategories&post=81485"},{"taxonomy":"post_tag","embeddable":true,"href":"https:\/\/noticiasemdestaque.com\/cd\/index.php?rest_route=%2Fwp%2Fv2%2Ftags&post=81485"}],"curies":[{"name":"wp","href":"https:\/\/api.w.org\/{rel}","templated":true}]}}