{"id":81480,"date":"2026-09-01T08:19:26","date_gmt":"2026-09-01T11:19:26","guid":{"rendered":"https:\/\/noticiasemdestaque.com\/cd\/?p=81480"},"modified":"2026-09-01T08:20:47","modified_gmt":"2026-09-01T11:20:47","slug":"ifpb-abre-inscricoes-para-mais-de-4-mil-vagas-em-cursos-tecnicos","status":"publish","type":"post","link":"https:\/\/noticiasemdestaque.com\/cd\/?p=81480","title":{"rendered":"IFPB abre inscri\u00e7\u00f5es para mais de 4 mil vagas em cursos t\u00e9cnicos"},"content":{"rendered":"<div id=\"chunk-eqfjf\">\n<div class=\"mc-column content-text active-extra-styles \" data-block-type=\"unstyled\" data-block-weight=\"32\" data-block-id=\"3\">\n<p data-track-category=\"Link no Texto\" data-track-links=\"\" data-mrf-recirculation=\"Mat\u00e9ria - Links no Texto\"><a href=\"https:\/\/noticiasemdestaque.com\/cd\/wp-content\/uploads\/2026\/09\/ifpb.webp\"><img fetchpriority=\"high\" decoding=\"async\" class=\" wp-image-81481 aligncenter\" src=\"https:\/\/noticiasemdestaque.com\/cd\/wp-content\/uploads\/2026\/09\/ifpb-300x225.webp\" alt=\"\" width=\"1081\" height=\"811\" srcset=\"https:\/\/noticiasemdestaque.com\/cd\/wp-content\/uploads\/2026\/09\/ifpb-300x225.webp 300w, https:\/\/noticiasemdestaque.com\/cd\/wp-content\/uploads\/2026\/09\/ifpb-768x576.webp 768w, https:\/\/noticiasemdestaque.com\/cd\/wp-content\/uploads\/2026\/09\/ifpb.webp 984w\" sizes=\"(max-width: 1081px) 100vw, 1081px\" \/><\/a><\/p>\n<p class=\" content-text__container \" data-track-category=\"Link no Texto\" data-track-links=\"\" data-mrf-recirculation=\"Mat\u00e9ria - Links no Texto\">O Instituto Federal da Para\u00edba (IFPB) e o Instituto Federal do Sert\u00e3o Paraibano (IF Sert\u00e3o-PB) abriram 4.155 vagas para cursos t\u00e9cnicos gatuitos na Para\u00edba, com ingresso no primeiro semestre de 2027.<\/p>\n<\/div>\n<\/div>\n<div class=\"wall protected-content\">\n<div id=\"chunk-drsio\">\n<div class=\"mc-column content-text active-extra-styles \" data-block-type=\"unstyled\" data-block-weight=\"26\" data-block-id=\"6\">\n<p class=\" content-text__container \" data-track-category=\"Link no Texto\" data-track-links=\"\" data-mrf-recirculation=\"Mat\u00e9ria - Links no Texto\">Ao todo, s\u00e3o 3.120 para cursos t\u00e9cnicos integrados ao ensino m\u00e9dio e 1.035 para cursos subsequentes. A sele\u00e7\u00e3o ser\u00e1 feita de forma unificada pelas duas institui\u00e7\u00f5es.<\/p>\n<\/div>\n<\/div>\n<div id=\"chunk-e77c5\">\n<div class=\"mc-column content-text active-extra-styles \" data-block-type=\"unstyled\" data-block-weight=\"26\" data-block-id=\"8\">\n<p class=\" content-text__container \" data-track-category=\"Link no Texto\" data-track-links=\"\" data-mrf-recirculation=\"Mat\u00e9ria - Links no Texto\">As inscri\u00e7\u00f5es come\u00e7am em 2 de setembro de 2026 e seguem at\u00e9 5 de outubro, exclusivamente pela internet, atrav\u00e9s do\u00a0<a class=\"\" href=\"https:\/\/estudante.ifpb.edu.br\/processoseletivo\/processo\/1\/\" target=\"_blank\" rel=\"noopener\" data-mrf-link=\"https:\/\/estudante.ifpb.edu.br\/processoseletivo\/processo\/1\/\"><strong>Portal do Estudante do IFPB .<\/strong><\/a><\/p>\n<\/div>\n<\/div>\n<div id=\"chunk-54ug5\">\n<div class=\"mc-column content-text active-extra-styles\" data-block-type=\"raw\" data-block-weight=\"4\" data-block-id=\"11\">\n<div class=\"content-intertitle\">\n<h2>Quem pode se inscrever<\/h2>\n<\/div>\n<\/div>\n<\/div>\n<div id=\"chunk-25a69\">\n<div class=\"mc-column content-text active-extra-styles \" data-block-type=\"unstyled\" data-block-weight=\"30\" data-block-id=\"12\">\n<p class=\" content-text__container \" data-track-category=\"Link no Texto\" data-track-links=\"\" data-mrf-recirculation=\"Mat\u00e9ria - Links no Texto\">As 3.120 vagas dos cursos integrados s\u00e3o destinadas a estudantes que j\u00e1 conclu\u00edram o ensino fundamental e querem fazer, ao mesmo tempo, o ensino m\u00e9dio e uma forma\u00e7\u00e3o profissional t\u00e9cnica.<\/p>\n<\/div>\n<\/div>\n<div id=\"chunk-dkfr7\">\n<div class=\"mc-column content-text active-extra-styles \" data-block-type=\"unstyled\" data-block-weight=\"20\" data-block-id=\"13\">\n<p class=\" content-text__container \" data-track-category=\"Link no Texto\" data-track-links=\"\" data-mrf-recirculation=\"Mat\u00e9ria - Links no Texto\">J\u00e1 as 1.035 vagas dos cursos subsequentes s\u00e3o para pessoas que conclu\u00edram o ensino m\u00e9dio e buscam uma forma\u00e7\u00e3o t\u00e9cnica.<\/p>\n<\/div>\n<\/div>\n<div id=\"chunk-7i3q3\">\n<div class=\"mc-column content-text active-extra-styles \" data-block-type=\"unstyled\" data-block-weight=\"39\" data-block-id=\"14\">\n<p class=\" content-text__container \" data-track-category=\"Link no Texto\" data-track-links=\"\" data-mrf-recirculation=\"Mat\u00e9ria - Links no Texto\">As vagas para os cursos t\u00e9cnicos integrados est\u00e3o dispon\u00edveis nos Campi de Cabedelo, Cabedelo Centro, Campina Grande, Catol\u00e9 do Rocha, Esperan\u00e7a, Guarabira, Itabaiana, Itaporanga,\u00a0Jo\u00e3o Pessoa, Patos, Pedras de Fogo, Picu\u00ed, Princesa Isabel, Santa Luzia, Santa Rita e Sousa.<\/p>\n<\/div>\n<\/div>\n<div id=\"chunk-7l5er\">\n<div class=\"mc-column content-text active-extra-styles \" data-block-type=\"unstyled\" data-block-weight=\"26\" data-block-id=\"15\">\n<p class=\" content-text__container \" data-track-category=\"Link no Texto\" data-track-links=\"\" data-mrf-recirculation=\"Mat\u00e9ria - Links no Texto\">J\u00e1 os cursos subsequentes est\u00e3o dispon\u00edveis nos Campi de Areia, Cabedelo Centro, Cajazeiras, Campina Grande, Itabaiana, Jo\u00e3o Pessoa, Patos, Pedras de Fogo, Princesa Isabel e Sousa.<\/p>\n<\/div>\n<\/div>\n<div id=\"chunk-dtvbe\">\n<div class=\"mc-column content-text active-extra-styles\" data-block-type=\"raw\" data-block-weight=\"2\" data-block-id=\"17\">\n<div class=\"content-intertitle\">\n<h2>Cursos dispon\u00edveis<\/h2>\n<\/div>\n<\/div>\n<\/div>\n<div id=\"chunk-crnpu\">\n<div class=\"mc-column content-text active-extra-styles \" data-block-type=\"unstyled\" data-block-weight=\"8\" data-block-id=\"18\">\n<p class=\" content-text__container \" data-track-category=\"Link no Texto\" data-track-links=\"\" data-mrf-recirculation=\"Mat\u00e9ria - Links no Texto\">Nos cursos integrados ao ensino m\u00e9dio, est\u00e3o dispon\u00edveis:<\/p>\n<\/div>\n<\/div>\n<div id=\"chunk-f5met\">\n<div class=\"mc-column content-text active-extra-styles\" data-block-type=\"raw\" data-block-weight=\"40\" data-block-id=\"19\">\n<ul class=\"content-unordered-list\" data-mrf-recirculation=\"Mat\u00e9ria - Leia Tamb\u00e9m (Lista)\">\n<li>Administra\u00e7\u00e3o<\/li>\n<li>Agroind\u00fastria<\/li>\n<li>Agropecu\u00e1ria<\/li>\n<li>Automa\u00e7\u00e3o Industrial<\/li>\n<li>Contabilidade<\/li>\n<li>Controle Ambiental<\/li>\n<li>Design de Moda<\/li>\n<li>Edifica\u00e7\u00f5es<\/li>\n<li>Eletromec\u00e2nica<\/li>\n<li>Eletr\u00f4nica<\/li>\n<li>Eletrot\u00e9cnica<\/li>\n<li>Geologia<\/li>\n<li>Inform\u00e1tica<\/li>\n<li>Instrumento Musical<\/li>\n<li>Meio Ambiente<\/li>\n<li>Mec\u00e2nica<\/li>\n<li>Minera\u00e7\u00e3o<\/li>\n<li>Multim\u00eddia<\/li>\n<li>Petr\u00f3leo e G\u00e1s<\/li>\n<li>Qu\u00edmica<\/li>\n<li>Recursos Pesqueiros<\/li>\n<li>Seguran\u00e7a do Trabalho<\/li>\n<li>Sistemas de Energia Renov\u00e1vel<\/li>\n<li>Entre outras op\u00e7\u00f5es<\/li>\n<\/ul>\n<\/div>\n<\/div>\n<div id=\"chunk-cs65g\">\n<div class=\"mc-column content-text active-extra-styles \" data-block-type=\"unstyled\" data-block-weight=\"9\" data-block-id=\"20\">\n<p class=\" content-text__container \" data-track-category=\"Link no Texto\" data-track-links=\"\" data-mrf-recirculation=\"Mat\u00e9ria - Links no Texto\">Nos cursos subsequentes ao ensino m\u00e9dio, as op\u00e7\u00f5es incluem:<\/p>\n<\/div>\n<\/div>\n<div id=\"chunk-fjeq1\">\n<div class=\"mc-column content-text active-extra-styles\" data-block-type=\"raw\" data-block-weight=\"34\" data-block-id=\"21\">\n<ul class=\"content-unordered-list\" data-mrf-recirculation=\"Mat\u00e9ria - Leia Tamb\u00e9m (Lista)\">\n<li>Administra\u00e7\u00e3o<\/li>\n<li>Cuidados de Idosos<\/li>\n<li>Edifica\u00e7\u00f5es<\/li>\n<li>Eletr\u00f4nica<\/li>\n<li>Eletromec\u00e2nica<\/li>\n<li>Eletrot\u00e9cnica<\/li>\n<li>Equipamentos Biom\u00e9dicos<\/li>\n<li>Enfermagem<\/li>\n<li>Gastronomia<\/li>\n<li>Guia de Turismo<\/li>\n<li>Inform\u00e1tica<\/li>\n<li>Manuten\u00e7\u00e3o e Suporte em Inform\u00e1tica<\/li>\n<li>Mec\u00e2nica<\/li>\n<li>Minera\u00e7\u00e3o<\/li>\n<li>Qu\u00edmica<\/li>\n<li>Secretariado<\/li>\n<li>Servi\u00e7os Jur\u00eddicos<\/li>\n<li>Transa\u00e7\u00f5es Imobili\u00e1rias<\/li>\n<li>Instrumento Musical<\/li>\n<li>Entre outras op\u00e7\u00f5es<\/li>\n<\/ul>\n<\/div>\n<\/div>\n<div id=\"chunk-6edf1\">\n<div class=\"mc-column content-text active-extra-styles \" data-block-type=\"unstyled\" data-block-weight=\"14\" data-block-id=\"22\">\n<p class=\" content-text__container \" data-track-category=\"Link no Texto\" data-track-links=\"\" data-mrf-recirculation=\"Mat\u00e9ria - Links no Texto\">A rela\u00e7\u00e3o completa de cursos e turnos est\u00e1 dispon\u00edvel nos editais do processo seletivo.<\/p>\n<p data-track-category=\"Link no Texto\" data-track-links=\"\" data-mrf-recirculation=\"Mat\u00e9ria - Links no Texto\"><strong>Not\u00edcias em Destaque<\/strong><\/p>\n<p style=\"text-align: right;\" data-track-category=\"Link no Texto\" data-track-links=\"\" data-mrf-recirculation=\"Mat\u00e9ria - Links no Texto\"><em>Com G1<\/em><\/p>\n<\/div>\n<\/div>\n<\/div>\n","protected":false},"excerpt":{"rendered":"<p>O Instituto Federal da Para\u00edba (IFPB) e o Instituto Federal do Sert\u00e3o Paraibano (IF Sert\u00e3o-PB) abriram 4.155 vagas para cursos t\u00e9cnicos gatuitos na Para\u00edba, com ingresso no primeiro semestre de 2027. Ao todo, s\u00e3o 3.120 para cursos t\u00e9cnicos integrados ao ensino m\u00e9dio e 1.035 para cursos subsequentes. A sele\u00e7\u00e3o ser\u00e1 feita de forma unificada pelas duas institui\u00e7\u00f5es. As inscri\u00e7\u00f5es come\u00e7am em 2 de setembro de 2026 e seguem at\u00e9 5 de outubro, exclusivamente pela internet, atrav\u00e9s do\u00a0Portal do Estudante do IFPB . Quem pode se inscrever As 3.120 vagas dos cursos integrados s\u00e3o destinadas a estudantes que j\u00e1 conclu\u00edram o ensino fundamental e querem fazer, ao mesmo tempo, o ensino m\u00e9dio e uma forma\u00e7\u00e3o profissional t\u00e9cnica. J\u00e1 as 1.035 vagas dos cursos subsequentes s\u00e3o para pessoas que conclu\u00edram o ensino m\u00e9dio e buscam uma forma\u00e7\u00e3o t\u00e9cnica. As vagas para os cursos t\u00e9cnicos integrados est\u00e3o dispon\u00edveis nos Campi de Cabedelo, Cabedelo Centro, Campina Grande, Catol\u00e9 do Rocha, Esperan\u00e7a, Guarabira, Itabaiana, Itaporanga,\u00a0Jo\u00e3o Pessoa, Patos, Pedras de Fogo, Picu\u00ed, Princesa Isabel, Santa Luzia, Santa Rita e Sousa. J\u00e1 os cursos subsequentes est\u00e3o dispon\u00edveis nos Campi de Areia, Cabedelo Centro, Cajazeiras, Campina Grande, Itabaiana, Jo\u00e3o Pessoa, Patos, Pedras de Fogo, Princesa Isabel e Sousa. Cursos dispon\u00edveis Nos cursos integrados ao ensino m\u00e9dio, est\u00e3o dispon\u00edveis: Administra\u00e7\u00e3o Agroind\u00fastria Agropecu\u00e1ria Automa\u00e7\u00e3o Industrial Contabilidade Controle Ambiental Design de Moda Edifica\u00e7\u00f5es Eletromec\u00e2nica Eletr\u00f4nica Eletrot\u00e9cnica Geologia Inform\u00e1tica Instrumento Musical Meio Ambiente Mec\u00e2nica Minera\u00e7\u00e3o Multim\u00eddia Petr\u00f3leo e G\u00e1s Qu\u00edmica Recursos Pesqueiros Seguran\u00e7a do Trabalho Sistemas de Energia Renov\u00e1vel Entre outras op\u00e7\u00f5es Nos cursos subsequentes ao ensino m\u00e9dio, as op\u00e7\u00f5es incluem: Administra\u00e7\u00e3o Cuidados de Idosos Edifica\u00e7\u00f5es Eletr\u00f4nica Eletromec\u00e2nica Eletrot\u00e9cnica Equipamentos Biom\u00e9dicos Enfermagem Gastronomia Guia de Turismo Inform\u00e1tica Manuten\u00e7\u00e3o e Suporte em Inform\u00e1tica Mec\u00e2nica Minera\u00e7\u00e3o Qu\u00edmica Secretariado Servi\u00e7os Jur\u00eddicos Transa\u00e7\u00f5es Imobili\u00e1rias Instrumento Musical Entre outras op\u00e7\u00f5es A rela\u00e7\u00e3o completa de cursos e turnos est\u00e1 dispon\u00edvel nos editais do processo seletivo. Not\u00edcias em Destaque Com G1<\/p>\n","protected":false},"author":2,"featured_media":81481,"comment_status":"closed","ping_status":"closed","sticky":false,"template":"","format":"standard","meta":{"_eb_attr":"","_jetpack_memberships_contains_paid_content":false,"footnotes":""},"categories":[6],"tags":[],"class_list":["post-81480","post","type-post","status-publish","format-standard","has-post-thumbnail","hentry","category-educacao"],"yoast_head":"<!-- This site is optimized with the Yoast SEO plugin v26.5 - https:\/\/yoast.com\/wordpress\/plugins\/seo\/ -->\n<title>IFPB abre inscri\u00e7\u00f5es para mais de 4 mil vagas em cursos t\u00e9cnicos - Not&iacute;cias em Destaque<\/title>\n<meta name=\"robots\" content=\"index, follow, max-snippet:-1, max-image-preview:large, max-video-preview:-1\" \/>\n<link rel=\"canonical\" href=\"https:\/\/noticiasemdestaque.com\/cd\/?p=81480\" \/>\n<meta property=\"og:locale\" content=\"pt_BR\" \/>\n<meta property=\"og:type\" content=\"article\" \/>\n<meta property=\"og:title\" content=\"IFPB abre inscri\u00e7\u00f5es para mais de 4 mil vagas em cursos t\u00e9cnicos - Not&iacute;cias em Destaque\" \/>\n<meta property=\"og:description\" content=\"O Instituto Federal da Para\u00edba (IFPB) e o Instituto Federal do Sert\u00e3o Paraibano (IF Sert\u00e3o-PB) abriram 4.155 vagas para cursos t\u00e9cnicos gatuitos na Para\u00edba, com ingresso no primeiro semestre de 2027. Ao todo, s\u00e3o 3.120 para cursos t\u00e9cnicos integrados ao ensino m\u00e9dio e 1.035 para cursos subsequentes. A sele\u00e7\u00e3o ser\u00e1 feita de forma unificada pelas duas institui\u00e7\u00f5es. As inscri\u00e7\u00f5es come\u00e7am em 2 de setembro de 2026 e seguem at\u00e9 5 de outubro, exclusivamente pela internet, atrav\u00e9s do\u00a0Portal do Estudante do IFPB . Quem pode se inscrever As 3.120 vagas dos cursos integrados s\u00e3o destinadas a estudantes que j\u00e1 conclu\u00edram o ensino fundamental e querem fazer, ao mesmo tempo, o ensino m\u00e9dio e uma forma\u00e7\u00e3o profissional t\u00e9cnica. J\u00e1 as 1.035 vagas dos cursos subsequentes s\u00e3o para pessoas que conclu\u00edram o ensino m\u00e9dio e buscam uma forma\u00e7\u00e3o t\u00e9cnica. As vagas para os cursos t\u00e9cnicos integrados est\u00e3o dispon\u00edveis nos Campi de Cabedelo, Cabedelo Centro, Campina Grande, Catol\u00e9 do Rocha, Esperan\u00e7a, Guarabira, Itabaiana, Itaporanga,\u00a0Jo\u00e3o Pessoa, Patos, Pedras de Fogo, Picu\u00ed, Princesa Isabel, Santa Luzia, Santa Rita e Sousa. J\u00e1 os cursos subsequentes est\u00e3o dispon\u00edveis nos Campi de Areia, Cabedelo Centro, Cajazeiras, Campina Grande, Itabaiana, Jo\u00e3o Pessoa, Patos, Pedras de Fogo, Princesa Isabel e Sousa. Cursos dispon\u00edveis Nos cursos integrados ao ensino m\u00e9dio, est\u00e3o dispon\u00edveis: Administra\u00e7\u00e3o Agroind\u00fastria Agropecu\u00e1ria Automa\u00e7\u00e3o Industrial Contabilidade Controle Ambiental Design de Moda Edifica\u00e7\u00f5es Eletromec\u00e2nica Eletr\u00f4nica Eletrot\u00e9cnica Geologia Inform\u00e1tica Instrumento Musical Meio Ambiente Mec\u00e2nica Minera\u00e7\u00e3o Multim\u00eddia Petr\u00f3leo e G\u00e1s Qu\u00edmica Recursos Pesqueiros Seguran\u00e7a do Trabalho Sistemas de Energia Renov\u00e1vel Entre outras op\u00e7\u00f5es Nos cursos subsequentes ao ensino m\u00e9dio, as op\u00e7\u00f5es incluem: Administra\u00e7\u00e3o Cuidados de Idosos Edifica\u00e7\u00f5es Eletr\u00f4nica Eletromec\u00e2nica Eletrot\u00e9cnica Equipamentos Biom\u00e9dicos Enfermagem Gastronomia Guia de Turismo Inform\u00e1tica Manuten\u00e7\u00e3o e Suporte em Inform\u00e1tica Mec\u00e2nica Minera\u00e7\u00e3o Qu\u00edmica Secretariado Servi\u00e7os Jur\u00eddicos Transa\u00e7\u00f5es Imobili\u00e1rias Instrumento Musical Entre outras op\u00e7\u00f5es A rela\u00e7\u00e3o completa de cursos e turnos est\u00e1 dispon\u00edvel nos editais do processo seletivo. Not\u00edcias em Destaque Com G1\" \/>\n<meta property=\"og:url\" content=\"https:\/\/noticiasemdestaque.com\/cd\/?p=81480\" \/>\n<meta property=\"og:site_name\" content=\"Not&iacute;cias em Destaque\" \/>\n<meta property=\"article:published_time\" content=\"2026-09-01T11:19:26+00:00\" \/>\n<meta property=\"article:modified_time\" content=\"2026-09-01T11:20:47+00:00\" \/>\n<meta property=\"og:image\" content=\"https:\/\/noticiasemdestaque.com\/cd\/wp-content\/uploads\/2026\/09\/ifpb.webp\" \/>\n\t<meta property=\"og:image:width\" content=\"984\" \/>\n\t<meta property=\"og:image:height\" content=\"738\" \/>\n\t<meta property=\"og:image:type\" content=\"image\/webp\" \/>\n<meta name=\"author\" content=\"Not\u00edcias em Destaque\" \/>\n<meta name=\"twitter:card\" content=\"summary_large_image\" \/>\n<meta name=\"twitter:label1\" content=\"Escrito por\" \/>\n\t<meta name=\"twitter:data1\" content=\"Not\u00edcias em Destaque\" \/>\n\t<meta name=\"twitter:label2\" content=\"Est. tempo de leitura\" \/>\n\t<meta name=\"twitter:data2\" content=\"3 minutos\" \/>\n<script type=\"application\/ld+json\" class=\"yoast-schema-graph\">{\"@context\":\"https:\/\/schema.org\",\"@graph\":[{\"@type\":\"Article\",\"@id\":\"https:\/\/noticiasemdestaque.com\/cd\/?p=81480#article\",\"isPartOf\":{\"@id\":\"https:\/\/noticiasemdestaque.com\/cd\/?p=81480\"},\"author\":{\"name\":\"Not\u00edcias em Destaque\",\"@id\":\"https:\/\/noticiasemdestaque.com\/cd\/#\/schema\/person\/a978acbbda55eca5b71ccb9421897bb0\"},\"headline\":\"IFPB abre inscri\u00e7\u00f5es para mais de 4 mil vagas em cursos t\u00e9cnicos\",\"datePublished\":\"2026-09-01T11:19:26+00:00\",\"dateModified\":\"2026-09-01T11:20:47+00:00\",\"mainEntityOfPage\":{\"@id\":\"https:\/\/noticiasemdestaque.com\/cd\/?p=81480\"},\"wordCount\":392,\"publisher\":{\"@id\":\"https:\/\/noticiasemdestaque.com\/cd\/#organization\"},\"image\":{\"@id\":\"https:\/\/noticiasemdestaque.com\/cd\/?p=81480#primaryimage\"},\"thumbnailUrl\":\"https:\/\/noticiasemdestaque.com\/cd\/wp-content\/uploads\/2026\/09\/ifpb.webp\",\"articleSection\":[\"Educa\u00e7\u00e3o\"],\"inLanguage\":\"pt-BR\"},{\"@type\":\"WebPage\",\"@id\":\"https:\/\/noticiasemdestaque.com\/cd\/?p=81480\",\"url\":\"https:\/\/noticiasemdestaque.com\/cd\/?p=81480\",\"name\":\"IFPB abre inscri\u00e7\u00f5es para mais de 4 mil vagas em cursos t\u00e9cnicos - Not&iacute;cias em Destaque\",\"isPartOf\":{\"@id\":\"https:\/\/noticiasemdestaque.com\/cd\/#website\"},\"primaryImageOfPage\":{\"@id\":\"https:\/\/noticiasemdestaque.com\/cd\/?p=81480#primaryimage\"},\"image\":{\"@id\":\"https:\/\/noticiasemdestaque.com\/cd\/?p=81480#primaryimage\"},\"thumbnailUrl\":\"https:\/\/noticiasemdestaque.com\/cd\/wp-content\/uploads\/2026\/09\/ifpb.webp\",\"datePublished\":\"2026-09-01T11:19:26+00:00\",\"dateModified\":\"2026-09-01T11:20:47+00:00\",\"breadcrumb\":{\"@id\":\"https:\/\/noticiasemdestaque.com\/cd\/?p=81480#breadcrumb\"},\"inLanguage\":\"pt-BR\",\"potentialAction\":[{\"@type\":\"ReadAction\",\"target\":[\"https:\/\/noticiasemdestaque.com\/cd\/?p=81480\"]}]},{\"@type\":\"ImageObject\",\"inLanguage\":\"pt-BR\",\"@id\":\"https:\/\/noticiasemdestaque.com\/cd\/?p=81480#primaryimage\",\"url\":\"https:\/\/noticiasemdestaque.com\/cd\/wp-content\/uploads\/2026\/09\/ifpb.webp\",\"contentUrl\":\"https:\/\/noticiasemdestaque.com\/cd\/wp-content\/uploads\/2026\/09\/ifpb.webp\",\"width\":984,\"height\":738},{\"@type\":\"BreadcrumbList\",\"@id\":\"https:\/\/noticiasemdestaque.com\/cd\/?p=81480#breadcrumb\",\"itemListElement\":[{\"@type\":\"ListItem\",\"position\":1,\"name\":\"In\u00edcio\",\"item\":\"https:\/\/noticiasemdestaque.com\/cd\/\"},{\"@type\":\"ListItem\",\"position\":2,\"name\":\"IFPB abre inscri\u00e7\u00f5es para mais de 4 mil vagas em cursos t\u00e9cnicos\"}]},{\"@type\":\"WebSite\",\"@id\":\"https:\/\/noticiasemdestaque.com\/cd\/#website\",\"url\":\"https:\/\/noticiasemdestaque.com\/cd\/\",\"name\":\"Not&iacute;cias em Destaque\",\"description\":\"\",\"publisher\":{\"@id\":\"https:\/\/noticiasemdestaque.com\/cd\/#organization\"},\"potentialAction\":[{\"@type\":\"SearchAction\",\"target\":{\"@type\":\"EntryPoint\",\"urlTemplate\":\"https:\/\/noticiasemdestaque.com\/cd\/?s={search_term_string}\"},\"query-input\":{\"@type\":\"PropertyValueSpecification\",\"valueRequired\":true,\"valueName\":\"search_term_string\"}}],\"inLanguage\":\"pt-BR\"},{\"@type\":\"Organization\",\"@id\":\"https:\/\/noticiasemdestaque.com\/cd\/#organization\",\"name\":\"Not\u00edcias em Destaque\",\"url\":\"https:\/\/noticiasemdestaque.com\/cd\/\",\"logo\":{\"@type\":\"ImageObject\",\"inLanguage\":\"pt-BR\",\"@id\":\"https:\/\/noticiasemdestaque.com\/cd\/#\/schema\/logo\/image\/\",\"url\":\"https:\/\/noticiasemdestaque.com\/cd\/wp-content\/uploads\/2022\/05\/imagem-base-noticiasemdestaque.png\",\"contentUrl\":\"https:\/\/noticiasemdestaque.com\/cd\/wp-content\/uploads\/2022\/05\/imagem-base-noticiasemdestaque.png\",\"width\":1200,\"height\":630,\"caption\":\"Not\u00edcias em Destaque\"},\"image\":{\"@id\":\"https:\/\/noticiasemdestaque.com\/cd\/#\/schema\/logo\/image\/\"}},{\"@type\":\"Person\",\"@id\":\"https:\/\/noticiasemdestaque.com\/cd\/#\/schema\/person\/a978acbbda55eca5b71ccb9421897bb0\",\"name\":\"Not\u00edcias em Destaque\",\"url\":\"https:\/\/noticiasemdestaque.com\/cd\/?author=2\"}]}<\/script>\n<!-- \/ Yoast SEO plugin. -->","yoast_head_json":{"title":"IFPB abre inscri\u00e7\u00f5es para mais de 4 mil vagas em cursos t\u00e9cnicos - Not&iacute;cias em Destaque","robots":{"index":"index","follow":"follow","max-snippet":"max-snippet:-1","max-image-preview":"max-image-preview:large","max-video-preview":"max-video-preview:-1"},"canonical":"https:\/\/noticiasemdestaque.com\/cd\/?p=81480","og_locale":"pt_BR","og_type":"article","og_title":"IFPB abre inscri\u00e7\u00f5es para mais de 4 mil vagas em cursos t\u00e9cnicos - Not&iacute;cias em Destaque","og_description":"O Instituto Federal da Para\u00edba (IFPB) e o Instituto Federal do Sert\u00e3o Paraibano (IF Sert\u00e3o-PB) abriram 4.155 vagas para cursos t\u00e9cnicos gatuitos na Para\u00edba, com ingresso no primeiro semestre de 2027. Ao todo, s\u00e3o 3.120 para cursos t\u00e9cnicos integrados ao ensino m\u00e9dio e 1.035 para cursos subsequentes. A sele\u00e7\u00e3o ser\u00e1 feita de forma unificada pelas duas institui\u00e7\u00f5es. As inscri\u00e7\u00f5es come\u00e7am em 2 de setembro de 2026 e seguem at\u00e9 5 de outubro, exclusivamente pela internet, atrav\u00e9s do\u00a0Portal do Estudante do IFPB . Quem pode se inscrever As 3.120 vagas dos cursos integrados s\u00e3o destinadas a estudantes que j\u00e1 conclu\u00edram o ensino fundamental e querem fazer, ao mesmo tempo, o ensino m\u00e9dio e uma forma\u00e7\u00e3o profissional t\u00e9cnica. J\u00e1 as 1.035 vagas dos cursos subsequentes s\u00e3o para pessoas que conclu\u00edram o ensino m\u00e9dio e buscam uma forma\u00e7\u00e3o t\u00e9cnica. As vagas para os cursos t\u00e9cnicos integrados est\u00e3o dispon\u00edveis nos Campi de Cabedelo, Cabedelo Centro, Campina Grande, Catol\u00e9 do Rocha, Esperan\u00e7a, Guarabira, Itabaiana, Itaporanga,\u00a0Jo\u00e3o Pessoa, Patos, Pedras de Fogo, Picu\u00ed, Princesa Isabel, Santa Luzia, Santa Rita e Sousa. J\u00e1 os cursos subsequentes est\u00e3o dispon\u00edveis nos Campi de Areia, Cabedelo Centro, Cajazeiras, Campina Grande, Itabaiana, Jo\u00e3o Pessoa, Patos, Pedras de Fogo, Princesa Isabel e Sousa. Cursos dispon\u00edveis Nos cursos integrados ao ensino m\u00e9dio, est\u00e3o dispon\u00edveis: Administra\u00e7\u00e3o Agroind\u00fastria Agropecu\u00e1ria Automa\u00e7\u00e3o Industrial Contabilidade Controle Ambiental Design de Moda Edifica\u00e7\u00f5es Eletromec\u00e2nica Eletr\u00f4nica Eletrot\u00e9cnica Geologia Inform\u00e1tica Instrumento Musical Meio Ambiente Mec\u00e2nica Minera\u00e7\u00e3o Multim\u00eddia Petr\u00f3leo e G\u00e1s Qu\u00edmica Recursos Pesqueiros Seguran\u00e7a do Trabalho Sistemas de Energia Renov\u00e1vel Entre outras op\u00e7\u00f5es Nos cursos subsequentes ao ensino m\u00e9dio, as op\u00e7\u00f5es incluem: Administra\u00e7\u00e3o Cuidados de Idosos Edifica\u00e7\u00f5es Eletr\u00f4nica Eletromec\u00e2nica Eletrot\u00e9cnica Equipamentos Biom\u00e9dicos Enfermagem Gastronomia Guia de Turismo Inform\u00e1tica Manuten\u00e7\u00e3o e Suporte em Inform\u00e1tica Mec\u00e2nica Minera\u00e7\u00e3o Qu\u00edmica Secretariado Servi\u00e7os Jur\u00eddicos Transa\u00e7\u00f5es Imobili\u00e1rias Instrumento Musical Entre outras op\u00e7\u00f5es A rela\u00e7\u00e3o completa de cursos e turnos est\u00e1 dispon\u00edvel nos editais do processo seletivo. Not\u00edcias em Destaque Com G1","og_url":"https:\/\/noticiasemdestaque.com\/cd\/?p=81480","og_site_name":"Not&iacute;cias em Destaque","article_published_time":"2026-09-01T11:19:26+00:00","article_modified_time":"2026-09-01T11:20:47+00:00","og_image":[{"width":984,"height":738,"url":"https:\/\/noticiasemdestaque.com\/cd\/wp-content\/uploads\/2026\/09\/ifpb.webp","type":"image\/webp"}],"author":"Not\u00edcias em Destaque","twitter_card":"summary_large_image","twitter_misc":{"Escrito por":"Not\u00edcias em Destaque","Est. tempo de leitura":"3 minutos"},"schema":{"@context":"https:\/\/schema.org","@graph":[{"@type":"Article","@id":"https:\/\/noticiasemdestaque.com\/cd\/?p=81480#article","isPartOf":{"@id":"https:\/\/noticiasemdestaque.com\/cd\/?p=81480"},"author":{"name":"Not\u00edcias em Destaque","@id":"https:\/\/noticiasemdestaque.com\/cd\/#\/schema\/person\/a978acbbda55eca5b71ccb9421897bb0"},"headline":"IFPB abre inscri\u00e7\u00f5es para mais de 4 mil vagas em cursos t\u00e9cnicos","datePublished":"2026-09-01T11:19:26+00:00","dateModified":"2026-09-01T11:20:47+00:00","mainEntityOfPage":{"@id":"https:\/\/noticiasemdestaque.com\/cd\/?p=81480"},"wordCount":392,"publisher":{"@id":"https:\/\/noticiasemdestaque.com\/cd\/#organization"},"image":{"@id":"https:\/\/noticiasemdestaque.com\/cd\/?p=81480#primaryimage"},"thumbnailUrl":"https:\/\/noticiasemdestaque.com\/cd\/wp-content\/uploads\/2026\/09\/ifpb.webp","articleSection":["Educa\u00e7\u00e3o"],"inLanguage":"pt-BR"},{"@type":"WebPage","@id":"https:\/\/noticiasemdestaque.com\/cd\/?p=81480","url":"https:\/\/noticiasemdestaque.com\/cd\/?p=81480","name":"IFPB abre inscri\u00e7\u00f5es para mais de 4 mil vagas em cursos t\u00e9cnicos - Not&iacute;cias em Destaque","isPartOf":{"@id":"https:\/\/noticiasemdestaque.com\/cd\/#website"},"primaryImageOfPage":{"@id":"https:\/\/noticiasemdestaque.com\/cd\/?p=81480#primaryimage"},"image":{"@id":"https:\/\/noticiasemdestaque.com\/cd\/?p=81480#primaryimage"},"thumbnailUrl":"https:\/\/noticiasemdestaque.com\/cd\/wp-content\/uploads\/2026\/09\/ifpb.webp","datePublished":"2026-09-01T11:19:26+00:00","dateModified":"2026-09-01T11:20:47+00:00","breadcrumb":{"@id":"https:\/\/noticiasemdestaque.com\/cd\/?p=81480#breadcrumb"},"inLanguage":"pt-BR","potentialAction":[{"@type":"ReadAction","target":["https:\/\/noticiasemdestaque.com\/cd\/?p=81480"]}]},{"@type":"ImageObject","inLanguage":"pt-BR","@id":"https:\/\/noticiasemdestaque.com\/cd\/?p=81480#primaryimage","url":"https:\/\/noticiasemdestaque.com\/cd\/wp-content\/uploads\/2026\/09\/ifpb.webp","contentUrl":"https:\/\/noticiasemdestaque.com\/cd\/wp-content\/uploads\/2026\/09\/ifpb.webp","width":984,"height":738},{"@type":"BreadcrumbList","@id":"https:\/\/noticiasemdestaque.com\/cd\/?p=81480#breadcrumb","itemListElement":[{"@type":"ListItem","position":1,"name":"In\u00edcio","item":"https:\/\/noticiasemdestaque.com\/cd\/"},{"@type":"ListItem","position":2,"name":"IFPB abre inscri\u00e7\u00f5es para mais de 4 mil vagas em cursos t\u00e9cnicos"}]},{"@type":"WebSite","@id":"https:\/\/noticiasemdestaque.com\/cd\/#website","url":"https:\/\/noticiasemdestaque.com\/cd\/","name":"Not&iacute;cias em Destaque","description":"","publisher":{"@id":"https:\/\/noticiasemdestaque.com\/cd\/#organization"},"potentialAction":[{"@type":"SearchAction","target":{"@type":"EntryPoint","urlTemplate":"https:\/\/noticiasemdestaque.com\/cd\/?s={search_term_string}"},"query-input":{"@type":"PropertyValueSpecification","valueRequired":true,"valueName":"search_term_string"}}],"inLanguage":"pt-BR"},{"@type":"Organization","@id":"https:\/\/noticiasemdestaque.com\/cd\/#organization","name":"Not\u00edcias em Destaque","url":"https:\/\/noticiasemdestaque.com\/cd\/","logo":{"@type":"ImageObject","inLanguage":"pt-BR","@id":"https:\/\/noticiasemdestaque.com\/cd\/#\/schema\/logo\/image\/","url":"https:\/\/noticiasemdestaque.com\/cd\/wp-content\/uploads\/2022\/05\/imagem-base-noticiasemdestaque.png","contentUrl":"https:\/\/noticiasemdestaque.com\/cd\/wp-content\/uploads\/2022\/05\/imagem-base-noticiasemdestaque.png","width":1200,"height":630,"caption":"Not\u00edcias em Destaque"},"image":{"@id":"https:\/\/noticiasemdestaque.com\/cd\/#\/schema\/logo\/image\/"}},{"@type":"Person","@id":"https:\/\/noticiasemdestaque.com\/cd\/#\/schema\/person\/a978acbbda55eca5b71ccb9421897bb0","name":"Not\u00edcias em Destaque","url":"https:\/\/noticiasemdestaque.com\/cd\/?author=2"}]}},"jetpack_featured_media_url":"https:\/\/noticiasemdestaque.com\/cd\/wp-content\/uploads\/2026\/09\/ifpb.webp","jetpack_sharing_enabled":true,"_links":{"self":[{"href":"https:\/\/noticiasemdestaque.com\/cd\/index.php?rest_route=\/wp\/v2\/posts\/81480","targetHints":{"allow":["GET"]}}],"collection":[{"href":"https:\/\/noticiasemdestaque.com\/cd\/index.php?rest_route=\/wp\/v2\/posts"}],"about":[{"href":"https:\/\/noticiasemdestaque.com\/cd\/index.php?rest_route=\/wp\/v2\/types\/post"}],"author":[{"embeddable":true,"href":"https:\/\/noticiasemdestaque.com\/cd\/index.php?rest_route=\/wp\/v2\/users\/2"}],"replies":[{"embeddable":true,"href":"https:\/\/noticiasemdestaque.com\/cd\/index.php?rest_route=%2Fwp%2Fv2%2Fcomments&post=81480"}],"version-history":[{"count":3,"href":"https:\/\/noticiasemdestaque.com\/cd\/index.php?rest_route=\/wp\/v2\/posts\/81480\/revisions"}],"predecessor-version":[{"id":81484,"href":"https:\/\/noticiasemdestaque.com\/cd\/index.php?rest_route=\/wp\/v2\/posts\/81480\/revisions\/81484"}],"wp:featuredmedia":[{"embeddable":true,"href":"https:\/\/noticiasemdestaque.com\/cd\/index.php?rest_route=\/wp\/v2\/media\/81481"}],"wp:attachment":[{"href":"https:\/\/noticiasemdestaque.com\/cd\/index.php?rest_route=%2Fwp%2Fv2%2Fmedia&parent=81480"}],"wp:term":[{"taxonomy":"category","embeddable":true,"href":"https:\/\/noticiasemdestaque.com\/cd\/index.php?rest_route=%2Fwp%2Fv2%2Fcategories&post=81480"},{"taxonomy":"post_tag","embeddable":true,"href":"https:\/\/noticiasemdestaque.com\/cd\/index.php?rest_route=%2Fwp%2Fv2%2Ftags&post=81480"}],"curies":[{"name":"wp","href":"https:\/\/api.w.org\/{rel}","templated":true}]}}