{"id":81477,"date":"2026-09-01T08:10:38","date_gmt":"2026-09-01T11:10:38","guid":{"rendered":"https:\/\/noticiasemdestaque.com\/cd\/?p=81477"},"modified":"2026-09-01T08:10:38","modified_gmt":"2026-09-01T11:10:38","slug":"sus-vai-ofertar-tres-novos-medicamentos-para-tratamento-de-cancer","status":"publish","type":"post","link":"https:\/\/noticiasemdestaque.com\/cd\/?p=81477","title":{"rendered":"SUS vai ofertar tr\u00eas novos medicamentos para tratamento de c\u00e2ncer"},"content":{"rendered":"<p><a href=\"https:\/\/noticiasemdestaque.com\/cd\/wp-content\/uploads\/2026\/09\/Hospitais-privados-poderao-abater-dividas-em-troca0019130400202506250900-8.webp\"><img fetchpriority=\"high\" decoding=\"async\" class=\" wp-image-81478 aligncenter\" src=\"https:\/\/noticiasemdestaque.com\/cd\/wp-content\/uploads\/2026\/09\/Hospitais-privados-poderao-abater-dividas-em-troca0019130400202506250900-8-300x161.webp\" alt=\"\" width=\"978\" height=\"525\" srcset=\"https:\/\/noticiasemdestaque.com\/cd\/wp-content\/uploads\/2026\/09\/Hospitais-privados-poderao-abater-dividas-em-troca0019130400202506250900-8-300x161.webp 300w, https:\/\/noticiasemdestaque.com\/cd\/wp-content\/uploads\/2026\/09\/Hospitais-privados-poderao-abater-dividas-em-troca0019130400202506250900-8-768x413.webp 768w, https:\/\/noticiasemdestaque.com\/cd\/wp-content\/uploads\/2026\/09\/Hospitais-privados-poderao-abater-dividas-em-troca0019130400202506250900-8.webp 900w\" sizes=\"(max-width: 978px) 100vw, 978px\" \/><\/a><\/p>\n<p>O Sistema \u00danico de Sa\u00fade (SUS) deve ofertar a partir de outubro tr\u00eas novos medicamentos para o tratamento de c\u00e2ncer de pulm\u00e3o. Segundo o Minist\u00e9rio da Sa\u00fade, devem ser disponibilizados os medicamentos brigatinibe, gefitinibe e durvalumabe.<\/p>\n<p>As medica\u00e7\u00f5es s\u00e3o consideradas de alta tecnologia e\u00a0podem custar at\u00e9 R$ 643 mil por ano na rede privada. A estima \u00e9 que 1,9 mil pacientes sejam atendidos em todo o pa\u00eds.<\/p>\n<p>Conforme o Minist\u00e9rio, o rem\u00e9dio pode ser administrado na casa do paciente com menor incid\u00eancia de eventos adversos em compara\u00e7\u00e3o aos esquemas convencionais de quimioterapia.<\/p>\n<p>O brigatinibe e o gefitinibe s\u00e3o duas terapias-alvo orais que atuam diretamente sobre altera\u00e7\u00f5es espec\u00edficas das c\u00e9lulas cancer\u00edgenas.<\/p>\n<p>J\u00e1 o durvalumabe estimula a capacidade do sistema imunol\u00f3gico de combater os tumores cancer\u00edgenos. Ele \u00e9 indicado para pacientes com c\u00e2ncer de pulm\u00e3o em est\u00e1gio 3, que n\u00e3o podem ser tratados com cirurgia.<\/p>\n<p>As medica\u00e7\u00f5es ser\u00e3o financiadas integralmente pelo governo federal a partir da implementa\u00e7\u00e3o da Assist\u00eancia Farmac\u00eautica Oncol\u00f3gica (AF-Onco), criada para ampliar a oferta de tratamentos pelo SUS.<\/p>\n<p><strong>Not\u00edcias em Destaque<\/strong><\/p>\n<p style=\"text-align: right;\"><em>Fonte: Jornal da Para\u00edba<\/em><\/p>\n","protected":false},"excerpt":{"rendered":"<p>O Sistema \u00danico de Sa\u00fade (SUS) deve ofertar a partir de outubro tr\u00eas novos medicamentos para o tratamento de c\u00e2ncer de pulm\u00e3o. Segundo o Minist\u00e9rio da Sa\u00fade, devem ser disponibilizados os medicamentos brigatinibe, gefitinibe e durvalumabe. As medica\u00e7\u00f5es s\u00e3o consideradas de alta tecnologia e\u00a0podem custar at\u00e9 R$ 643 mil por ano na rede privada. A estima \u00e9 que 1,9 mil pacientes sejam atendidos em todo o pa\u00eds. Conforme o Minist\u00e9rio, o rem\u00e9dio pode ser administrado na casa do paciente com menor incid\u00eancia de eventos adversos em compara\u00e7\u00e3o aos esquemas convencionais de quimioterapia. O brigatinibe e o gefitinibe s\u00e3o duas terapias-alvo orais que atuam diretamente sobre altera\u00e7\u00f5es espec\u00edficas das c\u00e9lulas cancer\u00edgenas. J\u00e1 o durvalumabe estimula a capacidade do sistema imunol\u00f3gico de combater os tumores cancer\u00edgenos. Ele \u00e9 indicado para pacientes com c\u00e2ncer de pulm\u00e3o em est\u00e1gio 3, que n\u00e3o podem ser tratados com cirurgia. As medica\u00e7\u00f5es ser\u00e3o financiadas integralmente pelo governo federal a partir da implementa\u00e7\u00e3o da Assist\u00eancia Farmac\u00eautica Oncol\u00f3gica (AF-Onco), criada para ampliar a oferta de tratamentos pelo SUS. Not\u00edcias em Destaque Fonte: Jornal da Para\u00edba<\/p>\n","protected":false},"author":2,"featured_media":81478,"comment_status":"closed","ping_status":"closed","sticky":false,"template":"","format":"standard","meta":{"_eb_attr":"","_jetpack_memberships_contains_paid_content":false,"footnotes":""},"categories":[12],"tags":[],"class_list":["post-81477","post","type-post","status-publish","format-standard","has-post-thumbnail","hentry","category-geral"],"yoast_head":"<!-- This site is optimized with the Yoast SEO plugin v26.5 - https:\/\/yoast.com\/wordpress\/plugins\/seo\/ -->\n<title>SUS vai ofertar tr\u00eas novos medicamentos para tratamento de c\u00e2ncer - Not&iacute;cias em Destaque<\/title>\n<meta name=\"robots\" content=\"index, follow, max-snippet:-1, max-image-preview:large, max-video-preview:-1\" \/>\n<link rel=\"canonical\" href=\"https:\/\/noticiasemdestaque.com\/cd\/?p=81477\" \/>\n<meta property=\"og:locale\" content=\"pt_BR\" \/>\n<meta property=\"og:type\" content=\"article\" \/>\n<meta property=\"og:title\" content=\"SUS vai ofertar tr\u00eas novos medicamentos para tratamento de c\u00e2ncer - Not&iacute;cias em Destaque\" \/>\n<meta property=\"og:description\" content=\"O Sistema \u00danico de Sa\u00fade (SUS) deve ofertar a partir de outubro tr\u00eas novos medicamentos para o tratamento de c\u00e2ncer de pulm\u00e3o. Segundo o Minist\u00e9rio da Sa\u00fade, devem ser disponibilizados os medicamentos brigatinibe, gefitinibe e durvalumabe. As medica\u00e7\u00f5es s\u00e3o consideradas de alta tecnologia e\u00a0podem custar at\u00e9 R$ 643 mil por ano na rede privada. A estima \u00e9 que 1,9 mil pacientes sejam atendidos em todo o pa\u00eds. Conforme o Minist\u00e9rio, o rem\u00e9dio pode ser administrado na casa do paciente com menor incid\u00eancia de eventos adversos em compara\u00e7\u00e3o aos esquemas convencionais de quimioterapia. O brigatinibe e o gefitinibe s\u00e3o duas terapias-alvo orais que atuam diretamente sobre altera\u00e7\u00f5es espec\u00edficas das c\u00e9lulas cancer\u00edgenas. J\u00e1 o durvalumabe estimula a capacidade do sistema imunol\u00f3gico de combater os tumores cancer\u00edgenos. Ele \u00e9 indicado para pacientes com c\u00e2ncer de pulm\u00e3o em est\u00e1gio 3, que n\u00e3o podem ser tratados com cirurgia. As medica\u00e7\u00f5es ser\u00e3o financiadas integralmente pelo governo federal a partir da implementa\u00e7\u00e3o da Assist\u00eancia Farmac\u00eautica Oncol\u00f3gica (AF-Onco), criada para ampliar a oferta de tratamentos pelo SUS. Not\u00edcias em Destaque Fonte: Jornal da Para\u00edba\" \/>\n<meta property=\"og:url\" content=\"https:\/\/noticiasemdestaque.com\/cd\/?p=81477\" \/>\n<meta property=\"og:site_name\" content=\"Not&iacute;cias em Destaque\" \/>\n<meta property=\"article:published_time\" content=\"2026-09-01T11:10:38+00:00\" \/>\n<meta property=\"og:image\" content=\"https:\/\/noticiasemdestaque.com\/cd\/wp-content\/uploads\/2026\/09\/Hospitais-privados-poderao-abater-dividas-em-troca0019130400202506250900-8.webp\" \/>\n\t<meta property=\"og:image:width\" content=\"900\" \/>\n\t<meta property=\"og:image:height\" content=\"484\" \/>\n\t<meta property=\"og:image:type\" content=\"image\/webp\" \/>\n<meta name=\"author\" content=\"Not\u00edcias em Destaque\" \/>\n<meta name=\"twitter:card\" content=\"summary_large_image\" \/>\n<meta name=\"twitter:label1\" content=\"Escrito por\" \/>\n\t<meta name=\"twitter:data1\" content=\"Not\u00edcias em Destaque\" \/>\n\t<meta name=\"twitter:label2\" content=\"Est. tempo de leitura\" \/>\n\t<meta name=\"twitter:data2\" content=\"2 minutos\" \/>\n<script type=\"application\/ld+json\" class=\"yoast-schema-graph\">{\"@context\":\"https:\/\/schema.org\",\"@graph\":[{\"@type\":\"Article\",\"@id\":\"https:\/\/noticiasemdestaque.com\/cd\/?p=81477#article\",\"isPartOf\":{\"@id\":\"https:\/\/noticiasemdestaque.com\/cd\/?p=81477\"},\"author\":{\"name\":\"Not\u00edcias em Destaque\",\"@id\":\"https:\/\/noticiasemdestaque.com\/cd\/#\/schema\/person\/a978acbbda55eca5b71ccb9421897bb0\"},\"headline\":\"SUS vai ofertar tr\u00eas novos medicamentos para tratamento de c\u00e2ncer\",\"datePublished\":\"2026-09-01T11:10:38+00:00\",\"mainEntityOfPage\":{\"@id\":\"https:\/\/noticiasemdestaque.com\/cd\/?p=81477\"},\"wordCount\":216,\"publisher\":{\"@id\":\"https:\/\/noticiasemdestaque.com\/cd\/#organization\"},\"image\":{\"@id\":\"https:\/\/noticiasemdestaque.com\/cd\/?p=81477#primaryimage\"},\"thumbnailUrl\":\"https:\/\/noticiasemdestaque.com\/cd\/wp-content\/uploads\/2026\/09\/Hospitais-privados-poderao-abater-dividas-em-troca0019130400202506250900-8.webp\",\"articleSection\":[\"Geral\"],\"inLanguage\":\"pt-BR\"},{\"@type\":\"WebPage\",\"@id\":\"https:\/\/noticiasemdestaque.com\/cd\/?p=81477\",\"url\":\"https:\/\/noticiasemdestaque.com\/cd\/?p=81477\",\"name\":\"SUS vai ofertar tr\u00eas novos medicamentos para tratamento de c\u00e2ncer - Not&iacute;cias em Destaque\",\"isPartOf\":{\"@id\":\"https:\/\/noticiasemdestaque.com\/cd\/#website\"},\"primaryImageOfPage\":{\"@id\":\"https:\/\/noticiasemdestaque.com\/cd\/?p=81477#primaryimage\"},\"image\":{\"@id\":\"https:\/\/noticiasemdestaque.com\/cd\/?p=81477#primaryimage\"},\"thumbnailUrl\":\"https:\/\/noticiasemdestaque.com\/cd\/wp-content\/uploads\/2026\/09\/Hospitais-privados-poderao-abater-dividas-em-troca0019130400202506250900-8.webp\",\"datePublished\":\"2026-09-01T11:10:38+00:00\",\"breadcrumb\":{\"@id\":\"https:\/\/noticiasemdestaque.com\/cd\/?p=81477#breadcrumb\"},\"inLanguage\":\"pt-BR\",\"potentialAction\":[{\"@type\":\"ReadAction\",\"target\":[\"https:\/\/noticiasemdestaque.com\/cd\/?p=81477\"]}]},{\"@type\":\"ImageObject\",\"inLanguage\":\"pt-BR\",\"@id\":\"https:\/\/noticiasemdestaque.com\/cd\/?p=81477#primaryimage\",\"url\":\"https:\/\/noticiasemdestaque.com\/cd\/wp-content\/uploads\/2026\/09\/Hospitais-privados-poderao-abater-dividas-em-troca0019130400202506250900-8.webp\",\"contentUrl\":\"https:\/\/noticiasemdestaque.com\/cd\/wp-content\/uploads\/2026\/09\/Hospitais-privados-poderao-abater-dividas-em-troca0019130400202506250900-8.webp\",\"width\":900,\"height\":484},{\"@type\":\"BreadcrumbList\",\"@id\":\"https:\/\/noticiasemdestaque.com\/cd\/?p=81477#breadcrumb\",\"itemListElement\":[{\"@type\":\"ListItem\",\"position\":1,\"name\":\"In\u00edcio\",\"item\":\"https:\/\/noticiasemdestaque.com\/cd\/\"},{\"@type\":\"ListItem\",\"position\":2,\"name\":\"SUS vai ofertar tr\u00eas novos medicamentos para tratamento de c\u00e2ncer\"}]},{\"@type\":\"WebSite\",\"@id\":\"https:\/\/noticiasemdestaque.com\/cd\/#website\",\"url\":\"https:\/\/noticiasemdestaque.com\/cd\/\",\"name\":\"Not&iacute;cias em Destaque\",\"description\":\"\",\"publisher\":{\"@id\":\"https:\/\/noticiasemdestaque.com\/cd\/#organization\"},\"potentialAction\":[{\"@type\":\"SearchAction\",\"target\":{\"@type\":\"EntryPoint\",\"urlTemplate\":\"https:\/\/noticiasemdestaque.com\/cd\/?s={search_term_string}\"},\"query-input\":{\"@type\":\"PropertyValueSpecification\",\"valueRequired\":true,\"valueName\":\"search_term_string\"}}],\"inLanguage\":\"pt-BR\"},{\"@type\":\"Organization\",\"@id\":\"https:\/\/noticiasemdestaque.com\/cd\/#organization\",\"name\":\"Not\u00edcias em Destaque\",\"url\":\"https:\/\/noticiasemdestaque.com\/cd\/\",\"logo\":{\"@type\":\"ImageObject\",\"inLanguage\":\"pt-BR\",\"@id\":\"https:\/\/noticiasemdestaque.com\/cd\/#\/schema\/logo\/image\/\",\"url\":\"https:\/\/noticiasemdestaque.com\/cd\/wp-content\/uploads\/2022\/05\/imagem-base-noticiasemdestaque.png\",\"contentUrl\":\"https:\/\/noticiasemdestaque.com\/cd\/wp-content\/uploads\/2022\/05\/imagem-base-noticiasemdestaque.png\",\"width\":1200,\"height\":630,\"caption\":\"Not\u00edcias em Destaque\"},\"image\":{\"@id\":\"https:\/\/noticiasemdestaque.com\/cd\/#\/schema\/logo\/image\/\"}},{\"@type\":\"Person\",\"@id\":\"https:\/\/noticiasemdestaque.com\/cd\/#\/schema\/person\/a978acbbda55eca5b71ccb9421897bb0\",\"name\":\"Not\u00edcias em Destaque\",\"url\":\"https:\/\/noticiasemdestaque.com\/cd\/?author=2\"}]}<\/script>\n<!-- \/ Yoast SEO plugin. -->","yoast_head_json":{"title":"SUS vai ofertar tr\u00eas novos medicamentos para tratamento de c\u00e2ncer - Not&iacute;cias em Destaque","robots":{"index":"index","follow":"follow","max-snippet":"max-snippet:-1","max-image-preview":"max-image-preview:large","max-video-preview":"max-video-preview:-1"},"canonical":"https:\/\/noticiasemdestaque.com\/cd\/?p=81477","og_locale":"pt_BR","og_type":"article","og_title":"SUS vai ofertar tr\u00eas novos medicamentos para tratamento de c\u00e2ncer - Not&iacute;cias em Destaque","og_description":"O Sistema \u00danico de Sa\u00fade (SUS) deve ofertar a partir de outubro tr\u00eas novos medicamentos para o tratamento de c\u00e2ncer de pulm\u00e3o. Segundo o Minist\u00e9rio da Sa\u00fade, devem ser disponibilizados os medicamentos brigatinibe, gefitinibe e durvalumabe. As medica\u00e7\u00f5es s\u00e3o consideradas de alta tecnologia e\u00a0podem custar at\u00e9 R$ 643 mil por ano na rede privada. A estima \u00e9 que 1,9 mil pacientes sejam atendidos em todo o pa\u00eds. Conforme o Minist\u00e9rio, o rem\u00e9dio pode ser administrado na casa do paciente com menor incid\u00eancia de eventos adversos em compara\u00e7\u00e3o aos esquemas convencionais de quimioterapia. O brigatinibe e o gefitinibe s\u00e3o duas terapias-alvo orais que atuam diretamente sobre altera\u00e7\u00f5es espec\u00edficas das c\u00e9lulas cancer\u00edgenas. J\u00e1 o durvalumabe estimula a capacidade do sistema imunol\u00f3gico de combater os tumores cancer\u00edgenos. Ele \u00e9 indicado para pacientes com c\u00e2ncer de pulm\u00e3o em est\u00e1gio 3, que n\u00e3o podem ser tratados com cirurgia. As medica\u00e7\u00f5es ser\u00e3o financiadas integralmente pelo governo federal a partir da implementa\u00e7\u00e3o da Assist\u00eancia Farmac\u00eautica Oncol\u00f3gica (AF-Onco), criada para ampliar a oferta de tratamentos pelo SUS. Not\u00edcias em Destaque Fonte: Jornal da Para\u00edba","og_url":"https:\/\/noticiasemdestaque.com\/cd\/?p=81477","og_site_name":"Not&iacute;cias em Destaque","article_published_time":"2026-09-01T11:10:38+00:00","og_image":[{"width":900,"height":484,"url":"https:\/\/noticiasemdestaque.com\/cd\/wp-content\/uploads\/2026\/09\/Hospitais-privados-poderao-abater-dividas-em-troca0019130400202506250900-8.webp","type":"image\/webp"}],"author":"Not\u00edcias em Destaque","twitter_card":"summary_large_image","twitter_misc":{"Escrito por":"Not\u00edcias em Destaque","Est. tempo de leitura":"2 minutos"},"schema":{"@context":"https:\/\/schema.org","@graph":[{"@type":"Article","@id":"https:\/\/noticiasemdestaque.com\/cd\/?p=81477#article","isPartOf":{"@id":"https:\/\/noticiasemdestaque.com\/cd\/?p=81477"},"author":{"name":"Not\u00edcias em Destaque","@id":"https:\/\/noticiasemdestaque.com\/cd\/#\/schema\/person\/a978acbbda55eca5b71ccb9421897bb0"},"headline":"SUS vai ofertar tr\u00eas novos medicamentos para tratamento de c\u00e2ncer","datePublished":"2026-09-01T11:10:38+00:00","mainEntityOfPage":{"@id":"https:\/\/noticiasemdestaque.com\/cd\/?p=81477"},"wordCount":216,"publisher":{"@id":"https:\/\/noticiasemdestaque.com\/cd\/#organization"},"image":{"@id":"https:\/\/noticiasemdestaque.com\/cd\/?p=81477#primaryimage"},"thumbnailUrl":"https:\/\/noticiasemdestaque.com\/cd\/wp-content\/uploads\/2026\/09\/Hospitais-privados-poderao-abater-dividas-em-troca0019130400202506250900-8.webp","articleSection":["Geral"],"inLanguage":"pt-BR"},{"@type":"WebPage","@id":"https:\/\/noticiasemdestaque.com\/cd\/?p=81477","url":"https:\/\/noticiasemdestaque.com\/cd\/?p=81477","name":"SUS vai ofertar tr\u00eas novos medicamentos para tratamento de c\u00e2ncer - Not&iacute;cias em Destaque","isPartOf":{"@id":"https:\/\/noticiasemdestaque.com\/cd\/#website"},"primaryImageOfPage":{"@id":"https:\/\/noticiasemdestaque.com\/cd\/?p=81477#primaryimage"},"image":{"@id":"https:\/\/noticiasemdestaque.com\/cd\/?p=81477#primaryimage"},"thumbnailUrl":"https:\/\/noticiasemdestaque.com\/cd\/wp-content\/uploads\/2026\/09\/Hospitais-privados-poderao-abater-dividas-em-troca0019130400202506250900-8.webp","datePublished":"2026-09-01T11:10:38+00:00","breadcrumb":{"@id":"https:\/\/noticiasemdestaque.com\/cd\/?p=81477#breadcrumb"},"inLanguage":"pt-BR","potentialAction":[{"@type":"ReadAction","target":["https:\/\/noticiasemdestaque.com\/cd\/?p=81477"]}]},{"@type":"ImageObject","inLanguage":"pt-BR","@id":"https:\/\/noticiasemdestaque.com\/cd\/?p=81477#primaryimage","url":"https:\/\/noticiasemdestaque.com\/cd\/wp-content\/uploads\/2026\/09\/Hospitais-privados-poderao-abater-dividas-em-troca0019130400202506250900-8.webp","contentUrl":"https:\/\/noticiasemdestaque.com\/cd\/wp-content\/uploads\/2026\/09\/Hospitais-privados-poderao-abater-dividas-em-troca0019130400202506250900-8.webp","width":900,"height":484},{"@type":"BreadcrumbList","@id":"https:\/\/noticiasemdestaque.com\/cd\/?p=81477#breadcrumb","itemListElement":[{"@type":"ListItem","position":1,"name":"In\u00edcio","item":"https:\/\/noticiasemdestaque.com\/cd\/"},{"@type":"ListItem","position":2,"name":"SUS vai ofertar tr\u00eas novos medicamentos para tratamento de c\u00e2ncer"}]},{"@type":"WebSite","@id":"https:\/\/noticiasemdestaque.com\/cd\/#website","url":"https:\/\/noticiasemdestaque.com\/cd\/","name":"Not&iacute;cias em Destaque","description":"","publisher":{"@id":"https:\/\/noticiasemdestaque.com\/cd\/#organization"},"potentialAction":[{"@type":"SearchAction","target":{"@type":"EntryPoint","urlTemplate":"https:\/\/noticiasemdestaque.com\/cd\/?s={search_term_string}"},"query-input":{"@type":"PropertyValueSpecification","valueRequired":true,"valueName":"search_term_string"}}],"inLanguage":"pt-BR"},{"@type":"Organization","@id":"https:\/\/noticiasemdestaque.com\/cd\/#organization","name":"Not\u00edcias em Destaque","url":"https:\/\/noticiasemdestaque.com\/cd\/","logo":{"@type":"ImageObject","inLanguage":"pt-BR","@id":"https:\/\/noticiasemdestaque.com\/cd\/#\/schema\/logo\/image\/","url":"https:\/\/noticiasemdestaque.com\/cd\/wp-content\/uploads\/2022\/05\/imagem-base-noticiasemdestaque.png","contentUrl":"https:\/\/noticiasemdestaque.com\/cd\/wp-content\/uploads\/2022\/05\/imagem-base-noticiasemdestaque.png","width":1200,"height":630,"caption":"Not\u00edcias em Destaque"},"image":{"@id":"https:\/\/noticiasemdestaque.com\/cd\/#\/schema\/logo\/image\/"}},{"@type":"Person","@id":"https:\/\/noticiasemdestaque.com\/cd\/#\/schema\/person\/a978acbbda55eca5b71ccb9421897bb0","name":"Not\u00edcias em Destaque","url":"https:\/\/noticiasemdestaque.com\/cd\/?author=2"}]}},"jetpack_featured_media_url":"https:\/\/noticiasemdestaque.com\/cd\/wp-content\/uploads\/2026\/09\/Hospitais-privados-poderao-abater-dividas-em-troca0019130400202506250900-8.webp","jetpack_sharing_enabled":true,"_links":{"self":[{"href":"https:\/\/noticiasemdestaque.com\/cd\/index.php?rest_route=\/wp\/v2\/posts\/81477","targetHints":{"allow":["GET"]}}],"collection":[{"href":"https:\/\/noticiasemdestaque.com\/cd\/index.php?rest_route=\/wp\/v2\/posts"}],"about":[{"href":"https:\/\/noticiasemdestaque.com\/cd\/index.php?rest_route=\/wp\/v2\/types\/post"}],"author":[{"embeddable":true,"href":"https:\/\/noticiasemdestaque.com\/cd\/index.php?rest_route=\/wp\/v2\/users\/2"}],"replies":[{"embeddable":true,"href":"https:\/\/noticiasemdestaque.com\/cd\/index.php?rest_route=%2Fwp%2Fv2%2Fcomments&post=81477"}],"version-history":[{"count":1,"href":"https:\/\/noticiasemdestaque.com\/cd\/index.php?rest_route=\/wp\/v2\/posts\/81477\/revisions"}],"predecessor-version":[{"id":81479,"href":"https:\/\/noticiasemdestaque.com\/cd\/index.php?rest_route=\/wp\/v2\/posts\/81477\/revisions\/81479"}],"wp:featuredmedia":[{"embeddable":true,"href":"https:\/\/noticiasemdestaque.com\/cd\/index.php?rest_route=\/wp\/v2\/media\/81478"}],"wp:attachment":[{"href":"https:\/\/noticiasemdestaque.com\/cd\/index.php?rest_route=%2Fwp%2Fv2%2Fmedia&parent=81477"}],"wp:term":[{"taxonomy":"category","embeddable":true,"href":"https:\/\/noticiasemdestaque.com\/cd\/index.php?rest_route=%2Fwp%2Fv2%2Fcategories&post=81477"},{"taxonomy":"post_tag","embeddable":true,"href":"https:\/\/noticiasemdestaque.com\/cd\/index.php?rest_route=%2Fwp%2Fv2%2Ftags&post=81477"}],"curies":[{"name":"wp","href":"https:\/\/api.w.org\/{rel}","templated":true}]}}