{"id":81466,"date":"2026-08-31T18:15:06","date_gmt":"2026-08-31T21:15:06","guid":{"rendered":"https:\/\/noticiasemdestaque.com\/cd\/?p=81466"},"modified":"2026-08-31T18:18:50","modified_gmt":"2026-08-31T21:18:50","slug":"vi-mostra-sume-de-cinema-promove-cinco-dias-de-programacao-com-cinema-formacao-cultura-e-debate-sobre-a-memoria-dos-cinemas-de-rua","status":"publish","type":"post","link":"https:\/\/noticiasemdestaque.com\/cd\/?p=81466","title":{"rendered":"VI Mostra Sum\u00e9 de Cinema promove cinco dias de programa\u00e7\u00e3o com cinema, forma\u00e7\u00e3o, cultura e debate sobre a mem\u00f3ria dos cinemas de rua"},"content":{"rendered":"<p><a href=\"https:\/\/noticiasemdestaque.com\/cd\/wp-content\/uploads\/2026\/08\/Mostra-Sume-de-Cinema.jpeg\"><img fetchpriority=\"high\" decoding=\"async\" class=\" wp-image-81467 aligncenter\" src=\"https:\/\/noticiasemdestaque.com\/cd\/wp-content\/uploads\/2026\/08\/Mostra-Sume-de-Cinema-240x300.jpeg\" alt=\"\" width=\"479\" height=\"599\" srcset=\"https:\/\/noticiasemdestaque.com\/cd\/wp-content\/uploads\/2026\/08\/Mostra-Sume-de-Cinema-240x300.jpeg 240w, https:\/\/noticiasemdestaque.com\/cd\/wp-content\/uploads\/2026\/08\/Mostra-Sume-de-Cinema-819x1024.jpeg 819w, https:\/\/noticiasemdestaque.com\/cd\/wp-content\/uploads\/2026\/08\/Mostra-Sume-de-Cinema-768x960.jpeg 768w, https:\/\/noticiasemdestaque.com\/cd\/wp-content\/uploads\/2026\/08\/Mostra-Sume-de-Cinema.jpeg 1024w\" sizes=\"(max-width: 479px) 100vw, 479px\" \/><\/a><\/p>\n<p>Sum\u00e9, no Cariri paraibano, se prepara para receber mais uma edi\u00e7\u00e3o da Mostra Sum\u00e9 de Cinema, que chega \u00e0 sua sexta edi\u00e7\u00e3o entre os dias 8 e 12 de setembro de 2026, com uma programa\u00e7\u00e3o que re\u00fane cinema, forma\u00e7\u00e3o audiovisual, mem\u00f3ria, arte, cultura e valoriza\u00e7\u00e3o da produ\u00e7\u00e3o cinematogr\u00e1fica brasileira.<\/p>\n<p>Ao longo de cinco dias, a programa\u00e7\u00e3o ocupar\u00e1 diferentes espa\u00e7os da cidade, levando o cinema para escolas, universidade, pra\u00e7as, museu, al\u00e9m de espa\u00e7os n\u00e3o convencionais, como o Hospital e Maternidade Alice de Almeida e o Abrigo de Idosos Ros\u00e1lia Paulino.<\/p>\n<p>A proposta \u00e9 ampliar o acesso \u00e0 produ\u00e7\u00e3o audiovisual, fortalecer a forma\u00e7\u00e3o de novos p\u00fablicos e promover encontros entre realizadores, realizadoras, artistas, estudantes, profissionais da cultura e a comunidade. Entre os destaques desta edi\u00e7\u00e3o est\u00e1 o debate \u201cCinemas de Rua \u2013 dos fragmentos de uma hist\u00f3ria que nos atravessa ao resgate de um patrim\u00f4nio cultural e do direito \u00e0 cultura\u201d, que acontece no dia 11 de setembro, \u00e0s 9h, na C\u00e2mara Municipal de Vereadores de Sum\u00e9.<\/p>\n<p>O encontro parte da mem\u00f3ria dos antigos \u201ccinemas de rua\u201d para discutir a import\u00e2ncia desses espa\u00e7os como patrim\u00f4nios culturais e locais de conviv\u00eancia, forma\u00e7\u00e3o e acesso \u00e0 arte.<\/p>\n<p>A conversa reunir\u00e1 representantes do poder p\u00fablico, profissionais do cinema e da cultura, cineastas, atores, representantes de institui\u00e7\u00f5es ligadas \u00e0 preserva\u00e7\u00e3o da mem\u00f3ria cinematogr\u00e1fica e integrantes da sociedade civil.<\/p>\n<p>A escolha do tema dialoga diretamente com a identidade desta edi\u00e7\u00e3o da Mostra, que tem como uma de suas inspira\u00e7\u00f5es o Cine Teatro Municipal de Sum\u00e9. Constru\u00eddo em meados da d\u00e9cada de 1950, o espa\u00e7o foi durante d\u00e9cadas um dos principais pontos de encontro e efervesc\u00eancia cultural da cidade, recebendo sess\u00f5es de cinema, apresenta\u00e7\u00f5es teatrais, matin\u00eas, shows de calouros e atividades musicais.<\/p>\n<p>Hoje, mesmo marcado pela passagem do tempo, o Cine Teatro permanece presente na mem\u00f3ria dos sumeenses. Ao coloc\u00e1-lo novamente no centro da discuss\u00e3o, a Mostra refor\u00e7a a import\u00e2ncia da preserva\u00e7\u00e3o da mem\u00f3ria cultural e do acesso da popula\u00e7\u00e3o a espa\u00e7os de produ\u00e7\u00e3o, exibi\u00e7\u00e3o e frui\u00e7\u00e3o art\u00edstica.<\/p>\n<p>A VI Mostra Sum\u00e9 de Cinema tamb\u00e9m homenageia Titina Medeiros, atriz sens\u00edvel, talentosa, generosa e que tem um legado marcado por sua for\u00e7a feminina no cinema, no teatro e na televis\u00e3o, pulsante na tela. Sua trajet\u00f3ria deixa mem\u00f3rias marcantes na arte brasileira. A programa\u00e7\u00e3o da Mostra conta com oficina de forma\u00e7\u00e3o audiovisual, minicurso de atua\u00e7\u00e3o, mostras itinerantes, mostras competitivas Para\u00edba, Brasil e Cariri C\u00e9u de Poesia, lan\u00e7amentos de livros, apresenta\u00e7\u00f5es culturais, passeios tur\u00edsticos, exposi\u00e7\u00e3o art\u00edstica, premia\u00e7\u00e3o e shows.<\/p>\n<p><strong>PROGRAMA\u00c7\u00c3O<\/strong><\/p>\n<p><strong>8 DE SETEMBRO | TER\u00c7A-FEIRA<\/strong><br \/>\n\u25cf 13h \u00e0s 16h \u2013 Oficina de Forma\u00e7\u00e3o Audiovisual Ministrante: cineasta Andr\u00e9 da Costa Pinto<br \/>\n<strong>ECI Professor Jos\u00e9 Gon\u00e7alves de Queiroz<\/strong><br \/>\n\u25cf 14h \u2013 Mostra Itinerante \u201cLuiz Cust\u00f3dio de Cinema\u201d<br \/>\n<strong>Hospital e Maternidade Alice de Almeida<\/strong><\/p>\n<p><strong>9 DE SETEMBRO | QUARTA-FEIRA<\/strong><br \/>\n\u25cf 13h \u00e0s 16h \u2013 Oficina de Forma\u00e7\u00e3o Audiovisual Ministrante: cineasta Andr\u00e9 da Costa Pinto<br \/>\n<strong>ECI Professor Jos\u00e9 Gon\u00e7alves de Queiroz<\/strong><br \/>\n\u25cf 16h30min \u2013 Mostra Itinerante \u201cLuiz Cust\u00f3dio de Cinema\u201d<br \/>\n<strong>Abrigo de Idosos Ros\u00e1lia Paulino<\/strong><br \/>\n\u25cf 19h30min \u2013 Mostra Itinerante \u201cLuiz Cust\u00f3dio de Cinema\u201d<br \/>\n<strong>CDSA\/UFCG \u2013 Campus Sum\u00e9<\/strong><\/p>\n<p><strong>10 DE SETEMBRO | QUINTA-FEIRA<\/strong><br \/>\n\u25cf 13h \u00e0s 16h \u2013 Oficina de Forma\u00e7\u00e3o Audiovisual<br \/>\nMinistrante: cineasta Andr\u00e9 da Costa Pinto<br \/>\n<strong>ECI Professor Jos\u00e9 Gon\u00e7alves de Queiroz<\/strong><br \/>\n\u25cf 19h15min \u2013 Abertura oficial Apresenta\u00e7\u00e3o cultural com o m\u00fasico sumeense Rodrigo Rafael<br \/>\n<strong>Mostra Para\u00edba<\/strong><br \/>\n\u25cf Areia, Mem\u00f3ria e Cinema \u2013 Let\u00edcia Damasceno Barreto | Document\u00e1rio | 14 min | 2024 | Areia<br \/>\n\u25cf Teatro em Jampa Vive \u2013 Kelly Freire Moreira | Document\u00e1rio | 14 min | 2025 | Jo\u00e3o Pessoa Mostra Brasil<br \/>\n\u25cf Pup\u00e1 \u2013 Osani | Document\u00e1rio | 14 min | 2024 | RN<br \/>\n\u25cf Esperan\u00e7a \u2013 Amora Moreira e Marcelo Pereira | Anima\u00e7\u00e3o | 14 min | 2026 | RJ<br \/>\n\u25cf O Carnaval \u00e9 de Pel\u00e9 \u2013 Daniele Leite e Lucas Santos | Document\u00e1rio | 20 min | 2025 | PE<br \/>\nExibi\u00e7\u00e3o de lan\u00e7amento filme convidado:<br \/>\nProlcariri \u2013 William Freitas | Document\u00e1rio | 18 min | 2026 | Sum\u00e9<br \/>\nPra\u00e7a Adolfo Mayer \u2013 Rua Augusto Santa Cruz<\/p>\n<p><strong>11 DE SETEMBRO | SEXTA-FEIRA<\/strong><br \/>\n\u25cf 8h30min \u2013 Lan\u00e7amento do livro \u201cCinemas de Rua de Pernambuco \u2013 Mem\u00f3ria Gr\u00e1fica, Visual e Afetiva\u201d<br \/>\nRealiza\u00e7\u00e3o: Coletivo CineRuaPE<br \/>\n<strong>C\u00e2mara Municipal de Vereadores<\/strong><br \/>\n* 9h \u2013 Debate \u201cCinemas de Rua \u2013 dos fragmentos de uma hist\u00f3ria que nos atravessa ao resgate de um patrim\u00f4nio cultural e do direito \u00e0 cultura\u201d Media\u00e7\u00e3o: Alexandre Soares Taquary<br \/>\nParticipa\u00e7\u00e3o de representantes da Prefeitura Municipal, C\u00e2mara de Vereadores, SECULT Sum\u00e9, SECULT PB, cineastas, atores do cinema paraibano, Coletivo CineRuaPE, representantes do Cine S\u00e3o Jos\u00e9 de Campina Grande e do Cine S\u00e3o Jos\u00e9 de Afogados da Ingazeira, al\u00e9m da sociedade civil.<br \/>\n<strong>C\u00e2mara Municipal de Vereadores<\/strong><br \/>\n\u25cf 13h \u00e0s 16h \u2013 Oficina de Forma\u00e7\u00e3o Audiovisual Ministrante: cineasta Andr\u00e9 da Costa Pinto<br \/>\n<strong>ECITE Professor Jos\u00e9 Gon\u00e7alves de Queiroz<\/strong><br \/>\n\u25cf 14h \u00e0s 17h \u2013 Minicurso de Atua\u00e7\u00e3o Ministrante: atriz Dudha Moreira<br \/>\n<strong>Audit\u00f3rio do CDSA\/UFCG<\/strong><br \/>\n\u25cf 16h10min \u2013 Passeio tur\u00edstico \u201cConhecendo a Amada Terra Sum\u00e9\u201d<br \/>\n<strong>Serra dos Sucurus<\/strong><br \/>\n* 19h15min \u2013 Lan\u00e7amento do livro: Luz, Cinefilia&#8230; Cr\u00edtica! Arqueologia e Mem\u00f3ria do Cr\u00edtico Linduarte Noronha<br \/>\nOrganiza\u00e7\u00e3o: L\u00facio Vilar<br \/>\nApresenta\u00e7\u00e3o da Banda de P\u00edfanos do Pio X<br \/>\n<strong>Mostra Para\u00edba<\/strong><br \/>\n\u25cf Cren\u00e7as \u2013 Maraisa Quintino | Document\u00e1rio | 17 min | 2025 | Sousa<br \/>\n\u25cf Cantilena \u2013 Dhiones do Congo | Fic\u00e7\u00e3o | 12 min | 2025 | Congo<br \/>\n\u25cf Kanhema \u2013 Iasmin Soares | Document\u00e1rio | 13 min | 2025 | Santa Rita<\/p>\n<p><strong>Mostra Brasil<\/strong><br \/>\n\u25cf Mem\u00f3rias Com Vista Pro Mar \u2013 Marton Olympio | Fic\u00e7\u00e3o | 20 min | 2025 | RJ \u25cf Os Arcos Dourados de Olinda \u2013 Douglas Henrique | Document\u00e1rio | 20 min | 2025 | PE<br \/>\nExibi\u00e7\u00e3o de Filme convidado: Kohbac \u2013 A Maldi\u00e7\u00e3o da C\u00e2mera Vermelha \u2013 L\u00facio Vilar | Document\u00e1rio | 16 min | 2009 | Jo\u00e3o Pessoa<br \/>\n\u25cf Museu Miguel Guilherme \u2013 Rua Augusto Santa Cruz<\/p>\n<p><strong>12 DE SETEMBRO | S\u00c1BADO<\/strong><br \/>\n\u25cf 10h \u2013 Passeio tur\u00edstico \u201cConhecendo a Amada Terra Sum\u00e9\u201d Memorial S\u00e3o Thom\u00e9 dos Sucurus e Museu Casa da Cultura Poeta Z\u00e9 Marcolino<br \/>\n\u25cf 19h \u2013 Exposi\u00e7\u00e3o Cultural \u201cSum\u00e9 e seus Talentos\u201d Artesanato, artes visuais, xilogravura, poesia e m\u00fasica<br \/>\n\u25cf 19h15min \u2013 Apresenta\u00e7\u00e3o cultural \u201cX\u00eaxo de Causo\u201d Com o artista sumeense Allan Barros<br \/>\n<strong>Mostra Competitiva Cariri C\u00e9u de Poesia<\/strong><br \/>\n\u25cf Quando as ondas do mar desligam \u2013 Yasoda Nanda e Assaggi Pi\u00e1 | Anima\u00e7\u00e3o | 14 min | 2025 | BA<br \/>\n\u25cf Livros s\u00e3o eternos \u2013 Ricardo Rodrigues e Paulo China | Fic\u00e7\u00e3o | 10 min | 2025 | RJ<br \/>\n\u25cf Babau \u2013 O sanfoneiro sonhador \u2013 Carlos Mosca | Fic\u00e7\u00e3o | 15 min | 2025 | PB \u25cf \u00c0 Flor da Pele \u2013 Danielle Villanova | Document\u00e1rio | 20 min | 2025 | RJ<br \/>\n\u25cf YbyApin \u2013 Murilo Ribeiro | Anima\u00e7\u00e3o | 5 min | 2026 | GO<br \/>\n<strong>Homenagem \u00e0 atriz Titina Medeiros<\/strong><br \/>\nApresenta\u00e7\u00e3o do resultado da Oficina de Forma\u00e7\u00e3o Audiovisual<br \/>\nExibi\u00e7\u00e3o especial do filme: Mem\u00f3rias \u2013 Hist\u00f3rias do Cine Teatro Municipal de Sum\u00e9 \u2013 Ana C\u00e9lia Gomes | Document\u00e1rio | 19 min | 2025 | Sum\u00e9<br \/>\nPremia\u00e7\u00e3o 22h \u2013 Show com Tit\u00e1 Moura<br \/>\n\u25cf Pra\u00e7a Jos\u00e9 Am\u00e9rico \u2013 Avenida Primeiro de Abril<br \/>\n_____________<br \/>\nCinema tamb\u00e9m chega \u00e0s escolas Antes da programa\u00e7\u00e3o principal da VI Mostra Sum\u00e9 de Cinema, o audiovisual j\u00e1 come\u00e7ou a ocupar diferentes espa\u00e7os da cidade.<\/p>\n<p>Entre os dias 24 e 28 de agosto, a Mostra Conex\u00e3o Terra levou sess\u00f5es e experi\u00eancias audiovisuais para escolas da cidade, ampliando o acesso ao cinema e aproximando crian\u00e7as e jovens da produ\u00e7\u00e3o cinematogr\u00e1fica.<\/p>\n<p>As atividades se concentraram na Escola Z\u00e9lia Braz, Escola Padre Paulo, Escola Agrot\u00e9cnica, Escola Gon\u00e7ala Rodrigues e Creche Rita Cipriano.<\/p>\n<p>A iniciativa antecipa o esp\u00edrito da VI Mostra Sum\u00e9 de Cinema e refor\u00e7a um de seus principais objetivos: fazer do cinema uma experi\u00eancia acess\u00edvel, pr\u00f3xima e capaz de dialogar com diferentes p\u00fablicos e territ\u00f3rios.<\/p>\n<h2>Cinema, mem\u00f3ria e territ\u00f3rio<\/h2>\n<p>Ao reunir cinema, forma\u00e7\u00e3o, patrim\u00f4nio, turismo, m\u00fasica, literatura e artes visuais, a VI Mostra Sum\u00e9 de Cinema reafirma a cultura como espa\u00e7o de encontro, reflex\u00e3o e transforma\u00e7\u00e3o.<br \/>\nMais do que uma programa\u00e7\u00e3o de filmes, a Mostra prop\u00f5e uma experi\u00eancia de aproxima\u00e7\u00e3o entre o cinema e a comunidade, valorizando a produ\u00e7\u00e3o cinematogr\u00e1fica paraibana e brasileira e, ao mesmo tempo, as hist\u00f3rias, os artistas, os espa\u00e7os e as mem\u00f3rias que fazem parte da identidade de Sum\u00e9 e do Cariri Paraibano.<\/p>\n<p>A VI Mostra Sum\u00e9 de Cinema \u00e9 uma produ\u00e7\u00e3o da C\u00e9u de Poesia e conta com o apoio cutural da InCartaz, Filminbrasil, Angel Presentes, Mistika, Prefeitura de Sum\u00e9, Centro de Desenvolvimento Sustent\u00e1vel do Semi\u00e1rido (CDSA\/UFCG) e R\u00e1dio 95 FM.<\/p>\n<p>Realiza\u00e7\u00e3o: Edital Vladimir Carvalho de Fomento a Mostras e Festivais de Cinema da Para\u00edba; CAGEPA; Fundo de Incentivo \u00e0 Cultura Augusto dos Anjos; Secretaria de Estado da Cultura PB; Sistema Nacional de Cultura (SNC); Pol\u00edtica Nacional Aldir Blanc de Fomento \u00e0 Cultura; Minist\u00e9rio da Cultura.<\/p>\n<p><strong>Not\u00edcias em Destaque<\/strong><\/p>\n<p style=\"text-align: right;\"><em>Com Assessoria Mostra Sum\u00e9 de Cinema<\/em><\/p>\n<p style=\"text-align: right;\">Ana C\u00e9lia da Silva Gomes<\/p>\n","protected":false},"excerpt":{"rendered":"<p>Sum\u00e9, no Cariri paraibano, se prepara para receber mais uma edi\u00e7\u00e3o da Mostra Sum\u00e9 de Cinema, que chega \u00e0 sua sexta edi\u00e7\u00e3o entre os dias 8 e 12 de setembro de 2026, com uma programa\u00e7\u00e3o que re\u00fane cinema, forma\u00e7\u00e3o audiovisual, mem\u00f3ria, arte, cultura e valoriza\u00e7\u00e3o da produ\u00e7\u00e3o cinematogr\u00e1fica brasileira. Ao longo de cinco dias, a programa\u00e7\u00e3o ocupar\u00e1 diferentes espa\u00e7os da cidade, levando o cinema para escolas, universidade, pra\u00e7as, museu, al\u00e9m de espa\u00e7os n\u00e3o convencionais, como o Hospital e Maternidade Alice de Almeida e o Abrigo de Idosos Ros\u00e1lia Paulino. A proposta \u00e9 ampliar o acesso \u00e0 produ\u00e7\u00e3o audiovisual, fortalecer a forma\u00e7\u00e3o de novos p\u00fablicos e promover encontros entre realizadores, realizadoras, artistas, estudantes, profissionais da cultura e a comunidade. Entre os destaques desta edi\u00e7\u00e3o est\u00e1 o debate \u201cCinemas de Rua \u2013 dos fragmentos de uma hist\u00f3ria que nos atravessa ao resgate de um patrim\u00f4nio cultural e do direito \u00e0 cultura\u201d, que acontece no dia 11 de setembro, \u00e0s 9h, na C\u00e2mara Municipal de Vereadores de Sum\u00e9. O encontro parte da mem\u00f3ria dos antigos \u201ccinemas de rua\u201d para discutir a import\u00e2ncia desses espa\u00e7os como patrim\u00f4nios culturais e locais de conviv\u00eancia, forma\u00e7\u00e3o e acesso \u00e0 arte. A conversa reunir\u00e1 representantes do poder p\u00fablico, profissionais do cinema e da cultura, cineastas, atores, representantes de institui\u00e7\u00f5es ligadas \u00e0 preserva\u00e7\u00e3o da mem\u00f3ria cinematogr\u00e1fica e integrantes da sociedade civil. A escolha do tema dialoga diretamente com a identidade desta edi\u00e7\u00e3o da Mostra, que tem como uma de suas inspira\u00e7\u00f5es o Cine Teatro Municipal de Sum\u00e9. Constru\u00eddo em meados da d\u00e9cada de 1950, o espa\u00e7o foi durante d\u00e9cadas um dos principais pontos de encontro e efervesc\u00eancia cultural da cidade, recebendo sess\u00f5es de cinema, apresenta\u00e7\u00f5es teatrais, matin\u00eas, shows de calouros e atividades musicais. Hoje, mesmo marcado pela passagem do tempo, o Cine Teatro permanece presente na mem\u00f3ria dos sumeenses. Ao coloc\u00e1-lo novamente no centro da discuss\u00e3o, a Mostra refor\u00e7a a import\u00e2ncia da preserva\u00e7\u00e3o da mem\u00f3ria cultural e do acesso da popula\u00e7\u00e3o a espa\u00e7os de produ\u00e7\u00e3o, exibi\u00e7\u00e3o e frui\u00e7\u00e3o art\u00edstica. A VI Mostra Sum\u00e9 de Cinema tamb\u00e9m homenageia Titina Medeiros, atriz sens\u00edvel, talentosa, generosa e que tem um legado marcado por sua for\u00e7a feminina no cinema, no teatro e na televis\u00e3o, pulsante na tela. Sua trajet\u00f3ria deixa mem\u00f3rias marcantes na arte brasileira. A programa\u00e7\u00e3o da Mostra conta com oficina de forma\u00e7\u00e3o audiovisual, minicurso de atua\u00e7\u00e3o, mostras itinerantes, mostras competitivas Para\u00edba, Brasil e Cariri C\u00e9u de Poesia, lan\u00e7amentos de livros, apresenta\u00e7\u00f5es culturais, passeios tur\u00edsticos, exposi\u00e7\u00e3o art\u00edstica, premia\u00e7\u00e3o e shows. PROGRAMA\u00c7\u00c3O 8 DE SETEMBRO | TER\u00c7A-FEIRA \u25cf 13h \u00e0s 16h \u2013 Oficina de Forma\u00e7\u00e3o Audiovisual Ministrante: cineasta Andr\u00e9 da Costa Pinto ECI Professor Jos\u00e9 Gon\u00e7alves de Queiroz \u25cf 14h \u2013 Mostra Itinerante \u201cLuiz Cust\u00f3dio de Cinema\u201d Hospital e Maternidade Alice de Almeida 9 DE SETEMBRO | QUARTA-FEIRA \u25cf 13h \u00e0s 16h \u2013 Oficina de Forma\u00e7\u00e3o Audiovisual Ministrante: cineasta Andr\u00e9 da Costa Pinto ECI Professor Jos\u00e9 Gon\u00e7alves de Queiroz \u25cf 16h30min \u2013 Mostra Itinerante \u201cLuiz Cust\u00f3dio de Cinema\u201d Abrigo de Idosos Ros\u00e1lia Paulino \u25cf 19h30min \u2013 Mostra Itinerante \u201cLuiz Cust\u00f3dio de Cinema\u201d CDSA\/UFCG \u2013 Campus Sum\u00e9 10 DE SETEMBRO | QUINTA-FEIRA \u25cf 13h \u00e0s 16h \u2013 Oficina de Forma\u00e7\u00e3o Audiovisual Ministrante: cineasta Andr\u00e9 da Costa Pinto ECI Professor Jos\u00e9 Gon\u00e7alves de Queiroz \u25cf 19h15min \u2013 Abertura oficial Apresenta\u00e7\u00e3o cultural com o m\u00fasico sumeense Rodrigo Rafael Mostra Para\u00edba \u25cf Areia, Mem\u00f3ria e Cinema \u2013 Let\u00edcia Damasceno Barreto | Document\u00e1rio | 14 min | 2024 | Areia \u25cf Teatro em Jampa Vive \u2013 Kelly Freire Moreira | Document\u00e1rio | 14 min | 2025 | Jo\u00e3o Pessoa Mostra Brasil \u25cf Pup\u00e1 \u2013 Osani | Document\u00e1rio | 14 min | 2024 | RN \u25cf Esperan\u00e7a \u2013 Amora Moreira e Marcelo Pereira | Anima\u00e7\u00e3o | 14 min | 2026 | RJ \u25cf O Carnaval \u00e9 de Pel\u00e9 \u2013 Daniele Leite e Lucas Santos | Document\u00e1rio | 20 min | 2025 | PE Exibi\u00e7\u00e3o de lan\u00e7amento filme convidado: Prolcariri \u2013 William Freitas | Document\u00e1rio | 18 min | 2026 | Sum\u00e9 Pra\u00e7a Adolfo Mayer \u2013 Rua Augusto Santa Cruz 11 DE SETEMBRO | SEXTA-FEIRA \u25cf 8h30min \u2013 Lan\u00e7amento do livro \u201cCinemas de Rua de Pernambuco \u2013 Mem\u00f3ria Gr\u00e1fica, Visual e Afetiva\u201d Realiza\u00e7\u00e3o: Coletivo CineRuaPE C\u00e2mara Municipal de Vereadores * 9h \u2013 Debate \u201cCinemas de Rua \u2013 dos fragmentos de uma hist\u00f3ria que nos atravessa ao resgate de um patrim\u00f4nio cultural e do direito \u00e0 cultura\u201d Media\u00e7\u00e3o: Alexandre Soares Taquary Participa\u00e7\u00e3o de representantes da Prefeitura Municipal, C\u00e2mara de Vereadores, SECULT Sum\u00e9, SECULT PB, cineastas, atores do cinema paraibano, Coletivo CineRuaPE, representantes do Cine S\u00e3o Jos\u00e9 de Campina Grande e do Cine S\u00e3o Jos\u00e9 de Afogados da Ingazeira, al\u00e9m da sociedade civil. C\u00e2mara Municipal de Vereadores \u25cf 13h \u00e0s 16h \u2013 Oficina de Forma\u00e7\u00e3o Audiovisual Ministrante: cineasta Andr\u00e9 da Costa Pinto ECITE Professor Jos\u00e9 Gon\u00e7alves de Queiroz \u25cf 14h \u00e0s 17h \u2013 Minicurso de Atua\u00e7\u00e3o Ministrante: atriz Dudha Moreira Audit\u00f3rio do CDSA\/UFCG \u25cf 16h10min \u2013 Passeio tur\u00edstico \u201cConhecendo a Amada Terra Sum\u00e9\u201d Serra dos Sucurus * 19h15min \u2013 Lan\u00e7amento do livro: Luz, Cinefilia&#8230; Cr\u00edtica! Arqueologia e Mem\u00f3ria do Cr\u00edtico Linduarte Noronha Organiza\u00e7\u00e3o: L\u00facio Vilar Apresenta\u00e7\u00e3o da Banda de P\u00edfanos do Pio X Mostra Para\u00edba \u25cf Cren\u00e7as \u2013 Maraisa Quintino | Document\u00e1rio | 17 min | 2025 | Sousa \u25cf Cantilena \u2013 Dhiones do Congo | Fic\u00e7\u00e3o | 12 min | 2025 | Congo \u25cf Kanhema \u2013 Iasmin Soares | Document\u00e1rio | 13 min | 2025 | Santa Rita Mostra Brasil \u25cf Mem\u00f3rias Com Vista Pro Mar \u2013 Marton Olympio | Fic\u00e7\u00e3o | 20 min | 2025 | RJ \u25cf Os Arcos Dourados de Olinda \u2013 Douglas Henrique | Document\u00e1rio | 20 min | 2025 | PE Exibi\u00e7\u00e3o de Filme convidado: Kohbac \u2013 A Maldi\u00e7\u00e3o da C\u00e2mera Vermelha \u2013 L\u00facio Vilar | Document\u00e1rio | 16 min | 2009 | Jo\u00e3o Pessoa \u25cf Museu Miguel Guilherme \u2013 Rua Augusto Santa Cruz 12 DE SETEMBRO | S\u00c1BADO \u25cf 10h \u2013 Passeio tur\u00edstico \u201cConhecendo a Amada Terra Sum\u00e9\u201d Memorial S\u00e3o Thom\u00e9 dos Sucurus e Museu Casa da Cultura Poeta Z\u00e9 Marcolino \u25cf 19h \u2013 Exposi\u00e7\u00e3o Cultural \u201cSum\u00e9 e seus Talentos\u201d Artesanato, artes visuais, xilogravura,<\/p>\n","protected":false},"author":2,"featured_media":81467,"comment_status":"closed","ping_status":"closed","sticky":false,"template":"","format":"standard","meta":{"_eb_attr":"","_jetpack_memberships_contains_paid_content":false,"footnotes":""},"categories":[3],"tags":[],"class_list":["post-81466","post","type-post","status-publish","format-standard","has-post-thumbnail","hentry","category-cidades"],"yoast_head":"<!-- This site is optimized with the Yoast SEO plugin v26.5 - https:\/\/yoast.com\/wordpress\/plugins\/seo\/ -->\n<title>VI Mostra Sum\u00e9 de Cinema promove cinco dias de programa\u00e7\u00e3o com cinema, forma\u00e7\u00e3o, cultura e debate sobre a mem\u00f3ria dos cinemas de rua - Not&iacute;cias em Destaque<\/title>\n<meta name=\"robots\" content=\"index, follow, max-snippet:-1, max-image-preview:large, max-video-preview:-1\" \/>\n<link rel=\"canonical\" href=\"https:\/\/noticiasemdestaque.com\/cd\/?p=81466\" \/>\n<meta property=\"og:locale\" content=\"pt_BR\" \/>\n<meta property=\"og:type\" content=\"article\" \/>\n<meta property=\"og:title\" content=\"VI Mostra Sum\u00e9 de Cinema promove cinco dias de programa\u00e7\u00e3o com cinema, forma\u00e7\u00e3o, cultura e debate sobre a mem\u00f3ria dos cinemas de rua - Not&iacute;cias em Destaque\" \/>\n<meta property=\"og:description\" content=\"Sum\u00e9, no Cariri paraibano, se prepara para receber mais uma edi\u00e7\u00e3o da Mostra Sum\u00e9 de Cinema, que chega \u00e0 sua sexta edi\u00e7\u00e3o entre os dias 8 e 12 de setembro de 2026, com uma programa\u00e7\u00e3o que re\u00fane cinema, forma\u00e7\u00e3o audiovisual, mem\u00f3ria, arte, cultura e valoriza\u00e7\u00e3o da produ\u00e7\u00e3o cinematogr\u00e1fica brasileira. Ao longo de cinco dias, a programa\u00e7\u00e3o ocupar\u00e1 diferentes espa\u00e7os da cidade, levando o cinema para escolas, universidade, pra\u00e7as, museu, al\u00e9m de espa\u00e7os n\u00e3o convencionais, como o Hospital e Maternidade Alice de Almeida e o Abrigo de Idosos Ros\u00e1lia Paulino. A proposta \u00e9 ampliar o acesso \u00e0 produ\u00e7\u00e3o audiovisual, fortalecer a forma\u00e7\u00e3o de novos p\u00fablicos e promover encontros entre realizadores, realizadoras, artistas, estudantes, profissionais da cultura e a comunidade. Entre os destaques desta edi\u00e7\u00e3o est\u00e1 o debate \u201cCinemas de Rua \u2013 dos fragmentos de uma hist\u00f3ria que nos atravessa ao resgate de um patrim\u00f4nio cultural e do direito \u00e0 cultura\u201d, que acontece no dia 11 de setembro, \u00e0s 9h, na C\u00e2mara Municipal de Vereadores de Sum\u00e9. O encontro parte da mem\u00f3ria dos antigos \u201ccinemas de rua\u201d para discutir a import\u00e2ncia desses espa\u00e7os como patrim\u00f4nios culturais e locais de conviv\u00eancia, forma\u00e7\u00e3o e acesso \u00e0 arte. A conversa reunir\u00e1 representantes do poder p\u00fablico, profissionais do cinema e da cultura, cineastas, atores, representantes de institui\u00e7\u00f5es ligadas \u00e0 preserva\u00e7\u00e3o da mem\u00f3ria cinematogr\u00e1fica e integrantes da sociedade civil. A escolha do tema dialoga diretamente com a identidade desta edi\u00e7\u00e3o da Mostra, que tem como uma de suas inspira\u00e7\u00f5es o Cine Teatro Municipal de Sum\u00e9. Constru\u00eddo em meados da d\u00e9cada de 1950, o espa\u00e7o foi durante d\u00e9cadas um dos principais pontos de encontro e efervesc\u00eancia cultural da cidade, recebendo sess\u00f5es de cinema, apresenta\u00e7\u00f5es teatrais, matin\u00eas, shows de calouros e atividades musicais. Hoje, mesmo marcado pela passagem do tempo, o Cine Teatro permanece presente na mem\u00f3ria dos sumeenses. Ao coloc\u00e1-lo novamente no centro da discuss\u00e3o, a Mostra refor\u00e7a a import\u00e2ncia da preserva\u00e7\u00e3o da mem\u00f3ria cultural e do acesso da popula\u00e7\u00e3o a espa\u00e7os de produ\u00e7\u00e3o, exibi\u00e7\u00e3o e frui\u00e7\u00e3o art\u00edstica. A VI Mostra Sum\u00e9 de Cinema tamb\u00e9m homenageia Titina Medeiros, atriz sens\u00edvel, talentosa, generosa e que tem um legado marcado por sua for\u00e7a feminina no cinema, no teatro e na televis\u00e3o, pulsante na tela. Sua trajet\u00f3ria deixa mem\u00f3rias marcantes na arte brasileira. A programa\u00e7\u00e3o da Mostra conta com oficina de forma\u00e7\u00e3o audiovisual, minicurso de atua\u00e7\u00e3o, mostras itinerantes, mostras competitivas Para\u00edba, Brasil e Cariri C\u00e9u de Poesia, lan\u00e7amentos de livros, apresenta\u00e7\u00f5es culturais, passeios tur\u00edsticos, exposi\u00e7\u00e3o art\u00edstica, premia\u00e7\u00e3o e shows. PROGRAMA\u00c7\u00c3O 8 DE SETEMBRO | TER\u00c7A-FEIRA \u25cf 13h \u00e0s 16h \u2013 Oficina de Forma\u00e7\u00e3o Audiovisual Ministrante: cineasta Andr\u00e9 da Costa Pinto ECI Professor Jos\u00e9 Gon\u00e7alves de Queiroz \u25cf 14h \u2013 Mostra Itinerante \u201cLuiz Cust\u00f3dio de Cinema\u201d Hospital e Maternidade Alice de Almeida 9 DE SETEMBRO | QUARTA-FEIRA \u25cf 13h \u00e0s 16h \u2013 Oficina de Forma\u00e7\u00e3o Audiovisual Ministrante: cineasta Andr\u00e9 da Costa Pinto ECI Professor Jos\u00e9 Gon\u00e7alves de Queiroz \u25cf 16h30min \u2013 Mostra Itinerante \u201cLuiz Cust\u00f3dio de Cinema\u201d Abrigo de Idosos Ros\u00e1lia Paulino \u25cf 19h30min \u2013 Mostra Itinerante \u201cLuiz Cust\u00f3dio de Cinema\u201d CDSA\/UFCG \u2013 Campus Sum\u00e9 10 DE SETEMBRO | QUINTA-FEIRA \u25cf 13h \u00e0s 16h \u2013 Oficina de Forma\u00e7\u00e3o Audiovisual Ministrante: cineasta Andr\u00e9 da Costa Pinto ECI Professor Jos\u00e9 Gon\u00e7alves de Queiroz \u25cf 19h15min \u2013 Abertura oficial Apresenta\u00e7\u00e3o cultural com o m\u00fasico sumeense Rodrigo Rafael Mostra Para\u00edba \u25cf Areia, Mem\u00f3ria e Cinema \u2013 Let\u00edcia Damasceno Barreto | Document\u00e1rio | 14 min | 2024 | Areia \u25cf Teatro em Jampa Vive \u2013 Kelly Freire Moreira | Document\u00e1rio | 14 min | 2025 | Jo\u00e3o Pessoa Mostra Brasil \u25cf Pup\u00e1 \u2013 Osani | Document\u00e1rio | 14 min | 2024 | RN \u25cf Esperan\u00e7a \u2013 Amora Moreira e Marcelo Pereira | Anima\u00e7\u00e3o | 14 min | 2026 | RJ \u25cf O Carnaval \u00e9 de Pel\u00e9 \u2013 Daniele Leite e Lucas Santos | Document\u00e1rio | 20 min | 2025 | PE Exibi\u00e7\u00e3o de lan\u00e7amento filme convidado: Prolcariri \u2013 William Freitas | Document\u00e1rio | 18 min | 2026 | Sum\u00e9 Pra\u00e7a Adolfo Mayer \u2013 Rua Augusto Santa Cruz 11 DE SETEMBRO | SEXTA-FEIRA \u25cf 8h30min \u2013 Lan\u00e7amento do livro \u201cCinemas de Rua de Pernambuco \u2013 Mem\u00f3ria Gr\u00e1fica, Visual e Afetiva\u201d Realiza\u00e7\u00e3o: Coletivo CineRuaPE C\u00e2mara Municipal de Vereadores * 9h \u2013 Debate \u201cCinemas de Rua \u2013 dos fragmentos de uma hist\u00f3ria que nos atravessa ao resgate de um patrim\u00f4nio cultural e do direito \u00e0 cultura\u201d Media\u00e7\u00e3o: Alexandre Soares Taquary Participa\u00e7\u00e3o de representantes da Prefeitura Municipal, C\u00e2mara de Vereadores, SECULT Sum\u00e9, SECULT PB, cineastas, atores do cinema paraibano, Coletivo CineRuaPE, representantes do Cine S\u00e3o Jos\u00e9 de Campina Grande e do Cine S\u00e3o Jos\u00e9 de Afogados da Ingazeira, al\u00e9m da sociedade civil. C\u00e2mara Municipal de Vereadores \u25cf 13h \u00e0s 16h \u2013 Oficina de Forma\u00e7\u00e3o Audiovisual Ministrante: cineasta Andr\u00e9 da Costa Pinto ECITE Professor Jos\u00e9 Gon\u00e7alves de Queiroz \u25cf 14h \u00e0s 17h \u2013 Minicurso de Atua\u00e7\u00e3o Ministrante: atriz Dudha Moreira Audit\u00f3rio do CDSA\/UFCG \u25cf 16h10min \u2013 Passeio tur\u00edstico \u201cConhecendo a Amada Terra Sum\u00e9\u201d Serra dos Sucurus * 19h15min \u2013 Lan\u00e7amento do livro: Luz, Cinefilia&#8230; Cr\u00edtica! Arqueologia e Mem\u00f3ria do Cr\u00edtico Linduarte Noronha Organiza\u00e7\u00e3o: L\u00facio Vilar Apresenta\u00e7\u00e3o da Banda de P\u00edfanos do Pio X Mostra Para\u00edba \u25cf Cren\u00e7as \u2013 Maraisa Quintino | Document\u00e1rio | 17 min | 2025 | Sousa \u25cf Cantilena \u2013 Dhiones do Congo | Fic\u00e7\u00e3o | 12 min | 2025 | Congo \u25cf Kanhema \u2013 Iasmin Soares | Document\u00e1rio | 13 min | 2025 | Santa Rita Mostra Brasil \u25cf Mem\u00f3rias Com Vista Pro Mar \u2013 Marton Olympio | Fic\u00e7\u00e3o | 20 min | 2025 | RJ \u25cf Os Arcos Dourados de Olinda \u2013 Douglas Henrique | Document\u00e1rio | 20 min | 2025 | PE Exibi\u00e7\u00e3o de Filme convidado: Kohbac \u2013 A Maldi\u00e7\u00e3o da C\u00e2mera Vermelha \u2013 L\u00facio Vilar | Document\u00e1rio | 16 min | 2009 | Jo\u00e3o Pessoa \u25cf Museu Miguel Guilherme \u2013 Rua Augusto Santa Cruz 12 DE SETEMBRO | S\u00c1BADO \u25cf 10h \u2013 Passeio tur\u00edstico \u201cConhecendo a Amada Terra Sum\u00e9\u201d Memorial S\u00e3o Thom\u00e9 dos Sucurus e Museu Casa da Cultura Poeta Z\u00e9 Marcolino \u25cf 19h \u2013 Exposi\u00e7\u00e3o Cultural \u201cSum\u00e9 e seus Talentos\u201d Artesanato, artes visuais, xilogravura,\" \/>\n<meta property=\"og:url\" content=\"https:\/\/noticiasemdestaque.com\/cd\/?p=81466\" \/>\n<meta property=\"og:site_name\" content=\"Not&iacute;cias em Destaque\" \/>\n<meta property=\"article:published_time\" content=\"2026-08-31T21:15:06+00:00\" \/>\n<meta property=\"article:modified_time\" content=\"2026-08-31T21:18:50+00:00\" \/>\n<meta property=\"og:image\" content=\"https:\/\/noticiasemdestaque.com\/cd\/wp-content\/uploads\/2026\/08\/Mostra-Sume-de-Cinema.jpeg\" \/>\n\t<meta property=\"og:image:width\" content=\"1024\" \/>\n\t<meta property=\"og:image:height\" content=\"1280\" \/>\n\t<meta property=\"og:image:type\" content=\"image\/jpeg\" \/>\n<meta name=\"author\" content=\"Not\u00edcias em Destaque\" \/>\n<meta name=\"twitter:card\" content=\"summary_large_image\" \/>\n<meta name=\"twitter:label1\" content=\"Escrito por\" \/>\n\t<meta name=\"twitter:data1\" content=\"Not\u00edcias em Destaque\" \/>\n\t<meta name=\"twitter:label2\" content=\"Est. tempo de leitura\" \/>\n\t<meta name=\"twitter:data2\" content=\"9 minutos\" \/>\n<script type=\"application\/ld+json\" class=\"yoast-schema-graph\">{\"@context\":\"https:\/\/schema.org\",\"@graph\":[{\"@type\":\"Article\",\"@id\":\"https:\/\/noticiasemdestaque.com\/cd\/?p=81466#article\",\"isPartOf\":{\"@id\":\"https:\/\/noticiasemdestaque.com\/cd\/?p=81466\"},\"author\":{\"name\":\"Not\u00edcias em Destaque\",\"@id\":\"https:\/\/noticiasemdestaque.com\/cd\/#\/schema\/person\/a978acbbda55eca5b71ccb9421897bb0\"},\"headline\":\"VI Mostra Sum\u00e9 de Cinema promove cinco dias de programa\u00e7\u00e3o com cinema, forma\u00e7\u00e3o, cultura e debate sobre a mem\u00f3ria dos cinemas de rua\",\"datePublished\":\"2026-08-31T21:15:06+00:00\",\"dateModified\":\"2026-08-31T21:18:50+00:00\",\"mainEntityOfPage\":{\"@id\":\"https:\/\/noticiasemdestaque.com\/cd\/?p=81466\"},\"wordCount\":1494,\"publisher\":{\"@id\":\"https:\/\/noticiasemdestaque.com\/cd\/#organization\"},\"image\":{\"@id\":\"https:\/\/noticiasemdestaque.com\/cd\/?p=81466#primaryimage\"},\"thumbnailUrl\":\"https:\/\/noticiasemdestaque.com\/cd\/wp-content\/uploads\/2026\/08\/Mostra-Sume-de-Cinema.jpeg\",\"articleSection\":[\"Cidades\"],\"inLanguage\":\"pt-BR\"},{\"@type\":\"WebPage\",\"@id\":\"https:\/\/noticiasemdestaque.com\/cd\/?p=81466\",\"url\":\"https:\/\/noticiasemdestaque.com\/cd\/?p=81466\",\"name\":\"VI Mostra Sum\u00e9 de Cinema promove cinco dias de programa\u00e7\u00e3o com cinema, forma\u00e7\u00e3o, cultura e debate sobre a mem\u00f3ria dos cinemas de rua - Not&iacute;cias em Destaque\",\"isPartOf\":{\"@id\":\"https:\/\/noticiasemdestaque.com\/cd\/#website\"},\"primaryImageOfPage\":{\"@id\":\"https:\/\/noticiasemdestaque.com\/cd\/?p=81466#primaryimage\"},\"image\":{\"@id\":\"https:\/\/noticiasemdestaque.com\/cd\/?p=81466#primaryimage\"},\"thumbnailUrl\":\"https:\/\/noticiasemdestaque.com\/cd\/wp-content\/uploads\/2026\/08\/Mostra-Sume-de-Cinema.jpeg\",\"datePublished\":\"2026-08-31T21:15:06+00:00\",\"dateModified\":\"2026-08-31T21:18:50+00:00\",\"breadcrumb\":{\"@id\":\"https:\/\/noticiasemdestaque.com\/cd\/?p=81466#breadcrumb\"},\"inLanguage\":\"pt-BR\",\"potentialAction\":[{\"@type\":\"ReadAction\",\"target\":[\"https:\/\/noticiasemdestaque.com\/cd\/?p=81466\"]}]},{\"@type\":\"ImageObject\",\"inLanguage\":\"pt-BR\",\"@id\":\"https:\/\/noticiasemdestaque.com\/cd\/?p=81466#primaryimage\",\"url\":\"https:\/\/noticiasemdestaque.com\/cd\/wp-content\/uploads\/2026\/08\/Mostra-Sume-de-Cinema.jpeg\",\"contentUrl\":\"https:\/\/noticiasemdestaque.com\/cd\/wp-content\/uploads\/2026\/08\/Mostra-Sume-de-Cinema.jpeg\",\"width\":1024,\"height\":1280},{\"@type\":\"BreadcrumbList\",\"@id\":\"https:\/\/noticiasemdestaque.com\/cd\/?p=81466#breadcrumb\",\"itemListElement\":[{\"@type\":\"ListItem\",\"position\":1,\"name\":\"In\u00edcio\",\"item\":\"https:\/\/noticiasemdestaque.com\/cd\/\"},{\"@type\":\"ListItem\",\"position\":2,\"name\":\"VI Mostra Sum\u00e9 de Cinema promove cinco dias de programa\u00e7\u00e3o com cinema, forma\u00e7\u00e3o, cultura e debate sobre a mem\u00f3ria dos cinemas de rua\"}]},{\"@type\":\"WebSite\",\"@id\":\"https:\/\/noticiasemdestaque.com\/cd\/#website\",\"url\":\"https:\/\/noticiasemdestaque.com\/cd\/\",\"name\":\"Not&iacute;cias em Destaque\",\"description\":\"\",\"publisher\":{\"@id\":\"https:\/\/noticiasemdestaque.com\/cd\/#organization\"},\"potentialAction\":[{\"@type\":\"SearchAction\",\"target\":{\"@type\":\"EntryPoint\",\"urlTemplate\":\"https:\/\/noticiasemdestaque.com\/cd\/?s={search_term_string}\"},\"query-input\":{\"@type\":\"PropertyValueSpecification\",\"valueRequired\":true,\"valueName\":\"search_term_string\"}}],\"inLanguage\":\"pt-BR\"},{\"@type\":\"Organization\",\"@id\":\"https:\/\/noticiasemdestaque.com\/cd\/#organization\",\"name\":\"Not\u00edcias em Destaque\",\"url\":\"https:\/\/noticiasemdestaque.com\/cd\/\",\"logo\":{\"@type\":\"ImageObject\",\"inLanguage\":\"pt-BR\",\"@id\":\"https:\/\/noticiasemdestaque.com\/cd\/#\/schema\/logo\/image\/\",\"url\":\"https:\/\/noticiasemdestaque.com\/cd\/wp-content\/uploads\/2022\/05\/imagem-base-noticiasemdestaque.png\",\"contentUrl\":\"https:\/\/noticiasemdestaque.com\/cd\/wp-content\/uploads\/2022\/05\/imagem-base-noticiasemdestaque.png\",\"width\":1200,\"height\":630,\"caption\":\"Not\u00edcias em Destaque\"},\"image\":{\"@id\":\"https:\/\/noticiasemdestaque.com\/cd\/#\/schema\/logo\/image\/\"}},{\"@type\":\"Person\",\"@id\":\"https:\/\/noticiasemdestaque.com\/cd\/#\/schema\/person\/a978acbbda55eca5b71ccb9421897bb0\",\"name\":\"Not\u00edcias em Destaque\",\"url\":\"https:\/\/noticiasemdestaque.com\/cd\/?author=2\"}]}<\/script>\n<!-- \/ Yoast SEO plugin. -->","yoast_head_json":{"title":"VI Mostra Sum\u00e9 de Cinema promove cinco dias de programa\u00e7\u00e3o com cinema, forma\u00e7\u00e3o, cultura e debate sobre a mem\u00f3ria dos cinemas de rua - Not&iacute;cias em Destaque","robots":{"index":"index","follow":"follow","max-snippet":"max-snippet:-1","max-image-preview":"max-image-preview:large","max-video-preview":"max-video-preview:-1"},"canonical":"https:\/\/noticiasemdestaque.com\/cd\/?p=81466","og_locale":"pt_BR","og_type":"article","og_title":"VI Mostra Sum\u00e9 de Cinema promove cinco dias de programa\u00e7\u00e3o com cinema, forma\u00e7\u00e3o, cultura e debate sobre a mem\u00f3ria dos cinemas de rua - Not&iacute;cias em Destaque","og_description":"Sum\u00e9, no Cariri paraibano, se prepara para receber mais uma edi\u00e7\u00e3o da Mostra Sum\u00e9 de Cinema, que chega \u00e0 sua sexta edi\u00e7\u00e3o entre os dias 8 e 12 de setembro de 2026, com uma programa\u00e7\u00e3o que re\u00fane cinema, forma\u00e7\u00e3o audiovisual, mem\u00f3ria, arte, cultura e valoriza\u00e7\u00e3o da produ\u00e7\u00e3o cinematogr\u00e1fica brasileira. Ao longo de cinco dias, a programa\u00e7\u00e3o ocupar\u00e1 diferentes espa\u00e7os da cidade, levando o cinema para escolas, universidade, pra\u00e7as, museu, al\u00e9m de espa\u00e7os n\u00e3o convencionais, como o Hospital e Maternidade Alice de Almeida e o Abrigo de Idosos Ros\u00e1lia Paulino. A proposta \u00e9 ampliar o acesso \u00e0 produ\u00e7\u00e3o audiovisual, fortalecer a forma\u00e7\u00e3o de novos p\u00fablicos e promover encontros entre realizadores, realizadoras, artistas, estudantes, profissionais da cultura e a comunidade. Entre os destaques desta edi\u00e7\u00e3o est\u00e1 o debate \u201cCinemas de Rua \u2013 dos fragmentos de uma hist\u00f3ria que nos atravessa ao resgate de um patrim\u00f4nio cultural e do direito \u00e0 cultura\u201d, que acontece no dia 11 de setembro, \u00e0s 9h, na C\u00e2mara Municipal de Vereadores de Sum\u00e9. O encontro parte da mem\u00f3ria dos antigos \u201ccinemas de rua\u201d para discutir a import\u00e2ncia desses espa\u00e7os como patrim\u00f4nios culturais e locais de conviv\u00eancia, forma\u00e7\u00e3o e acesso \u00e0 arte. A conversa reunir\u00e1 representantes do poder p\u00fablico, profissionais do cinema e da cultura, cineastas, atores, representantes de institui\u00e7\u00f5es ligadas \u00e0 preserva\u00e7\u00e3o da mem\u00f3ria cinematogr\u00e1fica e integrantes da sociedade civil. A escolha do tema dialoga diretamente com a identidade desta edi\u00e7\u00e3o da Mostra, que tem como uma de suas inspira\u00e7\u00f5es o Cine Teatro Municipal de Sum\u00e9. Constru\u00eddo em meados da d\u00e9cada de 1950, o espa\u00e7o foi durante d\u00e9cadas um dos principais pontos de encontro e efervesc\u00eancia cultural da cidade, recebendo sess\u00f5es de cinema, apresenta\u00e7\u00f5es teatrais, matin\u00eas, shows de calouros e atividades musicais. Hoje, mesmo marcado pela passagem do tempo, o Cine Teatro permanece presente na mem\u00f3ria dos sumeenses. Ao coloc\u00e1-lo novamente no centro da discuss\u00e3o, a Mostra refor\u00e7a a import\u00e2ncia da preserva\u00e7\u00e3o da mem\u00f3ria cultural e do acesso da popula\u00e7\u00e3o a espa\u00e7os de produ\u00e7\u00e3o, exibi\u00e7\u00e3o e frui\u00e7\u00e3o art\u00edstica. A VI Mostra Sum\u00e9 de Cinema tamb\u00e9m homenageia Titina Medeiros, atriz sens\u00edvel, talentosa, generosa e que tem um legado marcado por sua for\u00e7a feminina no cinema, no teatro e na televis\u00e3o, pulsante na tela. Sua trajet\u00f3ria deixa mem\u00f3rias marcantes na arte brasileira. A programa\u00e7\u00e3o da Mostra conta com oficina de forma\u00e7\u00e3o audiovisual, minicurso de atua\u00e7\u00e3o, mostras itinerantes, mostras competitivas Para\u00edba, Brasil e Cariri C\u00e9u de Poesia, lan\u00e7amentos de livros, apresenta\u00e7\u00f5es culturais, passeios tur\u00edsticos, exposi\u00e7\u00e3o art\u00edstica, premia\u00e7\u00e3o e shows. PROGRAMA\u00c7\u00c3O 8 DE SETEMBRO | TER\u00c7A-FEIRA \u25cf 13h \u00e0s 16h \u2013 Oficina de Forma\u00e7\u00e3o Audiovisual Ministrante: cineasta Andr\u00e9 da Costa Pinto ECI Professor Jos\u00e9 Gon\u00e7alves de Queiroz \u25cf 14h \u2013 Mostra Itinerante \u201cLuiz Cust\u00f3dio de Cinema\u201d Hospital e Maternidade Alice de Almeida 9 DE SETEMBRO | QUARTA-FEIRA \u25cf 13h \u00e0s 16h \u2013 Oficina de Forma\u00e7\u00e3o Audiovisual Ministrante: cineasta Andr\u00e9 da Costa Pinto ECI Professor Jos\u00e9 Gon\u00e7alves de Queiroz \u25cf 16h30min \u2013 Mostra Itinerante \u201cLuiz Cust\u00f3dio de Cinema\u201d Abrigo de Idosos Ros\u00e1lia Paulino \u25cf 19h30min \u2013 Mostra Itinerante \u201cLuiz Cust\u00f3dio de Cinema\u201d CDSA\/UFCG \u2013 Campus Sum\u00e9 10 DE SETEMBRO | QUINTA-FEIRA \u25cf 13h \u00e0s 16h \u2013 Oficina de Forma\u00e7\u00e3o Audiovisual Ministrante: cineasta Andr\u00e9 da Costa Pinto ECI Professor Jos\u00e9 Gon\u00e7alves de Queiroz \u25cf 19h15min \u2013 Abertura oficial Apresenta\u00e7\u00e3o cultural com o m\u00fasico sumeense Rodrigo Rafael Mostra Para\u00edba \u25cf Areia, Mem\u00f3ria e Cinema \u2013 Let\u00edcia Damasceno Barreto | Document\u00e1rio | 14 min | 2024 | Areia \u25cf Teatro em Jampa Vive \u2013 Kelly Freire Moreira | Document\u00e1rio | 14 min | 2025 | Jo\u00e3o Pessoa Mostra Brasil \u25cf Pup\u00e1 \u2013 Osani | Document\u00e1rio | 14 min | 2024 | RN \u25cf Esperan\u00e7a \u2013 Amora Moreira e Marcelo Pereira | Anima\u00e7\u00e3o | 14 min | 2026 | RJ \u25cf O Carnaval \u00e9 de Pel\u00e9 \u2013 Daniele Leite e Lucas Santos | Document\u00e1rio | 20 min | 2025 | PE Exibi\u00e7\u00e3o de lan\u00e7amento filme convidado: Prolcariri \u2013 William Freitas | Document\u00e1rio | 18 min | 2026 | Sum\u00e9 Pra\u00e7a Adolfo Mayer \u2013 Rua Augusto Santa Cruz 11 DE SETEMBRO | SEXTA-FEIRA \u25cf 8h30min \u2013 Lan\u00e7amento do livro \u201cCinemas de Rua de Pernambuco \u2013 Mem\u00f3ria Gr\u00e1fica, Visual e Afetiva\u201d Realiza\u00e7\u00e3o: Coletivo CineRuaPE C\u00e2mara Municipal de Vereadores * 9h \u2013 Debate \u201cCinemas de Rua \u2013 dos fragmentos de uma hist\u00f3ria que nos atravessa ao resgate de um patrim\u00f4nio cultural e do direito \u00e0 cultura\u201d Media\u00e7\u00e3o: Alexandre Soares Taquary Participa\u00e7\u00e3o de representantes da Prefeitura Municipal, C\u00e2mara de Vereadores, SECULT Sum\u00e9, SECULT PB, cineastas, atores do cinema paraibano, Coletivo CineRuaPE, representantes do Cine S\u00e3o Jos\u00e9 de Campina Grande e do Cine S\u00e3o Jos\u00e9 de Afogados da Ingazeira, al\u00e9m da sociedade civil. C\u00e2mara Municipal de Vereadores \u25cf 13h \u00e0s 16h \u2013 Oficina de Forma\u00e7\u00e3o Audiovisual Ministrante: cineasta Andr\u00e9 da Costa Pinto ECITE Professor Jos\u00e9 Gon\u00e7alves de Queiroz \u25cf 14h \u00e0s 17h \u2013 Minicurso de Atua\u00e7\u00e3o Ministrante: atriz Dudha Moreira Audit\u00f3rio do CDSA\/UFCG \u25cf 16h10min \u2013 Passeio tur\u00edstico \u201cConhecendo a Amada Terra Sum\u00e9\u201d Serra dos Sucurus * 19h15min \u2013 Lan\u00e7amento do livro: Luz, Cinefilia&#8230; Cr\u00edtica! Arqueologia e Mem\u00f3ria do Cr\u00edtico Linduarte Noronha Organiza\u00e7\u00e3o: L\u00facio Vilar Apresenta\u00e7\u00e3o da Banda de P\u00edfanos do Pio X Mostra Para\u00edba \u25cf Cren\u00e7as \u2013 Maraisa Quintino | Document\u00e1rio | 17 min | 2025 | Sousa \u25cf Cantilena \u2013 Dhiones do Congo | Fic\u00e7\u00e3o | 12 min | 2025 | Congo \u25cf Kanhema \u2013 Iasmin Soares | Document\u00e1rio | 13 min | 2025 | Santa Rita Mostra Brasil \u25cf Mem\u00f3rias Com Vista Pro Mar \u2013 Marton Olympio | Fic\u00e7\u00e3o | 20 min | 2025 | RJ \u25cf Os Arcos Dourados de Olinda \u2013 Douglas Henrique | Document\u00e1rio | 20 min | 2025 | PE Exibi\u00e7\u00e3o de Filme convidado: Kohbac \u2013 A Maldi\u00e7\u00e3o da C\u00e2mera Vermelha \u2013 L\u00facio Vilar | Document\u00e1rio | 16 min | 2009 | Jo\u00e3o Pessoa \u25cf Museu Miguel Guilherme \u2013 Rua Augusto Santa Cruz 12 DE SETEMBRO | S\u00c1BADO \u25cf 10h \u2013 Passeio tur\u00edstico \u201cConhecendo a Amada Terra Sum\u00e9\u201d Memorial S\u00e3o Thom\u00e9 dos Sucurus e Museu Casa da Cultura Poeta Z\u00e9 Marcolino \u25cf 19h \u2013 Exposi\u00e7\u00e3o Cultural \u201cSum\u00e9 e seus Talentos\u201d Artesanato, artes visuais, xilogravura,","og_url":"https:\/\/noticiasemdestaque.com\/cd\/?p=81466","og_site_name":"Not&iacute;cias em Destaque","article_published_time":"2026-08-31T21:15:06+00:00","article_modified_time":"2026-08-31T21:18:50+00:00","og_image":[{"width":1024,"height":1280,"url":"https:\/\/noticiasemdestaque.com\/cd\/wp-content\/uploads\/2026\/08\/Mostra-Sume-de-Cinema.jpeg","type":"image\/jpeg"}],"author":"Not\u00edcias em Destaque","twitter_card":"summary_large_image","twitter_misc":{"Escrito por":"Not\u00edcias em Destaque","Est. tempo de leitura":"9 minutos"},"schema":{"@context":"https:\/\/schema.org","@graph":[{"@type":"Article","@id":"https:\/\/noticiasemdestaque.com\/cd\/?p=81466#article","isPartOf":{"@id":"https:\/\/noticiasemdestaque.com\/cd\/?p=81466"},"author":{"name":"Not\u00edcias em Destaque","@id":"https:\/\/noticiasemdestaque.com\/cd\/#\/schema\/person\/a978acbbda55eca5b71ccb9421897bb0"},"headline":"VI Mostra Sum\u00e9 de Cinema promove cinco dias de programa\u00e7\u00e3o com cinema, forma\u00e7\u00e3o, cultura e debate sobre a mem\u00f3ria dos cinemas de rua","datePublished":"2026-08-31T21:15:06+00:00","dateModified":"2026-08-31T21:18:50+00:00","mainEntityOfPage":{"@id":"https:\/\/noticiasemdestaque.com\/cd\/?p=81466"},"wordCount":1494,"publisher":{"@id":"https:\/\/noticiasemdestaque.com\/cd\/#organization"},"image":{"@id":"https:\/\/noticiasemdestaque.com\/cd\/?p=81466#primaryimage"},"thumbnailUrl":"https:\/\/noticiasemdestaque.com\/cd\/wp-content\/uploads\/2026\/08\/Mostra-Sume-de-Cinema.jpeg","articleSection":["Cidades"],"inLanguage":"pt-BR"},{"@type":"WebPage","@id":"https:\/\/noticiasemdestaque.com\/cd\/?p=81466","url":"https:\/\/noticiasemdestaque.com\/cd\/?p=81466","name":"VI Mostra Sum\u00e9 de Cinema promove cinco dias de programa\u00e7\u00e3o com cinema, forma\u00e7\u00e3o, cultura e debate sobre a mem\u00f3ria dos cinemas de rua - Not&iacute;cias em Destaque","isPartOf":{"@id":"https:\/\/noticiasemdestaque.com\/cd\/#website"},"primaryImageOfPage":{"@id":"https:\/\/noticiasemdestaque.com\/cd\/?p=81466#primaryimage"},"image":{"@id":"https:\/\/noticiasemdestaque.com\/cd\/?p=81466#primaryimage"},"thumbnailUrl":"https:\/\/noticiasemdestaque.com\/cd\/wp-content\/uploads\/2026\/08\/Mostra-Sume-de-Cinema.jpeg","datePublished":"2026-08-31T21:15:06+00:00","dateModified":"2026-08-31T21:18:50+00:00","breadcrumb":{"@id":"https:\/\/noticiasemdestaque.com\/cd\/?p=81466#breadcrumb"},"inLanguage":"pt-BR","potentialAction":[{"@type":"ReadAction","target":["https:\/\/noticiasemdestaque.com\/cd\/?p=81466"]}]},{"@type":"ImageObject","inLanguage":"pt-BR","@id":"https:\/\/noticiasemdestaque.com\/cd\/?p=81466#primaryimage","url":"https:\/\/noticiasemdestaque.com\/cd\/wp-content\/uploads\/2026\/08\/Mostra-Sume-de-Cinema.jpeg","contentUrl":"https:\/\/noticiasemdestaque.com\/cd\/wp-content\/uploads\/2026\/08\/Mostra-Sume-de-Cinema.jpeg","width":1024,"height":1280},{"@type":"BreadcrumbList","@id":"https:\/\/noticiasemdestaque.com\/cd\/?p=81466#breadcrumb","itemListElement":[{"@type":"ListItem","position":1,"name":"In\u00edcio","item":"https:\/\/noticiasemdestaque.com\/cd\/"},{"@type":"ListItem","position":2,"name":"VI Mostra Sum\u00e9 de Cinema promove cinco dias de programa\u00e7\u00e3o com cinema, forma\u00e7\u00e3o, cultura e debate sobre a mem\u00f3ria dos cinemas de rua"}]},{"@type":"WebSite","@id":"https:\/\/noticiasemdestaque.com\/cd\/#website","url":"https:\/\/noticiasemdestaque.com\/cd\/","name":"Not&iacute;cias em Destaque","description":"","publisher":{"@id":"https:\/\/noticiasemdestaque.com\/cd\/#organization"},"potentialAction":[{"@type":"SearchAction","target":{"@type":"EntryPoint","urlTemplate":"https:\/\/noticiasemdestaque.com\/cd\/?s={search_term_string}"},"query-input":{"@type":"PropertyValueSpecification","valueRequired":true,"valueName":"search_term_string"}}],"inLanguage":"pt-BR"},{"@type":"Organization","@id":"https:\/\/noticiasemdestaque.com\/cd\/#organization","name":"Not\u00edcias em Destaque","url":"https:\/\/noticiasemdestaque.com\/cd\/","logo":{"@type":"ImageObject","inLanguage":"pt-BR","@id":"https:\/\/noticiasemdestaque.com\/cd\/#\/schema\/logo\/image\/","url":"https:\/\/noticiasemdestaque.com\/cd\/wp-content\/uploads\/2022\/05\/imagem-base-noticiasemdestaque.png","contentUrl":"https:\/\/noticiasemdestaque.com\/cd\/wp-content\/uploads\/2022\/05\/imagem-base-noticiasemdestaque.png","width":1200,"height":630,"caption":"Not\u00edcias em Destaque"},"image":{"@id":"https:\/\/noticiasemdestaque.com\/cd\/#\/schema\/logo\/image\/"}},{"@type":"Person","@id":"https:\/\/noticiasemdestaque.com\/cd\/#\/schema\/person\/a978acbbda55eca5b71ccb9421897bb0","name":"Not\u00edcias em Destaque","url":"https:\/\/noticiasemdestaque.com\/cd\/?author=2"}]}},"jetpack_featured_media_url":"https:\/\/noticiasemdestaque.com\/cd\/wp-content\/uploads\/2026\/08\/Mostra-Sume-de-Cinema.jpeg","jetpack_sharing_enabled":true,"_links":{"self":[{"href":"https:\/\/noticiasemdestaque.com\/cd\/index.php?rest_route=\/wp\/v2\/posts\/81466","targetHints":{"allow":["GET"]}}],"collection":[{"href":"https:\/\/noticiasemdestaque.com\/cd\/index.php?rest_route=\/wp\/v2\/posts"}],"about":[{"href":"https:\/\/noticiasemdestaque.com\/cd\/index.php?rest_route=\/wp\/v2\/types\/post"}],"author":[{"embeddable":true,"href":"https:\/\/noticiasemdestaque.com\/cd\/index.php?rest_route=\/wp\/v2\/users\/2"}],"replies":[{"embeddable":true,"href":"https:\/\/noticiasemdestaque.com\/cd\/index.php?rest_route=%2Fwp%2Fv2%2Fcomments&post=81466"}],"version-history":[{"count":2,"href":"https:\/\/noticiasemdestaque.com\/cd\/index.php?rest_route=\/wp\/v2\/posts\/81466\/revisions"}],"predecessor-version":[{"id":81469,"href":"https:\/\/noticiasemdestaque.com\/cd\/index.php?rest_route=\/wp\/v2\/posts\/81466\/revisions\/81469"}],"wp:featuredmedia":[{"embeddable":true,"href":"https:\/\/noticiasemdestaque.com\/cd\/index.php?rest_route=\/wp\/v2\/media\/81467"}],"wp:attachment":[{"href":"https:\/\/noticiasemdestaque.com\/cd\/index.php?rest_route=%2Fwp%2Fv2%2Fmedia&parent=81466"}],"wp:term":[{"taxonomy":"category","embeddable":true,"href":"https:\/\/noticiasemdestaque.com\/cd\/index.php?rest_route=%2Fwp%2Fv2%2Fcategories&post=81466"},{"taxonomy":"post_tag","embeddable":true,"href":"https:\/\/noticiasemdestaque.com\/cd\/index.php?rest_route=%2Fwp%2Fv2%2Ftags&post=81466"}],"curies":[{"name":"wp","href":"https:\/\/api.w.org\/{rel}","templated":true}]}}