{"id":81463,"date":"2026-08-31T18:05:04","date_gmt":"2026-08-31T21:05:04","guid":{"rendered":"https:\/\/noticiasemdestaque.com\/cd\/?p=81463"},"modified":"2026-08-31T18:05:04","modified_gmt":"2026-08-31T21:05:04","slug":"prefeito-felicio-queiroz-anuncia-programacao-completa-do-xvi-festival-do-mel-em-sao-jose-dos-cordeiros","status":"publish","type":"post","link":"https:\/\/noticiasemdestaque.com\/cd\/?p=81463","title":{"rendered":"Prefeito Fel\u00edcio Queiroz anuncia programa\u00e7\u00e3o completa do XVI Festival do Mel em S\u00e3o Jos\u00e9 dos Cordeiros"},"content":{"rendered":"<p data-start=\"106\" data-end=\"420\"><a href=\"https:\/\/noticiasemdestaque.com\/cd\/wp-content\/uploads\/2026\/08\/snapinsta-1788210049851.jpg\"><img fetchpriority=\"high\" decoding=\"async\" class=\" wp-image-81464 aligncenter\" src=\"https:\/\/noticiasemdestaque.com\/cd\/wp-content\/uploads\/2026\/08\/snapinsta-1788210049851-240x300.jpg\" alt=\"\" width=\"910\" height=\"1138\" srcset=\"https:\/\/noticiasemdestaque.com\/cd\/wp-content\/uploads\/2026\/08\/snapinsta-1788210049851-240x300.jpg 240w, https:\/\/noticiasemdestaque.com\/cd\/wp-content\/uploads\/2026\/08\/snapinsta-1788210049851-819x1024.jpg 819w, https:\/\/noticiasemdestaque.com\/cd\/wp-content\/uploads\/2026\/08\/snapinsta-1788210049851-768x960.jpg 768w, https:\/\/noticiasemdestaque.com\/cd\/wp-content\/uploads\/2026\/08\/snapinsta-1788210049851-1228x1536.jpg 1228w, https:\/\/noticiasemdestaque.com\/cd\/wp-content\/uploads\/2026\/08\/snapinsta-1788210049851.jpg 1350w\" sizes=\"(max-width: 910px) 100vw, 910px\" \/><\/a><\/p>\n<p class=\"PDq2pG_selectionAnchorContainer\" data-start=\"106\" data-end=\"420\">O prefeito de S\u00e3o Jos\u00e9 dos Cordeiros, Fel\u00edcio Queiroz, anunciou a programa\u00e7\u00e3o completa do XVI Festival do Mel, que ser\u00e1 realizado nos dias 25, 26 e 27 de setembro de 2026. O evento promete reunir grandes atra\u00e7\u00f5es musicais e uma programa\u00e7\u00e3o especial para celebrar uma das principais festas do munic\u00edpio.<\/p>\n<p data-start=\"422\" data-end=\"730\">A programa\u00e7\u00e3o come\u00e7a no s\u00e1bado (26), com apresenta\u00e7\u00f5es de Forr\u00f3 de Verdade, Gustavo do Acordeon e Evandro do Acordeon, na chamada Tardezinha. Ainda no s\u00e1bado, a programa\u00e7\u00e3o principal contar\u00e1 com Henry Freitas, Ra\u00e7a Negra e Samyra Show, garantindo uma noite de muito forr\u00f3 e m\u00fasica para o p\u00fablico.<\/p>\n<p data-start=\"732\" data-end=\"1015\">J\u00e1 no domingo (27), o Festival do Mel ter\u00e1 uma programa\u00e7\u00e3o de peso com Tarc\u00edsio do Acordeon, Luan Estilizado, DJ Vitinho e Lucas do Acordeon &amp; Banda. A diversidade de atra\u00e7\u00f5es promete movimentar S\u00e3o Jos\u00e9 dos Cordeiros e atrair p\u00fablico de diversas cidades do Cariri paraibano.<\/p>\n<p data-start=\"1017\" data-end=\"1348\">Com o tema \u201cCada vez melhor\u201d, o XVI Festival do Mel refor\u00e7a a tradi\u00e7\u00e3o do evento e a proposta de oferecer uma grande festa para moradores e visitantes. A programa\u00e7\u00e3o re\u00fane nomes de destaque da m\u00fasica nordestina e nacional, consolidando o festival como um dos principais eventos do calend\u00e1rio cultural de S\u00e3o Jos\u00e9 dos Cordeiros.<\/p>\n<h3 data-section-id=\"pzns1p\" data-start=\"1350\" data-end=\"1376\">Confira a programa\u00e7\u00e3o:<\/h3>\n<p data-start=\"1378\" data-end=\"1486\"><strong data-start=\"1381\" data-end=\"1399\">25 de setembro<\/strong><br data-start=\"1399\" data-end=\"1402\" \/>Tardezinha<br data-start=\"1415\" data-end=\"1418\" \/>\u2022 Forr\u00f3 de Verdade<br data-start=\"1436\" data-end=\"1439\" \/>\u2022 Gustavo do Acordeon<br data-start=\"1460\" data-end=\"1463\" \/>\u2022 Evandro do Acordeon<\/p>\n<p data-start=\"1488\" data-end=\"1563\"><strong data-start=\"1491\" data-end=\"1509\">26 de setembro<\/strong><br data-start=\"1509\" data-end=\"1512\" \/>Henry Freitas<br data-start=\"1528\" data-end=\"1531\" \/>Ra\u00e7a Negra<br data-start=\"1544\" data-end=\"1547\" \/>Samyra Show<\/p>\n<p data-start=\"1565\" data-end=\"1680\" data-is-last-node=\"\" data-is-only-node=\"\"><strong data-start=\"1568\" data-end=\"1586\">27 de setembro<\/strong><br data-start=\"1586\" data-end=\"1589\" \/>Tarc\u00edsio do Acordeon<br data-start=\"1612\" data-end=\"1615\" \/>Luan Estilizado<br data-start=\"1633\" data-end=\"1636\" \/>DJ Vitinho<br data-start=\"1649\" data-end=\"1652\" \/>Lucas do Acordeon &amp; Banda<\/p>\n<p data-start=\"1565\" data-end=\"1680\" data-is-last-node=\"\" data-is-only-node=\"\"><strong>Not\u00edcias em Destaque<\/strong><\/p>\n","protected":false},"excerpt":{"rendered":"<p>O prefeito de S\u00e3o Jos\u00e9 dos Cordeiros, Fel\u00edcio Queiroz, anunciou a programa\u00e7\u00e3o completa do XVI Festival do Mel, que ser\u00e1 realizado nos dias 25, 26 e 27 de setembro de 2026. O evento promete reunir grandes atra\u00e7\u00f5es musicais e uma programa\u00e7\u00e3o especial para celebrar uma das principais festas do munic\u00edpio. A programa\u00e7\u00e3o come\u00e7a no s\u00e1bado (26), com apresenta\u00e7\u00f5es de Forr\u00f3 de Verdade, Gustavo do Acordeon e Evandro do Acordeon, na chamada Tardezinha. Ainda no s\u00e1bado, a programa\u00e7\u00e3o principal contar\u00e1 com Henry Freitas, Ra\u00e7a Negra e Samyra Show, garantindo uma noite de muito forr\u00f3 e m\u00fasica para o p\u00fablico. J\u00e1 no domingo (27), o Festival do Mel ter\u00e1 uma programa\u00e7\u00e3o de peso com Tarc\u00edsio do Acordeon, Luan Estilizado, DJ Vitinho e Lucas do Acordeon &amp; Banda. A diversidade de atra\u00e7\u00f5es promete movimentar S\u00e3o Jos\u00e9 dos Cordeiros e atrair p\u00fablico de diversas cidades do Cariri paraibano. Com o tema \u201cCada vez melhor\u201d, o XVI Festival do Mel refor\u00e7a a tradi\u00e7\u00e3o do evento e a proposta de oferecer uma grande festa para moradores e visitantes. A programa\u00e7\u00e3o re\u00fane nomes de destaque da m\u00fasica nordestina e nacional, consolidando o festival como um dos principais eventos do calend\u00e1rio cultural de S\u00e3o Jos\u00e9 dos Cordeiros. Confira a programa\u00e7\u00e3o: 25 de setembroTardezinha\u2022 Forr\u00f3 de Verdade\u2022 Gustavo do Acordeon\u2022 Evandro do Acordeon 26 de setembroHenry FreitasRa\u00e7a NegraSamyra Show 27 de setembroTarc\u00edsio do AcordeonLuan EstilizadoDJ VitinhoLucas do Acordeon &amp; Banda Not\u00edcias em Destaque<\/p>\n","protected":false},"author":2,"featured_media":81464,"comment_status":"closed","ping_status":"closed","sticky":false,"template":"","format":"standard","meta":{"_eb_attr":"","_jetpack_memberships_contains_paid_content":false,"footnotes":""},"categories":[3],"tags":[],"class_list":["post-81463","post","type-post","status-publish","format-standard","has-post-thumbnail","hentry","category-cidades"],"yoast_head":"<!-- This site is optimized with the Yoast SEO plugin v26.5 - https:\/\/yoast.com\/wordpress\/plugins\/seo\/ -->\n<title>Prefeito Fel\u00edcio Queiroz anuncia programa\u00e7\u00e3o completa do XVI Festival do Mel em S\u00e3o Jos\u00e9 dos Cordeiros - Not&iacute;cias em Destaque<\/title>\n<meta name=\"robots\" content=\"index, follow, max-snippet:-1, max-image-preview:large, max-video-preview:-1\" \/>\n<link rel=\"canonical\" href=\"https:\/\/noticiasemdestaque.com\/cd\/?p=81463\" \/>\n<meta property=\"og:locale\" content=\"pt_BR\" \/>\n<meta property=\"og:type\" content=\"article\" \/>\n<meta property=\"og:title\" content=\"Prefeito Fel\u00edcio Queiroz anuncia programa\u00e7\u00e3o completa do XVI Festival do Mel em S\u00e3o Jos\u00e9 dos Cordeiros - Not&iacute;cias em Destaque\" \/>\n<meta property=\"og:description\" content=\"O prefeito de S\u00e3o Jos\u00e9 dos Cordeiros, Fel\u00edcio Queiroz, anunciou a programa\u00e7\u00e3o completa do XVI Festival do Mel, que ser\u00e1 realizado nos dias 25, 26 e 27 de setembro de 2026. O evento promete reunir grandes atra\u00e7\u00f5es musicais e uma programa\u00e7\u00e3o especial para celebrar uma das principais festas do munic\u00edpio. A programa\u00e7\u00e3o come\u00e7a no s\u00e1bado (26), com apresenta\u00e7\u00f5es de Forr\u00f3 de Verdade, Gustavo do Acordeon e Evandro do Acordeon, na chamada Tardezinha. Ainda no s\u00e1bado, a programa\u00e7\u00e3o principal contar\u00e1 com Henry Freitas, Ra\u00e7a Negra e Samyra Show, garantindo uma noite de muito forr\u00f3 e m\u00fasica para o p\u00fablico. J\u00e1 no domingo (27), o Festival do Mel ter\u00e1 uma programa\u00e7\u00e3o de peso com Tarc\u00edsio do Acordeon, Luan Estilizado, DJ Vitinho e Lucas do Acordeon &amp; Banda. A diversidade de atra\u00e7\u00f5es promete movimentar S\u00e3o Jos\u00e9 dos Cordeiros e atrair p\u00fablico de diversas cidades do Cariri paraibano. Com o tema \u201cCada vez melhor\u201d, o XVI Festival do Mel refor\u00e7a a tradi\u00e7\u00e3o do evento e a proposta de oferecer uma grande festa para moradores e visitantes. A programa\u00e7\u00e3o re\u00fane nomes de destaque da m\u00fasica nordestina e nacional, consolidando o festival como um dos principais eventos do calend\u00e1rio cultural de S\u00e3o Jos\u00e9 dos Cordeiros. Confira a programa\u00e7\u00e3o: 25 de setembroTardezinha\u2022 Forr\u00f3 de Verdade\u2022 Gustavo do Acordeon\u2022 Evandro do Acordeon 26 de setembroHenry FreitasRa\u00e7a NegraSamyra Show 27 de setembroTarc\u00edsio do AcordeonLuan EstilizadoDJ VitinhoLucas do Acordeon &amp; Banda Not\u00edcias em Destaque\" \/>\n<meta property=\"og:url\" content=\"https:\/\/noticiasemdestaque.com\/cd\/?p=81463\" \/>\n<meta property=\"og:site_name\" content=\"Not&iacute;cias em Destaque\" \/>\n<meta property=\"article:published_time\" content=\"2026-08-31T21:05:04+00:00\" \/>\n<meta property=\"og:image\" content=\"https:\/\/noticiasemdestaque.com\/cd\/wp-content\/uploads\/2026\/08\/snapinsta-1788210049851.jpg\" \/>\n\t<meta property=\"og:image:width\" content=\"1350\" \/>\n\t<meta property=\"og:image:height\" content=\"1688\" \/>\n\t<meta property=\"og:image:type\" content=\"image\/jpeg\" \/>\n<meta name=\"author\" content=\"Not\u00edcias em Destaque\" \/>\n<meta name=\"twitter:card\" content=\"summary_large_image\" \/>\n<meta name=\"twitter:label1\" content=\"Escrito por\" \/>\n\t<meta name=\"twitter:data1\" content=\"Not\u00edcias em Destaque\" \/>\n\t<meta name=\"twitter:label2\" content=\"Est. tempo de leitura\" \/>\n\t<meta name=\"twitter:data2\" content=\"2 minutos\" \/>\n<script type=\"application\/ld+json\" class=\"yoast-schema-graph\">{\"@context\":\"https:\/\/schema.org\",\"@graph\":[{\"@type\":\"Article\",\"@id\":\"https:\/\/noticiasemdestaque.com\/cd\/?p=81463#article\",\"isPartOf\":{\"@id\":\"https:\/\/noticiasemdestaque.com\/cd\/?p=81463\"},\"author\":{\"name\":\"Not\u00edcias em Destaque\",\"@id\":\"https:\/\/noticiasemdestaque.com\/cd\/#\/schema\/person\/a978acbbda55eca5b71ccb9421897bb0\"},\"headline\":\"Prefeito Fel\u00edcio Queiroz anuncia programa\u00e7\u00e3o completa do XVI Festival do Mel em S\u00e3o Jos\u00e9 dos Cordeiros\",\"datePublished\":\"2026-08-31T21:05:04+00:00\",\"mainEntityOfPage\":{\"@id\":\"https:\/\/noticiasemdestaque.com\/cd\/?p=81463\"},\"wordCount\":278,\"publisher\":{\"@id\":\"https:\/\/noticiasemdestaque.com\/cd\/#organization\"},\"image\":{\"@id\":\"https:\/\/noticiasemdestaque.com\/cd\/?p=81463#primaryimage\"},\"thumbnailUrl\":\"https:\/\/noticiasemdestaque.com\/cd\/wp-content\/uploads\/2026\/08\/snapinsta-1788210049851.jpg\",\"articleSection\":[\"Cidades\"],\"inLanguage\":\"pt-BR\"},{\"@type\":\"WebPage\",\"@id\":\"https:\/\/noticiasemdestaque.com\/cd\/?p=81463\",\"url\":\"https:\/\/noticiasemdestaque.com\/cd\/?p=81463\",\"name\":\"Prefeito Fel\u00edcio Queiroz anuncia programa\u00e7\u00e3o completa do XVI Festival do Mel em S\u00e3o Jos\u00e9 dos Cordeiros - Not&iacute;cias em Destaque\",\"isPartOf\":{\"@id\":\"https:\/\/noticiasemdestaque.com\/cd\/#website\"},\"primaryImageOfPage\":{\"@id\":\"https:\/\/noticiasemdestaque.com\/cd\/?p=81463#primaryimage\"},\"image\":{\"@id\":\"https:\/\/noticiasemdestaque.com\/cd\/?p=81463#primaryimage\"},\"thumbnailUrl\":\"https:\/\/noticiasemdestaque.com\/cd\/wp-content\/uploads\/2026\/08\/snapinsta-1788210049851.jpg\",\"datePublished\":\"2026-08-31T21:05:04+00:00\",\"breadcrumb\":{\"@id\":\"https:\/\/noticiasemdestaque.com\/cd\/?p=81463#breadcrumb\"},\"inLanguage\":\"pt-BR\",\"potentialAction\":[{\"@type\":\"ReadAction\",\"target\":[\"https:\/\/noticiasemdestaque.com\/cd\/?p=81463\"]}]},{\"@type\":\"ImageObject\",\"inLanguage\":\"pt-BR\",\"@id\":\"https:\/\/noticiasemdestaque.com\/cd\/?p=81463#primaryimage\",\"url\":\"https:\/\/noticiasemdestaque.com\/cd\/wp-content\/uploads\/2026\/08\/snapinsta-1788210049851.jpg\",\"contentUrl\":\"https:\/\/noticiasemdestaque.com\/cd\/wp-content\/uploads\/2026\/08\/snapinsta-1788210049851.jpg\",\"width\":1350,\"height\":1688},{\"@type\":\"BreadcrumbList\",\"@id\":\"https:\/\/noticiasemdestaque.com\/cd\/?p=81463#breadcrumb\",\"itemListElement\":[{\"@type\":\"ListItem\",\"position\":1,\"name\":\"In\u00edcio\",\"item\":\"https:\/\/noticiasemdestaque.com\/cd\/\"},{\"@type\":\"ListItem\",\"position\":2,\"name\":\"Prefeito Fel\u00edcio Queiroz anuncia programa\u00e7\u00e3o completa do XVI Festival do Mel em S\u00e3o Jos\u00e9 dos Cordeiros\"}]},{\"@type\":\"WebSite\",\"@id\":\"https:\/\/noticiasemdestaque.com\/cd\/#website\",\"url\":\"https:\/\/noticiasemdestaque.com\/cd\/\",\"name\":\"Not&iacute;cias em Destaque\",\"description\":\"\",\"publisher\":{\"@id\":\"https:\/\/noticiasemdestaque.com\/cd\/#organization\"},\"potentialAction\":[{\"@type\":\"SearchAction\",\"target\":{\"@type\":\"EntryPoint\",\"urlTemplate\":\"https:\/\/noticiasemdestaque.com\/cd\/?s={search_term_string}\"},\"query-input\":{\"@type\":\"PropertyValueSpecification\",\"valueRequired\":true,\"valueName\":\"search_term_string\"}}],\"inLanguage\":\"pt-BR\"},{\"@type\":\"Organization\",\"@id\":\"https:\/\/noticiasemdestaque.com\/cd\/#organization\",\"name\":\"Not\u00edcias em Destaque\",\"url\":\"https:\/\/noticiasemdestaque.com\/cd\/\",\"logo\":{\"@type\":\"ImageObject\",\"inLanguage\":\"pt-BR\",\"@id\":\"https:\/\/noticiasemdestaque.com\/cd\/#\/schema\/logo\/image\/\",\"url\":\"https:\/\/noticiasemdestaque.com\/cd\/wp-content\/uploads\/2022\/05\/imagem-base-noticiasemdestaque.png\",\"contentUrl\":\"https:\/\/noticiasemdestaque.com\/cd\/wp-content\/uploads\/2022\/05\/imagem-base-noticiasemdestaque.png\",\"width\":1200,\"height\":630,\"caption\":\"Not\u00edcias em Destaque\"},\"image\":{\"@id\":\"https:\/\/noticiasemdestaque.com\/cd\/#\/schema\/logo\/image\/\"}},{\"@type\":\"Person\",\"@id\":\"https:\/\/noticiasemdestaque.com\/cd\/#\/schema\/person\/a978acbbda55eca5b71ccb9421897bb0\",\"name\":\"Not\u00edcias em Destaque\",\"url\":\"https:\/\/noticiasemdestaque.com\/cd\/?author=2\"}]}<\/script>\n<!-- \/ Yoast SEO plugin. -->","yoast_head_json":{"title":"Prefeito Fel\u00edcio Queiroz anuncia programa\u00e7\u00e3o completa do XVI Festival do Mel em S\u00e3o Jos\u00e9 dos Cordeiros - Not&iacute;cias em Destaque","robots":{"index":"index","follow":"follow","max-snippet":"max-snippet:-1","max-image-preview":"max-image-preview:large","max-video-preview":"max-video-preview:-1"},"canonical":"https:\/\/noticiasemdestaque.com\/cd\/?p=81463","og_locale":"pt_BR","og_type":"article","og_title":"Prefeito Fel\u00edcio Queiroz anuncia programa\u00e7\u00e3o completa do XVI Festival do Mel em S\u00e3o Jos\u00e9 dos Cordeiros - Not&iacute;cias em Destaque","og_description":"O prefeito de S\u00e3o Jos\u00e9 dos Cordeiros, Fel\u00edcio Queiroz, anunciou a programa\u00e7\u00e3o completa do XVI Festival do Mel, que ser\u00e1 realizado nos dias 25, 26 e 27 de setembro de 2026. O evento promete reunir grandes atra\u00e7\u00f5es musicais e uma programa\u00e7\u00e3o especial para celebrar uma das principais festas do munic\u00edpio. A programa\u00e7\u00e3o come\u00e7a no s\u00e1bado (26), com apresenta\u00e7\u00f5es de Forr\u00f3 de Verdade, Gustavo do Acordeon e Evandro do Acordeon, na chamada Tardezinha. Ainda no s\u00e1bado, a programa\u00e7\u00e3o principal contar\u00e1 com Henry Freitas, Ra\u00e7a Negra e Samyra Show, garantindo uma noite de muito forr\u00f3 e m\u00fasica para o p\u00fablico. J\u00e1 no domingo (27), o Festival do Mel ter\u00e1 uma programa\u00e7\u00e3o de peso com Tarc\u00edsio do Acordeon, Luan Estilizado, DJ Vitinho e Lucas do Acordeon &amp; Banda. A diversidade de atra\u00e7\u00f5es promete movimentar S\u00e3o Jos\u00e9 dos Cordeiros e atrair p\u00fablico de diversas cidades do Cariri paraibano. Com o tema \u201cCada vez melhor\u201d, o XVI Festival do Mel refor\u00e7a a tradi\u00e7\u00e3o do evento e a proposta de oferecer uma grande festa para moradores e visitantes. A programa\u00e7\u00e3o re\u00fane nomes de destaque da m\u00fasica nordestina e nacional, consolidando o festival como um dos principais eventos do calend\u00e1rio cultural de S\u00e3o Jos\u00e9 dos Cordeiros. Confira a programa\u00e7\u00e3o: 25 de setembroTardezinha\u2022 Forr\u00f3 de Verdade\u2022 Gustavo do Acordeon\u2022 Evandro do Acordeon 26 de setembroHenry FreitasRa\u00e7a NegraSamyra Show 27 de setembroTarc\u00edsio do AcordeonLuan EstilizadoDJ VitinhoLucas do Acordeon &amp; Banda Not\u00edcias em Destaque","og_url":"https:\/\/noticiasemdestaque.com\/cd\/?p=81463","og_site_name":"Not&iacute;cias em Destaque","article_published_time":"2026-08-31T21:05:04+00:00","og_image":[{"width":1350,"height":1688,"url":"https:\/\/noticiasemdestaque.com\/cd\/wp-content\/uploads\/2026\/08\/snapinsta-1788210049851.jpg","type":"image\/jpeg"}],"author":"Not\u00edcias em Destaque","twitter_card":"summary_large_image","twitter_misc":{"Escrito por":"Not\u00edcias em Destaque","Est. tempo de leitura":"2 minutos"},"schema":{"@context":"https:\/\/schema.org","@graph":[{"@type":"Article","@id":"https:\/\/noticiasemdestaque.com\/cd\/?p=81463#article","isPartOf":{"@id":"https:\/\/noticiasemdestaque.com\/cd\/?p=81463"},"author":{"name":"Not\u00edcias em Destaque","@id":"https:\/\/noticiasemdestaque.com\/cd\/#\/schema\/person\/a978acbbda55eca5b71ccb9421897bb0"},"headline":"Prefeito Fel\u00edcio Queiroz anuncia programa\u00e7\u00e3o completa do XVI Festival do Mel em S\u00e3o Jos\u00e9 dos Cordeiros","datePublished":"2026-08-31T21:05:04+00:00","mainEntityOfPage":{"@id":"https:\/\/noticiasemdestaque.com\/cd\/?p=81463"},"wordCount":278,"publisher":{"@id":"https:\/\/noticiasemdestaque.com\/cd\/#organization"},"image":{"@id":"https:\/\/noticiasemdestaque.com\/cd\/?p=81463#primaryimage"},"thumbnailUrl":"https:\/\/noticiasemdestaque.com\/cd\/wp-content\/uploads\/2026\/08\/snapinsta-1788210049851.jpg","articleSection":["Cidades"],"inLanguage":"pt-BR"},{"@type":"WebPage","@id":"https:\/\/noticiasemdestaque.com\/cd\/?p=81463","url":"https:\/\/noticiasemdestaque.com\/cd\/?p=81463","name":"Prefeito Fel\u00edcio Queiroz anuncia programa\u00e7\u00e3o completa do XVI Festival do Mel em S\u00e3o Jos\u00e9 dos Cordeiros - Not&iacute;cias em Destaque","isPartOf":{"@id":"https:\/\/noticiasemdestaque.com\/cd\/#website"},"primaryImageOfPage":{"@id":"https:\/\/noticiasemdestaque.com\/cd\/?p=81463#primaryimage"},"image":{"@id":"https:\/\/noticiasemdestaque.com\/cd\/?p=81463#primaryimage"},"thumbnailUrl":"https:\/\/noticiasemdestaque.com\/cd\/wp-content\/uploads\/2026\/08\/snapinsta-1788210049851.jpg","datePublished":"2026-08-31T21:05:04+00:00","breadcrumb":{"@id":"https:\/\/noticiasemdestaque.com\/cd\/?p=81463#breadcrumb"},"inLanguage":"pt-BR","potentialAction":[{"@type":"ReadAction","target":["https:\/\/noticiasemdestaque.com\/cd\/?p=81463"]}]},{"@type":"ImageObject","inLanguage":"pt-BR","@id":"https:\/\/noticiasemdestaque.com\/cd\/?p=81463#primaryimage","url":"https:\/\/noticiasemdestaque.com\/cd\/wp-content\/uploads\/2026\/08\/snapinsta-1788210049851.jpg","contentUrl":"https:\/\/noticiasemdestaque.com\/cd\/wp-content\/uploads\/2026\/08\/snapinsta-1788210049851.jpg","width":1350,"height":1688},{"@type":"BreadcrumbList","@id":"https:\/\/noticiasemdestaque.com\/cd\/?p=81463#breadcrumb","itemListElement":[{"@type":"ListItem","position":1,"name":"In\u00edcio","item":"https:\/\/noticiasemdestaque.com\/cd\/"},{"@type":"ListItem","position":2,"name":"Prefeito Fel\u00edcio Queiroz anuncia programa\u00e7\u00e3o completa do XVI Festival do Mel em S\u00e3o Jos\u00e9 dos Cordeiros"}]},{"@type":"WebSite","@id":"https:\/\/noticiasemdestaque.com\/cd\/#website","url":"https:\/\/noticiasemdestaque.com\/cd\/","name":"Not&iacute;cias em Destaque","description":"","publisher":{"@id":"https:\/\/noticiasemdestaque.com\/cd\/#organization"},"potentialAction":[{"@type":"SearchAction","target":{"@type":"EntryPoint","urlTemplate":"https:\/\/noticiasemdestaque.com\/cd\/?s={search_term_string}"},"query-input":{"@type":"PropertyValueSpecification","valueRequired":true,"valueName":"search_term_string"}}],"inLanguage":"pt-BR"},{"@type":"Organization","@id":"https:\/\/noticiasemdestaque.com\/cd\/#organization","name":"Not\u00edcias em Destaque","url":"https:\/\/noticiasemdestaque.com\/cd\/","logo":{"@type":"ImageObject","inLanguage":"pt-BR","@id":"https:\/\/noticiasemdestaque.com\/cd\/#\/schema\/logo\/image\/","url":"https:\/\/noticiasemdestaque.com\/cd\/wp-content\/uploads\/2022\/05\/imagem-base-noticiasemdestaque.png","contentUrl":"https:\/\/noticiasemdestaque.com\/cd\/wp-content\/uploads\/2022\/05\/imagem-base-noticiasemdestaque.png","width":1200,"height":630,"caption":"Not\u00edcias em Destaque"},"image":{"@id":"https:\/\/noticiasemdestaque.com\/cd\/#\/schema\/logo\/image\/"}},{"@type":"Person","@id":"https:\/\/noticiasemdestaque.com\/cd\/#\/schema\/person\/a978acbbda55eca5b71ccb9421897bb0","name":"Not\u00edcias em Destaque","url":"https:\/\/noticiasemdestaque.com\/cd\/?author=2"}]}},"jetpack_featured_media_url":"https:\/\/noticiasemdestaque.com\/cd\/wp-content\/uploads\/2026\/08\/snapinsta-1788210049851.jpg","jetpack_sharing_enabled":true,"_links":{"self":[{"href":"https:\/\/noticiasemdestaque.com\/cd\/index.php?rest_route=\/wp\/v2\/posts\/81463","targetHints":{"allow":["GET"]}}],"collection":[{"href":"https:\/\/noticiasemdestaque.com\/cd\/index.php?rest_route=\/wp\/v2\/posts"}],"about":[{"href":"https:\/\/noticiasemdestaque.com\/cd\/index.php?rest_route=\/wp\/v2\/types\/post"}],"author":[{"embeddable":true,"href":"https:\/\/noticiasemdestaque.com\/cd\/index.php?rest_route=\/wp\/v2\/users\/2"}],"replies":[{"embeddable":true,"href":"https:\/\/noticiasemdestaque.com\/cd\/index.php?rest_route=%2Fwp%2Fv2%2Fcomments&post=81463"}],"version-history":[{"count":1,"href":"https:\/\/noticiasemdestaque.com\/cd\/index.php?rest_route=\/wp\/v2\/posts\/81463\/revisions"}],"predecessor-version":[{"id":81465,"href":"https:\/\/noticiasemdestaque.com\/cd\/index.php?rest_route=\/wp\/v2\/posts\/81463\/revisions\/81465"}],"wp:featuredmedia":[{"embeddable":true,"href":"https:\/\/noticiasemdestaque.com\/cd\/index.php?rest_route=\/wp\/v2\/media\/81464"}],"wp:attachment":[{"href":"https:\/\/noticiasemdestaque.com\/cd\/index.php?rest_route=%2Fwp%2Fv2%2Fmedia&parent=81463"}],"wp:term":[{"taxonomy":"category","embeddable":true,"href":"https:\/\/noticiasemdestaque.com\/cd\/index.php?rest_route=%2Fwp%2Fv2%2Fcategories&post=81463"},{"taxonomy":"post_tag","embeddable":true,"href":"https:\/\/noticiasemdestaque.com\/cd\/index.php?rest_route=%2Fwp%2Fv2%2Ftags&post=81463"}],"curies":[{"name":"wp","href":"https:\/\/api.w.org\/{rel}","templated":true}]}}