{"id":81456,"date":"2026-08-31T17:27:07","date_gmt":"2026-08-31T20:27:07","guid":{"rendered":"https:\/\/noticiasemdestaque.com\/cd\/?p=81456"},"modified":"2026-08-31T17:27:07","modified_gmt":"2026-08-31T20:27:07","slug":"toffoli-suspende-campanha-de-renan-santos-a-presidencia-da-republica","status":"publish","type":"post","link":"https:\/\/noticiasemdestaque.com\/cd\/?p=81456","title":{"rendered":"Toffoli suspende campanha de Renan Santos \u00e0 Presid\u00eancia da Rep\u00fablica"},"content":{"rendered":"<div id=\"chunk-815m7\">\n<div class=\"mc-column content-text active-extra-styles \" data-block-type=\"unstyled\" data-block-weight=\"34\" data-block-id=\"2\">\n<p data-track-category=\"Link no Texto\" data-track-links=\"\" data-mrf-recirculation=\"Mat\u00e9ria - Links no Texto\"><a href=\"https:\/\/noticiasemdestaque.com\/cd\/wp-content\/uploads\/2026\/08\/WhatsApp-Image-2026-08-26-at-20.02.03.webp\"><img fetchpriority=\"high\" decoding=\"async\" class=\" wp-image-81458 aligncenter\" src=\"https:\/\/noticiasemdestaque.com\/cd\/wp-content\/uploads\/2026\/08\/WhatsApp-Image-2026-08-26-at-20.02.03-300x214.webp\" alt=\"\" width=\"950\" height=\"678\" srcset=\"https:\/\/noticiasemdestaque.com\/cd\/wp-content\/uploads\/2026\/08\/WhatsApp-Image-2026-08-26-at-20.02.03-300x214.webp 300w, https:\/\/noticiasemdestaque.com\/cd\/wp-content\/uploads\/2026\/08\/WhatsApp-Image-2026-08-26-at-20.02.03-768x548.webp 768w, https:\/\/noticiasemdestaque.com\/cd\/wp-content\/uploads\/2026\/08\/WhatsApp-Image-2026-08-26-at-20.02.03.webp 854w\" sizes=\"(max-width: 950px) 100vw, 950px\" \/><\/a><\/p>\n<p class=\" content-text__container \" data-track-category=\"Link no Texto\" data-track-links=\"\" data-mrf-recirculation=\"Mat\u00e9ria - Links no Texto\">O ministro do\u00a0<a class=\"\" href=\"https:\/\/g1.globo.com\/tudo-sobre\/tribunal-superior-eleitoral\/\" data-mrf-link=\"https:\/\/g1.globo.com\/tudo-sobre\/tribunal-superior-eleitoral\/\">Tribunal Superior Eleitoral<\/a>\u00a0(TSE)\u00a0<a class=\"\" href=\"https:\/\/g1.globo.com\/tudo-sobre\/dias-toffoli\/\" data-mrf-link=\"https:\/\/g1.globo.com\/tudo-sobre\/dias-toffoli\/\">Dias Toffoli<\/a>\u00a0<span class=\"highlight highlighted\">restringiu a campanha digital de\u00a0<\/span><a class=\"\" href=\"https:\/\/g1.globo.com\/politica\/politico\/renan-santos\/\" data-mrf-link=\"https:\/\/g1.globo.com\/politica\/politico\/renan-santos\/\">Renan Santos<\/a><span class=\"highlight highlighted\">, do Miss\u00e3o, \u00e0 Presid\u00eancia da Rep\u00fablica<\/span>. A decis\u00e3o foi tomada neste domingo (30), mas divulgada nesta segunda-feira (31).<\/p>\n<\/div>\n<\/div>\n<div class=\"wall protected-content\">\n<div id=\"chunk-72irq\">\n<div class=\"mc-column content-text active-extra-styles \" data-block-type=\"unstyled\" data-block-weight=\"48\" data-block-id=\"4\">\n<p class=\" content-text__container \" data-track-category=\"Link no Texto\" data-track-links=\"\" data-mrf-recirculation=\"Mat\u00e9ria - Links no Texto\">Toffoli, relator do pedido de registro de candidatura de Renan, determinou a suspens\u00e3o da propaganda eleitoral da chapa do Miss\u00e3o nos perfis n\u00e3o informados \u00e0 Justi\u00e7a Eleitoral, de repasses do Fundo Eleitoral e do direito de participar de debates em r\u00e1dio, televis\u00e3o, podcasts e outros meios de comunica\u00e7\u00e3o.<\/p>\n<\/div>\n<\/div>\n<div id=\"chunk-9s638\">\n<div class=\"mc-column content-text active-extra-styles \" data-block-type=\"unstyled\" data-block-weight=\"38\" data-block-id=\"5\">\n<p class=\" content-text__container \" data-track-category=\"Link no Texto\" data-track-links=\"\" data-mrf-recirculation=\"Mat\u00e9ria - Links no Texto\">O candidato n\u00e3o pode criar novos perfis, n\u00e3o pode postar em perfis de terceiros e n\u00e3o pode postar nos perfis dele que n\u00e3o foram informados ao TSE dentro do prazo, que terminou no dia 15 de agosto.<\/p>\n<\/div>\n<\/div>\n<div id=\"chunk-86g0b\">\n<div class=\"mc-column content-text active-extra-styles \" data-block-type=\"unstyled\" data-block-weight=\"41\" data-block-id=\"7\">\n<p class=\" content-text__container \" data-track-category=\"Link no Texto\" data-track-links=\"\" data-mrf-recirculation=\"Mat\u00e9ria - Links no Texto\">Ao pedir o registro de candidatura, Renan informou ter um site e um perfil no X, que podem seguir com as postagens. O TSE afirmou que 16 perfis foram informados fora do prazo e, portanto, n\u00e3o podem continuar com as postagens.<\/p>\n<\/div>\n<\/div>\n<div id=\"chunk-ajmas\">\n<div class=\"mc-column content-text active-extra-styles \" data-block-type=\"unstyled\" data-block-weight=\"14\" data-block-id=\"9\">\n<p class=\" content-text__container \" data-track-category=\"Link no Texto\" data-track-links=\"\" data-mrf-recirculation=\"Mat\u00e9ria - Links no Texto\">Segundo o ministro, perfis irregulares estariam divulgando conte\u00fados favor\u00e1veis ao candidato (<strong><em>entenda mais abaixo<\/em><\/strong>).<\/p>\n<\/div>\n<\/div>\n<div id=\"chunk-3p4q3\">\n<div class=\"mc-column content-text active-extra-styles \" data-block-type=\"unstyled\" data-block-weight=\"29\" data-block-id=\"10\">\n<p class=\" content-text__container \" data-track-category=\"Link no Texto\" data-track-links=\"\" data-mrf-recirculation=\"Mat\u00e9ria - Links no Texto\">O ministro j\u00e1 havia adiado o julgamento do registro de candidatura de Renan durante o fim de semana.\u00a0<span class=\"highlight highlighted\">A decis\u00e3o vale tamb\u00e9m para o candidato \u00e0 vice-presidente Aroldo Medina.<\/span><\/p>\n<\/div>\n<\/div>\n<div id=\"chunk-9g1q2\">\n<div class=\"mc-column content-text active-extra-styles \" data-block-type=\"unstyled\" data-block-weight=\"26\" data-block-id=\"11\">\n<p class=\" content-text__container \" data-track-category=\"Link no Texto\" data-track-links=\"\" data-mrf-recirculation=\"Mat\u00e9ria - Links no Texto\">Toffoli considerou que houve uma &#8220;omiss\u00e3o estrat\u00e9gica&#8221; dos candidatos ao demorar em informar \u00e0 Justi\u00e7a Eleitoral todas as contas usadas pela chapa para a propaganda eleitoral.<\/p>\n<\/div>\n<\/div>\n<div id=\"chunk-6t3pq\">\n<div class=\"mc-column content-text active-extra-styles \" data-block-type=\"unstyled\" data-block-weight=\"27\" data-block-id=\"12\">\n<p class=\" content-text__container \" data-track-category=\"Link no Texto\" data-track-links=\"\" data-mrf-recirculation=\"Mat\u00e9ria - Links no Texto\">A legisla\u00e7\u00e3o eleitoral obriga os postulantes a apresentar,<a class=\"\" href=\"https:\/\/g1.globo.com\/politica\/eleicoes\/2026\/noticia\/2026\/08\/26\/renan-santos-entrevista-globo.ghtml\" data-mrf-link=\"https:\/\/g1.globo.com\/politica\/eleicoes\/2026\/noticia\/2026\/08\/26\/renan-santos-entrevista-globo.ghtml\">\u00a0no momento do registro de candidatura<\/a>, todas as contas nas redes que ser\u00e3o usadas para veicular propaganda eleitoral.<\/p>\n<\/div>\n<\/div>\n<div id=\"chunk-ft51g\">\n<div class=\"row medium-uncollapsed content-media content-photo\" data-block-type=\"backstage-photo\" data-block-id=\"13\">\n<div class=\" mc-column  content-media__container\">\n<div class=\"content-media-container glb-skeleton-box\">\n<figure class=\"content-media-figure\"><img decoding=\"async\" class=\"i-amphtml-fill-content i-amphtml-replaced-content aligncenter\" src=\"https:\/\/s2-g1.glbimg.com\/GtYdpxQzDWKxHAAuikHUR9avrAo=\/0x0:1920x1080\/984x0\/smart\/filters:strip_icc()\/i.s3.glbimg.com\/v1\/AUTH_59edd422c0c84a879bd37670ae4f538a\/internal_photos\/bs\/2026\/j\/g\/ZGxXHGTZGYG6Ivmz6MdQ\/jh-jh-agenda-renan-imadeira-31082026-20260831-0739-frame-6137.jpeg\" sizes=\"(max-width: 1875px) 648px, 100vw\" srcset=\"https:\/\/s2-g1.glbimg.com\/B7TuTBMnGEquHeaqWjTCn1p5ouA=\/0x0:1920x1080\/1000x0\/smart\/filters:strip_icc()\/i.s3.glbimg.com\/v1\/AUTH_59edd422c0c84a879bd37670ae4f538a\/internal_photos\/bs\/2026\/j\/g\/ZGxXHGTZGYG6Ivmz6MdQ\/jh-jh-agenda-renan-imadeira-31082026-20260831-0739-frame-6137.jpeg 1000w, https:\/\/s2-g1.glbimg.com\/GtYdpxQzDWKxHAAuikHUR9avrAo=\/0x0:1920x1080\/984x0\/smart\/filters:strip_icc()\/i.s3.glbimg.com\/v1\/AUTH_59edd422c0c84a879bd37670ae4f538a\/internal_photos\/bs\/2026\/j\/g\/ZGxXHGTZGYG6Ivmz6MdQ\/jh-jh-agenda-renan-imadeira-31082026-20260831-0739-frame-6137.jpeg 984w, https:\/\/s2-g1.glbimg.com\/PdcpVR5f1HEIelv45oSbqp_aD9E=\/0x0:1920x1080\/640x0\/smart\/filters:strip_icc()\/i.s3.glbimg.com\/v1\/AUTH_59edd422c0c84a879bd37670ae4f538a\/internal_photos\/bs\/2026\/j\/g\/ZGxXHGTZGYG6Ivmz6MdQ\/jh-jh-agenda-renan-imadeira-31082026-20260831-0739-frame-6137.jpeg 640w, https:\/\/s2-g1.glbimg.com\/MAH2nFEhiBbJaxASsIXUr1N7jR0=\/0x0:1920x1080\/600x0\/smart\/filters:strip_icc()\/i.s3.glbimg.com\/v1\/AUTH_59edd422c0c84a879bd37670ae4f538a\/internal_photos\/bs\/2026\/j\/g\/ZGxXHGTZGYG6Ivmz6MdQ\/jh-jh-agenda-renan-imadeira-31082026-20260831-0739-frame-6137.jpeg 600w\" alt=\"O candidato Renan Santos (Miss\u00e3o) cumpriu agenda de campanha nesta segunda-feira (31) em S\u00e3o Paulo. \u2014 Foto: Reprodu\u00e7\u00e3o\/TV Globo\" \/><\/figure>\n<\/div>\n<h5 class=\"content-media__description  \">O candidato Renan Santos (Miss\u00e3o) cumpriu agenda de campanha nesta segunda-feira (31) em S\u00e3o Paulo. \u2014 Foto: Reprodu\u00e7\u00e3o\/TV Globo<\/h5>\n<\/div>\n<\/div>\n<\/div>\n<div id=\"chunk-c2td5\">\n<div class=\"mc-column content-text active-extra-styles\" data-block-type=\"raw\" data-block-weight=\"3\" data-block-id=\"15\">\n<div class=\"content-intertitle\">\n<h2>Descumprimento do prazo<\/h2>\n<\/div>\n<\/div>\n<\/div>\n<div id=\"chunk-co586\">\n<div class=\"mc-column content-text active-extra-styles \" data-block-type=\"unstyled\" data-block-weight=\"31\" data-block-id=\"16\">\n<p class=\" content-text__container \" data-track-category=\"Link no Texto\" data-track-links=\"\" data-mrf-recirculation=\"Mat\u00e9ria - Links no Texto\">Ao adiar o julgamento do registro da chapa do Miss\u00e3o, Toffoli<strong>\u00a0j\u00e1 havia apontado ind\u00edcios de ilicitudes por poss\u00edvel descumprimento dessa legisla\u00e7\u00e3o<\/strong>, mesmo argumento usado agora para suspender a campanha.<\/p>\n<\/div>\n<\/div>\n<div id=\"chunk-4lmkd\">\n<div class=\"mc-column content-text active-extra-styles\" data-block-type=\"raw\" data-block-weight=\"33\" data-block-id=\"17\">\n<blockquote class=\"content-blockquote theme-border-color-primary-before\"><p>&#8220;Cabe, ent\u00e3o, explicitar que a omiss\u00e3o estrat\u00e9gica da informa\u00e7\u00e3o sobre as redes sociais, fundante de toda a legitimidade da campanha digital a ser desenvolvida, denota, por si, descompromisso com aqueles bens jur\u00eddicos&#8221;, afirmou.<\/p><\/blockquote>\n<\/div>\n<\/div>\n<div id=\"chunk-4016g\">\n<div class=\"mc-column content-text active-extra-styles \" data-block-type=\"unstyled\" data-block-weight=\"23\" data-block-id=\"18\">\n<p class=\" content-text__container \" data-track-category=\"Link no Texto\" data-track-links=\"\" data-mrf-recirculation=\"Mat\u00e9ria - Links no Texto\">Toffoli afirmou que o candidato que omite informa\u00e7\u00e3o sobre perfis de campanha e presta as informa\u00e7\u00f5es depois do prazo comete desvio de finalidade.<\/p>\n<\/div>\n<\/div>\n<div id=\"chunk-5mfle\">\n<div class=\"mc-column content-text active-extra-styles \" data-block-type=\"unstyled\" data-block-weight=\"44\" data-block-id=\"19\">\n<p class=\" content-text__container \" data-track-category=\"Link no Texto\" data-track-links=\"\" data-mrf-recirculation=\"Mat\u00e9ria - Links no Texto\">Renan e seu vice, Aroldo Medina,\u00a0<span class=\"highlight highlighted\">apresentaram 18 contas nas redes sociais em documentos enviados \u00e0 Corte em 19 de agosto<\/span>. Entretanto, no pedido de registro feito no dia 7, o candidato havia divulgado apenas uma conta na rede social X e um site.<\/p>\n<\/div>\n<\/div>\n<div id=\"chunk-2kva5\">\n<div class=\"mc-column content-text active-extra-styles \" data-block-type=\"unstyled\" data-block-weight=\"34\" data-block-id=\"20\">\n<p class=\" content-text__container \" data-track-category=\"Link no Texto\" data-track-links=\"\" data-mrf-recirculation=\"Mat\u00e9ria - Links no Texto\">&#8220;As redes n\u00e3o informadas beneficiam-se de algoritmos opacos e se furtam ao controle social e legal. Dissimulam-se como usu\u00e1rios comuns, transitando \u00e0 margem do espa\u00e7o leg\u00edtimo de disputa no ambiente digital&#8221;, prosseguiu o ministro.<\/p>\n<\/div>\n<\/div>\n<div id=\"chunk-ckc7b\">\n<div class=\"mc-column content-text active-extra-styles \" data-block-type=\"unstyled\" data-block-weight=\"25\" data-block-id=\"21\">\n<p class=\" content-text__container \" data-track-category=\"Link no Texto\" data-track-links=\"\" data-mrf-recirculation=\"Mat\u00e9ria - Links no Texto\">Toffoli destacou ainda que a campanha eleitoral dura aproximadamente 45 dias e que o ambiente digital \u00e9 hoje meio preferencial de distribui\u00e7\u00e3o de conte\u00fados.<\/p>\n<\/div>\n<\/div>\n<div id=\"chunk-20pa5\">\n<div class=\"mc-column content-text active-extra-styles \" data-block-type=\"unstyled\" data-block-weight=\"53\" data-block-id=\"22\">\n<blockquote>\n<p class=\" content-text__container \" data-track-category=\"Link no Texto\" data-track-links=\"\" data-mrf-recirculation=\"Mat\u00e9ria - Links no Texto\">&#8220;A dinamicidade das redes permite que os atos de propaganda ocorram de forma ininterrupta e alcancem incont\u00e1veis usu\u00e1rios, sem as limita\u00e7\u00f5es dos tradicionais ve\u00edculos de comunica\u00e7\u00e3o. A informa\u00e7\u00e3o a destempo das fontes de difus\u00e3o de propaganda digital n\u00e3o pode ser tratada como mera juntada tardia de um comprovante de escolaridade&#8221;, acrescentou o relator.<\/p>\n<\/blockquote>\n<\/div>\n<\/div>\n<div id=\"chunk-7ukhl\">\n<div class=\"mc-column content-text active-extra-styles\" data-block-type=\"raw\" data-block-weight=\"3\" data-block-id=\"24\">\n<div class=\"content-intertitle\">\n<h2>Detalhes da decis\u00e3o<\/h2>\n<\/div>\n<\/div>\n<\/div>\n<div id=\"chunk-6aa4a\">\n<div class=\"mc-column content-text active-extra-styles \" data-block-type=\"unstyled\" data-block-weight=\"44\" data-block-id=\"25\">\n<p class=\" content-text__container \" data-track-category=\"Link no Texto\" data-track-links=\"\" data-mrf-recirculation=\"Mat\u00e9ria - Links no Texto\">Ao determinar a suspens\u00e3o imediata dos repasses do Fundo Especial de Financiamento de Campanha \u00e0 chapa, Toffoli acrescentou que fica suspensa tamb\u00e9m a realiza\u00e7\u00e3o de gastos com eventuais recursos j\u00e1 repassados, sob pena de 1% dos valores respectivos em caso de descumprimento;<\/p>\n<\/div>\n<\/div>\n<div id=\"chunk-eo4bd\">\n<div class=\"mc-column content-text active-extra-styles \" data-block-type=\"unstyled\" data-block-weight=\"48\" data-block-id=\"26\">\n<p class=\" content-text__container \" data-track-category=\"Link no Texto\" data-track-links=\"\" data-mrf-recirculation=\"Mat\u00e9ria - Links no Texto\">No caso da suspens\u00e3o da propaganda eleitoral em ambiente digital, o ministro destacou que o descumprimento est\u00e1 sujeito a pena de multa de R$ 50 mil por veicula\u00e7\u00e3o posterior ao recebimento da decis\u00e3o, inclusive as realizadas em outros ou novos perfis do candidato ou em perfis de terceiros.<\/p>\n<\/div>\n<\/div>\n<div id=\"chunk-pph5\">\n<div class=\"mc-column content-text active-extra-styles \" data-block-type=\"unstyled\" data-block-weight=\"46\" data-block-id=\"27\">\n<p class=\" content-text__container \" data-track-category=\"Link no Texto\" data-track-links=\"\" data-mrf-recirculation=\"Mat\u00e9ria - Links no Texto\">A pena para participa\u00e7\u00e3o em debates ap\u00f3s a decis\u00e3o \u00e9 de multa de R$ 50 mil por ato. Toffoli tamb\u00e9m deu prazo de 24 horas para que seja informado a data de cria\u00e7\u00e3o de cada perfil e do in\u00edcio da utiliza\u00e7\u00e3o para fins de propaganda eleitoral.<\/p>\n<\/div>\n<\/div>\n<div id=\"chunk-52oci\">\n<div class=\"mc-column content-text active-extra-styles \" data-block-type=\"unstyled\" data-block-weight=\"13\" data-block-id=\"28\">\n<p class=\" content-text__container \" data-track-category=\"Link no Texto\" data-track-links=\"\" data-mrf-recirculation=\"Mat\u00e9ria - Links no Texto\">O ministro ainda determinou que as plataformas detectadas veiculando propaganda irregular do candidato:<\/p>\n<\/div>\n<\/div>\n<div id=\"chunk-3kbq6\">\n<div class=\"mc-column content-text active-extra-styles\" data-block-type=\"raw\" data-block-weight=\"81\" data-block-id=\"29\">\n<ul class=\"content-unordered-list\" data-mrf-recirculation=\"Mat\u00e9ria - Leia Tamb\u00e9m (Lista)\">\n<li>adotem provid\u00eancias para preserva\u00e7\u00e3o e guarda dos conte\u00fados postados a partir de 7 de agosto at\u00e9 ulterior comunica\u00e7\u00e3o;<\/li>\n<li>suspendam os perfis e exclua dos sistemas de recomenda\u00e7\u00e3o e \u00e0 guarda cautelar dos registros de acesso, sob pena de multa de R$10 mil por hora e por perfil;<\/li>\n<li>Forne\u00e7am os dados relativos a postagens, impulsionamentos, recomenda\u00e7\u00f5es e an\u00fancios realizados nos perfis a partir de 7 de agosto com respectivo alcance, rotulagem e valores, sob pena de multa di\u00e1ria de R$ 50 mil.<\/li>\n<\/ul>\n<\/div>\n<\/div>\n<div id=\"chunk-3hsc4\">\n<div class=\"mc-column content-text active-extra-styles \" data-block-type=\"unstyled\" data-block-weight=\"24\" data-block-id=\"31\">\n<p class=\" content-text__container \" data-track-category=\"Link no Texto\" data-track-links=\"\" data-mrf-recirculation=\"Mat\u00e9ria - Links no Texto\">At\u00e9 o momento, Renan Santos n\u00e3o se pronunciou publicamente sobre a decis\u00e3o, mas convocou uma coletiva de imprensa para esta tarde, em S\u00e3o Paulo.<\/p>\n<p data-track-category=\"Link no Texto\" data-track-links=\"\" data-mrf-recirculation=\"Mat\u00e9ria - Links no Texto\"><strong>Noticias em Destaque<\/strong><\/p>\n<p style=\"text-align: right;\" data-track-category=\"Link no Texto\" data-track-links=\"\" data-mrf-recirculation=\"Mat\u00e9ria - Links no Texto\"><em>Fonte: G1<\/em><\/p>\n<\/div>\n<\/div>\n<\/div>\n","protected":false},"excerpt":{"rendered":"<p>O ministro do\u00a0Tribunal Superior Eleitoral\u00a0(TSE)\u00a0Dias Toffoli\u00a0restringiu a campanha digital de\u00a0Renan Santos, do Miss\u00e3o, \u00e0 Presid\u00eancia da Rep\u00fablica. A decis\u00e3o foi tomada neste domingo (30), mas divulgada nesta segunda-feira (31). Toffoli, relator do pedido de registro de candidatura de Renan, determinou a suspens\u00e3o da propaganda eleitoral da chapa do Miss\u00e3o nos perfis n\u00e3o informados \u00e0 Justi\u00e7a Eleitoral, de repasses do Fundo Eleitoral e do direito de participar de debates em r\u00e1dio, televis\u00e3o, podcasts e outros meios de comunica\u00e7\u00e3o. O candidato n\u00e3o pode criar novos perfis, n\u00e3o pode postar em perfis de terceiros e n\u00e3o pode postar nos perfis dele que n\u00e3o foram informados ao TSE dentro do prazo, que terminou no dia 15 de agosto. Ao pedir o registro de candidatura, Renan informou ter um site e um perfil no X, que podem seguir com as postagens. O TSE afirmou que 16 perfis foram informados fora do prazo e, portanto, n\u00e3o podem continuar com as postagens. Segundo o ministro, perfis irregulares estariam divulgando conte\u00fados favor\u00e1veis ao candidato (entenda mais abaixo). O ministro j\u00e1 havia adiado o julgamento do registro de candidatura de Renan durante o fim de semana.\u00a0A decis\u00e3o vale tamb\u00e9m para o candidato \u00e0 vice-presidente Aroldo Medina. Toffoli considerou que houve uma &#8220;omiss\u00e3o estrat\u00e9gica&#8221; dos candidatos ao demorar em informar \u00e0 Justi\u00e7a Eleitoral todas as contas usadas pela chapa para a propaganda eleitoral. A legisla\u00e7\u00e3o eleitoral obriga os postulantes a apresentar,\u00a0no momento do registro de candidatura, todas as contas nas redes que ser\u00e3o usadas para veicular propaganda eleitoral. O candidato Renan Santos (Miss\u00e3o) cumpriu agenda de campanha nesta segunda-feira (31) em S\u00e3o Paulo. \u2014 Foto: Reprodu\u00e7\u00e3o\/TV Globo Descumprimento do prazo Ao adiar o julgamento do registro da chapa do Miss\u00e3o, Toffoli\u00a0j\u00e1 havia apontado ind\u00edcios de ilicitudes por poss\u00edvel descumprimento dessa legisla\u00e7\u00e3o, mesmo argumento usado agora para suspender a campanha. &#8220;Cabe, ent\u00e3o, explicitar que a omiss\u00e3o estrat\u00e9gica da informa\u00e7\u00e3o sobre as redes sociais, fundante de toda a legitimidade da campanha digital a ser desenvolvida, denota, por si, descompromisso com aqueles bens jur\u00eddicos&#8221;, afirmou. Toffoli afirmou que o candidato que omite informa\u00e7\u00e3o sobre perfis de campanha e presta as informa\u00e7\u00f5es depois do prazo comete desvio de finalidade. Renan e seu vice, Aroldo Medina,\u00a0apresentaram 18 contas nas redes sociais em documentos enviados \u00e0 Corte em 19 de agosto. Entretanto, no pedido de registro feito no dia 7, o candidato havia divulgado apenas uma conta na rede social X e um site. &#8220;As redes n\u00e3o informadas beneficiam-se de algoritmos opacos e se furtam ao controle social e legal. Dissimulam-se como usu\u00e1rios comuns, transitando \u00e0 margem do espa\u00e7o leg\u00edtimo de disputa no ambiente digital&#8221;, prosseguiu o ministro. Toffoli destacou ainda que a campanha eleitoral dura aproximadamente 45 dias e que o ambiente digital \u00e9 hoje meio preferencial de distribui\u00e7\u00e3o de conte\u00fados. &#8220;A dinamicidade das redes permite que os atos de propaganda ocorram de forma ininterrupta e alcancem incont\u00e1veis usu\u00e1rios, sem as limita\u00e7\u00f5es dos tradicionais ve\u00edculos de comunica\u00e7\u00e3o. A informa\u00e7\u00e3o a destempo das fontes de difus\u00e3o de propaganda digital n\u00e3o pode ser tratada como mera juntada tardia de um comprovante de escolaridade&#8221;, acrescentou o relator. Detalhes da decis\u00e3o Ao determinar a suspens\u00e3o imediata dos repasses do Fundo Especial de Financiamento de Campanha \u00e0 chapa, Toffoli acrescentou que fica suspensa tamb\u00e9m a realiza\u00e7\u00e3o de gastos com eventuais recursos j\u00e1 repassados, sob pena de 1% dos valores respectivos em caso de descumprimento; No caso da suspens\u00e3o da propaganda eleitoral em ambiente digital, o ministro destacou que o descumprimento est\u00e1 sujeito a pena de multa de R$ 50 mil por veicula\u00e7\u00e3o posterior ao recebimento da decis\u00e3o, inclusive as realizadas em outros ou novos perfis do candidato ou em perfis de terceiros. A pena para participa\u00e7\u00e3o em debates ap\u00f3s a decis\u00e3o \u00e9 de multa de R$ 50 mil por ato. Toffoli tamb\u00e9m deu prazo de 24 horas para que seja informado a data de cria\u00e7\u00e3o de cada perfil e do in\u00edcio da utiliza\u00e7\u00e3o para fins de propaganda eleitoral. O ministro ainda determinou que as plataformas detectadas veiculando propaganda irregular do candidato: adotem provid\u00eancias para preserva\u00e7\u00e3o e guarda dos conte\u00fados postados a partir de 7 de agosto at\u00e9 ulterior comunica\u00e7\u00e3o; suspendam os perfis e exclua dos sistemas de recomenda\u00e7\u00e3o e \u00e0 guarda cautelar dos registros de acesso, sob pena de multa de R$10 mil por hora e por perfil; Forne\u00e7am os dados relativos a postagens, impulsionamentos, recomenda\u00e7\u00f5es e an\u00fancios realizados nos perfis a partir de 7 de agosto com respectivo alcance, rotulagem e valores, sob pena de multa di\u00e1ria de R$ 50 mil. At\u00e9 o momento, Renan Santos n\u00e3o se pronunciou publicamente sobre a decis\u00e3o, mas convocou uma coletiva de imprensa para esta tarde, em S\u00e3o Paulo. Noticias em Destaque Fonte: G1<\/p>\n","protected":false},"author":2,"featured_media":81458,"comment_status":"closed","ping_status":"closed","sticky":false,"template":"","format":"standard","meta":{"_eb_attr":"","_jetpack_memberships_contains_paid_content":false,"footnotes":""},"categories":[4],"tags":[],"class_list":["post-81456","post","type-post","status-publish","format-standard","has-post-thumbnail","hentry","category-politica"],"yoast_head":"<!-- This site is optimized with the Yoast SEO plugin v26.5 - https:\/\/yoast.com\/wordpress\/plugins\/seo\/ -->\n<title>Toffoli suspende campanha de Renan Santos \u00e0 Presid\u00eancia da Rep\u00fablica - Not&iacute;cias em Destaque<\/title>\n<meta name=\"robots\" content=\"index, follow, max-snippet:-1, max-image-preview:large, max-video-preview:-1\" \/>\n<link rel=\"canonical\" href=\"https:\/\/noticiasemdestaque.com\/cd\/?p=81456\" \/>\n<meta property=\"og:locale\" content=\"pt_BR\" \/>\n<meta property=\"og:type\" content=\"article\" \/>\n<meta property=\"og:title\" content=\"Toffoli suspende campanha de Renan Santos \u00e0 Presid\u00eancia da Rep\u00fablica - Not&iacute;cias em Destaque\" \/>\n<meta property=\"og:description\" content=\"O ministro do\u00a0Tribunal Superior Eleitoral\u00a0(TSE)\u00a0Dias Toffoli\u00a0restringiu a campanha digital de\u00a0Renan Santos, do Miss\u00e3o, \u00e0 Presid\u00eancia da Rep\u00fablica. A decis\u00e3o foi tomada neste domingo (30), mas divulgada nesta segunda-feira (31). Toffoli, relator do pedido de registro de candidatura de Renan, determinou a suspens\u00e3o da propaganda eleitoral da chapa do Miss\u00e3o nos perfis n\u00e3o informados \u00e0 Justi\u00e7a Eleitoral, de repasses do Fundo Eleitoral e do direito de participar de debates em r\u00e1dio, televis\u00e3o, podcasts e outros meios de comunica\u00e7\u00e3o. O candidato n\u00e3o pode criar novos perfis, n\u00e3o pode postar em perfis de terceiros e n\u00e3o pode postar nos perfis dele que n\u00e3o foram informados ao TSE dentro do prazo, que terminou no dia 15 de agosto. Ao pedir o registro de candidatura, Renan informou ter um site e um perfil no X, que podem seguir com as postagens. O TSE afirmou que 16 perfis foram informados fora do prazo e, portanto, n\u00e3o podem continuar com as postagens. Segundo o ministro, perfis irregulares estariam divulgando conte\u00fados favor\u00e1veis ao candidato (entenda mais abaixo). O ministro j\u00e1 havia adiado o julgamento do registro de candidatura de Renan durante o fim de semana.\u00a0A decis\u00e3o vale tamb\u00e9m para o candidato \u00e0 vice-presidente Aroldo Medina. Toffoli considerou que houve uma &#8220;omiss\u00e3o estrat\u00e9gica&#8221; dos candidatos ao demorar em informar \u00e0 Justi\u00e7a Eleitoral todas as contas usadas pela chapa para a propaganda eleitoral. A legisla\u00e7\u00e3o eleitoral obriga os postulantes a apresentar,\u00a0no momento do registro de candidatura, todas as contas nas redes que ser\u00e3o usadas para veicular propaganda eleitoral. O candidato Renan Santos (Miss\u00e3o) cumpriu agenda de campanha nesta segunda-feira (31) em S\u00e3o Paulo. \u2014 Foto: Reprodu\u00e7\u00e3o\/TV Globo Descumprimento do prazo Ao adiar o julgamento do registro da chapa do Miss\u00e3o, Toffoli\u00a0j\u00e1 havia apontado ind\u00edcios de ilicitudes por poss\u00edvel descumprimento dessa legisla\u00e7\u00e3o, mesmo argumento usado agora para suspender a campanha. &#8220;Cabe, ent\u00e3o, explicitar que a omiss\u00e3o estrat\u00e9gica da informa\u00e7\u00e3o sobre as redes sociais, fundante de toda a legitimidade da campanha digital a ser desenvolvida, denota, por si, descompromisso com aqueles bens jur\u00eddicos&#8221;, afirmou. Toffoli afirmou que o candidato que omite informa\u00e7\u00e3o sobre perfis de campanha e presta as informa\u00e7\u00f5es depois do prazo comete desvio de finalidade. Renan e seu vice, Aroldo Medina,\u00a0apresentaram 18 contas nas redes sociais em documentos enviados \u00e0 Corte em 19 de agosto. Entretanto, no pedido de registro feito no dia 7, o candidato havia divulgado apenas uma conta na rede social X e um site. &#8220;As redes n\u00e3o informadas beneficiam-se de algoritmos opacos e se furtam ao controle social e legal. Dissimulam-se como usu\u00e1rios comuns, transitando \u00e0 margem do espa\u00e7o leg\u00edtimo de disputa no ambiente digital&#8221;, prosseguiu o ministro. Toffoli destacou ainda que a campanha eleitoral dura aproximadamente 45 dias e que o ambiente digital \u00e9 hoje meio preferencial de distribui\u00e7\u00e3o de conte\u00fados. &#8220;A dinamicidade das redes permite que os atos de propaganda ocorram de forma ininterrupta e alcancem incont\u00e1veis usu\u00e1rios, sem as limita\u00e7\u00f5es dos tradicionais ve\u00edculos de comunica\u00e7\u00e3o. A informa\u00e7\u00e3o a destempo das fontes de difus\u00e3o de propaganda digital n\u00e3o pode ser tratada como mera juntada tardia de um comprovante de escolaridade&#8221;, acrescentou o relator. Detalhes da decis\u00e3o Ao determinar a suspens\u00e3o imediata dos repasses do Fundo Especial de Financiamento de Campanha \u00e0 chapa, Toffoli acrescentou que fica suspensa tamb\u00e9m a realiza\u00e7\u00e3o de gastos com eventuais recursos j\u00e1 repassados, sob pena de 1% dos valores respectivos em caso de descumprimento; No caso da suspens\u00e3o da propaganda eleitoral em ambiente digital, o ministro destacou que o descumprimento est\u00e1 sujeito a pena de multa de R$ 50 mil por veicula\u00e7\u00e3o posterior ao recebimento da decis\u00e3o, inclusive as realizadas em outros ou novos perfis do candidato ou em perfis de terceiros. A pena para participa\u00e7\u00e3o em debates ap\u00f3s a decis\u00e3o \u00e9 de multa de R$ 50 mil por ato. Toffoli tamb\u00e9m deu prazo de 24 horas para que seja informado a data de cria\u00e7\u00e3o de cada perfil e do in\u00edcio da utiliza\u00e7\u00e3o para fins de propaganda eleitoral. O ministro ainda determinou que as plataformas detectadas veiculando propaganda irregular do candidato: adotem provid\u00eancias para preserva\u00e7\u00e3o e guarda dos conte\u00fados postados a partir de 7 de agosto at\u00e9 ulterior comunica\u00e7\u00e3o; suspendam os perfis e exclua dos sistemas de recomenda\u00e7\u00e3o e \u00e0 guarda cautelar dos registros de acesso, sob pena de multa de R$10 mil por hora e por perfil; Forne\u00e7am os dados relativos a postagens, impulsionamentos, recomenda\u00e7\u00f5es e an\u00fancios realizados nos perfis a partir de 7 de agosto com respectivo alcance, rotulagem e valores, sob pena de multa di\u00e1ria de R$ 50 mil. At\u00e9 o momento, Renan Santos n\u00e3o se pronunciou publicamente sobre a decis\u00e3o, mas convocou uma coletiva de imprensa para esta tarde, em S\u00e3o Paulo. Noticias em Destaque Fonte: G1\" \/>\n<meta property=\"og:url\" content=\"https:\/\/noticiasemdestaque.com\/cd\/?p=81456\" \/>\n<meta property=\"og:site_name\" content=\"Not&iacute;cias em Destaque\" \/>\n<meta property=\"article:published_time\" content=\"2026-08-31T20:27:07+00:00\" \/>\n<meta property=\"og:image\" content=\"https:\/\/noticiasemdestaque.com\/cd\/wp-content\/uploads\/2026\/08\/WhatsApp-Image-2026-08-26-at-20.02.03.webp\" \/>\n\t<meta property=\"og:image:width\" content=\"854\" \/>\n\t<meta property=\"og:image:height\" content=\"609\" \/>\n\t<meta property=\"og:image:type\" content=\"image\/webp\" \/>\n<meta name=\"author\" content=\"Not\u00edcias em Destaque\" \/>\n<meta name=\"twitter:card\" content=\"summary_large_image\" \/>\n<meta name=\"twitter:label1\" content=\"Escrito por\" \/>\n\t<meta name=\"twitter:data1\" content=\"Not\u00edcias em Destaque\" \/>\n\t<meta name=\"twitter:label2\" content=\"Est. tempo de leitura\" \/>\n\t<meta name=\"twitter:data2\" content=\"5 minutos\" \/>\n<script type=\"application\/ld+json\" class=\"yoast-schema-graph\">{\"@context\":\"https:\/\/schema.org\",\"@graph\":[{\"@type\":\"Article\",\"@id\":\"https:\/\/noticiasemdestaque.com\/cd\/?p=81456#article\",\"isPartOf\":{\"@id\":\"https:\/\/noticiasemdestaque.com\/cd\/?p=81456\"},\"author\":{\"name\":\"Not\u00edcias em Destaque\",\"@id\":\"https:\/\/noticiasemdestaque.com\/cd\/#\/schema\/person\/a978acbbda55eca5b71ccb9421897bb0\"},\"headline\":\"Toffoli suspende campanha de Renan Santos \u00e0 Presid\u00eancia da Rep\u00fablica\",\"datePublished\":\"2026-08-31T20:27:07+00:00\",\"mainEntityOfPage\":{\"@id\":\"https:\/\/noticiasemdestaque.com\/cd\/?p=81456\"},\"wordCount\":844,\"publisher\":{\"@id\":\"https:\/\/noticiasemdestaque.com\/cd\/#organization\"},\"image\":{\"@id\":\"https:\/\/noticiasemdestaque.com\/cd\/?p=81456#primaryimage\"},\"thumbnailUrl\":\"https:\/\/noticiasemdestaque.com\/cd\/wp-content\/uploads\/2026\/08\/WhatsApp-Image-2026-08-26-at-20.02.03.webp\",\"articleSection\":[\"Pol\u00edtica\"],\"inLanguage\":\"pt-BR\"},{\"@type\":\"WebPage\",\"@id\":\"https:\/\/noticiasemdestaque.com\/cd\/?p=81456\",\"url\":\"https:\/\/noticiasemdestaque.com\/cd\/?p=81456\",\"name\":\"Toffoli suspende campanha de Renan Santos \u00e0 Presid\u00eancia da Rep\u00fablica - Not&iacute;cias em Destaque\",\"isPartOf\":{\"@id\":\"https:\/\/noticiasemdestaque.com\/cd\/#website\"},\"primaryImageOfPage\":{\"@id\":\"https:\/\/noticiasemdestaque.com\/cd\/?p=81456#primaryimage\"},\"image\":{\"@id\":\"https:\/\/noticiasemdestaque.com\/cd\/?p=81456#primaryimage\"},\"thumbnailUrl\":\"https:\/\/noticiasemdestaque.com\/cd\/wp-content\/uploads\/2026\/08\/WhatsApp-Image-2026-08-26-at-20.02.03.webp\",\"datePublished\":\"2026-08-31T20:27:07+00:00\",\"breadcrumb\":{\"@id\":\"https:\/\/noticiasemdestaque.com\/cd\/?p=81456#breadcrumb\"},\"inLanguage\":\"pt-BR\",\"potentialAction\":[{\"@type\":\"ReadAction\",\"target\":[\"https:\/\/noticiasemdestaque.com\/cd\/?p=81456\"]}]},{\"@type\":\"ImageObject\",\"inLanguage\":\"pt-BR\",\"@id\":\"https:\/\/noticiasemdestaque.com\/cd\/?p=81456#primaryimage\",\"url\":\"https:\/\/noticiasemdestaque.com\/cd\/wp-content\/uploads\/2026\/08\/WhatsApp-Image-2026-08-26-at-20.02.03.webp\",\"contentUrl\":\"https:\/\/noticiasemdestaque.com\/cd\/wp-content\/uploads\/2026\/08\/WhatsApp-Image-2026-08-26-at-20.02.03.webp\",\"width\":854,\"height\":609},{\"@type\":\"BreadcrumbList\",\"@id\":\"https:\/\/noticiasemdestaque.com\/cd\/?p=81456#breadcrumb\",\"itemListElement\":[{\"@type\":\"ListItem\",\"position\":1,\"name\":\"In\u00edcio\",\"item\":\"https:\/\/noticiasemdestaque.com\/cd\/\"},{\"@type\":\"ListItem\",\"position\":2,\"name\":\"Toffoli suspende campanha de Renan Santos \u00e0 Presid\u00eancia da Rep\u00fablica\"}]},{\"@type\":\"WebSite\",\"@id\":\"https:\/\/noticiasemdestaque.com\/cd\/#website\",\"url\":\"https:\/\/noticiasemdestaque.com\/cd\/\",\"name\":\"Not&iacute;cias em Destaque\",\"description\":\"\",\"publisher\":{\"@id\":\"https:\/\/noticiasemdestaque.com\/cd\/#organization\"},\"potentialAction\":[{\"@type\":\"SearchAction\",\"target\":{\"@type\":\"EntryPoint\",\"urlTemplate\":\"https:\/\/noticiasemdestaque.com\/cd\/?s={search_term_string}\"},\"query-input\":{\"@type\":\"PropertyValueSpecification\",\"valueRequired\":true,\"valueName\":\"search_term_string\"}}],\"inLanguage\":\"pt-BR\"},{\"@type\":\"Organization\",\"@id\":\"https:\/\/noticiasemdestaque.com\/cd\/#organization\",\"name\":\"Not\u00edcias em Destaque\",\"url\":\"https:\/\/noticiasemdestaque.com\/cd\/\",\"logo\":{\"@type\":\"ImageObject\",\"inLanguage\":\"pt-BR\",\"@id\":\"https:\/\/noticiasemdestaque.com\/cd\/#\/schema\/logo\/image\/\",\"url\":\"https:\/\/noticiasemdestaque.com\/cd\/wp-content\/uploads\/2022\/05\/imagem-base-noticiasemdestaque.png\",\"contentUrl\":\"https:\/\/noticiasemdestaque.com\/cd\/wp-content\/uploads\/2022\/05\/imagem-base-noticiasemdestaque.png\",\"width\":1200,\"height\":630,\"caption\":\"Not\u00edcias em Destaque\"},\"image\":{\"@id\":\"https:\/\/noticiasemdestaque.com\/cd\/#\/schema\/logo\/image\/\"}},{\"@type\":\"Person\",\"@id\":\"https:\/\/noticiasemdestaque.com\/cd\/#\/schema\/person\/a978acbbda55eca5b71ccb9421897bb0\",\"name\":\"Not\u00edcias em Destaque\",\"url\":\"https:\/\/noticiasemdestaque.com\/cd\/?author=2\"}]}<\/script>\n<!-- \/ Yoast SEO plugin. -->","yoast_head_json":{"title":"Toffoli suspende campanha de Renan Santos \u00e0 Presid\u00eancia da Rep\u00fablica - Not&iacute;cias em Destaque","robots":{"index":"index","follow":"follow","max-snippet":"max-snippet:-1","max-image-preview":"max-image-preview:large","max-video-preview":"max-video-preview:-1"},"canonical":"https:\/\/noticiasemdestaque.com\/cd\/?p=81456","og_locale":"pt_BR","og_type":"article","og_title":"Toffoli suspende campanha de Renan Santos \u00e0 Presid\u00eancia da Rep\u00fablica - Not&iacute;cias em Destaque","og_description":"O ministro do\u00a0Tribunal Superior Eleitoral\u00a0(TSE)\u00a0Dias Toffoli\u00a0restringiu a campanha digital de\u00a0Renan Santos, do Miss\u00e3o, \u00e0 Presid\u00eancia da Rep\u00fablica. A decis\u00e3o foi tomada neste domingo (30), mas divulgada nesta segunda-feira (31). Toffoli, relator do pedido de registro de candidatura de Renan, determinou a suspens\u00e3o da propaganda eleitoral da chapa do Miss\u00e3o nos perfis n\u00e3o informados \u00e0 Justi\u00e7a Eleitoral, de repasses do Fundo Eleitoral e do direito de participar de debates em r\u00e1dio, televis\u00e3o, podcasts e outros meios de comunica\u00e7\u00e3o. O candidato n\u00e3o pode criar novos perfis, n\u00e3o pode postar em perfis de terceiros e n\u00e3o pode postar nos perfis dele que n\u00e3o foram informados ao TSE dentro do prazo, que terminou no dia 15 de agosto. Ao pedir o registro de candidatura, Renan informou ter um site e um perfil no X, que podem seguir com as postagens. O TSE afirmou que 16 perfis foram informados fora do prazo e, portanto, n\u00e3o podem continuar com as postagens. Segundo o ministro, perfis irregulares estariam divulgando conte\u00fados favor\u00e1veis ao candidato (entenda mais abaixo). O ministro j\u00e1 havia adiado o julgamento do registro de candidatura de Renan durante o fim de semana.\u00a0A decis\u00e3o vale tamb\u00e9m para o candidato \u00e0 vice-presidente Aroldo Medina. Toffoli considerou que houve uma &#8220;omiss\u00e3o estrat\u00e9gica&#8221; dos candidatos ao demorar em informar \u00e0 Justi\u00e7a Eleitoral todas as contas usadas pela chapa para a propaganda eleitoral. A legisla\u00e7\u00e3o eleitoral obriga os postulantes a apresentar,\u00a0no momento do registro de candidatura, todas as contas nas redes que ser\u00e3o usadas para veicular propaganda eleitoral. O candidato Renan Santos (Miss\u00e3o) cumpriu agenda de campanha nesta segunda-feira (31) em S\u00e3o Paulo. \u2014 Foto: Reprodu\u00e7\u00e3o\/TV Globo Descumprimento do prazo Ao adiar o julgamento do registro da chapa do Miss\u00e3o, Toffoli\u00a0j\u00e1 havia apontado ind\u00edcios de ilicitudes por poss\u00edvel descumprimento dessa legisla\u00e7\u00e3o, mesmo argumento usado agora para suspender a campanha. &#8220;Cabe, ent\u00e3o, explicitar que a omiss\u00e3o estrat\u00e9gica da informa\u00e7\u00e3o sobre as redes sociais, fundante de toda a legitimidade da campanha digital a ser desenvolvida, denota, por si, descompromisso com aqueles bens jur\u00eddicos&#8221;, afirmou. Toffoli afirmou que o candidato que omite informa\u00e7\u00e3o sobre perfis de campanha e presta as informa\u00e7\u00f5es depois do prazo comete desvio de finalidade. Renan e seu vice, Aroldo Medina,\u00a0apresentaram 18 contas nas redes sociais em documentos enviados \u00e0 Corte em 19 de agosto. Entretanto, no pedido de registro feito no dia 7, o candidato havia divulgado apenas uma conta na rede social X e um site. &#8220;As redes n\u00e3o informadas beneficiam-se de algoritmos opacos e se furtam ao controle social e legal. Dissimulam-se como usu\u00e1rios comuns, transitando \u00e0 margem do espa\u00e7o leg\u00edtimo de disputa no ambiente digital&#8221;, prosseguiu o ministro. Toffoli destacou ainda que a campanha eleitoral dura aproximadamente 45 dias e que o ambiente digital \u00e9 hoje meio preferencial de distribui\u00e7\u00e3o de conte\u00fados. &#8220;A dinamicidade das redes permite que os atos de propaganda ocorram de forma ininterrupta e alcancem incont\u00e1veis usu\u00e1rios, sem as limita\u00e7\u00f5es dos tradicionais ve\u00edculos de comunica\u00e7\u00e3o. A informa\u00e7\u00e3o a destempo das fontes de difus\u00e3o de propaganda digital n\u00e3o pode ser tratada como mera juntada tardia de um comprovante de escolaridade&#8221;, acrescentou o relator. Detalhes da decis\u00e3o Ao determinar a suspens\u00e3o imediata dos repasses do Fundo Especial de Financiamento de Campanha \u00e0 chapa, Toffoli acrescentou que fica suspensa tamb\u00e9m a realiza\u00e7\u00e3o de gastos com eventuais recursos j\u00e1 repassados, sob pena de 1% dos valores respectivos em caso de descumprimento; No caso da suspens\u00e3o da propaganda eleitoral em ambiente digital, o ministro destacou que o descumprimento est\u00e1 sujeito a pena de multa de R$ 50 mil por veicula\u00e7\u00e3o posterior ao recebimento da decis\u00e3o, inclusive as realizadas em outros ou novos perfis do candidato ou em perfis de terceiros. A pena para participa\u00e7\u00e3o em debates ap\u00f3s a decis\u00e3o \u00e9 de multa de R$ 50 mil por ato. Toffoli tamb\u00e9m deu prazo de 24 horas para que seja informado a data de cria\u00e7\u00e3o de cada perfil e do in\u00edcio da utiliza\u00e7\u00e3o para fins de propaganda eleitoral. O ministro ainda determinou que as plataformas detectadas veiculando propaganda irregular do candidato: adotem provid\u00eancias para preserva\u00e7\u00e3o e guarda dos conte\u00fados postados a partir de 7 de agosto at\u00e9 ulterior comunica\u00e7\u00e3o; suspendam os perfis e exclua dos sistemas de recomenda\u00e7\u00e3o e \u00e0 guarda cautelar dos registros de acesso, sob pena de multa de R$10 mil por hora e por perfil; Forne\u00e7am os dados relativos a postagens, impulsionamentos, recomenda\u00e7\u00f5es e an\u00fancios realizados nos perfis a partir de 7 de agosto com respectivo alcance, rotulagem e valores, sob pena de multa di\u00e1ria de R$ 50 mil. At\u00e9 o momento, Renan Santos n\u00e3o se pronunciou publicamente sobre a decis\u00e3o, mas convocou uma coletiva de imprensa para esta tarde, em S\u00e3o Paulo. Noticias em Destaque Fonte: G1","og_url":"https:\/\/noticiasemdestaque.com\/cd\/?p=81456","og_site_name":"Not&iacute;cias em Destaque","article_published_time":"2026-08-31T20:27:07+00:00","og_image":[{"width":854,"height":609,"url":"https:\/\/noticiasemdestaque.com\/cd\/wp-content\/uploads\/2026\/08\/WhatsApp-Image-2026-08-26-at-20.02.03.webp","type":"image\/webp"}],"author":"Not\u00edcias em Destaque","twitter_card":"summary_large_image","twitter_misc":{"Escrito por":"Not\u00edcias em Destaque","Est. tempo de leitura":"5 minutos"},"schema":{"@context":"https:\/\/schema.org","@graph":[{"@type":"Article","@id":"https:\/\/noticiasemdestaque.com\/cd\/?p=81456#article","isPartOf":{"@id":"https:\/\/noticiasemdestaque.com\/cd\/?p=81456"},"author":{"name":"Not\u00edcias em Destaque","@id":"https:\/\/noticiasemdestaque.com\/cd\/#\/schema\/person\/a978acbbda55eca5b71ccb9421897bb0"},"headline":"Toffoli suspende campanha de Renan Santos \u00e0 Presid\u00eancia da Rep\u00fablica","datePublished":"2026-08-31T20:27:07+00:00","mainEntityOfPage":{"@id":"https:\/\/noticiasemdestaque.com\/cd\/?p=81456"},"wordCount":844,"publisher":{"@id":"https:\/\/noticiasemdestaque.com\/cd\/#organization"},"image":{"@id":"https:\/\/noticiasemdestaque.com\/cd\/?p=81456#primaryimage"},"thumbnailUrl":"https:\/\/noticiasemdestaque.com\/cd\/wp-content\/uploads\/2026\/08\/WhatsApp-Image-2026-08-26-at-20.02.03.webp","articleSection":["Pol\u00edtica"],"inLanguage":"pt-BR"},{"@type":"WebPage","@id":"https:\/\/noticiasemdestaque.com\/cd\/?p=81456","url":"https:\/\/noticiasemdestaque.com\/cd\/?p=81456","name":"Toffoli suspende campanha de Renan Santos \u00e0 Presid\u00eancia da Rep\u00fablica - Not&iacute;cias em Destaque","isPartOf":{"@id":"https:\/\/noticiasemdestaque.com\/cd\/#website"},"primaryImageOfPage":{"@id":"https:\/\/noticiasemdestaque.com\/cd\/?p=81456#primaryimage"},"image":{"@id":"https:\/\/noticiasemdestaque.com\/cd\/?p=81456#primaryimage"},"thumbnailUrl":"https:\/\/noticiasemdestaque.com\/cd\/wp-content\/uploads\/2026\/08\/WhatsApp-Image-2026-08-26-at-20.02.03.webp","datePublished":"2026-08-31T20:27:07+00:00","breadcrumb":{"@id":"https:\/\/noticiasemdestaque.com\/cd\/?p=81456#breadcrumb"},"inLanguage":"pt-BR","potentialAction":[{"@type":"ReadAction","target":["https:\/\/noticiasemdestaque.com\/cd\/?p=81456"]}]},{"@type":"ImageObject","inLanguage":"pt-BR","@id":"https:\/\/noticiasemdestaque.com\/cd\/?p=81456#primaryimage","url":"https:\/\/noticiasemdestaque.com\/cd\/wp-content\/uploads\/2026\/08\/WhatsApp-Image-2026-08-26-at-20.02.03.webp","contentUrl":"https:\/\/noticiasemdestaque.com\/cd\/wp-content\/uploads\/2026\/08\/WhatsApp-Image-2026-08-26-at-20.02.03.webp","width":854,"height":609},{"@type":"BreadcrumbList","@id":"https:\/\/noticiasemdestaque.com\/cd\/?p=81456#breadcrumb","itemListElement":[{"@type":"ListItem","position":1,"name":"In\u00edcio","item":"https:\/\/noticiasemdestaque.com\/cd\/"},{"@type":"ListItem","position":2,"name":"Toffoli suspende campanha de Renan Santos \u00e0 Presid\u00eancia da Rep\u00fablica"}]},{"@type":"WebSite","@id":"https:\/\/noticiasemdestaque.com\/cd\/#website","url":"https:\/\/noticiasemdestaque.com\/cd\/","name":"Not&iacute;cias em Destaque","description":"","publisher":{"@id":"https:\/\/noticiasemdestaque.com\/cd\/#organization"},"potentialAction":[{"@type":"SearchAction","target":{"@type":"EntryPoint","urlTemplate":"https:\/\/noticiasemdestaque.com\/cd\/?s={search_term_string}"},"query-input":{"@type":"PropertyValueSpecification","valueRequired":true,"valueName":"search_term_string"}}],"inLanguage":"pt-BR"},{"@type":"Organization","@id":"https:\/\/noticiasemdestaque.com\/cd\/#organization","name":"Not\u00edcias em Destaque","url":"https:\/\/noticiasemdestaque.com\/cd\/","logo":{"@type":"ImageObject","inLanguage":"pt-BR","@id":"https:\/\/noticiasemdestaque.com\/cd\/#\/schema\/logo\/image\/","url":"https:\/\/noticiasemdestaque.com\/cd\/wp-content\/uploads\/2022\/05\/imagem-base-noticiasemdestaque.png","contentUrl":"https:\/\/noticiasemdestaque.com\/cd\/wp-content\/uploads\/2022\/05\/imagem-base-noticiasemdestaque.png","width":1200,"height":630,"caption":"Not\u00edcias em Destaque"},"image":{"@id":"https:\/\/noticiasemdestaque.com\/cd\/#\/schema\/logo\/image\/"}},{"@type":"Person","@id":"https:\/\/noticiasemdestaque.com\/cd\/#\/schema\/person\/a978acbbda55eca5b71ccb9421897bb0","name":"Not\u00edcias em Destaque","url":"https:\/\/noticiasemdestaque.com\/cd\/?author=2"}]}},"jetpack_featured_media_url":"https:\/\/noticiasemdestaque.com\/cd\/wp-content\/uploads\/2026\/08\/WhatsApp-Image-2026-08-26-at-20.02.03.webp","jetpack_sharing_enabled":true,"_links":{"self":[{"href":"https:\/\/noticiasemdestaque.com\/cd\/index.php?rest_route=\/wp\/v2\/posts\/81456","targetHints":{"allow":["GET"]}}],"collection":[{"href":"https:\/\/noticiasemdestaque.com\/cd\/index.php?rest_route=\/wp\/v2\/posts"}],"about":[{"href":"https:\/\/noticiasemdestaque.com\/cd\/index.php?rest_route=\/wp\/v2\/types\/post"}],"author":[{"embeddable":true,"href":"https:\/\/noticiasemdestaque.com\/cd\/index.php?rest_route=\/wp\/v2\/users\/2"}],"replies":[{"embeddable":true,"href":"https:\/\/noticiasemdestaque.com\/cd\/index.php?rest_route=%2Fwp%2Fv2%2Fcomments&post=81456"}],"version-history":[{"count":1,"href":"https:\/\/noticiasemdestaque.com\/cd\/index.php?rest_route=\/wp\/v2\/posts\/81456\/revisions"}],"predecessor-version":[{"id":81459,"href":"https:\/\/noticiasemdestaque.com\/cd\/index.php?rest_route=\/wp\/v2\/posts\/81456\/revisions\/81459"}],"wp:featuredmedia":[{"embeddable":true,"href":"https:\/\/noticiasemdestaque.com\/cd\/index.php?rest_route=\/wp\/v2\/media\/81458"}],"wp:attachment":[{"href":"https:\/\/noticiasemdestaque.com\/cd\/index.php?rest_route=%2Fwp%2Fv2%2Fmedia&parent=81456"}],"wp:term":[{"taxonomy":"category","embeddable":true,"href":"https:\/\/noticiasemdestaque.com\/cd\/index.php?rest_route=%2Fwp%2Fv2%2Fcategories&post=81456"},{"taxonomy":"post_tag","embeddable":true,"href":"https:\/\/noticiasemdestaque.com\/cd\/index.php?rest_route=%2Fwp%2Fv2%2Ftags&post=81456"}],"curies":[{"name":"wp","href":"https:\/\/api.w.org\/{rel}","templated":true}]}}