{"id":81453,"date":"2026-08-31T14:08:38","date_gmt":"2026-08-31T17:08:38","guid":{"rendered":"https:\/\/noticiasemdestaque.com\/cd\/?p=81453"},"modified":"2026-08-31T14:08:38","modified_gmt":"2026-08-31T17:08:38","slug":"camara-de-sume-realiza-sessao-com-apresentacao-de-requerimentos-indicacoes-e-aprovacao-de-projetos","status":"publish","type":"post","link":"https:\/\/noticiasemdestaque.com\/cd\/?p=81453","title":{"rendered":"C\u00e2mara de Sum\u00e9 realiza sess\u00e3o com apresenta\u00e7\u00e3o de requerimentos, indica\u00e7\u00f5es e aprova\u00e7\u00e3o de projetos"},"content":{"rendered":"<p><a href=\"https:\/\/noticiasemdestaque.com\/cd\/wp-content\/uploads\/2026\/08\/WhatsApp-Image-2026-08-31-at-13.27.15.jpeg\"><img fetchpriority=\"high\" decoding=\"async\" class=\" wp-image-81454 aligncenter\" src=\"https:\/\/noticiasemdestaque.com\/cd\/wp-content\/uploads\/2026\/08\/WhatsApp-Image-2026-08-31-at-13.27.15-300x169.jpeg\" alt=\"\" width=\"1078\" height=\"607\" srcset=\"https:\/\/noticiasemdestaque.com\/cd\/wp-content\/uploads\/2026\/08\/WhatsApp-Image-2026-08-31-at-13.27.15-300x169.jpeg 300w, https:\/\/noticiasemdestaque.com\/cd\/wp-content\/uploads\/2026\/08\/WhatsApp-Image-2026-08-31-at-13.27.15-1024x576.jpeg 1024w, https:\/\/noticiasemdestaque.com\/cd\/wp-content\/uploads\/2026\/08\/WhatsApp-Image-2026-08-31-at-13.27.15-768x432.jpeg 768w, https:\/\/noticiasemdestaque.com\/cd\/wp-content\/uploads\/2026\/08\/WhatsApp-Image-2026-08-31-at-13.27.15.jpeg 1280w\" sizes=\"(max-width: 1078px) 100vw, 1078px\" \/><\/a><\/p>\n<p>A C\u00e2mara Municipal de Sum\u00e9 realizou, na noite desta ter\u00e7a-feira (25), mais uma sess\u00e3o ordin\u00e1ria do Poder Legislativo. Durante a reuni\u00e3o, os vereadores apresentaram requerimentos, indica\u00e7\u00f5es, votos de pesar e de aplauso, al\u00e9m de aprovarem projetos relacionados \u00e0 educa\u00e7\u00e3o, \u00e0 sa\u00fade e \u00e0 prote\u00e7\u00e3o animal.<\/p>\n<p>O vereador Branco Xiliu apresentou votos de pesar \u00e0s fam\u00edlias de Marta do Nascimento Santos, Carlos Andr\u00e9 do Nascimento, Jos\u00e9 Pedro dos Santos Neto e da contadora Marta Ver\u00f4nica Ara\u00fajo.<\/p>\n<p>O parlamentar tamb\u00e9m apresentou Voto de Aplauso ao gerente-geral do Banco do Brasil, Rhychard Wassilly Fernandes Formiga Figueiredo, pelo empenho e dedica\u00e7\u00e3o no atendimento \u00e0 comunidade, bem como pela contribui\u00e7\u00e3o para a implanta\u00e7\u00e3o do novo espa\u00e7o de atendimento da institui\u00e7\u00e3o no Sum\u00e9 Shopping.<\/p>\n<p>O vereador Arymat\u00e9ia Silva apresentou requerimento solicitando a constru\u00e7\u00e3o de um ponto de \u00f4nibus coberto \u00e0s margens da BR-412, no S\u00edtio Oiti, nas proximidades do Hotel Aconchego e da ch\u00e1cara de Paulo.<\/p>\n<p>Arymat\u00e9ia tamb\u00e9m encaminhou requerimento \u00e0 secret\u00e1ria municipal de Sa\u00fade, Niedja Rodrigues, solicitando provid\u00eancias urgentes para assegurar o atendimento \u00e0 popula\u00e7\u00e3o das comunidades rurais de Caititu, Catonho e Olho d\u2019\u00c1gua do Padre. A solicita\u00e7\u00e3o prev\u00ea, se poss\u00edvel, que os moradores sejam atendidos na Unidade B\u00e1sica de Sa\u00fade da Fam\u00edlia Alexandrina Barros Silva \u2013 ESF VI M\u00e3e Xandu, localizada no bairro Frei Dami\u00e3o.<\/p>\n<p>A medida busca garantir o acesso dessas comunidades aos servi\u00e7os da rede municipal de sa\u00fade de Sum\u00e9, especialmente enquanto estiver em andamento o processo judicial destinado \u00e0 corre\u00e7\u00e3o da altera\u00e7\u00e3o dos limites territoriais das localidades.<\/p>\n<p>Durante a sess\u00e3o, foi aprovado o Projeto de Resolu\u00e7\u00e3o de autoria de Arymat\u00e9ia Silva que concede o T\u00edtulo de Cidad\u00e3 Sumeense \u00e0 senhora Denise Batista de Sousa. A homenagem reconhece sua trajet\u00f3ria de vida, dedica\u00e7\u00e3o profissional e relevantes contribui\u00e7\u00f5es para a educa\u00e7\u00e3o e o desenvolvimento do munic\u00edpio.<\/p>\n<p>O vereador Dida Alves apresentou votos de pesar \u00e0s fam\u00edlias de Sonildo Bandeira, Valdete de Lima e Jos\u00e9 Carlos Bezerra, conhecido carinhosamente como Carrin Preto.<\/p>\n<p>Dida tamb\u00e9m apresentou requerimento solicitando o fornecimento de massame e areia para o Cemit\u00e9rio P\u00fablico Municipal. Os materiais dever\u00e3o ser destinados \u00e0s fam\u00edlias que estejam realizando reformas ou construindo novos t\u00famulos para seus familiares sepultados no local.<\/p>\n<p>O parlamentar apresentou ainda uma indica\u00e7\u00e3o ao prefeito Manezinho Louren\u00e7o, solicitando a realiza\u00e7\u00e3o de estudos e a ado\u00e7\u00e3o das provid\u00eancias necess\u00e1rias para a constru\u00e7\u00e3o de novos t\u00famulos e oss\u00e1rios no Cemit\u00e9rio P\u00fablico Municipal de Sum\u00e9.<\/p>\n<p>A proposta contempla uma nova \u00e1rea com aproximadamente 25 metros de extens\u00e3o, destinada \u00e0 implanta\u00e7\u00e3o de cerca de 100 t\u00famulos, cada um composto por quatro gavetas verticais, ou conforme projeto t\u00e9cnico elaborado pelo Munic\u00edpio.<\/p>\n<p>A indica\u00e7\u00e3o tamb\u00e9m prop\u00f5e a constru\u00e7\u00e3o de oss\u00e1rios p\u00fablicos para o acondicionamento adequado dos restos mortais de pessoas sepultadas em locais sem destina\u00e7\u00e3o regular, especialmente em \u00e1reas atualmente utilizadas como ruas, corredores e espa\u00e7os de circula\u00e7\u00e3o dentro do cemit\u00e9rio.<\/p>\n<p>O vereador Daniel L\u00eala apresentou requerimento solicitando que o Poder Executivo determine ao setor jur\u00eddico e \u00e0 Secretaria Municipal de Finan\u00e7as a agiliza\u00e7\u00e3o do recolhimento dos honor\u00e1rios periciais fixados pelo Tribunal de Justi\u00e7a da Para\u00edba (TJPB). Os valores s\u00e3o referentes ao processo judicial que discute os limites territoriais entre Sum\u00e9 e Serra Branca.<\/p>\n<p>Segundo o parlamentar, a medida possui grande import\u00e2ncia hist\u00f3rica, cultural e social para o munic\u00edpio, tendo como objetivo contribuir para o retorno das comunidades de Olho d\u2019\u00c1gua do Padre, Caititu e Catonho \u00e0 jurisdi\u00e7\u00e3o de Sum\u00e9.<\/p>\n<p>Tamb\u00e9m foi aprovado o Projeto de Lei de autoria de Daniel L\u00eala que determina a inclus\u00e3o de temas relacionados \u00e0 Hist\u00f3ria, Geografia, Cultura e Identidade do Munic\u00edpio de Sum\u00e9 nas provas objetivas dos concursos p\u00fablicos municipais.<\/p>\n<p>A vereadora Jane Isa apresentou indica\u00e7\u00e3o ao Poder Executivo solicitando a realiza\u00e7\u00e3o de uma reuni\u00e3o com todos os protetores de animais do munic\u00edpio. O objetivo \u00e9 discutir e viabilizar a doa\u00e7\u00e3o mensal de ra\u00e7\u00e3o para os animais que est\u00e3o sob os cuidados desses volunt\u00e1rios.<\/p>\n<p>Por fim, foram aprovados dois projetos de lei de autoria do vereador Ruan Pereira. O primeiro institui normas complementares de prote\u00e7\u00e3o aos animais dom\u00e9sticos e aos animais em situa\u00e7\u00e3o de rua no munic\u00edpio, estabelecendo multas administrativas para casos de maus-tratos, abuso, crueldade ou abandono.<\/p>\n<p>O segundo projeto estabelece normas gerais sobre controle, manejo, guarda respons\u00e1vel e controle populacional de c\u00e3es em Sum\u00e9, com o objetivo de proteger as cria\u00e7\u00f5es rurais, fortalecer a seguran\u00e7a p\u00fablica, preservar a sa\u00fade coletiva e promover o bem-estar animal.<\/p>\n<p><strong>Noticias em Destaque<\/strong><\/p>\n<p style=\"text-align: right;\"><em>Fonte: Assessoria de Comunica\u00e7\u00e3o<\/em><\/p>\n","protected":false},"excerpt":{"rendered":"<p>A C\u00e2mara Municipal de Sum\u00e9 realizou, na noite desta ter\u00e7a-feira (25), mais uma sess\u00e3o ordin\u00e1ria do Poder Legislativo. Durante a reuni\u00e3o, os vereadores apresentaram requerimentos, indica\u00e7\u00f5es, votos de pesar e de aplauso, al\u00e9m de aprovarem projetos relacionados \u00e0 educa\u00e7\u00e3o, \u00e0 sa\u00fade e \u00e0 prote\u00e7\u00e3o animal. O vereador Branco Xiliu apresentou votos de pesar \u00e0s fam\u00edlias de Marta do Nascimento Santos, Carlos Andr\u00e9 do Nascimento, Jos\u00e9 Pedro dos Santos Neto e da contadora Marta Ver\u00f4nica Ara\u00fajo. O parlamentar tamb\u00e9m apresentou Voto de Aplauso ao gerente-geral do Banco do Brasil, Rhychard Wassilly Fernandes Formiga Figueiredo, pelo empenho e dedica\u00e7\u00e3o no atendimento \u00e0 comunidade, bem como pela contribui\u00e7\u00e3o para a implanta\u00e7\u00e3o do novo espa\u00e7o de atendimento da institui\u00e7\u00e3o no Sum\u00e9 Shopping. O vereador Arymat\u00e9ia Silva apresentou requerimento solicitando a constru\u00e7\u00e3o de um ponto de \u00f4nibus coberto \u00e0s margens da BR-412, no S\u00edtio Oiti, nas proximidades do Hotel Aconchego e da ch\u00e1cara de Paulo. Arymat\u00e9ia tamb\u00e9m encaminhou requerimento \u00e0 secret\u00e1ria municipal de Sa\u00fade, Niedja Rodrigues, solicitando provid\u00eancias urgentes para assegurar o atendimento \u00e0 popula\u00e7\u00e3o das comunidades rurais de Caititu, Catonho e Olho d\u2019\u00c1gua do Padre. A solicita\u00e7\u00e3o prev\u00ea, se poss\u00edvel, que os moradores sejam atendidos na Unidade B\u00e1sica de Sa\u00fade da Fam\u00edlia Alexandrina Barros Silva \u2013 ESF VI M\u00e3e Xandu, localizada no bairro Frei Dami\u00e3o. A medida busca garantir o acesso dessas comunidades aos servi\u00e7os da rede municipal de sa\u00fade de Sum\u00e9, especialmente enquanto estiver em andamento o processo judicial destinado \u00e0 corre\u00e7\u00e3o da altera\u00e7\u00e3o dos limites territoriais das localidades. Durante a sess\u00e3o, foi aprovado o Projeto de Resolu\u00e7\u00e3o de autoria de Arymat\u00e9ia Silva que concede o T\u00edtulo de Cidad\u00e3 Sumeense \u00e0 senhora Denise Batista de Sousa. A homenagem reconhece sua trajet\u00f3ria de vida, dedica\u00e7\u00e3o profissional e relevantes contribui\u00e7\u00f5es para a educa\u00e7\u00e3o e o desenvolvimento do munic\u00edpio. O vereador Dida Alves apresentou votos de pesar \u00e0s fam\u00edlias de Sonildo Bandeira, Valdete de Lima e Jos\u00e9 Carlos Bezerra, conhecido carinhosamente como Carrin Preto. Dida tamb\u00e9m apresentou requerimento solicitando o fornecimento de massame e areia para o Cemit\u00e9rio P\u00fablico Municipal. Os materiais dever\u00e3o ser destinados \u00e0s fam\u00edlias que estejam realizando reformas ou construindo novos t\u00famulos para seus familiares sepultados no local. O parlamentar apresentou ainda uma indica\u00e7\u00e3o ao prefeito Manezinho Louren\u00e7o, solicitando a realiza\u00e7\u00e3o de estudos e a ado\u00e7\u00e3o das provid\u00eancias necess\u00e1rias para a constru\u00e7\u00e3o de novos t\u00famulos e oss\u00e1rios no Cemit\u00e9rio P\u00fablico Municipal de Sum\u00e9. A proposta contempla uma nova \u00e1rea com aproximadamente 25 metros de extens\u00e3o, destinada \u00e0 implanta\u00e7\u00e3o de cerca de 100 t\u00famulos, cada um composto por quatro gavetas verticais, ou conforme projeto t\u00e9cnico elaborado pelo Munic\u00edpio. A indica\u00e7\u00e3o tamb\u00e9m prop\u00f5e a constru\u00e7\u00e3o de oss\u00e1rios p\u00fablicos para o acondicionamento adequado dos restos mortais de pessoas sepultadas em locais sem destina\u00e7\u00e3o regular, especialmente em \u00e1reas atualmente utilizadas como ruas, corredores e espa\u00e7os de circula\u00e7\u00e3o dentro do cemit\u00e9rio. O vereador Daniel L\u00eala apresentou requerimento solicitando que o Poder Executivo determine ao setor jur\u00eddico e \u00e0 Secretaria Municipal de Finan\u00e7as a agiliza\u00e7\u00e3o do recolhimento dos honor\u00e1rios periciais fixados pelo Tribunal de Justi\u00e7a da Para\u00edba (TJPB). Os valores s\u00e3o referentes ao processo judicial que discute os limites territoriais entre Sum\u00e9 e Serra Branca. Segundo o parlamentar, a medida possui grande import\u00e2ncia hist\u00f3rica, cultural e social para o munic\u00edpio, tendo como objetivo contribuir para o retorno das comunidades de Olho d\u2019\u00c1gua do Padre, Caititu e Catonho \u00e0 jurisdi\u00e7\u00e3o de Sum\u00e9. Tamb\u00e9m foi aprovado o Projeto de Lei de autoria de Daniel L\u00eala que determina a inclus\u00e3o de temas relacionados \u00e0 Hist\u00f3ria, Geografia, Cultura e Identidade do Munic\u00edpio de Sum\u00e9 nas provas objetivas dos concursos p\u00fablicos municipais. A vereadora Jane Isa apresentou indica\u00e7\u00e3o ao Poder Executivo solicitando a realiza\u00e7\u00e3o de uma reuni\u00e3o com todos os protetores de animais do munic\u00edpio. O objetivo \u00e9 discutir e viabilizar a doa\u00e7\u00e3o mensal de ra\u00e7\u00e3o para os animais que est\u00e3o sob os cuidados desses volunt\u00e1rios. Por fim, foram aprovados dois projetos de lei de autoria do vereador Ruan Pereira. O primeiro institui normas complementares de prote\u00e7\u00e3o aos animais dom\u00e9sticos e aos animais em situa\u00e7\u00e3o de rua no munic\u00edpio, estabelecendo multas administrativas para casos de maus-tratos, abuso, crueldade ou abandono. O segundo projeto estabelece normas gerais sobre controle, manejo, guarda respons\u00e1vel e controle populacional de c\u00e3es em Sum\u00e9, com o objetivo de proteger as cria\u00e7\u00f5es rurais, fortalecer a seguran\u00e7a p\u00fablica, preservar a sa\u00fade coletiva e promover o bem-estar animal. Noticias em Destaque Fonte: Assessoria de Comunica\u00e7\u00e3o<\/p>\n","protected":false},"author":2,"featured_media":81454,"comment_status":"closed","ping_status":"closed","sticky":false,"template":"","format":"standard","meta":{"_eb_attr":"","_jetpack_memberships_contains_paid_content":false,"footnotes":""},"categories":[4],"tags":[],"class_list":["post-81453","post","type-post","status-publish","format-standard","has-post-thumbnail","hentry","category-politica"],"yoast_head":"<!-- This site is optimized with the Yoast SEO plugin v26.5 - https:\/\/yoast.com\/wordpress\/plugins\/seo\/ -->\n<title>C\u00e2mara de Sum\u00e9 realiza sess\u00e3o com apresenta\u00e7\u00e3o de requerimentos, indica\u00e7\u00f5es e aprova\u00e7\u00e3o de projetos - Not&iacute;cias em Destaque<\/title>\n<meta name=\"robots\" content=\"index, follow, max-snippet:-1, max-image-preview:large, max-video-preview:-1\" \/>\n<link rel=\"canonical\" href=\"https:\/\/noticiasemdestaque.com\/cd\/?p=81453\" \/>\n<meta property=\"og:locale\" content=\"pt_BR\" \/>\n<meta property=\"og:type\" content=\"article\" \/>\n<meta property=\"og:title\" content=\"C\u00e2mara de Sum\u00e9 realiza sess\u00e3o com apresenta\u00e7\u00e3o de requerimentos, indica\u00e7\u00f5es e aprova\u00e7\u00e3o de projetos - Not&iacute;cias em Destaque\" \/>\n<meta property=\"og:description\" content=\"A C\u00e2mara Municipal de Sum\u00e9 realizou, na noite desta ter\u00e7a-feira (25), mais uma sess\u00e3o ordin\u00e1ria do Poder Legislativo. Durante a reuni\u00e3o, os vereadores apresentaram requerimentos, indica\u00e7\u00f5es, votos de pesar e de aplauso, al\u00e9m de aprovarem projetos relacionados \u00e0 educa\u00e7\u00e3o, \u00e0 sa\u00fade e \u00e0 prote\u00e7\u00e3o animal. O vereador Branco Xiliu apresentou votos de pesar \u00e0s fam\u00edlias de Marta do Nascimento Santos, Carlos Andr\u00e9 do Nascimento, Jos\u00e9 Pedro dos Santos Neto e da contadora Marta Ver\u00f4nica Ara\u00fajo. O parlamentar tamb\u00e9m apresentou Voto de Aplauso ao gerente-geral do Banco do Brasil, Rhychard Wassilly Fernandes Formiga Figueiredo, pelo empenho e dedica\u00e7\u00e3o no atendimento \u00e0 comunidade, bem como pela contribui\u00e7\u00e3o para a implanta\u00e7\u00e3o do novo espa\u00e7o de atendimento da institui\u00e7\u00e3o no Sum\u00e9 Shopping. O vereador Arymat\u00e9ia Silva apresentou requerimento solicitando a constru\u00e7\u00e3o de um ponto de \u00f4nibus coberto \u00e0s margens da BR-412, no S\u00edtio Oiti, nas proximidades do Hotel Aconchego e da ch\u00e1cara de Paulo. Arymat\u00e9ia tamb\u00e9m encaminhou requerimento \u00e0 secret\u00e1ria municipal de Sa\u00fade, Niedja Rodrigues, solicitando provid\u00eancias urgentes para assegurar o atendimento \u00e0 popula\u00e7\u00e3o das comunidades rurais de Caititu, Catonho e Olho d\u2019\u00c1gua do Padre. A solicita\u00e7\u00e3o prev\u00ea, se poss\u00edvel, que os moradores sejam atendidos na Unidade B\u00e1sica de Sa\u00fade da Fam\u00edlia Alexandrina Barros Silva \u2013 ESF VI M\u00e3e Xandu, localizada no bairro Frei Dami\u00e3o. A medida busca garantir o acesso dessas comunidades aos servi\u00e7os da rede municipal de sa\u00fade de Sum\u00e9, especialmente enquanto estiver em andamento o processo judicial destinado \u00e0 corre\u00e7\u00e3o da altera\u00e7\u00e3o dos limites territoriais das localidades. Durante a sess\u00e3o, foi aprovado o Projeto de Resolu\u00e7\u00e3o de autoria de Arymat\u00e9ia Silva que concede o T\u00edtulo de Cidad\u00e3 Sumeense \u00e0 senhora Denise Batista de Sousa. A homenagem reconhece sua trajet\u00f3ria de vida, dedica\u00e7\u00e3o profissional e relevantes contribui\u00e7\u00f5es para a educa\u00e7\u00e3o e o desenvolvimento do munic\u00edpio. O vereador Dida Alves apresentou votos de pesar \u00e0s fam\u00edlias de Sonildo Bandeira, Valdete de Lima e Jos\u00e9 Carlos Bezerra, conhecido carinhosamente como Carrin Preto. Dida tamb\u00e9m apresentou requerimento solicitando o fornecimento de massame e areia para o Cemit\u00e9rio P\u00fablico Municipal. Os materiais dever\u00e3o ser destinados \u00e0s fam\u00edlias que estejam realizando reformas ou construindo novos t\u00famulos para seus familiares sepultados no local. O parlamentar apresentou ainda uma indica\u00e7\u00e3o ao prefeito Manezinho Louren\u00e7o, solicitando a realiza\u00e7\u00e3o de estudos e a ado\u00e7\u00e3o das provid\u00eancias necess\u00e1rias para a constru\u00e7\u00e3o de novos t\u00famulos e oss\u00e1rios no Cemit\u00e9rio P\u00fablico Municipal de Sum\u00e9. A proposta contempla uma nova \u00e1rea com aproximadamente 25 metros de extens\u00e3o, destinada \u00e0 implanta\u00e7\u00e3o de cerca de 100 t\u00famulos, cada um composto por quatro gavetas verticais, ou conforme projeto t\u00e9cnico elaborado pelo Munic\u00edpio. A indica\u00e7\u00e3o tamb\u00e9m prop\u00f5e a constru\u00e7\u00e3o de oss\u00e1rios p\u00fablicos para o acondicionamento adequado dos restos mortais de pessoas sepultadas em locais sem destina\u00e7\u00e3o regular, especialmente em \u00e1reas atualmente utilizadas como ruas, corredores e espa\u00e7os de circula\u00e7\u00e3o dentro do cemit\u00e9rio. O vereador Daniel L\u00eala apresentou requerimento solicitando que o Poder Executivo determine ao setor jur\u00eddico e \u00e0 Secretaria Municipal de Finan\u00e7as a agiliza\u00e7\u00e3o do recolhimento dos honor\u00e1rios periciais fixados pelo Tribunal de Justi\u00e7a da Para\u00edba (TJPB). Os valores s\u00e3o referentes ao processo judicial que discute os limites territoriais entre Sum\u00e9 e Serra Branca. Segundo o parlamentar, a medida possui grande import\u00e2ncia hist\u00f3rica, cultural e social para o munic\u00edpio, tendo como objetivo contribuir para o retorno das comunidades de Olho d\u2019\u00c1gua do Padre, Caititu e Catonho \u00e0 jurisdi\u00e7\u00e3o de Sum\u00e9. Tamb\u00e9m foi aprovado o Projeto de Lei de autoria de Daniel L\u00eala que determina a inclus\u00e3o de temas relacionados \u00e0 Hist\u00f3ria, Geografia, Cultura e Identidade do Munic\u00edpio de Sum\u00e9 nas provas objetivas dos concursos p\u00fablicos municipais. A vereadora Jane Isa apresentou indica\u00e7\u00e3o ao Poder Executivo solicitando a realiza\u00e7\u00e3o de uma reuni\u00e3o com todos os protetores de animais do munic\u00edpio. O objetivo \u00e9 discutir e viabilizar a doa\u00e7\u00e3o mensal de ra\u00e7\u00e3o para os animais que est\u00e3o sob os cuidados desses volunt\u00e1rios. Por fim, foram aprovados dois projetos de lei de autoria do vereador Ruan Pereira. O primeiro institui normas complementares de prote\u00e7\u00e3o aos animais dom\u00e9sticos e aos animais em situa\u00e7\u00e3o de rua no munic\u00edpio, estabelecendo multas administrativas para casos de maus-tratos, abuso, crueldade ou abandono. O segundo projeto estabelece normas gerais sobre controle, manejo, guarda respons\u00e1vel e controle populacional de c\u00e3es em Sum\u00e9, com o objetivo de proteger as cria\u00e7\u00f5es rurais, fortalecer a seguran\u00e7a p\u00fablica, preservar a sa\u00fade coletiva e promover o bem-estar animal. Noticias em Destaque Fonte: Assessoria de Comunica\u00e7\u00e3o\" \/>\n<meta property=\"og:url\" content=\"https:\/\/noticiasemdestaque.com\/cd\/?p=81453\" \/>\n<meta property=\"og:site_name\" content=\"Not&iacute;cias em Destaque\" \/>\n<meta property=\"article:published_time\" content=\"2026-08-31T17:08:38+00:00\" \/>\n<meta property=\"og:image\" content=\"https:\/\/noticiasemdestaque.com\/cd\/wp-content\/uploads\/2026\/08\/WhatsApp-Image-2026-08-31-at-13.27.15.jpeg\" \/>\n\t<meta property=\"og:image:width\" content=\"1280\" \/>\n\t<meta property=\"og:image:height\" content=\"720\" \/>\n\t<meta property=\"og:image:type\" content=\"image\/jpeg\" \/>\n<meta name=\"author\" content=\"Not\u00edcias em Destaque\" \/>\n<meta name=\"twitter:card\" content=\"summary_large_image\" \/>\n<meta name=\"twitter:label1\" content=\"Escrito por\" \/>\n\t<meta name=\"twitter:data1\" content=\"Not\u00edcias em Destaque\" \/>\n\t<meta name=\"twitter:label2\" content=\"Est. tempo de leitura\" \/>\n\t<meta name=\"twitter:data2\" content=\"5 minutos\" \/>\n<script type=\"application\/ld+json\" class=\"yoast-schema-graph\">{\"@context\":\"https:\/\/schema.org\",\"@graph\":[{\"@type\":\"Article\",\"@id\":\"https:\/\/noticiasemdestaque.com\/cd\/?p=81453#article\",\"isPartOf\":{\"@id\":\"https:\/\/noticiasemdestaque.com\/cd\/?p=81453\"},\"author\":{\"name\":\"Not\u00edcias em Destaque\",\"@id\":\"https:\/\/noticiasemdestaque.com\/cd\/#\/schema\/person\/a978acbbda55eca5b71ccb9421897bb0\"},\"headline\":\"C\u00e2mara de Sum\u00e9 realiza sess\u00e3o com apresenta\u00e7\u00e3o de requerimentos, indica\u00e7\u00f5es e aprova\u00e7\u00e3o de projetos\",\"datePublished\":\"2026-08-31T17:08:38+00:00\",\"mainEntityOfPage\":{\"@id\":\"https:\/\/noticiasemdestaque.com\/cd\/?p=81453\"},\"wordCount\":845,\"publisher\":{\"@id\":\"https:\/\/noticiasemdestaque.com\/cd\/#organization\"},\"image\":{\"@id\":\"https:\/\/noticiasemdestaque.com\/cd\/?p=81453#primaryimage\"},\"thumbnailUrl\":\"https:\/\/noticiasemdestaque.com\/cd\/wp-content\/uploads\/2026\/08\/WhatsApp-Image-2026-08-31-at-13.27.15.jpeg\",\"articleSection\":[\"Pol\u00edtica\"],\"inLanguage\":\"pt-BR\"},{\"@type\":\"WebPage\",\"@id\":\"https:\/\/noticiasemdestaque.com\/cd\/?p=81453\",\"url\":\"https:\/\/noticiasemdestaque.com\/cd\/?p=81453\",\"name\":\"C\u00e2mara de Sum\u00e9 realiza sess\u00e3o com apresenta\u00e7\u00e3o de requerimentos, indica\u00e7\u00f5es e aprova\u00e7\u00e3o de projetos - Not&iacute;cias em Destaque\",\"isPartOf\":{\"@id\":\"https:\/\/noticiasemdestaque.com\/cd\/#website\"},\"primaryImageOfPage\":{\"@id\":\"https:\/\/noticiasemdestaque.com\/cd\/?p=81453#primaryimage\"},\"image\":{\"@id\":\"https:\/\/noticiasemdestaque.com\/cd\/?p=81453#primaryimage\"},\"thumbnailUrl\":\"https:\/\/noticiasemdestaque.com\/cd\/wp-content\/uploads\/2026\/08\/WhatsApp-Image-2026-08-31-at-13.27.15.jpeg\",\"datePublished\":\"2026-08-31T17:08:38+00:00\",\"breadcrumb\":{\"@id\":\"https:\/\/noticiasemdestaque.com\/cd\/?p=81453#breadcrumb\"},\"inLanguage\":\"pt-BR\",\"potentialAction\":[{\"@type\":\"ReadAction\",\"target\":[\"https:\/\/noticiasemdestaque.com\/cd\/?p=81453\"]}]},{\"@type\":\"ImageObject\",\"inLanguage\":\"pt-BR\",\"@id\":\"https:\/\/noticiasemdestaque.com\/cd\/?p=81453#primaryimage\",\"url\":\"https:\/\/noticiasemdestaque.com\/cd\/wp-content\/uploads\/2026\/08\/WhatsApp-Image-2026-08-31-at-13.27.15.jpeg\",\"contentUrl\":\"https:\/\/noticiasemdestaque.com\/cd\/wp-content\/uploads\/2026\/08\/WhatsApp-Image-2026-08-31-at-13.27.15.jpeg\",\"width\":1280,\"height\":720},{\"@type\":\"BreadcrumbList\",\"@id\":\"https:\/\/noticiasemdestaque.com\/cd\/?p=81453#breadcrumb\",\"itemListElement\":[{\"@type\":\"ListItem\",\"position\":1,\"name\":\"In\u00edcio\",\"item\":\"https:\/\/noticiasemdestaque.com\/cd\/\"},{\"@type\":\"ListItem\",\"position\":2,\"name\":\"C\u00e2mara de Sum\u00e9 realiza sess\u00e3o com apresenta\u00e7\u00e3o de requerimentos, indica\u00e7\u00f5es e aprova\u00e7\u00e3o de projetos\"}]},{\"@type\":\"WebSite\",\"@id\":\"https:\/\/noticiasemdestaque.com\/cd\/#website\",\"url\":\"https:\/\/noticiasemdestaque.com\/cd\/\",\"name\":\"Not&iacute;cias em Destaque\",\"description\":\"\",\"publisher\":{\"@id\":\"https:\/\/noticiasemdestaque.com\/cd\/#organization\"},\"potentialAction\":[{\"@type\":\"SearchAction\",\"target\":{\"@type\":\"EntryPoint\",\"urlTemplate\":\"https:\/\/noticiasemdestaque.com\/cd\/?s={search_term_string}\"},\"query-input\":{\"@type\":\"PropertyValueSpecification\",\"valueRequired\":true,\"valueName\":\"search_term_string\"}}],\"inLanguage\":\"pt-BR\"},{\"@type\":\"Organization\",\"@id\":\"https:\/\/noticiasemdestaque.com\/cd\/#organization\",\"name\":\"Not\u00edcias em Destaque\",\"url\":\"https:\/\/noticiasemdestaque.com\/cd\/\",\"logo\":{\"@type\":\"ImageObject\",\"inLanguage\":\"pt-BR\",\"@id\":\"https:\/\/noticiasemdestaque.com\/cd\/#\/schema\/logo\/image\/\",\"url\":\"https:\/\/noticiasemdestaque.com\/cd\/wp-content\/uploads\/2022\/05\/imagem-base-noticiasemdestaque.png\",\"contentUrl\":\"https:\/\/noticiasemdestaque.com\/cd\/wp-content\/uploads\/2022\/05\/imagem-base-noticiasemdestaque.png\",\"width\":1200,\"height\":630,\"caption\":\"Not\u00edcias em Destaque\"},\"image\":{\"@id\":\"https:\/\/noticiasemdestaque.com\/cd\/#\/schema\/logo\/image\/\"}},{\"@type\":\"Person\",\"@id\":\"https:\/\/noticiasemdestaque.com\/cd\/#\/schema\/person\/a978acbbda55eca5b71ccb9421897bb0\",\"name\":\"Not\u00edcias em Destaque\",\"url\":\"https:\/\/noticiasemdestaque.com\/cd\/?author=2\"}]}<\/script>\n<!-- \/ Yoast SEO plugin. -->","yoast_head_json":{"title":"C\u00e2mara de Sum\u00e9 realiza sess\u00e3o com apresenta\u00e7\u00e3o de requerimentos, indica\u00e7\u00f5es e aprova\u00e7\u00e3o de projetos - Not&iacute;cias em Destaque","robots":{"index":"index","follow":"follow","max-snippet":"max-snippet:-1","max-image-preview":"max-image-preview:large","max-video-preview":"max-video-preview:-1"},"canonical":"https:\/\/noticiasemdestaque.com\/cd\/?p=81453","og_locale":"pt_BR","og_type":"article","og_title":"C\u00e2mara de Sum\u00e9 realiza sess\u00e3o com apresenta\u00e7\u00e3o de requerimentos, indica\u00e7\u00f5es e aprova\u00e7\u00e3o de projetos - Not&iacute;cias em Destaque","og_description":"A C\u00e2mara Municipal de Sum\u00e9 realizou, na noite desta ter\u00e7a-feira (25), mais uma sess\u00e3o ordin\u00e1ria do Poder Legislativo. Durante a reuni\u00e3o, os vereadores apresentaram requerimentos, indica\u00e7\u00f5es, votos de pesar e de aplauso, al\u00e9m de aprovarem projetos relacionados \u00e0 educa\u00e7\u00e3o, \u00e0 sa\u00fade e \u00e0 prote\u00e7\u00e3o animal. O vereador Branco Xiliu apresentou votos de pesar \u00e0s fam\u00edlias de Marta do Nascimento Santos, Carlos Andr\u00e9 do Nascimento, Jos\u00e9 Pedro dos Santos Neto e da contadora Marta Ver\u00f4nica Ara\u00fajo. O parlamentar tamb\u00e9m apresentou Voto de Aplauso ao gerente-geral do Banco do Brasil, Rhychard Wassilly Fernandes Formiga Figueiredo, pelo empenho e dedica\u00e7\u00e3o no atendimento \u00e0 comunidade, bem como pela contribui\u00e7\u00e3o para a implanta\u00e7\u00e3o do novo espa\u00e7o de atendimento da institui\u00e7\u00e3o no Sum\u00e9 Shopping. O vereador Arymat\u00e9ia Silva apresentou requerimento solicitando a constru\u00e7\u00e3o de um ponto de \u00f4nibus coberto \u00e0s margens da BR-412, no S\u00edtio Oiti, nas proximidades do Hotel Aconchego e da ch\u00e1cara de Paulo. Arymat\u00e9ia tamb\u00e9m encaminhou requerimento \u00e0 secret\u00e1ria municipal de Sa\u00fade, Niedja Rodrigues, solicitando provid\u00eancias urgentes para assegurar o atendimento \u00e0 popula\u00e7\u00e3o das comunidades rurais de Caititu, Catonho e Olho d\u2019\u00c1gua do Padre. A solicita\u00e7\u00e3o prev\u00ea, se poss\u00edvel, que os moradores sejam atendidos na Unidade B\u00e1sica de Sa\u00fade da Fam\u00edlia Alexandrina Barros Silva \u2013 ESF VI M\u00e3e Xandu, localizada no bairro Frei Dami\u00e3o. A medida busca garantir o acesso dessas comunidades aos servi\u00e7os da rede municipal de sa\u00fade de Sum\u00e9, especialmente enquanto estiver em andamento o processo judicial destinado \u00e0 corre\u00e7\u00e3o da altera\u00e7\u00e3o dos limites territoriais das localidades. Durante a sess\u00e3o, foi aprovado o Projeto de Resolu\u00e7\u00e3o de autoria de Arymat\u00e9ia Silva que concede o T\u00edtulo de Cidad\u00e3 Sumeense \u00e0 senhora Denise Batista de Sousa. A homenagem reconhece sua trajet\u00f3ria de vida, dedica\u00e7\u00e3o profissional e relevantes contribui\u00e7\u00f5es para a educa\u00e7\u00e3o e o desenvolvimento do munic\u00edpio. O vereador Dida Alves apresentou votos de pesar \u00e0s fam\u00edlias de Sonildo Bandeira, Valdete de Lima e Jos\u00e9 Carlos Bezerra, conhecido carinhosamente como Carrin Preto. Dida tamb\u00e9m apresentou requerimento solicitando o fornecimento de massame e areia para o Cemit\u00e9rio P\u00fablico Municipal. Os materiais dever\u00e3o ser destinados \u00e0s fam\u00edlias que estejam realizando reformas ou construindo novos t\u00famulos para seus familiares sepultados no local. O parlamentar apresentou ainda uma indica\u00e7\u00e3o ao prefeito Manezinho Louren\u00e7o, solicitando a realiza\u00e7\u00e3o de estudos e a ado\u00e7\u00e3o das provid\u00eancias necess\u00e1rias para a constru\u00e7\u00e3o de novos t\u00famulos e oss\u00e1rios no Cemit\u00e9rio P\u00fablico Municipal de Sum\u00e9. A proposta contempla uma nova \u00e1rea com aproximadamente 25 metros de extens\u00e3o, destinada \u00e0 implanta\u00e7\u00e3o de cerca de 100 t\u00famulos, cada um composto por quatro gavetas verticais, ou conforme projeto t\u00e9cnico elaborado pelo Munic\u00edpio. A indica\u00e7\u00e3o tamb\u00e9m prop\u00f5e a constru\u00e7\u00e3o de oss\u00e1rios p\u00fablicos para o acondicionamento adequado dos restos mortais de pessoas sepultadas em locais sem destina\u00e7\u00e3o regular, especialmente em \u00e1reas atualmente utilizadas como ruas, corredores e espa\u00e7os de circula\u00e7\u00e3o dentro do cemit\u00e9rio. O vereador Daniel L\u00eala apresentou requerimento solicitando que o Poder Executivo determine ao setor jur\u00eddico e \u00e0 Secretaria Municipal de Finan\u00e7as a agiliza\u00e7\u00e3o do recolhimento dos honor\u00e1rios periciais fixados pelo Tribunal de Justi\u00e7a da Para\u00edba (TJPB). Os valores s\u00e3o referentes ao processo judicial que discute os limites territoriais entre Sum\u00e9 e Serra Branca. Segundo o parlamentar, a medida possui grande import\u00e2ncia hist\u00f3rica, cultural e social para o munic\u00edpio, tendo como objetivo contribuir para o retorno das comunidades de Olho d\u2019\u00c1gua do Padre, Caititu e Catonho \u00e0 jurisdi\u00e7\u00e3o de Sum\u00e9. Tamb\u00e9m foi aprovado o Projeto de Lei de autoria de Daniel L\u00eala que determina a inclus\u00e3o de temas relacionados \u00e0 Hist\u00f3ria, Geografia, Cultura e Identidade do Munic\u00edpio de Sum\u00e9 nas provas objetivas dos concursos p\u00fablicos municipais. A vereadora Jane Isa apresentou indica\u00e7\u00e3o ao Poder Executivo solicitando a realiza\u00e7\u00e3o de uma reuni\u00e3o com todos os protetores de animais do munic\u00edpio. O objetivo \u00e9 discutir e viabilizar a doa\u00e7\u00e3o mensal de ra\u00e7\u00e3o para os animais que est\u00e3o sob os cuidados desses volunt\u00e1rios. Por fim, foram aprovados dois projetos de lei de autoria do vereador Ruan Pereira. O primeiro institui normas complementares de prote\u00e7\u00e3o aos animais dom\u00e9sticos e aos animais em situa\u00e7\u00e3o de rua no munic\u00edpio, estabelecendo multas administrativas para casos de maus-tratos, abuso, crueldade ou abandono. O segundo projeto estabelece normas gerais sobre controle, manejo, guarda respons\u00e1vel e controle populacional de c\u00e3es em Sum\u00e9, com o objetivo de proteger as cria\u00e7\u00f5es rurais, fortalecer a seguran\u00e7a p\u00fablica, preservar a sa\u00fade coletiva e promover o bem-estar animal. Noticias em Destaque Fonte: Assessoria de Comunica\u00e7\u00e3o","og_url":"https:\/\/noticiasemdestaque.com\/cd\/?p=81453","og_site_name":"Not&iacute;cias em Destaque","article_published_time":"2026-08-31T17:08:38+00:00","og_image":[{"width":1280,"height":720,"url":"https:\/\/noticiasemdestaque.com\/cd\/wp-content\/uploads\/2026\/08\/WhatsApp-Image-2026-08-31-at-13.27.15.jpeg","type":"image\/jpeg"}],"author":"Not\u00edcias em Destaque","twitter_card":"summary_large_image","twitter_misc":{"Escrito por":"Not\u00edcias em Destaque","Est. tempo de leitura":"5 minutos"},"schema":{"@context":"https:\/\/schema.org","@graph":[{"@type":"Article","@id":"https:\/\/noticiasemdestaque.com\/cd\/?p=81453#article","isPartOf":{"@id":"https:\/\/noticiasemdestaque.com\/cd\/?p=81453"},"author":{"name":"Not\u00edcias em Destaque","@id":"https:\/\/noticiasemdestaque.com\/cd\/#\/schema\/person\/a978acbbda55eca5b71ccb9421897bb0"},"headline":"C\u00e2mara de Sum\u00e9 realiza sess\u00e3o com apresenta\u00e7\u00e3o de requerimentos, indica\u00e7\u00f5es e aprova\u00e7\u00e3o de projetos","datePublished":"2026-08-31T17:08:38+00:00","mainEntityOfPage":{"@id":"https:\/\/noticiasemdestaque.com\/cd\/?p=81453"},"wordCount":845,"publisher":{"@id":"https:\/\/noticiasemdestaque.com\/cd\/#organization"},"image":{"@id":"https:\/\/noticiasemdestaque.com\/cd\/?p=81453#primaryimage"},"thumbnailUrl":"https:\/\/noticiasemdestaque.com\/cd\/wp-content\/uploads\/2026\/08\/WhatsApp-Image-2026-08-31-at-13.27.15.jpeg","articleSection":["Pol\u00edtica"],"inLanguage":"pt-BR"},{"@type":"WebPage","@id":"https:\/\/noticiasemdestaque.com\/cd\/?p=81453","url":"https:\/\/noticiasemdestaque.com\/cd\/?p=81453","name":"C\u00e2mara de Sum\u00e9 realiza sess\u00e3o com apresenta\u00e7\u00e3o de requerimentos, indica\u00e7\u00f5es e aprova\u00e7\u00e3o de projetos - Not&iacute;cias em Destaque","isPartOf":{"@id":"https:\/\/noticiasemdestaque.com\/cd\/#website"},"primaryImageOfPage":{"@id":"https:\/\/noticiasemdestaque.com\/cd\/?p=81453#primaryimage"},"image":{"@id":"https:\/\/noticiasemdestaque.com\/cd\/?p=81453#primaryimage"},"thumbnailUrl":"https:\/\/noticiasemdestaque.com\/cd\/wp-content\/uploads\/2026\/08\/WhatsApp-Image-2026-08-31-at-13.27.15.jpeg","datePublished":"2026-08-31T17:08:38+00:00","breadcrumb":{"@id":"https:\/\/noticiasemdestaque.com\/cd\/?p=81453#breadcrumb"},"inLanguage":"pt-BR","potentialAction":[{"@type":"ReadAction","target":["https:\/\/noticiasemdestaque.com\/cd\/?p=81453"]}]},{"@type":"ImageObject","inLanguage":"pt-BR","@id":"https:\/\/noticiasemdestaque.com\/cd\/?p=81453#primaryimage","url":"https:\/\/noticiasemdestaque.com\/cd\/wp-content\/uploads\/2026\/08\/WhatsApp-Image-2026-08-31-at-13.27.15.jpeg","contentUrl":"https:\/\/noticiasemdestaque.com\/cd\/wp-content\/uploads\/2026\/08\/WhatsApp-Image-2026-08-31-at-13.27.15.jpeg","width":1280,"height":720},{"@type":"BreadcrumbList","@id":"https:\/\/noticiasemdestaque.com\/cd\/?p=81453#breadcrumb","itemListElement":[{"@type":"ListItem","position":1,"name":"In\u00edcio","item":"https:\/\/noticiasemdestaque.com\/cd\/"},{"@type":"ListItem","position":2,"name":"C\u00e2mara de Sum\u00e9 realiza sess\u00e3o com apresenta\u00e7\u00e3o de requerimentos, indica\u00e7\u00f5es e aprova\u00e7\u00e3o de projetos"}]},{"@type":"WebSite","@id":"https:\/\/noticiasemdestaque.com\/cd\/#website","url":"https:\/\/noticiasemdestaque.com\/cd\/","name":"Not&iacute;cias em Destaque","description":"","publisher":{"@id":"https:\/\/noticiasemdestaque.com\/cd\/#organization"},"potentialAction":[{"@type":"SearchAction","target":{"@type":"EntryPoint","urlTemplate":"https:\/\/noticiasemdestaque.com\/cd\/?s={search_term_string}"},"query-input":{"@type":"PropertyValueSpecification","valueRequired":true,"valueName":"search_term_string"}}],"inLanguage":"pt-BR"},{"@type":"Organization","@id":"https:\/\/noticiasemdestaque.com\/cd\/#organization","name":"Not\u00edcias em Destaque","url":"https:\/\/noticiasemdestaque.com\/cd\/","logo":{"@type":"ImageObject","inLanguage":"pt-BR","@id":"https:\/\/noticiasemdestaque.com\/cd\/#\/schema\/logo\/image\/","url":"https:\/\/noticiasemdestaque.com\/cd\/wp-content\/uploads\/2022\/05\/imagem-base-noticiasemdestaque.png","contentUrl":"https:\/\/noticiasemdestaque.com\/cd\/wp-content\/uploads\/2022\/05\/imagem-base-noticiasemdestaque.png","width":1200,"height":630,"caption":"Not\u00edcias em Destaque"},"image":{"@id":"https:\/\/noticiasemdestaque.com\/cd\/#\/schema\/logo\/image\/"}},{"@type":"Person","@id":"https:\/\/noticiasemdestaque.com\/cd\/#\/schema\/person\/a978acbbda55eca5b71ccb9421897bb0","name":"Not\u00edcias em Destaque","url":"https:\/\/noticiasemdestaque.com\/cd\/?author=2"}]}},"jetpack_featured_media_url":"https:\/\/noticiasemdestaque.com\/cd\/wp-content\/uploads\/2026\/08\/WhatsApp-Image-2026-08-31-at-13.27.15.jpeg","jetpack_sharing_enabled":true,"_links":{"self":[{"href":"https:\/\/noticiasemdestaque.com\/cd\/index.php?rest_route=\/wp\/v2\/posts\/81453","targetHints":{"allow":["GET"]}}],"collection":[{"href":"https:\/\/noticiasemdestaque.com\/cd\/index.php?rest_route=\/wp\/v2\/posts"}],"about":[{"href":"https:\/\/noticiasemdestaque.com\/cd\/index.php?rest_route=\/wp\/v2\/types\/post"}],"author":[{"embeddable":true,"href":"https:\/\/noticiasemdestaque.com\/cd\/index.php?rest_route=\/wp\/v2\/users\/2"}],"replies":[{"embeddable":true,"href":"https:\/\/noticiasemdestaque.com\/cd\/index.php?rest_route=%2Fwp%2Fv2%2Fcomments&post=81453"}],"version-history":[{"count":1,"href":"https:\/\/noticiasemdestaque.com\/cd\/index.php?rest_route=\/wp\/v2\/posts\/81453\/revisions"}],"predecessor-version":[{"id":81455,"href":"https:\/\/noticiasemdestaque.com\/cd\/index.php?rest_route=\/wp\/v2\/posts\/81453\/revisions\/81455"}],"wp:featuredmedia":[{"embeddable":true,"href":"https:\/\/noticiasemdestaque.com\/cd\/index.php?rest_route=\/wp\/v2\/media\/81454"}],"wp:attachment":[{"href":"https:\/\/noticiasemdestaque.com\/cd\/index.php?rest_route=%2Fwp%2Fv2%2Fmedia&parent=81453"}],"wp:term":[{"taxonomy":"category","embeddable":true,"href":"https:\/\/noticiasemdestaque.com\/cd\/index.php?rest_route=%2Fwp%2Fv2%2Fcategories&post=81453"},{"taxonomy":"post_tag","embeddable":true,"href":"https:\/\/noticiasemdestaque.com\/cd\/index.php?rest_route=%2Fwp%2Fv2%2Ftags&post=81453"}],"curies":[{"name":"wp","href":"https:\/\/api.w.org\/{rel}","templated":true}]}}