{"id":81445,"date":"2026-08-31T12:56:00","date_gmt":"2026-08-31T15:56:00","guid":{"rendered":"https:\/\/noticiasemdestaque.com\/cd\/?p=81445"},"modified":"2026-08-31T20:04:13","modified_gmt":"2026-08-31T23:04:13","slug":"congo-promove-primeiro-festival-de-repentistas-congo-cidade-amada-no-dia-4-de-setembro","status":"publish","type":"post","link":"https:\/\/noticiasemdestaque.com\/cd\/?p=81445","title":{"rendered":"Congo realiza Festival de Repentistas na pr\u00f3xima sexta-feira (04)"},"content":{"rendered":"<p><a href=\"https:\/\/noticiasemdestaque.com\/cd\/wp-content\/uploads\/2026\/08\/WhatsApp-Image-2026-08-31-at-12.40.31.jpeg\"><img fetchpriority=\"high\" decoding=\"async\" class=\"wp-image-81446 aligncenter\" src=\"https:\/\/noticiasemdestaque.com\/cd\/wp-content\/uploads\/2026\/08\/WhatsApp-Image-2026-08-31-at-12.40.31-218x300.jpeg\" alt=\"\" width=\"370\" height=\"509\" srcset=\"https:\/\/noticiasemdestaque.com\/cd\/wp-content\/uploads\/2026\/08\/WhatsApp-Image-2026-08-31-at-12.40.31-218x300.jpeg 218w, https:\/\/noticiasemdestaque.com\/cd\/wp-content\/uploads\/2026\/08\/WhatsApp-Image-2026-08-31-at-12.40.31-768x1059.jpeg 768w, https:\/\/noticiasemdestaque.com\/cd\/wp-content\/uploads\/2026\/08\/WhatsApp-Image-2026-08-31-at-12.40.31-1114x1536.jpeg 1114w, https:\/\/noticiasemdestaque.com\/cd\/wp-content\/uploads\/2026\/08\/WhatsApp-Image-2026-08-31-at-12.40.31.jpeg 1160w\" sizes=\"(max-width: 370px) 100vw, 370px\" \/><\/a><\/p>\n<p class=\"PDq2pG_selectionAnchorContainer\" data-start=\"105\" data-end=\"510\">A cultura popular e a tradi\u00e7\u00e3o nordestina ganhar\u00e3o um espa\u00e7o especial no munic\u00edpio de Congo, no Cariri paraibano, com a realiza\u00e7\u00e3o do Festival de Repentistas \u201cCongo, Cidade Amada\u201d. O evento acontecer\u00e1 no dia 4 de setembro de 2026, a partir das 20h, no Mercado P\u00fablico, e promete reunir grandes nomes do repente em uma noite dedicada \u00e0 m\u00fasica, \u00e0 poesia e \u00e0s ra\u00edzes culturais do Nordeste.<\/p>\n<p data-start=\"512\" data-end=\"888\">A programa\u00e7\u00e3o contar\u00e1 com a participa\u00e7\u00e3o dos repentistas Evaldo Severino, Evaldo Filho, Severino Feitosa, Valdir Soares, Carlinhos da Prata, Z\u00e9 Viola, Severino de Souza, Paulo Pereira, Genaldo Pereira e Ivanildo Vila Nova. O festival tamb\u00e9m ter\u00e1 a participa\u00e7\u00e3o especial dos declamadores Poeta Ronaldo Vital e Mauric\u00e9lio Silva, com apresenta\u00e7\u00e3o de Iponax Vila Nova.<\/p>\n<p data-start=\"890\" data-end=\"1293\">Realizado pela Prefeitura Municipal do Congo, por meio da Secretaria Municipal de Cultura e Turismo, o festival nasce com a proposta de fortalecer e valorizar uma das manifesta\u00e7\u00f5es mais aut\u00eanticas da cultura nordestina. O encontro promete proporcionar ao p\u00fablico uma noite de poesia, improviso, m\u00fasica e tradi\u00e7\u00e3o, reunindo artistas de destaque e celebrando a identidade cultural do Cariri paraibano.<\/p>\n<p data-start=\"890\" data-end=\"1293\"><strong>Noticias em Destaque<\/strong><\/p>\n","protected":false},"excerpt":{"rendered":"<p>A cultura popular e a tradi\u00e7\u00e3o nordestina ganhar\u00e3o um espa\u00e7o especial no munic\u00edpio de Congo, no Cariri paraibano, com a realiza\u00e7\u00e3o do Festival de Repentistas \u201cCongo, Cidade Amada\u201d. O evento acontecer\u00e1 no dia 4 de setembro de 2026, a partir das 20h, no Mercado P\u00fablico, e promete reunir grandes nomes do repente em uma noite dedicada \u00e0 m\u00fasica, \u00e0 poesia e \u00e0s ra\u00edzes culturais do Nordeste. A programa\u00e7\u00e3o contar\u00e1 com a participa\u00e7\u00e3o dos repentistas Evaldo Severino, Evaldo Filho, Severino Feitosa, Valdir Soares, Carlinhos da Prata, Z\u00e9 Viola, Severino de Souza, Paulo Pereira, Genaldo Pereira e Ivanildo Vila Nova. O festival tamb\u00e9m ter\u00e1 a participa\u00e7\u00e3o especial dos declamadores Poeta Ronaldo Vital e Mauric\u00e9lio Silva, com apresenta\u00e7\u00e3o de Iponax Vila Nova. Realizado pela Prefeitura Municipal do Congo, por meio da Secretaria Municipal de Cultura e Turismo, o festival nasce com a proposta de fortalecer e valorizar uma das manifesta\u00e7\u00f5es mais aut\u00eanticas da cultura nordestina. O encontro promete proporcionar ao p\u00fablico uma noite de poesia, improviso, m\u00fasica e tradi\u00e7\u00e3o, reunindo artistas de destaque e celebrando a identidade cultural do Cariri paraibano. Noticias em Destaque<\/p>\n","protected":false},"author":2,"featured_media":81446,"comment_status":"closed","ping_status":"closed","sticky":false,"template":"","format":"standard","meta":{"_eb_attr":"","_jetpack_memberships_contains_paid_content":false,"footnotes":""},"categories":[4],"tags":[],"class_list":["post-81445","post","type-post","status-publish","format-standard","has-post-thumbnail","hentry","category-politica"],"yoast_head":"<!-- This site is optimized with the Yoast SEO plugin v26.5 - https:\/\/yoast.com\/wordpress\/plugins\/seo\/ -->\n<title>Congo realiza Festival de Repentistas na pr\u00f3xima sexta-feira (04) - Not&iacute;cias em Destaque<\/title>\n<meta name=\"robots\" content=\"index, follow, max-snippet:-1, max-image-preview:large, max-video-preview:-1\" \/>\n<link rel=\"canonical\" href=\"https:\/\/noticiasemdestaque.com\/cd\/?p=81445\" \/>\n<meta property=\"og:locale\" content=\"pt_BR\" \/>\n<meta property=\"og:type\" content=\"article\" \/>\n<meta property=\"og:title\" content=\"Congo realiza Festival de Repentistas na pr\u00f3xima sexta-feira (04) - Not&iacute;cias em Destaque\" \/>\n<meta property=\"og:description\" content=\"A cultura popular e a tradi\u00e7\u00e3o nordestina ganhar\u00e3o um espa\u00e7o especial no munic\u00edpio de Congo, no Cariri paraibano, com a realiza\u00e7\u00e3o do Festival de Repentistas \u201cCongo, Cidade Amada\u201d. O evento acontecer\u00e1 no dia 4 de setembro de 2026, a partir das 20h, no Mercado P\u00fablico, e promete reunir grandes nomes do repente em uma noite dedicada \u00e0 m\u00fasica, \u00e0 poesia e \u00e0s ra\u00edzes culturais do Nordeste. A programa\u00e7\u00e3o contar\u00e1 com a participa\u00e7\u00e3o dos repentistas Evaldo Severino, Evaldo Filho, Severino Feitosa, Valdir Soares, Carlinhos da Prata, Z\u00e9 Viola, Severino de Souza, Paulo Pereira, Genaldo Pereira e Ivanildo Vila Nova. O festival tamb\u00e9m ter\u00e1 a participa\u00e7\u00e3o especial dos declamadores Poeta Ronaldo Vital e Mauric\u00e9lio Silva, com apresenta\u00e7\u00e3o de Iponax Vila Nova. Realizado pela Prefeitura Municipal do Congo, por meio da Secretaria Municipal de Cultura e Turismo, o festival nasce com a proposta de fortalecer e valorizar uma das manifesta\u00e7\u00f5es mais aut\u00eanticas da cultura nordestina. O encontro promete proporcionar ao p\u00fablico uma noite de poesia, improviso, m\u00fasica e tradi\u00e7\u00e3o, reunindo artistas de destaque e celebrando a identidade cultural do Cariri paraibano. Noticias em Destaque\" \/>\n<meta property=\"og:url\" content=\"https:\/\/noticiasemdestaque.com\/cd\/?p=81445\" \/>\n<meta property=\"og:site_name\" content=\"Not&iacute;cias em Destaque\" \/>\n<meta property=\"article:published_time\" content=\"2026-08-31T15:56:00+00:00\" \/>\n<meta property=\"article:modified_time\" content=\"2026-08-31T23:04:13+00:00\" \/>\n<meta property=\"og:image\" content=\"https:\/\/noticiasemdestaque.com\/cd\/wp-content\/uploads\/2026\/08\/WhatsApp-Image-2026-08-31-at-12.40.31.jpeg\" \/>\n\t<meta property=\"og:image:width\" content=\"1160\" \/>\n\t<meta property=\"og:image:height\" content=\"1600\" \/>\n\t<meta property=\"og:image:type\" content=\"image\/jpeg\" \/>\n<meta name=\"author\" content=\"Not\u00edcias em Destaque\" \/>\n<meta name=\"twitter:card\" content=\"summary_large_image\" \/>\n<meta name=\"twitter:label1\" content=\"Escrito por\" \/>\n\t<meta name=\"twitter:data1\" content=\"Not\u00edcias em Destaque\" \/>\n\t<meta name=\"twitter:label2\" content=\"Est. tempo de leitura\" \/>\n\t<meta name=\"twitter:data2\" content=\"2 minutos\" \/>\n<script type=\"application\/ld+json\" class=\"yoast-schema-graph\">{\"@context\":\"https:\/\/schema.org\",\"@graph\":[{\"@type\":\"Article\",\"@id\":\"https:\/\/noticiasemdestaque.com\/cd\/?p=81445#article\",\"isPartOf\":{\"@id\":\"https:\/\/noticiasemdestaque.com\/cd\/?p=81445\"},\"author\":{\"name\":\"Not\u00edcias em Destaque\",\"@id\":\"https:\/\/noticiasemdestaque.com\/cd\/#\/schema\/person\/a978acbbda55eca5b71ccb9421897bb0\"},\"headline\":\"Congo realiza Festival de Repentistas na pr\u00f3xima sexta-feira (04)\",\"datePublished\":\"2026-08-31T15:56:00+00:00\",\"dateModified\":\"2026-08-31T23:04:13+00:00\",\"mainEntityOfPage\":{\"@id\":\"https:\/\/noticiasemdestaque.com\/cd\/?p=81445\"},\"wordCount\":205,\"publisher\":{\"@id\":\"https:\/\/noticiasemdestaque.com\/cd\/#organization\"},\"image\":{\"@id\":\"https:\/\/noticiasemdestaque.com\/cd\/?p=81445#primaryimage\"},\"thumbnailUrl\":\"https:\/\/noticiasemdestaque.com\/cd\/wp-content\/uploads\/2026\/08\/WhatsApp-Image-2026-08-31-at-12.40.31.jpeg\",\"articleSection\":[\"Pol\u00edtica\"],\"inLanguage\":\"pt-BR\"},{\"@type\":\"WebPage\",\"@id\":\"https:\/\/noticiasemdestaque.com\/cd\/?p=81445\",\"url\":\"https:\/\/noticiasemdestaque.com\/cd\/?p=81445\",\"name\":\"Congo realiza Festival de Repentistas na pr\u00f3xima sexta-feira (04) - Not&iacute;cias em Destaque\",\"isPartOf\":{\"@id\":\"https:\/\/noticiasemdestaque.com\/cd\/#website\"},\"primaryImageOfPage\":{\"@id\":\"https:\/\/noticiasemdestaque.com\/cd\/?p=81445#primaryimage\"},\"image\":{\"@id\":\"https:\/\/noticiasemdestaque.com\/cd\/?p=81445#primaryimage\"},\"thumbnailUrl\":\"https:\/\/noticiasemdestaque.com\/cd\/wp-content\/uploads\/2026\/08\/WhatsApp-Image-2026-08-31-at-12.40.31.jpeg\",\"datePublished\":\"2026-08-31T15:56:00+00:00\",\"dateModified\":\"2026-08-31T23:04:13+00:00\",\"breadcrumb\":{\"@id\":\"https:\/\/noticiasemdestaque.com\/cd\/?p=81445#breadcrumb\"},\"inLanguage\":\"pt-BR\",\"potentialAction\":[{\"@type\":\"ReadAction\",\"target\":[\"https:\/\/noticiasemdestaque.com\/cd\/?p=81445\"]}]},{\"@type\":\"ImageObject\",\"inLanguage\":\"pt-BR\",\"@id\":\"https:\/\/noticiasemdestaque.com\/cd\/?p=81445#primaryimage\",\"url\":\"https:\/\/noticiasemdestaque.com\/cd\/wp-content\/uploads\/2026\/08\/WhatsApp-Image-2026-08-31-at-12.40.31.jpeg\",\"contentUrl\":\"https:\/\/noticiasemdestaque.com\/cd\/wp-content\/uploads\/2026\/08\/WhatsApp-Image-2026-08-31-at-12.40.31.jpeg\",\"width\":1160,\"height\":1600},{\"@type\":\"BreadcrumbList\",\"@id\":\"https:\/\/noticiasemdestaque.com\/cd\/?p=81445#breadcrumb\",\"itemListElement\":[{\"@type\":\"ListItem\",\"position\":1,\"name\":\"In\u00edcio\",\"item\":\"https:\/\/noticiasemdestaque.com\/cd\/\"},{\"@type\":\"ListItem\",\"position\":2,\"name\":\"Congo realiza Festival de Repentistas na pr\u00f3xima sexta-feira (04)\"}]},{\"@type\":\"WebSite\",\"@id\":\"https:\/\/noticiasemdestaque.com\/cd\/#website\",\"url\":\"https:\/\/noticiasemdestaque.com\/cd\/\",\"name\":\"Not&iacute;cias em Destaque\",\"description\":\"\",\"publisher\":{\"@id\":\"https:\/\/noticiasemdestaque.com\/cd\/#organization\"},\"potentialAction\":[{\"@type\":\"SearchAction\",\"target\":{\"@type\":\"EntryPoint\",\"urlTemplate\":\"https:\/\/noticiasemdestaque.com\/cd\/?s={search_term_string}\"},\"query-input\":{\"@type\":\"PropertyValueSpecification\",\"valueRequired\":true,\"valueName\":\"search_term_string\"}}],\"inLanguage\":\"pt-BR\"},{\"@type\":\"Organization\",\"@id\":\"https:\/\/noticiasemdestaque.com\/cd\/#organization\",\"name\":\"Not\u00edcias em Destaque\",\"url\":\"https:\/\/noticiasemdestaque.com\/cd\/\",\"logo\":{\"@type\":\"ImageObject\",\"inLanguage\":\"pt-BR\",\"@id\":\"https:\/\/noticiasemdestaque.com\/cd\/#\/schema\/logo\/image\/\",\"url\":\"https:\/\/noticiasemdestaque.com\/cd\/wp-content\/uploads\/2022\/05\/imagem-base-noticiasemdestaque.png\",\"contentUrl\":\"https:\/\/noticiasemdestaque.com\/cd\/wp-content\/uploads\/2022\/05\/imagem-base-noticiasemdestaque.png\",\"width\":1200,\"height\":630,\"caption\":\"Not\u00edcias em Destaque\"},\"image\":{\"@id\":\"https:\/\/noticiasemdestaque.com\/cd\/#\/schema\/logo\/image\/\"}},{\"@type\":\"Person\",\"@id\":\"https:\/\/noticiasemdestaque.com\/cd\/#\/schema\/person\/a978acbbda55eca5b71ccb9421897bb0\",\"name\":\"Not\u00edcias em Destaque\",\"url\":\"https:\/\/noticiasemdestaque.com\/cd\/?author=2\"}]}<\/script>\n<!-- \/ Yoast SEO plugin. -->","yoast_head_json":{"title":"Congo realiza Festival de Repentistas na pr\u00f3xima sexta-feira (04) - Not&iacute;cias em Destaque","robots":{"index":"index","follow":"follow","max-snippet":"max-snippet:-1","max-image-preview":"max-image-preview:large","max-video-preview":"max-video-preview:-1"},"canonical":"https:\/\/noticiasemdestaque.com\/cd\/?p=81445","og_locale":"pt_BR","og_type":"article","og_title":"Congo realiza Festival de Repentistas na pr\u00f3xima sexta-feira (04) - Not&iacute;cias em Destaque","og_description":"A cultura popular e a tradi\u00e7\u00e3o nordestina ganhar\u00e3o um espa\u00e7o especial no munic\u00edpio de Congo, no Cariri paraibano, com a realiza\u00e7\u00e3o do Festival de Repentistas \u201cCongo, Cidade Amada\u201d. O evento acontecer\u00e1 no dia 4 de setembro de 2026, a partir das 20h, no Mercado P\u00fablico, e promete reunir grandes nomes do repente em uma noite dedicada \u00e0 m\u00fasica, \u00e0 poesia e \u00e0s ra\u00edzes culturais do Nordeste. A programa\u00e7\u00e3o contar\u00e1 com a participa\u00e7\u00e3o dos repentistas Evaldo Severino, Evaldo Filho, Severino Feitosa, Valdir Soares, Carlinhos da Prata, Z\u00e9 Viola, Severino de Souza, Paulo Pereira, Genaldo Pereira e Ivanildo Vila Nova. O festival tamb\u00e9m ter\u00e1 a participa\u00e7\u00e3o especial dos declamadores Poeta Ronaldo Vital e Mauric\u00e9lio Silva, com apresenta\u00e7\u00e3o de Iponax Vila Nova. Realizado pela Prefeitura Municipal do Congo, por meio da Secretaria Municipal de Cultura e Turismo, o festival nasce com a proposta de fortalecer e valorizar uma das manifesta\u00e7\u00f5es mais aut\u00eanticas da cultura nordestina. O encontro promete proporcionar ao p\u00fablico uma noite de poesia, improviso, m\u00fasica e tradi\u00e7\u00e3o, reunindo artistas de destaque e celebrando a identidade cultural do Cariri paraibano. Noticias em Destaque","og_url":"https:\/\/noticiasemdestaque.com\/cd\/?p=81445","og_site_name":"Not&iacute;cias em Destaque","article_published_time":"2026-08-31T15:56:00+00:00","article_modified_time":"2026-08-31T23:04:13+00:00","og_image":[{"width":1160,"height":1600,"url":"https:\/\/noticiasemdestaque.com\/cd\/wp-content\/uploads\/2026\/08\/WhatsApp-Image-2026-08-31-at-12.40.31.jpeg","type":"image\/jpeg"}],"author":"Not\u00edcias em Destaque","twitter_card":"summary_large_image","twitter_misc":{"Escrito por":"Not\u00edcias em Destaque","Est. tempo de leitura":"2 minutos"},"schema":{"@context":"https:\/\/schema.org","@graph":[{"@type":"Article","@id":"https:\/\/noticiasemdestaque.com\/cd\/?p=81445#article","isPartOf":{"@id":"https:\/\/noticiasemdestaque.com\/cd\/?p=81445"},"author":{"name":"Not\u00edcias em Destaque","@id":"https:\/\/noticiasemdestaque.com\/cd\/#\/schema\/person\/a978acbbda55eca5b71ccb9421897bb0"},"headline":"Congo realiza Festival de Repentistas na pr\u00f3xima sexta-feira (04)","datePublished":"2026-08-31T15:56:00+00:00","dateModified":"2026-08-31T23:04:13+00:00","mainEntityOfPage":{"@id":"https:\/\/noticiasemdestaque.com\/cd\/?p=81445"},"wordCount":205,"publisher":{"@id":"https:\/\/noticiasemdestaque.com\/cd\/#organization"},"image":{"@id":"https:\/\/noticiasemdestaque.com\/cd\/?p=81445#primaryimage"},"thumbnailUrl":"https:\/\/noticiasemdestaque.com\/cd\/wp-content\/uploads\/2026\/08\/WhatsApp-Image-2026-08-31-at-12.40.31.jpeg","articleSection":["Pol\u00edtica"],"inLanguage":"pt-BR"},{"@type":"WebPage","@id":"https:\/\/noticiasemdestaque.com\/cd\/?p=81445","url":"https:\/\/noticiasemdestaque.com\/cd\/?p=81445","name":"Congo realiza Festival de Repentistas na pr\u00f3xima sexta-feira (04) - Not&iacute;cias em Destaque","isPartOf":{"@id":"https:\/\/noticiasemdestaque.com\/cd\/#website"},"primaryImageOfPage":{"@id":"https:\/\/noticiasemdestaque.com\/cd\/?p=81445#primaryimage"},"image":{"@id":"https:\/\/noticiasemdestaque.com\/cd\/?p=81445#primaryimage"},"thumbnailUrl":"https:\/\/noticiasemdestaque.com\/cd\/wp-content\/uploads\/2026\/08\/WhatsApp-Image-2026-08-31-at-12.40.31.jpeg","datePublished":"2026-08-31T15:56:00+00:00","dateModified":"2026-08-31T23:04:13+00:00","breadcrumb":{"@id":"https:\/\/noticiasemdestaque.com\/cd\/?p=81445#breadcrumb"},"inLanguage":"pt-BR","potentialAction":[{"@type":"ReadAction","target":["https:\/\/noticiasemdestaque.com\/cd\/?p=81445"]}]},{"@type":"ImageObject","inLanguage":"pt-BR","@id":"https:\/\/noticiasemdestaque.com\/cd\/?p=81445#primaryimage","url":"https:\/\/noticiasemdestaque.com\/cd\/wp-content\/uploads\/2026\/08\/WhatsApp-Image-2026-08-31-at-12.40.31.jpeg","contentUrl":"https:\/\/noticiasemdestaque.com\/cd\/wp-content\/uploads\/2026\/08\/WhatsApp-Image-2026-08-31-at-12.40.31.jpeg","width":1160,"height":1600},{"@type":"BreadcrumbList","@id":"https:\/\/noticiasemdestaque.com\/cd\/?p=81445#breadcrumb","itemListElement":[{"@type":"ListItem","position":1,"name":"In\u00edcio","item":"https:\/\/noticiasemdestaque.com\/cd\/"},{"@type":"ListItem","position":2,"name":"Congo realiza Festival de Repentistas na pr\u00f3xima sexta-feira (04)"}]},{"@type":"WebSite","@id":"https:\/\/noticiasemdestaque.com\/cd\/#website","url":"https:\/\/noticiasemdestaque.com\/cd\/","name":"Not&iacute;cias em Destaque","description":"","publisher":{"@id":"https:\/\/noticiasemdestaque.com\/cd\/#organization"},"potentialAction":[{"@type":"SearchAction","target":{"@type":"EntryPoint","urlTemplate":"https:\/\/noticiasemdestaque.com\/cd\/?s={search_term_string}"},"query-input":{"@type":"PropertyValueSpecification","valueRequired":true,"valueName":"search_term_string"}}],"inLanguage":"pt-BR"},{"@type":"Organization","@id":"https:\/\/noticiasemdestaque.com\/cd\/#organization","name":"Not\u00edcias em Destaque","url":"https:\/\/noticiasemdestaque.com\/cd\/","logo":{"@type":"ImageObject","inLanguage":"pt-BR","@id":"https:\/\/noticiasemdestaque.com\/cd\/#\/schema\/logo\/image\/","url":"https:\/\/noticiasemdestaque.com\/cd\/wp-content\/uploads\/2022\/05\/imagem-base-noticiasemdestaque.png","contentUrl":"https:\/\/noticiasemdestaque.com\/cd\/wp-content\/uploads\/2022\/05\/imagem-base-noticiasemdestaque.png","width":1200,"height":630,"caption":"Not\u00edcias em Destaque"},"image":{"@id":"https:\/\/noticiasemdestaque.com\/cd\/#\/schema\/logo\/image\/"}},{"@type":"Person","@id":"https:\/\/noticiasemdestaque.com\/cd\/#\/schema\/person\/a978acbbda55eca5b71ccb9421897bb0","name":"Not\u00edcias em Destaque","url":"https:\/\/noticiasemdestaque.com\/cd\/?author=2"}]}},"jetpack_featured_media_url":"https:\/\/noticiasemdestaque.com\/cd\/wp-content\/uploads\/2026\/08\/WhatsApp-Image-2026-08-31-at-12.40.31.jpeg","jetpack_sharing_enabled":true,"_links":{"self":[{"href":"https:\/\/noticiasemdestaque.com\/cd\/index.php?rest_route=\/wp\/v2\/posts\/81445","targetHints":{"allow":["GET"]}}],"collection":[{"href":"https:\/\/noticiasemdestaque.com\/cd\/index.php?rest_route=\/wp\/v2\/posts"}],"about":[{"href":"https:\/\/noticiasemdestaque.com\/cd\/index.php?rest_route=\/wp\/v2\/types\/post"}],"author":[{"embeddable":true,"href":"https:\/\/noticiasemdestaque.com\/cd\/index.php?rest_route=\/wp\/v2\/users\/2"}],"replies":[{"embeddable":true,"href":"https:\/\/noticiasemdestaque.com\/cd\/index.php?rest_route=%2Fwp%2Fv2%2Fcomments&post=81445"}],"version-history":[{"count":6,"href":"https:\/\/noticiasemdestaque.com\/cd\/index.php?rest_route=\/wp\/v2\/posts\/81445\/revisions"}],"predecessor-version":[{"id":81452,"href":"https:\/\/noticiasemdestaque.com\/cd\/index.php?rest_route=\/wp\/v2\/posts\/81445\/revisions\/81452"}],"wp:featuredmedia":[{"embeddable":true,"href":"https:\/\/noticiasemdestaque.com\/cd\/index.php?rest_route=\/wp\/v2\/media\/81446"}],"wp:attachment":[{"href":"https:\/\/noticiasemdestaque.com\/cd\/index.php?rest_route=%2Fwp%2Fv2%2Fmedia&parent=81445"}],"wp:term":[{"taxonomy":"category","embeddable":true,"href":"https:\/\/noticiasemdestaque.com\/cd\/index.php?rest_route=%2Fwp%2Fv2%2Fcategories&post=81445"},{"taxonomy":"post_tag","embeddable":true,"href":"https:\/\/noticiasemdestaque.com\/cd\/index.php?rest_route=%2Fwp%2Fv2%2Ftags&post=81445"}],"curies":[{"name":"wp","href":"https:\/\/api.w.org\/{rel}","templated":true}]}}