{"id":81441,"date":"2026-08-31T10:28:23","date_gmt":"2026-08-31T13:28:23","guid":{"rendered":"https:\/\/noticiasemdestaque.com\/cd\/?p=81441"},"modified":"2026-08-31T10:28:23","modified_gmt":"2026-08-31T13:28:23","slug":"jogador-do-vasco-e-alvo-de-operacao-contra-trafico-de-drogas-e-armas-no-rj","status":"publish","type":"post","link":"https:\/\/noticiasemdestaque.com\/cd\/?p=81441","title":{"rendered":"Jogador do Vasco \u00e9 alvo de opera\u00e7\u00e3o contra tr\u00e1fico de drogas e armas no RJ"},"content":{"rendered":"<p><a href=\"https:\/\/noticiasemdestaque.com\/cd\/wp-content\/uploads\/2026\/08\/bdrj-ct-vasco.jpg\"><img fetchpriority=\"high\" decoding=\"async\" class=\" wp-image-81443 aligncenter\" src=\"https:\/\/noticiasemdestaque.com\/cd\/wp-content\/uploads\/2026\/08\/bdrj-ct-vasco-300x169.jpg\" alt=\"\" width=\"944\" height=\"532\" srcset=\"https:\/\/noticiasemdestaque.com\/cd\/wp-content\/uploads\/2026\/08\/bdrj-ct-vasco-300x169.jpg 300w, https:\/\/noticiasemdestaque.com\/cd\/wp-content\/uploads\/2026\/08\/bdrj-ct-vasco-768x432.jpg 768w, https:\/\/noticiasemdestaque.com\/cd\/wp-content\/uploads\/2026\/08\/bdrj-ct-vasco.jpg 984w\" sizes=\"(max-width: 944px) 100vw, 944px\" \/><\/a><\/p>\n<p class=\"wp-block-paragraph\">O jogador\u00a0<strong>David Corr\u00eaa<\/strong>, o\u00a0<strong>DVD<\/strong>, atacante do Vasco da Gama, \u00e9 alvo de buscas, nesta segunda-feira (31), da\u00a0<strong>Opera\u00e7\u00e3o A Tropa<\/strong>, contra o tr\u00e1fico interestadual de drogas e armas e a lavagem de dinheiro.\u00a0Um outro jogador foi preso\u00a0\u2014 at\u00e9 a \u00faltima atualiza\u00e7\u00e3o desta reportagem, ele n\u00e3o havia sido identificado.<\/p>\n<p class=\"wp-block-paragraph\">Agentes da 14\u00aa DP (Leblon) e da Delegacia Especializada em Armas, Muni\u00e7\u00f5es e Explosivos (Desarme) sa\u00edram para cumprir\u00a0<strong>3 mandados de busca e apreens\u00e3o<\/strong>\u00a0no RJ, em apoio \u00e0 Pol\u00edcia Civil do Esp\u00edrito Santo.<\/p>\n<p class=\"wp-block-paragraph\">No total, em todo o pa\u00eds, equipes sa\u00edram para cumprir\u00a0<strong>4 mandados de pris\u00e3o tempor\u00e1ria<\/strong>\u00a0e 15 de busca e apreens\u00e3o. As dilig\u00eancias s\u00e3o realizadas em munic\u00edpios da Grande Vit\u00f3ria e em Afonso Cl\u00e1udio, no Esp\u00edrito Santo, al\u00e9m de alvos localizados nos estados do\u00a0Rio de Janeiro\u00a0e de Goi\u00e1s e no Distrito Federal.<\/p>\n<p class=\"wp-block-paragraph\">No RJ, a Pol\u00edcia Civil do RJ foi para a casa de David, na Barra da Tijuca, na Zona Sudoeste do Rio de Janeiro. Outro endere\u00e7o \u00e9\u00a0o centro de treinamento cruzmaltino, em Jacarepagu\u00e1, na mesma regi\u00e3o.<\/p>\n<p class=\"wp-block-paragraph\">O vasca\u00edno foi no pr\u00f3prio carro \u2014 cuja placa come\u00e7a com DVD \u2014 para o CT do clube, a fim de acompanhar as dilig\u00eancias.\u00a0Ele n\u00e3o quis dar declara\u00e7\u00f5es na sa\u00edda.<\/p>\n<p class=\"wp-block-paragraph\">O\u00a0g1\u00a0entrou em contato com o Vasco da Gama e aguardava resposta.<\/p>\n<h2 class=\"wp-block-heading\">Investiga\u00e7\u00e3o do ES<\/h2>\n<p class=\"wp-block-paragraph\">Segundo as apura\u00e7\u00f5es conduzidas pela Pol\u00edcia Civil do Esp\u00edrito Santo, s\u00e3o apurados poss\u00edveis envolvimentos de outros atletas profissionais e empres\u00e1rios com o grupo criminoso investigado.<\/p>\n<p class=\"wp-block-paragraph\">A opera\u00e7\u00e3o \u00e9 realizada simultaneamente em v\u00e1rios estados, mobilizando aproximadamente 100 policiais civis, mais de 38 viaturas e 2 helic\u00f3pteros, numa a\u00e7\u00e3o coordenada de abrang\u00eancia interestadual.<\/p>\n<blockquote>\n<p class=\"wp-block-paragraph\">\u201cA opera\u00e7\u00e3o integra uma atua\u00e7\u00e3o conjunta entre as Pol\u00edcias Civis dos estados para o cumprimento de medidas judiciais e o enfrentamento de organiza\u00e7\u00f5es criminosas que atuam de forma interestadual\u201d, disse a Pol\u00edcia Civil do RJ.<\/p>\n<p class=\"wp-block-paragraph\">\u201cO nome da opera\u00e7\u00e3o, \u2018A Tropa\u2019, faz refer\u00eancia \u00e0 autodenomina\u00e7\u00e3o utilizada pelos pr\u00f3prios investigados para se referirem ao grupo criminoso\u201d, explicaram as autoridades capixabas.<\/p>\n<\/blockquote>\n<p class=\"wp-block-paragraph\"><strong>Not\u00edcias em Destaque<\/strong><\/p>\n<p class=\"wp-block-paragraph\" style=\"text-align: right;\"><em>Com G1<\/em><\/p>\n","protected":false},"excerpt":{"rendered":"<p>O jogador\u00a0David Corr\u00eaa, o\u00a0DVD, atacante do Vasco da Gama, \u00e9 alvo de buscas, nesta segunda-feira (31), da\u00a0Opera\u00e7\u00e3o A Tropa, contra o tr\u00e1fico interestadual de drogas e armas e a lavagem de dinheiro.\u00a0Um outro jogador foi preso\u00a0\u2014 at\u00e9 a \u00faltima atualiza\u00e7\u00e3o desta reportagem, ele n\u00e3o havia sido identificado. Agentes da 14\u00aa DP (Leblon) e da Delegacia Especializada em Armas, Muni\u00e7\u00f5es e Explosivos (Desarme) sa\u00edram para cumprir\u00a03 mandados de busca e apreens\u00e3o\u00a0no RJ, em apoio \u00e0 Pol\u00edcia Civil do Esp\u00edrito Santo. No total, em todo o pa\u00eds, equipes sa\u00edram para cumprir\u00a04 mandados de pris\u00e3o tempor\u00e1ria\u00a0e 15 de busca e apreens\u00e3o. As dilig\u00eancias s\u00e3o realizadas em munic\u00edpios da Grande Vit\u00f3ria e em Afonso Cl\u00e1udio, no Esp\u00edrito Santo, al\u00e9m de alvos localizados nos estados do\u00a0Rio de Janeiro\u00a0e de Goi\u00e1s e no Distrito Federal. No RJ, a Pol\u00edcia Civil do RJ foi para a casa de David, na Barra da Tijuca, na Zona Sudoeste do Rio de Janeiro. Outro endere\u00e7o \u00e9\u00a0o centro de treinamento cruzmaltino, em Jacarepagu\u00e1, na mesma regi\u00e3o. O vasca\u00edno foi no pr\u00f3prio carro \u2014 cuja placa come\u00e7a com DVD \u2014 para o CT do clube, a fim de acompanhar as dilig\u00eancias.\u00a0Ele n\u00e3o quis dar declara\u00e7\u00f5es na sa\u00edda. O\u00a0g1\u00a0entrou em contato com o Vasco da Gama e aguardava resposta. Investiga\u00e7\u00e3o do ES Segundo as apura\u00e7\u00f5es conduzidas pela Pol\u00edcia Civil do Esp\u00edrito Santo, s\u00e3o apurados poss\u00edveis envolvimentos de outros atletas profissionais e empres\u00e1rios com o grupo criminoso investigado. A opera\u00e7\u00e3o \u00e9 realizada simultaneamente em v\u00e1rios estados, mobilizando aproximadamente 100 policiais civis, mais de 38 viaturas e 2 helic\u00f3pteros, numa a\u00e7\u00e3o coordenada de abrang\u00eancia interestadual. \u201cA opera\u00e7\u00e3o integra uma atua\u00e7\u00e3o conjunta entre as Pol\u00edcias Civis dos estados para o cumprimento de medidas judiciais e o enfrentamento de organiza\u00e7\u00f5es criminosas que atuam de forma interestadual\u201d, disse a Pol\u00edcia Civil do RJ. \u201cO nome da opera\u00e7\u00e3o, \u2018A Tropa\u2019, faz refer\u00eancia \u00e0 autodenomina\u00e7\u00e3o utilizada pelos pr\u00f3prios investigados para se referirem ao grupo criminoso\u201d, explicaram as autoridades capixabas. Not\u00edcias em Destaque Com G1<\/p>\n","protected":false},"author":2,"featured_media":81443,"comment_status":"closed","ping_status":"closed","sticky":false,"template":"","format":"standard","meta":{"_eb_attr":"","_jetpack_memberships_contains_paid_content":false,"footnotes":""},"categories":[20],"tags":[],"class_list":["post-81441","post","type-post","status-publish","format-standard","has-post-thumbnail","hentry","category-policia"],"yoast_head":"<!-- This site is optimized with the Yoast SEO plugin v26.5 - https:\/\/yoast.com\/wordpress\/plugins\/seo\/ -->\n<title>Jogador do Vasco \u00e9 alvo de opera\u00e7\u00e3o contra tr\u00e1fico de drogas e armas no RJ - Not&iacute;cias em Destaque<\/title>\n<meta name=\"robots\" content=\"index, follow, max-snippet:-1, max-image-preview:large, max-video-preview:-1\" \/>\n<link rel=\"canonical\" href=\"https:\/\/noticiasemdestaque.com\/cd\/?p=81441\" \/>\n<meta property=\"og:locale\" content=\"pt_BR\" \/>\n<meta property=\"og:type\" content=\"article\" \/>\n<meta property=\"og:title\" content=\"Jogador do Vasco \u00e9 alvo de opera\u00e7\u00e3o contra tr\u00e1fico de drogas e armas no RJ - Not&iacute;cias em Destaque\" \/>\n<meta property=\"og:description\" content=\"O jogador\u00a0David Corr\u00eaa, o\u00a0DVD, atacante do Vasco da Gama, \u00e9 alvo de buscas, nesta segunda-feira (31), da\u00a0Opera\u00e7\u00e3o A Tropa, contra o tr\u00e1fico interestadual de drogas e armas e a lavagem de dinheiro.\u00a0Um outro jogador foi preso\u00a0\u2014 at\u00e9 a \u00faltima atualiza\u00e7\u00e3o desta reportagem, ele n\u00e3o havia sido identificado. Agentes da 14\u00aa DP (Leblon) e da Delegacia Especializada em Armas, Muni\u00e7\u00f5es e Explosivos (Desarme) sa\u00edram para cumprir\u00a03 mandados de busca e apreens\u00e3o\u00a0no RJ, em apoio \u00e0 Pol\u00edcia Civil do Esp\u00edrito Santo. No total, em todo o pa\u00eds, equipes sa\u00edram para cumprir\u00a04 mandados de pris\u00e3o tempor\u00e1ria\u00a0e 15 de busca e apreens\u00e3o. As dilig\u00eancias s\u00e3o realizadas em munic\u00edpios da Grande Vit\u00f3ria e em Afonso Cl\u00e1udio, no Esp\u00edrito Santo, al\u00e9m de alvos localizados nos estados do\u00a0Rio de Janeiro\u00a0e de Goi\u00e1s e no Distrito Federal. No RJ, a Pol\u00edcia Civil do RJ foi para a casa de David, na Barra da Tijuca, na Zona Sudoeste do Rio de Janeiro. Outro endere\u00e7o \u00e9\u00a0o centro de treinamento cruzmaltino, em Jacarepagu\u00e1, na mesma regi\u00e3o. O vasca\u00edno foi no pr\u00f3prio carro \u2014 cuja placa come\u00e7a com DVD \u2014 para o CT do clube, a fim de acompanhar as dilig\u00eancias.\u00a0Ele n\u00e3o quis dar declara\u00e7\u00f5es na sa\u00edda. O\u00a0g1\u00a0entrou em contato com o Vasco da Gama e aguardava resposta. Investiga\u00e7\u00e3o do ES Segundo as apura\u00e7\u00f5es conduzidas pela Pol\u00edcia Civil do Esp\u00edrito Santo, s\u00e3o apurados poss\u00edveis envolvimentos de outros atletas profissionais e empres\u00e1rios com o grupo criminoso investigado. A opera\u00e7\u00e3o \u00e9 realizada simultaneamente em v\u00e1rios estados, mobilizando aproximadamente 100 policiais civis, mais de 38 viaturas e 2 helic\u00f3pteros, numa a\u00e7\u00e3o coordenada de abrang\u00eancia interestadual. \u201cA opera\u00e7\u00e3o integra uma atua\u00e7\u00e3o conjunta entre as Pol\u00edcias Civis dos estados para o cumprimento de medidas judiciais e o enfrentamento de organiza\u00e7\u00f5es criminosas que atuam de forma interestadual\u201d, disse a Pol\u00edcia Civil do RJ. \u201cO nome da opera\u00e7\u00e3o, \u2018A Tropa\u2019, faz refer\u00eancia \u00e0 autodenomina\u00e7\u00e3o utilizada pelos pr\u00f3prios investigados para se referirem ao grupo criminoso\u201d, explicaram as autoridades capixabas. Not\u00edcias em Destaque Com G1\" \/>\n<meta property=\"og:url\" content=\"https:\/\/noticiasemdestaque.com\/cd\/?p=81441\" \/>\n<meta property=\"og:site_name\" content=\"Not&iacute;cias em Destaque\" \/>\n<meta property=\"article:published_time\" content=\"2026-08-31T13:28:23+00:00\" \/>\n<meta property=\"og:image\" content=\"https:\/\/noticiasemdestaque.com\/cd\/wp-content\/uploads\/2026\/08\/bdrj-ct-vasco.jpg\" \/>\n\t<meta property=\"og:image:width\" content=\"984\" \/>\n\t<meta property=\"og:image:height\" content=\"554\" \/>\n\t<meta property=\"og:image:type\" content=\"image\/jpeg\" \/>\n<meta name=\"author\" content=\"Not\u00edcias em Destaque\" \/>\n<meta name=\"twitter:card\" content=\"summary_large_image\" \/>\n<meta name=\"twitter:label1\" content=\"Escrito por\" \/>\n\t<meta name=\"twitter:data1\" content=\"Not\u00edcias em Destaque\" \/>\n\t<meta name=\"twitter:label2\" content=\"Est. tempo de leitura\" \/>\n\t<meta name=\"twitter:data2\" content=\"2 minutos\" \/>\n<script type=\"application\/ld+json\" class=\"yoast-schema-graph\">{\"@context\":\"https:\/\/schema.org\",\"@graph\":[{\"@type\":\"Article\",\"@id\":\"https:\/\/noticiasemdestaque.com\/cd\/?p=81441#article\",\"isPartOf\":{\"@id\":\"https:\/\/noticiasemdestaque.com\/cd\/?p=81441\"},\"author\":{\"name\":\"Not\u00edcias em Destaque\",\"@id\":\"https:\/\/noticiasemdestaque.com\/cd\/#\/schema\/person\/a978acbbda55eca5b71ccb9421897bb0\"},\"headline\":\"Jogador do Vasco \u00e9 alvo de opera\u00e7\u00e3o contra tr\u00e1fico de drogas e armas no RJ\",\"datePublished\":\"2026-08-31T13:28:23+00:00\",\"mainEntityOfPage\":{\"@id\":\"https:\/\/noticiasemdestaque.com\/cd\/?p=81441\"},\"wordCount\":394,\"publisher\":{\"@id\":\"https:\/\/noticiasemdestaque.com\/cd\/#organization\"},\"image\":{\"@id\":\"https:\/\/noticiasemdestaque.com\/cd\/?p=81441#primaryimage\"},\"thumbnailUrl\":\"https:\/\/noticiasemdestaque.com\/cd\/wp-content\/uploads\/2026\/08\/bdrj-ct-vasco.jpg\",\"articleSection\":[\"Pol\u00edcia\"],\"inLanguage\":\"pt-BR\"},{\"@type\":\"WebPage\",\"@id\":\"https:\/\/noticiasemdestaque.com\/cd\/?p=81441\",\"url\":\"https:\/\/noticiasemdestaque.com\/cd\/?p=81441\",\"name\":\"Jogador do Vasco \u00e9 alvo de opera\u00e7\u00e3o contra tr\u00e1fico de drogas e armas no RJ - Not&iacute;cias em Destaque\",\"isPartOf\":{\"@id\":\"https:\/\/noticiasemdestaque.com\/cd\/#website\"},\"primaryImageOfPage\":{\"@id\":\"https:\/\/noticiasemdestaque.com\/cd\/?p=81441#primaryimage\"},\"image\":{\"@id\":\"https:\/\/noticiasemdestaque.com\/cd\/?p=81441#primaryimage\"},\"thumbnailUrl\":\"https:\/\/noticiasemdestaque.com\/cd\/wp-content\/uploads\/2026\/08\/bdrj-ct-vasco.jpg\",\"datePublished\":\"2026-08-31T13:28:23+00:00\",\"breadcrumb\":{\"@id\":\"https:\/\/noticiasemdestaque.com\/cd\/?p=81441#breadcrumb\"},\"inLanguage\":\"pt-BR\",\"potentialAction\":[{\"@type\":\"ReadAction\",\"target\":[\"https:\/\/noticiasemdestaque.com\/cd\/?p=81441\"]}]},{\"@type\":\"ImageObject\",\"inLanguage\":\"pt-BR\",\"@id\":\"https:\/\/noticiasemdestaque.com\/cd\/?p=81441#primaryimage\",\"url\":\"https:\/\/noticiasemdestaque.com\/cd\/wp-content\/uploads\/2026\/08\/bdrj-ct-vasco.jpg\",\"contentUrl\":\"https:\/\/noticiasemdestaque.com\/cd\/wp-content\/uploads\/2026\/08\/bdrj-ct-vasco.jpg\",\"width\":984,\"height\":554},{\"@type\":\"BreadcrumbList\",\"@id\":\"https:\/\/noticiasemdestaque.com\/cd\/?p=81441#breadcrumb\",\"itemListElement\":[{\"@type\":\"ListItem\",\"position\":1,\"name\":\"In\u00edcio\",\"item\":\"https:\/\/noticiasemdestaque.com\/cd\/\"},{\"@type\":\"ListItem\",\"position\":2,\"name\":\"Jogador do Vasco \u00e9 alvo de opera\u00e7\u00e3o contra tr\u00e1fico de drogas e armas no RJ\"}]},{\"@type\":\"WebSite\",\"@id\":\"https:\/\/noticiasemdestaque.com\/cd\/#website\",\"url\":\"https:\/\/noticiasemdestaque.com\/cd\/\",\"name\":\"Not&iacute;cias em Destaque\",\"description\":\"\",\"publisher\":{\"@id\":\"https:\/\/noticiasemdestaque.com\/cd\/#organization\"},\"potentialAction\":[{\"@type\":\"SearchAction\",\"target\":{\"@type\":\"EntryPoint\",\"urlTemplate\":\"https:\/\/noticiasemdestaque.com\/cd\/?s={search_term_string}\"},\"query-input\":{\"@type\":\"PropertyValueSpecification\",\"valueRequired\":true,\"valueName\":\"search_term_string\"}}],\"inLanguage\":\"pt-BR\"},{\"@type\":\"Organization\",\"@id\":\"https:\/\/noticiasemdestaque.com\/cd\/#organization\",\"name\":\"Not\u00edcias em Destaque\",\"url\":\"https:\/\/noticiasemdestaque.com\/cd\/\",\"logo\":{\"@type\":\"ImageObject\",\"inLanguage\":\"pt-BR\",\"@id\":\"https:\/\/noticiasemdestaque.com\/cd\/#\/schema\/logo\/image\/\",\"url\":\"https:\/\/noticiasemdestaque.com\/cd\/wp-content\/uploads\/2022\/05\/imagem-base-noticiasemdestaque.png\",\"contentUrl\":\"https:\/\/noticiasemdestaque.com\/cd\/wp-content\/uploads\/2022\/05\/imagem-base-noticiasemdestaque.png\",\"width\":1200,\"height\":630,\"caption\":\"Not\u00edcias em Destaque\"},\"image\":{\"@id\":\"https:\/\/noticiasemdestaque.com\/cd\/#\/schema\/logo\/image\/\"}},{\"@type\":\"Person\",\"@id\":\"https:\/\/noticiasemdestaque.com\/cd\/#\/schema\/person\/a978acbbda55eca5b71ccb9421897bb0\",\"name\":\"Not\u00edcias em Destaque\",\"url\":\"https:\/\/noticiasemdestaque.com\/cd\/?author=2\"}]}<\/script>\n<!-- \/ Yoast SEO plugin. -->","yoast_head_json":{"title":"Jogador do Vasco \u00e9 alvo de opera\u00e7\u00e3o contra tr\u00e1fico de drogas e armas no RJ - Not&iacute;cias em Destaque","robots":{"index":"index","follow":"follow","max-snippet":"max-snippet:-1","max-image-preview":"max-image-preview:large","max-video-preview":"max-video-preview:-1"},"canonical":"https:\/\/noticiasemdestaque.com\/cd\/?p=81441","og_locale":"pt_BR","og_type":"article","og_title":"Jogador do Vasco \u00e9 alvo de opera\u00e7\u00e3o contra tr\u00e1fico de drogas e armas no RJ - Not&iacute;cias em Destaque","og_description":"O jogador\u00a0David Corr\u00eaa, o\u00a0DVD, atacante do Vasco da Gama, \u00e9 alvo de buscas, nesta segunda-feira (31), da\u00a0Opera\u00e7\u00e3o A Tropa, contra o tr\u00e1fico interestadual de drogas e armas e a lavagem de dinheiro.\u00a0Um outro jogador foi preso\u00a0\u2014 at\u00e9 a \u00faltima atualiza\u00e7\u00e3o desta reportagem, ele n\u00e3o havia sido identificado. Agentes da 14\u00aa DP (Leblon) e da Delegacia Especializada em Armas, Muni\u00e7\u00f5es e Explosivos (Desarme) sa\u00edram para cumprir\u00a03 mandados de busca e apreens\u00e3o\u00a0no RJ, em apoio \u00e0 Pol\u00edcia Civil do Esp\u00edrito Santo. No total, em todo o pa\u00eds, equipes sa\u00edram para cumprir\u00a04 mandados de pris\u00e3o tempor\u00e1ria\u00a0e 15 de busca e apreens\u00e3o. As dilig\u00eancias s\u00e3o realizadas em munic\u00edpios da Grande Vit\u00f3ria e em Afonso Cl\u00e1udio, no Esp\u00edrito Santo, al\u00e9m de alvos localizados nos estados do\u00a0Rio de Janeiro\u00a0e de Goi\u00e1s e no Distrito Federal. No RJ, a Pol\u00edcia Civil do RJ foi para a casa de David, na Barra da Tijuca, na Zona Sudoeste do Rio de Janeiro. Outro endere\u00e7o \u00e9\u00a0o centro de treinamento cruzmaltino, em Jacarepagu\u00e1, na mesma regi\u00e3o. O vasca\u00edno foi no pr\u00f3prio carro \u2014 cuja placa come\u00e7a com DVD \u2014 para o CT do clube, a fim de acompanhar as dilig\u00eancias.\u00a0Ele n\u00e3o quis dar declara\u00e7\u00f5es na sa\u00edda. O\u00a0g1\u00a0entrou em contato com o Vasco da Gama e aguardava resposta. Investiga\u00e7\u00e3o do ES Segundo as apura\u00e7\u00f5es conduzidas pela Pol\u00edcia Civil do Esp\u00edrito Santo, s\u00e3o apurados poss\u00edveis envolvimentos de outros atletas profissionais e empres\u00e1rios com o grupo criminoso investigado. A opera\u00e7\u00e3o \u00e9 realizada simultaneamente em v\u00e1rios estados, mobilizando aproximadamente 100 policiais civis, mais de 38 viaturas e 2 helic\u00f3pteros, numa a\u00e7\u00e3o coordenada de abrang\u00eancia interestadual. \u201cA opera\u00e7\u00e3o integra uma atua\u00e7\u00e3o conjunta entre as Pol\u00edcias Civis dos estados para o cumprimento de medidas judiciais e o enfrentamento de organiza\u00e7\u00f5es criminosas que atuam de forma interestadual\u201d, disse a Pol\u00edcia Civil do RJ. \u201cO nome da opera\u00e7\u00e3o, \u2018A Tropa\u2019, faz refer\u00eancia \u00e0 autodenomina\u00e7\u00e3o utilizada pelos pr\u00f3prios investigados para se referirem ao grupo criminoso\u201d, explicaram as autoridades capixabas. Not\u00edcias em Destaque Com G1","og_url":"https:\/\/noticiasemdestaque.com\/cd\/?p=81441","og_site_name":"Not&iacute;cias em Destaque","article_published_time":"2026-08-31T13:28:23+00:00","og_image":[{"width":984,"height":554,"url":"https:\/\/noticiasemdestaque.com\/cd\/wp-content\/uploads\/2026\/08\/bdrj-ct-vasco.jpg","type":"image\/jpeg"}],"author":"Not\u00edcias em Destaque","twitter_card":"summary_large_image","twitter_misc":{"Escrito por":"Not\u00edcias em Destaque","Est. tempo de leitura":"2 minutos"},"schema":{"@context":"https:\/\/schema.org","@graph":[{"@type":"Article","@id":"https:\/\/noticiasemdestaque.com\/cd\/?p=81441#article","isPartOf":{"@id":"https:\/\/noticiasemdestaque.com\/cd\/?p=81441"},"author":{"name":"Not\u00edcias em Destaque","@id":"https:\/\/noticiasemdestaque.com\/cd\/#\/schema\/person\/a978acbbda55eca5b71ccb9421897bb0"},"headline":"Jogador do Vasco \u00e9 alvo de opera\u00e7\u00e3o contra tr\u00e1fico de drogas e armas no RJ","datePublished":"2026-08-31T13:28:23+00:00","mainEntityOfPage":{"@id":"https:\/\/noticiasemdestaque.com\/cd\/?p=81441"},"wordCount":394,"publisher":{"@id":"https:\/\/noticiasemdestaque.com\/cd\/#organization"},"image":{"@id":"https:\/\/noticiasemdestaque.com\/cd\/?p=81441#primaryimage"},"thumbnailUrl":"https:\/\/noticiasemdestaque.com\/cd\/wp-content\/uploads\/2026\/08\/bdrj-ct-vasco.jpg","articleSection":["Pol\u00edcia"],"inLanguage":"pt-BR"},{"@type":"WebPage","@id":"https:\/\/noticiasemdestaque.com\/cd\/?p=81441","url":"https:\/\/noticiasemdestaque.com\/cd\/?p=81441","name":"Jogador do Vasco \u00e9 alvo de opera\u00e7\u00e3o contra tr\u00e1fico de drogas e armas no RJ - Not&iacute;cias em Destaque","isPartOf":{"@id":"https:\/\/noticiasemdestaque.com\/cd\/#website"},"primaryImageOfPage":{"@id":"https:\/\/noticiasemdestaque.com\/cd\/?p=81441#primaryimage"},"image":{"@id":"https:\/\/noticiasemdestaque.com\/cd\/?p=81441#primaryimage"},"thumbnailUrl":"https:\/\/noticiasemdestaque.com\/cd\/wp-content\/uploads\/2026\/08\/bdrj-ct-vasco.jpg","datePublished":"2026-08-31T13:28:23+00:00","breadcrumb":{"@id":"https:\/\/noticiasemdestaque.com\/cd\/?p=81441#breadcrumb"},"inLanguage":"pt-BR","potentialAction":[{"@type":"ReadAction","target":["https:\/\/noticiasemdestaque.com\/cd\/?p=81441"]}]},{"@type":"ImageObject","inLanguage":"pt-BR","@id":"https:\/\/noticiasemdestaque.com\/cd\/?p=81441#primaryimage","url":"https:\/\/noticiasemdestaque.com\/cd\/wp-content\/uploads\/2026\/08\/bdrj-ct-vasco.jpg","contentUrl":"https:\/\/noticiasemdestaque.com\/cd\/wp-content\/uploads\/2026\/08\/bdrj-ct-vasco.jpg","width":984,"height":554},{"@type":"BreadcrumbList","@id":"https:\/\/noticiasemdestaque.com\/cd\/?p=81441#breadcrumb","itemListElement":[{"@type":"ListItem","position":1,"name":"In\u00edcio","item":"https:\/\/noticiasemdestaque.com\/cd\/"},{"@type":"ListItem","position":2,"name":"Jogador do Vasco \u00e9 alvo de opera\u00e7\u00e3o contra tr\u00e1fico de drogas e armas no RJ"}]},{"@type":"WebSite","@id":"https:\/\/noticiasemdestaque.com\/cd\/#website","url":"https:\/\/noticiasemdestaque.com\/cd\/","name":"Not&iacute;cias em Destaque","description":"","publisher":{"@id":"https:\/\/noticiasemdestaque.com\/cd\/#organization"},"potentialAction":[{"@type":"SearchAction","target":{"@type":"EntryPoint","urlTemplate":"https:\/\/noticiasemdestaque.com\/cd\/?s={search_term_string}"},"query-input":{"@type":"PropertyValueSpecification","valueRequired":true,"valueName":"search_term_string"}}],"inLanguage":"pt-BR"},{"@type":"Organization","@id":"https:\/\/noticiasemdestaque.com\/cd\/#organization","name":"Not\u00edcias em Destaque","url":"https:\/\/noticiasemdestaque.com\/cd\/","logo":{"@type":"ImageObject","inLanguage":"pt-BR","@id":"https:\/\/noticiasemdestaque.com\/cd\/#\/schema\/logo\/image\/","url":"https:\/\/noticiasemdestaque.com\/cd\/wp-content\/uploads\/2022\/05\/imagem-base-noticiasemdestaque.png","contentUrl":"https:\/\/noticiasemdestaque.com\/cd\/wp-content\/uploads\/2022\/05\/imagem-base-noticiasemdestaque.png","width":1200,"height":630,"caption":"Not\u00edcias em Destaque"},"image":{"@id":"https:\/\/noticiasemdestaque.com\/cd\/#\/schema\/logo\/image\/"}},{"@type":"Person","@id":"https:\/\/noticiasemdestaque.com\/cd\/#\/schema\/person\/a978acbbda55eca5b71ccb9421897bb0","name":"Not\u00edcias em Destaque","url":"https:\/\/noticiasemdestaque.com\/cd\/?author=2"}]}},"jetpack_featured_media_url":"https:\/\/noticiasemdestaque.com\/cd\/wp-content\/uploads\/2026\/08\/bdrj-ct-vasco.jpg","jetpack_sharing_enabled":true,"_links":{"self":[{"href":"https:\/\/noticiasemdestaque.com\/cd\/index.php?rest_route=\/wp\/v2\/posts\/81441","targetHints":{"allow":["GET"]}}],"collection":[{"href":"https:\/\/noticiasemdestaque.com\/cd\/index.php?rest_route=\/wp\/v2\/posts"}],"about":[{"href":"https:\/\/noticiasemdestaque.com\/cd\/index.php?rest_route=\/wp\/v2\/types\/post"}],"author":[{"embeddable":true,"href":"https:\/\/noticiasemdestaque.com\/cd\/index.php?rest_route=\/wp\/v2\/users\/2"}],"replies":[{"embeddable":true,"href":"https:\/\/noticiasemdestaque.com\/cd\/index.php?rest_route=%2Fwp%2Fv2%2Fcomments&post=81441"}],"version-history":[{"count":1,"href":"https:\/\/noticiasemdestaque.com\/cd\/index.php?rest_route=\/wp\/v2\/posts\/81441\/revisions"}],"predecessor-version":[{"id":81444,"href":"https:\/\/noticiasemdestaque.com\/cd\/index.php?rest_route=\/wp\/v2\/posts\/81441\/revisions\/81444"}],"wp:featuredmedia":[{"embeddable":true,"href":"https:\/\/noticiasemdestaque.com\/cd\/index.php?rest_route=\/wp\/v2\/media\/81443"}],"wp:attachment":[{"href":"https:\/\/noticiasemdestaque.com\/cd\/index.php?rest_route=%2Fwp%2Fv2%2Fmedia&parent=81441"}],"wp:term":[{"taxonomy":"category","embeddable":true,"href":"https:\/\/noticiasemdestaque.com\/cd\/index.php?rest_route=%2Fwp%2Fv2%2Fcategories&post=81441"},{"taxonomy":"post_tag","embeddable":true,"href":"https:\/\/noticiasemdestaque.com\/cd\/index.php?rest_route=%2Fwp%2Fv2%2Ftags&post=81441"}],"curies":[{"name":"wp","href":"https:\/\/api.w.org\/{rel}","templated":true}]}}