{"id":81433,"date":"2026-08-31T08:56:12","date_gmt":"2026-08-31T11:56:12","guid":{"rendered":"https:\/\/noticiasemdestaque.com\/cd\/?p=81433"},"modified":"2026-08-31T08:57:18","modified_gmt":"2026-08-31T11:57:18","slug":"congresso-vota-nesta-semana-fim-da-escala-6x1-e-taxa-das-blusinhas","status":"publish","type":"post","link":"https:\/\/noticiasemdestaque.com\/cd\/?p=81433","title":{"rendered":"Congresso vota nesta semana fim da escala 6\u00d71 e \u201ctaxa das blusinhas\u201d"},"content":{"rendered":"<p><a href=\"https:\/\/noticiasemdestaque.com\/cd\/wp-content\/uploads\/2026\/08\/monumentos_brasilia_cupula_plenario_da_camara_dos_deputados3103201341.jpg-800x479-1.webp\"><img fetchpriority=\"high\" decoding=\"async\" class=\" wp-image-81434 aligncenter\" src=\"https:\/\/noticiasemdestaque.com\/cd\/wp-content\/uploads\/2026\/08\/monumentos_brasilia_cupula_plenario_da_camara_dos_deputados3103201341.jpg-800x479-1-300x180.webp\" alt=\"\" width=\"957\" height=\"574\" srcset=\"https:\/\/noticiasemdestaque.com\/cd\/wp-content\/uploads\/2026\/08\/monumentos_brasilia_cupula_plenario_da_camara_dos_deputados3103201341.jpg-800x479-1-300x180.webp 300w, https:\/\/noticiasemdestaque.com\/cd\/wp-content\/uploads\/2026\/08\/monumentos_brasilia_cupula_plenario_da_camara_dos_deputados3103201341.jpg-800x479-1-768x460.webp 768w, https:\/\/noticiasemdestaque.com\/cd\/wp-content\/uploads\/2026\/08\/monumentos_brasilia_cupula_plenario_da_camara_dos_deputados3103201341.jpg-800x479-1.webp 800w\" sizes=\"(max-width: 957px) 100vw, 957px\" \/><\/a><\/p>\n<p>O Congresso Nacional deve analisar nesta semana cinco propostas de grande repercuss\u00e3o social, como o fim da jornada 6\u00d71 e a isen\u00e7\u00e3o de impostos para as compras de at\u00e9 US$ 50 em plataformas digitais, conhecida como \u201ctaxa das blusinhas\u201d.\u00a0<img decoding=\"async\" src=\"https:\/\/agenciabrasil.ebc.com.br\/ebc.png?id=1701015&amp;o=node\" \/><img decoding=\"async\" src=\"https:\/\/agenciabrasil.ebc.com.br\/ebc.gif?id=1701015&amp;o=node\" \/><\/p>\n<p>As pautas fazem parte do esfor\u00e7o concentrado da C\u00e2mara dos Deputados e do Senado antes das elei\u00e7\u00f5es de outubro.<\/p>\n<h2>Fim da escala 6\u00d71<\/h2>\n<p>O texto que prev\u00ea o fim da jornada de trabalho de seis dias para um de descanso deve ser analisado na\u00a0quarta-feira (2)\u00a0pela Comiss\u00e3o de Constitui\u00e7\u00e3o e Justi\u00e7a do Senado.<\/p>\n<p>O relator da proposta, senador Omar Aziz (PSD-AM),\u00a0apresentou na \u00faltima quinta-feira (27) parecer favor\u00e1vel e rejeitou as doze emendas apresentadas pelos senadores. A estrat\u00e9gia \u00e9 manter o mesmo texto\u00a0aprovado pela C\u00e2mara e, assim, evitar que a proposta precise voltar para an\u00e1lise dos deputados.<\/p>\n<p><strong>Veja o que prev\u00ea o texto:<\/strong><\/p>\n<ul>\n<li>Dois dias de repouso semanal remunerado, sendo um deles preferencialmente aos domingos<\/li>\n<li>Sal\u00e1rio n\u00e3o poder\u00e1 ser reduzido por causa\u00a0diminui\u00e7\u00e3o da jornada<\/li>\n<li>Dois meses ap\u00f3s a promulga\u00e7\u00e3o da PEC, a jornada m\u00e1xima passa\u00a0das atuais 44 para 42 horas semanais.<\/li>\n<li>Um ano depois do fim desse primeiro per\u00edodo, cai definitivamente para 40 horas.<\/li>\n<\/ul>\n<p>Se for aprovada na CCJ, a Proposta de Emenda \u00e0 Constitui\u00e7\u00e3o (PEC) ainda precisa passar por dois turnos de vota\u00e7\u00e3o no Plen\u00e1rio do Senado, com pelo menos 49 votos favor\u00e1veis em cada um.<\/p>\n<h2>Fim da \u201ctaxa das blusinhas\u201d<\/h2>\n<p>Outro assunto de forte repercuss\u00e3o \u00e9 o fim da chamada \u201ctaxa das blusinhas\u201d, o imposto de importa\u00e7\u00e3o sobre compras internacionais de at\u00e9 US$ 50.<\/p>\n<p>A Medida Provis\u00f3ria\u00a0come\u00e7a a semana na comiss\u00e3o mista de deputados e senadores, que se re\u00fane nesta segunda-feira (31), \u00e0s 16h. A relatora, senadora Leila Barros (PDT-DF), deve apresentar o parecer e h\u00e1 expectativa de vota\u00e7\u00e3o na pr\u00f3pria comiss\u00e3o.<\/p>\n<p>A MP perde a validade no dia 8 de setembro. Se aprovada na comiss\u00e3o, ainda precisa passar pelos plen\u00e1rios da C\u00e2mara e do Senado.<\/p>\n<h2>Mototaxistas e entregadores de aplicativo<\/h2>\n<p>Na C\u00e2mara, a primeira sess\u00e3o de vota\u00e7\u00e3o est\u00e1 marcada para esta segunda-feira (31), \u00e0s 18h.<\/p>\n<p>Al\u00e9m da \u201ctaxa das blusinhas\u201d, est\u00e3o previstas outras duas medidas provis\u00f3rias ligadas aos trabalhadores de aplicativos: uma simplifica as regras para mototaxistas e profissionais de motofrete; e outra cria uma linha de financiamento para entregadores comprarem motos e bicicletas el\u00e9tricas.<\/p>\n<p>Entre os outros projetos que podem ser analisados pelos deputados est\u00e3o a manuten\u00e7\u00e3o dos incentivos fiscais para doa\u00e7\u00f5es aos programas de aten\u00e7\u00e3o oncol\u00f3gica e de sa\u00fade da pessoa com defici\u00eancia, a Pol\u00edtica Nacional de Agroecologia e Produ\u00e7\u00e3o Org\u00e2nica e o Plano Nacional de Cultura para os pr\u00f3ximos dez anos.<\/p>\n<h2>PEC da Seguran\u00e7a P\u00fablica<\/h2>\n<p>No Senado, outra prioridade \u00e9 a PEC da Seguran\u00e7a P\u00fablica, que tamb\u00e9m est\u00e1 na Comiss\u00e3o de Constitui\u00e7\u00e3o e Justi\u00e7a. A proposta amplia a integra\u00e7\u00e3o entre as for\u00e7as de seguran\u00e7a, o compartilhamento de informa\u00e7\u00f5es e altera regras de financiamento do setor.<\/p>\n<p>Na pauta econ\u00f4mica, os senadores devem tentar avan\u00e7ar no Redata, que cria incentivos para a instala\u00e7\u00e3o de data centers no Brasil, e no marco dos minerais cr\u00edticos e estrat\u00e9gicos, mat\u00e9rias-primas essenciais para setores como tecnologia, energia limpa, carros el\u00e9tricos e defesa.<\/p>\n<h2>Or\u00e7amento de 2027<\/h2>\n<p>Al\u00e9m das vota\u00e7\u00f5es, o Congresso recebe uma das propostas mais importantes para a economia no pr\u00f3ximo ano: o Or\u00e7amento de 2027.<\/p>\n<p>O governo precisa encaminhar ao Congresso o Projeto de Lei Or\u00e7ament\u00e1ria Anual, o PLOA, com as estimativas de receitas e despesas da Uni\u00e3o para o ano que vem.<\/p>\n<p>A proposta abre uma nova rodada de negocia\u00e7\u00f5es sobre as prioridades do governo, o cumprimento das metas fiscais e os recursos destinados \u00e0s pol\u00edticas p\u00fablicas e aos investimentos federais.<\/p>\n<p><strong>Noticias em Destaque<\/strong><\/p>\n<p style=\"text-align: right;\"><em>Fonte: Ag\u00eancia Brasil\u00a0<\/em><\/p>\n","protected":false},"excerpt":{"rendered":"<p>O Congresso Nacional deve analisar nesta semana cinco propostas de grande repercuss\u00e3o social, como o fim da jornada 6\u00d71 e a isen\u00e7\u00e3o de impostos para as compras de at\u00e9 US$ 50 em plataformas digitais, conhecida como \u201ctaxa das blusinhas\u201d.\u00a0 As pautas fazem parte do esfor\u00e7o concentrado da C\u00e2mara dos Deputados e do Senado antes das elei\u00e7\u00f5es de outubro. Fim da escala 6\u00d71 O texto que prev\u00ea o fim da jornada de trabalho de seis dias para um de descanso deve ser analisado na\u00a0quarta-feira (2)\u00a0pela Comiss\u00e3o de Constitui\u00e7\u00e3o e Justi\u00e7a do Senado. O relator da proposta, senador Omar Aziz (PSD-AM),\u00a0apresentou na \u00faltima quinta-feira (27) parecer favor\u00e1vel e rejeitou as doze emendas apresentadas pelos senadores. A estrat\u00e9gia \u00e9 manter o mesmo texto\u00a0aprovado pela C\u00e2mara e, assim, evitar que a proposta precise voltar para an\u00e1lise dos deputados. Veja o que prev\u00ea o texto: Dois dias de repouso semanal remunerado, sendo um deles preferencialmente aos domingos Sal\u00e1rio n\u00e3o poder\u00e1 ser reduzido por causa\u00a0diminui\u00e7\u00e3o da jornada Dois meses ap\u00f3s a promulga\u00e7\u00e3o da PEC, a jornada m\u00e1xima passa\u00a0das atuais 44 para 42 horas semanais. Um ano depois do fim desse primeiro per\u00edodo, cai definitivamente para 40 horas. Se for aprovada na CCJ, a Proposta de Emenda \u00e0 Constitui\u00e7\u00e3o (PEC) ainda precisa passar por dois turnos de vota\u00e7\u00e3o no Plen\u00e1rio do Senado, com pelo menos 49 votos favor\u00e1veis em cada um. Fim da \u201ctaxa das blusinhas\u201d Outro assunto de forte repercuss\u00e3o \u00e9 o fim da chamada \u201ctaxa das blusinhas\u201d, o imposto de importa\u00e7\u00e3o sobre compras internacionais de at\u00e9 US$ 50. A Medida Provis\u00f3ria\u00a0come\u00e7a a semana na comiss\u00e3o mista de deputados e senadores, que se re\u00fane nesta segunda-feira (31), \u00e0s 16h. A relatora, senadora Leila Barros (PDT-DF), deve apresentar o parecer e h\u00e1 expectativa de vota\u00e7\u00e3o na pr\u00f3pria comiss\u00e3o. A MP perde a validade no dia 8 de setembro. Se aprovada na comiss\u00e3o, ainda precisa passar pelos plen\u00e1rios da C\u00e2mara e do Senado. Mototaxistas e entregadores de aplicativo Na C\u00e2mara, a primeira sess\u00e3o de vota\u00e7\u00e3o est\u00e1 marcada para esta segunda-feira (31), \u00e0s 18h. Al\u00e9m da \u201ctaxa das blusinhas\u201d, est\u00e3o previstas outras duas medidas provis\u00f3rias ligadas aos trabalhadores de aplicativos: uma simplifica as regras para mototaxistas e profissionais de motofrete; e outra cria uma linha de financiamento para entregadores comprarem motos e bicicletas el\u00e9tricas. Entre os outros projetos que podem ser analisados pelos deputados est\u00e3o a manuten\u00e7\u00e3o dos incentivos fiscais para doa\u00e7\u00f5es aos programas de aten\u00e7\u00e3o oncol\u00f3gica e de sa\u00fade da pessoa com defici\u00eancia, a Pol\u00edtica Nacional de Agroecologia e Produ\u00e7\u00e3o Org\u00e2nica e o Plano Nacional de Cultura para os pr\u00f3ximos dez anos. PEC da Seguran\u00e7a P\u00fablica No Senado, outra prioridade \u00e9 a PEC da Seguran\u00e7a P\u00fablica, que tamb\u00e9m est\u00e1 na Comiss\u00e3o de Constitui\u00e7\u00e3o e Justi\u00e7a. A proposta amplia a integra\u00e7\u00e3o entre as for\u00e7as de seguran\u00e7a, o compartilhamento de informa\u00e7\u00f5es e altera regras de financiamento do setor. Na pauta econ\u00f4mica, os senadores devem tentar avan\u00e7ar no Redata, que cria incentivos para a instala\u00e7\u00e3o de data centers no Brasil, e no marco dos minerais cr\u00edticos e estrat\u00e9gicos, mat\u00e9rias-primas essenciais para setores como tecnologia, energia limpa, carros el\u00e9tricos e defesa. Or\u00e7amento de 2027 Al\u00e9m das vota\u00e7\u00f5es, o Congresso recebe uma das propostas mais importantes para a economia no pr\u00f3ximo ano: o Or\u00e7amento de 2027. O governo precisa encaminhar ao Congresso o Projeto de Lei Or\u00e7ament\u00e1ria Anual, o PLOA, com as estimativas de receitas e despesas da Uni\u00e3o para o ano que vem. A proposta abre uma nova rodada de negocia\u00e7\u00f5es sobre as prioridades do governo, o cumprimento das metas fiscais e os recursos destinados \u00e0s pol\u00edticas p\u00fablicas e aos investimentos federais. Noticias em Destaque Fonte: Ag\u00eancia Brasil\u00a0<\/p>\n","protected":false},"author":2,"featured_media":81434,"comment_status":"closed","ping_status":"closed","sticky":false,"template":"","format":"standard","meta":{"_eb_attr":"","_jetpack_memberships_contains_paid_content":false,"footnotes":""},"categories":[4],"tags":[],"class_list":["post-81433","post","type-post","status-publish","format-standard","has-post-thumbnail","hentry","category-politica"],"yoast_head":"<!-- This site is optimized with the Yoast SEO plugin v26.5 - https:\/\/yoast.com\/wordpress\/plugins\/seo\/ -->\n<title>Congresso vota nesta semana fim da escala 6\u00d71 e \u201ctaxa das blusinhas\u201d - Not&iacute;cias em Destaque<\/title>\n<meta name=\"robots\" content=\"index, follow, max-snippet:-1, max-image-preview:large, max-video-preview:-1\" \/>\n<link rel=\"canonical\" href=\"https:\/\/noticiasemdestaque.com\/cd\/?p=81433\" \/>\n<meta property=\"og:locale\" content=\"pt_BR\" \/>\n<meta property=\"og:type\" content=\"article\" \/>\n<meta property=\"og:title\" content=\"Congresso vota nesta semana fim da escala 6\u00d71 e \u201ctaxa das blusinhas\u201d - Not&iacute;cias em Destaque\" \/>\n<meta property=\"og:description\" content=\"O Congresso Nacional deve analisar nesta semana cinco propostas de grande repercuss\u00e3o social, como o fim da jornada 6\u00d71 e a isen\u00e7\u00e3o de impostos para as compras de at\u00e9 US$ 50 em plataformas digitais, conhecida como \u201ctaxa das blusinhas\u201d.\u00a0 As pautas fazem parte do esfor\u00e7o concentrado da C\u00e2mara dos Deputados e do Senado antes das elei\u00e7\u00f5es de outubro. Fim da escala 6\u00d71 O texto que prev\u00ea o fim da jornada de trabalho de seis dias para um de descanso deve ser analisado na\u00a0quarta-feira (2)\u00a0pela Comiss\u00e3o de Constitui\u00e7\u00e3o e Justi\u00e7a do Senado. O relator da proposta, senador Omar Aziz (PSD-AM),\u00a0apresentou na \u00faltima quinta-feira (27) parecer favor\u00e1vel e rejeitou as doze emendas apresentadas pelos senadores. A estrat\u00e9gia \u00e9 manter o mesmo texto\u00a0aprovado pela C\u00e2mara e, assim, evitar que a proposta precise voltar para an\u00e1lise dos deputados. Veja o que prev\u00ea o texto: Dois dias de repouso semanal remunerado, sendo um deles preferencialmente aos domingos Sal\u00e1rio n\u00e3o poder\u00e1 ser reduzido por causa\u00a0diminui\u00e7\u00e3o da jornada Dois meses ap\u00f3s a promulga\u00e7\u00e3o da PEC, a jornada m\u00e1xima passa\u00a0das atuais 44 para 42 horas semanais. Um ano depois do fim desse primeiro per\u00edodo, cai definitivamente para 40 horas. Se for aprovada na CCJ, a Proposta de Emenda \u00e0 Constitui\u00e7\u00e3o (PEC) ainda precisa passar por dois turnos de vota\u00e7\u00e3o no Plen\u00e1rio do Senado, com pelo menos 49 votos favor\u00e1veis em cada um. Fim da \u201ctaxa das blusinhas\u201d Outro assunto de forte repercuss\u00e3o \u00e9 o fim da chamada \u201ctaxa das blusinhas\u201d, o imposto de importa\u00e7\u00e3o sobre compras internacionais de at\u00e9 US$ 50. A Medida Provis\u00f3ria\u00a0come\u00e7a a semana na comiss\u00e3o mista de deputados e senadores, que se re\u00fane nesta segunda-feira (31), \u00e0s 16h. A relatora, senadora Leila Barros (PDT-DF), deve apresentar o parecer e h\u00e1 expectativa de vota\u00e7\u00e3o na pr\u00f3pria comiss\u00e3o. A MP perde a validade no dia 8 de setembro. Se aprovada na comiss\u00e3o, ainda precisa passar pelos plen\u00e1rios da C\u00e2mara e do Senado. Mototaxistas e entregadores de aplicativo Na C\u00e2mara, a primeira sess\u00e3o de vota\u00e7\u00e3o est\u00e1 marcada para esta segunda-feira (31), \u00e0s 18h. Al\u00e9m da \u201ctaxa das blusinhas\u201d, est\u00e3o previstas outras duas medidas provis\u00f3rias ligadas aos trabalhadores de aplicativos: uma simplifica as regras para mototaxistas e profissionais de motofrete; e outra cria uma linha de financiamento para entregadores comprarem motos e bicicletas el\u00e9tricas. Entre os outros projetos que podem ser analisados pelos deputados est\u00e3o a manuten\u00e7\u00e3o dos incentivos fiscais para doa\u00e7\u00f5es aos programas de aten\u00e7\u00e3o oncol\u00f3gica e de sa\u00fade da pessoa com defici\u00eancia, a Pol\u00edtica Nacional de Agroecologia e Produ\u00e7\u00e3o Org\u00e2nica e o Plano Nacional de Cultura para os pr\u00f3ximos dez anos. PEC da Seguran\u00e7a P\u00fablica No Senado, outra prioridade \u00e9 a PEC da Seguran\u00e7a P\u00fablica, que tamb\u00e9m est\u00e1 na Comiss\u00e3o de Constitui\u00e7\u00e3o e Justi\u00e7a. A proposta amplia a integra\u00e7\u00e3o entre as for\u00e7as de seguran\u00e7a, o compartilhamento de informa\u00e7\u00f5es e altera regras de financiamento do setor. Na pauta econ\u00f4mica, os senadores devem tentar avan\u00e7ar no Redata, que cria incentivos para a instala\u00e7\u00e3o de data centers no Brasil, e no marco dos minerais cr\u00edticos e estrat\u00e9gicos, mat\u00e9rias-primas essenciais para setores como tecnologia, energia limpa, carros el\u00e9tricos e defesa. Or\u00e7amento de 2027 Al\u00e9m das vota\u00e7\u00f5es, o Congresso recebe uma das propostas mais importantes para a economia no pr\u00f3ximo ano: o Or\u00e7amento de 2027. O governo precisa encaminhar ao Congresso o Projeto de Lei Or\u00e7ament\u00e1ria Anual, o PLOA, com as estimativas de receitas e despesas da Uni\u00e3o para o ano que vem. A proposta abre uma nova rodada de negocia\u00e7\u00f5es sobre as prioridades do governo, o cumprimento das metas fiscais e os recursos destinados \u00e0s pol\u00edticas p\u00fablicas e aos investimentos federais. Noticias em Destaque Fonte: Ag\u00eancia Brasil\u00a0\" \/>\n<meta property=\"og:url\" content=\"https:\/\/noticiasemdestaque.com\/cd\/?p=81433\" \/>\n<meta property=\"og:site_name\" content=\"Not&iacute;cias em Destaque\" \/>\n<meta property=\"article:published_time\" content=\"2026-08-31T11:56:12+00:00\" \/>\n<meta property=\"article:modified_time\" content=\"2026-08-31T11:57:18+00:00\" \/>\n<meta property=\"og:image\" content=\"https:\/\/noticiasemdestaque.com\/cd\/wp-content\/uploads\/2026\/08\/monumentos_brasilia_cupula_plenario_da_camara_dos_deputados3103201341.jpg-800x479-1.webp\" \/>\n\t<meta property=\"og:image:width\" content=\"800\" \/>\n\t<meta property=\"og:image:height\" content=\"479\" \/>\n\t<meta property=\"og:image:type\" content=\"image\/webp\" \/>\n<meta name=\"author\" content=\"Not\u00edcias em Destaque\" \/>\n<meta name=\"twitter:card\" content=\"summary_large_image\" \/>\n<meta name=\"twitter:label1\" content=\"Escrito por\" \/>\n\t<meta name=\"twitter:data1\" content=\"Not\u00edcias em Destaque\" \/>\n\t<meta name=\"twitter:label2\" content=\"Est. tempo de leitura\" \/>\n\t<meta name=\"twitter:data2\" content=\"5 minutos\" \/>\n<script type=\"application\/ld+json\" class=\"yoast-schema-graph\">{\"@context\":\"https:\/\/schema.org\",\"@graph\":[{\"@type\":\"Article\",\"@id\":\"https:\/\/noticiasemdestaque.com\/cd\/?p=81433#article\",\"isPartOf\":{\"@id\":\"https:\/\/noticiasemdestaque.com\/cd\/?p=81433\"},\"author\":{\"name\":\"Not\u00edcias em Destaque\",\"@id\":\"https:\/\/noticiasemdestaque.com\/cd\/#\/schema\/person\/a978acbbda55eca5b71ccb9421897bb0\"},\"headline\":\"Congresso vota nesta semana fim da escala 6\u00d71 e \u201ctaxa das blusinhas\u201d\",\"datePublished\":\"2026-08-31T11:56:12+00:00\",\"dateModified\":\"2026-08-31T11:57:18+00:00\",\"mainEntityOfPage\":{\"@id\":\"https:\/\/noticiasemdestaque.com\/cd\/?p=81433\"},\"wordCount\":679,\"publisher\":{\"@id\":\"https:\/\/noticiasemdestaque.com\/cd\/#organization\"},\"image\":{\"@id\":\"https:\/\/noticiasemdestaque.com\/cd\/?p=81433#primaryimage\"},\"thumbnailUrl\":\"https:\/\/noticiasemdestaque.com\/cd\/wp-content\/uploads\/2026\/08\/monumentos_brasilia_cupula_plenario_da_camara_dos_deputados3103201341.jpg-800x479-1.webp\",\"articleSection\":[\"Pol\u00edtica\"],\"inLanguage\":\"pt-BR\"},{\"@type\":\"WebPage\",\"@id\":\"https:\/\/noticiasemdestaque.com\/cd\/?p=81433\",\"url\":\"https:\/\/noticiasemdestaque.com\/cd\/?p=81433\",\"name\":\"Congresso vota nesta semana fim da escala 6\u00d71 e \u201ctaxa das blusinhas\u201d - Not&iacute;cias em Destaque\",\"isPartOf\":{\"@id\":\"https:\/\/noticiasemdestaque.com\/cd\/#website\"},\"primaryImageOfPage\":{\"@id\":\"https:\/\/noticiasemdestaque.com\/cd\/?p=81433#primaryimage\"},\"image\":{\"@id\":\"https:\/\/noticiasemdestaque.com\/cd\/?p=81433#primaryimage\"},\"thumbnailUrl\":\"https:\/\/noticiasemdestaque.com\/cd\/wp-content\/uploads\/2026\/08\/monumentos_brasilia_cupula_plenario_da_camara_dos_deputados3103201341.jpg-800x479-1.webp\",\"datePublished\":\"2026-08-31T11:56:12+00:00\",\"dateModified\":\"2026-08-31T11:57:18+00:00\",\"breadcrumb\":{\"@id\":\"https:\/\/noticiasemdestaque.com\/cd\/?p=81433#breadcrumb\"},\"inLanguage\":\"pt-BR\",\"potentialAction\":[{\"@type\":\"ReadAction\",\"target\":[\"https:\/\/noticiasemdestaque.com\/cd\/?p=81433\"]}]},{\"@type\":\"ImageObject\",\"inLanguage\":\"pt-BR\",\"@id\":\"https:\/\/noticiasemdestaque.com\/cd\/?p=81433#primaryimage\",\"url\":\"https:\/\/noticiasemdestaque.com\/cd\/wp-content\/uploads\/2026\/08\/monumentos_brasilia_cupula_plenario_da_camara_dos_deputados3103201341.jpg-800x479-1.webp\",\"contentUrl\":\"https:\/\/noticiasemdestaque.com\/cd\/wp-content\/uploads\/2026\/08\/monumentos_brasilia_cupula_plenario_da_camara_dos_deputados3103201341.jpg-800x479-1.webp\",\"width\":800,\"height\":479},{\"@type\":\"BreadcrumbList\",\"@id\":\"https:\/\/noticiasemdestaque.com\/cd\/?p=81433#breadcrumb\",\"itemListElement\":[{\"@type\":\"ListItem\",\"position\":1,\"name\":\"In\u00edcio\",\"item\":\"https:\/\/noticiasemdestaque.com\/cd\/\"},{\"@type\":\"ListItem\",\"position\":2,\"name\":\"Congresso vota nesta semana fim da escala 6\u00d71 e \u201ctaxa das blusinhas\u201d\"}]},{\"@type\":\"WebSite\",\"@id\":\"https:\/\/noticiasemdestaque.com\/cd\/#website\",\"url\":\"https:\/\/noticiasemdestaque.com\/cd\/\",\"name\":\"Not&iacute;cias em Destaque\",\"description\":\"\",\"publisher\":{\"@id\":\"https:\/\/noticiasemdestaque.com\/cd\/#organization\"},\"potentialAction\":[{\"@type\":\"SearchAction\",\"target\":{\"@type\":\"EntryPoint\",\"urlTemplate\":\"https:\/\/noticiasemdestaque.com\/cd\/?s={search_term_string}\"},\"query-input\":{\"@type\":\"PropertyValueSpecification\",\"valueRequired\":true,\"valueName\":\"search_term_string\"}}],\"inLanguage\":\"pt-BR\"},{\"@type\":\"Organization\",\"@id\":\"https:\/\/noticiasemdestaque.com\/cd\/#organization\",\"name\":\"Not\u00edcias em Destaque\",\"url\":\"https:\/\/noticiasemdestaque.com\/cd\/\",\"logo\":{\"@type\":\"ImageObject\",\"inLanguage\":\"pt-BR\",\"@id\":\"https:\/\/noticiasemdestaque.com\/cd\/#\/schema\/logo\/image\/\",\"url\":\"https:\/\/noticiasemdestaque.com\/cd\/wp-content\/uploads\/2022\/05\/imagem-base-noticiasemdestaque.png\",\"contentUrl\":\"https:\/\/noticiasemdestaque.com\/cd\/wp-content\/uploads\/2022\/05\/imagem-base-noticiasemdestaque.png\",\"width\":1200,\"height\":630,\"caption\":\"Not\u00edcias em Destaque\"},\"image\":{\"@id\":\"https:\/\/noticiasemdestaque.com\/cd\/#\/schema\/logo\/image\/\"}},{\"@type\":\"Person\",\"@id\":\"https:\/\/noticiasemdestaque.com\/cd\/#\/schema\/person\/a978acbbda55eca5b71ccb9421897bb0\",\"name\":\"Not\u00edcias em Destaque\",\"url\":\"https:\/\/noticiasemdestaque.com\/cd\/?author=2\"}]}<\/script>\n<!-- \/ Yoast SEO plugin. -->","yoast_head_json":{"title":"Congresso vota nesta semana fim da escala 6\u00d71 e \u201ctaxa das blusinhas\u201d - Not&iacute;cias em Destaque","robots":{"index":"index","follow":"follow","max-snippet":"max-snippet:-1","max-image-preview":"max-image-preview:large","max-video-preview":"max-video-preview:-1"},"canonical":"https:\/\/noticiasemdestaque.com\/cd\/?p=81433","og_locale":"pt_BR","og_type":"article","og_title":"Congresso vota nesta semana fim da escala 6\u00d71 e \u201ctaxa das blusinhas\u201d - Not&iacute;cias em Destaque","og_description":"O Congresso Nacional deve analisar nesta semana cinco propostas de grande repercuss\u00e3o social, como o fim da jornada 6\u00d71 e a isen\u00e7\u00e3o de impostos para as compras de at\u00e9 US$ 50 em plataformas digitais, conhecida como \u201ctaxa das blusinhas\u201d.\u00a0 As pautas fazem parte do esfor\u00e7o concentrado da C\u00e2mara dos Deputados e do Senado antes das elei\u00e7\u00f5es de outubro. Fim da escala 6\u00d71 O texto que prev\u00ea o fim da jornada de trabalho de seis dias para um de descanso deve ser analisado na\u00a0quarta-feira (2)\u00a0pela Comiss\u00e3o de Constitui\u00e7\u00e3o e Justi\u00e7a do Senado. O relator da proposta, senador Omar Aziz (PSD-AM),\u00a0apresentou na \u00faltima quinta-feira (27) parecer favor\u00e1vel e rejeitou as doze emendas apresentadas pelos senadores. A estrat\u00e9gia \u00e9 manter o mesmo texto\u00a0aprovado pela C\u00e2mara e, assim, evitar que a proposta precise voltar para an\u00e1lise dos deputados. Veja o que prev\u00ea o texto: Dois dias de repouso semanal remunerado, sendo um deles preferencialmente aos domingos Sal\u00e1rio n\u00e3o poder\u00e1 ser reduzido por causa\u00a0diminui\u00e7\u00e3o da jornada Dois meses ap\u00f3s a promulga\u00e7\u00e3o da PEC, a jornada m\u00e1xima passa\u00a0das atuais 44 para 42 horas semanais. Um ano depois do fim desse primeiro per\u00edodo, cai definitivamente para 40 horas. Se for aprovada na CCJ, a Proposta de Emenda \u00e0 Constitui\u00e7\u00e3o (PEC) ainda precisa passar por dois turnos de vota\u00e7\u00e3o no Plen\u00e1rio do Senado, com pelo menos 49 votos favor\u00e1veis em cada um. Fim da \u201ctaxa das blusinhas\u201d Outro assunto de forte repercuss\u00e3o \u00e9 o fim da chamada \u201ctaxa das blusinhas\u201d, o imposto de importa\u00e7\u00e3o sobre compras internacionais de at\u00e9 US$ 50. A Medida Provis\u00f3ria\u00a0come\u00e7a a semana na comiss\u00e3o mista de deputados e senadores, que se re\u00fane nesta segunda-feira (31), \u00e0s 16h. A relatora, senadora Leila Barros (PDT-DF), deve apresentar o parecer e h\u00e1 expectativa de vota\u00e7\u00e3o na pr\u00f3pria comiss\u00e3o. A MP perde a validade no dia 8 de setembro. Se aprovada na comiss\u00e3o, ainda precisa passar pelos plen\u00e1rios da C\u00e2mara e do Senado. Mototaxistas e entregadores de aplicativo Na C\u00e2mara, a primeira sess\u00e3o de vota\u00e7\u00e3o est\u00e1 marcada para esta segunda-feira (31), \u00e0s 18h. Al\u00e9m da \u201ctaxa das blusinhas\u201d, est\u00e3o previstas outras duas medidas provis\u00f3rias ligadas aos trabalhadores de aplicativos: uma simplifica as regras para mototaxistas e profissionais de motofrete; e outra cria uma linha de financiamento para entregadores comprarem motos e bicicletas el\u00e9tricas. Entre os outros projetos que podem ser analisados pelos deputados est\u00e3o a manuten\u00e7\u00e3o dos incentivos fiscais para doa\u00e7\u00f5es aos programas de aten\u00e7\u00e3o oncol\u00f3gica e de sa\u00fade da pessoa com defici\u00eancia, a Pol\u00edtica Nacional de Agroecologia e Produ\u00e7\u00e3o Org\u00e2nica e o Plano Nacional de Cultura para os pr\u00f3ximos dez anos. PEC da Seguran\u00e7a P\u00fablica No Senado, outra prioridade \u00e9 a PEC da Seguran\u00e7a P\u00fablica, que tamb\u00e9m est\u00e1 na Comiss\u00e3o de Constitui\u00e7\u00e3o e Justi\u00e7a. A proposta amplia a integra\u00e7\u00e3o entre as for\u00e7as de seguran\u00e7a, o compartilhamento de informa\u00e7\u00f5es e altera regras de financiamento do setor. Na pauta econ\u00f4mica, os senadores devem tentar avan\u00e7ar no Redata, que cria incentivos para a instala\u00e7\u00e3o de data centers no Brasil, e no marco dos minerais cr\u00edticos e estrat\u00e9gicos, mat\u00e9rias-primas essenciais para setores como tecnologia, energia limpa, carros el\u00e9tricos e defesa. Or\u00e7amento de 2027 Al\u00e9m das vota\u00e7\u00f5es, o Congresso recebe uma das propostas mais importantes para a economia no pr\u00f3ximo ano: o Or\u00e7amento de 2027. O governo precisa encaminhar ao Congresso o Projeto de Lei Or\u00e7ament\u00e1ria Anual, o PLOA, com as estimativas de receitas e despesas da Uni\u00e3o para o ano que vem. A proposta abre uma nova rodada de negocia\u00e7\u00f5es sobre as prioridades do governo, o cumprimento das metas fiscais e os recursos destinados \u00e0s pol\u00edticas p\u00fablicas e aos investimentos federais. Noticias em Destaque Fonte: Ag\u00eancia Brasil\u00a0","og_url":"https:\/\/noticiasemdestaque.com\/cd\/?p=81433","og_site_name":"Not&iacute;cias em Destaque","article_published_time":"2026-08-31T11:56:12+00:00","article_modified_time":"2026-08-31T11:57:18+00:00","og_image":[{"width":800,"height":479,"url":"https:\/\/noticiasemdestaque.com\/cd\/wp-content\/uploads\/2026\/08\/monumentos_brasilia_cupula_plenario_da_camara_dos_deputados3103201341.jpg-800x479-1.webp","type":"image\/webp"}],"author":"Not\u00edcias em Destaque","twitter_card":"summary_large_image","twitter_misc":{"Escrito por":"Not\u00edcias em Destaque","Est. tempo de leitura":"5 minutos"},"schema":{"@context":"https:\/\/schema.org","@graph":[{"@type":"Article","@id":"https:\/\/noticiasemdestaque.com\/cd\/?p=81433#article","isPartOf":{"@id":"https:\/\/noticiasemdestaque.com\/cd\/?p=81433"},"author":{"name":"Not\u00edcias em Destaque","@id":"https:\/\/noticiasemdestaque.com\/cd\/#\/schema\/person\/a978acbbda55eca5b71ccb9421897bb0"},"headline":"Congresso vota nesta semana fim da escala 6\u00d71 e \u201ctaxa das blusinhas\u201d","datePublished":"2026-08-31T11:56:12+00:00","dateModified":"2026-08-31T11:57:18+00:00","mainEntityOfPage":{"@id":"https:\/\/noticiasemdestaque.com\/cd\/?p=81433"},"wordCount":679,"publisher":{"@id":"https:\/\/noticiasemdestaque.com\/cd\/#organization"},"image":{"@id":"https:\/\/noticiasemdestaque.com\/cd\/?p=81433#primaryimage"},"thumbnailUrl":"https:\/\/noticiasemdestaque.com\/cd\/wp-content\/uploads\/2026\/08\/monumentos_brasilia_cupula_plenario_da_camara_dos_deputados3103201341.jpg-800x479-1.webp","articleSection":["Pol\u00edtica"],"inLanguage":"pt-BR"},{"@type":"WebPage","@id":"https:\/\/noticiasemdestaque.com\/cd\/?p=81433","url":"https:\/\/noticiasemdestaque.com\/cd\/?p=81433","name":"Congresso vota nesta semana fim da escala 6\u00d71 e \u201ctaxa das blusinhas\u201d - Not&iacute;cias em Destaque","isPartOf":{"@id":"https:\/\/noticiasemdestaque.com\/cd\/#website"},"primaryImageOfPage":{"@id":"https:\/\/noticiasemdestaque.com\/cd\/?p=81433#primaryimage"},"image":{"@id":"https:\/\/noticiasemdestaque.com\/cd\/?p=81433#primaryimage"},"thumbnailUrl":"https:\/\/noticiasemdestaque.com\/cd\/wp-content\/uploads\/2026\/08\/monumentos_brasilia_cupula_plenario_da_camara_dos_deputados3103201341.jpg-800x479-1.webp","datePublished":"2026-08-31T11:56:12+00:00","dateModified":"2026-08-31T11:57:18+00:00","breadcrumb":{"@id":"https:\/\/noticiasemdestaque.com\/cd\/?p=81433#breadcrumb"},"inLanguage":"pt-BR","potentialAction":[{"@type":"ReadAction","target":["https:\/\/noticiasemdestaque.com\/cd\/?p=81433"]}]},{"@type":"ImageObject","inLanguage":"pt-BR","@id":"https:\/\/noticiasemdestaque.com\/cd\/?p=81433#primaryimage","url":"https:\/\/noticiasemdestaque.com\/cd\/wp-content\/uploads\/2026\/08\/monumentos_brasilia_cupula_plenario_da_camara_dos_deputados3103201341.jpg-800x479-1.webp","contentUrl":"https:\/\/noticiasemdestaque.com\/cd\/wp-content\/uploads\/2026\/08\/monumentos_brasilia_cupula_plenario_da_camara_dos_deputados3103201341.jpg-800x479-1.webp","width":800,"height":479},{"@type":"BreadcrumbList","@id":"https:\/\/noticiasemdestaque.com\/cd\/?p=81433#breadcrumb","itemListElement":[{"@type":"ListItem","position":1,"name":"In\u00edcio","item":"https:\/\/noticiasemdestaque.com\/cd\/"},{"@type":"ListItem","position":2,"name":"Congresso vota nesta semana fim da escala 6\u00d71 e \u201ctaxa das blusinhas\u201d"}]},{"@type":"WebSite","@id":"https:\/\/noticiasemdestaque.com\/cd\/#website","url":"https:\/\/noticiasemdestaque.com\/cd\/","name":"Not&iacute;cias em Destaque","description":"","publisher":{"@id":"https:\/\/noticiasemdestaque.com\/cd\/#organization"},"potentialAction":[{"@type":"SearchAction","target":{"@type":"EntryPoint","urlTemplate":"https:\/\/noticiasemdestaque.com\/cd\/?s={search_term_string}"},"query-input":{"@type":"PropertyValueSpecification","valueRequired":true,"valueName":"search_term_string"}}],"inLanguage":"pt-BR"},{"@type":"Organization","@id":"https:\/\/noticiasemdestaque.com\/cd\/#organization","name":"Not\u00edcias em Destaque","url":"https:\/\/noticiasemdestaque.com\/cd\/","logo":{"@type":"ImageObject","inLanguage":"pt-BR","@id":"https:\/\/noticiasemdestaque.com\/cd\/#\/schema\/logo\/image\/","url":"https:\/\/noticiasemdestaque.com\/cd\/wp-content\/uploads\/2022\/05\/imagem-base-noticiasemdestaque.png","contentUrl":"https:\/\/noticiasemdestaque.com\/cd\/wp-content\/uploads\/2022\/05\/imagem-base-noticiasemdestaque.png","width":1200,"height":630,"caption":"Not\u00edcias em Destaque"},"image":{"@id":"https:\/\/noticiasemdestaque.com\/cd\/#\/schema\/logo\/image\/"}},{"@type":"Person","@id":"https:\/\/noticiasemdestaque.com\/cd\/#\/schema\/person\/a978acbbda55eca5b71ccb9421897bb0","name":"Not\u00edcias em Destaque","url":"https:\/\/noticiasemdestaque.com\/cd\/?author=2"}]}},"jetpack_featured_media_url":"https:\/\/noticiasemdestaque.com\/cd\/wp-content\/uploads\/2026\/08\/monumentos_brasilia_cupula_plenario_da_camara_dos_deputados3103201341.jpg-800x479-1.webp","jetpack_sharing_enabled":true,"_links":{"self":[{"href":"https:\/\/noticiasemdestaque.com\/cd\/index.php?rest_route=\/wp\/v2\/posts\/81433","targetHints":{"allow":["GET"]}}],"collection":[{"href":"https:\/\/noticiasemdestaque.com\/cd\/index.php?rest_route=\/wp\/v2\/posts"}],"about":[{"href":"https:\/\/noticiasemdestaque.com\/cd\/index.php?rest_route=\/wp\/v2\/types\/post"}],"author":[{"embeddable":true,"href":"https:\/\/noticiasemdestaque.com\/cd\/index.php?rest_route=\/wp\/v2\/users\/2"}],"replies":[{"embeddable":true,"href":"https:\/\/noticiasemdestaque.com\/cd\/index.php?rest_route=%2Fwp%2Fv2%2Fcomments&post=81433"}],"version-history":[{"count":2,"href":"https:\/\/noticiasemdestaque.com\/cd\/index.php?rest_route=\/wp\/v2\/posts\/81433\/revisions"}],"predecessor-version":[{"id":81436,"href":"https:\/\/noticiasemdestaque.com\/cd\/index.php?rest_route=\/wp\/v2\/posts\/81433\/revisions\/81436"}],"wp:featuredmedia":[{"embeddable":true,"href":"https:\/\/noticiasemdestaque.com\/cd\/index.php?rest_route=\/wp\/v2\/media\/81434"}],"wp:attachment":[{"href":"https:\/\/noticiasemdestaque.com\/cd\/index.php?rest_route=%2Fwp%2Fv2%2Fmedia&parent=81433"}],"wp:term":[{"taxonomy":"category","embeddable":true,"href":"https:\/\/noticiasemdestaque.com\/cd\/index.php?rest_route=%2Fwp%2Fv2%2Fcategories&post=81433"},{"taxonomy":"post_tag","embeddable":true,"href":"https:\/\/noticiasemdestaque.com\/cd\/index.php?rest_route=%2Fwp%2Fv2%2Ftags&post=81433"}],"curies":[{"name":"wp","href":"https:\/\/api.w.org\/{rel}","templated":true}]}}