{"id":81423,"date":"2026-08-31T08:07:53","date_gmt":"2026-08-31T11:07:53","guid":{"rendered":"https:\/\/noticiasemdestaque.com\/cd\/?p=81423"},"modified":"2026-08-31T08:07:53","modified_gmt":"2026-08-31T11:07:53","slug":"batida-entre-carros-deixa-tres-mortos-na-br-230-em-campina-grande","status":"publish","type":"post","link":"https:\/\/noticiasemdestaque.com\/cd\/?p=81423","title":{"rendered":"Batida entre carros deixa tr\u00eas mortos na BR-230, em Campina Grande"},"content":{"rendered":"<p><a href=\"https:\/\/noticiasemdestaque.com\/cd\/wp-content\/uploads\/2026\/08\/batida-entre-carros-deixa-tres-mortos-na-br-230-em0022054100202608310644-8.webp\"><img fetchpriority=\"high\" decoding=\"async\" class=\" wp-image-81424 aligncenter\" src=\"https:\/\/noticiasemdestaque.com\/cd\/wp-content\/uploads\/2026\/08\/batida-entre-carros-deixa-tres-mortos-na-br-230-em0022054100202608310644-8-300x155.webp\" alt=\"\" width=\"993\" height=\"513\" srcset=\"https:\/\/noticiasemdestaque.com\/cd\/wp-content\/uploads\/2026\/08\/batida-entre-carros-deixa-tres-mortos-na-br-230-em0022054100202608310644-8-300x155.webp 300w, https:\/\/noticiasemdestaque.com\/cd\/wp-content\/uploads\/2026\/08\/batida-entre-carros-deixa-tres-mortos-na-br-230-em0022054100202608310644-8-768x397.webp 768w, https:\/\/noticiasemdestaque.com\/cd\/wp-content\/uploads\/2026\/08\/batida-entre-carros-deixa-tres-mortos-na-br-230-em0022054100202608310644-8.webp 900w\" sizes=\"(max-width: 993px) 100vw, 993px\" \/><\/a><\/p>\n<p class=\"wp-block-paragraph\">Tr\u00eas pessoas morreram ap\u00f3s uma batida entre dois carros na BR-230, em S\u00e3o Jos\u00e9 da Mata, distrito de Campina Grande, na noite do domingo (30). As v\u00edtimas estavam em ve\u00edculos diferentes.<\/p>\n<p class=\"wp-block-paragraph\">Segundo a Pol\u00edcia Rodovi\u00e1ria Federal (PRF), quatro pessoas estavam em um dos ve\u00edculos. O casal identificado apenas como Jeferson e Nick estava nos bancos da frente e morreu no local. Os dois filhos do casal estavam no banco traseiro e ficaram presos \u00e0s ferragens.<\/p>\n<p class=\"wp-block-paragraph\">O Corpo de Bombeiros foi acionado para retirar as crian\u00e7as do carro. Elas foram encaminhadas para o Hospital de Trauma de Campina Grande, onde seguem internadas em estado est\u00e1vel.<\/p>\n<p class=\"wp-block-paragraph\">No outro carro envolvido no acidente, estava um homem identificado apenas como Erick. Ele tamb\u00e9m morreu no local.<\/p>\n<p class=\"wp-block-paragraph\">At\u00e9 a \u00faltima atualiza\u00e7\u00e3o desta reportagem, a causa da batida ainda n\u00e3o havia sido identificada. A PRF trabalha para esclarecer o que provocou o acidente e identificar as circunst\u00e2ncias da ocorr\u00eancia.<\/p>\n<p class=\"wp-block-paragraph\"><strong>Noticias em Destaque<\/strong><\/p>\n<p class=\"wp-block-paragraph\" style=\"text-align: right;\"><em>Com Jornal da Para\u00edba<\/em><\/p>\n","protected":false},"excerpt":{"rendered":"<p>Tr\u00eas pessoas morreram ap\u00f3s uma batida entre dois carros na BR-230, em S\u00e3o Jos\u00e9 da Mata, distrito de Campina Grande, na noite do domingo (30). As v\u00edtimas estavam em ve\u00edculos diferentes. Segundo a Pol\u00edcia Rodovi\u00e1ria Federal (PRF), quatro pessoas estavam em um dos ve\u00edculos. O casal identificado apenas como Jeferson e Nick estava nos bancos da frente e morreu no local. Os dois filhos do casal estavam no banco traseiro e ficaram presos \u00e0s ferragens. O Corpo de Bombeiros foi acionado para retirar as crian\u00e7as do carro. Elas foram encaminhadas para o Hospital de Trauma de Campina Grande, onde seguem internadas em estado est\u00e1vel. No outro carro envolvido no acidente, estava um homem identificado apenas como Erick. Ele tamb\u00e9m morreu no local. At\u00e9 a \u00faltima atualiza\u00e7\u00e3o desta reportagem, a causa da batida ainda n\u00e3o havia sido identificada. A PRF trabalha para esclarecer o que provocou o acidente e identificar as circunst\u00e2ncias da ocorr\u00eancia. Noticias em Destaque Com Jornal da Para\u00edba<\/p>\n","protected":false},"author":2,"featured_media":81424,"comment_status":"closed","ping_status":"closed","sticky":false,"template":"","format":"standard","meta":{"_eb_attr":"","_jetpack_memberships_contains_paid_content":false,"footnotes":""},"categories":[20],"tags":[],"class_list":["post-81423","post","type-post","status-publish","format-standard","has-post-thumbnail","hentry","category-policia"],"yoast_head":"<!-- This site is optimized with the Yoast SEO plugin v26.5 - https:\/\/yoast.com\/wordpress\/plugins\/seo\/ -->\n<title>Batida entre carros deixa tr\u00eas mortos na BR-230, em Campina Grande - Not&iacute;cias em Destaque<\/title>\n<meta name=\"robots\" content=\"index, follow, max-snippet:-1, max-image-preview:large, max-video-preview:-1\" \/>\n<link rel=\"canonical\" href=\"https:\/\/noticiasemdestaque.com\/cd\/?p=81423\" \/>\n<meta property=\"og:locale\" content=\"pt_BR\" \/>\n<meta property=\"og:type\" content=\"article\" \/>\n<meta property=\"og:title\" content=\"Batida entre carros deixa tr\u00eas mortos na BR-230, em Campina Grande - Not&iacute;cias em Destaque\" \/>\n<meta property=\"og:description\" content=\"Tr\u00eas pessoas morreram ap\u00f3s uma batida entre dois carros na BR-230, em S\u00e3o Jos\u00e9 da Mata, distrito de Campina Grande, na noite do domingo (30). As v\u00edtimas estavam em ve\u00edculos diferentes. Segundo a Pol\u00edcia Rodovi\u00e1ria Federal (PRF), quatro pessoas estavam em um dos ve\u00edculos. O casal identificado apenas como Jeferson e Nick estava nos bancos da frente e morreu no local. Os dois filhos do casal estavam no banco traseiro e ficaram presos \u00e0s ferragens. O Corpo de Bombeiros foi acionado para retirar as crian\u00e7as do carro. Elas foram encaminhadas para o Hospital de Trauma de Campina Grande, onde seguem internadas em estado est\u00e1vel. No outro carro envolvido no acidente, estava um homem identificado apenas como Erick. Ele tamb\u00e9m morreu no local. At\u00e9 a \u00faltima atualiza\u00e7\u00e3o desta reportagem, a causa da batida ainda n\u00e3o havia sido identificada. A PRF trabalha para esclarecer o que provocou o acidente e identificar as circunst\u00e2ncias da ocorr\u00eancia. Noticias em Destaque Com Jornal da Para\u00edba\" \/>\n<meta property=\"og:url\" content=\"https:\/\/noticiasemdestaque.com\/cd\/?p=81423\" \/>\n<meta property=\"og:site_name\" content=\"Not&iacute;cias em Destaque\" \/>\n<meta property=\"article:published_time\" content=\"2026-08-31T11:07:53+00:00\" \/>\n<meta property=\"og:image\" content=\"https:\/\/noticiasemdestaque.com\/cd\/wp-content\/uploads\/2026\/08\/batida-entre-carros-deixa-tres-mortos-na-br-230-em0022054100202608310644-8.webp\" \/>\n\t<meta property=\"og:image:width\" content=\"900\" \/>\n\t<meta property=\"og:image:height\" content=\"465\" \/>\n\t<meta property=\"og:image:type\" content=\"image\/webp\" \/>\n<meta name=\"author\" content=\"Not\u00edcias em Destaque\" \/>\n<meta name=\"twitter:card\" content=\"summary_large_image\" \/>\n<meta name=\"twitter:label1\" content=\"Escrito por\" \/>\n\t<meta name=\"twitter:data1\" content=\"Not\u00edcias em Destaque\" \/>\n\t<meta name=\"twitter:label2\" content=\"Est. tempo de leitura\" \/>\n\t<meta name=\"twitter:data2\" content=\"2 minutos\" \/>\n<script type=\"application\/ld+json\" class=\"yoast-schema-graph\">{\"@context\":\"https:\/\/schema.org\",\"@graph\":[{\"@type\":\"Article\",\"@id\":\"https:\/\/noticiasemdestaque.com\/cd\/?p=81423#article\",\"isPartOf\":{\"@id\":\"https:\/\/noticiasemdestaque.com\/cd\/?p=81423\"},\"author\":{\"name\":\"Not\u00edcias em Destaque\",\"@id\":\"https:\/\/noticiasemdestaque.com\/cd\/#\/schema\/person\/a978acbbda55eca5b71ccb9421897bb0\"},\"headline\":\"Batida entre carros deixa tr\u00eas mortos na BR-230, em Campina Grande\",\"datePublished\":\"2026-08-31T11:07:53+00:00\",\"mainEntityOfPage\":{\"@id\":\"https:\/\/noticiasemdestaque.com\/cd\/?p=81423\"},\"wordCount\":187,\"publisher\":{\"@id\":\"https:\/\/noticiasemdestaque.com\/cd\/#organization\"},\"image\":{\"@id\":\"https:\/\/noticiasemdestaque.com\/cd\/?p=81423#primaryimage\"},\"thumbnailUrl\":\"https:\/\/noticiasemdestaque.com\/cd\/wp-content\/uploads\/2026\/08\/batida-entre-carros-deixa-tres-mortos-na-br-230-em0022054100202608310644-8.webp\",\"articleSection\":[\"Pol\u00edcia\"],\"inLanguage\":\"pt-BR\"},{\"@type\":\"WebPage\",\"@id\":\"https:\/\/noticiasemdestaque.com\/cd\/?p=81423\",\"url\":\"https:\/\/noticiasemdestaque.com\/cd\/?p=81423\",\"name\":\"Batida entre carros deixa tr\u00eas mortos na BR-230, em Campina Grande - Not&iacute;cias em Destaque\",\"isPartOf\":{\"@id\":\"https:\/\/noticiasemdestaque.com\/cd\/#website\"},\"primaryImageOfPage\":{\"@id\":\"https:\/\/noticiasemdestaque.com\/cd\/?p=81423#primaryimage\"},\"image\":{\"@id\":\"https:\/\/noticiasemdestaque.com\/cd\/?p=81423#primaryimage\"},\"thumbnailUrl\":\"https:\/\/noticiasemdestaque.com\/cd\/wp-content\/uploads\/2026\/08\/batida-entre-carros-deixa-tres-mortos-na-br-230-em0022054100202608310644-8.webp\",\"datePublished\":\"2026-08-31T11:07:53+00:00\",\"breadcrumb\":{\"@id\":\"https:\/\/noticiasemdestaque.com\/cd\/?p=81423#breadcrumb\"},\"inLanguage\":\"pt-BR\",\"potentialAction\":[{\"@type\":\"ReadAction\",\"target\":[\"https:\/\/noticiasemdestaque.com\/cd\/?p=81423\"]}]},{\"@type\":\"ImageObject\",\"inLanguage\":\"pt-BR\",\"@id\":\"https:\/\/noticiasemdestaque.com\/cd\/?p=81423#primaryimage\",\"url\":\"https:\/\/noticiasemdestaque.com\/cd\/wp-content\/uploads\/2026\/08\/batida-entre-carros-deixa-tres-mortos-na-br-230-em0022054100202608310644-8.webp\",\"contentUrl\":\"https:\/\/noticiasemdestaque.com\/cd\/wp-content\/uploads\/2026\/08\/batida-entre-carros-deixa-tres-mortos-na-br-230-em0022054100202608310644-8.webp\",\"width\":900,\"height\":465},{\"@type\":\"BreadcrumbList\",\"@id\":\"https:\/\/noticiasemdestaque.com\/cd\/?p=81423#breadcrumb\",\"itemListElement\":[{\"@type\":\"ListItem\",\"position\":1,\"name\":\"In\u00edcio\",\"item\":\"https:\/\/noticiasemdestaque.com\/cd\/\"},{\"@type\":\"ListItem\",\"position\":2,\"name\":\"Batida entre carros deixa tr\u00eas mortos na BR-230, em Campina Grande\"}]},{\"@type\":\"WebSite\",\"@id\":\"https:\/\/noticiasemdestaque.com\/cd\/#website\",\"url\":\"https:\/\/noticiasemdestaque.com\/cd\/\",\"name\":\"Not&iacute;cias em Destaque\",\"description\":\"\",\"publisher\":{\"@id\":\"https:\/\/noticiasemdestaque.com\/cd\/#organization\"},\"potentialAction\":[{\"@type\":\"SearchAction\",\"target\":{\"@type\":\"EntryPoint\",\"urlTemplate\":\"https:\/\/noticiasemdestaque.com\/cd\/?s={search_term_string}\"},\"query-input\":{\"@type\":\"PropertyValueSpecification\",\"valueRequired\":true,\"valueName\":\"search_term_string\"}}],\"inLanguage\":\"pt-BR\"},{\"@type\":\"Organization\",\"@id\":\"https:\/\/noticiasemdestaque.com\/cd\/#organization\",\"name\":\"Not\u00edcias em Destaque\",\"url\":\"https:\/\/noticiasemdestaque.com\/cd\/\",\"logo\":{\"@type\":\"ImageObject\",\"inLanguage\":\"pt-BR\",\"@id\":\"https:\/\/noticiasemdestaque.com\/cd\/#\/schema\/logo\/image\/\",\"url\":\"https:\/\/noticiasemdestaque.com\/cd\/wp-content\/uploads\/2022\/05\/imagem-base-noticiasemdestaque.png\",\"contentUrl\":\"https:\/\/noticiasemdestaque.com\/cd\/wp-content\/uploads\/2022\/05\/imagem-base-noticiasemdestaque.png\",\"width\":1200,\"height\":630,\"caption\":\"Not\u00edcias em Destaque\"},\"image\":{\"@id\":\"https:\/\/noticiasemdestaque.com\/cd\/#\/schema\/logo\/image\/\"}},{\"@type\":\"Person\",\"@id\":\"https:\/\/noticiasemdestaque.com\/cd\/#\/schema\/person\/a978acbbda55eca5b71ccb9421897bb0\",\"name\":\"Not\u00edcias em Destaque\",\"url\":\"https:\/\/noticiasemdestaque.com\/cd\/?author=2\"}]}<\/script>\n<!-- \/ Yoast SEO plugin. -->","yoast_head_json":{"title":"Batida entre carros deixa tr\u00eas mortos na BR-230, em Campina Grande - Not&iacute;cias em Destaque","robots":{"index":"index","follow":"follow","max-snippet":"max-snippet:-1","max-image-preview":"max-image-preview:large","max-video-preview":"max-video-preview:-1"},"canonical":"https:\/\/noticiasemdestaque.com\/cd\/?p=81423","og_locale":"pt_BR","og_type":"article","og_title":"Batida entre carros deixa tr\u00eas mortos na BR-230, em Campina Grande - Not&iacute;cias em Destaque","og_description":"Tr\u00eas pessoas morreram ap\u00f3s uma batida entre dois carros na BR-230, em S\u00e3o Jos\u00e9 da Mata, distrito de Campina Grande, na noite do domingo (30). As v\u00edtimas estavam em ve\u00edculos diferentes. Segundo a Pol\u00edcia Rodovi\u00e1ria Federal (PRF), quatro pessoas estavam em um dos ve\u00edculos. O casal identificado apenas como Jeferson e Nick estava nos bancos da frente e morreu no local. Os dois filhos do casal estavam no banco traseiro e ficaram presos \u00e0s ferragens. O Corpo de Bombeiros foi acionado para retirar as crian\u00e7as do carro. Elas foram encaminhadas para o Hospital de Trauma de Campina Grande, onde seguem internadas em estado est\u00e1vel. No outro carro envolvido no acidente, estava um homem identificado apenas como Erick. Ele tamb\u00e9m morreu no local. At\u00e9 a \u00faltima atualiza\u00e7\u00e3o desta reportagem, a causa da batida ainda n\u00e3o havia sido identificada. A PRF trabalha para esclarecer o que provocou o acidente e identificar as circunst\u00e2ncias da ocorr\u00eancia. Noticias em Destaque Com Jornal da Para\u00edba","og_url":"https:\/\/noticiasemdestaque.com\/cd\/?p=81423","og_site_name":"Not&iacute;cias em Destaque","article_published_time":"2026-08-31T11:07:53+00:00","og_image":[{"width":900,"height":465,"url":"https:\/\/noticiasemdestaque.com\/cd\/wp-content\/uploads\/2026\/08\/batida-entre-carros-deixa-tres-mortos-na-br-230-em0022054100202608310644-8.webp","type":"image\/webp"}],"author":"Not\u00edcias em Destaque","twitter_card":"summary_large_image","twitter_misc":{"Escrito por":"Not\u00edcias em Destaque","Est. tempo de leitura":"2 minutos"},"schema":{"@context":"https:\/\/schema.org","@graph":[{"@type":"Article","@id":"https:\/\/noticiasemdestaque.com\/cd\/?p=81423#article","isPartOf":{"@id":"https:\/\/noticiasemdestaque.com\/cd\/?p=81423"},"author":{"name":"Not\u00edcias em Destaque","@id":"https:\/\/noticiasemdestaque.com\/cd\/#\/schema\/person\/a978acbbda55eca5b71ccb9421897bb0"},"headline":"Batida entre carros deixa tr\u00eas mortos na BR-230, em Campina Grande","datePublished":"2026-08-31T11:07:53+00:00","mainEntityOfPage":{"@id":"https:\/\/noticiasemdestaque.com\/cd\/?p=81423"},"wordCount":187,"publisher":{"@id":"https:\/\/noticiasemdestaque.com\/cd\/#organization"},"image":{"@id":"https:\/\/noticiasemdestaque.com\/cd\/?p=81423#primaryimage"},"thumbnailUrl":"https:\/\/noticiasemdestaque.com\/cd\/wp-content\/uploads\/2026\/08\/batida-entre-carros-deixa-tres-mortos-na-br-230-em0022054100202608310644-8.webp","articleSection":["Pol\u00edcia"],"inLanguage":"pt-BR"},{"@type":"WebPage","@id":"https:\/\/noticiasemdestaque.com\/cd\/?p=81423","url":"https:\/\/noticiasemdestaque.com\/cd\/?p=81423","name":"Batida entre carros deixa tr\u00eas mortos na BR-230, em Campina Grande - Not&iacute;cias em Destaque","isPartOf":{"@id":"https:\/\/noticiasemdestaque.com\/cd\/#website"},"primaryImageOfPage":{"@id":"https:\/\/noticiasemdestaque.com\/cd\/?p=81423#primaryimage"},"image":{"@id":"https:\/\/noticiasemdestaque.com\/cd\/?p=81423#primaryimage"},"thumbnailUrl":"https:\/\/noticiasemdestaque.com\/cd\/wp-content\/uploads\/2026\/08\/batida-entre-carros-deixa-tres-mortos-na-br-230-em0022054100202608310644-8.webp","datePublished":"2026-08-31T11:07:53+00:00","breadcrumb":{"@id":"https:\/\/noticiasemdestaque.com\/cd\/?p=81423#breadcrumb"},"inLanguage":"pt-BR","potentialAction":[{"@type":"ReadAction","target":["https:\/\/noticiasemdestaque.com\/cd\/?p=81423"]}]},{"@type":"ImageObject","inLanguage":"pt-BR","@id":"https:\/\/noticiasemdestaque.com\/cd\/?p=81423#primaryimage","url":"https:\/\/noticiasemdestaque.com\/cd\/wp-content\/uploads\/2026\/08\/batida-entre-carros-deixa-tres-mortos-na-br-230-em0022054100202608310644-8.webp","contentUrl":"https:\/\/noticiasemdestaque.com\/cd\/wp-content\/uploads\/2026\/08\/batida-entre-carros-deixa-tres-mortos-na-br-230-em0022054100202608310644-8.webp","width":900,"height":465},{"@type":"BreadcrumbList","@id":"https:\/\/noticiasemdestaque.com\/cd\/?p=81423#breadcrumb","itemListElement":[{"@type":"ListItem","position":1,"name":"In\u00edcio","item":"https:\/\/noticiasemdestaque.com\/cd\/"},{"@type":"ListItem","position":2,"name":"Batida entre carros deixa tr\u00eas mortos na BR-230, em Campina Grande"}]},{"@type":"WebSite","@id":"https:\/\/noticiasemdestaque.com\/cd\/#website","url":"https:\/\/noticiasemdestaque.com\/cd\/","name":"Not&iacute;cias em Destaque","description":"","publisher":{"@id":"https:\/\/noticiasemdestaque.com\/cd\/#organization"},"potentialAction":[{"@type":"SearchAction","target":{"@type":"EntryPoint","urlTemplate":"https:\/\/noticiasemdestaque.com\/cd\/?s={search_term_string}"},"query-input":{"@type":"PropertyValueSpecification","valueRequired":true,"valueName":"search_term_string"}}],"inLanguage":"pt-BR"},{"@type":"Organization","@id":"https:\/\/noticiasemdestaque.com\/cd\/#organization","name":"Not\u00edcias em Destaque","url":"https:\/\/noticiasemdestaque.com\/cd\/","logo":{"@type":"ImageObject","inLanguage":"pt-BR","@id":"https:\/\/noticiasemdestaque.com\/cd\/#\/schema\/logo\/image\/","url":"https:\/\/noticiasemdestaque.com\/cd\/wp-content\/uploads\/2022\/05\/imagem-base-noticiasemdestaque.png","contentUrl":"https:\/\/noticiasemdestaque.com\/cd\/wp-content\/uploads\/2022\/05\/imagem-base-noticiasemdestaque.png","width":1200,"height":630,"caption":"Not\u00edcias em Destaque"},"image":{"@id":"https:\/\/noticiasemdestaque.com\/cd\/#\/schema\/logo\/image\/"}},{"@type":"Person","@id":"https:\/\/noticiasemdestaque.com\/cd\/#\/schema\/person\/a978acbbda55eca5b71ccb9421897bb0","name":"Not\u00edcias em Destaque","url":"https:\/\/noticiasemdestaque.com\/cd\/?author=2"}]}},"jetpack_featured_media_url":"https:\/\/noticiasemdestaque.com\/cd\/wp-content\/uploads\/2026\/08\/batida-entre-carros-deixa-tres-mortos-na-br-230-em0022054100202608310644-8.webp","jetpack_sharing_enabled":true,"_links":{"self":[{"href":"https:\/\/noticiasemdestaque.com\/cd\/index.php?rest_route=\/wp\/v2\/posts\/81423","targetHints":{"allow":["GET"]}}],"collection":[{"href":"https:\/\/noticiasemdestaque.com\/cd\/index.php?rest_route=\/wp\/v2\/posts"}],"about":[{"href":"https:\/\/noticiasemdestaque.com\/cd\/index.php?rest_route=\/wp\/v2\/types\/post"}],"author":[{"embeddable":true,"href":"https:\/\/noticiasemdestaque.com\/cd\/index.php?rest_route=\/wp\/v2\/users\/2"}],"replies":[{"embeddable":true,"href":"https:\/\/noticiasemdestaque.com\/cd\/index.php?rest_route=%2Fwp%2Fv2%2Fcomments&post=81423"}],"version-history":[{"count":1,"href":"https:\/\/noticiasemdestaque.com\/cd\/index.php?rest_route=\/wp\/v2\/posts\/81423\/revisions"}],"predecessor-version":[{"id":81425,"href":"https:\/\/noticiasemdestaque.com\/cd\/index.php?rest_route=\/wp\/v2\/posts\/81423\/revisions\/81425"}],"wp:featuredmedia":[{"embeddable":true,"href":"https:\/\/noticiasemdestaque.com\/cd\/index.php?rest_route=\/wp\/v2\/media\/81424"}],"wp:attachment":[{"href":"https:\/\/noticiasemdestaque.com\/cd\/index.php?rest_route=%2Fwp%2Fv2%2Fmedia&parent=81423"}],"wp:term":[{"taxonomy":"category","embeddable":true,"href":"https:\/\/noticiasemdestaque.com\/cd\/index.php?rest_route=%2Fwp%2Fv2%2Fcategories&post=81423"},{"taxonomy":"post_tag","embeddable":true,"href":"https:\/\/noticiasemdestaque.com\/cd\/index.php?rest_route=%2Fwp%2Fv2%2Ftags&post=81423"}],"curies":[{"name":"wp","href":"https:\/\/api.w.org\/{rel}","templated":true}]}}