{"id":81419,"date":"2026-08-30T15:19:39","date_gmt":"2026-08-30T18:19:39","guid":{"rendered":"https:\/\/noticiasemdestaque.com\/cd\/?p=81419"},"modified":"2026-08-30T15:19:39","modified_gmt":"2026-08-30T18:19:39","slug":"detento-morre-enquanto-fazia-reparo-em-cerca-eletrica-do-serrotao-em-campina","status":"publish","type":"post","link":"https:\/\/noticiasemdestaque.com\/cd\/?p=81419","title":{"rendered":"Detento morre enquanto fazia reparo em cerca el\u00e9trica do Serrot\u00e3o em Campina"},"content":{"rendered":"<p><a href=\"https:\/\/noticiasemdestaque.com\/cd\/wp-content\/uploads\/2026\/08\/image-3-9.jpg.webp\"><img fetchpriority=\"high\" decoding=\"async\" class=\" wp-image-81420 aligncenter\" src=\"https:\/\/noticiasemdestaque.com\/cd\/wp-content\/uploads\/2026\/08\/image-3-9.jpg-300x204.webp\" alt=\"\" width=\"1006\" height=\"684\" srcset=\"https:\/\/noticiasemdestaque.com\/cd\/wp-content\/uploads\/2026\/08\/image-3-9.jpg-300x204.webp 300w, https:\/\/noticiasemdestaque.com\/cd\/wp-content\/uploads\/2026\/08\/image-3-9.jpg.webp 565w\" sizes=\"(max-width: 1006px) 100vw, 1006px\" \/><\/a><\/p>\n<p class=\"wp-block-paragraph\">Um detento de 45 anos morreu enquanto fazia um servi\u00e7o de manuten\u00e7\u00e3o em uma cerca el\u00e9trica da Penitenci\u00e1ria Regional Raimundo Asfora, conhecida como Pres\u00eddio do Serrot\u00e3o, em Campina Grande. O caso aconteceu por volta das 10h22 desta sexta-feira (28).<\/p>\n<p class=\"wp-block-paragraph\">De acordo com a Secretaria de Estado da Administra\u00e7\u00e3o Penitenci\u00e1ria da Para\u00edba (Seap-PB), o homem recebeu os primeiros atendimentos da equipe de sa\u00fade da penitenci\u00e1ria, e o Servi\u00e7o de Atendimento M\u00f3vel de Urg\u00eancia (Samu) tamb\u00e9m foi acionado. Apesar dos procedimentos realizados, a morte foi confirmada pela equipe m\u00e9dica.<\/p>\n<p class=\"wp-block-paragraph\">A Pol\u00edcia Civil e o Instituto de Pol\u00edcia Cient\u00edfica foram comunicados para a realiza\u00e7\u00e3o dos procedimentos necess\u00e1rios. As circunst\u00e2ncias do acidente dever\u00e3o ser investigadas pelos \u00f3rg\u00e3os competentes.<\/p>\n<p class=\"wp-block-paragraph\">Em nota, a Seap-PB lamentou profundamente o ocorrido e informou que est\u00e1 prestando apoio aos familiares.<\/p>\n<p class=\"wp-block-paragraph\"><strong>Noticias em Destaque<\/strong><\/p>\n<p class=\"wp-block-paragraph\" style=\"text-align: right;\"><em>Com Blog do M\u00e1rcio Rangel<\/em><\/p>\n","protected":false},"excerpt":{"rendered":"<p>Um detento de 45 anos morreu enquanto fazia um servi\u00e7o de manuten\u00e7\u00e3o em uma cerca el\u00e9trica da Penitenci\u00e1ria Regional Raimundo Asfora, conhecida como Pres\u00eddio do Serrot\u00e3o, em Campina Grande. O caso aconteceu por volta das 10h22 desta sexta-feira (28). De acordo com a Secretaria de Estado da Administra\u00e7\u00e3o Penitenci\u00e1ria da Para\u00edba (Seap-PB), o homem recebeu os primeiros atendimentos da equipe de sa\u00fade da penitenci\u00e1ria, e o Servi\u00e7o de Atendimento M\u00f3vel de Urg\u00eancia (Samu) tamb\u00e9m foi acionado. Apesar dos procedimentos realizados, a morte foi confirmada pela equipe m\u00e9dica. A Pol\u00edcia Civil e o Instituto de Pol\u00edcia Cient\u00edfica foram comunicados para a realiza\u00e7\u00e3o dos procedimentos necess\u00e1rios. As circunst\u00e2ncias do acidente dever\u00e3o ser investigadas pelos \u00f3rg\u00e3os competentes. Em nota, a Seap-PB lamentou profundamente o ocorrido e informou que est\u00e1 prestando apoio aos familiares. Noticias em Destaque Com Blog do M\u00e1rcio Rangel<\/p>\n","protected":false},"author":2,"featured_media":81420,"comment_status":"closed","ping_status":"closed","sticky":false,"template":"","format":"standard","meta":{"_eb_attr":"","_jetpack_memberships_contains_paid_content":false,"footnotes":""},"categories":[20],"tags":[],"class_list":["post-81419","post","type-post","status-publish","format-standard","has-post-thumbnail","hentry","category-policia"],"yoast_head":"<!-- This site is optimized with the Yoast SEO plugin v26.5 - https:\/\/yoast.com\/wordpress\/plugins\/seo\/ -->\n<title>Detento morre enquanto fazia reparo em cerca el\u00e9trica do Serrot\u00e3o em Campina - Not&iacute;cias em Destaque<\/title>\n<meta name=\"robots\" content=\"index, follow, max-snippet:-1, max-image-preview:large, max-video-preview:-1\" \/>\n<link rel=\"canonical\" href=\"https:\/\/noticiasemdestaque.com\/cd\/?p=81419\" \/>\n<meta property=\"og:locale\" content=\"pt_BR\" \/>\n<meta property=\"og:type\" content=\"article\" \/>\n<meta property=\"og:title\" content=\"Detento morre enquanto fazia reparo em cerca el\u00e9trica do Serrot\u00e3o em Campina - Not&iacute;cias em Destaque\" \/>\n<meta property=\"og:description\" content=\"Um detento de 45 anos morreu enquanto fazia um servi\u00e7o de manuten\u00e7\u00e3o em uma cerca el\u00e9trica da Penitenci\u00e1ria Regional Raimundo Asfora, conhecida como Pres\u00eddio do Serrot\u00e3o, em Campina Grande. O caso aconteceu por volta das 10h22 desta sexta-feira (28). De acordo com a Secretaria de Estado da Administra\u00e7\u00e3o Penitenci\u00e1ria da Para\u00edba (Seap-PB), o homem recebeu os primeiros atendimentos da equipe de sa\u00fade da penitenci\u00e1ria, e o Servi\u00e7o de Atendimento M\u00f3vel de Urg\u00eancia (Samu) tamb\u00e9m foi acionado. Apesar dos procedimentos realizados, a morte foi confirmada pela equipe m\u00e9dica. A Pol\u00edcia Civil e o Instituto de Pol\u00edcia Cient\u00edfica foram comunicados para a realiza\u00e7\u00e3o dos procedimentos necess\u00e1rios. As circunst\u00e2ncias do acidente dever\u00e3o ser investigadas pelos \u00f3rg\u00e3os competentes. Em nota, a Seap-PB lamentou profundamente o ocorrido e informou que est\u00e1 prestando apoio aos familiares. Noticias em Destaque Com Blog do M\u00e1rcio Rangel\" \/>\n<meta property=\"og:url\" content=\"https:\/\/noticiasemdestaque.com\/cd\/?p=81419\" \/>\n<meta property=\"og:site_name\" content=\"Not&iacute;cias em Destaque\" \/>\n<meta property=\"article:published_time\" content=\"2026-08-30T18:19:39+00:00\" \/>\n<meta property=\"og:image\" content=\"https:\/\/noticiasemdestaque.com\/cd\/wp-content\/uploads\/2026\/08\/image-3-9.jpg.webp\" \/>\n\t<meta property=\"og:image:width\" content=\"565\" \/>\n\t<meta property=\"og:image:height\" content=\"384\" \/>\n\t<meta property=\"og:image:type\" content=\"image\/webp\" \/>\n<meta name=\"author\" content=\"Not\u00edcias em Destaque\" \/>\n<meta name=\"twitter:card\" content=\"summary_large_image\" \/>\n<meta name=\"twitter:label1\" content=\"Escrito por\" \/>\n\t<meta name=\"twitter:data1\" content=\"Not\u00edcias em Destaque\" \/>\n\t<meta name=\"twitter:label2\" content=\"Est. tempo de leitura\" \/>\n\t<meta name=\"twitter:data2\" content=\"2 minutos\" \/>\n<script type=\"application\/ld+json\" class=\"yoast-schema-graph\">{\"@context\":\"https:\/\/schema.org\",\"@graph\":[{\"@type\":\"Article\",\"@id\":\"https:\/\/noticiasemdestaque.com\/cd\/?p=81419#article\",\"isPartOf\":{\"@id\":\"https:\/\/noticiasemdestaque.com\/cd\/?p=81419\"},\"author\":{\"name\":\"Not\u00edcias em Destaque\",\"@id\":\"https:\/\/noticiasemdestaque.com\/cd\/#\/schema\/person\/a978acbbda55eca5b71ccb9421897bb0\"},\"headline\":\"Detento morre enquanto fazia reparo em cerca el\u00e9trica do Serrot\u00e3o em Campina\",\"datePublished\":\"2026-08-30T18:19:39+00:00\",\"mainEntityOfPage\":{\"@id\":\"https:\/\/noticiasemdestaque.com\/cd\/?p=81419\"},\"wordCount\":175,\"publisher\":{\"@id\":\"https:\/\/noticiasemdestaque.com\/cd\/#organization\"},\"image\":{\"@id\":\"https:\/\/noticiasemdestaque.com\/cd\/?p=81419#primaryimage\"},\"thumbnailUrl\":\"https:\/\/noticiasemdestaque.com\/cd\/wp-content\/uploads\/2026\/08\/image-3-9.jpg.webp\",\"articleSection\":[\"Pol\u00edcia\"],\"inLanguage\":\"pt-BR\"},{\"@type\":\"WebPage\",\"@id\":\"https:\/\/noticiasemdestaque.com\/cd\/?p=81419\",\"url\":\"https:\/\/noticiasemdestaque.com\/cd\/?p=81419\",\"name\":\"Detento morre enquanto fazia reparo em cerca el\u00e9trica do Serrot\u00e3o em Campina - Not&iacute;cias em Destaque\",\"isPartOf\":{\"@id\":\"https:\/\/noticiasemdestaque.com\/cd\/#website\"},\"primaryImageOfPage\":{\"@id\":\"https:\/\/noticiasemdestaque.com\/cd\/?p=81419#primaryimage\"},\"image\":{\"@id\":\"https:\/\/noticiasemdestaque.com\/cd\/?p=81419#primaryimage\"},\"thumbnailUrl\":\"https:\/\/noticiasemdestaque.com\/cd\/wp-content\/uploads\/2026\/08\/image-3-9.jpg.webp\",\"datePublished\":\"2026-08-30T18:19:39+00:00\",\"breadcrumb\":{\"@id\":\"https:\/\/noticiasemdestaque.com\/cd\/?p=81419#breadcrumb\"},\"inLanguage\":\"pt-BR\",\"potentialAction\":[{\"@type\":\"ReadAction\",\"target\":[\"https:\/\/noticiasemdestaque.com\/cd\/?p=81419\"]}]},{\"@type\":\"ImageObject\",\"inLanguage\":\"pt-BR\",\"@id\":\"https:\/\/noticiasemdestaque.com\/cd\/?p=81419#primaryimage\",\"url\":\"https:\/\/noticiasemdestaque.com\/cd\/wp-content\/uploads\/2026\/08\/image-3-9.jpg.webp\",\"contentUrl\":\"https:\/\/noticiasemdestaque.com\/cd\/wp-content\/uploads\/2026\/08\/image-3-9.jpg.webp\",\"width\":565,\"height\":384},{\"@type\":\"BreadcrumbList\",\"@id\":\"https:\/\/noticiasemdestaque.com\/cd\/?p=81419#breadcrumb\",\"itemListElement\":[{\"@type\":\"ListItem\",\"position\":1,\"name\":\"In\u00edcio\",\"item\":\"https:\/\/noticiasemdestaque.com\/cd\/\"},{\"@type\":\"ListItem\",\"position\":2,\"name\":\"Detento morre enquanto fazia reparo em cerca el\u00e9trica do Serrot\u00e3o em Campina\"}]},{\"@type\":\"WebSite\",\"@id\":\"https:\/\/noticiasemdestaque.com\/cd\/#website\",\"url\":\"https:\/\/noticiasemdestaque.com\/cd\/\",\"name\":\"Not&iacute;cias em Destaque\",\"description\":\"\",\"publisher\":{\"@id\":\"https:\/\/noticiasemdestaque.com\/cd\/#organization\"},\"potentialAction\":[{\"@type\":\"SearchAction\",\"target\":{\"@type\":\"EntryPoint\",\"urlTemplate\":\"https:\/\/noticiasemdestaque.com\/cd\/?s={search_term_string}\"},\"query-input\":{\"@type\":\"PropertyValueSpecification\",\"valueRequired\":true,\"valueName\":\"search_term_string\"}}],\"inLanguage\":\"pt-BR\"},{\"@type\":\"Organization\",\"@id\":\"https:\/\/noticiasemdestaque.com\/cd\/#organization\",\"name\":\"Not\u00edcias em Destaque\",\"url\":\"https:\/\/noticiasemdestaque.com\/cd\/\",\"logo\":{\"@type\":\"ImageObject\",\"inLanguage\":\"pt-BR\",\"@id\":\"https:\/\/noticiasemdestaque.com\/cd\/#\/schema\/logo\/image\/\",\"url\":\"https:\/\/noticiasemdestaque.com\/cd\/wp-content\/uploads\/2022\/05\/imagem-base-noticiasemdestaque.png\",\"contentUrl\":\"https:\/\/noticiasemdestaque.com\/cd\/wp-content\/uploads\/2022\/05\/imagem-base-noticiasemdestaque.png\",\"width\":1200,\"height\":630,\"caption\":\"Not\u00edcias em Destaque\"},\"image\":{\"@id\":\"https:\/\/noticiasemdestaque.com\/cd\/#\/schema\/logo\/image\/\"}},{\"@type\":\"Person\",\"@id\":\"https:\/\/noticiasemdestaque.com\/cd\/#\/schema\/person\/a978acbbda55eca5b71ccb9421897bb0\",\"name\":\"Not\u00edcias em Destaque\",\"url\":\"https:\/\/noticiasemdestaque.com\/cd\/?author=2\"}]}<\/script>\n<!-- \/ Yoast SEO plugin. -->","yoast_head_json":{"title":"Detento morre enquanto fazia reparo em cerca el\u00e9trica do Serrot\u00e3o em Campina - Not&iacute;cias em Destaque","robots":{"index":"index","follow":"follow","max-snippet":"max-snippet:-1","max-image-preview":"max-image-preview:large","max-video-preview":"max-video-preview:-1"},"canonical":"https:\/\/noticiasemdestaque.com\/cd\/?p=81419","og_locale":"pt_BR","og_type":"article","og_title":"Detento morre enquanto fazia reparo em cerca el\u00e9trica do Serrot\u00e3o em Campina - Not&iacute;cias em Destaque","og_description":"Um detento de 45 anos morreu enquanto fazia um servi\u00e7o de manuten\u00e7\u00e3o em uma cerca el\u00e9trica da Penitenci\u00e1ria Regional Raimundo Asfora, conhecida como Pres\u00eddio do Serrot\u00e3o, em Campina Grande. O caso aconteceu por volta das 10h22 desta sexta-feira (28). De acordo com a Secretaria de Estado da Administra\u00e7\u00e3o Penitenci\u00e1ria da Para\u00edba (Seap-PB), o homem recebeu os primeiros atendimentos da equipe de sa\u00fade da penitenci\u00e1ria, e o Servi\u00e7o de Atendimento M\u00f3vel de Urg\u00eancia (Samu) tamb\u00e9m foi acionado. Apesar dos procedimentos realizados, a morte foi confirmada pela equipe m\u00e9dica. A Pol\u00edcia Civil e o Instituto de Pol\u00edcia Cient\u00edfica foram comunicados para a realiza\u00e7\u00e3o dos procedimentos necess\u00e1rios. As circunst\u00e2ncias do acidente dever\u00e3o ser investigadas pelos \u00f3rg\u00e3os competentes. Em nota, a Seap-PB lamentou profundamente o ocorrido e informou que est\u00e1 prestando apoio aos familiares. Noticias em Destaque Com Blog do M\u00e1rcio Rangel","og_url":"https:\/\/noticiasemdestaque.com\/cd\/?p=81419","og_site_name":"Not&iacute;cias em Destaque","article_published_time":"2026-08-30T18:19:39+00:00","og_image":[{"width":565,"height":384,"url":"https:\/\/noticiasemdestaque.com\/cd\/wp-content\/uploads\/2026\/08\/image-3-9.jpg.webp","type":"image\/webp"}],"author":"Not\u00edcias em Destaque","twitter_card":"summary_large_image","twitter_misc":{"Escrito por":"Not\u00edcias em Destaque","Est. tempo de leitura":"2 minutos"},"schema":{"@context":"https:\/\/schema.org","@graph":[{"@type":"Article","@id":"https:\/\/noticiasemdestaque.com\/cd\/?p=81419#article","isPartOf":{"@id":"https:\/\/noticiasemdestaque.com\/cd\/?p=81419"},"author":{"name":"Not\u00edcias em Destaque","@id":"https:\/\/noticiasemdestaque.com\/cd\/#\/schema\/person\/a978acbbda55eca5b71ccb9421897bb0"},"headline":"Detento morre enquanto fazia reparo em cerca el\u00e9trica do Serrot\u00e3o em Campina","datePublished":"2026-08-30T18:19:39+00:00","mainEntityOfPage":{"@id":"https:\/\/noticiasemdestaque.com\/cd\/?p=81419"},"wordCount":175,"publisher":{"@id":"https:\/\/noticiasemdestaque.com\/cd\/#organization"},"image":{"@id":"https:\/\/noticiasemdestaque.com\/cd\/?p=81419#primaryimage"},"thumbnailUrl":"https:\/\/noticiasemdestaque.com\/cd\/wp-content\/uploads\/2026\/08\/image-3-9.jpg.webp","articleSection":["Pol\u00edcia"],"inLanguage":"pt-BR"},{"@type":"WebPage","@id":"https:\/\/noticiasemdestaque.com\/cd\/?p=81419","url":"https:\/\/noticiasemdestaque.com\/cd\/?p=81419","name":"Detento morre enquanto fazia reparo em cerca el\u00e9trica do Serrot\u00e3o em Campina - Not&iacute;cias em Destaque","isPartOf":{"@id":"https:\/\/noticiasemdestaque.com\/cd\/#website"},"primaryImageOfPage":{"@id":"https:\/\/noticiasemdestaque.com\/cd\/?p=81419#primaryimage"},"image":{"@id":"https:\/\/noticiasemdestaque.com\/cd\/?p=81419#primaryimage"},"thumbnailUrl":"https:\/\/noticiasemdestaque.com\/cd\/wp-content\/uploads\/2026\/08\/image-3-9.jpg.webp","datePublished":"2026-08-30T18:19:39+00:00","breadcrumb":{"@id":"https:\/\/noticiasemdestaque.com\/cd\/?p=81419#breadcrumb"},"inLanguage":"pt-BR","potentialAction":[{"@type":"ReadAction","target":["https:\/\/noticiasemdestaque.com\/cd\/?p=81419"]}]},{"@type":"ImageObject","inLanguage":"pt-BR","@id":"https:\/\/noticiasemdestaque.com\/cd\/?p=81419#primaryimage","url":"https:\/\/noticiasemdestaque.com\/cd\/wp-content\/uploads\/2026\/08\/image-3-9.jpg.webp","contentUrl":"https:\/\/noticiasemdestaque.com\/cd\/wp-content\/uploads\/2026\/08\/image-3-9.jpg.webp","width":565,"height":384},{"@type":"BreadcrumbList","@id":"https:\/\/noticiasemdestaque.com\/cd\/?p=81419#breadcrumb","itemListElement":[{"@type":"ListItem","position":1,"name":"In\u00edcio","item":"https:\/\/noticiasemdestaque.com\/cd\/"},{"@type":"ListItem","position":2,"name":"Detento morre enquanto fazia reparo em cerca el\u00e9trica do Serrot\u00e3o em Campina"}]},{"@type":"WebSite","@id":"https:\/\/noticiasemdestaque.com\/cd\/#website","url":"https:\/\/noticiasemdestaque.com\/cd\/","name":"Not&iacute;cias em Destaque","description":"","publisher":{"@id":"https:\/\/noticiasemdestaque.com\/cd\/#organization"},"potentialAction":[{"@type":"SearchAction","target":{"@type":"EntryPoint","urlTemplate":"https:\/\/noticiasemdestaque.com\/cd\/?s={search_term_string}"},"query-input":{"@type":"PropertyValueSpecification","valueRequired":true,"valueName":"search_term_string"}}],"inLanguage":"pt-BR"},{"@type":"Organization","@id":"https:\/\/noticiasemdestaque.com\/cd\/#organization","name":"Not\u00edcias em Destaque","url":"https:\/\/noticiasemdestaque.com\/cd\/","logo":{"@type":"ImageObject","inLanguage":"pt-BR","@id":"https:\/\/noticiasemdestaque.com\/cd\/#\/schema\/logo\/image\/","url":"https:\/\/noticiasemdestaque.com\/cd\/wp-content\/uploads\/2022\/05\/imagem-base-noticiasemdestaque.png","contentUrl":"https:\/\/noticiasemdestaque.com\/cd\/wp-content\/uploads\/2022\/05\/imagem-base-noticiasemdestaque.png","width":1200,"height":630,"caption":"Not\u00edcias em Destaque"},"image":{"@id":"https:\/\/noticiasemdestaque.com\/cd\/#\/schema\/logo\/image\/"}},{"@type":"Person","@id":"https:\/\/noticiasemdestaque.com\/cd\/#\/schema\/person\/a978acbbda55eca5b71ccb9421897bb0","name":"Not\u00edcias em Destaque","url":"https:\/\/noticiasemdestaque.com\/cd\/?author=2"}]}},"jetpack_featured_media_url":"https:\/\/noticiasemdestaque.com\/cd\/wp-content\/uploads\/2026\/08\/image-3-9.jpg.webp","jetpack_sharing_enabled":true,"_links":{"self":[{"href":"https:\/\/noticiasemdestaque.com\/cd\/index.php?rest_route=\/wp\/v2\/posts\/81419","targetHints":{"allow":["GET"]}}],"collection":[{"href":"https:\/\/noticiasemdestaque.com\/cd\/index.php?rest_route=\/wp\/v2\/posts"}],"about":[{"href":"https:\/\/noticiasemdestaque.com\/cd\/index.php?rest_route=\/wp\/v2\/types\/post"}],"author":[{"embeddable":true,"href":"https:\/\/noticiasemdestaque.com\/cd\/index.php?rest_route=\/wp\/v2\/users\/2"}],"replies":[{"embeddable":true,"href":"https:\/\/noticiasemdestaque.com\/cd\/index.php?rest_route=%2Fwp%2Fv2%2Fcomments&post=81419"}],"version-history":[{"count":1,"href":"https:\/\/noticiasemdestaque.com\/cd\/index.php?rest_route=\/wp\/v2\/posts\/81419\/revisions"}],"predecessor-version":[{"id":81421,"href":"https:\/\/noticiasemdestaque.com\/cd\/index.php?rest_route=\/wp\/v2\/posts\/81419\/revisions\/81421"}],"wp:featuredmedia":[{"embeddable":true,"href":"https:\/\/noticiasemdestaque.com\/cd\/index.php?rest_route=\/wp\/v2\/media\/81420"}],"wp:attachment":[{"href":"https:\/\/noticiasemdestaque.com\/cd\/index.php?rest_route=%2Fwp%2Fv2%2Fmedia&parent=81419"}],"wp:term":[{"taxonomy":"category","embeddable":true,"href":"https:\/\/noticiasemdestaque.com\/cd\/index.php?rest_route=%2Fwp%2Fv2%2Fcategories&post=81419"},{"taxonomy":"post_tag","embeddable":true,"href":"https:\/\/noticiasemdestaque.com\/cd\/index.php?rest_route=%2Fwp%2Fv2%2Ftags&post=81419"}],"curies":[{"name":"wp","href":"https:\/\/api.w.org\/{rel}","templated":true}]}}