{"id":8024,"date":"2018-02-19T07:30:49","date_gmt":"2018-02-19T10:30:49","guid":{"rendered":"http:\/\/caririemdestaque.com\/cd\/?p=8024"},"modified":"2018-02-19T07:30:49","modified_gmt":"2018-02-19T10:30:49","slug":"apos-intervencao-no-rj-temer-determina-envio-de-forca-tarefa-policial-ao-ceara","status":"publish","type":"post","link":"https:\/\/noticiasemdestaque.com\/cd\/?p=8024","title":{"rendered":"Ap\u00f3s interven\u00e7\u00e3o no RJ, Temer determina envio de for\u00e7a-tarefa policial ao Cear\u00e1"},"content":{"rendered":"<p><a href=\"http:\/\/www.focandoanoticia.com.br\/wp-content\/uploads\/2018\/02\/fo%C3%A7atarefa.png\"><img fetchpriority=\"high\" decoding=\"async\" class=\"alignleft size-medium wp-image-240855\" src=\"http:\/\/www.focandoanoticia.com.br\/wp-content\/uploads\/2018\/02\/fo%C3%A7atarefa-300x225.png\" sizes=\"(max-width: 300px) 100vw, 300px\" srcset=\"http:\/\/www.focandoanoticia.com.br\/wp-content\/uploads\/2018\/02\/fo\u00e7atarefa-300x225.png 300w, http:\/\/www.focandoanoticia.com.br\/wp-content\/uploads\/2018\/02\/fo\u00e7atarefa.png 400w\" alt=\"\" width=\"300\" height=\"225\" data-id=\"240855\" \/><\/a>O presidente Michel Temer determinou, neste domingo, 18, o envio de uma for\u00e7a-tarefa policial ao Estado do Cear\u00e1 para \u201cdar apoio t\u00e9cnico \u00e0s for\u00e7as de seguran\u00e7a estaduais nas a\u00e7\u00f5es de combate ao crime organizado\u201d. A informa\u00e7\u00e3o \u00e9 do Minist\u00e9rio da Justi\u00e7a.<\/p>\n<p>Em comunicado, a pasta explica que o destacamento ser\u00e1 composto por 36 homens, sendo 26 da Pol\u00edcia Federal e 10 da For\u00e7a Nacional de Seguran\u00e7a P\u00fablica, e ser\u00e1 chefiado pelo almirante Alexandre Mota, secret\u00e1rio-adjunto da Secretaria Nacional de Seguran\u00e7a P\u00fablica. A ideia \u00e9 que a for\u00e7a atue como um refor\u00e7o \u00e0s opera\u00e7\u00f5es conjuntas de intelig\u00eancia \u201cdiante dos \u00faltimos acontecimentos\u201d.<\/p>\n<p>A a\u00e7\u00e3o no Cear\u00e1 \u00e9 uma resposta \u00e0 onda de viol\u00eancia enfrentada no Estado. A popula\u00e7\u00e3o cearense tem presenciado uma guerra entre fac\u00e7\u00f5es criminosas ap\u00f3s uma chacina que deixou mais de uma dezena de mortos no fim de janeiro. O ministro da Justi\u00e7a e Seguran\u00e7a P\u00fablica, Torquato Jardim, embarcar\u00e1 o grupo \u00e0s 22h deste domingo, 18, na Base A\u00e9rea de Bras\u00edlia com destino a Fortaleza.<\/p>\n<p>Em fun\u00e7\u00e3o da crise de seguran\u00e7a no Rio de Janeiro, na \u00faltima sexta-feira, 16, o governo emedebista tamb\u00e9m decretou uma interven\u00e7\u00e3o federal no estado fluminense, com dura\u00e7\u00e3o at\u00e9 o fim deste ano. \u00c9 a primeira do tipo desde a promulga\u00e7\u00e3o da Constitui\u00e7\u00e3o Federal, h\u00e1 30 anos. O general Braga Netto ficar\u00e1 no comando das pol\u00edcias Civil e Militar, no lugar do governador do Estado, Luiz Fernando Pez\u00e3o. A medida ainda ter\u00e1 de ser aprovada pelo Congresso, mas j\u00e1 est\u00e1 em vigor.<\/p>\n<p>Fonte:Isto \u00c9<\/p>\n","protected":false},"excerpt":{"rendered":"<p>O presidente Michel Temer determinou, neste domingo, 18, o envio de uma for\u00e7a-tarefa policial ao Estado do Cear\u00e1 para \u201cdar apoio t\u00e9cnico \u00e0s for\u00e7as de seguran\u00e7a estaduais nas a\u00e7\u00f5es de combate ao crime organizado\u201d. A informa\u00e7\u00e3o \u00e9 do Minist\u00e9rio da Justi\u00e7a. Em comunicado, a pasta explica que o destacamento ser\u00e1 composto por 36 homens, sendo 26 da Pol\u00edcia Federal e 10 da For\u00e7a Nacional de Seguran\u00e7a P\u00fablica, e ser\u00e1 chefiado pelo almirante Alexandre Mota, secret\u00e1rio-adjunto da Secretaria Nacional de Seguran\u00e7a P\u00fablica. A ideia \u00e9 que a for\u00e7a atue como um refor\u00e7o \u00e0s opera\u00e7\u00f5es conjuntas de intelig\u00eancia \u201cdiante dos \u00faltimos acontecimentos\u201d. A a\u00e7\u00e3o no Cear\u00e1 \u00e9 uma resposta \u00e0 onda de viol\u00eancia enfrentada no Estado. A popula\u00e7\u00e3o cearense tem presenciado uma guerra entre fac\u00e7\u00f5es criminosas ap\u00f3s uma chacina que deixou mais de uma dezena de mortos no fim de janeiro. O ministro da Justi\u00e7a e Seguran\u00e7a P\u00fablica, Torquato Jardim, embarcar\u00e1 o grupo \u00e0s 22h deste domingo, 18, na Base A\u00e9rea de Bras\u00edlia com destino a Fortaleza. Em fun\u00e7\u00e3o da crise de seguran\u00e7a no Rio de Janeiro, na \u00faltima sexta-feira, 16, o governo emedebista tamb\u00e9m decretou uma interven\u00e7\u00e3o federal no estado fluminense, com dura\u00e7\u00e3o at\u00e9 o fim deste ano. \u00c9 a primeira do tipo desde a promulga\u00e7\u00e3o da Constitui\u00e7\u00e3o Federal, h\u00e1 30 anos. O general Braga Netto ficar\u00e1 no comando das pol\u00edcias Civil e Militar, no lugar do governador do Estado, Luiz Fernando Pez\u00e3o. A medida ainda ter\u00e1 de ser aprovada pelo Congresso, mas j\u00e1 est\u00e1 em vigor. Fonte:Isto \u00c9<\/p>\n","protected":false},"author":2,"featured_media":8025,"comment_status":"closed","ping_status":"open","sticky":false,"template":"","format":"standard","meta":{"_eb_attr":"","_jetpack_memberships_contains_paid_content":false,"footnotes":""},"categories":[4],"tags":[],"class_list":["post-8024","post","type-post","status-publish","format-standard","has-post-thumbnail","hentry","category-politica"],"yoast_head":"<!-- This site is optimized with the Yoast SEO plugin v26.5 - https:\/\/yoast.com\/wordpress\/plugins\/seo\/ -->\n<title>Ap\u00f3s interven\u00e7\u00e3o no RJ, Temer determina envio de for\u00e7a-tarefa policial ao Cear\u00e1 - Not&iacute;cias em Destaque<\/title>\n<meta name=\"robots\" content=\"index, follow, max-snippet:-1, max-image-preview:large, max-video-preview:-1\" \/>\n<link rel=\"canonical\" href=\"https:\/\/noticiasemdestaque.com\/cd\/?p=8024\" \/>\n<meta property=\"og:locale\" content=\"pt_BR\" \/>\n<meta property=\"og:type\" content=\"article\" \/>\n<meta property=\"og:title\" content=\"Ap\u00f3s interven\u00e7\u00e3o no RJ, Temer determina envio de for\u00e7a-tarefa policial ao Cear\u00e1 - Not&iacute;cias em Destaque\" \/>\n<meta property=\"og:description\" content=\"O presidente Michel Temer determinou, neste domingo, 18, o envio de uma for\u00e7a-tarefa policial ao Estado do Cear\u00e1 para \u201cdar apoio t\u00e9cnico \u00e0s for\u00e7as de seguran\u00e7a estaduais nas a\u00e7\u00f5es de combate ao crime organizado\u201d. A informa\u00e7\u00e3o \u00e9 do Minist\u00e9rio da Justi\u00e7a. Em comunicado, a pasta explica que o destacamento ser\u00e1 composto por 36 homens, sendo 26 da Pol\u00edcia Federal e 10 da For\u00e7a Nacional de Seguran\u00e7a P\u00fablica, e ser\u00e1 chefiado pelo almirante Alexandre Mota, secret\u00e1rio-adjunto da Secretaria Nacional de Seguran\u00e7a P\u00fablica. A ideia \u00e9 que a for\u00e7a atue como um refor\u00e7o \u00e0s opera\u00e7\u00f5es conjuntas de intelig\u00eancia \u201cdiante dos \u00faltimos acontecimentos\u201d. A a\u00e7\u00e3o no Cear\u00e1 \u00e9 uma resposta \u00e0 onda de viol\u00eancia enfrentada no Estado. A popula\u00e7\u00e3o cearense tem presenciado uma guerra entre fac\u00e7\u00f5es criminosas ap\u00f3s uma chacina que deixou mais de uma dezena de mortos no fim de janeiro. O ministro da Justi\u00e7a e Seguran\u00e7a P\u00fablica, Torquato Jardim, embarcar\u00e1 o grupo \u00e0s 22h deste domingo, 18, na Base A\u00e9rea de Bras\u00edlia com destino a Fortaleza. Em fun\u00e7\u00e3o da crise de seguran\u00e7a no Rio de Janeiro, na \u00faltima sexta-feira, 16, o governo emedebista tamb\u00e9m decretou uma interven\u00e7\u00e3o federal no estado fluminense, com dura\u00e7\u00e3o at\u00e9 o fim deste ano. \u00c9 a primeira do tipo desde a promulga\u00e7\u00e3o da Constitui\u00e7\u00e3o Federal, h\u00e1 30 anos. O general Braga Netto ficar\u00e1 no comando das pol\u00edcias Civil e Militar, no lugar do governador do Estado, Luiz Fernando Pez\u00e3o. A medida ainda ter\u00e1 de ser aprovada pelo Congresso, mas j\u00e1 est\u00e1 em vigor. Fonte:Isto \u00c9\" \/>\n<meta property=\"og:url\" content=\"https:\/\/noticiasemdestaque.com\/cd\/?p=8024\" \/>\n<meta property=\"og:site_name\" content=\"Not&iacute;cias em Destaque\" \/>\n<meta property=\"article:published_time\" content=\"2018-02-19T10:30:49+00:00\" \/>\n<meta property=\"og:image\" content=\"https:\/\/noticiasemdestaque.com\/cd\/wp-content\/uploads\/2018\/02\/fo\u00e7atarefa.png\" \/>\n\t<meta property=\"og:image:width\" content=\"400\" \/>\n\t<meta property=\"og:image:height\" content=\"300\" \/>\n\t<meta property=\"og:image:type\" content=\"image\/png\" \/>\n<meta name=\"author\" content=\"Not\u00edcias em Destaque\" \/>\n<meta name=\"twitter:card\" content=\"summary_large_image\" \/>\n<meta name=\"twitter:label1\" content=\"Escrito por\" \/>\n\t<meta name=\"twitter:data1\" content=\"Not\u00edcias em Destaque\" \/>\n\t<meta name=\"twitter:label2\" content=\"Est. tempo de leitura\" \/>\n\t<meta name=\"twitter:data2\" content=\"1 minuto\" \/>\n<script type=\"application\/ld+json\" class=\"yoast-schema-graph\">{\"@context\":\"https:\/\/schema.org\",\"@graph\":[{\"@type\":\"Article\",\"@id\":\"https:\/\/noticiasemdestaque.com\/cd\/?p=8024#article\",\"isPartOf\":{\"@id\":\"https:\/\/noticiasemdestaque.com\/cd\/?p=8024\"},\"author\":{\"name\":\"Not\u00edcias em Destaque\",\"@id\":\"https:\/\/noticiasemdestaque.com\/cd\/#\/schema\/person\/21320b03a7e8bb90128938dafc9b908a\"},\"headline\":\"Ap\u00f3s interven\u00e7\u00e3o no RJ, Temer determina envio de for\u00e7a-tarefa policial ao Cear\u00e1\",\"datePublished\":\"2018-02-19T10:30:49+00:00\",\"mainEntityOfPage\":{\"@id\":\"https:\/\/noticiasemdestaque.com\/cd\/?p=8024\"},\"wordCount\":289,\"publisher\":{\"@id\":\"https:\/\/noticiasemdestaque.com\/cd\/#organization\"},\"image\":{\"@id\":\"https:\/\/noticiasemdestaque.com\/cd\/?p=8024#primaryimage\"},\"thumbnailUrl\":\"https:\/\/noticiasemdestaque.com\/cd\/wp-content\/uploads\/2018\/02\/fo\u00e7atarefa.png\",\"articleSection\":[\"Pol\u00edtica\"],\"inLanguage\":\"pt-BR\"},{\"@type\":\"WebPage\",\"@id\":\"https:\/\/noticiasemdestaque.com\/cd\/?p=8024\",\"url\":\"https:\/\/noticiasemdestaque.com\/cd\/?p=8024\",\"name\":\"Ap\u00f3s interven\u00e7\u00e3o no RJ, Temer determina envio de for\u00e7a-tarefa policial ao Cear\u00e1 - Not&iacute;cias em Destaque\",\"isPartOf\":{\"@id\":\"https:\/\/noticiasemdestaque.com\/cd\/#website\"},\"primaryImageOfPage\":{\"@id\":\"https:\/\/noticiasemdestaque.com\/cd\/?p=8024#primaryimage\"},\"image\":{\"@id\":\"https:\/\/noticiasemdestaque.com\/cd\/?p=8024#primaryimage\"},\"thumbnailUrl\":\"https:\/\/noticiasemdestaque.com\/cd\/wp-content\/uploads\/2018\/02\/fo\u00e7atarefa.png\",\"datePublished\":\"2018-02-19T10:30:49+00:00\",\"breadcrumb\":{\"@id\":\"https:\/\/noticiasemdestaque.com\/cd\/?p=8024#breadcrumb\"},\"inLanguage\":\"pt-BR\",\"potentialAction\":[{\"@type\":\"ReadAction\",\"target\":[\"https:\/\/noticiasemdestaque.com\/cd\/?p=8024\"]}]},{\"@type\":\"ImageObject\",\"inLanguage\":\"pt-BR\",\"@id\":\"https:\/\/noticiasemdestaque.com\/cd\/?p=8024#primaryimage\",\"url\":\"https:\/\/noticiasemdestaque.com\/cd\/wp-content\/uploads\/2018\/02\/fo\u00e7atarefa.png\",\"contentUrl\":\"https:\/\/noticiasemdestaque.com\/cd\/wp-content\/uploads\/2018\/02\/fo\u00e7atarefa.png\",\"width\":400,\"height\":300},{\"@type\":\"BreadcrumbList\",\"@id\":\"https:\/\/noticiasemdestaque.com\/cd\/?p=8024#breadcrumb\",\"itemListElement\":[{\"@type\":\"ListItem\",\"position\":1,\"name\":\"In\u00edcio\",\"item\":\"https:\/\/noticiasemdestaque.com\/cd\/\"},{\"@type\":\"ListItem\",\"position\":2,\"name\":\"Ap\u00f3s interven\u00e7\u00e3o no RJ, Temer determina envio de for\u00e7a-tarefa policial ao Cear\u00e1\"}]},{\"@type\":\"WebSite\",\"@id\":\"https:\/\/noticiasemdestaque.com\/cd\/#website\",\"url\":\"https:\/\/noticiasemdestaque.com\/cd\/\",\"name\":\"Not&iacute;cias em Destaque\",\"description\":\"\",\"publisher\":{\"@id\":\"https:\/\/noticiasemdestaque.com\/cd\/#organization\"},\"potentialAction\":[{\"@type\":\"SearchAction\",\"target\":{\"@type\":\"EntryPoint\",\"urlTemplate\":\"https:\/\/noticiasemdestaque.com\/cd\/?s={search_term_string}\"},\"query-input\":{\"@type\":\"PropertyValueSpecification\",\"valueRequired\":true,\"valueName\":\"search_term_string\"}}],\"inLanguage\":\"pt-BR\"},{\"@type\":\"Organization\",\"@id\":\"https:\/\/noticiasemdestaque.com\/cd\/#organization\",\"name\":\"Not\u00edcias em Destaque\",\"url\":\"https:\/\/noticiasemdestaque.com\/cd\/\",\"logo\":{\"@type\":\"ImageObject\",\"inLanguage\":\"pt-BR\",\"@id\":\"https:\/\/noticiasemdestaque.com\/cd\/#\/schema\/logo\/image\/\",\"url\":\"https:\/\/noticiasemdestaque.com\/cd\/wp-content\/uploads\/2022\/05\/imagem-base-noticiasemdestaque.png\",\"contentUrl\":\"https:\/\/noticiasemdestaque.com\/cd\/wp-content\/uploads\/2022\/05\/imagem-base-noticiasemdestaque.png\",\"width\":1200,\"height\":630,\"caption\":\"Not\u00edcias em Destaque\"},\"image\":{\"@id\":\"https:\/\/noticiasemdestaque.com\/cd\/#\/schema\/logo\/image\/\"}},{\"@type\":\"Person\",\"@id\":\"https:\/\/noticiasemdestaque.com\/cd\/#\/schema\/person\/21320b03a7e8bb90128938dafc9b908a\",\"name\":\"Not\u00edcias em Destaque\",\"url\":\"https:\/\/noticiasemdestaque.com\/cd\/?author=2\"}]}<\/script>\n<!-- \/ Yoast SEO plugin. -->","yoast_head_json":{"title":"Ap\u00f3s interven\u00e7\u00e3o no RJ, Temer determina envio de for\u00e7a-tarefa policial ao Cear\u00e1 - Not&iacute;cias em Destaque","robots":{"index":"index","follow":"follow","max-snippet":"max-snippet:-1","max-image-preview":"max-image-preview:large","max-video-preview":"max-video-preview:-1"},"canonical":"https:\/\/noticiasemdestaque.com\/cd\/?p=8024","og_locale":"pt_BR","og_type":"article","og_title":"Ap\u00f3s interven\u00e7\u00e3o no RJ, Temer determina envio de for\u00e7a-tarefa policial ao Cear\u00e1 - Not&iacute;cias em Destaque","og_description":"O presidente Michel Temer determinou, neste domingo, 18, o envio de uma for\u00e7a-tarefa policial ao Estado do Cear\u00e1 para \u201cdar apoio t\u00e9cnico \u00e0s for\u00e7as de seguran\u00e7a estaduais nas a\u00e7\u00f5es de combate ao crime organizado\u201d. A informa\u00e7\u00e3o \u00e9 do Minist\u00e9rio da Justi\u00e7a. Em comunicado, a pasta explica que o destacamento ser\u00e1 composto por 36 homens, sendo 26 da Pol\u00edcia Federal e 10 da For\u00e7a Nacional de Seguran\u00e7a P\u00fablica, e ser\u00e1 chefiado pelo almirante Alexandre Mota, secret\u00e1rio-adjunto da Secretaria Nacional de Seguran\u00e7a P\u00fablica. A ideia \u00e9 que a for\u00e7a atue como um refor\u00e7o \u00e0s opera\u00e7\u00f5es conjuntas de intelig\u00eancia \u201cdiante dos \u00faltimos acontecimentos\u201d. A a\u00e7\u00e3o no Cear\u00e1 \u00e9 uma resposta \u00e0 onda de viol\u00eancia enfrentada no Estado. A popula\u00e7\u00e3o cearense tem presenciado uma guerra entre fac\u00e7\u00f5es criminosas ap\u00f3s uma chacina que deixou mais de uma dezena de mortos no fim de janeiro. O ministro da Justi\u00e7a e Seguran\u00e7a P\u00fablica, Torquato Jardim, embarcar\u00e1 o grupo \u00e0s 22h deste domingo, 18, na Base A\u00e9rea de Bras\u00edlia com destino a Fortaleza. Em fun\u00e7\u00e3o da crise de seguran\u00e7a no Rio de Janeiro, na \u00faltima sexta-feira, 16, o governo emedebista tamb\u00e9m decretou uma interven\u00e7\u00e3o federal no estado fluminense, com dura\u00e7\u00e3o at\u00e9 o fim deste ano. \u00c9 a primeira do tipo desde a promulga\u00e7\u00e3o da Constitui\u00e7\u00e3o Federal, h\u00e1 30 anos. O general Braga Netto ficar\u00e1 no comando das pol\u00edcias Civil e Militar, no lugar do governador do Estado, Luiz Fernando Pez\u00e3o. A medida ainda ter\u00e1 de ser aprovada pelo Congresso, mas j\u00e1 est\u00e1 em vigor. Fonte:Isto \u00c9","og_url":"https:\/\/noticiasemdestaque.com\/cd\/?p=8024","og_site_name":"Not&iacute;cias em Destaque","article_published_time":"2018-02-19T10:30:49+00:00","og_image":[{"width":400,"height":300,"url":"https:\/\/noticiasemdestaque.com\/cd\/wp-content\/uploads\/2018\/02\/fo\u00e7atarefa.png","type":"image\/png"}],"author":"Not\u00edcias em Destaque","twitter_card":"summary_large_image","twitter_misc":{"Escrito por":"Not\u00edcias em Destaque","Est. tempo de leitura":"1 minuto"},"schema":{"@context":"https:\/\/schema.org","@graph":[{"@type":"Article","@id":"https:\/\/noticiasemdestaque.com\/cd\/?p=8024#article","isPartOf":{"@id":"https:\/\/noticiasemdestaque.com\/cd\/?p=8024"},"author":{"name":"Not\u00edcias em Destaque","@id":"https:\/\/noticiasemdestaque.com\/cd\/#\/schema\/person\/21320b03a7e8bb90128938dafc9b908a"},"headline":"Ap\u00f3s interven\u00e7\u00e3o no RJ, Temer determina envio de for\u00e7a-tarefa policial ao Cear\u00e1","datePublished":"2018-02-19T10:30:49+00:00","mainEntityOfPage":{"@id":"https:\/\/noticiasemdestaque.com\/cd\/?p=8024"},"wordCount":289,"publisher":{"@id":"https:\/\/noticiasemdestaque.com\/cd\/#organization"},"image":{"@id":"https:\/\/noticiasemdestaque.com\/cd\/?p=8024#primaryimage"},"thumbnailUrl":"https:\/\/noticiasemdestaque.com\/cd\/wp-content\/uploads\/2018\/02\/fo\u00e7atarefa.png","articleSection":["Pol\u00edtica"],"inLanguage":"pt-BR"},{"@type":"WebPage","@id":"https:\/\/noticiasemdestaque.com\/cd\/?p=8024","url":"https:\/\/noticiasemdestaque.com\/cd\/?p=8024","name":"Ap\u00f3s interven\u00e7\u00e3o no RJ, Temer determina envio de for\u00e7a-tarefa policial ao Cear\u00e1 - Not&iacute;cias em Destaque","isPartOf":{"@id":"https:\/\/noticiasemdestaque.com\/cd\/#website"},"primaryImageOfPage":{"@id":"https:\/\/noticiasemdestaque.com\/cd\/?p=8024#primaryimage"},"image":{"@id":"https:\/\/noticiasemdestaque.com\/cd\/?p=8024#primaryimage"},"thumbnailUrl":"https:\/\/noticiasemdestaque.com\/cd\/wp-content\/uploads\/2018\/02\/fo\u00e7atarefa.png","datePublished":"2018-02-19T10:30:49+00:00","breadcrumb":{"@id":"https:\/\/noticiasemdestaque.com\/cd\/?p=8024#breadcrumb"},"inLanguage":"pt-BR","potentialAction":[{"@type":"ReadAction","target":["https:\/\/noticiasemdestaque.com\/cd\/?p=8024"]}]},{"@type":"ImageObject","inLanguage":"pt-BR","@id":"https:\/\/noticiasemdestaque.com\/cd\/?p=8024#primaryimage","url":"https:\/\/noticiasemdestaque.com\/cd\/wp-content\/uploads\/2018\/02\/fo\u00e7atarefa.png","contentUrl":"https:\/\/noticiasemdestaque.com\/cd\/wp-content\/uploads\/2018\/02\/fo\u00e7atarefa.png","width":400,"height":300},{"@type":"BreadcrumbList","@id":"https:\/\/noticiasemdestaque.com\/cd\/?p=8024#breadcrumb","itemListElement":[{"@type":"ListItem","position":1,"name":"In\u00edcio","item":"https:\/\/noticiasemdestaque.com\/cd\/"},{"@type":"ListItem","position":2,"name":"Ap\u00f3s interven\u00e7\u00e3o no RJ, Temer determina envio de for\u00e7a-tarefa policial ao Cear\u00e1"}]},{"@type":"WebSite","@id":"https:\/\/noticiasemdestaque.com\/cd\/#website","url":"https:\/\/noticiasemdestaque.com\/cd\/","name":"Not&iacute;cias em Destaque","description":"","publisher":{"@id":"https:\/\/noticiasemdestaque.com\/cd\/#organization"},"potentialAction":[{"@type":"SearchAction","target":{"@type":"EntryPoint","urlTemplate":"https:\/\/noticiasemdestaque.com\/cd\/?s={search_term_string}"},"query-input":{"@type":"PropertyValueSpecification","valueRequired":true,"valueName":"search_term_string"}}],"inLanguage":"pt-BR"},{"@type":"Organization","@id":"https:\/\/noticiasemdestaque.com\/cd\/#organization","name":"Not\u00edcias em Destaque","url":"https:\/\/noticiasemdestaque.com\/cd\/","logo":{"@type":"ImageObject","inLanguage":"pt-BR","@id":"https:\/\/noticiasemdestaque.com\/cd\/#\/schema\/logo\/image\/","url":"https:\/\/noticiasemdestaque.com\/cd\/wp-content\/uploads\/2022\/05\/imagem-base-noticiasemdestaque.png","contentUrl":"https:\/\/noticiasemdestaque.com\/cd\/wp-content\/uploads\/2022\/05\/imagem-base-noticiasemdestaque.png","width":1200,"height":630,"caption":"Not\u00edcias em Destaque"},"image":{"@id":"https:\/\/noticiasemdestaque.com\/cd\/#\/schema\/logo\/image\/"}},{"@type":"Person","@id":"https:\/\/noticiasemdestaque.com\/cd\/#\/schema\/person\/21320b03a7e8bb90128938dafc9b908a","name":"Not\u00edcias em Destaque","url":"https:\/\/noticiasemdestaque.com\/cd\/?author=2"}]}},"jetpack_featured_media_url":"https:\/\/noticiasemdestaque.com\/cd\/wp-content\/uploads\/2018\/02\/fo\u00e7atarefa.png","jetpack_sharing_enabled":true,"_links":{"self":[{"href":"https:\/\/noticiasemdestaque.com\/cd\/index.php?rest_route=\/wp\/v2\/posts\/8024","targetHints":{"allow":["GET"]}}],"collection":[{"href":"https:\/\/noticiasemdestaque.com\/cd\/index.php?rest_route=\/wp\/v2\/posts"}],"about":[{"href":"https:\/\/noticiasemdestaque.com\/cd\/index.php?rest_route=\/wp\/v2\/types\/post"}],"author":[{"embeddable":true,"href":"https:\/\/noticiasemdestaque.com\/cd\/index.php?rest_route=\/wp\/v2\/users\/2"}],"replies":[{"embeddable":true,"href":"https:\/\/noticiasemdestaque.com\/cd\/index.php?rest_route=%2Fwp%2Fv2%2Fcomments&post=8024"}],"version-history":[{"count":1,"href":"https:\/\/noticiasemdestaque.com\/cd\/index.php?rest_route=\/wp\/v2\/posts\/8024\/revisions"}],"predecessor-version":[{"id":8026,"href":"https:\/\/noticiasemdestaque.com\/cd\/index.php?rest_route=\/wp\/v2\/posts\/8024\/revisions\/8026"}],"wp:featuredmedia":[{"embeddable":true,"href":"https:\/\/noticiasemdestaque.com\/cd\/index.php?rest_route=\/wp\/v2\/media\/8025"}],"wp:attachment":[{"href":"https:\/\/noticiasemdestaque.com\/cd\/index.php?rest_route=%2Fwp%2Fv2%2Fmedia&parent=8024"}],"wp:term":[{"taxonomy":"category","embeddable":true,"href":"https:\/\/noticiasemdestaque.com\/cd\/index.php?rest_route=%2Fwp%2Fv2%2Fcategories&post=8024"},{"taxonomy":"post_tag","embeddable":true,"href":"https:\/\/noticiasemdestaque.com\/cd\/index.php?rest_route=%2Fwp%2Fv2%2Ftags&post=8024"}],"curies":[{"name":"wp","href":"https:\/\/api.w.org\/{rel}","templated":true}]}}