{"id":8015,"date":"2018-02-17T14:20:44","date_gmt":"2018-02-17T17:20:44","guid":{"rendered":"http:\/\/caririemdestaque.com\/cd\/?p=8015"},"modified":"2018-02-17T14:20:44","modified_gmt":"2018-02-17T17:20:44","slug":"hospital-de-trauma-confirma-morte-de-crianca-vitima-de-disparo-de-arma-de-fogo-em-parari","status":"publish","type":"post","link":"https:\/\/noticiasemdestaque.com\/cd\/?p=8015","title":{"rendered":"Hospital de Trauma confirma morte de crian\u00e7a v\u00edtima de disparo de arma de fogo em Parari"},"content":{"rendered":"<p><a href=\"http:\/\/caririemdestaque.com\/cd\/wp-content\/uploads\/2018\/02\/28058465_2069378256629407_4578972369987518385_n.jpg\"><img fetchpriority=\"high\" decoding=\"async\" class=\"size-medium wp-image-8016 alignleft\" src=\"http:\/\/caririemdestaque.com\/cd\/wp-content\/uploads\/2018\/02\/28058465_2069378256629407_4578972369987518385_n-300x191.jpg\" alt=\"\" width=\"300\" height=\"191\" srcset=\"https:\/\/noticiasemdestaque.com\/cd\/wp-content\/uploads\/2018\/02\/28058465_2069378256629407_4578972369987518385_n-300x191.jpg 300w, https:\/\/noticiasemdestaque.com\/cd\/wp-content\/uploads\/2018\/02\/28058465_2069378256629407_4578972369987518385_n.jpg 597w\" sizes=\"(max-width: 300px) 100vw, 300px\" \/><\/a>O menino de 10 anos atingido por um disparo de arma de fogo na cidade de Parari veio \u00e0 \u00f3bito na ala infantil do Hospital de Trauma de Campina Grande. A informa\u00e7\u00e3o foi confirmada pela assessoria de imprensa do hospital e o \u00f3bito foi dado como certo pela equipe m\u00e9dica \u00e0s 5 horas deste s\u00e1bado (17).<\/p>\n<p>O disparo contra a crian\u00e7a ocorreu na cidade de Parari, no Cariri paraibano, na \u00faltima ter\u00e7a-feira de carnaval (13). A crian\u00e7a foi socorrida para o Hospital Geral de Serra Branca e transferido em seguida para o Hospital de Emerg\u00eancia e Trauma de Campina Grande.<\/p>\n<p>Os m\u00e9dicos de hospital de Trauma de Campina fizeram uma primeira avalia\u00e7\u00e3o na manh\u00e3 desta sexta (16) e abriram protocolo de Morte Cerebral. Ap\u00f3s novos exames, \u00e0s 5hrs deste s\u00e1bado, o \u00f3bito foi confirmado.<\/p>\n<p>A pol\u00edcia prendeu o padrasto em flagrante por porte ilegal de arma, mas o liberou ap\u00f3s pagamento de fian\u00e7a. O menor tamb\u00e9m foi apreendido, mas liberado ap\u00f3s decis\u00e3o do Minist\u00e9rio P\u00fablico que entendeu ter sido um tiro acidental. A Delegacia de Serra Branca informou que investiga todas as vers\u00f5es sobre o fato.<\/p>\n<p><strong>Cariri em Destaque<\/strong><\/p>\n<p><em>Com De Olho no Cariri\/<\/em><\/p>\n","protected":false},"excerpt":{"rendered":"<p>O menino de 10 anos atingido por um disparo de arma de fogo na cidade de Parari veio \u00e0 \u00f3bito na ala infantil do Hospital de Trauma de Campina Grande. A informa\u00e7\u00e3o foi confirmada pela assessoria de imprensa do hospital e o \u00f3bito foi dado como certo pela equipe m\u00e9dica \u00e0s 5 horas deste s\u00e1bado (17). O disparo contra a crian\u00e7a ocorreu na cidade de Parari, no Cariri paraibano, na \u00faltima ter\u00e7a-feira de carnaval (13). A crian\u00e7a foi socorrida para o Hospital Geral de Serra Branca e transferido em seguida para o Hospital de Emerg\u00eancia e Trauma de Campina Grande. Os m\u00e9dicos de hospital de Trauma de Campina fizeram uma primeira avalia\u00e7\u00e3o na manh\u00e3 desta sexta (16) e abriram protocolo de Morte Cerebral. Ap\u00f3s novos exames, \u00e0s 5hrs deste s\u00e1bado, o \u00f3bito foi confirmado. A pol\u00edcia prendeu o padrasto em flagrante por porte ilegal de arma, mas o liberou ap\u00f3s pagamento de fian\u00e7a. O menor tamb\u00e9m foi apreendido, mas liberado ap\u00f3s decis\u00e3o do Minist\u00e9rio P\u00fablico que entendeu ter sido um tiro acidental. A Delegacia de Serra Branca informou que investiga todas as vers\u00f5es sobre o fato. Cariri em Destaque Com De Olho no Cariri\/<\/p>\n","protected":false},"author":2,"featured_media":8016,"comment_status":"closed","ping_status":"open","sticky":false,"template":"","format":"standard","meta":{"_eb_attr":"","_jetpack_memberships_contains_paid_content":false,"footnotes":""},"categories":[1],"tags":[],"class_list":["post-8015","post","type-post","status-publish","format-standard","has-post-thumbnail","hentry","category-uncategorized"],"yoast_head":"<!-- This site is optimized with the Yoast SEO plugin v26.5 - https:\/\/yoast.com\/wordpress\/plugins\/seo\/ -->\n<title>Hospital de Trauma confirma morte de crian\u00e7a v\u00edtima de disparo de arma de fogo em Parari - Not&iacute;cias em Destaque<\/title>\n<meta name=\"robots\" content=\"index, follow, max-snippet:-1, max-image-preview:large, max-video-preview:-1\" \/>\n<link rel=\"canonical\" href=\"https:\/\/noticiasemdestaque.com\/cd\/?p=8015\" \/>\n<meta property=\"og:locale\" content=\"pt_BR\" \/>\n<meta property=\"og:type\" content=\"article\" \/>\n<meta property=\"og:title\" content=\"Hospital de Trauma confirma morte de crian\u00e7a v\u00edtima de disparo de arma de fogo em Parari - Not&iacute;cias em Destaque\" \/>\n<meta property=\"og:description\" content=\"O menino de 10 anos atingido por um disparo de arma de fogo na cidade de Parari veio \u00e0 \u00f3bito na ala infantil do Hospital de Trauma de Campina Grande. A informa\u00e7\u00e3o foi confirmada pela assessoria de imprensa do hospital e o \u00f3bito foi dado como certo pela equipe m\u00e9dica \u00e0s 5 horas deste s\u00e1bado (17). O disparo contra a crian\u00e7a ocorreu na cidade de Parari, no Cariri paraibano, na \u00faltima ter\u00e7a-feira de carnaval (13). A crian\u00e7a foi socorrida para o Hospital Geral de Serra Branca e transferido em seguida para o Hospital de Emerg\u00eancia e Trauma de Campina Grande. Os m\u00e9dicos de hospital de Trauma de Campina fizeram uma primeira avalia\u00e7\u00e3o na manh\u00e3 desta sexta (16) e abriram protocolo de Morte Cerebral. Ap\u00f3s novos exames, \u00e0s 5hrs deste s\u00e1bado, o \u00f3bito foi confirmado. A pol\u00edcia prendeu o padrasto em flagrante por porte ilegal de arma, mas o liberou ap\u00f3s pagamento de fian\u00e7a. O menor tamb\u00e9m foi apreendido, mas liberado ap\u00f3s decis\u00e3o do Minist\u00e9rio P\u00fablico que entendeu ter sido um tiro acidental. A Delegacia de Serra Branca informou que investiga todas as vers\u00f5es sobre o fato. Cariri em Destaque Com De Olho no Cariri\/\" \/>\n<meta property=\"og:url\" content=\"https:\/\/noticiasemdestaque.com\/cd\/?p=8015\" \/>\n<meta property=\"og:site_name\" content=\"Not&iacute;cias em Destaque\" \/>\n<meta property=\"article:published_time\" content=\"2018-02-17T17:20:44+00:00\" \/>\n<meta property=\"og:image\" content=\"https:\/\/noticiasemdestaque.com\/cd\/wp-content\/uploads\/2018\/02\/28058465_2069378256629407_4578972369987518385_n.jpg\" \/>\n\t<meta property=\"og:image:width\" content=\"597\" \/>\n\t<meta property=\"og:image:height\" content=\"381\" \/>\n\t<meta property=\"og:image:type\" content=\"image\/jpeg\" \/>\n<meta name=\"author\" content=\"Not\u00edcias em Destaque\" \/>\n<meta name=\"twitter:card\" content=\"summary_large_image\" \/>\n<meta name=\"twitter:label1\" content=\"Escrito por\" \/>\n\t<meta name=\"twitter:data1\" content=\"Not\u00edcias em Destaque\" \/>\n\t<meta name=\"twitter:label2\" content=\"Est. tempo de leitura\" \/>\n\t<meta name=\"twitter:data2\" content=\"1 minuto\" \/>\n<script type=\"application\/ld+json\" class=\"yoast-schema-graph\">{\"@context\":\"https:\/\/schema.org\",\"@graph\":[{\"@type\":\"Article\",\"@id\":\"https:\/\/noticiasemdestaque.com\/cd\/?p=8015#article\",\"isPartOf\":{\"@id\":\"https:\/\/noticiasemdestaque.com\/cd\/?p=8015\"},\"author\":{\"name\":\"Not\u00edcias em Destaque\",\"@id\":\"https:\/\/noticiasemdestaque.com\/cd\/#\/schema\/person\/21320b03a7e8bb90128938dafc9b908a\"},\"headline\":\"Hospital de Trauma confirma morte de crian\u00e7a v\u00edtima de disparo de arma de fogo em Parari\",\"datePublished\":\"2018-02-17T17:20:44+00:00\",\"mainEntityOfPage\":{\"@id\":\"https:\/\/noticiasemdestaque.com\/cd\/?p=8015\"},\"wordCount\":226,\"publisher\":{\"@id\":\"https:\/\/noticiasemdestaque.com\/cd\/#organization\"},\"image\":{\"@id\":\"https:\/\/noticiasemdestaque.com\/cd\/?p=8015#primaryimage\"},\"thumbnailUrl\":\"https:\/\/noticiasemdestaque.com\/cd\/wp-content\/uploads\/2018\/02\/28058465_2069378256629407_4578972369987518385_n.jpg\",\"articleSection\":[\"Uncategorized\"],\"inLanguage\":\"pt-BR\"},{\"@type\":\"WebPage\",\"@id\":\"https:\/\/noticiasemdestaque.com\/cd\/?p=8015\",\"url\":\"https:\/\/noticiasemdestaque.com\/cd\/?p=8015\",\"name\":\"Hospital de Trauma confirma morte de crian\u00e7a v\u00edtima de disparo de arma de fogo em Parari - Not&iacute;cias em Destaque\",\"isPartOf\":{\"@id\":\"https:\/\/noticiasemdestaque.com\/cd\/#website\"},\"primaryImageOfPage\":{\"@id\":\"https:\/\/noticiasemdestaque.com\/cd\/?p=8015#primaryimage\"},\"image\":{\"@id\":\"https:\/\/noticiasemdestaque.com\/cd\/?p=8015#primaryimage\"},\"thumbnailUrl\":\"https:\/\/noticiasemdestaque.com\/cd\/wp-content\/uploads\/2018\/02\/28058465_2069378256629407_4578972369987518385_n.jpg\",\"datePublished\":\"2018-02-17T17:20:44+00:00\",\"breadcrumb\":{\"@id\":\"https:\/\/noticiasemdestaque.com\/cd\/?p=8015#breadcrumb\"},\"inLanguage\":\"pt-BR\",\"potentialAction\":[{\"@type\":\"ReadAction\",\"target\":[\"https:\/\/noticiasemdestaque.com\/cd\/?p=8015\"]}]},{\"@type\":\"ImageObject\",\"inLanguage\":\"pt-BR\",\"@id\":\"https:\/\/noticiasemdestaque.com\/cd\/?p=8015#primaryimage\",\"url\":\"https:\/\/noticiasemdestaque.com\/cd\/wp-content\/uploads\/2018\/02\/28058465_2069378256629407_4578972369987518385_n.jpg\",\"contentUrl\":\"https:\/\/noticiasemdestaque.com\/cd\/wp-content\/uploads\/2018\/02\/28058465_2069378256629407_4578972369987518385_n.jpg\",\"width\":597,\"height\":381},{\"@type\":\"BreadcrumbList\",\"@id\":\"https:\/\/noticiasemdestaque.com\/cd\/?p=8015#breadcrumb\",\"itemListElement\":[{\"@type\":\"ListItem\",\"position\":1,\"name\":\"In\u00edcio\",\"item\":\"https:\/\/noticiasemdestaque.com\/cd\/\"},{\"@type\":\"ListItem\",\"position\":2,\"name\":\"Hospital de Trauma confirma morte de crian\u00e7a v\u00edtima de disparo de arma de fogo em Parari\"}]},{\"@type\":\"WebSite\",\"@id\":\"https:\/\/noticiasemdestaque.com\/cd\/#website\",\"url\":\"https:\/\/noticiasemdestaque.com\/cd\/\",\"name\":\"Not&iacute;cias em Destaque\",\"description\":\"\",\"publisher\":{\"@id\":\"https:\/\/noticiasemdestaque.com\/cd\/#organization\"},\"potentialAction\":[{\"@type\":\"SearchAction\",\"target\":{\"@type\":\"EntryPoint\",\"urlTemplate\":\"https:\/\/noticiasemdestaque.com\/cd\/?s={search_term_string}\"},\"query-input\":{\"@type\":\"PropertyValueSpecification\",\"valueRequired\":true,\"valueName\":\"search_term_string\"}}],\"inLanguage\":\"pt-BR\"},{\"@type\":\"Organization\",\"@id\":\"https:\/\/noticiasemdestaque.com\/cd\/#organization\",\"name\":\"Not\u00edcias em Destaque\",\"url\":\"https:\/\/noticiasemdestaque.com\/cd\/\",\"logo\":{\"@type\":\"ImageObject\",\"inLanguage\":\"pt-BR\",\"@id\":\"https:\/\/noticiasemdestaque.com\/cd\/#\/schema\/logo\/image\/\",\"url\":\"https:\/\/noticiasemdestaque.com\/cd\/wp-content\/uploads\/2022\/05\/imagem-base-noticiasemdestaque.png\",\"contentUrl\":\"https:\/\/noticiasemdestaque.com\/cd\/wp-content\/uploads\/2022\/05\/imagem-base-noticiasemdestaque.png\",\"width\":1200,\"height\":630,\"caption\":\"Not\u00edcias em Destaque\"},\"image\":{\"@id\":\"https:\/\/noticiasemdestaque.com\/cd\/#\/schema\/logo\/image\/\"}},{\"@type\":\"Person\",\"@id\":\"https:\/\/noticiasemdestaque.com\/cd\/#\/schema\/person\/21320b03a7e8bb90128938dafc9b908a\",\"name\":\"Not\u00edcias em Destaque\",\"url\":\"https:\/\/noticiasemdestaque.com\/cd\/?author=2\"}]}<\/script>\n<!-- \/ Yoast SEO plugin. -->","yoast_head_json":{"title":"Hospital de Trauma confirma morte de crian\u00e7a v\u00edtima de disparo de arma de fogo em Parari - Not&iacute;cias em Destaque","robots":{"index":"index","follow":"follow","max-snippet":"max-snippet:-1","max-image-preview":"max-image-preview:large","max-video-preview":"max-video-preview:-1"},"canonical":"https:\/\/noticiasemdestaque.com\/cd\/?p=8015","og_locale":"pt_BR","og_type":"article","og_title":"Hospital de Trauma confirma morte de crian\u00e7a v\u00edtima de disparo de arma de fogo em Parari - Not&iacute;cias em Destaque","og_description":"O menino de 10 anos atingido por um disparo de arma de fogo na cidade de Parari veio \u00e0 \u00f3bito na ala infantil do Hospital de Trauma de Campina Grande. A informa\u00e7\u00e3o foi confirmada pela assessoria de imprensa do hospital e o \u00f3bito foi dado como certo pela equipe m\u00e9dica \u00e0s 5 horas deste s\u00e1bado (17). O disparo contra a crian\u00e7a ocorreu na cidade de Parari, no Cariri paraibano, na \u00faltima ter\u00e7a-feira de carnaval (13). A crian\u00e7a foi socorrida para o Hospital Geral de Serra Branca e transferido em seguida para o Hospital de Emerg\u00eancia e Trauma de Campina Grande. Os m\u00e9dicos de hospital de Trauma de Campina fizeram uma primeira avalia\u00e7\u00e3o na manh\u00e3 desta sexta (16) e abriram protocolo de Morte Cerebral. Ap\u00f3s novos exames, \u00e0s 5hrs deste s\u00e1bado, o \u00f3bito foi confirmado. A pol\u00edcia prendeu o padrasto em flagrante por porte ilegal de arma, mas o liberou ap\u00f3s pagamento de fian\u00e7a. O menor tamb\u00e9m foi apreendido, mas liberado ap\u00f3s decis\u00e3o do Minist\u00e9rio P\u00fablico que entendeu ter sido um tiro acidental. A Delegacia de Serra Branca informou que investiga todas as vers\u00f5es sobre o fato. Cariri em Destaque Com De Olho no Cariri\/","og_url":"https:\/\/noticiasemdestaque.com\/cd\/?p=8015","og_site_name":"Not&iacute;cias em Destaque","article_published_time":"2018-02-17T17:20:44+00:00","og_image":[{"width":597,"height":381,"url":"https:\/\/noticiasemdestaque.com\/cd\/wp-content\/uploads\/2018\/02\/28058465_2069378256629407_4578972369987518385_n.jpg","type":"image\/jpeg"}],"author":"Not\u00edcias em Destaque","twitter_card":"summary_large_image","twitter_misc":{"Escrito por":"Not\u00edcias em Destaque","Est. tempo de leitura":"1 minuto"},"schema":{"@context":"https:\/\/schema.org","@graph":[{"@type":"Article","@id":"https:\/\/noticiasemdestaque.com\/cd\/?p=8015#article","isPartOf":{"@id":"https:\/\/noticiasemdestaque.com\/cd\/?p=8015"},"author":{"name":"Not\u00edcias em Destaque","@id":"https:\/\/noticiasemdestaque.com\/cd\/#\/schema\/person\/21320b03a7e8bb90128938dafc9b908a"},"headline":"Hospital de Trauma confirma morte de crian\u00e7a v\u00edtima de disparo de arma de fogo em Parari","datePublished":"2018-02-17T17:20:44+00:00","mainEntityOfPage":{"@id":"https:\/\/noticiasemdestaque.com\/cd\/?p=8015"},"wordCount":226,"publisher":{"@id":"https:\/\/noticiasemdestaque.com\/cd\/#organization"},"image":{"@id":"https:\/\/noticiasemdestaque.com\/cd\/?p=8015#primaryimage"},"thumbnailUrl":"https:\/\/noticiasemdestaque.com\/cd\/wp-content\/uploads\/2018\/02\/28058465_2069378256629407_4578972369987518385_n.jpg","articleSection":["Uncategorized"],"inLanguage":"pt-BR"},{"@type":"WebPage","@id":"https:\/\/noticiasemdestaque.com\/cd\/?p=8015","url":"https:\/\/noticiasemdestaque.com\/cd\/?p=8015","name":"Hospital de Trauma confirma morte de crian\u00e7a v\u00edtima de disparo de arma de fogo em Parari - Not&iacute;cias em Destaque","isPartOf":{"@id":"https:\/\/noticiasemdestaque.com\/cd\/#website"},"primaryImageOfPage":{"@id":"https:\/\/noticiasemdestaque.com\/cd\/?p=8015#primaryimage"},"image":{"@id":"https:\/\/noticiasemdestaque.com\/cd\/?p=8015#primaryimage"},"thumbnailUrl":"https:\/\/noticiasemdestaque.com\/cd\/wp-content\/uploads\/2018\/02\/28058465_2069378256629407_4578972369987518385_n.jpg","datePublished":"2018-02-17T17:20:44+00:00","breadcrumb":{"@id":"https:\/\/noticiasemdestaque.com\/cd\/?p=8015#breadcrumb"},"inLanguage":"pt-BR","potentialAction":[{"@type":"ReadAction","target":["https:\/\/noticiasemdestaque.com\/cd\/?p=8015"]}]},{"@type":"ImageObject","inLanguage":"pt-BR","@id":"https:\/\/noticiasemdestaque.com\/cd\/?p=8015#primaryimage","url":"https:\/\/noticiasemdestaque.com\/cd\/wp-content\/uploads\/2018\/02\/28058465_2069378256629407_4578972369987518385_n.jpg","contentUrl":"https:\/\/noticiasemdestaque.com\/cd\/wp-content\/uploads\/2018\/02\/28058465_2069378256629407_4578972369987518385_n.jpg","width":597,"height":381},{"@type":"BreadcrumbList","@id":"https:\/\/noticiasemdestaque.com\/cd\/?p=8015#breadcrumb","itemListElement":[{"@type":"ListItem","position":1,"name":"In\u00edcio","item":"https:\/\/noticiasemdestaque.com\/cd\/"},{"@type":"ListItem","position":2,"name":"Hospital de Trauma confirma morte de crian\u00e7a v\u00edtima de disparo de arma de fogo em Parari"}]},{"@type":"WebSite","@id":"https:\/\/noticiasemdestaque.com\/cd\/#website","url":"https:\/\/noticiasemdestaque.com\/cd\/","name":"Not&iacute;cias em Destaque","description":"","publisher":{"@id":"https:\/\/noticiasemdestaque.com\/cd\/#organization"},"potentialAction":[{"@type":"SearchAction","target":{"@type":"EntryPoint","urlTemplate":"https:\/\/noticiasemdestaque.com\/cd\/?s={search_term_string}"},"query-input":{"@type":"PropertyValueSpecification","valueRequired":true,"valueName":"search_term_string"}}],"inLanguage":"pt-BR"},{"@type":"Organization","@id":"https:\/\/noticiasemdestaque.com\/cd\/#organization","name":"Not\u00edcias em Destaque","url":"https:\/\/noticiasemdestaque.com\/cd\/","logo":{"@type":"ImageObject","inLanguage":"pt-BR","@id":"https:\/\/noticiasemdestaque.com\/cd\/#\/schema\/logo\/image\/","url":"https:\/\/noticiasemdestaque.com\/cd\/wp-content\/uploads\/2022\/05\/imagem-base-noticiasemdestaque.png","contentUrl":"https:\/\/noticiasemdestaque.com\/cd\/wp-content\/uploads\/2022\/05\/imagem-base-noticiasemdestaque.png","width":1200,"height":630,"caption":"Not\u00edcias em Destaque"},"image":{"@id":"https:\/\/noticiasemdestaque.com\/cd\/#\/schema\/logo\/image\/"}},{"@type":"Person","@id":"https:\/\/noticiasemdestaque.com\/cd\/#\/schema\/person\/21320b03a7e8bb90128938dafc9b908a","name":"Not\u00edcias em Destaque","url":"https:\/\/noticiasemdestaque.com\/cd\/?author=2"}]}},"jetpack_featured_media_url":"https:\/\/noticiasemdestaque.com\/cd\/wp-content\/uploads\/2018\/02\/28058465_2069378256629407_4578972369987518385_n.jpg","jetpack_sharing_enabled":true,"_links":{"self":[{"href":"https:\/\/noticiasemdestaque.com\/cd\/index.php?rest_route=\/wp\/v2\/posts\/8015","targetHints":{"allow":["GET"]}}],"collection":[{"href":"https:\/\/noticiasemdestaque.com\/cd\/index.php?rest_route=\/wp\/v2\/posts"}],"about":[{"href":"https:\/\/noticiasemdestaque.com\/cd\/index.php?rest_route=\/wp\/v2\/types\/post"}],"author":[{"embeddable":true,"href":"https:\/\/noticiasemdestaque.com\/cd\/index.php?rest_route=\/wp\/v2\/users\/2"}],"replies":[{"embeddable":true,"href":"https:\/\/noticiasemdestaque.com\/cd\/index.php?rest_route=%2Fwp%2Fv2%2Fcomments&post=8015"}],"version-history":[{"count":1,"href":"https:\/\/noticiasemdestaque.com\/cd\/index.php?rest_route=\/wp\/v2\/posts\/8015\/revisions"}],"predecessor-version":[{"id":8017,"href":"https:\/\/noticiasemdestaque.com\/cd\/index.php?rest_route=\/wp\/v2\/posts\/8015\/revisions\/8017"}],"wp:featuredmedia":[{"embeddable":true,"href":"https:\/\/noticiasemdestaque.com\/cd\/index.php?rest_route=\/wp\/v2\/media\/8016"}],"wp:attachment":[{"href":"https:\/\/noticiasemdestaque.com\/cd\/index.php?rest_route=%2Fwp%2Fv2%2Fmedia&parent=8015"}],"wp:term":[{"taxonomy":"category","embeddable":true,"href":"https:\/\/noticiasemdestaque.com\/cd\/index.php?rest_route=%2Fwp%2Fv2%2Fcategories&post=8015"},{"taxonomy":"post_tag","embeddable":true,"href":"https:\/\/noticiasemdestaque.com\/cd\/index.php?rest_route=%2Fwp%2Fv2%2Ftags&post=8015"}],"curies":[{"name":"wp","href":"https:\/\/api.w.org\/{rel}","templated":true}]}}