{"id":8009,"date":"2018-02-17T14:18:58","date_gmt":"2018-02-17T17:18:58","guid":{"rendered":"http:\/\/caririemdestaque.com\/cd\/?p=8009"},"modified":"2018-02-17T14:18:58","modified_gmt":"2018-02-17T17:18:58","slug":"prefeito-eden-entrega-obras-de-calcamentos-em-sume","status":"publish","type":"post","link":"https:\/\/noticiasemdestaque.com\/cd\/?p=8009","title":{"rendered":"PREFEITO \u00c9DEN ENTREGA OBRAS DE CAL\u00c7AMENTOS EM SUM\u00c9"},"content":{"rendered":"<p><a href=\"http:\/\/caririemdestaque.com\/cd\/wp-content\/uploads\/2018\/02\/DSC_0299.jpg\"><img fetchpriority=\"high\" decoding=\"async\" class=\"size-medium wp-image-8012\" src=\"http:\/\/caririemdestaque.com\/cd\/wp-content\/uploads\/2018\/02\/DSC_0299-300x200.jpg\" alt=\"\" width=\"300\" height=\"200\" srcset=\"https:\/\/noticiasemdestaque.com\/cd\/wp-content\/uploads\/2018\/02\/DSC_0299-300x200.jpg 300w, https:\/\/noticiasemdestaque.com\/cd\/wp-content\/uploads\/2018\/02\/DSC_0299-768x511.jpg 768w, https:\/\/noticiasemdestaque.com\/cd\/wp-content\/uploads\/2018\/02\/DSC_0299.jpg 1024w, https:\/\/noticiasemdestaque.com\/cd\/wp-content\/uploads\/2018\/02\/DSC_0299-480x320.jpg 480w\" sizes=\"(max-width: 300px) 100vw, 300px\" \/><\/a><\/p>\n<p>O prefeito \u00c9den Duarte entregou nesta sexta-feira (16) a conclus\u00e3o das obras de cal\u00e7amento dos bairros do Conjunto Habitacional Sebasti\u00e3o Vitorino, Alto da Caixa D\u2019\u00c1gua e Pedro Ferreira Filho.<\/p><\/div>\n<p>A solenidade aconteceu na Rua Maestro Ant\u00f4nio Josu\u00e9 de Lima e \u00c9den esteve acompanhado do vice-prefeito Dr\u00f3, dos secret\u00e1rios municipais, auxiliares de governo, dos vereadores: Br\u00edgida Xavier, Jos\u00e9 Ant\u00f4nio Fernandes, Branco Xiliu e de moradores do bairro que comemoraram a obra recebida no local.<\/p>\n<p>Foram quatro mil metros de cal\u00e7amentos conclu\u00eddos localizados nas Ruas: Maestro Ant\u00f4nio Josu\u00e9 de Lima, Ant\u00f4nio Bezerra de Souza, Ernestina Paulo Maria de Jesus, Rua Jo\u00e3o Rodrigues Sobrinho, Rua Rita Cipriano Bezerra, Rua In\u00e1cio Flor\u00eancio de Oliveira e Rua Ab\u00edlio Geminiano de Oliveira.<\/p>\n<p><a href=\"http:\/\/caririemdestaque.com\/cd\/wp-content\/uploads\/2018\/02\/DSC_0327.jpg\"><img decoding=\"async\" class=\"size-medium wp-image-8013\" src=\"http:\/\/caririemdestaque.com\/cd\/wp-content\/uploads\/2018\/02\/DSC_0327-300x200.jpg\" alt=\"\" width=\"300\" height=\"200\" srcset=\"https:\/\/noticiasemdestaque.com\/cd\/wp-content\/uploads\/2018\/02\/DSC_0327-300x200.jpg 300w, https:\/\/noticiasemdestaque.com\/cd\/wp-content\/uploads\/2018\/02\/DSC_0327-768x511.jpg 768w, https:\/\/noticiasemdestaque.com\/cd\/wp-content\/uploads\/2018\/02\/DSC_0327.jpg 1024w, https:\/\/noticiasemdestaque.com\/cd\/wp-content\/uploads\/2018\/02\/DSC_0327-480x320.jpg 480w\" sizes=\"(max-width: 300px) 100vw, 300px\" \/><\/a><\/p>\n<p>As obras foram conclu\u00eddas por meio de emenda do deputado federal Welllington Roberto com contrapartida da Prefeitura, recursos que foram conseguidos ainda na gest\u00e3o do ex-prefeito Neto Duarte.<\/p><\/div>\n<p>Na ocasi\u00e3o, \u00c9den ainda anunciou a realiza\u00e7\u00e3o de mais obras de cal\u00e7amentos, tanto no Conjunto quanto na V\u00e1rzea Redonda. Ele explicou que o trabalho dessas obras est\u00e1 sendo dado a prioridade para as ruas mais antigas da cidade que h\u00e1 tempos esperam pela pavimenta\u00e7\u00e3o.<\/p>\n<p>No Conjunto Pedro Ferreira Filho as pr\u00f3ximas ruas contempladas s\u00e3o Anacleto Feitosa da Silva, Sebasti\u00e3o Alves de Ara\u00fajo e Jos\u00e9 Cavalcante de Queiroz.<\/p>\n<p><a href=\"http:\/\/caririemdestaque.com\/cd\/wp-content\/uploads\/2018\/02\/DSC_0251.jpg\"><img decoding=\"async\" class=\" wp-image-8011\" src=\"http:\/\/caririemdestaque.com\/cd\/wp-content\/uploads\/2018\/02\/DSC_0251-300x219.jpg\" alt=\"\" width=\"225\" height=\"164\" srcset=\"https:\/\/noticiasemdestaque.com\/cd\/wp-content\/uploads\/2018\/02\/DSC_0251-300x219.jpg 300w, https:\/\/noticiasemdestaque.com\/cd\/wp-content\/uploads\/2018\/02\/DSC_0251-768x562.jpg 768w, https:\/\/noticiasemdestaque.com\/cd\/wp-content\/uploads\/2018\/02\/DSC_0251.jpg 1024w\" sizes=\"(max-width: 225px) 100vw, 225px\" \/><\/a><\/p>\n<p>Al\u00e9m dessas, a V\u00e1rzea Redonda tamb\u00e9m receber\u00e1 no pr\u00f3ximo m\u00eas de mar\u00e7o obras de cal\u00e7amento nas ruas: Gedalva Souza Silva, Senhorzinho Viana, Rua Santa Mendon\u00e7a, Francisco Paulino Gomes, Rua Ant\u00f4nio Rom\u00e3o e Travessa Adamastor Gomes de Ara\u00fajo que ser\u00e1 executado com recursos pr\u00f3prios.<\/p>\n<p>O l\u00edder comunit\u00e1rio, Jos\u00e9 Lucim\u00e1rio discursou em nome dos moradores dos Conjuntos agradecendo pelas obras, que al\u00e9m das ruas pavimentadas ter\u00e1 uma pra\u00e7a no local, na modalidade Academia da Sa\u00fade.<\/p>\n<p>VEJA MAIS FOTOS:<\/p>\n<p>https:\/\/www.facebook.com\/media\/set\/?set=a.1223642547769273.1073741912.1051584748308388&#038;type=3<\/p>\n<p>&nbsp;<\/p>\n<p style=\"text-align: left;\"><strong>Cariri em Destaque\u00a0<\/strong><\/p>\n<p>Com Ascom\/PMS<\/p>\n<p>&nbsp;<\/p>\n<p>&nbsp;<\/p>\n","protected":false},"excerpt":{"rendered":"<p>O prefeito \u00c9den Duarte entregou nesta sexta-feira (16) a conclus\u00e3o das obras de cal\u00e7amento dos bairros do Conjunto Habitacional Sebasti\u00e3o Vitorino, Alto da Caixa D\u2019\u00c1gua e Pedro Ferreira Filho. A solenidade aconteceu na Rua Maestro Ant\u00f4nio Josu\u00e9 de Lima e \u00c9den esteve acompanhado do vice-prefeito Dr\u00f3, dos secret\u00e1rios municipais, auxiliares de governo, dos vereadores: Br\u00edgida Xavier, Jos\u00e9 Ant\u00f4nio Fernandes, Branco Xiliu e de moradores do bairro que comemoraram a obra recebida no local. Foram quatro mil metros de cal\u00e7amentos conclu\u00eddos localizados nas Ruas: Maestro Ant\u00f4nio Josu\u00e9 de Lima, Ant\u00f4nio Bezerra de Souza, Ernestina Paulo Maria de Jesus, Rua Jo\u00e3o Rodrigues Sobrinho, Rua Rita Cipriano Bezerra, Rua In\u00e1cio Flor\u00eancio de Oliveira e Rua Ab\u00edlio Geminiano de Oliveira. As obras foram conclu\u00eddas por meio de emenda do deputado federal Welllington Roberto com contrapartida da Prefeitura, recursos que foram conseguidos ainda na gest\u00e3o do ex-prefeito Neto Duarte. Na ocasi\u00e3o, \u00c9den ainda anunciou a realiza\u00e7\u00e3o de mais obras de cal\u00e7amentos, tanto no Conjunto quanto na V\u00e1rzea Redonda. Ele explicou que o trabalho dessas obras est\u00e1 sendo dado a prioridade para as ruas mais antigas da cidade que h\u00e1 tempos esperam pela pavimenta\u00e7\u00e3o. No Conjunto Pedro Ferreira Filho as pr\u00f3ximas ruas contempladas s\u00e3o Anacleto Feitosa da Silva, Sebasti\u00e3o Alves de Ara\u00fajo e Jos\u00e9 Cavalcante de Queiroz. Al\u00e9m dessas, a V\u00e1rzea Redonda tamb\u00e9m receber\u00e1 no pr\u00f3ximo m\u00eas de mar\u00e7o obras de cal\u00e7amento nas ruas: Gedalva Souza Silva, Senhorzinho Viana, Rua Santa Mendon\u00e7a, Francisco Paulino Gomes, Rua Ant\u00f4nio Rom\u00e3o e Travessa Adamastor Gomes de Ara\u00fajo que ser\u00e1 executado com recursos pr\u00f3prios. O l\u00edder comunit\u00e1rio, Jos\u00e9 Lucim\u00e1rio discursou em nome dos moradores dos Conjuntos agradecendo pelas obras, que al\u00e9m das ruas pavimentadas ter\u00e1 uma pra\u00e7a no local, na modalidade Academia da Sa\u00fade. VEJA MAIS FOTOS: https:\/\/www.facebook.com\/media\/set\/?set=a.1223642547769273.1073741912.1051584748308388&#038;type=3 &nbsp; Cariri em Destaque\u00a0 Com Ascom\/PMS &nbsp; &nbsp;<\/p>\n","protected":false},"author":2,"featured_media":8013,"comment_status":"closed","ping_status":"open","sticky":false,"template":"","format":"standard","meta":{"_eb_attr":"","_jetpack_memberships_contains_paid_content":false,"footnotes":""},"categories":[3],"tags":[],"class_list":["post-8009","post","type-post","status-publish","format-standard","has-post-thumbnail","hentry","category-cidades"],"yoast_head":"<!-- This site is optimized with the Yoast SEO plugin v26.5 - https:\/\/yoast.com\/wordpress\/plugins\/seo\/ -->\n<title>PREFEITO \u00c9DEN ENTREGA OBRAS DE CAL\u00c7AMENTOS EM SUM\u00c9 - Not&iacute;cias em Destaque<\/title>\n<meta name=\"robots\" content=\"index, follow, max-snippet:-1, max-image-preview:large, max-video-preview:-1\" \/>\n<link rel=\"canonical\" href=\"https:\/\/noticiasemdestaque.com\/cd\/?p=8009\" \/>\n<meta property=\"og:locale\" content=\"pt_BR\" \/>\n<meta property=\"og:type\" content=\"article\" \/>\n<meta property=\"og:title\" content=\"PREFEITO \u00c9DEN ENTREGA OBRAS DE CAL\u00c7AMENTOS EM SUM\u00c9 - Not&iacute;cias em Destaque\" \/>\n<meta property=\"og:description\" content=\"O prefeito \u00c9den Duarte entregou nesta sexta-feira (16) a conclus\u00e3o das obras de cal\u00e7amento dos bairros do Conjunto Habitacional Sebasti\u00e3o Vitorino, Alto da Caixa D\u2019\u00c1gua e Pedro Ferreira Filho. A solenidade aconteceu na Rua Maestro Ant\u00f4nio Josu\u00e9 de Lima e \u00c9den esteve acompanhado do vice-prefeito Dr\u00f3, dos secret\u00e1rios municipais, auxiliares de governo, dos vereadores: Br\u00edgida Xavier, Jos\u00e9 Ant\u00f4nio Fernandes, Branco Xiliu e de moradores do bairro que comemoraram a obra recebida no local. Foram quatro mil metros de cal\u00e7amentos conclu\u00eddos localizados nas Ruas: Maestro Ant\u00f4nio Josu\u00e9 de Lima, Ant\u00f4nio Bezerra de Souza, Ernestina Paulo Maria de Jesus, Rua Jo\u00e3o Rodrigues Sobrinho, Rua Rita Cipriano Bezerra, Rua In\u00e1cio Flor\u00eancio de Oliveira e Rua Ab\u00edlio Geminiano de Oliveira. As obras foram conclu\u00eddas por meio de emenda do deputado federal Welllington Roberto com contrapartida da Prefeitura, recursos que foram conseguidos ainda na gest\u00e3o do ex-prefeito Neto Duarte. Na ocasi\u00e3o, \u00c9den ainda anunciou a realiza\u00e7\u00e3o de mais obras de cal\u00e7amentos, tanto no Conjunto quanto na V\u00e1rzea Redonda. Ele explicou que o trabalho dessas obras est\u00e1 sendo dado a prioridade para as ruas mais antigas da cidade que h\u00e1 tempos esperam pela pavimenta\u00e7\u00e3o. No Conjunto Pedro Ferreira Filho as pr\u00f3ximas ruas contempladas s\u00e3o Anacleto Feitosa da Silva, Sebasti\u00e3o Alves de Ara\u00fajo e Jos\u00e9 Cavalcante de Queiroz. Al\u00e9m dessas, a V\u00e1rzea Redonda tamb\u00e9m receber\u00e1 no pr\u00f3ximo m\u00eas de mar\u00e7o obras de cal\u00e7amento nas ruas: Gedalva Souza Silva, Senhorzinho Viana, Rua Santa Mendon\u00e7a, Francisco Paulino Gomes, Rua Ant\u00f4nio Rom\u00e3o e Travessa Adamastor Gomes de Ara\u00fajo que ser\u00e1 executado com recursos pr\u00f3prios. O l\u00edder comunit\u00e1rio, Jos\u00e9 Lucim\u00e1rio discursou em nome dos moradores dos Conjuntos agradecendo pelas obras, que al\u00e9m das ruas pavimentadas ter\u00e1 uma pra\u00e7a no local, na modalidade Academia da Sa\u00fade. VEJA MAIS FOTOS: https:\/\/www.facebook.com\/media\/set\/?set=a.1223642547769273.1073741912.1051584748308388&#038;type=3 &nbsp; Cariri em Destaque\u00a0 Com Ascom\/PMS &nbsp; &nbsp;\" \/>\n<meta property=\"og:url\" content=\"https:\/\/noticiasemdestaque.com\/cd\/?p=8009\" \/>\n<meta property=\"og:site_name\" content=\"Not&iacute;cias em Destaque\" \/>\n<meta property=\"article:published_time\" content=\"2018-02-17T17:18:58+00:00\" \/>\n<meta property=\"og:image\" content=\"https:\/\/noticiasemdestaque.com\/cd\/wp-content\/uploads\/2018\/02\/DSC_0327.jpg\" \/>\n\t<meta property=\"og:image:width\" content=\"1024\" \/>\n\t<meta property=\"og:image:height\" content=\"681\" \/>\n\t<meta property=\"og:image:type\" content=\"image\/jpeg\" \/>\n<meta name=\"author\" content=\"Not\u00edcias em Destaque\" \/>\n<meta name=\"twitter:card\" content=\"summary_large_image\" \/>\n<meta name=\"twitter:label1\" content=\"Escrito por\" \/>\n\t<meta name=\"twitter:data1\" content=\"Not\u00edcias em Destaque\" \/>\n\t<meta name=\"twitter:label2\" content=\"Est. tempo de leitura\" \/>\n\t<meta name=\"twitter:data2\" content=\"2 minutos\" \/>\n<script type=\"application\/ld+json\" class=\"yoast-schema-graph\">{\"@context\":\"https:\/\/schema.org\",\"@graph\":[{\"@type\":\"Article\",\"@id\":\"https:\/\/noticiasemdestaque.com\/cd\/?p=8009#article\",\"isPartOf\":{\"@id\":\"https:\/\/noticiasemdestaque.com\/cd\/?p=8009\"},\"author\":{\"name\":\"Not\u00edcias em Destaque\",\"@id\":\"https:\/\/noticiasemdestaque.com\/cd\/#\/schema\/person\/21320b03a7e8bb90128938dafc9b908a\"},\"headline\":\"PREFEITO \u00c9DEN ENTREGA OBRAS DE CAL\u00c7AMENTOS EM SUM\u00c9\",\"datePublished\":\"2018-02-17T17:18:58+00:00\",\"mainEntityOfPage\":{\"@id\":\"https:\/\/noticiasemdestaque.com\/cd\/?p=8009\"},\"wordCount\":359,\"publisher\":{\"@id\":\"https:\/\/noticiasemdestaque.com\/cd\/#organization\"},\"image\":{\"@id\":\"https:\/\/noticiasemdestaque.com\/cd\/?p=8009#primaryimage\"},\"thumbnailUrl\":\"https:\/\/noticiasemdestaque.com\/cd\/wp-content\/uploads\/2018\/02\/DSC_0327.jpg\",\"articleSection\":[\"Cidades\"],\"inLanguage\":\"pt-BR\"},{\"@type\":\"WebPage\",\"@id\":\"https:\/\/noticiasemdestaque.com\/cd\/?p=8009\",\"url\":\"https:\/\/noticiasemdestaque.com\/cd\/?p=8009\",\"name\":\"PREFEITO \u00c9DEN ENTREGA OBRAS DE CAL\u00c7AMENTOS EM SUM\u00c9 - Not&iacute;cias em Destaque\",\"isPartOf\":{\"@id\":\"https:\/\/noticiasemdestaque.com\/cd\/#website\"},\"primaryImageOfPage\":{\"@id\":\"https:\/\/noticiasemdestaque.com\/cd\/?p=8009#primaryimage\"},\"image\":{\"@id\":\"https:\/\/noticiasemdestaque.com\/cd\/?p=8009#primaryimage\"},\"thumbnailUrl\":\"https:\/\/noticiasemdestaque.com\/cd\/wp-content\/uploads\/2018\/02\/DSC_0327.jpg\",\"datePublished\":\"2018-02-17T17:18:58+00:00\",\"breadcrumb\":{\"@id\":\"https:\/\/noticiasemdestaque.com\/cd\/?p=8009#breadcrumb\"},\"inLanguage\":\"pt-BR\",\"potentialAction\":[{\"@type\":\"ReadAction\",\"target\":[\"https:\/\/noticiasemdestaque.com\/cd\/?p=8009\"]}]},{\"@type\":\"ImageObject\",\"inLanguage\":\"pt-BR\",\"@id\":\"https:\/\/noticiasemdestaque.com\/cd\/?p=8009#primaryimage\",\"url\":\"https:\/\/noticiasemdestaque.com\/cd\/wp-content\/uploads\/2018\/02\/DSC_0327.jpg\",\"contentUrl\":\"https:\/\/noticiasemdestaque.com\/cd\/wp-content\/uploads\/2018\/02\/DSC_0327.jpg\",\"width\":1024,\"height\":681,\"caption\":\"????????????????????????????????????\"},{\"@type\":\"BreadcrumbList\",\"@id\":\"https:\/\/noticiasemdestaque.com\/cd\/?p=8009#breadcrumb\",\"itemListElement\":[{\"@type\":\"ListItem\",\"position\":1,\"name\":\"In\u00edcio\",\"item\":\"https:\/\/noticiasemdestaque.com\/cd\/\"},{\"@type\":\"ListItem\",\"position\":2,\"name\":\"PREFEITO \u00c9DEN ENTREGA OBRAS DE CAL\u00c7AMENTOS EM SUM\u00c9\"}]},{\"@type\":\"WebSite\",\"@id\":\"https:\/\/noticiasemdestaque.com\/cd\/#website\",\"url\":\"https:\/\/noticiasemdestaque.com\/cd\/\",\"name\":\"Not&iacute;cias em Destaque\",\"description\":\"\",\"publisher\":{\"@id\":\"https:\/\/noticiasemdestaque.com\/cd\/#organization\"},\"potentialAction\":[{\"@type\":\"SearchAction\",\"target\":{\"@type\":\"EntryPoint\",\"urlTemplate\":\"https:\/\/noticiasemdestaque.com\/cd\/?s={search_term_string}\"},\"query-input\":{\"@type\":\"PropertyValueSpecification\",\"valueRequired\":true,\"valueName\":\"search_term_string\"}}],\"inLanguage\":\"pt-BR\"},{\"@type\":\"Organization\",\"@id\":\"https:\/\/noticiasemdestaque.com\/cd\/#organization\",\"name\":\"Not\u00edcias em Destaque\",\"url\":\"https:\/\/noticiasemdestaque.com\/cd\/\",\"logo\":{\"@type\":\"ImageObject\",\"inLanguage\":\"pt-BR\",\"@id\":\"https:\/\/noticiasemdestaque.com\/cd\/#\/schema\/logo\/image\/\",\"url\":\"https:\/\/noticiasemdestaque.com\/cd\/wp-content\/uploads\/2022\/05\/imagem-base-noticiasemdestaque.png\",\"contentUrl\":\"https:\/\/noticiasemdestaque.com\/cd\/wp-content\/uploads\/2022\/05\/imagem-base-noticiasemdestaque.png\",\"width\":1200,\"height\":630,\"caption\":\"Not\u00edcias em Destaque\"},\"image\":{\"@id\":\"https:\/\/noticiasemdestaque.com\/cd\/#\/schema\/logo\/image\/\"}},{\"@type\":\"Person\",\"@id\":\"https:\/\/noticiasemdestaque.com\/cd\/#\/schema\/person\/21320b03a7e8bb90128938dafc9b908a\",\"name\":\"Not\u00edcias em Destaque\",\"url\":\"https:\/\/noticiasemdestaque.com\/cd\/?author=2\"}]}<\/script>\n<!-- \/ Yoast SEO plugin. -->","yoast_head_json":{"title":"PREFEITO \u00c9DEN ENTREGA OBRAS DE CAL\u00c7AMENTOS EM SUM\u00c9 - Not&iacute;cias em Destaque","robots":{"index":"index","follow":"follow","max-snippet":"max-snippet:-1","max-image-preview":"max-image-preview:large","max-video-preview":"max-video-preview:-1"},"canonical":"https:\/\/noticiasemdestaque.com\/cd\/?p=8009","og_locale":"pt_BR","og_type":"article","og_title":"PREFEITO \u00c9DEN ENTREGA OBRAS DE CAL\u00c7AMENTOS EM SUM\u00c9 - Not&iacute;cias em Destaque","og_description":"O prefeito \u00c9den Duarte entregou nesta sexta-feira (16) a conclus\u00e3o das obras de cal\u00e7amento dos bairros do Conjunto Habitacional Sebasti\u00e3o Vitorino, Alto da Caixa D\u2019\u00c1gua e Pedro Ferreira Filho. A solenidade aconteceu na Rua Maestro Ant\u00f4nio Josu\u00e9 de Lima e \u00c9den esteve acompanhado do vice-prefeito Dr\u00f3, dos secret\u00e1rios municipais, auxiliares de governo, dos vereadores: Br\u00edgida Xavier, Jos\u00e9 Ant\u00f4nio Fernandes, Branco Xiliu e de moradores do bairro que comemoraram a obra recebida no local. Foram quatro mil metros de cal\u00e7amentos conclu\u00eddos localizados nas Ruas: Maestro Ant\u00f4nio Josu\u00e9 de Lima, Ant\u00f4nio Bezerra de Souza, Ernestina Paulo Maria de Jesus, Rua Jo\u00e3o Rodrigues Sobrinho, Rua Rita Cipriano Bezerra, Rua In\u00e1cio Flor\u00eancio de Oliveira e Rua Ab\u00edlio Geminiano de Oliveira. As obras foram conclu\u00eddas por meio de emenda do deputado federal Welllington Roberto com contrapartida da Prefeitura, recursos que foram conseguidos ainda na gest\u00e3o do ex-prefeito Neto Duarte. Na ocasi\u00e3o, \u00c9den ainda anunciou a realiza\u00e7\u00e3o de mais obras de cal\u00e7amentos, tanto no Conjunto quanto na V\u00e1rzea Redonda. Ele explicou que o trabalho dessas obras est\u00e1 sendo dado a prioridade para as ruas mais antigas da cidade que h\u00e1 tempos esperam pela pavimenta\u00e7\u00e3o. No Conjunto Pedro Ferreira Filho as pr\u00f3ximas ruas contempladas s\u00e3o Anacleto Feitosa da Silva, Sebasti\u00e3o Alves de Ara\u00fajo e Jos\u00e9 Cavalcante de Queiroz. Al\u00e9m dessas, a V\u00e1rzea Redonda tamb\u00e9m receber\u00e1 no pr\u00f3ximo m\u00eas de mar\u00e7o obras de cal\u00e7amento nas ruas: Gedalva Souza Silva, Senhorzinho Viana, Rua Santa Mendon\u00e7a, Francisco Paulino Gomes, Rua Ant\u00f4nio Rom\u00e3o e Travessa Adamastor Gomes de Ara\u00fajo que ser\u00e1 executado com recursos pr\u00f3prios. O l\u00edder comunit\u00e1rio, Jos\u00e9 Lucim\u00e1rio discursou em nome dos moradores dos Conjuntos agradecendo pelas obras, que al\u00e9m das ruas pavimentadas ter\u00e1 uma pra\u00e7a no local, na modalidade Academia da Sa\u00fade. VEJA MAIS FOTOS: https:\/\/www.facebook.com\/media\/set\/?set=a.1223642547769273.1073741912.1051584748308388&#038;type=3 &nbsp; Cariri em Destaque\u00a0 Com Ascom\/PMS &nbsp; &nbsp;","og_url":"https:\/\/noticiasemdestaque.com\/cd\/?p=8009","og_site_name":"Not&iacute;cias em Destaque","article_published_time":"2018-02-17T17:18:58+00:00","og_image":[{"width":1024,"height":681,"url":"https:\/\/noticiasemdestaque.com\/cd\/wp-content\/uploads\/2018\/02\/DSC_0327.jpg","type":"image\/jpeg"}],"author":"Not\u00edcias em Destaque","twitter_card":"summary_large_image","twitter_misc":{"Escrito por":"Not\u00edcias em Destaque","Est. tempo de leitura":"2 minutos"},"schema":{"@context":"https:\/\/schema.org","@graph":[{"@type":"Article","@id":"https:\/\/noticiasemdestaque.com\/cd\/?p=8009#article","isPartOf":{"@id":"https:\/\/noticiasemdestaque.com\/cd\/?p=8009"},"author":{"name":"Not\u00edcias em Destaque","@id":"https:\/\/noticiasemdestaque.com\/cd\/#\/schema\/person\/21320b03a7e8bb90128938dafc9b908a"},"headline":"PREFEITO \u00c9DEN ENTREGA OBRAS DE CAL\u00c7AMENTOS EM SUM\u00c9","datePublished":"2018-02-17T17:18:58+00:00","mainEntityOfPage":{"@id":"https:\/\/noticiasemdestaque.com\/cd\/?p=8009"},"wordCount":359,"publisher":{"@id":"https:\/\/noticiasemdestaque.com\/cd\/#organization"},"image":{"@id":"https:\/\/noticiasemdestaque.com\/cd\/?p=8009#primaryimage"},"thumbnailUrl":"https:\/\/noticiasemdestaque.com\/cd\/wp-content\/uploads\/2018\/02\/DSC_0327.jpg","articleSection":["Cidades"],"inLanguage":"pt-BR"},{"@type":"WebPage","@id":"https:\/\/noticiasemdestaque.com\/cd\/?p=8009","url":"https:\/\/noticiasemdestaque.com\/cd\/?p=8009","name":"PREFEITO \u00c9DEN ENTREGA OBRAS DE CAL\u00c7AMENTOS EM SUM\u00c9 - Not&iacute;cias em Destaque","isPartOf":{"@id":"https:\/\/noticiasemdestaque.com\/cd\/#website"},"primaryImageOfPage":{"@id":"https:\/\/noticiasemdestaque.com\/cd\/?p=8009#primaryimage"},"image":{"@id":"https:\/\/noticiasemdestaque.com\/cd\/?p=8009#primaryimage"},"thumbnailUrl":"https:\/\/noticiasemdestaque.com\/cd\/wp-content\/uploads\/2018\/02\/DSC_0327.jpg","datePublished":"2018-02-17T17:18:58+00:00","breadcrumb":{"@id":"https:\/\/noticiasemdestaque.com\/cd\/?p=8009#breadcrumb"},"inLanguage":"pt-BR","potentialAction":[{"@type":"ReadAction","target":["https:\/\/noticiasemdestaque.com\/cd\/?p=8009"]}]},{"@type":"ImageObject","inLanguage":"pt-BR","@id":"https:\/\/noticiasemdestaque.com\/cd\/?p=8009#primaryimage","url":"https:\/\/noticiasemdestaque.com\/cd\/wp-content\/uploads\/2018\/02\/DSC_0327.jpg","contentUrl":"https:\/\/noticiasemdestaque.com\/cd\/wp-content\/uploads\/2018\/02\/DSC_0327.jpg","width":1024,"height":681,"caption":"????????????????????????????????????"},{"@type":"BreadcrumbList","@id":"https:\/\/noticiasemdestaque.com\/cd\/?p=8009#breadcrumb","itemListElement":[{"@type":"ListItem","position":1,"name":"In\u00edcio","item":"https:\/\/noticiasemdestaque.com\/cd\/"},{"@type":"ListItem","position":2,"name":"PREFEITO \u00c9DEN ENTREGA OBRAS DE CAL\u00c7AMENTOS EM SUM\u00c9"}]},{"@type":"WebSite","@id":"https:\/\/noticiasemdestaque.com\/cd\/#website","url":"https:\/\/noticiasemdestaque.com\/cd\/","name":"Not&iacute;cias em Destaque","description":"","publisher":{"@id":"https:\/\/noticiasemdestaque.com\/cd\/#organization"},"potentialAction":[{"@type":"SearchAction","target":{"@type":"EntryPoint","urlTemplate":"https:\/\/noticiasemdestaque.com\/cd\/?s={search_term_string}"},"query-input":{"@type":"PropertyValueSpecification","valueRequired":true,"valueName":"search_term_string"}}],"inLanguage":"pt-BR"},{"@type":"Organization","@id":"https:\/\/noticiasemdestaque.com\/cd\/#organization","name":"Not\u00edcias em Destaque","url":"https:\/\/noticiasemdestaque.com\/cd\/","logo":{"@type":"ImageObject","inLanguage":"pt-BR","@id":"https:\/\/noticiasemdestaque.com\/cd\/#\/schema\/logo\/image\/","url":"https:\/\/noticiasemdestaque.com\/cd\/wp-content\/uploads\/2022\/05\/imagem-base-noticiasemdestaque.png","contentUrl":"https:\/\/noticiasemdestaque.com\/cd\/wp-content\/uploads\/2022\/05\/imagem-base-noticiasemdestaque.png","width":1200,"height":630,"caption":"Not\u00edcias em Destaque"},"image":{"@id":"https:\/\/noticiasemdestaque.com\/cd\/#\/schema\/logo\/image\/"}},{"@type":"Person","@id":"https:\/\/noticiasemdestaque.com\/cd\/#\/schema\/person\/21320b03a7e8bb90128938dafc9b908a","name":"Not\u00edcias em Destaque","url":"https:\/\/noticiasemdestaque.com\/cd\/?author=2"}]}},"jetpack_featured_media_url":"https:\/\/noticiasemdestaque.com\/cd\/wp-content\/uploads\/2018\/02\/DSC_0327.jpg","jetpack_sharing_enabled":true,"_links":{"self":[{"href":"https:\/\/noticiasemdestaque.com\/cd\/index.php?rest_route=\/wp\/v2\/posts\/8009","targetHints":{"allow":["GET"]}}],"collection":[{"href":"https:\/\/noticiasemdestaque.com\/cd\/index.php?rest_route=\/wp\/v2\/posts"}],"about":[{"href":"https:\/\/noticiasemdestaque.com\/cd\/index.php?rest_route=\/wp\/v2\/types\/post"}],"author":[{"embeddable":true,"href":"https:\/\/noticiasemdestaque.com\/cd\/index.php?rest_route=\/wp\/v2\/users\/2"}],"replies":[{"embeddable":true,"href":"https:\/\/noticiasemdestaque.com\/cd\/index.php?rest_route=%2Fwp%2Fv2%2Fcomments&post=8009"}],"version-history":[{"count":1,"href":"https:\/\/noticiasemdestaque.com\/cd\/index.php?rest_route=\/wp\/v2\/posts\/8009\/revisions"}],"predecessor-version":[{"id":8014,"href":"https:\/\/noticiasemdestaque.com\/cd\/index.php?rest_route=\/wp\/v2\/posts\/8009\/revisions\/8014"}],"wp:featuredmedia":[{"embeddable":true,"href":"https:\/\/noticiasemdestaque.com\/cd\/index.php?rest_route=\/wp\/v2\/media\/8013"}],"wp:attachment":[{"href":"https:\/\/noticiasemdestaque.com\/cd\/index.php?rest_route=%2Fwp%2Fv2%2Fmedia&parent=8009"}],"wp:term":[{"taxonomy":"category","embeddable":true,"href":"https:\/\/noticiasemdestaque.com\/cd\/index.php?rest_route=%2Fwp%2Fv2%2Fcategories&post=8009"},{"taxonomy":"post_tag","embeddable":true,"href":"https:\/\/noticiasemdestaque.com\/cd\/index.php?rest_route=%2Fwp%2Fv2%2Ftags&post=8009"}],"curies":[{"name":"wp","href":"https:\/\/api.w.org\/{rel}","templated":true}]}}