{"id":8007,"date":"2018-02-17T08:11:20","date_gmt":"2018-02-17T11:11:20","guid":{"rendered":"http:\/\/caririemdestaque.com\/cd\/?p=8007"},"modified":"2018-02-17T17:49:06","modified_gmt":"2018-02-17T20:49:06","slug":"camara-municipal-de-serra-branca-aprova-dois-projetos-de-leis-de-autoria-do-executivo-confira","status":"publish","type":"post","link":"https:\/\/noticiasemdestaque.com\/cd\/?p=8007","title":{"rendered":"C\u00e2mara Municipal de Serra Branca aprova dois projetos de leis de autoria do executivo; Confira"},"content":{"rendered":"<p><a href=\"http:\/\/caririemdestaque.com\/cd\/wp-content\/uploads\/2018\/01\/IMG_5044.jpg\"><img decoding=\"async\" class=\"size-medium wp-image-7630 alignleft\" src=\"http:\/\/caririemdestaque.com\/cd\/wp-content\/uploads\/2018\/01\/IMG_5044-300x118.jpg\" alt=\"\" width=\"300\" height=\"118\" srcset=\"https:\/\/noticiasemdestaque.com\/cd\/wp-content\/uploads\/2018\/01\/IMG_5044-300x118.jpg 300w, https:\/\/noticiasemdestaque.com\/cd\/wp-content\/uploads\/2018\/01\/IMG_5044-768x302.jpg 768w, https:\/\/noticiasemdestaque.com\/cd\/wp-content\/uploads\/2018\/01\/IMG_5044-1024x402.jpg 1024w\" sizes=\"(max-width: 300px) 100vw, 300px\" \/><\/a>Durante a primeira sess\u00e3o legislativa do ano de 2018, da c\u00e2mara municipal de vereadores de Serra Branca, que aconteceu nesta sexta-feira (16\/02) foram aprovados dois projetos de leis do poder executivo, em pedido de urg\u00eancia.<\/p>\n<p>Um dos projetos de leis de n\u00famero 01\/2018, sobre o reajuste salarial para aqueles que recebem o piso em cima do sal\u00e1rio-m\u00ednimo.<\/p>\n<p>E outro de n\u00famero 02\/2018, sobre o piso salarial dos professores, regentes de ensino, supervisor, orientador, coordenador pedag\u00f3gico e psic\u00f3logo educacional, em pleno exerc\u00edcio de suas fun\u00e7\u00f5es neste munic\u00edpio ser\u00e1 o estabelecido no anexo \u00fanico da presente lei, em conson\u00e2ncia com o disposto na Legisla\u00e7\u00e3o Federal.<\/p>\n<p>Lembrando que voc\u00ea pode assistir como foi a sess\u00e3o na nossa<a href=\"https:\/\/www.facebook.com\/EmdestaqueCariri\/\"> fanpage<\/a>.<\/p>\n<p>Cariri em Destaque<\/p>\n","protected":false},"excerpt":{"rendered":"<p>Durante a primeira sess\u00e3o legislativa do ano de 2018, da c\u00e2mara municipal de vereadores de Serra Branca, que aconteceu nesta sexta-feira (16\/02) foram aprovados dois projetos de leis do poder executivo, em pedido de urg\u00eancia. Um dos projetos de leis de n\u00famero 01\/2018, sobre o reajuste salarial para aqueles que recebem o piso em cima do sal\u00e1rio-m\u00ednimo. E outro de n\u00famero 02\/2018, sobre o piso salarial dos professores, regentes de ensino, supervisor, orientador, coordenador pedag\u00f3gico e psic\u00f3logo educacional, em pleno exerc\u00edcio de suas fun\u00e7\u00f5es neste munic\u00edpio ser\u00e1 o estabelecido no anexo \u00fanico da presente lei, em conson\u00e2ncia com o disposto na Legisla\u00e7\u00e3o Federal. Lembrando que voc\u00ea pode assistir como foi a sess\u00e3o na nossa fanpage. Cariri em Destaque<\/p>\n","protected":false},"author":2,"featured_media":7630,"comment_status":"closed","ping_status":"open","sticky":false,"template":"","format":"standard","meta":{"_eb_attr":"","_jetpack_memberships_contains_paid_content":false,"footnotes":""},"categories":[4],"tags":[],"class_list":["post-8007","post","type-post","status-publish","format-standard","has-post-thumbnail","hentry","category-politica"],"yoast_head":"<!-- This site is optimized with the Yoast SEO plugin v26.5 - https:\/\/yoast.com\/wordpress\/plugins\/seo\/ -->\n<title>C\u00e2mara Municipal de Serra Branca aprova dois projetos de leis de autoria do executivo; Confira - Not&iacute;cias em Destaque<\/title>\n<meta name=\"robots\" content=\"index, follow, max-snippet:-1, max-image-preview:large, max-video-preview:-1\" \/>\n<link rel=\"canonical\" href=\"https:\/\/noticiasemdestaque.com\/cd\/?p=8007\" \/>\n<meta property=\"og:locale\" content=\"pt_BR\" \/>\n<meta property=\"og:type\" content=\"article\" \/>\n<meta property=\"og:title\" content=\"C\u00e2mara Municipal de Serra Branca aprova dois projetos de leis de autoria do executivo; Confira - Not&iacute;cias em Destaque\" \/>\n<meta property=\"og:description\" content=\"Durante a primeira sess\u00e3o legislativa do ano de 2018, da c\u00e2mara municipal de vereadores de Serra Branca, que aconteceu nesta sexta-feira (16\/02) foram aprovados dois projetos de leis do poder executivo, em pedido de urg\u00eancia. Um dos projetos de leis de n\u00famero 01\/2018, sobre o reajuste salarial para aqueles que recebem o piso em cima do sal\u00e1rio-m\u00ednimo. E outro de n\u00famero 02\/2018, sobre o piso salarial dos professores, regentes de ensino, supervisor, orientador, coordenador pedag\u00f3gico e psic\u00f3logo educacional, em pleno exerc\u00edcio de suas fun\u00e7\u00f5es neste munic\u00edpio ser\u00e1 o estabelecido no anexo \u00fanico da presente lei, em conson\u00e2ncia com o disposto na Legisla\u00e7\u00e3o Federal. Lembrando que voc\u00ea pode assistir como foi a sess\u00e3o na nossa fanpage. Cariri em Destaque\" \/>\n<meta property=\"og:url\" content=\"https:\/\/noticiasemdestaque.com\/cd\/?p=8007\" \/>\n<meta property=\"og:site_name\" content=\"Not&iacute;cias em Destaque\" \/>\n<meta property=\"article:published_time\" content=\"2018-02-17T11:11:20+00:00\" \/>\n<meta property=\"article:modified_time\" content=\"2018-02-17T20:49:06+00:00\" \/>\n<meta property=\"og:image\" content=\"https:\/\/noticiasemdestaque.com\/cd\/wp-content\/uploads\/2018\/01\/IMG_5044-1024x402.jpg\" \/>\n\t<meta property=\"og:image:width\" content=\"1024\" \/>\n\t<meta property=\"og:image:height\" content=\"402\" \/>\n\t<meta property=\"og:image:type\" content=\"image\/jpeg\" \/>\n<meta name=\"author\" content=\"Not\u00edcias em Destaque\" \/>\n<meta name=\"twitter:card\" content=\"summary_large_image\" \/>\n<meta name=\"twitter:label1\" content=\"Escrito por\" \/>\n\t<meta name=\"twitter:data1\" content=\"Not\u00edcias em Destaque\" \/>\n\t<meta name=\"twitter:label2\" content=\"Est. tempo de leitura\" \/>\n\t<meta name=\"twitter:data2\" content=\"1 minuto\" \/>\n<script type=\"application\/ld+json\" class=\"yoast-schema-graph\">{\"@context\":\"https:\/\/schema.org\",\"@graph\":[{\"@type\":\"Article\",\"@id\":\"https:\/\/noticiasemdestaque.com\/cd\/?p=8007#article\",\"isPartOf\":{\"@id\":\"https:\/\/noticiasemdestaque.com\/cd\/?p=8007\"},\"author\":{\"name\":\"Not\u00edcias em Destaque\",\"@id\":\"https:\/\/noticiasemdestaque.com\/cd\/#\/schema\/person\/21320b03a7e8bb90128938dafc9b908a\"},\"headline\":\"C\u00e2mara Municipal de Serra Branca aprova dois projetos de leis de autoria do executivo; Confira\",\"datePublished\":\"2018-02-17T11:11:20+00:00\",\"dateModified\":\"2018-02-17T20:49:06+00:00\",\"mainEntityOfPage\":{\"@id\":\"https:\/\/noticiasemdestaque.com\/cd\/?p=8007\"},\"wordCount\":145,\"publisher\":{\"@id\":\"https:\/\/noticiasemdestaque.com\/cd\/#organization\"},\"image\":{\"@id\":\"https:\/\/noticiasemdestaque.com\/cd\/?p=8007#primaryimage\"},\"thumbnailUrl\":\"https:\/\/noticiasemdestaque.com\/cd\/wp-content\/uploads\/2018\/01\/IMG_5044.jpg\",\"articleSection\":[\"Pol\u00edtica\"],\"inLanguage\":\"pt-BR\"},{\"@type\":\"WebPage\",\"@id\":\"https:\/\/noticiasemdestaque.com\/cd\/?p=8007\",\"url\":\"https:\/\/noticiasemdestaque.com\/cd\/?p=8007\",\"name\":\"C\u00e2mara Municipal de Serra Branca aprova dois projetos de leis de autoria do executivo; Confira - Not&iacute;cias em Destaque\",\"isPartOf\":{\"@id\":\"https:\/\/noticiasemdestaque.com\/cd\/#website\"},\"primaryImageOfPage\":{\"@id\":\"https:\/\/noticiasemdestaque.com\/cd\/?p=8007#primaryimage\"},\"image\":{\"@id\":\"https:\/\/noticiasemdestaque.com\/cd\/?p=8007#primaryimage\"},\"thumbnailUrl\":\"https:\/\/noticiasemdestaque.com\/cd\/wp-content\/uploads\/2018\/01\/IMG_5044.jpg\",\"datePublished\":\"2018-02-17T11:11:20+00:00\",\"dateModified\":\"2018-02-17T20:49:06+00:00\",\"breadcrumb\":{\"@id\":\"https:\/\/noticiasemdestaque.com\/cd\/?p=8007#breadcrumb\"},\"inLanguage\":\"pt-BR\",\"potentialAction\":[{\"@type\":\"ReadAction\",\"target\":[\"https:\/\/noticiasemdestaque.com\/cd\/?p=8007\"]}]},{\"@type\":\"ImageObject\",\"inLanguage\":\"pt-BR\",\"@id\":\"https:\/\/noticiasemdestaque.com\/cd\/?p=8007#primaryimage\",\"url\":\"https:\/\/noticiasemdestaque.com\/cd\/wp-content\/uploads\/2018\/01\/IMG_5044.jpg\",\"contentUrl\":\"https:\/\/noticiasemdestaque.com\/cd\/wp-content\/uploads\/2018\/01\/IMG_5044.jpg\",\"width\":5046,\"height\":1982},{\"@type\":\"BreadcrumbList\",\"@id\":\"https:\/\/noticiasemdestaque.com\/cd\/?p=8007#breadcrumb\",\"itemListElement\":[{\"@type\":\"ListItem\",\"position\":1,\"name\":\"In\u00edcio\",\"item\":\"https:\/\/noticiasemdestaque.com\/cd\/\"},{\"@type\":\"ListItem\",\"position\":2,\"name\":\"C\u00e2mara Municipal de Serra Branca aprova dois projetos de leis de autoria do executivo; Confira\"}]},{\"@type\":\"WebSite\",\"@id\":\"https:\/\/noticiasemdestaque.com\/cd\/#website\",\"url\":\"https:\/\/noticiasemdestaque.com\/cd\/\",\"name\":\"Not&iacute;cias em Destaque\",\"description\":\"\",\"publisher\":{\"@id\":\"https:\/\/noticiasemdestaque.com\/cd\/#organization\"},\"potentialAction\":[{\"@type\":\"SearchAction\",\"target\":{\"@type\":\"EntryPoint\",\"urlTemplate\":\"https:\/\/noticiasemdestaque.com\/cd\/?s={search_term_string}\"},\"query-input\":{\"@type\":\"PropertyValueSpecification\",\"valueRequired\":true,\"valueName\":\"search_term_string\"}}],\"inLanguage\":\"pt-BR\"},{\"@type\":\"Organization\",\"@id\":\"https:\/\/noticiasemdestaque.com\/cd\/#organization\",\"name\":\"Not\u00edcias em Destaque\",\"url\":\"https:\/\/noticiasemdestaque.com\/cd\/\",\"logo\":{\"@type\":\"ImageObject\",\"inLanguage\":\"pt-BR\",\"@id\":\"https:\/\/noticiasemdestaque.com\/cd\/#\/schema\/logo\/image\/\",\"url\":\"https:\/\/noticiasemdestaque.com\/cd\/wp-content\/uploads\/2022\/05\/imagem-base-noticiasemdestaque.png\",\"contentUrl\":\"https:\/\/noticiasemdestaque.com\/cd\/wp-content\/uploads\/2022\/05\/imagem-base-noticiasemdestaque.png\",\"width\":1200,\"height\":630,\"caption\":\"Not\u00edcias em Destaque\"},\"image\":{\"@id\":\"https:\/\/noticiasemdestaque.com\/cd\/#\/schema\/logo\/image\/\"}},{\"@type\":\"Person\",\"@id\":\"https:\/\/noticiasemdestaque.com\/cd\/#\/schema\/person\/21320b03a7e8bb90128938dafc9b908a\",\"name\":\"Not\u00edcias em Destaque\",\"url\":\"https:\/\/noticiasemdestaque.com\/cd\/?author=2\"}]}<\/script>\n<!-- \/ Yoast SEO plugin. -->","yoast_head_json":{"title":"C\u00e2mara Municipal de Serra Branca aprova dois projetos de leis de autoria do executivo; Confira - Not&iacute;cias em Destaque","robots":{"index":"index","follow":"follow","max-snippet":"max-snippet:-1","max-image-preview":"max-image-preview:large","max-video-preview":"max-video-preview:-1"},"canonical":"https:\/\/noticiasemdestaque.com\/cd\/?p=8007","og_locale":"pt_BR","og_type":"article","og_title":"C\u00e2mara Municipal de Serra Branca aprova dois projetos de leis de autoria do executivo; Confira - Not&iacute;cias em Destaque","og_description":"Durante a primeira sess\u00e3o legislativa do ano de 2018, da c\u00e2mara municipal de vereadores de Serra Branca, que aconteceu nesta sexta-feira (16\/02) foram aprovados dois projetos de leis do poder executivo, em pedido de urg\u00eancia. Um dos projetos de leis de n\u00famero 01\/2018, sobre o reajuste salarial para aqueles que recebem o piso em cima do sal\u00e1rio-m\u00ednimo. E outro de n\u00famero 02\/2018, sobre o piso salarial dos professores, regentes de ensino, supervisor, orientador, coordenador pedag\u00f3gico e psic\u00f3logo educacional, em pleno exerc\u00edcio de suas fun\u00e7\u00f5es neste munic\u00edpio ser\u00e1 o estabelecido no anexo \u00fanico da presente lei, em conson\u00e2ncia com o disposto na Legisla\u00e7\u00e3o Federal. Lembrando que voc\u00ea pode assistir como foi a sess\u00e3o na nossa fanpage. Cariri em Destaque","og_url":"https:\/\/noticiasemdestaque.com\/cd\/?p=8007","og_site_name":"Not&iacute;cias em Destaque","article_published_time":"2018-02-17T11:11:20+00:00","article_modified_time":"2018-02-17T20:49:06+00:00","og_image":[{"width":1024,"height":402,"url":"https:\/\/noticiasemdestaque.com\/cd\/wp-content\/uploads\/2018\/01\/IMG_5044-1024x402.jpg","type":"image\/jpeg"}],"author":"Not\u00edcias em Destaque","twitter_card":"summary_large_image","twitter_misc":{"Escrito por":"Not\u00edcias em Destaque","Est. tempo de leitura":"1 minuto"},"schema":{"@context":"https:\/\/schema.org","@graph":[{"@type":"Article","@id":"https:\/\/noticiasemdestaque.com\/cd\/?p=8007#article","isPartOf":{"@id":"https:\/\/noticiasemdestaque.com\/cd\/?p=8007"},"author":{"name":"Not\u00edcias em Destaque","@id":"https:\/\/noticiasemdestaque.com\/cd\/#\/schema\/person\/21320b03a7e8bb90128938dafc9b908a"},"headline":"C\u00e2mara Municipal de Serra Branca aprova dois projetos de leis de autoria do executivo; Confira","datePublished":"2018-02-17T11:11:20+00:00","dateModified":"2018-02-17T20:49:06+00:00","mainEntityOfPage":{"@id":"https:\/\/noticiasemdestaque.com\/cd\/?p=8007"},"wordCount":145,"publisher":{"@id":"https:\/\/noticiasemdestaque.com\/cd\/#organization"},"image":{"@id":"https:\/\/noticiasemdestaque.com\/cd\/?p=8007#primaryimage"},"thumbnailUrl":"https:\/\/noticiasemdestaque.com\/cd\/wp-content\/uploads\/2018\/01\/IMG_5044.jpg","articleSection":["Pol\u00edtica"],"inLanguage":"pt-BR"},{"@type":"WebPage","@id":"https:\/\/noticiasemdestaque.com\/cd\/?p=8007","url":"https:\/\/noticiasemdestaque.com\/cd\/?p=8007","name":"C\u00e2mara Municipal de Serra Branca aprova dois projetos de leis de autoria do executivo; Confira - Not&iacute;cias em Destaque","isPartOf":{"@id":"https:\/\/noticiasemdestaque.com\/cd\/#website"},"primaryImageOfPage":{"@id":"https:\/\/noticiasemdestaque.com\/cd\/?p=8007#primaryimage"},"image":{"@id":"https:\/\/noticiasemdestaque.com\/cd\/?p=8007#primaryimage"},"thumbnailUrl":"https:\/\/noticiasemdestaque.com\/cd\/wp-content\/uploads\/2018\/01\/IMG_5044.jpg","datePublished":"2018-02-17T11:11:20+00:00","dateModified":"2018-02-17T20:49:06+00:00","breadcrumb":{"@id":"https:\/\/noticiasemdestaque.com\/cd\/?p=8007#breadcrumb"},"inLanguage":"pt-BR","potentialAction":[{"@type":"ReadAction","target":["https:\/\/noticiasemdestaque.com\/cd\/?p=8007"]}]},{"@type":"ImageObject","inLanguage":"pt-BR","@id":"https:\/\/noticiasemdestaque.com\/cd\/?p=8007#primaryimage","url":"https:\/\/noticiasemdestaque.com\/cd\/wp-content\/uploads\/2018\/01\/IMG_5044.jpg","contentUrl":"https:\/\/noticiasemdestaque.com\/cd\/wp-content\/uploads\/2018\/01\/IMG_5044.jpg","width":5046,"height":1982},{"@type":"BreadcrumbList","@id":"https:\/\/noticiasemdestaque.com\/cd\/?p=8007#breadcrumb","itemListElement":[{"@type":"ListItem","position":1,"name":"In\u00edcio","item":"https:\/\/noticiasemdestaque.com\/cd\/"},{"@type":"ListItem","position":2,"name":"C\u00e2mara Municipal de Serra Branca aprova dois projetos de leis de autoria do executivo; Confira"}]},{"@type":"WebSite","@id":"https:\/\/noticiasemdestaque.com\/cd\/#website","url":"https:\/\/noticiasemdestaque.com\/cd\/","name":"Not&iacute;cias em Destaque","description":"","publisher":{"@id":"https:\/\/noticiasemdestaque.com\/cd\/#organization"},"potentialAction":[{"@type":"SearchAction","target":{"@type":"EntryPoint","urlTemplate":"https:\/\/noticiasemdestaque.com\/cd\/?s={search_term_string}"},"query-input":{"@type":"PropertyValueSpecification","valueRequired":true,"valueName":"search_term_string"}}],"inLanguage":"pt-BR"},{"@type":"Organization","@id":"https:\/\/noticiasemdestaque.com\/cd\/#organization","name":"Not\u00edcias em Destaque","url":"https:\/\/noticiasemdestaque.com\/cd\/","logo":{"@type":"ImageObject","inLanguage":"pt-BR","@id":"https:\/\/noticiasemdestaque.com\/cd\/#\/schema\/logo\/image\/","url":"https:\/\/noticiasemdestaque.com\/cd\/wp-content\/uploads\/2022\/05\/imagem-base-noticiasemdestaque.png","contentUrl":"https:\/\/noticiasemdestaque.com\/cd\/wp-content\/uploads\/2022\/05\/imagem-base-noticiasemdestaque.png","width":1200,"height":630,"caption":"Not\u00edcias em Destaque"},"image":{"@id":"https:\/\/noticiasemdestaque.com\/cd\/#\/schema\/logo\/image\/"}},{"@type":"Person","@id":"https:\/\/noticiasemdestaque.com\/cd\/#\/schema\/person\/21320b03a7e8bb90128938dafc9b908a","name":"Not\u00edcias em Destaque","url":"https:\/\/noticiasemdestaque.com\/cd\/?author=2"}]}},"jetpack_featured_media_url":"https:\/\/noticiasemdestaque.com\/cd\/wp-content\/uploads\/2018\/01\/IMG_5044.jpg","jetpack_sharing_enabled":true,"_links":{"self":[{"href":"https:\/\/noticiasemdestaque.com\/cd\/index.php?rest_route=\/wp\/v2\/posts\/8007","targetHints":{"allow":["GET"]}}],"collection":[{"href":"https:\/\/noticiasemdestaque.com\/cd\/index.php?rest_route=\/wp\/v2\/posts"}],"about":[{"href":"https:\/\/noticiasemdestaque.com\/cd\/index.php?rest_route=\/wp\/v2\/types\/post"}],"author":[{"embeddable":true,"href":"https:\/\/noticiasemdestaque.com\/cd\/index.php?rest_route=\/wp\/v2\/users\/2"}],"replies":[{"embeddable":true,"href":"https:\/\/noticiasemdestaque.com\/cd\/index.php?rest_route=%2Fwp%2Fv2%2Fcomments&post=8007"}],"version-history":[{"count":3,"href":"https:\/\/noticiasemdestaque.com\/cd\/index.php?rest_route=\/wp\/v2\/posts\/8007\/revisions"}],"predecessor-version":[{"id":8023,"href":"https:\/\/noticiasemdestaque.com\/cd\/index.php?rest_route=\/wp\/v2\/posts\/8007\/revisions\/8023"}],"wp:featuredmedia":[{"embeddable":true,"href":"https:\/\/noticiasemdestaque.com\/cd\/index.php?rest_route=\/wp\/v2\/media\/7630"}],"wp:attachment":[{"href":"https:\/\/noticiasemdestaque.com\/cd\/index.php?rest_route=%2Fwp%2Fv2%2Fmedia&parent=8007"}],"wp:term":[{"taxonomy":"category","embeddable":true,"href":"https:\/\/noticiasemdestaque.com\/cd\/index.php?rest_route=%2Fwp%2Fv2%2Fcategories&post=8007"},{"taxonomy":"post_tag","embeddable":true,"href":"https:\/\/noticiasemdestaque.com\/cd\/index.php?rest_route=%2Fwp%2Fv2%2Ftags&post=8007"}],"curies":[{"name":"wp","href":"https:\/\/api.w.org\/{rel}","templated":true}]}}