{"id":8003,"date":"2018-02-17T07:52:50","date_gmt":"2018-02-17T10:52:50","guid":{"rendered":"http:\/\/caririemdestaque.com\/cd\/?p=8003"},"modified":"2018-02-17T15:30:19","modified_gmt":"2018-02-17T18:30:19","slug":"sera-realizado-aulao-do-concurso-publico-de-serra-branca","status":"publish","type":"post","link":"https:\/\/noticiasemdestaque.com\/cd\/?p=8003","title":{"rendered":"Aul\u00e3o para o concurso p\u00fablico de Serra Branca"},"content":{"rendered":"<p><a href=\"http:\/\/caririemdestaque.com\/cd\/wp-content\/uploads\/2017\/09\/concurso-2.jpg\"><img decoding=\"async\" class=\"wp-image-4668 alignleft\" src=\"http:\/\/caririemdestaque.com\/cd\/wp-content\/uploads\/2017\/09\/concurso-2-300x200.jpg\" alt=\"\" width=\"164\" height=\"110\" srcset=\"https:\/\/noticiasemdestaque.com\/cd\/wp-content\/uploads\/2017\/09\/concurso-2-300x200.jpg 300w, https:\/\/noticiasemdestaque.com\/cd\/wp-content\/uploads\/2017\/09\/concurso-2.jpg 405w\" sizes=\"(max-width: 164px) 100vw, 164px\" \/><\/a>Quem ir\u00e1 fazer a prova do concurso p\u00fablico de Serra Branca precisa ter os conhecimentos b\u00e1sicos exigidos no certamente e por isso ser\u00e1 realizado neste domingo (18\/02) um aul\u00e3o, no munic\u00edpio.<\/p>\n<p>O 1\u00ba aul\u00e3o ser\u00e1 de &#8220;conhecimentos gerais&#8221;: Globaliza\u00e7\u00e3o, neoliberalismo e desafios contempor\u00e2neos, na Escola Vasconcelos Brand\u00e3o, a partir 08 at\u00e9 \u00e0s 12h00.<\/p>\n<p>Para participar \u00e9 preciso contribuir com R$ 10,00 = 1 kg de ra\u00e7\u00e3o para gatos.<\/p>\n<p>De acordo com informa\u00e7\u00f5es apuradas, a arrecada\u00e7\u00e3o ser\u00e1 convertida em ra\u00e7\u00e3o para c\u00e3es e gatos &#8220;sem-teto&#8221;.<\/p>\n<p><em><strong>Cariri em Destaque<\/strong><\/em><\/p>\n","protected":false},"excerpt":{"rendered":"<p>Quem ir\u00e1 fazer a prova do concurso p\u00fablico de Serra Branca precisa ter os conhecimentos b\u00e1sicos exigidos no certamente e por isso ser\u00e1 realizado neste domingo (18\/02) um aul\u00e3o, no munic\u00edpio. O 1\u00ba aul\u00e3o ser\u00e1 de &#8220;conhecimentos gerais&#8221;: Globaliza\u00e7\u00e3o, neoliberalismo e desafios contempor\u00e2neos, na Escola Vasconcelos Brand\u00e3o, a partir 08 at\u00e9 \u00e0s 12h00. Para participar \u00e9 preciso contribuir com R$ 10,00 = 1 kg de ra\u00e7\u00e3o para gatos. De acordo com informa\u00e7\u00f5es apuradas, a arrecada\u00e7\u00e3o ser\u00e1 convertida em ra\u00e7\u00e3o para c\u00e3es e gatos &#8220;sem-teto&#8221;. Cariri em Destaque<\/p>\n","protected":false},"author":2,"featured_media":4668,"comment_status":"closed","ping_status":"open","sticky":false,"template":"","format":"standard","meta":{"_eb_attr":"","_jetpack_memberships_contains_paid_content":false,"footnotes":""},"categories":[6],"tags":[],"class_list":["post-8003","post","type-post","status-publish","format-standard","has-post-thumbnail","hentry","category-educacao"],"yoast_head":"<!-- This site is optimized with the Yoast SEO plugin v26.5 - https:\/\/yoast.com\/wordpress\/plugins\/seo\/ -->\n<title>Aul\u00e3o para o concurso p\u00fablico de Serra Branca - Not&iacute;cias em Destaque<\/title>\n<meta name=\"robots\" content=\"index, follow, max-snippet:-1, max-image-preview:large, max-video-preview:-1\" \/>\n<link rel=\"canonical\" href=\"https:\/\/noticiasemdestaque.com\/cd\/?p=8003\" \/>\n<meta property=\"og:locale\" content=\"pt_BR\" \/>\n<meta property=\"og:type\" content=\"article\" \/>\n<meta property=\"og:title\" content=\"Aul\u00e3o para o concurso p\u00fablico de Serra Branca - Not&iacute;cias em Destaque\" \/>\n<meta property=\"og:description\" content=\"Quem ir\u00e1 fazer a prova do concurso p\u00fablico de Serra Branca precisa ter os conhecimentos b\u00e1sicos exigidos no certamente e por isso ser\u00e1 realizado neste domingo (18\/02) um aul\u00e3o, no munic\u00edpio. O 1\u00ba aul\u00e3o ser\u00e1 de &#8220;conhecimentos gerais&#8221;: Globaliza\u00e7\u00e3o, neoliberalismo e desafios contempor\u00e2neos, na Escola Vasconcelos Brand\u00e3o, a partir 08 at\u00e9 \u00e0s 12h00. Para participar \u00e9 preciso contribuir com R$ 10,00 = 1 kg de ra\u00e7\u00e3o para gatos. De acordo com informa\u00e7\u00f5es apuradas, a arrecada\u00e7\u00e3o ser\u00e1 convertida em ra\u00e7\u00e3o para c\u00e3es e gatos &#8220;sem-teto&#8221;. Cariri em Destaque\" \/>\n<meta property=\"og:url\" content=\"https:\/\/noticiasemdestaque.com\/cd\/?p=8003\" \/>\n<meta property=\"og:site_name\" content=\"Not&iacute;cias em Destaque\" \/>\n<meta property=\"article:published_time\" content=\"2018-02-17T10:52:50+00:00\" \/>\n<meta property=\"article:modified_time\" content=\"2018-02-17T18:30:19+00:00\" \/>\n<meta property=\"og:image\" content=\"https:\/\/noticiasemdestaque.com\/cd\/wp-content\/uploads\/2017\/09\/concurso-2.jpg\" \/>\n\t<meta property=\"og:image:width\" content=\"405\" \/>\n\t<meta property=\"og:image:height\" content=\"270\" \/>\n\t<meta property=\"og:image:type\" content=\"image\/jpeg\" \/>\n<meta name=\"author\" content=\"Not\u00edcias em Destaque\" \/>\n<meta name=\"twitter:card\" content=\"summary_large_image\" \/>\n<meta name=\"twitter:label1\" content=\"Escrito por\" \/>\n\t<meta name=\"twitter:data1\" content=\"Not\u00edcias em Destaque\" \/>\n<script type=\"application\/ld+json\" class=\"yoast-schema-graph\">{\"@context\":\"https:\/\/schema.org\",\"@graph\":[{\"@type\":\"Article\",\"@id\":\"https:\/\/noticiasemdestaque.com\/cd\/?p=8003#article\",\"isPartOf\":{\"@id\":\"https:\/\/noticiasemdestaque.com\/cd\/?p=8003\"},\"author\":{\"name\":\"Not\u00edcias em Destaque\",\"@id\":\"https:\/\/noticiasemdestaque.com\/cd\/#\/schema\/person\/21320b03a7e8bb90128938dafc9b908a\"},\"headline\":\"Aul\u00e3o para o concurso p\u00fablico de Serra Branca\",\"datePublished\":\"2018-02-17T10:52:50+00:00\",\"dateModified\":\"2018-02-17T18:30:19+00:00\",\"mainEntityOfPage\":{\"@id\":\"https:\/\/noticiasemdestaque.com\/cd\/?p=8003\"},\"wordCount\":103,\"publisher\":{\"@id\":\"https:\/\/noticiasemdestaque.com\/cd\/#organization\"},\"image\":{\"@id\":\"https:\/\/noticiasemdestaque.com\/cd\/?p=8003#primaryimage\"},\"thumbnailUrl\":\"https:\/\/noticiasemdestaque.com\/cd\/wp-content\/uploads\/2017\/09\/concurso-2.jpg\",\"articleSection\":[\"Educa\u00e7\u00e3o\"],\"inLanguage\":\"pt-BR\"},{\"@type\":\"WebPage\",\"@id\":\"https:\/\/noticiasemdestaque.com\/cd\/?p=8003\",\"url\":\"https:\/\/noticiasemdestaque.com\/cd\/?p=8003\",\"name\":\"Aul\u00e3o para o concurso p\u00fablico de Serra Branca - Not&iacute;cias em Destaque\",\"isPartOf\":{\"@id\":\"https:\/\/noticiasemdestaque.com\/cd\/#website\"},\"primaryImageOfPage\":{\"@id\":\"https:\/\/noticiasemdestaque.com\/cd\/?p=8003#primaryimage\"},\"image\":{\"@id\":\"https:\/\/noticiasemdestaque.com\/cd\/?p=8003#primaryimage\"},\"thumbnailUrl\":\"https:\/\/noticiasemdestaque.com\/cd\/wp-content\/uploads\/2017\/09\/concurso-2.jpg\",\"datePublished\":\"2018-02-17T10:52:50+00:00\",\"dateModified\":\"2018-02-17T18:30:19+00:00\",\"breadcrumb\":{\"@id\":\"https:\/\/noticiasemdestaque.com\/cd\/?p=8003#breadcrumb\"},\"inLanguage\":\"pt-BR\",\"potentialAction\":[{\"@type\":\"ReadAction\",\"target\":[\"https:\/\/noticiasemdestaque.com\/cd\/?p=8003\"]}]},{\"@type\":\"ImageObject\",\"inLanguage\":\"pt-BR\",\"@id\":\"https:\/\/noticiasemdestaque.com\/cd\/?p=8003#primaryimage\",\"url\":\"https:\/\/noticiasemdestaque.com\/cd\/wp-content\/uploads\/2017\/09\/concurso-2.jpg\",\"contentUrl\":\"https:\/\/noticiasemdestaque.com\/cd\/wp-content\/uploads\/2017\/09\/concurso-2.jpg\",\"width\":405,\"height\":270},{\"@type\":\"BreadcrumbList\",\"@id\":\"https:\/\/noticiasemdestaque.com\/cd\/?p=8003#breadcrumb\",\"itemListElement\":[{\"@type\":\"ListItem\",\"position\":1,\"name\":\"In\u00edcio\",\"item\":\"https:\/\/noticiasemdestaque.com\/cd\/\"},{\"@type\":\"ListItem\",\"position\":2,\"name\":\"Aul\u00e3o para o concurso p\u00fablico de Serra Branca\"}]},{\"@type\":\"WebSite\",\"@id\":\"https:\/\/noticiasemdestaque.com\/cd\/#website\",\"url\":\"https:\/\/noticiasemdestaque.com\/cd\/\",\"name\":\"Not&iacute;cias em Destaque\",\"description\":\"\",\"publisher\":{\"@id\":\"https:\/\/noticiasemdestaque.com\/cd\/#organization\"},\"potentialAction\":[{\"@type\":\"SearchAction\",\"target\":{\"@type\":\"EntryPoint\",\"urlTemplate\":\"https:\/\/noticiasemdestaque.com\/cd\/?s={search_term_string}\"},\"query-input\":{\"@type\":\"PropertyValueSpecification\",\"valueRequired\":true,\"valueName\":\"search_term_string\"}}],\"inLanguage\":\"pt-BR\"},{\"@type\":\"Organization\",\"@id\":\"https:\/\/noticiasemdestaque.com\/cd\/#organization\",\"name\":\"Not\u00edcias em Destaque\",\"url\":\"https:\/\/noticiasemdestaque.com\/cd\/\",\"logo\":{\"@type\":\"ImageObject\",\"inLanguage\":\"pt-BR\",\"@id\":\"https:\/\/noticiasemdestaque.com\/cd\/#\/schema\/logo\/image\/\",\"url\":\"https:\/\/noticiasemdestaque.com\/cd\/wp-content\/uploads\/2022\/05\/imagem-base-noticiasemdestaque.png\",\"contentUrl\":\"https:\/\/noticiasemdestaque.com\/cd\/wp-content\/uploads\/2022\/05\/imagem-base-noticiasemdestaque.png\",\"width\":1200,\"height\":630,\"caption\":\"Not\u00edcias em Destaque\"},\"image\":{\"@id\":\"https:\/\/noticiasemdestaque.com\/cd\/#\/schema\/logo\/image\/\"}},{\"@type\":\"Person\",\"@id\":\"https:\/\/noticiasemdestaque.com\/cd\/#\/schema\/person\/21320b03a7e8bb90128938dafc9b908a\",\"name\":\"Not\u00edcias em Destaque\",\"url\":\"https:\/\/noticiasemdestaque.com\/cd\/?author=2\"}]}<\/script>\n<!-- \/ Yoast SEO plugin. -->","yoast_head_json":{"title":"Aul\u00e3o para o concurso p\u00fablico de Serra Branca - Not&iacute;cias em Destaque","robots":{"index":"index","follow":"follow","max-snippet":"max-snippet:-1","max-image-preview":"max-image-preview:large","max-video-preview":"max-video-preview:-1"},"canonical":"https:\/\/noticiasemdestaque.com\/cd\/?p=8003","og_locale":"pt_BR","og_type":"article","og_title":"Aul\u00e3o para o concurso p\u00fablico de Serra Branca - Not&iacute;cias em Destaque","og_description":"Quem ir\u00e1 fazer a prova do concurso p\u00fablico de Serra Branca precisa ter os conhecimentos b\u00e1sicos exigidos no certamente e por isso ser\u00e1 realizado neste domingo (18\/02) um aul\u00e3o, no munic\u00edpio. O 1\u00ba aul\u00e3o ser\u00e1 de &#8220;conhecimentos gerais&#8221;: Globaliza\u00e7\u00e3o, neoliberalismo e desafios contempor\u00e2neos, na Escola Vasconcelos Brand\u00e3o, a partir 08 at\u00e9 \u00e0s 12h00. Para participar \u00e9 preciso contribuir com R$ 10,00 = 1 kg de ra\u00e7\u00e3o para gatos. De acordo com informa\u00e7\u00f5es apuradas, a arrecada\u00e7\u00e3o ser\u00e1 convertida em ra\u00e7\u00e3o para c\u00e3es e gatos &#8220;sem-teto&#8221;. Cariri em Destaque","og_url":"https:\/\/noticiasemdestaque.com\/cd\/?p=8003","og_site_name":"Not&iacute;cias em Destaque","article_published_time":"2018-02-17T10:52:50+00:00","article_modified_time":"2018-02-17T18:30:19+00:00","og_image":[{"width":405,"height":270,"url":"https:\/\/noticiasemdestaque.com\/cd\/wp-content\/uploads\/2017\/09\/concurso-2.jpg","type":"image\/jpeg"}],"author":"Not\u00edcias em Destaque","twitter_card":"summary_large_image","twitter_misc":{"Escrito por":"Not\u00edcias em Destaque"},"schema":{"@context":"https:\/\/schema.org","@graph":[{"@type":"Article","@id":"https:\/\/noticiasemdestaque.com\/cd\/?p=8003#article","isPartOf":{"@id":"https:\/\/noticiasemdestaque.com\/cd\/?p=8003"},"author":{"name":"Not\u00edcias em Destaque","@id":"https:\/\/noticiasemdestaque.com\/cd\/#\/schema\/person\/21320b03a7e8bb90128938dafc9b908a"},"headline":"Aul\u00e3o para o concurso p\u00fablico de Serra Branca","datePublished":"2018-02-17T10:52:50+00:00","dateModified":"2018-02-17T18:30:19+00:00","mainEntityOfPage":{"@id":"https:\/\/noticiasemdestaque.com\/cd\/?p=8003"},"wordCount":103,"publisher":{"@id":"https:\/\/noticiasemdestaque.com\/cd\/#organization"},"image":{"@id":"https:\/\/noticiasemdestaque.com\/cd\/?p=8003#primaryimage"},"thumbnailUrl":"https:\/\/noticiasemdestaque.com\/cd\/wp-content\/uploads\/2017\/09\/concurso-2.jpg","articleSection":["Educa\u00e7\u00e3o"],"inLanguage":"pt-BR"},{"@type":"WebPage","@id":"https:\/\/noticiasemdestaque.com\/cd\/?p=8003","url":"https:\/\/noticiasemdestaque.com\/cd\/?p=8003","name":"Aul\u00e3o para o concurso p\u00fablico de Serra Branca - Not&iacute;cias em Destaque","isPartOf":{"@id":"https:\/\/noticiasemdestaque.com\/cd\/#website"},"primaryImageOfPage":{"@id":"https:\/\/noticiasemdestaque.com\/cd\/?p=8003#primaryimage"},"image":{"@id":"https:\/\/noticiasemdestaque.com\/cd\/?p=8003#primaryimage"},"thumbnailUrl":"https:\/\/noticiasemdestaque.com\/cd\/wp-content\/uploads\/2017\/09\/concurso-2.jpg","datePublished":"2018-02-17T10:52:50+00:00","dateModified":"2018-02-17T18:30:19+00:00","breadcrumb":{"@id":"https:\/\/noticiasemdestaque.com\/cd\/?p=8003#breadcrumb"},"inLanguage":"pt-BR","potentialAction":[{"@type":"ReadAction","target":["https:\/\/noticiasemdestaque.com\/cd\/?p=8003"]}]},{"@type":"ImageObject","inLanguage":"pt-BR","@id":"https:\/\/noticiasemdestaque.com\/cd\/?p=8003#primaryimage","url":"https:\/\/noticiasemdestaque.com\/cd\/wp-content\/uploads\/2017\/09\/concurso-2.jpg","contentUrl":"https:\/\/noticiasemdestaque.com\/cd\/wp-content\/uploads\/2017\/09\/concurso-2.jpg","width":405,"height":270},{"@type":"BreadcrumbList","@id":"https:\/\/noticiasemdestaque.com\/cd\/?p=8003#breadcrumb","itemListElement":[{"@type":"ListItem","position":1,"name":"In\u00edcio","item":"https:\/\/noticiasemdestaque.com\/cd\/"},{"@type":"ListItem","position":2,"name":"Aul\u00e3o para o concurso p\u00fablico de Serra Branca"}]},{"@type":"WebSite","@id":"https:\/\/noticiasemdestaque.com\/cd\/#website","url":"https:\/\/noticiasemdestaque.com\/cd\/","name":"Not&iacute;cias em Destaque","description":"","publisher":{"@id":"https:\/\/noticiasemdestaque.com\/cd\/#organization"},"potentialAction":[{"@type":"SearchAction","target":{"@type":"EntryPoint","urlTemplate":"https:\/\/noticiasemdestaque.com\/cd\/?s={search_term_string}"},"query-input":{"@type":"PropertyValueSpecification","valueRequired":true,"valueName":"search_term_string"}}],"inLanguage":"pt-BR"},{"@type":"Organization","@id":"https:\/\/noticiasemdestaque.com\/cd\/#organization","name":"Not\u00edcias em Destaque","url":"https:\/\/noticiasemdestaque.com\/cd\/","logo":{"@type":"ImageObject","inLanguage":"pt-BR","@id":"https:\/\/noticiasemdestaque.com\/cd\/#\/schema\/logo\/image\/","url":"https:\/\/noticiasemdestaque.com\/cd\/wp-content\/uploads\/2022\/05\/imagem-base-noticiasemdestaque.png","contentUrl":"https:\/\/noticiasemdestaque.com\/cd\/wp-content\/uploads\/2022\/05\/imagem-base-noticiasemdestaque.png","width":1200,"height":630,"caption":"Not\u00edcias em Destaque"},"image":{"@id":"https:\/\/noticiasemdestaque.com\/cd\/#\/schema\/logo\/image\/"}},{"@type":"Person","@id":"https:\/\/noticiasemdestaque.com\/cd\/#\/schema\/person\/21320b03a7e8bb90128938dafc9b908a","name":"Not\u00edcias em Destaque","url":"https:\/\/noticiasemdestaque.com\/cd\/?author=2"}]}},"jetpack_featured_media_url":"https:\/\/noticiasemdestaque.com\/cd\/wp-content\/uploads\/2017\/09\/concurso-2.jpg","jetpack_sharing_enabled":true,"_links":{"self":[{"href":"https:\/\/noticiasemdestaque.com\/cd\/index.php?rest_route=\/wp\/v2\/posts\/8003","targetHints":{"allow":["GET"]}}],"collection":[{"href":"https:\/\/noticiasemdestaque.com\/cd\/index.php?rest_route=\/wp\/v2\/posts"}],"about":[{"href":"https:\/\/noticiasemdestaque.com\/cd\/index.php?rest_route=\/wp\/v2\/types\/post"}],"author":[{"embeddable":true,"href":"https:\/\/noticiasemdestaque.com\/cd\/index.php?rest_route=\/wp\/v2\/users\/2"}],"replies":[{"embeddable":true,"href":"https:\/\/noticiasemdestaque.com\/cd\/index.php?rest_route=%2Fwp%2Fv2%2Fcomments&post=8003"}],"version-history":[{"count":2,"href":"https:\/\/noticiasemdestaque.com\/cd\/index.php?rest_route=\/wp\/v2\/posts\/8003\/revisions"}],"predecessor-version":[{"id":8021,"href":"https:\/\/noticiasemdestaque.com\/cd\/index.php?rest_route=\/wp\/v2\/posts\/8003\/revisions\/8021"}],"wp:featuredmedia":[{"embeddable":true,"href":"https:\/\/noticiasemdestaque.com\/cd\/index.php?rest_route=\/wp\/v2\/media\/4668"}],"wp:attachment":[{"href":"https:\/\/noticiasemdestaque.com\/cd\/index.php?rest_route=%2Fwp%2Fv2%2Fmedia&parent=8003"}],"wp:term":[{"taxonomy":"category","embeddable":true,"href":"https:\/\/noticiasemdestaque.com\/cd\/index.php?rest_route=%2Fwp%2Fv2%2Fcategories&post=8003"},{"taxonomy":"post_tag","embeddable":true,"href":"https:\/\/noticiasemdestaque.com\/cd\/index.php?rest_route=%2Fwp%2Fv2%2Ftags&post=8003"}],"curies":[{"name":"wp","href":"https:\/\/api.w.org\/{rel}","templated":true}]}}