{"id":8000,"date":"2018-02-17T07:37:49","date_gmt":"2018-02-17T10:37:49","guid":{"rendered":"http:\/\/caririemdestaque.com\/cd\/?p=8000"},"modified":"2018-02-17T07:37:49","modified_gmt":"2018-02-17T10:37:49","slug":"rodovia-que-liga-cg-e-regiao-do-cariri-sera-concluida-em-marco","status":"publish","type":"post","link":"https:\/\/noticiasemdestaque.com\/cd\/?p=8000","title":{"rendered":"Rodovia que liga CG e regi\u00e3o do Cariri ser\u00e1 conclu\u00edda em mar\u00e7o"},"content":{"rendered":"<figure class=\"alignleft\"><a href=\"https:\/\/i2.wp.com\/www.maispb.com.br\/wp-content\/uploads\/2018\/02\/PB-138-DER-1.jpg?fit=590%2C443\"><img fetchpriority=\"high\" decoding=\"async\" class=\"img-single wp-post-image\" title=\"\" src=\"https:\/\/i2.wp.com\/www.maispb.com.br\/wp-content\/uploads\/2018\/02\/PB-138-DER-1.jpg?fit=300%2C225\" sizes=\"(max-width: 300px) 100vw, 300px\" srcset=\"https:\/\/i2.wp.com\/www.maispb.com.br\/wp-content\/uploads\/2018\/02\/PB-138-DER-1.jpg?w=1024 1024w, https:\/\/i2.wp.com\/www.maispb.com.br\/wp-content\/uploads\/2018\/02\/PB-138-DER-1.jpg?resize=300%2C225 300w, https:\/\/i2.wp.com\/www.maispb.com.br\/wp-content\/uploads\/2018\/02\/PB-138-DER-1.jpg?resize=800%2C600 800w\" alt=\"\" width=\"300\" height=\"225\" data-attachment-id=\"246316\" data-permalink=\"http:\/\/www.maispb.com.br\/246312\/rodovia-que-liga-cg-e-regiao-do-cariri-sera-concluida-em-marco.html\/pb-138-der-1\" data-orig-file=\"https:\/\/i2.wp.com\/www.maispb.com.br\/wp-content\/uploads\/2018\/02\/PB-138-DER-1.jpg?fit=1024%2C768\" data-orig-size=\"1024,768\" data-comments-opened=\"0\" data-image-meta=\"{&quot;aperture&quot;:&quot;0&quot;,&quot;credit&quot;:&quot;&quot;,&quot;camera&quot;:&quot;&quot;,&quot;caption&quot;:&quot;&quot;,&quot;created_timestamp&quot;:&quot;0&quot;,&quot;copyright&quot;:&quot;&quot;,&quot;focal_length&quot;:&quot;0&quot;,&quot;iso&quot;:&quot;0&quot;,&quot;shutter_speed&quot;:&quot;0&quot;,&quot;title&quot;:&quot;&quot;,&quot;orientation&quot;:&quot;0&quot;}\" data-image-title=\"PB-138 DER (1)\" data-image-description=\"\" data-medium-file=\"https:\/\/i2.wp.com\/www.maispb.com.br\/wp-content\/uploads\/2018\/02\/PB-138-DER-1.jpg?fit=300%2C225\" data-large-file=\"https:\/\/i2.wp.com\/www.maispb.com.br\/wp-content\/uploads\/2018\/02\/PB-138-DER-1.jpg?fit=590%2C443\" \/><\/a><\/figure>\n<p>A rodovia PB-138, que liga Campina Grande\/Catol\u00e9 de Boa Vista a Boa Vista, na BR-412, ter\u00e1 sua pavimenta\u00e7\u00e3o conclu\u00edda no pr\u00f3ximo m\u00eas de mar\u00e7o. A obra faz parte do Programa Caminhos da Para\u00edba e tem um investimento do Governo do Estado no valor de R$ 28,5 milh\u00f5es<\/p>\n<p>Com a pavimenta\u00e7\u00e3o do trecho, quem trafegar no sentido Campina Grande\/Cariri, ou vice-versa, poder\u00e1 evitar o trecho at\u00e9 a Pra\u00e7a do Meio do Mundo, pela BR-230, que tem um tr\u00e1fego intenso e perigoso, optando pela rodovia de Catol\u00e9 de Boa Vista saindo pr\u00f3ximo de Boa Vista, reduzindo o percurso em 15 km e ainda o tempo de viagem.<\/p>\n<p>O diretor de Opera\u00e7\u00f5es do Departamento de Estradas de Rodagem da Para\u00edba, Armando Marinho, disse que as obras est\u00e3o sendo realizadas em ritmo acelerado pela empresa CM Ltda.<\/p>\n<p>A PB-138 tem uma extens\u00e3o de 34 km, com plataforma de 10 metros, pista de rolamento e acostamentos em CBUQ (Concreto Betuminoso Usinado a Quente), contemplando uma popula\u00e7\u00e3o de cerca de 350 mil habitantes dos munic\u00edpios de Campina Grande e Cariri, al\u00e9m de milhares de motoristas que circulam pela rodovia, com uma m\u00e9dia atual de 694 ve\u00edculos entre autom\u00f3veis, camionetas, \u00f4nibus, caminh\u00f5es e motos.<\/p>\n<p>Com recursos pr\u00f3prios, a obra vai proporcionar aos habitantes do Cariri e aos usu\u00e1rios em geral toda uma infraestrutura rodovi\u00e1ria e econ\u00f4mica, especialmente de Campina Grande, maior centro comercial e industrial da regi\u00e3o.<\/p>\n<p>Est\u00e3o sendo executados servi\u00e7os de terraplenagem em cortes e aterros, sistema de drenagem para \u00e1guas pluviais e subterr\u00e2neas, pavimenta\u00e7\u00e3o asf\u00e1ltica, cercas de seguran\u00e7a da faixa de dom\u00ednio, gramagem e paisagismo em taludes e sinaliza\u00e7\u00e3o horizontal e vertical.<\/p>\n","protected":false},"excerpt":{"rendered":"<p>A rodovia PB-138, que liga Campina Grande\/Catol\u00e9 de Boa Vista a Boa Vista, na BR-412, ter\u00e1 sua pavimenta\u00e7\u00e3o conclu\u00edda no pr\u00f3ximo m\u00eas de mar\u00e7o. A obra faz parte do Programa Caminhos da Para\u00edba e tem um investimento do Governo do Estado no valor de R$ 28,5 milh\u00f5es Com a pavimenta\u00e7\u00e3o do trecho, quem trafegar no sentido Campina Grande\/Cariri, ou vice-versa, poder\u00e1 evitar o trecho at\u00e9 a Pra\u00e7a do Meio do Mundo, pela BR-230, que tem um tr\u00e1fego intenso e perigoso, optando pela rodovia de Catol\u00e9 de Boa Vista saindo pr\u00f3ximo de Boa Vista, reduzindo o percurso em 15 km e ainda o tempo de viagem. O diretor de Opera\u00e7\u00f5es do Departamento de Estradas de Rodagem da Para\u00edba, Armando Marinho, disse que as obras est\u00e3o sendo realizadas em ritmo acelerado pela empresa CM Ltda. A PB-138 tem uma extens\u00e3o de 34 km, com plataforma de 10 metros, pista de rolamento e acostamentos em CBUQ (Concreto Betuminoso Usinado a Quente), contemplando uma popula\u00e7\u00e3o de cerca de 350 mil habitantes dos munic\u00edpios de Campina Grande e Cariri, al\u00e9m de milhares de motoristas que circulam pela rodovia, com uma m\u00e9dia atual de 694 ve\u00edculos entre autom\u00f3veis, camionetas, \u00f4nibus, caminh\u00f5es e motos. Com recursos pr\u00f3prios, a obra vai proporcionar aos habitantes do Cariri e aos usu\u00e1rios em geral toda uma infraestrutura rodovi\u00e1ria e econ\u00f4mica, especialmente de Campina Grande, maior centro comercial e industrial da regi\u00e3o. Est\u00e3o sendo executados servi\u00e7os de terraplenagem em cortes e aterros, sistema de drenagem para \u00e1guas pluviais e subterr\u00e2neas, pavimenta\u00e7\u00e3o asf\u00e1ltica, cercas de seguran\u00e7a da faixa de dom\u00ednio, gramagem e paisagismo em taludes e sinaliza\u00e7\u00e3o horizontal e vertical.<\/p>\n","protected":false},"author":2,"featured_media":8001,"comment_status":"closed","ping_status":"open","sticky":false,"template":"","format":"standard","meta":{"_eb_attr":"","_jetpack_memberships_contains_paid_content":false,"footnotes":""},"categories":[3],"tags":[],"class_list":["post-8000","post","type-post","status-publish","format-standard","has-post-thumbnail","hentry","category-cidades"],"yoast_head":"<!-- This site is optimized with the Yoast SEO plugin v26.5 - https:\/\/yoast.com\/wordpress\/plugins\/seo\/ -->\n<title>Rodovia que liga CG e regi\u00e3o do Cariri ser\u00e1 conclu\u00edda em mar\u00e7o - Not&iacute;cias em Destaque<\/title>\n<meta name=\"robots\" content=\"index, follow, max-snippet:-1, max-image-preview:large, max-video-preview:-1\" \/>\n<link rel=\"canonical\" href=\"https:\/\/noticiasemdestaque.com\/cd\/?p=8000\" \/>\n<meta property=\"og:locale\" content=\"pt_BR\" \/>\n<meta property=\"og:type\" content=\"article\" \/>\n<meta property=\"og:title\" content=\"Rodovia que liga CG e regi\u00e3o do Cariri ser\u00e1 conclu\u00edda em mar\u00e7o - Not&iacute;cias em Destaque\" \/>\n<meta property=\"og:description\" content=\"A rodovia PB-138, que liga Campina Grande\/Catol\u00e9 de Boa Vista a Boa Vista, na BR-412, ter\u00e1 sua pavimenta\u00e7\u00e3o conclu\u00edda no pr\u00f3ximo m\u00eas de mar\u00e7o. A obra faz parte do Programa Caminhos da Para\u00edba e tem um investimento do Governo do Estado no valor de R$ 28,5 milh\u00f5es Com a pavimenta\u00e7\u00e3o do trecho, quem trafegar no sentido Campina Grande\/Cariri, ou vice-versa, poder\u00e1 evitar o trecho at\u00e9 a Pra\u00e7a do Meio do Mundo, pela BR-230, que tem um tr\u00e1fego intenso e perigoso, optando pela rodovia de Catol\u00e9 de Boa Vista saindo pr\u00f3ximo de Boa Vista, reduzindo o percurso em 15 km e ainda o tempo de viagem. O diretor de Opera\u00e7\u00f5es do Departamento de Estradas de Rodagem da Para\u00edba, Armando Marinho, disse que as obras est\u00e3o sendo realizadas em ritmo acelerado pela empresa CM Ltda. A PB-138 tem uma extens\u00e3o de 34 km, com plataforma de 10 metros, pista de rolamento e acostamentos em CBUQ (Concreto Betuminoso Usinado a Quente), contemplando uma popula\u00e7\u00e3o de cerca de 350 mil habitantes dos munic\u00edpios de Campina Grande e Cariri, al\u00e9m de milhares de motoristas que circulam pela rodovia, com uma m\u00e9dia atual de 694 ve\u00edculos entre autom\u00f3veis, camionetas, \u00f4nibus, caminh\u00f5es e motos. Com recursos pr\u00f3prios, a obra vai proporcionar aos habitantes do Cariri e aos usu\u00e1rios em geral toda uma infraestrutura rodovi\u00e1ria e econ\u00f4mica, especialmente de Campina Grande, maior centro comercial e industrial da regi\u00e3o. Est\u00e3o sendo executados servi\u00e7os de terraplenagem em cortes e aterros, sistema de drenagem para \u00e1guas pluviais e subterr\u00e2neas, pavimenta\u00e7\u00e3o asf\u00e1ltica, cercas de seguran\u00e7a da faixa de dom\u00ednio, gramagem e paisagismo em taludes e sinaliza\u00e7\u00e3o horizontal e vertical.\" \/>\n<meta property=\"og:url\" content=\"https:\/\/noticiasemdestaque.com\/cd\/?p=8000\" \/>\n<meta property=\"og:site_name\" content=\"Not&iacute;cias em Destaque\" \/>\n<meta property=\"article:published_time\" content=\"2018-02-17T10:37:49+00:00\" \/>\n<meta property=\"og:image\" content=\"https:\/\/noticiasemdestaque.com\/cd\/wp-content\/uploads\/2018\/02\/PB-138-DER-1.jpg\" \/>\n\t<meta property=\"og:image:width\" content=\"300\" \/>\n\t<meta property=\"og:image:height\" content=\"225\" \/>\n\t<meta property=\"og:image:type\" content=\"image\/jpeg\" \/>\n<meta name=\"author\" content=\"Not\u00edcias em Destaque\" \/>\n<meta name=\"twitter:card\" content=\"summary_large_image\" \/>\n<meta name=\"twitter:label1\" content=\"Escrito por\" \/>\n\t<meta name=\"twitter:data1\" content=\"Not\u00edcias em Destaque\" \/>\n\t<meta name=\"twitter:label2\" content=\"Est. tempo de leitura\" \/>\n\t<meta name=\"twitter:data2\" content=\"1 minuto\" \/>\n<script type=\"application\/ld+json\" class=\"yoast-schema-graph\">{\"@context\":\"https:\/\/schema.org\",\"@graph\":[{\"@type\":\"Article\",\"@id\":\"https:\/\/noticiasemdestaque.com\/cd\/?p=8000#article\",\"isPartOf\":{\"@id\":\"https:\/\/noticiasemdestaque.com\/cd\/?p=8000\"},\"author\":{\"name\":\"Not\u00edcias em Destaque\",\"@id\":\"https:\/\/noticiasemdestaque.com\/cd\/#\/schema\/person\/21320b03a7e8bb90128938dafc9b908a\"},\"headline\":\"Rodovia que liga CG e regi\u00e3o do Cariri ser\u00e1 conclu\u00edda em mar\u00e7o\",\"datePublished\":\"2018-02-17T10:37:49+00:00\",\"mainEntityOfPage\":{\"@id\":\"https:\/\/noticiasemdestaque.com\/cd\/?p=8000\"},\"wordCount\":313,\"publisher\":{\"@id\":\"https:\/\/noticiasemdestaque.com\/cd\/#organization\"},\"image\":{\"@id\":\"https:\/\/noticiasemdestaque.com\/cd\/?p=8000#primaryimage\"},\"thumbnailUrl\":\"https:\/\/noticiasemdestaque.com\/cd\/wp-content\/uploads\/2018\/02\/PB-138-DER-1.jpg\",\"articleSection\":[\"Cidades\"],\"inLanguage\":\"pt-BR\"},{\"@type\":\"WebPage\",\"@id\":\"https:\/\/noticiasemdestaque.com\/cd\/?p=8000\",\"url\":\"https:\/\/noticiasemdestaque.com\/cd\/?p=8000\",\"name\":\"Rodovia que liga CG e regi\u00e3o do Cariri ser\u00e1 conclu\u00edda em mar\u00e7o - Not&iacute;cias em Destaque\",\"isPartOf\":{\"@id\":\"https:\/\/noticiasemdestaque.com\/cd\/#website\"},\"primaryImageOfPage\":{\"@id\":\"https:\/\/noticiasemdestaque.com\/cd\/?p=8000#primaryimage\"},\"image\":{\"@id\":\"https:\/\/noticiasemdestaque.com\/cd\/?p=8000#primaryimage\"},\"thumbnailUrl\":\"https:\/\/noticiasemdestaque.com\/cd\/wp-content\/uploads\/2018\/02\/PB-138-DER-1.jpg\",\"datePublished\":\"2018-02-17T10:37:49+00:00\",\"breadcrumb\":{\"@id\":\"https:\/\/noticiasemdestaque.com\/cd\/?p=8000#breadcrumb\"},\"inLanguage\":\"pt-BR\",\"potentialAction\":[{\"@type\":\"ReadAction\",\"target\":[\"https:\/\/noticiasemdestaque.com\/cd\/?p=8000\"]}]},{\"@type\":\"ImageObject\",\"inLanguage\":\"pt-BR\",\"@id\":\"https:\/\/noticiasemdestaque.com\/cd\/?p=8000#primaryimage\",\"url\":\"https:\/\/noticiasemdestaque.com\/cd\/wp-content\/uploads\/2018\/02\/PB-138-DER-1.jpg\",\"contentUrl\":\"https:\/\/noticiasemdestaque.com\/cd\/wp-content\/uploads\/2018\/02\/PB-138-DER-1.jpg\",\"width\":300,\"height\":225},{\"@type\":\"BreadcrumbList\",\"@id\":\"https:\/\/noticiasemdestaque.com\/cd\/?p=8000#breadcrumb\",\"itemListElement\":[{\"@type\":\"ListItem\",\"position\":1,\"name\":\"In\u00edcio\",\"item\":\"https:\/\/noticiasemdestaque.com\/cd\/\"},{\"@type\":\"ListItem\",\"position\":2,\"name\":\"Rodovia que liga CG e regi\u00e3o do Cariri ser\u00e1 conclu\u00edda em mar\u00e7o\"}]},{\"@type\":\"WebSite\",\"@id\":\"https:\/\/noticiasemdestaque.com\/cd\/#website\",\"url\":\"https:\/\/noticiasemdestaque.com\/cd\/\",\"name\":\"Not&iacute;cias em Destaque\",\"description\":\"\",\"publisher\":{\"@id\":\"https:\/\/noticiasemdestaque.com\/cd\/#organization\"},\"potentialAction\":[{\"@type\":\"SearchAction\",\"target\":{\"@type\":\"EntryPoint\",\"urlTemplate\":\"https:\/\/noticiasemdestaque.com\/cd\/?s={search_term_string}\"},\"query-input\":{\"@type\":\"PropertyValueSpecification\",\"valueRequired\":true,\"valueName\":\"search_term_string\"}}],\"inLanguage\":\"pt-BR\"},{\"@type\":\"Organization\",\"@id\":\"https:\/\/noticiasemdestaque.com\/cd\/#organization\",\"name\":\"Not\u00edcias em Destaque\",\"url\":\"https:\/\/noticiasemdestaque.com\/cd\/\",\"logo\":{\"@type\":\"ImageObject\",\"inLanguage\":\"pt-BR\",\"@id\":\"https:\/\/noticiasemdestaque.com\/cd\/#\/schema\/logo\/image\/\",\"url\":\"https:\/\/noticiasemdestaque.com\/cd\/wp-content\/uploads\/2022\/05\/imagem-base-noticiasemdestaque.png\",\"contentUrl\":\"https:\/\/noticiasemdestaque.com\/cd\/wp-content\/uploads\/2022\/05\/imagem-base-noticiasemdestaque.png\",\"width\":1200,\"height\":630,\"caption\":\"Not\u00edcias em Destaque\"},\"image\":{\"@id\":\"https:\/\/noticiasemdestaque.com\/cd\/#\/schema\/logo\/image\/\"}},{\"@type\":\"Person\",\"@id\":\"https:\/\/noticiasemdestaque.com\/cd\/#\/schema\/person\/21320b03a7e8bb90128938dafc9b908a\",\"name\":\"Not\u00edcias em Destaque\",\"url\":\"https:\/\/noticiasemdestaque.com\/cd\/?author=2\"}]}<\/script>\n<!-- \/ Yoast SEO plugin. -->","yoast_head_json":{"title":"Rodovia que liga CG e regi\u00e3o do Cariri ser\u00e1 conclu\u00edda em mar\u00e7o - Not&iacute;cias em Destaque","robots":{"index":"index","follow":"follow","max-snippet":"max-snippet:-1","max-image-preview":"max-image-preview:large","max-video-preview":"max-video-preview:-1"},"canonical":"https:\/\/noticiasemdestaque.com\/cd\/?p=8000","og_locale":"pt_BR","og_type":"article","og_title":"Rodovia que liga CG e regi\u00e3o do Cariri ser\u00e1 conclu\u00edda em mar\u00e7o - Not&iacute;cias em Destaque","og_description":"A rodovia PB-138, que liga Campina Grande\/Catol\u00e9 de Boa Vista a Boa Vista, na BR-412, ter\u00e1 sua pavimenta\u00e7\u00e3o conclu\u00edda no pr\u00f3ximo m\u00eas de mar\u00e7o. A obra faz parte do Programa Caminhos da Para\u00edba e tem um investimento do Governo do Estado no valor de R$ 28,5 milh\u00f5es Com a pavimenta\u00e7\u00e3o do trecho, quem trafegar no sentido Campina Grande\/Cariri, ou vice-versa, poder\u00e1 evitar o trecho at\u00e9 a Pra\u00e7a do Meio do Mundo, pela BR-230, que tem um tr\u00e1fego intenso e perigoso, optando pela rodovia de Catol\u00e9 de Boa Vista saindo pr\u00f3ximo de Boa Vista, reduzindo o percurso em 15 km e ainda o tempo de viagem. O diretor de Opera\u00e7\u00f5es do Departamento de Estradas de Rodagem da Para\u00edba, Armando Marinho, disse que as obras est\u00e3o sendo realizadas em ritmo acelerado pela empresa CM Ltda. A PB-138 tem uma extens\u00e3o de 34 km, com plataforma de 10 metros, pista de rolamento e acostamentos em CBUQ (Concreto Betuminoso Usinado a Quente), contemplando uma popula\u00e7\u00e3o de cerca de 350 mil habitantes dos munic\u00edpios de Campina Grande e Cariri, al\u00e9m de milhares de motoristas que circulam pela rodovia, com uma m\u00e9dia atual de 694 ve\u00edculos entre autom\u00f3veis, camionetas, \u00f4nibus, caminh\u00f5es e motos. Com recursos pr\u00f3prios, a obra vai proporcionar aos habitantes do Cariri e aos usu\u00e1rios em geral toda uma infraestrutura rodovi\u00e1ria e econ\u00f4mica, especialmente de Campina Grande, maior centro comercial e industrial da regi\u00e3o. Est\u00e3o sendo executados servi\u00e7os de terraplenagem em cortes e aterros, sistema de drenagem para \u00e1guas pluviais e subterr\u00e2neas, pavimenta\u00e7\u00e3o asf\u00e1ltica, cercas de seguran\u00e7a da faixa de dom\u00ednio, gramagem e paisagismo em taludes e sinaliza\u00e7\u00e3o horizontal e vertical.","og_url":"https:\/\/noticiasemdestaque.com\/cd\/?p=8000","og_site_name":"Not&iacute;cias em Destaque","article_published_time":"2018-02-17T10:37:49+00:00","og_image":[{"width":300,"height":225,"url":"https:\/\/noticiasemdestaque.com\/cd\/wp-content\/uploads\/2018\/02\/PB-138-DER-1.jpg","type":"image\/jpeg"}],"author":"Not\u00edcias em Destaque","twitter_card":"summary_large_image","twitter_misc":{"Escrito por":"Not\u00edcias em Destaque","Est. tempo de leitura":"1 minuto"},"schema":{"@context":"https:\/\/schema.org","@graph":[{"@type":"Article","@id":"https:\/\/noticiasemdestaque.com\/cd\/?p=8000#article","isPartOf":{"@id":"https:\/\/noticiasemdestaque.com\/cd\/?p=8000"},"author":{"name":"Not\u00edcias em Destaque","@id":"https:\/\/noticiasemdestaque.com\/cd\/#\/schema\/person\/21320b03a7e8bb90128938dafc9b908a"},"headline":"Rodovia que liga CG e regi\u00e3o do Cariri ser\u00e1 conclu\u00edda em mar\u00e7o","datePublished":"2018-02-17T10:37:49+00:00","mainEntityOfPage":{"@id":"https:\/\/noticiasemdestaque.com\/cd\/?p=8000"},"wordCount":313,"publisher":{"@id":"https:\/\/noticiasemdestaque.com\/cd\/#organization"},"image":{"@id":"https:\/\/noticiasemdestaque.com\/cd\/?p=8000#primaryimage"},"thumbnailUrl":"https:\/\/noticiasemdestaque.com\/cd\/wp-content\/uploads\/2018\/02\/PB-138-DER-1.jpg","articleSection":["Cidades"],"inLanguage":"pt-BR"},{"@type":"WebPage","@id":"https:\/\/noticiasemdestaque.com\/cd\/?p=8000","url":"https:\/\/noticiasemdestaque.com\/cd\/?p=8000","name":"Rodovia que liga CG e regi\u00e3o do Cariri ser\u00e1 conclu\u00edda em mar\u00e7o - Not&iacute;cias em Destaque","isPartOf":{"@id":"https:\/\/noticiasemdestaque.com\/cd\/#website"},"primaryImageOfPage":{"@id":"https:\/\/noticiasemdestaque.com\/cd\/?p=8000#primaryimage"},"image":{"@id":"https:\/\/noticiasemdestaque.com\/cd\/?p=8000#primaryimage"},"thumbnailUrl":"https:\/\/noticiasemdestaque.com\/cd\/wp-content\/uploads\/2018\/02\/PB-138-DER-1.jpg","datePublished":"2018-02-17T10:37:49+00:00","breadcrumb":{"@id":"https:\/\/noticiasemdestaque.com\/cd\/?p=8000#breadcrumb"},"inLanguage":"pt-BR","potentialAction":[{"@type":"ReadAction","target":["https:\/\/noticiasemdestaque.com\/cd\/?p=8000"]}]},{"@type":"ImageObject","inLanguage":"pt-BR","@id":"https:\/\/noticiasemdestaque.com\/cd\/?p=8000#primaryimage","url":"https:\/\/noticiasemdestaque.com\/cd\/wp-content\/uploads\/2018\/02\/PB-138-DER-1.jpg","contentUrl":"https:\/\/noticiasemdestaque.com\/cd\/wp-content\/uploads\/2018\/02\/PB-138-DER-1.jpg","width":300,"height":225},{"@type":"BreadcrumbList","@id":"https:\/\/noticiasemdestaque.com\/cd\/?p=8000#breadcrumb","itemListElement":[{"@type":"ListItem","position":1,"name":"In\u00edcio","item":"https:\/\/noticiasemdestaque.com\/cd\/"},{"@type":"ListItem","position":2,"name":"Rodovia que liga CG e regi\u00e3o do Cariri ser\u00e1 conclu\u00edda em mar\u00e7o"}]},{"@type":"WebSite","@id":"https:\/\/noticiasemdestaque.com\/cd\/#website","url":"https:\/\/noticiasemdestaque.com\/cd\/","name":"Not&iacute;cias em Destaque","description":"","publisher":{"@id":"https:\/\/noticiasemdestaque.com\/cd\/#organization"},"potentialAction":[{"@type":"SearchAction","target":{"@type":"EntryPoint","urlTemplate":"https:\/\/noticiasemdestaque.com\/cd\/?s={search_term_string}"},"query-input":{"@type":"PropertyValueSpecification","valueRequired":true,"valueName":"search_term_string"}}],"inLanguage":"pt-BR"},{"@type":"Organization","@id":"https:\/\/noticiasemdestaque.com\/cd\/#organization","name":"Not\u00edcias em Destaque","url":"https:\/\/noticiasemdestaque.com\/cd\/","logo":{"@type":"ImageObject","inLanguage":"pt-BR","@id":"https:\/\/noticiasemdestaque.com\/cd\/#\/schema\/logo\/image\/","url":"https:\/\/noticiasemdestaque.com\/cd\/wp-content\/uploads\/2022\/05\/imagem-base-noticiasemdestaque.png","contentUrl":"https:\/\/noticiasemdestaque.com\/cd\/wp-content\/uploads\/2022\/05\/imagem-base-noticiasemdestaque.png","width":1200,"height":630,"caption":"Not\u00edcias em Destaque"},"image":{"@id":"https:\/\/noticiasemdestaque.com\/cd\/#\/schema\/logo\/image\/"}},{"@type":"Person","@id":"https:\/\/noticiasemdestaque.com\/cd\/#\/schema\/person\/21320b03a7e8bb90128938dafc9b908a","name":"Not\u00edcias em Destaque","url":"https:\/\/noticiasemdestaque.com\/cd\/?author=2"}]}},"jetpack_featured_media_url":"https:\/\/noticiasemdestaque.com\/cd\/wp-content\/uploads\/2018\/02\/PB-138-DER-1.jpg","jetpack_sharing_enabled":true,"_links":{"self":[{"href":"https:\/\/noticiasemdestaque.com\/cd\/index.php?rest_route=\/wp\/v2\/posts\/8000","targetHints":{"allow":["GET"]}}],"collection":[{"href":"https:\/\/noticiasemdestaque.com\/cd\/index.php?rest_route=\/wp\/v2\/posts"}],"about":[{"href":"https:\/\/noticiasemdestaque.com\/cd\/index.php?rest_route=\/wp\/v2\/types\/post"}],"author":[{"embeddable":true,"href":"https:\/\/noticiasemdestaque.com\/cd\/index.php?rest_route=\/wp\/v2\/users\/2"}],"replies":[{"embeddable":true,"href":"https:\/\/noticiasemdestaque.com\/cd\/index.php?rest_route=%2Fwp%2Fv2%2Fcomments&post=8000"}],"version-history":[{"count":1,"href":"https:\/\/noticiasemdestaque.com\/cd\/index.php?rest_route=\/wp\/v2\/posts\/8000\/revisions"}],"predecessor-version":[{"id":8002,"href":"https:\/\/noticiasemdestaque.com\/cd\/index.php?rest_route=\/wp\/v2\/posts\/8000\/revisions\/8002"}],"wp:featuredmedia":[{"embeddable":true,"href":"https:\/\/noticiasemdestaque.com\/cd\/index.php?rest_route=\/wp\/v2\/media\/8001"}],"wp:attachment":[{"href":"https:\/\/noticiasemdestaque.com\/cd\/index.php?rest_route=%2Fwp%2Fv2%2Fmedia&parent=8000"}],"wp:term":[{"taxonomy":"category","embeddable":true,"href":"https:\/\/noticiasemdestaque.com\/cd\/index.php?rest_route=%2Fwp%2Fv2%2Fcategories&post=8000"},{"taxonomy":"post_tag","embeddable":true,"href":"https:\/\/noticiasemdestaque.com\/cd\/index.php?rest_route=%2Fwp%2Fv2%2Ftags&post=8000"}],"curies":[{"name":"wp","href":"https:\/\/api.w.org\/{rel}","templated":true}]}}