{"id":7997,"date":"2018-02-17T07:34:43","date_gmt":"2018-02-17T10:34:43","guid":{"rendered":"http:\/\/caririemdestaque.com\/cd\/?p=7997"},"modified":"2018-02-17T07:34:43","modified_gmt":"2018-02-17T10:34:43","slug":"ministerio-da-educacao-libera-r-14-milhoes-para-ensino-superior-na-pb","status":"publish","type":"post","link":"https:\/\/noticiasemdestaque.com\/cd\/?p=7997","title":{"rendered":"Minist\u00e9rio da Educa\u00e7\u00e3o libera R$ 14 milh\u00f5es para ensino superior na PB"},"content":{"rendered":"<figure class=\"alignleft\"><a href=\"https:\/\/i0.wp.com\/www.maispb.com.br\/wp-content\/uploads\/2016\/09\/Mendon--a-Filho-2.jpg?fit=590%2C455\"><img fetchpriority=\"high\" decoding=\"async\" class=\"img-single wp-post-image\" title=\"\" src=\"https:\/\/i0.wp.com\/www.maispb.com.br\/wp-content\/uploads\/2016\/09\/Mendon--a-Filho-2.jpg?fit=300%2C231\" sizes=\"(max-width: 300px) 100vw, 300px\" srcset=\"https:\/\/i0.wp.com\/www.maispb.com.br\/wp-content\/uploads\/2016\/09\/Mendon--a-Filho-2.jpg?w=614 614w, https:\/\/i0.wp.com\/www.maispb.com.br\/wp-content\/uploads\/2016\/09\/Mendon--a-Filho-2.jpg?resize=300%2C231 300w\" alt=\"\" width=\"300\" height=\"231\" data-attachment-id=\"195879\" data-permalink=\"http:\/\/www.maispb.com.br\/195877\/paraiba-recebera-equipamentos-para-perfuracao-de-pocos-e-teste-de-vazao.html\/mendonca-filho-2\" data-orig-file=\"https:\/\/i0.wp.com\/www.maispb.com.br\/wp-content\/uploads\/2016\/09\/Mendon--a-Filho-2.jpg?fit=614%2C473\" data-orig-size=\"614,473\" data-comments-opened=\"0\" data-image-meta=\"{&quot;aperture&quot;:&quot;0&quot;,&quot;credit&quot;:&quot;&quot;,&quot;camera&quot;:&quot;&quot;,&quot;caption&quot;:&quot;&quot;,&quot;created_timestamp&quot;:&quot;0&quot;,&quot;copyright&quot;:&quot;&quot;,&quot;focal_length&quot;:&quot;0&quot;,&quot;iso&quot;:&quot;0&quot;,&quot;shutter_speed&quot;:&quot;0&quot;,&quot;title&quot;:&quot;&quot;,&quot;orientation&quot;:&quot;1&quot;}\" data-image-title=\"mendonca-filho-2\" data-image-description=\"\" data-medium-file=\"https:\/\/i0.wp.com\/www.maispb.com.br\/wp-content\/uploads\/2016\/09\/Mendon--a-Filho-2.jpg?fit=300%2C231\" data-large-file=\"https:\/\/i0.wp.com\/www.maispb.com.br\/wp-content\/uploads\/2016\/09\/Mendon--a-Filho-2.jpg?fit=590%2C455\" \/><\/a><figcaption>Mendon\u00e7a Filho &#8211; Ministro da Educa\u00e7\u00e3o<\/figcaption><\/figure>\n<p>O Minist\u00e9rio da Educa\u00e7\u00e3o liberou R$ 14,2 milh\u00f5es para as institui\u00e7\u00f5es de ensino superior mantidas pelo Governo Federal na Para\u00edba. Os recursos ser\u00e3o aplicados na manuten\u00e7\u00e3o, custeio e pagamento de assist\u00eancia estudantil, entre outros.<\/p>\n<p>A Universidade Federal da Para\u00edba receber\u00e1 a maior parte da verba, totalizando R$ 7,4 milh\u00f5es. J\u00e1 a Universidade Federal de Campina Grande ter\u00e1 R$ 4,4 milh\u00f5es e o Instituto Federal da Para\u00edba ganhar\u00e1 R$ 2,4 milh\u00f5es.<\/p>\n<p>De acordo com o ministro da Educa\u00e7\u00e3o, Mendon\u00e7a Filho, a libera\u00e7\u00e3o financeira permitir\u00e1 \u00e0s universidades e institutos federais cumprir com os pagamentos das despesas discricion\u00e1rias, que s\u00e3o as que efetivamente concorrem para produ\u00e7\u00e3o de bens e servi\u00e7os p\u00fablicos.<\/p>\n<p>\u201cOs recursos permitir\u00e3o o pagamento de contratos de terceiriza\u00e7\u00e3o, \u00e1gua, luz, investimento em obras de amplia\u00e7\u00e3o, constru\u00e7\u00e3o ou reforma, entre outros\u201d, detalha o ministro.<\/p>\n<p>Este ano, o MEC repassou R$ 579,26 milh\u00f5es para as institui\u00e7\u00f5es federais vinculadas \u00e0 pasta, incluindo o que foi destinado ao pagamento de despesas das universidades e institutos federais, do Instituto Nacional de Surdos, do Instituto Benjamin Constant e da Funda\u00e7\u00e3o Joaquim Nabuco.<\/p>\n<p>Fonte: MaisPB<\/p>\n","protected":false},"excerpt":{"rendered":"<p>Mendon\u00e7a Filho &#8211; Ministro da Educa\u00e7\u00e3o O Minist\u00e9rio da Educa\u00e7\u00e3o liberou R$ 14,2 milh\u00f5es para as institui\u00e7\u00f5es de ensino superior mantidas pelo Governo Federal na Para\u00edba. Os recursos ser\u00e3o aplicados na manuten\u00e7\u00e3o, custeio e pagamento de assist\u00eancia estudantil, entre outros. A Universidade Federal da Para\u00edba receber\u00e1 a maior parte da verba, totalizando R$ 7,4 milh\u00f5es. J\u00e1 a Universidade Federal de Campina Grande ter\u00e1 R$ 4,4 milh\u00f5es e o Instituto Federal da Para\u00edba ganhar\u00e1 R$ 2,4 milh\u00f5es. De acordo com o ministro da Educa\u00e7\u00e3o, Mendon\u00e7a Filho, a libera\u00e7\u00e3o financeira permitir\u00e1 \u00e0s universidades e institutos federais cumprir com os pagamentos das despesas discricion\u00e1rias, que s\u00e3o as que efetivamente concorrem para produ\u00e7\u00e3o de bens e servi\u00e7os p\u00fablicos. \u201cOs recursos permitir\u00e3o o pagamento de contratos de terceiriza\u00e7\u00e3o, \u00e1gua, luz, investimento em obras de amplia\u00e7\u00e3o, constru\u00e7\u00e3o ou reforma, entre outros\u201d, detalha o ministro. Este ano, o MEC repassou R$ 579,26 milh\u00f5es para as institui\u00e7\u00f5es federais vinculadas \u00e0 pasta, incluindo o que foi destinado ao pagamento de despesas das universidades e institutos federais, do Instituto Nacional de Surdos, do Instituto Benjamin Constant e da Funda\u00e7\u00e3o Joaquim Nabuco. Fonte: MaisPB<\/p>\n","protected":false},"author":2,"featured_media":7998,"comment_status":"closed","ping_status":"open","sticky":false,"template":"","format":"standard","meta":{"_eb_attr":"","_jetpack_memberships_contains_paid_content":false,"footnotes":""},"categories":[6],"tags":[],"class_list":["post-7997","post","type-post","status-publish","format-standard","has-post-thumbnail","hentry","category-educacao"],"yoast_head":"<!-- This site is optimized with the Yoast SEO plugin v26.5 - https:\/\/yoast.com\/wordpress\/plugins\/seo\/ -->\n<title>Minist\u00e9rio da Educa\u00e7\u00e3o libera R$ 14 milh\u00f5es para ensino superior na PB - Not&iacute;cias em Destaque<\/title>\n<meta name=\"robots\" content=\"index, follow, max-snippet:-1, max-image-preview:large, max-video-preview:-1\" \/>\n<link rel=\"canonical\" href=\"https:\/\/noticiasemdestaque.com\/cd\/?p=7997\" \/>\n<meta property=\"og:locale\" content=\"pt_BR\" \/>\n<meta property=\"og:type\" content=\"article\" \/>\n<meta property=\"og:title\" content=\"Minist\u00e9rio da Educa\u00e7\u00e3o libera R$ 14 milh\u00f5es para ensino superior na PB - Not&iacute;cias em Destaque\" \/>\n<meta property=\"og:description\" content=\"Mendon\u00e7a Filho &#8211; Ministro da Educa\u00e7\u00e3o O Minist\u00e9rio da Educa\u00e7\u00e3o liberou R$ 14,2 milh\u00f5es para as institui\u00e7\u00f5es de ensino superior mantidas pelo Governo Federal na Para\u00edba. Os recursos ser\u00e3o aplicados na manuten\u00e7\u00e3o, custeio e pagamento de assist\u00eancia estudantil, entre outros. A Universidade Federal da Para\u00edba receber\u00e1 a maior parte da verba, totalizando R$ 7,4 milh\u00f5es. J\u00e1 a Universidade Federal de Campina Grande ter\u00e1 R$ 4,4 milh\u00f5es e o Instituto Federal da Para\u00edba ganhar\u00e1 R$ 2,4 milh\u00f5es. De acordo com o ministro da Educa\u00e7\u00e3o, Mendon\u00e7a Filho, a libera\u00e7\u00e3o financeira permitir\u00e1 \u00e0s universidades e institutos federais cumprir com os pagamentos das despesas discricion\u00e1rias, que s\u00e3o as que efetivamente concorrem para produ\u00e7\u00e3o de bens e servi\u00e7os p\u00fablicos. \u201cOs recursos permitir\u00e3o o pagamento de contratos de terceiriza\u00e7\u00e3o, \u00e1gua, luz, investimento em obras de amplia\u00e7\u00e3o, constru\u00e7\u00e3o ou reforma, entre outros\u201d, detalha o ministro. Este ano, o MEC repassou R$ 579,26 milh\u00f5es para as institui\u00e7\u00f5es federais vinculadas \u00e0 pasta, incluindo o que foi destinado ao pagamento de despesas das universidades e institutos federais, do Instituto Nacional de Surdos, do Instituto Benjamin Constant e da Funda\u00e7\u00e3o Joaquim Nabuco. Fonte: MaisPB\" \/>\n<meta property=\"og:url\" content=\"https:\/\/noticiasemdestaque.com\/cd\/?p=7997\" \/>\n<meta property=\"og:site_name\" content=\"Not&iacute;cias em Destaque\" \/>\n<meta property=\"article:published_time\" content=\"2018-02-17T10:34:43+00:00\" \/>\n<meta property=\"og:image\" content=\"https:\/\/noticiasemdestaque.com\/cd\/wp-content\/uploads\/2018\/02\/Mendon-a-Filho-2.jpg\" \/>\n\t<meta property=\"og:image:width\" content=\"300\" \/>\n\t<meta property=\"og:image:height\" content=\"231\" \/>\n\t<meta property=\"og:image:type\" content=\"image\/jpeg\" \/>\n<meta name=\"author\" content=\"Not\u00edcias em Destaque\" \/>\n<meta name=\"twitter:card\" content=\"summary_large_image\" \/>\n<meta name=\"twitter:label1\" content=\"Escrito por\" \/>\n\t<meta name=\"twitter:data1\" content=\"Not\u00edcias em Destaque\" \/>\n\t<meta name=\"twitter:label2\" content=\"Est. tempo de leitura\" \/>\n\t<meta name=\"twitter:data2\" content=\"1 minuto\" \/>\n<script type=\"application\/ld+json\" class=\"yoast-schema-graph\">{\"@context\":\"https:\/\/schema.org\",\"@graph\":[{\"@type\":\"Article\",\"@id\":\"https:\/\/noticiasemdestaque.com\/cd\/?p=7997#article\",\"isPartOf\":{\"@id\":\"https:\/\/noticiasemdestaque.com\/cd\/?p=7997\"},\"author\":{\"name\":\"Not\u00edcias em Destaque\",\"@id\":\"https:\/\/noticiasemdestaque.com\/cd\/#\/schema\/person\/21320b03a7e8bb90128938dafc9b908a\"},\"headline\":\"Minist\u00e9rio da Educa\u00e7\u00e3o libera R$ 14 milh\u00f5es para ensino superior na PB\",\"datePublished\":\"2018-02-17T10:34:43+00:00\",\"mainEntityOfPage\":{\"@id\":\"https:\/\/noticiasemdestaque.com\/cd\/?p=7997\"},\"wordCount\":221,\"publisher\":{\"@id\":\"https:\/\/noticiasemdestaque.com\/cd\/#organization\"},\"image\":{\"@id\":\"https:\/\/noticiasemdestaque.com\/cd\/?p=7997#primaryimage\"},\"thumbnailUrl\":\"https:\/\/noticiasemdestaque.com\/cd\/wp-content\/uploads\/2018\/02\/Mendon-a-Filho-2.jpg\",\"articleSection\":[\"Educa\u00e7\u00e3o\"],\"inLanguage\":\"pt-BR\"},{\"@type\":\"WebPage\",\"@id\":\"https:\/\/noticiasemdestaque.com\/cd\/?p=7997\",\"url\":\"https:\/\/noticiasemdestaque.com\/cd\/?p=7997\",\"name\":\"Minist\u00e9rio da Educa\u00e7\u00e3o libera R$ 14 milh\u00f5es para ensino superior na PB - Not&iacute;cias em Destaque\",\"isPartOf\":{\"@id\":\"https:\/\/noticiasemdestaque.com\/cd\/#website\"},\"primaryImageOfPage\":{\"@id\":\"https:\/\/noticiasemdestaque.com\/cd\/?p=7997#primaryimage\"},\"image\":{\"@id\":\"https:\/\/noticiasemdestaque.com\/cd\/?p=7997#primaryimage\"},\"thumbnailUrl\":\"https:\/\/noticiasemdestaque.com\/cd\/wp-content\/uploads\/2018\/02\/Mendon-a-Filho-2.jpg\",\"datePublished\":\"2018-02-17T10:34:43+00:00\",\"breadcrumb\":{\"@id\":\"https:\/\/noticiasemdestaque.com\/cd\/?p=7997#breadcrumb\"},\"inLanguage\":\"pt-BR\",\"potentialAction\":[{\"@type\":\"ReadAction\",\"target\":[\"https:\/\/noticiasemdestaque.com\/cd\/?p=7997\"]}]},{\"@type\":\"ImageObject\",\"inLanguage\":\"pt-BR\",\"@id\":\"https:\/\/noticiasemdestaque.com\/cd\/?p=7997#primaryimage\",\"url\":\"https:\/\/noticiasemdestaque.com\/cd\/wp-content\/uploads\/2018\/02\/Mendon-a-Filho-2.jpg\",\"contentUrl\":\"https:\/\/noticiasemdestaque.com\/cd\/wp-content\/uploads\/2018\/02\/Mendon-a-Filho-2.jpg\",\"width\":300,\"height\":231},{\"@type\":\"BreadcrumbList\",\"@id\":\"https:\/\/noticiasemdestaque.com\/cd\/?p=7997#breadcrumb\",\"itemListElement\":[{\"@type\":\"ListItem\",\"position\":1,\"name\":\"In\u00edcio\",\"item\":\"https:\/\/noticiasemdestaque.com\/cd\/\"},{\"@type\":\"ListItem\",\"position\":2,\"name\":\"Minist\u00e9rio da Educa\u00e7\u00e3o libera R$ 14 milh\u00f5es para ensino superior na PB\"}]},{\"@type\":\"WebSite\",\"@id\":\"https:\/\/noticiasemdestaque.com\/cd\/#website\",\"url\":\"https:\/\/noticiasemdestaque.com\/cd\/\",\"name\":\"Not&iacute;cias em Destaque\",\"description\":\"\",\"publisher\":{\"@id\":\"https:\/\/noticiasemdestaque.com\/cd\/#organization\"},\"potentialAction\":[{\"@type\":\"SearchAction\",\"target\":{\"@type\":\"EntryPoint\",\"urlTemplate\":\"https:\/\/noticiasemdestaque.com\/cd\/?s={search_term_string}\"},\"query-input\":{\"@type\":\"PropertyValueSpecification\",\"valueRequired\":true,\"valueName\":\"search_term_string\"}}],\"inLanguage\":\"pt-BR\"},{\"@type\":\"Organization\",\"@id\":\"https:\/\/noticiasemdestaque.com\/cd\/#organization\",\"name\":\"Not\u00edcias em Destaque\",\"url\":\"https:\/\/noticiasemdestaque.com\/cd\/\",\"logo\":{\"@type\":\"ImageObject\",\"inLanguage\":\"pt-BR\",\"@id\":\"https:\/\/noticiasemdestaque.com\/cd\/#\/schema\/logo\/image\/\",\"url\":\"https:\/\/noticiasemdestaque.com\/cd\/wp-content\/uploads\/2022\/05\/imagem-base-noticiasemdestaque.png\",\"contentUrl\":\"https:\/\/noticiasemdestaque.com\/cd\/wp-content\/uploads\/2022\/05\/imagem-base-noticiasemdestaque.png\",\"width\":1200,\"height\":630,\"caption\":\"Not\u00edcias em Destaque\"},\"image\":{\"@id\":\"https:\/\/noticiasemdestaque.com\/cd\/#\/schema\/logo\/image\/\"}},{\"@type\":\"Person\",\"@id\":\"https:\/\/noticiasemdestaque.com\/cd\/#\/schema\/person\/21320b03a7e8bb90128938dafc9b908a\",\"name\":\"Not\u00edcias em Destaque\",\"url\":\"https:\/\/noticiasemdestaque.com\/cd\/?author=2\"}]}<\/script>\n<!-- \/ Yoast SEO plugin. -->","yoast_head_json":{"title":"Minist\u00e9rio da Educa\u00e7\u00e3o libera R$ 14 milh\u00f5es para ensino superior na PB - Not&iacute;cias em Destaque","robots":{"index":"index","follow":"follow","max-snippet":"max-snippet:-1","max-image-preview":"max-image-preview:large","max-video-preview":"max-video-preview:-1"},"canonical":"https:\/\/noticiasemdestaque.com\/cd\/?p=7997","og_locale":"pt_BR","og_type":"article","og_title":"Minist\u00e9rio da Educa\u00e7\u00e3o libera R$ 14 milh\u00f5es para ensino superior na PB - Not&iacute;cias em Destaque","og_description":"Mendon\u00e7a Filho &#8211; Ministro da Educa\u00e7\u00e3o O Minist\u00e9rio da Educa\u00e7\u00e3o liberou R$ 14,2 milh\u00f5es para as institui\u00e7\u00f5es de ensino superior mantidas pelo Governo Federal na Para\u00edba. Os recursos ser\u00e3o aplicados na manuten\u00e7\u00e3o, custeio e pagamento de assist\u00eancia estudantil, entre outros. A Universidade Federal da Para\u00edba receber\u00e1 a maior parte da verba, totalizando R$ 7,4 milh\u00f5es. J\u00e1 a Universidade Federal de Campina Grande ter\u00e1 R$ 4,4 milh\u00f5es e o Instituto Federal da Para\u00edba ganhar\u00e1 R$ 2,4 milh\u00f5es. De acordo com o ministro da Educa\u00e7\u00e3o, Mendon\u00e7a Filho, a libera\u00e7\u00e3o financeira permitir\u00e1 \u00e0s universidades e institutos federais cumprir com os pagamentos das despesas discricion\u00e1rias, que s\u00e3o as que efetivamente concorrem para produ\u00e7\u00e3o de bens e servi\u00e7os p\u00fablicos. \u201cOs recursos permitir\u00e3o o pagamento de contratos de terceiriza\u00e7\u00e3o, \u00e1gua, luz, investimento em obras de amplia\u00e7\u00e3o, constru\u00e7\u00e3o ou reforma, entre outros\u201d, detalha o ministro. Este ano, o MEC repassou R$ 579,26 milh\u00f5es para as institui\u00e7\u00f5es federais vinculadas \u00e0 pasta, incluindo o que foi destinado ao pagamento de despesas das universidades e institutos federais, do Instituto Nacional de Surdos, do Instituto Benjamin Constant e da Funda\u00e7\u00e3o Joaquim Nabuco. Fonte: MaisPB","og_url":"https:\/\/noticiasemdestaque.com\/cd\/?p=7997","og_site_name":"Not&iacute;cias em Destaque","article_published_time":"2018-02-17T10:34:43+00:00","og_image":[{"width":300,"height":231,"url":"https:\/\/noticiasemdestaque.com\/cd\/wp-content\/uploads\/2018\/02\/Mendon-a-Filho-2.jpg","type":"image\/jpeg"}],"author":"Not\u00edcias em Destaque","twitter_card":"summary_large_image","twitter_misc":{"Escrito por":"Not\u00edcias em Destaque","Est. tempo de leitura":"1 minuto"},"schema":{"@context":"https:\/\/schema.org","@graph":[{"@type":"Article","@id":"https:\/\/noticiasemdestaque.com\/cd\/?p=7997#article","isPartOf":{"@id":"https:\/\/noticiasemdestaque.com\/cd\/?p=7997"},"author":{"name":"Not\u00edcias em Destaque","@id":"https:\/\/noticiasemdestaque.com\/cd\/#\/schema\/person\/21320b03a7e8bb90128938dafc9b908a"},"headline":"Minist\u00e9rio da Educa\u00e7\u00e3o libera R$ 14 milh\u00f5es para ensino superior na PB","datePublished":"2018-02-17T10:34:43+00:00","mainEntityOfPage":{"@id":"https:\/\/noticiasemdestaque.com\/cd\/?p=7997"},"wordCount":221,"publisher":{"@id":"https:\/\/noticiasemdestaque.com\/cd\/#organization"},"image":{"@id":"https:\/\/noticiasemdestaque.com\/cd\/?p=7997#primaryimage"},"thumbnailUrl":"https:\/\/noticiasemdestaque.com\/cd\/wp-content\/uploads\/2018\/02\/Mendon-a-Filho-2.jpg","articleSection":["Educa\u00e7\u00e3o"],"inLanguage":"pt-BR"},{"@type":"WebPage","@id":"https:\/\/noticiasemdestaque.com\/cd\/?p=7997","url":"https:\/\/noticiasemdestaque.com\/cd\/?p=7997","name":"Minist\u00e9rio da Educa\u00e7\u00e3o libera R$ 14 milh\u00f5es para ensino superior na PB - Not&iacute;cias em Destaque","isPartOf":{"@id":"https:\/\/noticiasemdestaque.com\/cd\/#website"},"primaryImageOfPage":{"@id":"https:\/\/noticiasemdestaque.com\/cd\/?p=7997#primaryimage"},"image":{"@id":"https:\/\/noticiasemdestaque.com\/cd\/?p=7997#primaryimage"},"thumbnailUrl":"https:\/\/noticiasemdestaque.com\/cd\/wp-content\/uploads\/2018\/02\/Mendon-a-Filho-2.jpg","datePublished":"2018-02-17T10:34:43+00:00","breadcrumb":{"@id":"https:\/\/noticiasemdestaque.com\/cd\/?p=7997#breadcrumb"},"inLanguage":"pt-BR","potentialAction":[{"@type":"ReadAction","target":["https:\/\/noticiasemdestaque.com\/cd\/?p=7997"]}]},{"@type":"ImageObject","inLanguage":"pt-BR","@id":"https:\/\/noticiasemdestaque.com\/cd\/?p=7997#primaryimage","url":"https:\/\/noticiasemdestaque.com\/cd\/wp-content\/uploads\/2018\/02\/Mendon-a-Filho-2.jpg","contentUrl":"https:\/\/noticiasemdestaque.com\/cd\/wp-content\/uploads\/2018\/02\/Mendon-a-Filho-2.jpg","width":300,"height":231},{"@type":"BreadcrumbList","@id":"https:\/\/noticiasemdestaque.com\/cd\/?p=7997#breadcrumb","itemListElement":[{"@type":"ListItem","position":1,"name":"In\u00edcio","item":"https:\/\/noticiasemdestaque.com\/cd\/"},{"@type":"ListItem","position":2,"name":"Minist\u00e9rio da Educa\u00e7\u00e3o libera R$ 14 milh\u00f5es para ensino superior na PB"}]},{"@type":"WebSite","@id":"https:\/\/noticiasemdestaque.com\/cd\/#website","url":"https:\/\/noticiasemdestaque.com\/cd\/","name":"Not&iacute;cias em Destaque","description":"","publisher":{"@id":"https:\/\/noticiasemdestaque.com\/cd\/#organization"},"potentialAction":[{"@type":"SearchAction","target":{"@type":"EntryPoint","urlTemplate":"https:\/\/noticiasemdestaque.com\/cd\/?s={search_term_string}"},"query-input":{"@type":"PropertyValueSpecification","valueRequired":true,"valueName":"search_term_string"}}],"inLanguage":"pt-BR"},{"@type":"Organization","@id":"https:\/\/noticiasemdestaque.com\/cd\/#organization","name":"Not\u00edcias em Destaque","url":"https:\/\/noticiasemdestaque.com\/cd\/","logo":{"@type":"ImageObject","inLanguage":"pt-BR","@id":"https:\/\/noticiasemdestaque.com\/cd\/#\/schema\/logo\/image\/","url":"https:\/\/noticiasemdestaque.com\/cd\/wp-content\/uploads\/2022\/05\/imagem-base-noticiasemdestaque.png","contentUrl":"https:\/\/noticiasemdestaque.com\/cd\/wp-content\/uploads\/2022\/05\/imagem-base-noticiasemdestaque.png","width":1200,"height":630,"caption":"Not\u00edcias em Destaque"},"image":{"@id":"https:\/\/noticiasemdestaque.com\/cd\/#\/schema\/logo\/image\/"}},{"@type":"Person","@id":"https:\/\/noticiasemdestaque.com\/cd\/#\/schema\/person\/21320b03a7e8bb90128938dafc9b908a","name":"Not\u00edcias em Destaque","url":"https:\/\/noticiasemdestaque.com\/cd\/?author=2"}]}},"jetpack_featured_media_url":"https:\/\/noticiasemdestaque.com\/cd\/wp-content\/uploads\/2018\/02\/Mendon-a-Filho-2.jpg","jetpack_sharing_enabled":true,"_links":{"self":[{"href":"https:\/\/noticiasemdestaque.com\/cd\/index.php?rest_route=\/wp\/v2\/posts\/7997","targetHints":{"allow":["GET"]}}],"collection":[{"href":"https:\/\/noticiasemdestaque.com\/cd\/index.php?rest_route=\/wp\/v2\/posts"}],"about":[{"href":"https:\/\/noticiasemdestaque.com\/cd\/index.php?rest_route=\/wp\/v2\/types\/post"}],"author":[{"embeddable":true,"href":"https:\/\/noticiasemdestaque.com\/cd\/index.php?rest_route=\/wp\/v2\/users\/2"}],"replies":[{"embeddable":true,"href":"https:\/\/noticiasemdestaque.com\/cd\/index.php?rest_route=%2Fwp%2Fv2%2Fcomments&post=7997"}],"version-history":[{"count":1,"href":"https:\/\/noticiasemdestaque.com\/cd\/index.php?rest_route=\/wp\/v2\/posts\/7997\/revisions"}],"predecessor-version":[{"id":7999,"href":"https:\/\/noticiasemdestaque.com\/cd\/index.php?rest_route=\/wp\/v2\/posts\/7997\/revisions\/7999"}],"wp:featuredmedia":[{"embeddable":true,"href":"https:\/\/noticiasemdestaque.com\/cd\/index.php?rest_route=\/wp\/v2\/media\/7998"}],"wp:attachment":[{"href":"https:\/\/noticiasemdestaque.com\/cd\/index.php?rest_route=%2Fwp%2Fv2%2Fmedia&parent=7997"}],"wp:term":[{"taxonomy":"category","embeddable":true,"href":"https:\/\/noticiasemdestaque.com\/cd\/index.php?rest_route=%2Fwp%2Fv2%2Fcategories&post=7997"},{"taxonomy":"post_tag","embeddable":true,"href":"https:\/\/noticiasemdestaque.com\/cd\/index.php?rest_route=%2Fwp%2Fv2%2Ftags&post=7997"}],"curies":[{"name":"wp","href":"https:\/\/api.w.org\/{rel}","templated":true}]}}