{"id":7981,"date":"2018-02-17T07:59:13","date_gmt":"2018-02-17T10:59:13","guid":{"rendered":"http:\/\/caririemdestaque.com\/cd\/?p=7981"},"modified":"2018-02-17T07:58:23","modified_gmt":"2018-02-17T10:58:23","slug":"vereador-apresenta-requerimento-para-audiencia-publica-para-preservacao-de-patrimonio-historico-e-cultura-ouca-entrevista","status":"publish","type":"post","link":"https:\/\/noticiasemdestaque.com\/cd\/?p=7981","title":{"rendered":"Vereador apresenta requerimento para audi\u00eancia p\u00fablica para preserva\u00e7\u00e3o de patrim\u00f4nio hist\u00f3rico e cultura; Ou\u00e7a entrevista"},"content":{"rendered":"<p><a href=\"http:\/\/caririemdestaque.com\/cd\/wp-content\/uploads\/2018\/02\/GG.jpg\"><img fetchpriority=\"high\" decoding=\"async\" class=\"size-medium wp-image-7984 aligncenter\" src=\"http:\/\/caririemdestaque.com\/cd\/wp-content\/uploads\/2018\/02\/GG-300x200.jpg\" alt=\"\" width=\"300\" height=\"200\" srcset=\"https:\/\/noticiasemdestaque.com\/cd\/wp-content\/uploads\/2018\/02\/GG-300x200.jpg 300w, https:\/\/noticiasemdestaque.com\/cd\/wp-content\/uploads\/2018\/02\/GG-768x512.jpg 768w, https:\/\/noticiasemdestaque.com\/cd\/wp-content\/uploads\/2018\/02\/GG-1024x683.jpg 1024w, https:\/\/noticiasemdestaque.com\/cd\/wp-content\/uploads\/2018\/02\/GG-480x320.jpg 480w\" sizes=\"(max-width: 300px) 100vw, 300px\" \/><\/a><\/p>\n<p>Durante a primeira sess\u00e3o legislativa do ano de 2018, da c\u00e2mara municipal de vereadores de Serra Branca, que aconteceu nesta sexta-feira (16\/02) foi aprovado por unanimidade uma propositura que requer a realiza\u00e7\u00e3o de Audi\u00eancia P\u00fablica com a diretora Executiva do Instituto do Patrim\u00f4nio Hist\u00f3rico e Art\u00edstico do Estado da Para\u00edba \u2013 IPHAEP, Dra. Cassandra Eliane Figueiredo Dias, com a participa\u00e7\u00e3o de representantes dos Poderes Executivo e Legislativo, bem como da sociedade civil.<\/p>\n<p>Em entrevista a nossa reportagem Guilherme Gaud\u00eancio, falou sobre a justificativa do requerimento:<br \/>\n<iframe src=\"https:\/\/w.soundcloud.com\/player\/?url=https%3A\/\/soundcloud.com\/wandri-tadeus\/guilherme-gaudencio-fala-sobre-audiencia-publica-de-patrimonio-historico-e-cultura&amp;auto_play=false&amp;hide_related=false&amp;show_comments=true&amp;show_user=true&amp;show_reposts=false&amp;visual=true\" width=\"100%\" height=\"auto\" frameborder=\"no\" scrolling=\"no\"><\/iframe><\/p>\n<p>&nbsp;<\/p>\n<p>De acordo com vereador a ideia \u00e9 que a Serra do Jatob\u00e1, o principal ponto tur\u00edstico de Serra Branca, seja preservado:<br \/>\n<iframe src=\"https:\/\/w.soundcloud.com\/player\/?url=https%3A\/\/soundcloud.com\/wandri-tadeus\/guilherme-diz-que-a-ideia-e-que-a-serra-do-jatoba-seja-preservada&amp;auto_play=false&amp;hide_related=false&amp;show_comments=true&amp;show_user=true&amp;show_reposts=false&amp;visual=true\" width=\"100%\" height=\"auto\" frameborder=\"no\" scrolling=\"no\"><\/iframe><\/p>\n<p>Segundo Guilherme a propositura apresentada faz parte do plano de mandato proposto no per\u00edodo eleitoral no ano de 2014:<\/p>\n<p><iframe src=\"https:\/\/w.soundcloud.com\/player\/?url=https%3A\/\/api.soundcloud.com\/tracks\/400797867&amp;color=%23ff5500&amp;auto_play=false&amp;hide_related=false&amp;show_comments=true&amp;show_user=true&amp;show_reposts=false&amp;show_teaser=true\" width=\"100%\" height=\"166\" frameborder=\"no\" scrolling=\"no\"><\/iframe><br \/>\n<em><strong>Cariri em Destaque<\/strong><\/em><\/p>\n","protected":false},"excerpt":{"rendered":"<p>Durante a primeira sess\u00e3o legislativa do ano de 2018, da c\u00e2mara municipal de vereadores de Serra Branca, que aconteceu nesta sexta-feira (16\/02) foi aprovado por unanimidade uma propositura que requer a realiza\u00e7\u00e3o de Audi\u00eancia P\u00fablica com a diretora Executiva do Instituto do Patrim\u00f4nio Hist\u00f3rico e Art\u00edstico do Estado da Para\u00edba \u2013 IPHAEP, Dra. Cassandra Eliane Figueiredo Dias, com a participa\u00e7\u00e3o de representantes dos Poderes Executivo e Legislativo, bem como da sociedade civil. Em entrevista a nossa reportagem Guilherme Gaud\u00eancio, falou sobre a justificativa do requerimento: &nbsp; De acordo com vereador a ideia \u00e9 que a Serra do Jatob\u00e1, o principal ponto tur\u00edstico de Serra Branca, seja preservado: Segundo Guilherme a propositura apresentada faz parte do plano de mandato proposto no per\u00edodo eleitoral no ano de 2014: Cariri em Destaque<\/p>\n","protected":false},"author":2,"featured_media":7983,"comment_status":"closed","ping_status":"open","sticky":false,"template":"","format":"standard","meta":{"_eb_attr":"","_jetpack_memberships_contains_paid_content":false,"footnotes":""},"categories":[3],"tags":[],"class_list":["post-7981","post","type-post","status-publish","format-standard","has-post-thumbnail","hentry","category-cidades"],"yoast_head":"<!-- This site is optimized with the Yoast SEO plugin v26.5 - https:\/\/yoast.com\/wordpress\/plugins\/seo\/ -->\n<title>Vereador apresenta requerimento para audi\u00eancia p\u00fablica para preserva\u00e7\u00e3o de patrim\u00f4nio hist\u00f3rico e cultura; Ou\u00e7a entrevista - Not&iacute;cias em Destaque<\/title>\n<meta name=\"robots\" content=\"index, follow, max-snippet:-1, max-image-preview:large, max-video-preview:-1\" \/>\n<link rel=\"canonical\" href=\"https:\/\/noticiasemdestaque.com\/cd\/?p=7981\" \/>\n<meta property=\"og:locale\" content=\"pt_BR\" \/>\n<meta property=\"og:type\" content=\"article\" \/>\n<meta property=\"og:title\" content=\"Vereador apresenta requerimento para audi\u00eancia p\u00fablica para preserva\u00e7\u00e3o de patrim\u00f4nio hist\u00f3rico e cultura; Ou\u00e7a entrevista - Not&iacute;cias em Destaque\" \/>\n<meta property=\"og:description\" content=\"Durante a primeira sess\u00e3o legislativa do ano de 2018, da c\u00e2mara municipal de vereadores de Serra Branca, que aconteceu nesta sexta-feira (16\/02) foi aprovado por unanimidade uma propositura que requer a realiza\u00e7\u00e3o de Audi\u00eancia P\u00fablica com a diretora Executiva do Instituto do Patrim\u00f4nio Hist\u00f3rico e Art\u00edstico do Estado da Para\u00edba \u2013 IPHAEP, Dra. Cassandra Eliane Figueiredo Dias, com a participa\u00e7\u00e3o de representantes dos Poderes Executivo e Legislativo, bem como da sociedade civil. Em entrevista a nossa reportagem Guilherme Gaud\u00eancio, falou sobre a justificativa do requerimento: &nbsp; De acordo com vereador a ideia \u00e9 que a Serra do Jatob\u00e1, o principal ponto tur\u00edstico de Serra Branca, seja preservado: Segundo Guilherme a propositura apresentada faz parte do plano de mandato proposto no per\u00edodo eleitoral no ano de 2014: Cariri em Destaque\" \/>\n<meta property=\"og:url\" content=\"https:\/\/noticiasemdestaque.com\/cd\/?p=7981\" \/>\n<meta property=\"og:site_name\" content=\"Not&iacute;cias em Destaque\" \/>\n<meta property=\"article:published_time\" content=\"2018-02-17T10:59:13+00:00\" \/>\n<meta property=\"og:image\" content=\"https:\/\/noticiasemdestaque.com\/cd\/wp-content\/uploads\/2018\/02\/Serra-do-jatob\u00e1-Foto-Wandri-Tadeus-Serra-Branca.jpg\" \/>\n\t<meta property=\"og:image:width\" content=\"1157\" \/>\n\t<meta property=\"og:image:height\" content=\"766\" \/>\n\t<meta property=\"og:image:type\" content=\"image\/jpeg\" \/>\n<meta name=\"author\" content=\"Not\u00edcias em Destaque\" \/>\n<meta name=\"twitter:card\" content=\"summary_large_image\" \/>\n<meta name=\"twitter:label1\" content=\"Escrito por\" \/>\n\t<meta name=\"twitter:data1\" content=\"Not\u00edcias em Destaque\" \/>\n\t<meta name=\"twitter:label2\" content=\"Est. tempo de leitura\" \/>\n\t<meta name=\"twitter:data2\" content=\"1 minuto\" \/>\n<script type=\"application\/ld+json\" class=\"yoast-schema-graph\">{\"@context\":\"https:\/\/schema.org\",\"@graph\":[{\"@type\":\"Article\",\"@id\":\"https:\/\/noticiasemdestaque.com\/cd\/?p=7981#article\",\"isPartOf\":{\"@id\":\"https:\/\/noticiasemdestaque.com\/cd\/?p=7981\"},\"author\":{\"name\":\"Not\u00edcias em Destaque\",\"@id\":\"https:\/\/noticiasemdestaque.com\/cd\/#\/schema\/person\/21320b03a7e8bb90128938dafc9b908a\"},\"headline\":\"Vereador apresenta requerimento para audi\u00eancia p\u00fablica para preserva\u00e7\u00e3o de patrim\u00f4nio hist\u00f3rico e cultura; Ou\u00e7a entrevista\",\"datePublished\":\"2018-02-17T10:59:13+00:00\",\"mainEntityOfPage\":{\"@id\":\"https:\/\/noticiasemdestaque.com\/cd\/?p=7981\"},\"wordCount\":158,\"publisher\":{\"@id\":\"https:\/\/noticiasemdestaque.com\/cd\/#organization\"},\"image\":{\"@id\":\"https:\/\/noticiasemdestaque.com\/cd\/?p=7981#primaryimage\"},\"thumbnailUrl\":\"https:\/\/noticiasemdestaque.com\/cd\/wp-content\/uploads\/2018\/02\/Serra-do-jatob\u00e1-Foto-Wandri-Tadeus-Serra-Branca.jpg\",\"articleSection\":[\"Cidades\"],\"inLanguage\":\"pt-BR\"},{\"@type\":\"WebPage\",\"@id\":\"https:\/\/noticiasemdestaque.com\/cd\/?p=7981\",\"url\":\"https:\/\/noticiasemdestaque.com\/cd\/?p=7981\",\"name\":\"Vereador apresenta requerimento para audi\u00eancia p\u00fablica para preserva\u00e7\u00e3o de patrim\u00f4nio hist\u00f3rico e cultura; Ou\u00e7a entrevista - Not&iacute;cias em Destaque\",\"isPartOf\":{\"@id\":\"https:\/\/noticiasemdestaque.com\/cd\/#website\"},\"primaryImageOfPage\":{\"@id\":\"https:\/\/noticiasemdestaque.com\/cd\/?p=7981#primaryimage\"},\"image\":{\"@id\":\"https:\/\/noticiasemdestaque.com\/cd\/?p=7981#primaryimage\"},\"thumbnailUrl\":\"https:\/\/noticiasemdestaque.com\/cd\/wp-content\/uploads\/2018\/02\/Serra-do-jatob\u00e1-Foto-Wandri-Tadeus-Serra-Branca.jpg\",\"datePublished\":\"2018-02-17T10:59:13+00:00\",\"breadcrumb\":{\"@id\":\"https:\/\/noticiasemdestaque.com\/cd\/?p=7981#breadcrumb\"},\"inLanguage\":\"pt-BR\",\"potentialAction\":[{\"@type\":\"ReadAction\",\"target\":[\"https:\/\/noticiasemdestaque.com\/cd\/?p=7981\"]}]},{\"@type\":\"ImageObject\",\"inLanguage\":\"pt-BR\",\"@id\":\"https:\/\/noticiasemdestaque.com\/cd\/?p=7981#primaryimage\",\"url\":\"https:\/\/noticiasemdestaque.com\/cd\/wp-content\/uploads\/2018\/02\/Serra-do-jatob\u00e1-Foto-Wandri-Tadeus-Serra-Branca.jpg\",\"contentUrl\":\"https:\/\/noticiasemdestaque.com\/cd\/wp-content\/uploads\/2018\/02\/Serra-do-jatob\u00e1-Foto-Wandri-Tadeus-Serra-Branca.jpg\",\"width\":1157,\"height\":766},{\"@type\":\"BreadcrumbList\",\"@id\":\"https:\/\/noticiasemdestaque.com\/cd\/?p=7981#breadcrumb\",\"itemListElement\":[{\"@type\":\"ListItem\",\"position\":1,\"name\":\"In\u00edcio\",\"item\":\"https:\/\/noticiasemdestaque.com\/cd\/\"},{\"@type\":\"ListItem\",\"position\":2,\"name\":\"Vereador apresenta requerimento para audi\u00eancia p\u00fablica para preserva\u00e7\u00e3o de patrim\u00f4nio hist\u00f3rico e cultura; Ou\u00e7a entrevista\"}]},{\"@type\":\"WebSite\",\"@id\":\"https:\/\/noticiasemdestaque.com\/cd\/#website\",\"url\":\"https:\/\/noticiasemdestaque.com\/cd\/\",\"name\":\"Not&iacute;cias em Destaque\",\"description\":\"\",\"publisher\":{\"@id\":\"https:\/\/noticiasemdestaque.com\/cd\/#organization\"},\"potentialAction\":[{\"@type\":\"SearchAction\",\"target\":{\"@type\":\"EntryPoint\",\"urlTemplate\":\"https:\/\/noticiasemdestaque.com\/cd\/?s={search_term_string}\"},\"query-input\":{\"@type\":\"PropertyValueSpecification\",\"valueRequired\":true,\"valueName\":\"search_term_string\"}}],\"inLanguage\":\"pt-BR\"},{\"@type\":\"Organization\",\"@id\":\"https:\/\/noticiasemdestaque.com\/cd\/#organization\",\"name\":\"Not\u00edcias em Destaque\",\"url\":\"https:\/\/noticiasemdestaque.com\/cd\/\",\"logo\":{\"@type\":\"ImageObject\",\"inLanguage\":\"pt-BR\",\"@id\":\"https:\/\/noticiasemdestaque.com\/cd\/#\/schema\/logo\/image\/\",\"url\":\"https:\/\/noticiasemdestaque.com\/cd\/wp-content\/uploads\/2022\/05\/imagem-base-noticiasemdestaque.png\",\"contentUrl\":\"https:\/\/noticiasemdestaque.com\/cd\/wp-content\/uploads\/2022\/05\/imagem-base-noticiasemdestaque.png\",\"width\":1200,\"height\":630,\"caption\":\"Not\u00edcias em Destaque\"},\"image\":{\"@id\":\"https:\/\/noticiasemdestaque.com\/cd\/#\/schema\/logo\/image\/\"}},{\"@type\":\"Person\",\"@id\":\"https:\/\/noticiasemdestaque.com\/cd\/#\/schema\/person\/21320b03a7e8bb90128938dafc9b908a\",\"name\":\"Not\u00edcias em Destaque\",\"url\":\"https:\/\/noticiasemdestaque.com\/cd\/?author=2\"}]}<\/script>\n<!-- \/ Yoast SEO plugin. -->","yoast_head_json":{"title":"Vereador apresenta requerimento para audi\u00eancia p\u00fablica para preserva\u00e7\u00e3o de patrim\u00f4nio hist\u00f3rico e cultura; Ou\u00e7a entrevista - Not&iacute;cias em Destaque","robots":{"index":"index","follow":"follow","max-snippet":"max-snippet:-1","max-image-preview":"max-image-preview:large","max-video-preview":"max-video-preview:-1"},"canonical":"https:\/\/noticiasemdestaque.com\/cd\/?p=7981","og_locale":"pt_BR","og_type":"article","og_title":"Vereador apresenta requerimento para audi\u00eancia p\u00fablica para preserva\u00e7\u00e3o de patrim\u00f4nio hist\u00f3rico e cultura; Ou\u00e7a entrevista - Not&iacute;cias em Destaque","og_description":"Durante a primeira sess\u00e3o legislativa do ano de 2018, da c\u00e2mara municipal de vereadores de Serra Branca, que aconteceu nesta sexta-feira (16\/02) foi aprovado por unanimidade uma propositura que requer a realiza\u00e7\u00e3o de Audi\u00eancia P\u00fablica com a diretora Executiva do Instituto do Patrim\u00f4nio Hist\u00f3rico e Art\u00edstico do Estado da Para\u00edba \u2013 IPHAEP, Dra. Cassandra Eliane Figueiredo Dias, com a participa\u00e7\u00e3o de representantes dos Poderes Executivo e Legislativo, bem como da sociedade civil. Em entrevista a nossa reportagem Guilherme Gaud\u00eancio, falou sobre a justificativa do requerimento: &nbsp; De acordo com vereador a ideia \u00e9 que a Serra do Jatob\u00e1, o principal ponto tur\u00edstico de Serra Branca, seja preservado: Segundo Guilherme a propositura apresentada faz parte do plano de mandato proposto no per\u00edodo eleitoral no ano de 2014: Cariri em Destaque","og_url":"https:\/\/noticiasemdestaque.com\/cd\/?p=7981","og_site_name":"Not&iacute;cias em Destaque","article_published_time":"2018-02-17T10:59:13+00:00","og_image":[{"width":1157,"height":766,"url":"https:\/\/noticiasemdestaque.com\/cd\/wp-content\/uploads\/2018\/02\/Serra-do-jatob\u00e1-Foto-Wandri-Tadeus-Serra-Branca.jpg","type":"image\/jpeg"}],"author":"Not\u00edcias em Destaque","twitter_card":"summary_large_image","twitter_misc":{"Escrito por":"Not\u00edcias em Destaque","Est. tempo de leitura":"1 minuto"},"schema":{"@context":"https:\/\/schema.org","@graph":[{"@type":"Article","@id":"https:\/\/noticiasemdestaque.com\/cd\/?p=7981#article","isPartOf":{"@id":"https:\/\/noticiasemdestaque.com\/cd\/?p=7981"},"author":{"name":"Not\u00edcias em Destaque","@id":"https:\/\/noticiasemdestaque.com\/cd\/#\/schema\/person\/21320b03a7e8bb90128938dafc9b908a"},"headline":"Vereador apresenta requerimento para audi\u00eancia p\u00fablica para preserva\u00e7\u00e3o de patrim\u00f4nio hist\u00f3rico e cultura; Ou\u00e7a entrevista","datePublished":"2018-02-17T10:59:13+00:00","mainEntityOfPage":{"@id":"https:\/\/noticiasemdestaque.com\/cd\/?p=7981"},"wordCount":158,"publisher":{"@id":"https:\/\/noticiasemdestaque.com\/cd\/#organization"},"image":{"@id":"https:\/\/noticiasemdestaque.com\/cd\/?p=7981#primaryimage"},"thumbnailUrl":"https:\/\/noticiasemdestaque.com\/cd\/wp-content\/uploads\/2018\/02\/Serra-do-jatob\u00e1-Foto-Wandri-Tadeus-Serra-Branca.jpg","articleSection":["Cidades"],"inLanguage":"pt-BR"},{"@type":"WebPage","@id":"https:\/\/noticiasemdestaque.com\/cd\/?p=7981","url":"https:\/\/noticiasemdestaque.com\/cd\/?p=7981","name":"Vereador apresenta requerimento para audi\u00eancia p\u00fablica para preserva\u00e7\u00e3o de patrim\u00f4nio hist\u00f3rico e cultura; Ou\u00e7a entrevista - Not&iacute;cias em Destaque","isPartOf":{"@id":"https:\/\/noticiasemdestaque.com\/cd\/#website"},"primaryImageOfPage":{"@id":"https:\/\/noticiasemdestaque.com\/cd\/?p=7981#primaryimage"},"image":{"@id":"https:\/\/noticiasemdestaque.com\/cd\/?p=7981#primaryimage"},"thumbnailUrl":"https:\/\/noticiasemdestaque.com\/cd\/wp-content\/uploads\/2018\/02\/Serra-do-jatob\u00e1-Foto-Wandri-Tadeus-Serra-Branca.jpg","datePublished":"2018-02-17T10:59:13+00:00","breadcrumb":{"@id":"https:\/\/noticiasemdestaque.com\/cd\/?p=7981#breadcrumb"},"inLanguage":"pt-BR","potentialAction":[{"@type":"ReadAction","target":["https:\/\/noticiasemdestaque.com\/cd\/?p=7981"]}]},{"@type":"ImageObject","inLanguage":"pt-BR","@id":"https:\/\/noticiasemdestaque.com\/cd\/?p=7981#primaryimage","url":"https:\/\/noticiasemdestaque.com\/cd\/wp-content\/uploads\/2018\/02\/Serra-do-jatob\u00e1-Foto-Wandri-Tadeus-Serra-Branca.jpg","contentUrl":"https:\/\/noticiasemdestaque.com\/cd\/wp-content\/uploads\/2018\/02\/Serra-do-jatob\u00e1-Foto-Wandri-Tadeus-Serra-Branca.jpg","width":1157,"height":766},{"@type":"BreadcrumbList","@id":"https:\/\/noticiasemdestaque.com\/cd\/?p=7981#breadcrumb","itemListElement":[{"@type":"ListItem","position":1,"name":"In\u00edcio","item":"https:\/\/noticiasemdestaque.com\/cd\/"},{"@type":"ListItem","position":2,"name":"Vereador apresenta requerimento para audi\u00eancia p\u00fablica para preserva\u00e7\u00e3o de patrim\u00f4nio hist\u00f3rico e cultura; Ou\u00e7a entrevista"}]},{"@type":"WebSite","@id":"https:\/\/noticiasemdestaque.com\/cd\/#website","url":"https:\/\/noticiasemdestaque.com\/cd\/","name":"Not&iacute;cias em Destaque","description":"","publisher":{"@id":"https:\/\/noticiasemdestaque.com\/cd\/#organization"},"potentialAction":[{"@type":"SearchAction","target":{"@type":"EntryPoint","urlTemplate":"https:\/\/noticiasemdestaque.com\/cd\/?s={search_term_string}"},"query-input":{"@type":"PropertyValueSpecification","valueRequired":true,"valueName":"search_term_string"}}],"inLanguage":"pt-BR"},{"@type":"Organization","@id":"https:\/\/noticiasemdestaque.com\/cd\/#organization","name":"Not\u00edcias em Destaque","url":"https:\/\/noticiasemdestaque.com\/cd\/","logo":{"@type":"ImageObject","inLanguage":"pt-BR","@id":"https:\/\/noticiasemdestaque.com\/cd\/#\/schema\/logo\/image\/","url":"https:\/\/noticiasemdestaque.com\/cd\/wp-content\/uploads\/2022\/05\/imagem-base-noticiasemdestaque.png","contentUrl":"https:\/\/noticiasemdestaque.com\/cd\/wp-content\/uploads\/2022\/05\/imagem-base-noticiasemdestaque.png","width":1200,"height":630,"caption":"Not\u00edcias em Destaque"},"image":{"@id":"https:\/\/noticiasemdestaque.com\/cd\/#\/schema\/logo\/image\/"}},{"@type":"Person","@id":"https:\/\/noticiasemdestaque.com\/cd\/#\/schema\/person\/21320b03a7e8bb90128938dafc9b908a","name":"Not\u00edcias em Destaque","url":"https:\/\/noticiasemdestaque.com\/cd\/?author=2"}]}},"jetpack_featured_media_url":"https:\/\/noticiasemdestaque.com\/cd\/wp-content\/uploads\/2018\/02\/Serra-do-jatob\u00e1-Foto-Wandri-Tadeus-Serra-Branca.jpg","jetpack_sharing_enabled":true,"_links":{"self":[{"href":"https:\/\/noticiasemdestaque.com\/cd\/index.php?rest_route=\/wp\/v2\/posts\/7981","targetHints":{"allow":["GET"]}}],"collection":[{"href":"https:\/\/noticiasemdestaque.com\/cd\/index.php?rest_route=\/wp\/v2\/posts"}],"about":[{"href":"https:\/\/noticiasemdestaque.com\/cd\/index.php?rest_route=\/wp\/v2\/types\/post"}],"author":[{"embeddable":true,"href":"https:\/\/noticiasemdestaque.com\/cd\/index.php?rest_route=\/wp\/v2\/users\/2"}],"replies":[{"embeddable":true,"href":"https:\/\/noticiasemdestaque.com\/cd\/index.php?rest_route=%2Fwp%2Fv2%2Fcomments&post=7981"}],"version-history":[{"count":5,"href":"https:\/\/noticiasemdestaque.com\/cd\/index.php?rest_route=\/wp\/v2\/posts\/7981\/revisions"}],"predecessor-version":[{"id":7994,"href":"https:\/\/noticiasemdestaque.com\/cd\/index.php?rest_route=\/wp\/v2\/posts\/7981\/revisions\/7994"}],"wp:featuredmedia":[{"embeddable":true,"href":"https:\/\/noticiasemdestaque.com\/cd\/index.php?rest_route=\/wp\/v2\/media\/7983"}],"wp:attachment":[{"href":"https:\/\/noticiasemdestaque.com\/cd\/index.php?rest_route=%2Fwp%2Fv2%2Fmedia&parent=7981"}],"wp:term":[{"taxonomy":"category","embeddable":true,"href":"https:\/\/noticiasemdestaque.com\/cd\/index.php?rest_route=%2Fwp%2Fv2%2Fcategories&post=7981"},{"taxonomy":"post_tag","embeddable":true,"href":"https:\/\/noticiasemdestaque.com\/cd\/index.php?rest_route=%2Fwp%2Fv2%2Ftags&post=7981"}],"curies":[{"name":"wp","href":"https:\/\/api.w.org\/{rel}","templated":true}]}}