{"id":794,"date":"2017-06-22T09:39:08","date_gmt":"2017-06-22T12:39:08","guid":{"rendered":"http:\/\/caririemdestaque.com\/cd\/?p=794"},"modified":"2017-06-22T09:39:08","modified_gmt":"2017-06-22T12:39:08","slug":"prefeitura-promove-concurso-de-ornamentacao-de-rua-no-sao-joao-de-sume","status":"publish","type":"post","link":"https:\/\/noticiasemdestaque.com\/cd\/?p=794","title":{"rendered":"Prefeitura promove concurso de ornamenta\u00e7\u00e3o de rua no S\u00e3o Jo\u00e3o de Sum\u00e9"},"content":{"rendered":"<p><a href=\"http:\/\/caririemdestaque.com\/cd\/wp-content\/uploads\/2017\/06\/timthumb-1-1.jpg\"><img fetchpriority=\"high\" decoding=\"async\" class=\"size-medium wp-image-795 alignleft\" src=\"http:\/\/caririemdestaque.com\/cd\/wp-content\/uploads\/2017\/06\/timthumb-1-1-300x218.jpg\" alt=\"\" width=\"300\" height=\"218\" srcset=\"https:\/\/noticiasemdestaque.com\/cd\/wp-content\/uploads\/2017\/06\/timthumb-1-1-300x218.jpg 300w, https:\/\/noticiasemdestaque.com\/cd\/wp-content\/uploads\/2017\/06\/timthumb-1-1.jpg 547w\" sizes=\"(max-width: 300px) 100vw, 300px\" \/><\/a>Como parte da programa\u00e7\u00e3o do S\u00e3o Jo\u00e3o do munic\u00edpio, a Prefeitura de Sum\u00e9 realiza este ano o concurso da melhor ornamenta\u00e7\u00e3o de rua tendo como tema as festas juninas.<\/p>\n<p>As inscri\u00e7\u00f5es para participar do concurso v\u00e3o at\u00e9 o dia 09 de junho e devem ser feitas na Secretaria de Educa\u00e7\u00e3o. Poder\u00e3o se inscrever ruas compreendidas dentro do per\u00edmetro urbano do munic\u00edpio.<\/p>\n<p>Cada rua dever\u00e1 formar uma comiss\u00e3o com no m\u00e1ximo cinco representantes escolhidos entre os pr\u00f3prios moradores da rua.<\/p>\n<p>Todo material empregado e despesas de decora\u00e7\u00e3o ficar\u00e3o a cargo de cada comiss\u00e3o local e exclusivamente dos moradores de cada rua.<\/p>\n<p>A organiza\u00e7\u00e3o do S\u00e3o Jo\u00e3o ir\u00e1 constituir uma comiss\u00e3o julgadora para selecionar e classificar as ruas inscritas.<\/p>\n<p>As ruas inscritas ser\u00e3o selecionadas pela Comiss\u00e3o Julgadora ap\u00f3s visita dos membros em cada uma, que dever\u00e1 acontecer entre os dias 19, 20 e 21 de junho, a partir das 16h.<\/p>\n<p>Entre os crit\u00e9rios de classifica\u00e7\u00e3o est\u00e3o: originalidade, criatividade, envolvimento da comunidade, beleza e \u00e1rea ornamentada.<\/p>\n<p>Os grupos poder\u00e3o trabalhar o tema junino aliado \u00e0 conscientiza\u00e7\u00e3o ambiental, de maneira a contribuir para a responsabilidade de todos com a cidade, al\u00e9m de buscar transmitir uma mensagem de valor social e emocional atrav\u00e9s da decora\u00e7\u00e3o representada.<\/p>\n<p>A rua vencedora receber\u00e1 como pr\u00eamios R$ 1.000,00 (um mil reais), um trio de forr\u00f3 e sonoriza\u00e7\u00e3o e dois bodes, a serem usados na realiza\u00e7\u00e3o de um evento comemorativo na rua vencedora, que ser\u00e1 declarada no dia 23 de junho, no Palco Principal do S\u00e3o Jo\u00e3o, na Pra\u00e7a Jos\u00e9 Am\u00e9rico.<\/p>\n<p><em><strong>Cariri em Destaque<\/strong><\/em><\/p>\n<p>Fonte: Ascom\/ Andr\u00e9a Duarte<\/p>\n","protected":false},"excerpt":{"rendered":"<p>Como parte da programa\u00e7\u00e3o do S\u00e3o Jo\u00e3o do munic\u00edpio, a Prefeitura de Sum\u00e9 realiza este ano o concurso da melhor ornamenta\u00e7\u00e3o de rua tendo como tema as festas juninas. As inscri\u00e7\u00f5es para participar do concurso v\u00e3o at\u00e9 o dia 09 de junho e devem ser feitas na Secretaria de Educa\u00e7\u00e3o. Poder\u00e3o se inscrever ruas compreendidas dentro do per\u00edmetro urbano do munic\u00edpio. Cada rua dever\u00e1 formar uma comiss\u00e3o com no m\u00e1ximo cinco representantes escolhidos entre os pr\u00f3prios moradores da rua. Todo material empregado e despesas de decora\u00e7\u00e3o ficar\u00e3o a cargo de cada comiss\u00e3o local e exclusivamente dos moradores de cada rua. A organiza\u00e7\u00e3o do S\u00e3o Jo\u00e3o ir\u00e1 constituir uma comiss\u00e3o julgadora para selecionar e classificar as ruas inscritas. As ruas inscritas ser\u00e3o selecionadas pela Comiss\u00e3o Julgadora ap\u00f3s visita dos membros em cada uma, que dever\u00e1 acontecer entre os dias 19, 20 e 21 de junho, a partir das 16h. Entre os crit\u00e9rios de classifica\u00e7\u00e3o est\u00e3o: originalidade, criatividade, envolvimento da comunidade, beleza e \u00e1rea ornamentada. Os grupos poder\u00e3o trabalhar o tema junino aliado \u00e0 conscientiza\u00e7\u00e3o ambiental, de maneira a contribuir para a responsabilidade de todos com a cidade, al\u00e9m de buscar transmitir uma mensagem de valor social e emocional atrav\u00e9s da decora\u00e7\u00e3o representada. A rua vencedora receber\u00e1 como pr\u00eamios R$ 1.000,00 (um mil reais), um trio de forr\u00f3 e sonoriza\u00e7\u00e3o e dois bodes, a serem usados na realiza\u00e7\u00e3o de um evento comemorativo na rua vencedora, que ser\u00e1 declarada no dia 23 de junho, no Palco Principal do S\u00e3o Jo\u00e3o, na Pra\u00e7a Jos\u00e9 Am\u00e9rico. Cariri em Destaque Fonte: Ascom\/ Andr\u00e9a Duarte<\/p>\n","protected":false},"author":2,"featured_media":795,"comment_status":"closed","ping_status":"open","sticky":false,"template":"","format":"standard","meta":{"_eb_attr":"","_jetpack_memberships_contains_paid_content":false,"footnotes":""},"categories":[3],"tags":[],"class_list":["post-794","post","type-post","status-publish","format-standard","has-post-thumbnail","hentry","category-cidades"],"yoast_head":"<!-- This site is optimized with the Yoast SEO plugin v26.5 - https:\/\/yoast.com\/wordpress\/plugins\/seo\/ -->\n<title>Prefeitura promove concurso de ornamenta\u00e7\u00e3o de rua no S\u00e3o Jo\u00e3o de Sum\u00e9 - Not&iacute;cias em Destaque<\/title>\n<meta name=\"robots\" content=\"index, follow, max-snippet:-1, max-image-preview:large, max-video-preview:-1\" \/>\n<link rel=\"canonical\" href=\"https:\/\/noticiasemdestaque.com\/cd\/?p=794\" \/>\n<meta property=\"og:locale\" content=\"pt_BR\" \/>\n<meta property=\"og:type\" content=\"article\" \/>\n<meta property=\"og:title\" content=\"Prefeitura promove concurso de ornamenta\u00e7\u00e3o de rua no S\u00e3o Jo\u00e3o de Sum\u00e9 - Not&iacute;cias em Destaque\" \/>\n<meta property=\"og:description\" content=\"Como parte da programa\u00e7\u00e3o do S\u00e3o Jo\u00e3o do munic\u00edpio, a Prefeitura de Sum\u00e9 realiza este ano o concurso da melhor ornamenta\u00e7\u00e3o de rua tendo como tema as festas juninas. As inscri\u00e7\u00f5es para participar do concurso v\u00e3o at\u00e9 o dia 09 de junho e devem ser feitas na Secretaria de Educa\u00e7\u00e3o. Poder\u00e3o se inscrever ruas compreendidas dentro do per\u00edmetro urbano do munic\u00edpio. Cada rua dever\u00e1 formar uma comiss\u00e3o com no m\u00e1ximo cinco representantes escolhidos entre os pr\u00f3prios moradores da rua. Todo material empregado e despesas de decora\u00e7\u00e3o ficar\u00e3o a cargo de cada comiss\u00e3o local e exclusivamente dos moradores de cada rua. A organiza\u00e7\u00e3o do S\u00e3o Jo\u00e3o ir\u00e1 constituir uma comiss\u00e3o julgadora para selecionar e classificar as ruas inscritas. As ruas inscritas ser\u00e3o selecionadas pela Comiss\u00e3o Julgadora ap\u00f3s visita dos membros em cada uma, que dever\u00e1 acontecer entre os dias 19, 20 e 21 de junho, a partir das 16h. Entre os crit\u00e9rios de classifica\u00e7\u00e3o est\u00e3o: originalidade, criatividade, envolvimento da comunidade, beleza e \u00e1rea ornamentada. Os grupos poder\u00e3o trabalhar o tema junino aliado \u00e0 conscientiza\u00e7\u00e3o ambiental, de maneira a contribuir para a responsabilidade de todos com a cidade, al\u00e9m de buscar transmitir uma mensagem de valor social e emocional atrav\u00e9s da decora\u00e7\u00e3o representada. A rua vencedora receber\u00e1 como pr\u00eamios R$ 1.000,00 (um mil reais), um trio de forr\u00f3 e sonoriza\u00e7\u00e3o e dois bodes, a serem usados na realiza\u00e7\u00e3o de um evento comemorativo na rua vencedora, que ser\u00e1 declarada no dia 23 de junho, no Palco Principal do S\u00e3o Jo\u00e3o, na Pra\u00e7a Jos\u00e9 Am\u00e9rico. Cariri em Destaque Fonte: Ascom\/ Andr\u00e9a Duarte\" \/>\n<meta property=\"og:url\" content=\"https:\/\/noticiasemdestaque.com\/cd\/?p=794\" \/>\n<meta property=\"og:site_name\" content=\"Not&iacute;cias em Destaque\" \/>\n<meta property=\"article:published_time\" content=\"2017-06-22T12:39:08+00:00\" \/>\n<meta property=\"og:image\" content=\"https:\/\/noticiasemdestaque.com\/cd\/wp-content\/uploads\/2017\/06\/timthumb-1-1.jpg\" \/>\n\t<meta property=\"og:image:width\" content=\"547\" \/>\n\t<meta property=\"og:image:height\" content=\"398\" \/>\n\t<meta property=\"og:image:type\" content=\"image\/jpeg\" \/>\n<meta name=\"author\" content=\"Not\u00edcias em Destaque\" \/>\n<meta name=\"twitter:card\" content=\"summary_large_image\" \/>\n<meta name=\"twitter:label1\" content=\"Escrito por\" \/>\n\t<meta name=\"twitter:data1\" content=\"Not\u00edcias em Destaque\" \/>\n\t<meta name=\"twitter:label2\" content=\"Est. tempo de leitura\" \/>\n\t<meta name=\"twitter:data2\" content=\"1 minuto\" \/>\n<script type=\"application\/ld+json\" class=\"yoast-schema-graph\">{\"@context\":\"https:\/\/schema.org\",\"@graph\":[{\"@type\":\"Article\",\"@id\":\"https:\/\/noticiasemdestaque.com\/cd\/?p=794#article\",\"isPartOf\":{\"@id\":\"https:\/\/noticiasemdestaque.com\/cd\/?p=794\"},\"author\":{\"name\":\"Not\u00edcias em Destaque\",\"@id\":\"https:\/\/noticiasemdestaque.com\/cd\/#\/schema\/person\/4a81fb71f77579d059c3045891fa1786\"},\"headline\":\"Prefeitura promove concurso de ornamenta\u00e7\u00e3o de rua no S\u00e3o Jo\u00e3o de Sum\u00e9\",\"datePublished\":\"2017-06-22T12:39:08+00:00\",\"mainEntityOfPage\":{\"@id\":\"https:\/\/noticiasemdestaque.com\/cd\/?p=794\"},\"wordCount\":306,\"publisher\":{\"@id\":\"https:\/\/noticiasemdestaque.com\/cd\/#organization\"},\"image\":{\"@id\":\"https:\/\/noticiasemdestaque.com\/cd\/?p=794#primaryimage\"},\"thumbnailUrl\":\"https:\/\/noticiasemdestaque.com\/cd\/wp-content\/uploads\/2017\/06\/timthumb-1-1.jpg\",\"articleSection\":[\"Cidades\"],\"inLanguage\":\"pt-BR\"},{\"@type\":\"WebPage\",\"@id\":\"https:\/\/noticiasemdestaque.com\/cd\/?p=794\",\"url\":\"https:\/\/noticiasemdestaque.com\/cd\/?p=794\",\"name\":\"Prefeitura promove concurso de ornamenta\u00e7\u00e3o de rua no S\u00e3o Jo\u00e3o de Sum\u00e9 - Not&iacute;cias em Destaque\",\"isPartOf\":{\"@id\":\"https:\/\/noticiasemdestaque.com\/cd\/#website\"},\"primaryImageOfPage\":{\"@id\":\"https:\/\/noticiasemdestaque.com\/cd\/?p=794#primaryimage\"},\"image\":{\"@id\":\"https:\/\/noticiasemdestaque.com\/cd\/?p=794#primaryimage\"},\"thumbnailUrl\":\"https:\/\/noticiasemdestaque.com\/cd\/wp-content\/uploads\/2017\/06\/timthumb-1-1.jpg\",\"datePublished\":\"2017-06-22T12:39:08+00:00\",\"breadcrumb\":{\"@id\":\"https:\/\/noticiasemdestaque.com\/cd\/?p=794#breadcrumb\"},\"inLanguage\":\"pt-BR\",\"potentialAction\":[{\"@type\":\"ReadAction\",\"target\":[\"https:\/\/noticiasemdestaque.com\/cd\/?p=794\"]}]},{\"@type\":\"ImageObject\",\"inLanguage\":\"pt-BR\",\"@id\":\"https:\/\/noticiasemdestaque.com\/cd\/?p=794#primaryimage\",\"url\":\"https:\/\/noticiasemdestaque.com\/cd\/wp-content\/uploads\/2017\/06\/timthumb-1-1.jpg\",\"contentUrl\":\"https:\/\/noticiasemdestaque.com\/cd\/wp-content\/uploads\/2017\/06\/timthumb-1-1.jpg\",\"width\":547,\"height\":398},{\"@type\":\"BreadcrumbList\",\"@id\":\"https:\/\/noticiasemdestaque.com\/cd\/?p=794#breadcrumb\",\"itemListElement\":[{\"@type\":\"ListItem\",\"position\":1,\"name\":\"In\u00edcio\",\"item\":\"https:\/\/noticiasemdestaque.com\/cd\/\"},{\"@type\":\"ListItem\",\"position\":2,\"name\":\"Prefeitura promove concurso de ornamenta\u00e7\u00e3o de rua no S\u00e3o Jo\u00e3o de Sum\u00e9\"}]},{\"@type\":\"WebSite\",\"@id\":\"https:\/\/noticiasemdestaque.com\/cd\/#website\",\"url\":\"https:\/\/noticiasemdestaque.com\/cd\/\",\"name\":\"Not&iacute;cias em Destaque\",\"description\":\"\",\"publisher\":{\"@id\":\"https:\/\/noticiasemdestaque.com\/cd\/#organization\"},\"potentialAction\":[{\"@type\":\"SearchAction\",\"target\":{\"@type\":\"EntryPoint\",\"urlTemplate\":\"https:\/\/noticiasemdestaque.com\/cd\/?s={search_term_string}\"},\"query-input\":{\"@type\":\"PropertyValueSpecification\",\"valueRequired\":true,\"valueName\":\"search_term_string\"}}],\"inLanguage\":\"pt-BR\"},{\"@type\":\"Organization\",\"@id\":\"https:\/\/noticiasemdestaque.com\/cd\/#organization\",\"name\":\"Not\u00edcias em Destaque\",\"url\":\"https:\/\/noticiasemdestaque.com\/cd\/\",\"logo\":{\"@type\":\"ImageObject\",\"inLanguage\":\"pt-BR\",\"@id\":\"https:\/\/noticiasemdestaque.com\/cd\/#\/schema\/logo\/image\/\",\"url\":\"https:\/\/noticiasemdestaque.com\/cd\/wp-content\/uploads\/2022\/05\/imagem-base-noticiasemdestaque.png\",\"contentUrl\":\"https:\/\/noticiasemdestaque.com\/cd\/wp-content\/uploads\/2022\/05\/imagem-base-noticiasemdestaque.png\",\"width\":1200,\"height\":630,\"caption\":\"Not\u00edcias em Destaque\"},\"image\":{\"@id\":\"https:\/\/noticiasemdestaque.com\/cd\/#\/schema\/logo\/image\/\"}},{\"@type\":\"Person\",\"@id\":\"https:\/\/noticiasemdestaque.com\/cd\/#\/schema\/person\/4a81fb71f77579d059c3045891fa1786\",\"name\":\"Not\u00edcias em Destaque\",\"url\":\"https:\/\/noticiasemdestaque.com\/cd\/?author=2\"}]}<\/script>\n<!-- \/ Yoast SEO plugin. -->","yoast_head_json":{"title":"Prefeitura promove concurso de ornamenta\u00e7\u00e3o de rua no S\u00e3o Jo\u00e3o de Sum\u00e9 - Not&iacute;cias em Destaque","robots":{"index":"index","follow":"follow","max-snippet":"max-snippet:-1","max-image-preview":"max-image-preview:large","max-video-preview":"max-video-preview:-1"},"canonical":"https:\/\/noticiasemdestaque.com\/cd\/?p=794","og_locale":"pt_BR","og_type":"article","og_title":"Prefeitura promove concurso de ornamenta\u00e7\u00e3o de rua no S\u00e3o Jo\u00e3o de Sum\u00e9 - Not&iacute;cias em Destaque","og_description":"Como parte da programa\u00e7\u00e3o do S\u00e3o Jo\u00e3o do munic\u00edpio, a Prefeitura de Sum\u00e9 realiza este ano o concurso da melhor ornamenta\u00e7\u00e3o de rua tendo como tema as festas juninas. As inscri\u00e7\u00f5es para participar do concurso v\u00e3o at\u00e9 o dia 09 de junho e devem ser feitas na Secretaria de Educa\u00e7\u00e3o. Poder\u00e3o se inscrever ruas compreendidas dentro do per\u00edmetro urbano do munic\u00edpio. Cada rua dever\u00e1 formar uma comiss\u00e3o com no m\u00e1ximo cinco representantes escolhidos entre os pr\u00f3prios moradores da rua. Todo material empregado e despesas de decora\u00e7\u00e3o ficar\u00e3o a cargo de cada comiss\u00e3o local e exclusivamente dos moradores de cada rua. A organiza\u00e7\u00e3o do S\u00e3o Jo\u00e3o ir\u00e1 constituir uma comiss\u00e3o julgadora para selecionar e classificar as ruas inscritas. As ruas inscritas ser\u00e3o selecionadas pela Comiss\u00e3o Julgadora ap\u00f3s visita dos membros em cada uma, que dever\u00e1 acontecer entre os dias 19, 20 e 21 de junho, a partir das 16h. Entre os crit\u00e9rios de classifica\u00e7\u00e3o est\u00e3o: originalidade, criatividade, envolvimento da comunidade, beleza e \u00e1rea ornamentada. Os grupos poder\u00e3o trabalhar o tema junino aliado \u00e0 conscientiza\u00e7\u00e3o ambiental, de maneira a contribuir para a responsabilidade de todos com a cidade, al\u00e9m de buscar transmitir uma mensagem de valor social e emocional atrav\u00e9s da decora\u00e7\u00e3o representada. A rua vencedora receber\u00e1 como pr\u00eamios R$ 1.000,00 (um mil reais), um trio de forr\u00f3 e sonoriza\u00e7\u00e3o e dois bodes, a serem usados na realiza\u00e7\u00e3o de um evento comemorativo na rua vencedora, que ser\u00e1 declarada no dia 23 de junho, no Palco Principal do S\u00e3o Jo\u00e3o, na Pra\u00e7a Jos\u00e9 Am\u00e9rico. Cariri em Destaque Fonte: Ascom\/ Andr\u00e9a Duarte","og_url":"https:\/\/noticiasemdestaque.com\/cd\/?p=794","og_site_name":"Not&iacute;cias em Destaque","article_published_time":"2017-06-22T12:39:08+00:00","og_image":[{"width":547,"height":398,"url":"https:\/\/noticiasemdestaque.com\/cd\/wp-content\/uploads\/2017\/06\/timthumb-1-1.jpg","type":"image\/jpeg"}],"author":"Not\u00edcias em Destaque","twitter_card":"summary_large_image","twitter_misc":{"Escrito por":"Not\u00edcias em Destaque","Est. tempo de leitura":"1 minuto"},"schema":{"@context":"https:\/\/schema.org","@graph":[{"@type":"Article","@id":"https:\/\/noticiasemdestaque.com\/cd\/?p=794#article","isPartOf":{"@id":"https:\/\/noticiasemdestaque.com\/cd\/?p=794"},"author":{"name":"Not\u00edcias em Destaque","@id":"https:\/\/noticiasemdestaque.com\/cd\/#\/schema\/person\/4a81fb71f77579d059c3045891fa1786"},"headline":"Prefeitura promove concurso de ornamenta\u00e7\u00e3o de rua no S\u00e3o Jo\u00e3o de Sum\u00e9","datePublished":"2017-06-22T12:39:08+00:00","mainEntityOfPage":{"@id":"https:\/\/noticiasemdestaque.com\/cd\/?p=794"},"wordCount":306,"publisher":{"@id":"https:\/\/noticiasemdestaque.com\/cd\/#organization"},"image":{"@id":"https:\/\/noticiasemdestaque.com\/cd\/?p=794#primaryimage"},"thumbnailUrl":"https:\/\/noticiasemdestaque.com\/cd\/wp-content\/uploads\/2017\/06\/timthumb-1-1.jpg","articleSection":["Cidades"],"inLanguage":"pt-BR"},{"@type":"WebPage","@id":"https:\/\/noticiasemdestaque.com\/cd\/?p=794","url":"https:\/\/noticiasemdestaque.com\/cd\/?p=794","name":"Prefeitura promove concurso de ornamenta\u00e7\u00e3o de rua no S\u00e3o Jo\u00e3o de Sum\u00e9 - Not&iacute;cias em Destaque","isPartOf":{"@id":"https:\/\/noticiasemdestaque.com\/cd\/#website"},"primaryImageOfPage":{"@id":"https:\/\/noticiasemdestaque.com\/cd\/?p=794#primaryimage"},"image":{"@id":"https:\/\/noticiasemdestaque.com\/cd\/?p=794#primaryimage"},"thumbnailUrl":"https:\/\/noticiasemdestaque.com\/cd\/wp-content\/uploads\/2017\/06\/timthumb-1-1.jpg","datePublished":"2017-06-22T12:39:08+00:00","breadcrumb":{"@id":"https:\/\/noticiasemdestaque.com\/cd\/?p=794#breadcrumb"},"inLanguage":"pt-BR","potentialAction":[{"@type":"ReadAction","target":["https:\/\/noticiasemdestaque.com\/cd\/?p=794"]}]},{"@type":"ImageObject","inLanguage":"pt-BR","@id":"https:\/\/noticiasemdestaque.com\/cd\/?p=794#primaryimage","url":"https:\/\/noticiasemdestaque.com\/cd\/wp-content\/uploads\/2017\/06\/timthumb-1-1.jpg","contentUrl":"https:\/\/noticiasemdestaque.com\/cd\/wp-content\/uploads\/2017\/06\/timthumb-1-1.jpg","width":547,"height":398},{"@type":"BreadcrumbList","@id":"https:\/\/noticiasemdestaque.com\/cd\/?p=794#breadcrumb","itemListElement":[{"@type":"ListItem","position":1,"name":"In\u00edcio","item":"https:\/\/noticiasemdestaque.com\/cd\/"},{"@type":"ListItem","position":2,"name":"Prefeitura promove concurso de ornamenta\u00e7\u00e3o de rua no S\u00e3o Jo\u00e3o de Sum\u00e9"}]},{"@type":"WebSite","@id":"https:\/\/noticiasemdestaque.com\/cd\/#website","url":"https:\/\/noticiasemdestaque.com\/cd\/","name":"Not&iacute;cias em Destaque","description":"","publisher":{"@id":"https:\/\/noticiasemdestaque.com\/cd\/#organization"},"potentialAction":[{"@type":"SearchAction","target":{"@type":"EntryPoint","urlTemplate":"https:\/\/noticiasemdestaque.com\/cd\/?s={search_term_string}"},"query-input":{"@type":"PropertyValueSpecification","valueRequired":true,"valueName":"search_term_string"}}],"inLanguage":"pt-BR"},{"@type":"Organization","@id":"https:\/\/noticiasemdestaque.com\/cd\/#organization","name":"Not\u00edcias em Destaque","url":"https:\/\/noticiasemdestaque.com\/cd\/","logo":{"@type":"ImageObject","inLanguage":"pt-BR","@id":"https:\/\/noticiasemdestaque.com\/cd\/#\/schema\/logo\/image\/","url":"https:\/\/noticiasemdestaque.com\/cd\/wp-content\/uploads\/2022\/05\/imagem-base-noticiasemdestaque.png","contentUrl":"https:\/\/noticiasemdestaque.com\/cd\/wp-content\/uploads\/2022\/05\/imagem-base-noticiasemdestaque.png","width":1200,"height":630,"caption":"Not\u00edcias em Destaque"},"image":{"@id":"https:\/\/noticiasemdestaque.com\/cd\/#\/schema\/logo\/image\/"}},{"@type":"Person","@id":"https:\/\/noticiasemdestaque.com\/cd\/#\/schema\/person\/4a81fb71f77579d059c3045891fa1786","name":"Not\u00edcias em Destaque","url":"https:\/\/noticiasemdestaque.com\/cd\/?author=2"}]}},"jetpack_featured_media_url":"https:\/\/noticiasemdestaque.com\/cd\/wp-content\/uploads\/2017\/06\/timthumb-1-1.jpg","jetpack_sharing_enabled":true,"_links":{"self":[{"href":"https:\/\/noticiasemdestaque.com\/cd\/index.php?rest_route=\/wp\/v2\/posts\/794","targetHints":{"allow":["GET"]}}],"collection":[{"href":"https:\/\/noticiasemdestaque.com\/cd\/index.php?rest_route=\/wp\/v2\/posts"}],"about":[{"href":"https:\/\/noticiasemdestaque.com\/cd\/index.php?rest_route=\/wp\/v2\/types\/post"}],"author":[{"embeddable":true,"href":"https:\/\/noticiasemdestaque.com\/cd\/index.php?rest_route=\/wp\/v2\/users\/2"}],"replies":[{"embeddable":true,"href":"https:\/\/noticiasemdestaque.com\/cd\/index.php?rest_route=%2Fwp%2Fv2%2Fcomments&post=794"}],"version-history":[{"count":1,"href":"https:\/\/noticiasemdestaque.com\/cd\/index.php?rest_route=\/wp\/v2\/posts\/794\/revisions"}],"predecessor-version":[{"id":796,"href":"https:\/\/noticiasemdestaque.com\/cd\/index.php?rest_route=\/wp\/v2\/posts\/794\/revisions\/796"}],"wp:featuredmedia":[{"embeddable":true,"href":"https:\/\/noticiasemdestaque.com\/cd\/index.php?rest_route=\/wp\/v2\/media\/795"}],"wp:attachment":[{"href":"https:\/\/noticiasemdestaque.com\/cd\/index.php?rest_route=%2Fwp%2Fv2%2Fmedia&parent=794"}],"wp:term":[{"taxonomy":"category","embeddable":true,"href":"https:\/\/noticiasemdestaque.com\/cd\/index.php?rest_route=%2Fwp%2Fv2%2Fcategories&post=794"},{"taxonomy":"post_tag","embeddable":true,"href":"https:\/\/noticiasemdestaque.com\/cd\/index.php?rest_route=%2Fwp%2Fv2%2Ftags&post=794"}],"curies":[{"name":"wp","href":"https:\/\/api.w.org\/{rel}","templated":true}]}}