{"id":7918,"date":"2018-02-12T12:20:46","date_gmt":"2018-02-12T15:20:46","guid":{"rendered":"http:\/\/caririemdestaque.com\/cd\/?p=7918"},"modified":"2018-02-12T14:21:06","modified_gmt":"2018-02-12T17:21:06","slug":"gestao-do-prefeito-de-sume-e-destaque-no-ranking-de-execucao-orcamentaria-em-2017","status":"publish","type":"post","link":"https:\/\/noticiasemdestaque.com\/cd\/?p=7918","title":{"rendered":"Gest\u00e3o do Prefeito de Sum\u00e9 \u00e9 destaque no ranking de execu\u00e7\u00e3o or\u00e7ament\u00e1ria em 2017"},"content":{"rendered":"<p><a href=\"http:\/\/caririemdestaque.com\/cd\/wp-content\/uploads\/2018\/02\/DSC_0202.jpg\"><img fetchpriority=\"high\" decoding=\"async\" class=\"size-medium wp-image-7919 aligncenter\" src=\"http:\/\/caririemdestaque.com\/cd\/wp-content\/uploads\/2018\/02\/DSC_0202-300x272.jpg\" alt=\"\" width=\"300\" height=\"272\" srcset=\"https:\/\/noticiasemdestaque.com\/cd\/wp-content\/uploads\/2018\/02\/DSC_0202-300x272.jpg 300w, https:\/\/noticiasemdestaque.com\/cd\/wp-content\/uploads\/2018\/02\/DSC_0202.jpg 675w\" sizes=\"(max-width: 300px) 100vw, 300px\" \/><\/a><\/p>\n<p>O per\u00edodo da pesquisa auditado foi de janeiro a agosto do ano passado. Dos 223 munic\u00edpios paraibanos, apenas 79 tiveram os prefeitos \u201caprovados por m\u00e9dia<\/p>\n<p>No Cariri Ocidental, de acordo com dados do Tribunal de Contas do Estado da Para\u00edba, a gest\u00e3o do prefeito de Sum\u00e9 \u00c9den Duarte \u00e9 um exemplo no que se diz respeito a execu\u00e7\u00e3o or\u00e7ament\u00e1ria,\u00a0 de Janeiro a Agosto de 2017, o munic\u00edpio recebeu <strong>R$ 27.874.017,98 e investiu R$ 26.986.795,34, <\/strong>o que representa um super\u00e1vit de 3,18 % em 2017.<\/p>\n<p>Isso significa que o prefeito \u00c9den gastou menos que o munic\u00edpio arrecadou em 2017, deixando as contas do munic\u00edpio no azul.<\/p>\n<figure id=\"attachment_7920\" aria-describedby=\"caption-attachment-7920\" style=\"width: 300px\" class=\"wp-caption aligncenter\"><a href=\"http:\/\/caririemdestaque.com\/cd\/wp-content\/uploads\/2018\/02\/givaldo_sbfm.jpg\"><img decoding=\"async\" class=\"wp-image-7920 size-medium\" src=\"http:\/\/caririemdestaque.com\/cd\/wp-content\/uploads\/2018\/02\/givaldo_sbfm-300x208.jpg\" alt=\"\" width=\"300\" height=\"208\" srcset=\"https:\/\/noticiasemdestaque.com\/cd\/wp-content\/uploads\/2018\/02\/givaldo_sbfm-300x208.jpg 300w, https:\/\/noticiasemdestaque.com\/cd\/wp-content\/uploads\/2018\/02\/givaldo_sbfm.jpg 650w\" sizes=\"(max-width: 300px) 100vw, 300px\" \/><\/a><figcaption id=\"caption-attachment-7920\" class=\"wp-caption-text\">GIVALDO LIMEIRA- PREFEITO COXIXOLA<\/figcaption><\/figure>\n<p>Outro munic\u00edpio destaque no Cariri Ocidental foi Coxixola, o prefeito Givaldo Limeira recebeu entre janeiro e agosto R$ 6.232.784,54 e investiu R$ 6.068.505,53 um super\u00e1vit de 2,64%.<\/p>\n<p>Pelo menos 144 deles est\u00e3o gastando mais do que arrecadam, \u00e9 o caso do prefeito de S\u00e3o Sebasti\u00e3o do Umbuzeiro,\u00a0Adriano Wolff (DEM). Ele \u00e9 o maior exemplo do que n\u00e3o se deve fazer em termos de gest\u00e3o p\u00fablica, segundo dados auditados do Tribunal de Contas do Estado (TCE) o prefeito recebeu <strong>R$ 8.034.373,09 e gastou R$ 16.940.010,44 um d\u00e9ficit de 110,84%.<\/strong><\/p>\n<p>O ranking de execu\u00e7\u00e3o or\u00e7amentaria do TCE apresenta dados negativos para a regi\u00e3o do Cariri Ocidental, os 7 piores resultados s\u00e3o de munic\u00edpios da regi\u00e3o:\u00a0 S\u00e3o Sebasti\u00e3o do Umbuzeiro, Prata, Cara\u00fabas, S\u00e3o Jo\u00e3o do Cariri, Ouro Velho, Amparo e Congo.<\/p>\n<figure id=\"attachment_7923\" aria-describedby=\"caption-attachment-7923\" style=\"width: 805px\" class=\"wp-caption aligncenter\"><a href=\"http:\/\/caririemdestaque.com\/cd\/wp-content\/uploads\/2018\/02\/tce.png\"><img decoding=\"async\" class=\"wp-image-7923 \" src=\"http:\/\/caririemdestaque.com\/cd\/wp-content\/uploads\/2018\/02\/tce.png\" alt=\"\" width=\"805\" height=\"163\" srcset=\"https:\/\/noticiasemdestaque.com\/cd\/wp-content\/uploads\/2018\/02\/tce.png 1044w, https:\/\/noticiasemdestaque.com\/cd\/wp-content\/uploads\/2018\/02\/tce-300x61.png 300w, https:\/\/noticiasemdestaque.com\/cd\/wp-content\/uploads\/2018\/02\/tce-768x155.png 768w, https:\/\/noticiasemdestaque.com\/cd\/wp-content\/uploads\/2018\/02\/tce-1024x207.png 1024w\" sizes=\"(max-width: 805px) 100vw, 805px\" \/><\/a><figcaption id=\"caption-attachment-7923\" class=\"wp-caption-text\">DADOS DO TRIBUNAL DE CONTAS DO ESTADO<\/figcaption><\/figure>\n<p><b>CONFIRA O RELAT\u00d3RIO: <\/b><a style=\"font-weight: bold;\" href=\"https:\/\/portal.tce.pb.gov.br\/relatorios-de-acompanhamento\/\">CLICK AQUI\u00a0<\/a><\/p>\n<p><em><strong>Cariri em Destaque<\/strong><\/em><\/p>\n","protected":false},"excerpt":{"rendered":"<p>O per\u00edodo da pesquisa auditado foi de janeiro a agosto do ano passado. Dos 223 munic\u00edpios paraibanos, apenas 79 tiveram os prefeitos \u201caprovados por m\u00e9dia No Cariri Ocidental, de acordo com dados do Tribunal de Contas do Estado da Para\u00edba, a gest\u00e3o do prefeito de Sum\u00e9 \u00c9den Duarte \u00e9 um exemplo no que se diz respeito a execu\u00e7\u00e3o or\u00e7ament\u00e1ria,\u00a0 de Janeiro a Agosto de 2017, o munic\u00edpio recebeu R$ 27.874.017,98 e investiu R$ 26.986.795,34, o que representa um super\u00e1vit de 3,18 % em 2017. Isso significa que o prefeito \u00c9den gastou menos que o munic\u00edpio arrecadou em 2017, deixando as contas do munic\u00edpio no azul. Outro munic\u00edpio destaque no Cariri Ocidental foi Coxixola, o prefeito Givaldo Limeira recebeu entre janeiro e agosto R$ 6.232.784,54 e investiu R$ 6.068.505,53 um super\u00e1vit de 2,64%. Pelo menos 144 deles est\u00e3o gastando mais do que arrecadam, \u00e9 o caso do prefeito de S\u00e3o Sebasti\u00e3o do Umbuzeiro,\u00a0Adriano Wolff (DEM). Ele \u00e9 o maior exemplo do que n\u00e3o se deve fazer em termos de gest\u00e3o p\u00fablica, segundo dados auditados do Tribunal de Contas do Estado (TCE) o prefeito recebeu R$ 8.034.373,09 e gastou R$ 16.940.010,44 um d\u00e9ficit de 110,84%. O ranking de execu\u00e7\u00e3o or\u00e7amentaria do TCE apresenta dados negativos para a regi\u00e3o do Cariri Ocidental, os 7 piores resultados s\u00e3o de munic\u00edpios da regi\u00e3o:\u00a0 S\u00e3o Sebasti\u00e3o do Umbuzeiro, Prata, Cara\u00fabas, S\u00e3o Jo\u00e3o do Cariri, Ouro Velho, Amparo e Congo. CONFIRA O RELAT\u00d3RIO: CLICK AQUI\u00a0 Cariri em Destaque<\/p>\n","protected":false},"author":2,"featured_media":7919,"comment_status":"closed","ping_status":"open","sticky":false,"template":"","format":"standard","meta":{"_eb_attr":"","_jetpack_memberships_contains_paid_content":false,"footnotes":""},"categories":[4],"tags":[],"class_list":["post-7918","post","type-post","status-publish","format-standard","has-post-thumbnail","hentry","category-politica"],"yoast_head":"<!-- This site is optimized with the Yoast SEO plugin v26.5 - https:\/\/yoast.com\/wordpress\/plugins\/seo\/ -->\n<title>Gest\u00e3o do Prefeito de Sum\u00e9 \u00e9 destaque no ranking de execu\u00e7\u00e3o or\u00e7ament\u00e1ria em 2017 - Not&iacute;cias em Destaque<\/title>\n<meta name=\"robots\" content=\"index, follow, max-snippet:-1, max-image-preview:large, max-video-preview:-1\" \/>\n<link rel=\"canonical\" href=\"https:\/\/noticiasemdestaque.com\/cd\/?p=7918\" \/>\n<meta property=\"og:locale\" content=\"pt_BR\" \/>\n<meta property=\"og:type\" content=\"article\" \/>\n<meta property=\"og:title\" content=\"Gest\u00e3o do Prefeito de Sum\u00e9 \u00e9 destaque no ranking de execu\u00e7\u00e3o or\u00e7ament\u00e1ria em 2017 - Not&iacute;cias em Destaque\" \/>\n<meta property=\"og:description\" content=\"O per\u00edodo da pesquisa auditado foi de janeiro a agosto do ano passado. Dos 223 munic\u00edpios paraibanos, apenas 79 tiveram os prefeitos \u201caprovados por m\u00e9dia No Cariri Ocidental, de acordo com dados do Tribunal de Contas do Estado da Para\u00edba, a gest\u00e3o do prefeito de Sum\u00e9 \u00c9den Duarte \u00e9 um exemplo no que se diz respeito a execu\u00e7\u00e3o or\u00e7ament\u00e1ria,\u00a0 de Janeiro a Agosto de 2017, o munic\u00edpio recebeu R$ 27.874.017,98 e investiu R$ 26.986.795,34, o que representa um super\u00e1vit de 3,18 % em 2017. Isso significa que o prefeito \u00c9den gastou menos que o munic\u00edpio arrecadou em 2017, deixando as contas do munic\u00edpio no azul. Outro munic\u00edpio destaque no Cariri Ocidental foi Coxixola, o prefeito Givaldo Limeira recebeu entre janeiro e agosto R$ 6.232.784,54 e investiu R$ 6.068.505,53 um super\u00e1vit de 2,64%. Pelo menos 144 deles est\u00e3o gastando mais do que arrecadam, \u00e9 o caso do prefeito de S\u00e3o Sebasti\u00e3o do Umbuzeiro,\u00a0Adriano Wolff (DEM). Ele \u00e9 o maior exemplo do que n\u00e3o se deve fazer em termos de gest\u00e3o p\u00fablica, segundo dados auditados do Tribunal de Contas do Estado (TCE) o prefeito recebeu R$ 8.034.373,09 e gastou R$ 16.940.010,44 um d\u00e9ficit de 110,84%. O ranking de execu\u00e7\u00e3o or\u00e7amentaria do TCE apresenta dados negativos para a regi\u00e3o do Cariri Ocidental, os 7 piores resultados s\u00e3o de munic\u00edpios da regi\u00e3o:\u00a0 S\u00e3o Sebasti\u00e3o do Umbuzeiro, Prata, Cara\u00fabas, S\u00e3o Jo\u00e3o do Cariri, Ouro Velho, Amparo e Congo. CONFIRA O RELAT\u00d3RIO: CLICK AQUI\u00a0 Cariri em Destaque\" \/>\n<meta property=\"og:url\" content=\"https:\/\/noticiasemdestaque.com\/cd\/?p=7918\" \/>\n<meta property=\"og:site_name\" content=\"Not&iacute;cias em Destaque\" \/>\n<meta property=\"article:published_time\" content=\"2018-02-12T15:20:46+00:00\" \/>\n<meta property=\"article:modified_time\" content=\"2018-02-12T17:21:06+00:00\" \/>\n<meta property=\"og:image\" content=\"https:\/\/noticiasemdestaque.com\/cd\/wp-content\/uploads\/2018\/02\/DSC_0202.jpg\" \/>\n\t<meta property=\"og:image:width\" content=\"675\" \/>\n\t<meta property=\"og:image:height\" content=\"612\" \/>\n\t<meta property=\"og:image:type\" content=\"image\/jpeg\" \/>\n<meta name=\"author\" content=\"Not\u00edcias em Destaque\" \/>\n<meta name=\"twitter:card\" content=\"summary_large_image\" \/>\n<meta name=\"twitter:label1\" content=\"Escrito por\" \/>\n\t<meta name=\"twitter:data1\" content=\"Not\u00edcias em Destaque\" \/>\n\t<meta name=\"twitter:label2\" content=\"Est. tempo de leitura\" \/>\n\t<meta name=\"twitter:data2\" content=\"1 minuto\" \/>\n<script type=\"application\/ld+json\" class=\"yoast-schema-graph\">{\"@context\":\"https:\/\/schema.org\",\"@graph\":[{\"@type\":\"Article\",\"@id\":\"https:\/\/noticiasemdestaque.com\/cd\/?p=7918#article\",\"isPartOf\":{\"@id\":\"https:\/\/noticiasemdestaque.com\/cd\/?p=7918\"},\"author\":{\"name\":\"Not\u00edcias em Destaque\",\"@id\":\"https:\/\/noticiasemdestaque.com\/cd\/#\/schema\/person\/21320b03a7e8bb90128938dafc9b908a\"},\"headline\":\"Gest\u00e3o do Prefeito de Sum\u00e9 \u00e9 destaque no ranking de execu\u00e7\u00e3o or\u00e7ament\u00e1ria em 2017\",\"datePublished\":\"2018-02-12T15:20:46+00:00\",\"dateModified\":\"2018-02-12T17:21:06+00:00\",\"mainEntityOfPage\":{\"@id\":\"https:\/\/noticiasemdestaque.com\/cd\/?p=7918\"},\"wordCount\":296,\"publisher\":{\"@id\":\"https:\/\/noticiasemdestaque.com\/cd\/#organization\"},\"image\":{\"@id\":\"https:\/\/noticiasemdestaque.com\/cd\/?p=7918#primaryimage\"},\"thumbnailUrl\":\"https:\/\/noticiasemdestaque.com\/cd\/wp-content\/uploads\/2018\/02\/DSC_0202.jpg\",\"articleSection\":[\"Pol\u00edtica\"],\"inLanguage\":\"pt-BR\"},{\"@type\":\"WebPage\",\"@id\":\"https:\/\/noticiasemdestaque.com\/cd\/?p=7918\",\"url\":\"https:\/\/noticiasemdestaque.com\/cd\/?p=7918\",\"name\":\"Gest\u00e3o do Prefeito de Sum\u00e9 \u00e9 destaque no ranking de execu\u00e7\u00e3o or\u00e7ament\u00e1ria em 2017 - Not&iacute;cias em Destaque\",\"isPartOf\":{\"@id\":\"https:\/\/noticiasemdestaque.com\/cd\/#website\"},\"primaryImageOfPage\":{\"@id\":\"https:\/\/noticiasemdestaque.com\/cd\/?p=7918#primaryimage\"},\"image\":{\"@id\":\"https:\/\/noticiasemdestaque.com\/cd\/?p=7918#primaryimage\"},\"thumbnailUrl\":\"https:\/\/noticiasemdestaque.com\/cd\/wp-content\/uploads\/2018\/02\/DSC_0202.jpg\",\"datePublished\":\"2018-02-12T15:20:46+00:00\",\"dateModified\":\"2018-02-12T17:21:06+00:00\",\"breadcrumb\":{\"@id\":\"https:\/\/noticiasemdestaque.com\/cd\/?p=7918#breadcrumb\"},\"inLanguage\":\"pt-BR\",\"potentialAction\":[{\"@type\":\"ReadAction\",\"target\":[\"https:\/\/noticiasemdestaque.com\/cd\/?p=7918\"]}]},{\"@type\":\"ImageObject\",\"inLanguage\":\"pt-BR\",\"@id\":\"https:\/\/noticiasemdestaque.com\/cd\/?p=7918#primaryimage\",\"url\":\"https:\/\/noticiasemdestaque.com\/cd\/wp-content\/uploads\/2018\/02\/DSC_0202.jpg\",\"contentUrl\":\"https:\/\/noticiasemdestaque.com\/cd\/wp-content\/uploads\/2018\/02\/DSC_0202.jpg\",\"width\":675,\"height\":612,\"caption\":\"????????????????????????????????????\"},{\"@type\":\"BreadcrumbList\",\"@id\":\"https:\/\/noticiasemdestaque.com\/cd\/?p=7918#breadcrumb\",\"itemListElement\":[{\"@type\":\"ListItem\",\"position\":1,\"name\":\"In\u00edcio\",\"item\":\"https:\/\/noticiasemdestaque.com\/cd\/\"},{\"@type\":\"ListItem\",\"position\":2,\"name\":\"Gest\u00e3o do Prefeito de Sum\u00e9 \u00e9 destaque no ranking de execu\u00e7\u00e3o or\u00e7ament\u00e1ria em 2017\"}]},{\"@type\":\"WebSite\",\"@id\":\"https:\/\/noticiasemdestaque.com\/cd\/#website\",\"url\":\"https:\/\/noticiasemdestaque.com\/cd\/\",\"name\":\"Not&iacute;cias em Destaque\",\"description\":\"\",\"publisher\":{\"@id\":\"https:\/\/noticiasemdestaque.com\/cd\/#organization\"},\"potentialAction\":[{\"@type\":\"SearchAction\",\"target\":{\"@type\":\"EntryPoint\",\"urlTemplate\":\"https:\/\/noticiasemdestaque.com\/cd\/?s={search_term_string}\"},\"query-input\":{\"@type\":\"PropertyValueSpecification\",\"valueRequired\":true,\"valueName\":\"search_term_string\"}}],\"inLanguage\":\"pt-BR\"},{\"@type\":\"Organization\",\"@id\":\"https:\/\/noticiasemdestaque.com\/cd\/#organization\",\"name\":\"Not\u00edcias em Destaque\",\"url\":\"https:\/\/noticiasemdestaque.com\/cd\/\",\"logo\":{\"@type\":\"ImageObject\",\"inLanguage\":\"pt-BR\",\"@id\":\"https:\/\/noticiasemdestaque.com\/cd\/#\/schema\/logo\/image\/\",\"url\":\"https:\/\/noticiasemdestaque.com\/cd\/wp-content\/uploads\/2022\/05\/imagem-base-noticiasemdestaque.png\",\"contentUrl\":\"https:\/\/noticiasemdestaque.com\/cd\/wp-content\/uploads\/2022\/05\/imagem-base-noticiasemdestaque.png\",\"width\":1200,\"height\":630,\"caption\":\"Not\u00edcias em Destaque\"},\"image\":{\"@id\":\"https:\/\/noticiasemdestaque.com\/cd\/#\/schema\/logo\/image\/\"}},{\"@type\":\"Person\",\"@id\":\"https:\/\/noticiasemdestaque.com\/cd\/#\/schema\/person\/21320b03a7e8bb90128938dafc9b908a\",\"name\":\"Not\u00edcias em Destaque\",\"url\":\"https:\/\/noticiasemdestaque.com\/cd\/?author=2\"}]}<\/script>\n<!-- \/ Yoast SEO plugin. -->","yoast_head_json":{"title":"Gest\u00e3o do Prefeito de Sum\u00e9 \u00e9 destaque no ranking de execu\u00e7\u00e3o or\u00e7ament\u00e1ria em 2017 - Not&iacute;cias em Destaque","robots":{"index":"index","follow":"follow","max-snippet":"max-snippet:-1","max-image-preview":"max-image-preview:large","max-video-preview":"max-video-preview:-1"},"canonical":"https:\/\/noticiasemdestaque.com\/cd\/?p=7918","og_locale":"pt_BR","og_type":"article","og_title":"Gest\u00e3o do Prefeito de Sum\u00e9 \u00e9 destaque no ranking de execu\u00e7\u00e3o or\u00e7ament\u00e1ria em 2017 - Not&iacute;cias em Destaque","og_description":"O per\u00edodo da pesquisa auditado foi de janeiro a agosto do ano passado. Dos 223 munic\u00edpios paraibanos, apenas 79 tiveram os prefeitos \u201caprovados por m\u00e9dia No Cariri Ocidental, de acordo com dados do Tribunal de Contas do Estado da Para\u00edba, a gest\u00e3o do prefeito de Sum\u00e9 \u00c9den Duarte \u00e9 um exemplo no que se diz respeito a execu\u00e7\u00e3o or\u00e7ament\u00e1ria,\u00a0 de Janeiro a Agosto de 2017, o munic\u00edpio recebeu R$ 27.874.017,98 e investiu R$ 26.986.795,34, o que representa um super\u00e1vit de 3,18 % em 2017. Isso significa que o prefeito \u00c9den gastou menos que o munic\u00edpio arrecadou em 2017, deixando as contas do munic\u00edpio no azul. Outro munic\u00edpio destaque no Cariri Ocidental foi Coxixola, o prefeito Givaldo Limeira recebeu entre janeiro e agosto R$ 6.232.784,54 e investiu R$ 6.068.505,53 um super\u00e1vit de 2,64%. Pelo menos 144 deles est\u00e3o gastando mais do que arrecadam, \u00e9 o caso do prefeito de S\u00e3o Sebasti\u00e3o do Umbuzeiro,\u00a0Adriano Wolff (DEM). Ele \u00e9 o maior exemplo do que n\u00e3o se deve fazer em termos de gest\u00e3o p\u00fablica, segundo dados auditados do Tribunal de Contas do Estado (TCE) o prefeito recebeu R$ 8.034.373,09 e gastou R$ 16.940.010,44 um d\u00e9ficit de 110,84%. O ranking de execu\u00e7\u00e3o or\u00e7amentaria do TCE apresenta dados negativos para a regi\u00e3o do Cariri Ocidental, os 7 piores resultados s\u00e3o de munic\u00edpios da regi\u00e3o:\u00a0 S\u00e3o Sebasti\u00e3o do Umbuzeiro, Prata, Cara\u00fabas, S\u00e3o Jo\u00e3o do Cariri, Ouro Velho, Amparo e Congo. CONFIRA O RELAT\u00d3RIO: CLICK AQUI\u00a0 Cariri em Destaque","og_url":"https:\/\/noticiasemdestaque.com\/cd\/?p=7918","og_site_name":"Not&iacute;cias em Destaque","article_published_time":"2018-02-12T15:20:46+00:00","article_modified_time":"2018-02-12T17:21:06+00:00","og_image":[{"width":675,"height":612,"url":"https:\/\/noticiasemdestaque.com\/cd\/wp-content\/uploads\/2018\/02\/DSC_0202.jpg","type":"image\/jpeg"}],"author":"Not\u00edcias em Destaque","twitter_card":"summary_large_image","twitter_misc":{"Escrito por":"Not\u00edcias em Destaque","Est. tempo de leitura":"1 minuto"},"schema":{"@context":"https:\/\/schema.org","@graph":[{"@type":"Article","@id":"https:\/\/noticiasemdestaque.com\/cd\/?p=7918#article","isPartOf":{"@id":"https:\/\/noticiasemdestaque.com\/cd\/?p=7918"},"author":{"name":"Not\u00edcias em Destaque","@id":"https:\/\/noticiasemdestaque.com\/cd\/#\/schema\/person\/21320b03a7e8bb90128938dafc9b908a"},"headline":"Gest\u00e3o do Prefeito de Sum\u00e9 \u00e9 destaque no ranking de execu\u00e7\u00e3o or\u00e7ament\u00e1ria em 2017","datePublished":"2018-02-12T15:20:46+00:00","dateModified":"2018-02-12T17:21:06+00:00","mainEntityOfPage":{"@id":"https:\/\/noticiasemdestaque.com\/cd\/?p=7918"},"wordCount":296,"publisher":{"@id":"https:\/\/noticiasemdestaque.com\/cd\/#organization"},"image":{"@id":"https:\/\/noticiasemdestaque.com\/cd\/?p=7918#primaryimage"},"thumbnailUrl":"https:\/\/noticiasemdestaque.com\/cd\/wp-content\/uploads\/2018\/02\/DSC_0202.jpg","articleSection":["Pol\u00edtica"],"inLanguage":"pt-BR"},{"@type":"WebPage","@id":"https:\/\/noticiasemdestaque.com\/cd\/?p=7918","url":"https:\/\/noticiasemdestaque.com\/cd\/?p=7918","name":"Gest\u00e3o do Prefeito de Sum\u00e9 \u00e9 destaque no ranking de execu\u00e7\u00e3o or\u00e7ament\u00e1ria em 2017 - Not&iacute;cias em Destaque","isPartOf":{"@id":"https:\/\/noticiasemdestaque.com\/cd\/#website"},"primaryImageOfPage":{"@id":"https:\/\/noticiasemdestaque.com\/cd\/?p=7918#primaryimage"},"image":{"@id":"https:\/\/noticiasemdestaque.com\/cd\/?p=7918#primaryimage"},"thumbnailUrl":"https:\/\/noticiasemdestaque.com\/cd\/wp-content\/uploads\/2018\/02\/DSC_0202.jpg","datePublished":"2018-02-12T15:20:46+00:00","dateModified":"2018-02-12T17:21:06+00:00","breadcrumb":{"@id":"https:\/\/noticiasemdestaque.com\/cd\/?p=7918#breadcrumb"},"inLanguage":"pt-BR","potentialAction":[{"@type":"ReadAction","target":["https:\/\/noticiasemdestaque.com\/cd\/?p=7918"]}]},{"@type":"ImageObject","inLanguage":"pt-BR","@id":"https:\/\/noticiasemdestaque.com\/cd\/?p=7918#primaryimage","url":"https:\/\/noticiasemdestaque.com\/cd\/wp-content\/uploads\/2018\/02\/DSC_0202.jpg","contentUrl":"https:\/\/noticiasemdestaque.com\/cd\/wp-content\/uploads\/2018\/02\/DSC_0202.jpg","width":675,"height":612,"caption":"????????????????????????????????????"},{"@type":"BreadcrumbList","@id":"https:\/\/noticiasemdestaque.com\/cd\/?p=7918#breadcrumb","itemListElement":[{"@type":"ListItem","position":1,"name":"In\u00edcio","item":"https:\/\/noticiasemdestaque.com\/cd\/"},{"@type":"ListItem","position":2,"name":"Gest\u00e3o do Prefeito de Sum\u00e9 \u00e9 destaque no ranking de execu\u00e7\u00e3o or\u00e7ament\u00e1ria em 2017"}]},{"@type":"WebSite","@id":"https:\/\/noticiasemdestaque.com\/cd\/#website","url":"https:\/\/noticiasemdestaque.com\/cd\/","name":"Not&iacute;cias em Destaque","description":"","publisher":{"@id":"https:\/\/noticiasemdestaque.com\/cd\/#organization"},"potentialAction":[{"@type":"SearchAction","target":{"@type":"EntryPoint","urlTemplate":"https:\/\/noticiasemdestaque.com\/cd\/?s={search_term_string}"},"query-input":{"@type":"PropertyValueSpecification","valueRequired":true,"valueName":"search_term_string"}}],"inLanguage":"pt-BR"},{"@type":"Organization","@id":"https:\/\/noticiasemdestaque.com\/cd\/#organization","name":"Not\u00edcias em Destaque","url":"https:\/\/noticiasemdestaque.com\/cd\/","logo":{"@type":"ImageObject","inLanguage":"pt-BR","@id":"https:\/\/noticiasemdestaque.com\/cd\/#\/schema\/logo\/image\/","url":"https:\/\/noticiasemdestaque.com\/cd\/wp-content\/uploads\/2022\/05\/imagem-base-noticiasemdestaque.png","contentUrl":"https:\/\/noticiasemdestaque.com\/cd\/wp-content\/uploads\/2022\/05\/imagem-base-noticiasemdestaque.png","width":1200,"height":630,"caption":"Not\u00edcias em Destaque"},"image":{"@id":"https:\/\/noticiasemdestaque.com\/cd\/#\/schema\/logo\/image\/"}},{"@type":"Person","@id":"https:\/\/noticiasemdestaque.com\/cd\/#\/schema\/person\/21320b03a7e8bb90128938dafc9b908a","name":"Not\u00edcias em Destaque","url":"https:\/\/noticiasemdestaque.com\/cd\/?author=2"}]}},"jetpack_featured_media_url":"https:\/\/noticiasemdestaque.com\/cd\/wp-content\/uploads\/2018\/02\/DSC_0202.jpg","jetpack_sharing_enabled":true,"_links":{"self":[{"href":"https:\/\/noticiasemdestaque.com\/cd\/index.php?rest_route=\/wp\/v2\/posts\/7918","targetHints":{"allow":["GET"]}}],"collection":[{"href":"https:\/\/noticiasemdestaque.com\/cd\/index.php?rest_route=\/wp\/v2\/posts"}],"about":[{"href":"https:\/\/noticiasemdestaque.com\/cd\/index.php?rest_route=\/wp\/v2\/types\/post"}],"author":[{"embeddable":true,"href":"https:\/\/noticiasemdestaque.com\/cd\/index.php?rest_route=\/wp\/v2\/users\/2"}],"replies":[{"embeddable":true,"href":"https:\/\/noticiasemdestaque.com\/cd\/index.php?rest_route=%2Fwp%2Fv2%2Fcomments&post=7918"}],"version-history":[{"count":10,"href":"https:\/\/noticiasemdestaque.com\/cd\/index.php?rest_route=\/wp\/v2\/posts\/7918\/revisions"}],"predecessor-version":[{"id":7931,"href":"https:\/\/noticiasemdestaque.com\/cd\/index.php?rest_route=\/wp\/v2\/posts\/7918\/revisions\/7931"}],"wp:featuredmedia":[{"embeddable":true,"href":"https:\/\/noticiasemdestaque.com\/cd\/index.php?rest_route=\/wp\/v2\/media\/7919"}],"wp:attachment":[{"href":"https:\/\/noticiasemdestaque.com\/cd\/index.php?rest_route=%2Fwp%2Fv2%2Fmedia&parent=7918"}],"wp:term":[{"taxonomy":"category","embeddable":true,"href":"https:\/\/noticiasemdestaque.com\/cd\/index.php?rest_route=%2Fwp%2Fv2%2Fcategories&post=7918"},{"taxonomy":"post_tag","embeddable":true,"href":"https:\/\/noticiasemdestaque.com\/cd\/index.php?rest_route=%2Fwp%2Fv2%2Ftags&post=7918"}],"curies":[{"name":"wp","href":"https:\/\/api.w.org\/{rel}","templated":true}]}}