{"id":7913,"date":"2018-02-12T10:09:04","date_gmt":"2018-02-12T13:09:04","guid":{"rendered":"http:\/\/caririemdestaque.com\/cd\/?p=7913"},"modified":"2018-02-12T10:09:04","modified_gmt":"2018-02-12T13:09:04","slug":"desfile-da-paraiso-do-tuiuti-tem-presidente-vampiro-de-destaque-e-ala-de-manifestantes-fantoches","status":"publish","type":"post","link":"https:\/\/noticiasemdestaque.com\/cd\/?p=7913","title":{"rendered":"Desfile da Para\u00edso do Tuiuti tem presidente vampiro de destaque e ala de manifestantes fantoches"},"content":{"rendered":"<p><a href=\"http:\/\/caririemdestaque.com\/cd\/wp-content\/uploads\/2018\/02\/whatsapp-image-2018-02-12-at-01.48.48.jpeg\"><img fetchpriority=\"high\" decoding=\"async\" class=\"size-medium wp-image-7914 alignleft\" src=\"http:\/\/caririemdestaque.com\/cd\/wp-content\/uploads\/2018\/02\/whatsapp-image-2018-02-12-at-01.48.48-300x225.jpeg\" alt=\"\" width=\"300\" height=\"225\" srcset=\"https:\/\/noticiasemdestaque.com\/cd\/wp-content\/uploads\/2018\/02\/whatsapp-image-2018-02-12-at-01.48.48-300x225.jpeg 300w, https:\/\/noticiasemdestaque.com\/cd\/wp-content\/uploads\/2018\/02\/whatsapp-image-2018-02-12-at-01.48.48-768x576.jpeg 768w, https:\/\/noticiasemdestaque.com\/cd\/wp-content\/uploads\/2018\/02\/whatsapp-image-2018-02-12-at-01.48.48-640x480.jpeg 640w, https:\/\/noticiasemdestaque.com\/cd\/wp-content\/uploads\/2018\/02\/whatsapp-image-2018-02-12-at-01.48.48.jpeg 1000w\" sizes=\"(max-width: 300px) 100vw, 300px\" \/><\/a>Com o enredo &#8220;Meu Deus, meu Deus, est\u00e1 extinta a escravid\u00e3o?\u201d, a Para\u00edso do Tuiuti, do carnavalesco Jack Vasconcelos trouxe cr\u00edticas a reforma trabalhista em seu desfile na madrugada desta segunda (12). No \u00faltimo carro, um componente viveu um &#8220;presidente vampiro&#8221; do neoliberalismo.<\/p>\n<p>O vampiro foi representado pelo professor de hist\u00f3ria L\u00e9o Morais no \u00faltimo carro da escola o navio &#8216;neo tumbeiro&#8217;. Leo trabalha como assistente do carnavalesco Jack Vasconcelos, que o convidou para representar o personagem no desfile. Leo n\u00e3o admite abertamente que o vampiro \u00e9 o Michel Temer, mas afirma que \u00e9 a favor dos protestos contra o presidente.<\/p>\n<p>\u201cSou professor de hist\u00f3ria e o protesto tem tudo a ver comigo. Esse protesto \u00e9 a minha cara. Eu acho que \u00e9 uma retomada dos enredos cr\u00edticos. A gente est\u00e1 num momento que tem que gritar mesmo\u201d, afirma.<\/p>\n<p>\u201cEu acho que a gente est\u00e1 fazendo uma coisa que todo mundo quer. Todo mundo quer botar pra fora, as pessoas querem gritar o \u201cFora Temer\u201d, as pessoas querem se manifestar e \u00e9 forma de manifestar da minha parte\u201d, explicou L\u00e9o que est\u00e1 representando um personagem pela primeira vez na Tuiuti.<\/p>\n<p>Outra cr\u00edtica do carnavalesco foi colocar na avenida uma ala com fantasias de &#8216;manifestantes fantoches&#8217;, ironizando manifestantes que pediram impeachment.<\/p>\n<p><em><strong>Cariri em Destaque<\/strong><\/em><\/p>\n<p>Com G1<\/p>\n","protected":false},"excerpt":{"rendered":"<p>Com o enredo &#8220;Meu Deus, meu Deus, est\u00e1 extinta a escravid\u00e3o?\u201d, a Para\u00edso do Tuiuti, do carnavalesco Jack Vasconcelos trouxe cr\u00edticas a reforma trabalhista em seu desfile na madrugada desta segunda (12). No \u00faltimo carro, um componente viveu um &#8220;presidente vampiro&#8221; do neoliberalismo. O vampiro foi representado pelo professor de hist\u00f3ria L\u00e9o Morais no \u00faltimo carro da escola o navio &#8216;neo tumbeiro&#8217;. Leo trabalha como assistente do carnavalesco Jack Vasconcelos, que o convidou para representar o personagem no desfile. Leo n\u00e3o admite abertamente que o vampiro \u00e9 o Michel Temer, mas afirma que \u00e9 a favor dos protestos contra o presidente. \u201cSou professor de hist\u00f3ria e o protesto tem tudo a ver comigo. Esse protesto \u00e9 a minha cara. Eu acho que \u00e9 uma retomada dos enredos cr\u00edticos. A gente est\u00e1 num momento que tem que gritar mesmo\u201d, afirma. \u201cEu acho que a gente est\u00e1 fazendo uma coisa que todo mundo quer. Todo mundo quer botar pra fora, as pessoas querem gritar o \u201cFora Temer\u201d, as pessoas querem se manifestar e \u00e9 forma de manifestar da minha parte\u201d, explicou L\u00e9o que est\u00e1 representando um personagem pela primeira vez na Tuiuti. Outra cr\u00edtica do carnavalesco foi colocar na avenida uma ala com fantasias de &#8216;manifestantes fantoches&#8217;, ironizando manifestantes que pediram impeachment. Cariri em Destaque Com G1<\/p>\n","protected":false},"author":2,"featured_media":7914,"comment_status":"closed","ping_status":"open","sticky":false,"template":"","format":"standard","meta":{"_eb_attr":"","_jetpack_memberships_contains_paid_content":false,"footnotes":""},"categories":[4],"tags":[],"class_list":["post-7913","post","type-post","status-publish","format-standard","has-post-thumbnail","hentry","category-politica"],"yoast_head":"<!-- This site is optimized with the Yoast SEO plugin v26.5 - https:\/\/yoast.com\/wordpress\/plugins\/seo\/ -->\n<title>Desfile da Para\u00edso do Tuiuti tem presidente vampiro de destaque e ala de manifestantes fantoches - Not&iacute;cias em Destaque<\/title>\n<meta name=\"robots\" content=\"index, follow, max-snippet:-1, max-image-preview:large, max-video-preview:-1\" \/>\n<link rel=\"canonical\" href=\"https:\/\/noticiasemdestaque.com\/cd\/?p=7913\" \/>\n<meta property=\"og:locale\" content=\"pt_BR\" \/>\n<meta property=\"og:type\" content=\"article\" \/>\n<meta property=\"og:title\" content=\"Desfile da Para\u00edso do Tuiuti tem presidente vampiro de destaque e ala de manifestantes fantoches - Not&iacute;cias em Destaque\" \/>\n<meta property=\"og:description\" content=\"Com o enredo &#8220;Meu Deus, meu Deus, est\u00e1 extinta a escravid\u00e3o?\u201d, a Para\u00edso do Tuiuti, do carnavalesco Jack Vasconcelos trouxe cr\u00edticas a reforma trabalhista em seu desfile na madrugada desta segunda (12). No \u00faltimo carro, um componente viveu um &#8220;presidente vampiro&#8221; do neoliberalismo. O vampiro foi representado pelo professor de hist\u00f3ria L\u00e9o Morais no \u00faltimo carro da escola o navio &#8216;neo tumbeiro&#8217;. Leo trabalha como assistente do carnavalesco Jack Vasconcelos, que o convidou para representar o personagem no desfile. Leo n\u00e3o admite abertamente que o vampiro \u00e9 o Michel Temer, mas afirma que \u00e9 a favor dos protestos contra o presidente. \u201cSou professor de hist\u00f3ria e o protesto tem tudo a ver comigo. Esse protesto \u00e9 a minha cara. Eu acho que \u00e9 uma retomada dos enredos cr\u00edticos. A gente est\u00e1 num momento que tem que gritar mesmo\u201d, afirma. \u201cEu acho que a gente est\u00e1 fazendo uma coisa que todo mundo quer. Todo mundo quer botar pra fora, as pessoas querem gritar o \u201cFora Temer\u201d, as pessoas querem se manifestar e \u00e9 forma de manifestar da minha parte\u201d, explicou L\u00e9o que est\u00e1 representando um personagem pela primeira vez na Tuiuti. Outra cr\u00edtica do carnavalesco foi colocar na avenida uma ala com fantasias de &#8216;manifestantes fantoches&#8217;, ironizando manifestantes que pediram impeachment. Cariri em Destaque Com G1\" \/>\n<meta property=\"og:url\" content=\"https:\/\/noticiasemdestaque.com\/cd\/?p=7913\" \/>\n<meta property=\"og:site_name\" content=\"Not&iacute;cias em Destaque\" \/>\n<meta property=\"article:published_time\" content=\"2018-02-12T13:09:04+00:00\" \/>\n<meta property=\"og:image\" content=\"https:\/\/noticiasemdestaque.com\/cd\/wp-content\/uploads\/2018\/02\/whatsapp-image-2018-02-12-at-01.48.48.jpeg\" \/>\n\t<meta property=\"og:image:width\" content=\"1000\" \/>\n\t<meta property=\"og:image:height\" content=\"750\" \/>\n\t<meta property=\"og:image:type\" content=\"image\/jpeg\" \/>\n<meta name=\"author\" content=\"Not\u00edcias em Destaque\" \/>\n<meta name=\"twitter:card\" content=\"summary_large_image\" \/>\n<meta name=\"twitter:label1\" content=\"Escrito por\" \/>\n\t<meta name=\"twitter:data1\" content=\"Not\u00edcias em Destaque\" \/>\n\t<meta name=\"twitter:label2\" content=\"Est. tempo de leitura\" \/>\n\t<meta name=\"twitter:data2\" content=\"1 minuto\" \/>\n<script type=\"application\/ld+json\" class=\"yoast-schema-graph\">{\"@context\":\"https:\/\/schema.org\",\"@graph\":[{\"@type\":\"Article\",\"@id\":\"https:\/\/noticiasemdestaque.com\/cd\/?p=7913#article\",\"isPartOf\":{\"@id\":\"https:\/\/noticiasemdestaque.com\/cd\/?p=7913\"},\"author\":{\"name\":\"Not\u00edcias em Destaque\",\"@id\":\"https:\/\/noticiasemdestaque.com\/cd\/#\/schema\/person\/21320b03a7e8bb90128938dafc9b908a\"},\"headline\":\"Desfile da Para\u00edso do Tuiuti tem presidente vampiro de destaque e ala de manifestantes fantoches\",\"datePublished\":\"2018-02-12T13:09:04+00:00\",\"mainEntityOfPage\":{\"@id\":\"https:\/\/noticiasemdestaque.com\/cd\/?p=7913\"},\"wordCount\":235,\"publisher\":{\"@id\":\"https:\/\/noticiasemdestaque.com\/cd\/#organization\"},\"image\":{\"@id\":\"https:\/\/noticiasemdestaque.com\/cd\/?p=7913#primaryimage\"},\"thumbnailUrl\":\"https:\/\/noticiasemdestaque.com\/cd\/wp-content\/uploads\/2018\/02\/whatsapp-image-2018-02-12-at-01.48.48.jpeg\",\"articleSection\":[\"Pol\u00edtica\"],\"inLanguage\":\"pt-BR\"},{\"@type\":\"WebPage\",\"@id\":\"https:\/\/noticiasemdestaque.com\/cd\/?p=7913\",\"url\":\"https:\/\/noticiasemdestaque.com\/cd\/?p=7913\",\"name\":\"Desfile da Para\u00edso do Tuiuti tem presidente vampiro de destaque e ala de manifestantes fantoches - Not&iacute;cias em Destaque\",\"isPartOf\":{\"@id\":\"https:\/\/noticiasemdestaque.com\/cd\/#website\"},\"primaryImageOfPage\":{\"@id\":\"https:\/\/noticiasemdestaque.com\/cd\/?p=7913#primaryimage\"},\"image\":{\"@id\":\"https:\/\/noticiasemdestaque.com\/cd\/?p=7913#primaryimage\"},\"thumbnailUrl\":\"https:\/\/noticiasemdestaque.com\/cd\/wp-content\/uploads\/2018\/02\/whatsapp-image-2018-02-12-at-01.48.48.jpeg\",\"datePublished\":\"2018-02-12T13:09:04+00:00\",\"breadcrumb\":{\"@id\":\"https:\/\/noticiasemdestaque.com\/cd\/?p=7913#breadcrumb\"},\"inLanguage\":\"pt-BR\",\"potentialAction\":[{\"@type\":\"ReadAction\",\"target\":[\"https:\/\/noticiasemdestaque.com\/cd\/?p=7913\"]}]},{\"@type\":\"ImageObject\",\"inLanguage\":\"pt-BR\",\"@id\":\"https:\/\/noticiasemdestaque.com\/cd\/?p=7913#primaryimage\",\"url\":\"https:\/\/noticiasemdestaque.com\/cd\/wp-content\/uploads\/2018\/02\/whatsapp-image-2018-02-12-at-01.48.48.jpeg\",\"contentUrl\":\"https:\/\/noticiasemdestaque.com\/cd\/wp-content\/uploads\/2018\/02\/whatsapp-image-2018-02-12-at-01.48.48.jpeg\",\"width\":1000,\"height\":750},{\"@type\":\"BreadcrumbList\",\"@id\":\"https:\/\/noticiasemdestaque.com\/cd\/?p=7913#breadcrumb\",\"itemListElement\":[{\"@type\":\"ListItem\",\"position\":1,\"name\":\"In\u00edcio\",\"item\":\"https:\/\/noticiasemdestaque.com\/cd\/\"},{\"@type\":\"ListItem\",\"position\":2,\"name\":\"Desfile da Para\u00edso do Tuiuti tem presidente vampiro de destaque e ala de manifestantes fantoches\"}]},{\"@type\":\"WebSite\",\"@id\":\"https:\/\/noticiasemdestaque.com\/cd\/#website\",\"url\":\"https:\/\/noticiasemdestaque.com\/cd\/\",\"name\":\"Not&iacute;cias em Destaque\",\"description\":\"\",\"publisher\":{\"@id\":\"https:\/\/noticiasemdestaque.com\/cd\/#organization\"},\"potentialAction\":[{\"@type\":\"SearchAction\",\"target\":{\"@type\":\"EntryPoint\",\"urlTemplate\":\"https:\/\/noticiasemdestaque.com\/cd\/?s={search_term_string}\"},\"query-input\":{\"@type\":\"PropertyValueSpecification\",\"valueRequired\":true,\"valueName\":\"search_term_string\"}}],\"inLanguage\":\"pt-BR\"},{\"@type\":\"Organization\",\"@id\":\"https:\/\/noticiasemdestaque.com\/cd\/#organization\",\"name\":\"Not\u00edcias em Destaque\",\"url\":\"https:\/\/noticiasemdestaque.com\/cd\/\",\"logo\":{\"@type\":\"ImageObject\",\"inLanguage\":\"pt-BR\",\"@id\":\"https:\/\/noticiasemdestaque.com\/cd\/#\/schema\/logo\/image\/\",\"url\":\"https:\/\/noticiasemdestaque.com\/cd\/wp-content\/uploads\/2022\/05\/imagem-base-noticiasemdestaque.png\",\"contentUrl\":\"https:\/\/noticiasemdestaque.com\/cd\/wp-content\/uploads\/2022\/05\/imagem-base-noticiasemdestaque.png\",\"width\":1200,\"height\":630,\"caption\":\"Not\u00edcias em Destaque\"},\"image\":{\"@id\":\"https:\/\/noticiasemdestaque.com\/cd\/#\/schema\/logo\/image\/\"}},{\"@type\":\"Person\",\"@id\":\"https:\/\/noticiasemdestaque.com\/cd\/#\/schema\/person\/21320b03a7e8bb90128938dafc9b908a\",\"name\":\"Not\u00edcias em Destaque\",\"url\":\"https:\/\/noticiasemdestaque.com\/cd\/?author=2\"}]}<\/script>\n<!-- \/ Yoast SEO plugin. -->","yoast_head_json":{"title":"Desfile da Para\u00edso do Tuiuti tem presidente vampiro de destaque e ala de manifestantes fantoches - Not&iacute;cias em Destaque","robots":{"index":"index","follow":"follow","max-snippet":"max-snippet:-1","max-image-preview":"max-image-preview:large","max-video-preview":"max-video-preview:-1"},"canonical":"https:\/\/noticiasemdestaque.com\/cd\/?p=7913","og_locale":"pt_BR","og_type":"article","og_title":"Desfile da Para\u00edso do Tuiuti tem presidente vampiro de destaque e ala de manifestantes fantoches - Not&iacute;cias em Destaque","og_description":"Com o enredo &#8220;Meu Deus, meu Deus, est\u00e1 extinta a escravid\u00e3o?\u201d, a Para\u00edso do Tuiuti, do carnavalesco Jack Vasconcelos trouxe cr\u00edticas a reforma trabalhista em seu desfile na madrugada desta segunda (12). No \u00faltimo carro, um componente viveu um &#8220;presidente vampiro&#8221; do neoliberalismo. O vampiro foi representado pelo professor de hist\u00f3ria L\u00e9o Morais no \u00faltimo carro da escola o navio &#8216;neo tumbeiro&#8217;. Leo trabalha como assistente do carnavalesco Jack Vasconcelos, que o convidou para representar o personagem no desfile. Leo n\u00e3o admite abertamente que o vampiro \u00e9 o Michel Temer, mas afirma que \u00e9 a favor dos protestos contra o presidente. \u201cSou professor de hist\u00f3ria e o protesto tem tudo a ver comigo. Esse protesto \u00e9 a minha cara. Eu acho que \u00e9 uma retomada dos enredos cr\u00edticos. A gente est\u00e1 num momento que tem que gritar mesmo\u201d, afirma. \u201cEu acho que a gente est\u00e1 fazendo uma coisa que todo mundo quer. Todo mundo quer botar pra fora, as pessoas querem gritar o \u201cFora Temer\u201d, as pessoas querem se manifestar e \u00e9 forma de manifestar da minha parte\u201d, explicou L\u00e9o que est\u00e1 representando um personagem pela primeira vez na Tuiuti. Outra cr\u00edtica do carnavalesco foi colocar na avenida uma ala com fantasias de &#8216;manifestantes fantoches&#8217;, ironizando manifestantes que pediram impeachment. Cariri em Destaque Com G1","og_url":"https:\/\/noticiasemdestaque.com\/cd\/?p=7913","og_site_name":"Not&iacute;cias em Destaque","article_published_time":"2018-02-12T13:09:04+00:00","og_image":[{"width":1000,"height":750,"url":"https:\/\/noticiasemdestaque.com\/cd\/wp-content\/uploads\/2018\/02\/whatsapp-image-2018-02-12-at-01.48.48.jpeg","type":"image\/jpeg"}],"author":"Not\u00edcias em Destaque","twitter_card":"summary_large_image","twitter_misc":{"Escrito por":"Not\u00edcias em Destaque","Est. tempo de leitura":"1 minuto"},"schema":{"@context":"https:\/\/schema.org","@graph":[{"@type":"Article","@id":"https:\/\/noticiasemdestaque.com\/cd\/?p=7913#article","isPartOf":{"@id":"https:\/\/noticiasemdestaque.com\/cd\/?p=7913"},"author":{"name":"Not\u00edcias em Destaque","@id":"https:\/\/noticiasemdestaque.com\/cd\/#\/schema\/person\/21320b03a7e8bb90128938dafc9b908a"},"headline":"Desfile da Para\u00edso do Tuiuti tem presidente vampiro de destaque e ala de manifestantes fantoches","datePublished":"2018-02-12T13:09:04+00:00","mainEntityOfPage":{"@id":"https:\/\/noticiasemdestaque.com\/cd\/?p=7913"},"wordCount":235,"publisher":{"@id":"https:\/\/noticiasemdestaque.com\/cd\/#organization"},"image":{"@id":"https:\/\/noticiasemdestaque.com\/cd\/?p=7913#primaryimage"},"thumbnailUrl":"https:\/\/noticiasemdestaque.com\/cd\/wp-content\/uploads\/2018\/02\/whatsapp-image-2018-02-12-at-01.48.48.jpeg","articleSection":["Pol\u00edtica"],"inLanguage":"pt-BR"},{"@type":"WebPage","@id":"https:\/\/noticiasemdestaque.com\/cd\/?p=7913","url":"https:\/\/noticiasemdestaque.com\/cd\/?p=7913","name":"Desfile da Para\u00edso do Tuiuti tem presidente vampiro de destaque e ala de manifestantes fantoches - Not&iacute;cias em Destaque","isPartOf":{"@id":"https:\/\/noticiasemdestaque.com\/cd\/#website"},"primaryImageOfPage":{"@id":"https:\/\/noticiasemdestaque.com\/cd\/?p=7913#primaryimage"},"image":{"@id":"https:\/\/noticiasemdestaque.com\/cd\/?p=7913#primaryimage"},"thumbnailUrl":"https:\/\/noticiasemdestaque.com\/cd\/wp-content\/uploads\/2018\/02\/whatsapp-image-2018-02-12-at-01.48.48.jpeg","datePublished":"2018-02-12T13:09:04+00:00","breadcrumb":{"@id":"https:\/\/noticiasemdestaque.com\/cd\/?p=7913#breadcrumb"},"inLanguage":"pt-BR","potentialAction":[{"@type":"ReadAction","target":["https:\/\/noticiasemdestaque.com\/cd\/?p=7913"]}]},{"@type":"ImageObject","inLanguage":"pt-BR","@id":"https:\/\/noticiasemdestaque.com\/cd\/?p=7913#primaryimage","url":"https:\/\/noticiasemdestaque.com\/cd\/wp-content\/uploads\/2018\/02\/whatsapp-image-2018-02-12-at-01.48.48.jpeg","contentUrl":"https:\/\/noticiasemdestaque.com\/cd\/wp-content\/uploads\/2018\/02\/whatsapp-image-2018-02-12-at-01.48.48.jpeg","width":1000,"height":750},{"@type":"BreadcrumbList","@id":"https:\/\/noticiasemdestaque.com\/cd\/?p=7913#breadcrumb","itemListElement":[{"@type":"ListItem","position":1,"name":"In\u00edcio","item":"https:\/\/noticiasemdestaque.com\/cd\/"},{"@type":"ListItem","position":2,"name":"Desfile da Para\u00edso do Tuiuti tem presidente vampiro de destaque e ala de manifestantes fantoches"}]},{"@type":"WebSite","@id":"https:\/\/noticiasemdestaque.com\/cd\/#website","url":"https:\/\/noticiasemdestaque.com\/cd\/","name":"Not&iacute;cias em Destaque","description":"","publisher":{"@id":"https:\/\/noticiasemdestaque.com\/cd\/#organization"},"potentialAction":[{"@type":"SearchAction","target":{"@type":"EntryPoint","urlTemplate":"https:\/\/noticiasemdestaque.com\/cd\/?s={search_term_string}"},"query-input":{"@type":"PropertyValueSpecification","valueRequired":true,"valueName":"search_term_string"}}],"inLanguage":"pt-BR"},{"@type":"Organization","@id":"https:\/\/noticiasemdestaque.com\/cd\/#organization","name":"Not\u00edcias em Destaque","url":"https:\/\/noticiasemdestaque.com\/cd\/","logo":{"@type":"ImageObject","inLanguage":"pt-BR","@id":"https:\/\/noticiasemdestaque.com\/cd\/#\/schema\/logo\/image\/","url":"https:\/\/noticiasemdestaque.com\/cd\/wp-content\/uploads\/2022\/05\/imagem-base-noticiasemdestaque.png","contentUrl":"https:\/\/noticiasemdestaque.com\/cd\/wp-content\/uploads\/2022\/05\/imagem-base-noticiasemdestaque.png","width":1200,"height":630,"caption":"Not\u00edcias em Destaque"},"image":{"@id":"https:\/\/noticiasemdestaque.com\/cd\/#\/schema\/logo\/image\/"}},{"@type":"Person","@id":"https:\/\/noticiasemdestaque.com\/cd\/#\/schema\/person\/21320b03a7e8bb90128938dafc9b908a","name":"Not\u00edcias em Destaque","url":"https:\/\/noticiasemdestaque.com\/cd\/?author=2"}]}},"jetpack_featured_media_url":"https:\/\/noticiasemdestaque.com\/cd\/wp-content\/uploads\/2018\/02\/whatsapp-image-2018-02-12-at-01.48.48.jpeg","jetpack_sharing_enabled":true,"_links":{"self":[{"href":"https:\/\/noticiasemdestaque.com\/cd\/index.php?rest_route=\/wp\/v2\/posts\/7913","targetHints":{"allow":["GET"]}}],"collection":[{"href":"https:\/\/noticiasemdestaque.com\/cd\/index.php?rest_route=\/wp\/v2\/posts"}],"about":[{"href":"https:\/\/noticiasemdestaque.com\/cd\/index.php?rest_route=\/wp\/v2\/types\/post"}],"author":[{"embeddable":true,"href":"https:\/\/noticiasemdestaque.com\/cd\/index.php?rest_route=\/wp\/v2\/users\/2"}],"replies":[{"embeddable":true,"href":"https:\/\/noticiasemdestaque.com\/cd\/index.php?rest_route=%2Fwp%2Fv2%2Fcomments&post=7913"}],"version-history":[{"count":1,"href":"https:\/\/noticiasemdestaque.com\/cd\/index.php?rest_route=\/wp\/v2\/posts\/7913\/revisions"}],"predecessor-version":[{"id":7915,"href":"https:\/\/noticiasemdestaque.com\/cd\/index.php?rest_route=\/wp\/v2\/posts\/7913\/revisions\/7915"}],"wp:featuredmedia":[{"embeddable":true,"href":"https:\/\/noticiasemdestaque.com\/cd\/index.php?rest_route=\/wp\/v2\/media\/7914"}],"wp:attachment":[{"href":"https:\/\/noticiasemdestaque.com\/cd\/index.php?rest_route=%2Fwp%2Fv2%2Fmedia&parent=7913"}],"wp:term":[{"taxonomy":"category","embeddable":true,"href":"https:\/\/noticiasemdestaque.com\/cd\/index.php?rest_route=%2Fwp%2Fv2%2Fcategories&post=7913"},{"taxonomy":"post_tag","embeddable":true,"href":"https:\/\/noticiasemdestaque.com\/cd\/index.php?rest_route=%2Fwp%2Fv2%2Ftags&post=7913"}],"curies":[{"name":"wp","href":"https:\/\/api.w.org\/{rel}","templated":true}]}}