{"id":7906,"date":"2018-02-12T08:11:25","date_gmt":"2018-02-12T11:11:25","guid":{"rendered":"http:\/\/caririemdestaque.com\/cd\/?p=7906"},"modified":"2018-02-12T08:12:25","modified_gmt":"2018-02-12T11:12:25","slug":"acidente-deixa-vitima-fatal-entre-sao-joao-do-tigre-e-sao-sebastiao-do-umbuzeiro","status":"publish","type":"post","link":"https:\/\/noticiasemdestaque.com\/cd\/?p=7906","title":{"rendered":"Casal morre em acidente entre S\u00e3o Jo\u00e3o do Tigre e S\u00e3o Sebasti\u00e3o do Umbuzeiro"},"content":{"rendered":"<p><a href=\"http:\/\/caririemdestaque.com\/cd\/wp-content\/uploads\/2018\/02\/27657883_1819477164769292_7001566077080544790_n.jpg\"><img decoding=\"async\" class=\"size-full wp-image-7907 alignleft\" src=\"http:\/\/caririemdestaque.com\/cd\/wp-content\/uploads\/2018\/02\/27657883_1819477164769292_7001566077080544790_n.jpg\" alt=\"\" width=\"192\" height=\"192\" srcset=\"https:\/\/noticiasemdestaque.com\/cd\/wp-content\/uploads\/2018\/02\/27657883_1819477164769292_7001566077080544790_n.jpg 192w, https:\/\/noticiasemdestaque.com\/cd\/wp-content\/uploads\/2018\/02\/27657883_1819477164769292_7001566077080544790_n-150x150.jpg 150w\" sizes=\"(max-width: 192px) 100vw, 192px\" \/><\/a>Na PB que liga S\u00e3o Jo\u00e3o do Tigre a S\u00e3o Sebasti\u00e3o do Umbuzeiro, um casal sofreu uma queda de moto e ambos vieram a \u00f3bito no local.<\/p>\n<p>Faleceram nesse acidente durante a madrugada, a jovem Iana Manuela Costa, 21 anos de idade, residente em S\u00e3o Sebasti\u00e3o do Umbuzeiro e o lanterneiro Ayslan Tarcisio da Silva, (foto) 30 anos de idade, residente em Monteiro.<\/p>\n<p><strong><em>Cariri em Destaque<\/em><\/strong><\/p>\n<p>Informa\u00e7\u00f5es Paulo Viana\/95 FM &#8211; Fonte &#8211; Jader Clementino &#8211; Agente de Investiga\u00e7\u00e3o da Pol\u00edcia Civil<\/p>\n","protected":false},"excerpt":{"rendered":"<p>Na PB que liga S\u00e3o Jo\u00e3o do Tigre a S\u00e3o Sebasti\u00e3o do Umbuzeiro, um casal sofreu uma queda de moto e ambos vieram a \u00f3bito no local. Faleceram nesse acidente durante a madrugada, a jovem Iana Manuela Costa, 21 anos de idade, residente em S\u00e3o Sebasti\u00e3o do Umbuzeiro e o lanterneiro Ayslan Tarcisio da Silva, (foto) 30 anos de idade, residente em Monteiro. Cariri em Destaque Informa\u00e7\u00f5es Paulo Viana\/95 FM &#8211; Fonte &#8211; Jader Clementino &#8211; Agente de Investiga\u00e7\u00e3o da Pol\u00edcia Civil<\/p>\n","protected":false},"author":2,"featured_media":7907,"comment_status":"closed","ping_status":"open","sticky":false,"template":"","format":"standard","meta":{"_eb_attr":"","_jetpack_memberships_contains_paid_content":false,"footnotes":""},"categories":[1],"tags":[],"class_list":["post-7906","post","type-post","status-publish","format-standard","has-post-thumbnail","hentry","category-uncategorized"],"yoast_head":"<!-- This site is optimized with the Yoast SEO plugin v26.5 - https:\/\/yoast.com\/wordpress\/plugins\/seo\/ -->\n<title>Casal morre em acidente entre S\u00e3o Jo\u00e3o do Tigre e S\u00e3o Sebasti\u00e3o do Umbuzeiro - Not&iacute;cias em Destaque<\/title>\n<meta name=\"robots\" content=\"index, follow, max-snippet:-1, max-image-preview:large, max-video-preview:-1\" \/>\n<link rel=\"canonical\" href=\"https:\/\/noticiasemdestaque.com\/cd\/?p=7906\" \/>\n<meta property=\"og:locale\" content=\"pt_BR\" \/>\n<meta property=\"og:type\" content=\"article\" \/>\n<meta property=\"og:title\" content=\"Casal morre em acidente entre S\u00e3o Jo\u00e3o do Tigre e S\u00e3o Sebasti\u00e3o do Umbuzeiro - Not&iacute;cias em Destaque\" \/>\n<meta property=\"og:description\" content=\"Na PB que liga S\u00e3o Jo\u00e3o do Tigre a S\u00e3o Sebasti\u00e3o do Umbuzeiro, um casal sofreu uma queda de moto e ambos vieram a \u00f3bito no local. Faleceram nesse acidente durante a madrugada, a jovem Iana Manuela Costa, 21 anos de idade, residente em S\u00e3o Sebasti\u00e3o do Umbuzeiro e o lanterneiro Ayslan Tarcisio da Silva, (foto) 30 anos de idade, residente em Monteiro. Cariri em Destaque Informa\u00e7\u00f5es Paulo Viana\/95 FM &#8211; Fonte &#8211; Jader Clementino &#8211; Agente de Investiga\u00e7\u00e3o da Pol\u00edcia Civil\" \/>\n<meta property=\"og:url\" content=\"https:\/\/noticiasemdestaque.com\/cd\/?p=7906\" \/>\n<meta property=\"og:site_name\" content=\"Not&iacute;cias em Destaque\" \/>\n<meta property=\"article:published_time\" content=\"2018-02-12T11:11:25+00:00\" \/>\n<meta property=\"article:modified_time\" content=\"2018-02-12T11:12:25+00:00\" \/>\n<meta property=\"og:image\" content=\"https:\/\/noticiasemdestaque.com\/cd\/wp-content\/uploads\/2018\/02\/27657883_1819477164769292_7001566077080544790_n.jpg\" \/>\n\t<meta property=\"og:image:width\" content=\"192\" \/>\n\t<meta property=\"og:image:height\" content=\"192\" \/>\n\t<meta property=\"og:image:type\" content=\"image\/jpeg\" \/>\n<meta name=\"author\" content=\"Not\u00edcias em Destaque\" \/>\n<meta name=\"twitter:card\" content=\"summary_large_image\" \/>\n<meta name=\"twitter:label1\" content=\"Escrito por\" \/>\n\t<meta name=\"twitter:data1\" content=\"Not\u00edcias em Destaque\" \/>\n<script type=\"application\/ld+json\" class=\"yoast-schema-graph\">{\"@context\":\"https:\/\/schema.org\",\"@graph\":[{\"@type\":\"Article\",\"@id\":\"https:\/\/noticiasemdestaque.com\/cd\/?p=7906#article\",\"isPartOf\":{\"@id\":\"https:\/\/noticiasemdestaque.com\/cd\/?p=7906\"},\"author\":{\"name\":\"Not\u00edcias em Destaque\",\"@id\":\"https:\/\/noticiasemdestaque.com\/cd\/#\/schema\/person\/21320b03a7e8bb90128938dafc9b908a\"},\"headline\":\"Casal morre em acidente entre S\u00e3o Jo\u00e3o do Tigre e S\u00e3o Sebasti\u00e3o do Umbuzeiro\",\"datePublished\":\"2018-02-12T11:11:25+00:00\",\"dateModified\":\"2018-02-12T11:12:25+00:00\",\"mainEntityOfPage\":{\"@id\":\"https:\/\/noticiasemdestaque.com\/cd\/?p=7906\"},\"wordCount\":107,\"publisher\":{\"@id\":\"https:\/\/noticiasemdestaque.com\/cd\/#organization\"},\"image\":{\"@id\":\"https:\/\/noticiasemdestaque.com\/cd\/?p=7906#primaryimage\"},\"thumbnailUrl\":\"https:\/\/noticiasemdestaque.com\/cd\/wp-content\/uploads\/2018\/02\/27657883_1819477164769292_7001566077080544790_n.jpg\",\"articleSection\":[\"Uncategorized\"],\"inLanguage\":\"pt-BR\"},{\"@type\":\"WebPage\",\"@id\":\"https:\/\/noticiasemdestaque.com\/cd\/?p=7906\",\"url\":\"https:\/\/noticiasemdestaque.com\/cd\/?p=7906\",\"name\":\"Casal morre em acidente entre S\u00e3o Jo\u00e3o do Tigre e S\u00e3o Sebasti\u00e3o do Umbuzeiro - Not&iacute;cias em Destaque\",\"isPartOf\":{\"@id\":\"https:\/\/noticiasemdestaque.com\/cd\/#website\"},\"primaryImageOfPage\":{\"@id\":\"https:\/\/noticiasemdestaque.com\/cd\/?p=7906#primaryimage\"},\"image\":{\"@id\":\"https:\/\/noticiasemdestaque.com\/cd\/?p=7906#primaryimage\"},\"thumbnailUrl\":\"https:\/\/noticiasemdestaque.com\/cd\/wp-content\/uploads\/2018\/02\/27657883_1819477164769292_7001566077080544790_n.jpg\",\"datePublished\":\"2018-02-12T11:11:25+00:00\",\"dateModified\":\"2018-02-12T11:12:25+00:00\",\"breadcrumb\":{\"@id\":\"https:\/\/noticiasemdestaque.com\/cd\/?p=7906#breadcrumb\"},\"inLanguage\":\"pt-BR\",\"potentialAction\":[{\"@type\":\"ReadAction\",\"target\":[\"https:\/\/noticiasemdestaque.com\/cd\/?p=7906\"]}]},{\"@type\":\"ImageObject\",\"inLanguage\":\"pt-BR\",\"@id\":\"https:\/\/noticiasemdestaque.com\/cd\/?p=7906#primaryimage\",\"url\":\"https:\/\/noticiasemdestaque.com\/cd\/wp-content\/uploads\/2018\/02\/27657883_1819477164769292_7001566077080544790_n.jpg\",\"contentUrl\":\"https:\/\/noticiasemdestaque.com\/cd\/wp-content\/uploads\/2018\/02\/27657883_1819477164769292_7001566077080544790_n.jpg\",\"width\":192,\"height\":192},{\"@type\":\"BreadcrumbList\",\"@id\":\"https:\/\/noticiasemdestaque.com\/cd\/?p=7906#breadcrumb\",\"itemListElement\":[{\"@type\":\"ListItem\",\"position\":1,\"name\":\"In\u00edcio\",\"item\":\"https:\/\/noticiasemdestaque.com\/cd\/\"},{\"@type\":\"ListItem\",\"position\":2,\"name\":\"Casal morre em acidente entre S\u00e3o Jo\u00e3o do Tigre e S\u00e3o Sebasti\u00e3o do Umbuzeiro\"}]},{\"@type\":\"WebSite\",\"@id\":\"https:\/\/noticiasemdestaque.com\/cd\/#website\",\"url\":\"https:\/\/noticiasemdestaque.com\/cd\/\",\"name\":\"Not&iacute;cias em Destaque\",\"description\":\"\",\"publisher\":{\"@id\":\"https:\/\/noticiasemdestaque.com\/cd\/#organization\"},\"potentialAction\":[{\"@type\":\"SearchAction\",\"target\":{\"@type\":\"EntryPoint\",\"urlTemplate\":\"https:\/\/noticiasemdestaque.com\/cd\/?s={search_term_string}\"},\"query-input\":{\"@type\":\"PropertyValueSpecification\",\"valueRequired\":true,\"valueName\":\"search_term_string\"}}],\"inLanguage\":\"pt-BR\"},{\"@type\":\"Organization\",\"@id\":\"https:\/\/noticiasemdestaque.com\/cd\/#organization\",\"name\":\"Not\u00edcias em Destaque\",\"url\":\"https:\/\/noticiasemdestaque.com\/cd\/\",\"logo\":{\"@type\":\"ImageObject\",\"inLanguage\":\"pt-BR\",\"@id\":\"https:\/\/noticiasemdestaque.com\/cd\/#\/schema\/logo\/image\/\",\"url\":\"https:\/\/noticiasemdestaque.com\/cd\/wp-content\/uploads\/2022\/05\/imagem-base-noticiasemdestaque.png\",\"contentUrl\":\"https:\/\/noticiasemdestaque.com\/cd\/wp-content\/uploads\/2022\/05\/imagem-base-noticiasemdestaque.png\",\"width\":1200,\"height\":630,\"caption\":\"Not\u00edcias em Destaque\"},\"image\":{\"@id\":\"https:\/\/noticiasemdestaque.com\/cd\/#\/schema\/logo\/image\/\"}},{\"@type\":\"Person\",\"@id\":\"https:\/\/noticiasemdestaque.com\/cd\/#\/schema\/person\/21320b03a7e8bb90128938dafc9b908a\",\"name\":\"Not\u00edcias em Destaque\",\"url\":\"https:\/\/noticiasemdestaque.com\/cd\/?author=2\"}]}<\/script>\n<!-- \/ Yoast SEO plugin. -->","yoast_head_json":{"title":"Casal morre em acidente entre S\u00e3o Jo\u00e3o do Tigre e S\u00e3o Sebasti\u00e3o do Umbuzeiro - Not&iacute;cias em Destaque","robots":{"index":"index","follow":"follow","max-snippet":"max-snippet:-1","max-image-preview":"max-image-preview:large","max-video-preview":"max-video-preview:-1"},"canonical":"https:\/\/noticiasemdestaque.com\/cd\/?p=7906","og_locale":"pt_BR","og_type":"article","og_title":"Casal morre em acidente entre S\u00e3o Jo\u00e3o do Tigre e S\u00e3o Sebasti\u00e3o do Umbuzeiro - Not&iacute;cias em Destaque","og_description":"Na PB que liga S\u00e3o Jo\u00e3o do Tigre a S\u00e3o Sebasti\u00e3o do Umbuzeiro, um casal sofreu uma queda de moto e ambos vieram a \u00f3bito no local. Faleceram nesse acidente durante a madrugada, a jovem Iana Manuela Costa, 21 anos de idade, residente em S\u00e3o Sebasti\u00e3o do Umbuzeiro e o lanterneiro Ayslan Tarcisio da Silva, (foto) 30 anos de idade, residente em Monteiro. Cariri em Destaque Informa\u00e7\u00f5es Paulo Viana\/95 FM &#8211; Fonte &#8211; Jader Clementino &#8211; Agente de Investiga\u00e7\u00e3o da Pol\u00edcia Civil","og_url":"https:\/\/noticiasemdestaque.com\/cd\/?p=7906","og_site_name":"Not&iacute;cias em Destaque","article_published_time":"2018-02-12T11:11:25+00:00","article_modified_time":"2018-02-12T11:12:25+00:00","og_image":[{"width":192,"height":192,"url":"https:\/\/noticiasemdestaque.com\/cd\/wp-content\/uploads\/2018\/02\/27657883_1819477164769292_7001566077080544790_n.jpg","type":"image\/jpeg"}],"author":"Not\u00edcias em Destaque","twitter_card":"summary_large_image","twitter_misc":{"Escrito por":"Not\u00edcias em Destaque"},"schema":{"@context":"https:\/\/schema.org","@graph":[{"@type":"Article","@id":"https:\/\/noticiasemdestaque.com\/cd\/?p=7906#article","isPartOf":{"@id":"https:\/\/noticiasemdestaque.com\/cd\/?p=7906"},"author":{"name":"Not\u00edcias em Destaque","@id":"https:\/\/noticiasemdestaque.com\/cd\/#\/schema\/person\/21320b03a7e8bb90128938dafc9b908a"},"headline":"Casal morre em acidente entre S\u00e3o Jo\u00e3o do Tigre e S\u00e3o Sebasti\u00e3o do Umbuzeiro","datePublished":"2018-02-12T11:11:25+00:00","dateModified":"2018-02-12T11:12:25+00:00","mainEntityOfPage":{"@id":"https:\/\/noticiasemdestaque.com\/cd\/?p=7906"},"wordCount":107,"publisher":{"@id":"https:\/\/noticiasemdestaque.com\/cd\/#organization"},"image":{"@id":"https:\/\/noticiasemdestaque.com\/cd\/?p=7906#primaryimage"},"thumbnailUrl":"https:\/\/noticiasemdestaque.com\/cd\/wp-content\/uploads\/2018\/02\/27657883_1819477164769292_7001566077080544790_n.jpg","articleSection":["Uncategorized"],"inLanguage":"pt-BR"},{"@type":"WebPage","@id":"https:\/\/noticiasemdestaque.com\/cd\/?p=7906","url":"https:\/\/noticiasemdestaque.com\/cd\/?p=7906","name":"Casal morre em acidente entre S\u00e3o Jo\u00e3o do Tigre e S\u00e3o Sebasti\u00e3o do Umbuzeiro - Not&iacute;cias em Destaque","isPartOf":{"@id":"https:\/\/noticiasemdestaque.com\/cd\/#website"},"primaryImageOfPage":{"@id":"https:\/\/noticiasemdestaque.com\/cd\/?p=7906#primaryimage"},"image":{"@id":"https:\/\/noticiasemdestaque.com\/cd\/?p=7906#primaryimage"},"thumbnailUrl":"https:\/\/noticiasemdestaque.com\/cd\/wp-content\/uploads\/2018\/02\/27657883_1819477164769292_7001566077080544790_n.jpg","datePublished":"2018-02-12T11:11:25+00:00","dateModified":"2018-02-12T11:12:25+00:00","breadcrumb":{"@id":"https:\/\/noticiasemdestaque.com\/cd\/?p=7906#breadcrumb"},"inLanguage":"pt-BR","potentialAction":[{"@type":"ReadAction","target":["https:\/\/noticiasemdestaque.com\/cd\/?p=7906"]}]},{"@type":"ImageObject","inLanguage":"pt-BR","@id":"https:\/\/noticiasemdestaque.com\/cd\/?p=7906#primaryimage","url":"https:\/\/noticiasemdestaque.com\/cd\/wp-content\/uploads\/2018\/02\/27657883_1819477164769292_7001566077080544790_n.jpg","contentUrl":"https:\/\/noticiasemdestaque.com\/cd\/wp-content\/uploads\/2018\/02\/27657883_1819477164769292_7001566077080544790_n.jpg","width":192,"height":192},{"@type":"BreadcrumbList","@id":"https:\/\/noticiasemdestaque.com\/cd\/?p=7906#breadcrumb","itemListElement":[{"@type":"ListItem","position":1,"name":"In\u00edcio","item":"https:\/\/noticiasemdestaque.com\/cd\/"},{"@type":"ListItem","position":2,"name":"Casal morre em acidente entre S\u00e3o Jo\u00e3o do Tigre e S\u00e3o Sebasti\u00e3o do Umbuzeiro"}]},{"@type":"WebSite","@id":"https:\/\/noticiasemdestaque.com\/cd\/#website","url":"https:\/\/noticiasemdestaque.com\/cd\/","name":"Not&iacute;cias em Destaque","description":"","publisher":{"@id":"https:\/\/noticiasemdestaque.com\/cd\/#organization"},"potentialAction":[{"@type":"SearchAction","target":{"@type":"EntryPoint","urlTemplate":"https:\/\/noticiasemdestaque.com\/cd\/?s={search_term_string}"},"query-input":{"@type":"PropertyValueSpecification","valueRequired":true,"valueName":"search_term_string"}}],"inLanguage":"pt-BR"},{"@type":"Organization","@id":"https:\/\/noticiasemdestaque.com\/cd\/#organization","name":"Not\u00edcias em Destaque","url":"https:\/\/noticiasemdestaque.com\/cd\/","logo":{"@type":"ImageObject","inLanguage":"pt-BR","@id":"https:\/\/noticiasemdestaque.com\/cd\/#\/schema\/logo\/image\/","url":"https:\/\/noticiasemdestaque.com\/cd\/wp-content\/uploads\/2022\/05\/imagem-base-noticiasemdestaque.png","contentUrl":"https:\/\/noticiasemdestaque.com\/cd\/wp-content\/uploads\/2022\/05\/imagem-base-noticiasemdestaque.png","width":1200,"height":630,"caption":"Not\u00edcias em Destaque"},"image":{"@id":"https:\/\/noticiasemdestaque.com\/cd\/#\/schema\/logo\/image\/"}},{"@type":"Person","@id":"https:\/\/noticiasemdestaque.com\/cd\/#\/schema\/person\/21320b03a7e8bb90128938dafc9b908a","name":"Not\u00edcias em Destaque","url":"https:\/\/noticiasemdestaque.com\/cd\/?author=2"}]}},"jetpack_featured_media_url":"https:\/\/noticiasemdestaque.com\/cd\/wp-content\/uploads\/2018\/02\/27657883_1819477164769292_7001566077080544790_n.jpg","jetpack_sharing_enabled":true,"_links":{"self":[{"href":"https:\/\/noticiasemdestaque.com\/cd\/index.php?rest_route=\/wp\/v2\/posts\/7906","targetHints":{"allow":["GET"]}}],"collection":[{"href":"https:\/\/noticiasemdestaque.com\/cd\/index.php?rest_route=\/wp\/v2\/posts"}],"about":[{"href":"https:\/\/noticiasemdestaque.com\/cd\/index.php?rest_route=\/wp\/v2\/types\/post"}],"author":[{"embeddable":true,"href":"https:\/\/noticiasemdestaque.com\/cd\/index.php?rest_route=\/wp\/v2\/users\/2"}],"replies":[{"embeddable":true,"href":"https:\/\/noticiasemdestaque.com\/cd\/index.php?rest_route=%2Fwp%2Fv2%2Fcomments&post=7906"}],"version-history":[{"count":2,"href":"https:\/\/noticiasemdestaque.com\/cd\/index.php?rest_route=\/wp\/v2\/posts\/7906\/revisions"}],"predecessor-version":[{"id":7909,"href":"https:\/\/noticiasemdestaque.com\/cd\/index.php?rest_route=\/wp\/v2\/posts\/7906\/revisions\/7909"}],"wp:featuredmedia":[{"embeddable":true,"href":"https:\/\/noticiasemdestaque.com\/cd\/index.php?rest_route=\/wp\/v2\/media\/7907"}],"wp:attachment":[{"href":"https:\/\/noticiasemdestaque.com\/cd\/index.php?rest_route=%2Fwp%2Fv2%2Fmedia&parent=7906"}],"wp:term":[{"taxonomy":"category","embeddable":true,"href":"https:\/\/noticiasemdestaque.com\/cd\/index.php?rest_route=%2Fwp%2Fv2%2Fcategories&post=7906"},{"taxonomy":"post_tag","embeddable":true,"href":"https:\/\/noticiasemdestaque.com\/cd\/index.php?rest_route=%2Fwp%2Fv2%2Ftags&post=7906"}],"curies":[{"name":"wp","href":"https:\/\/api.w.org\/{rel}","templated":true}]}}