{"id":785,"date":"2017-06-22T09:30:06","date_gmt":"2017-06-22T12:30:06","guid":{"rendered":"http:\/\/caririemdestaque.com\/cd\/?p=785"},"modified":"2017-06-22T09:30:06","modified_gmt":"2017-06-22T12:30:06","slug":"governo-promove-atividades-da-5a-caravana-do-coracao-a-partir-deste-domingo","status":"publish","type":"post","link":"https:\/\/noticiasemdestaque.com\/cd\/?p=785","title":{"rendered":"Governo promove atividades da 5\u00aa Caravana do Cora\u00e7\u00e3o a partir deste domingo"},"content":{"rendered":"<figure id=\"attachment_786\" aria-describedby=\"caption-attachment-786\" style=\"width: 300px\" class=\"wp-caption alignleft\"><a href=\"http:\/\/caririemdestaque.com\/cd\/wp-content\/uploads\/2017\/06\/P_20150710_093533.jpg\"><img fetchpriority=\"high\" decoding=\"async\" class=\"size-medium wp-image-786\" src=\"http:\/\/caririemdestaque.com\/cd\/wp-content\/uploads\/2017\/06\/P_20150710_093533-300x169.jpg\" alt=\"\" width=\"300\" height=\"169\" srcset=\"https:\/\/noticiasemdestaque.com\/cd\/wp-content\/uploads\/2017\/06\/P_20150710_093533-300x169.jpg 300w, https:\/\/noticiasemdestaque.com\/cd\/wp-content\/uploads\/2017\/06\/P_20150710_093533-768x432.jpg 768w, https:\/\/noticiasemdestaque.com\/cd\/wp-content\/uploads\/2017\/06\/P_20150710_093533-1024x576.jpg 1024w\" sizes=\"(max-width: 300px) 100vw, 300px\" \/><\/a><figcaption id=\"caption-attachment-786\" class=\"wp-caption-text\">Jpeg<\/figcaption><\/figure>\n<p>O Governo da Para\u00edba, por meio da Secretaria de Estado da Sa\u00fade (SES) e da Rede de Cardiologia Pedi\u00e1trica da Para\u00edba (RCP), em parceria com a ONG C\u00edrculo do Cora\u00e7\u00e3o de Pernambuco, se prepara para mais uma Caravana do Cora\u00e7\u00e3o. Esta \u00e9 a quinta vez que o evento ser\u00e1 realizado no Estado e a equipe da Caravana segue viagem neste domingo para Cajazeiras, \u00e0s 11h, saindo da sede do Conselho Regional de Medicina (CRM-PB). As atividades em Cajazeiras ser\u00e3o feitas na segunda-feira (26).<\/p>\n<p>Nesta edi\u00e7\u00e3o, que ser\u00e1 realizada de 26 de junho a 8 de julho, 13 munic\u00edpios ser\u00e3o contemplados: Cajazeiras, Sousa, Catol\u00e9 do Rocha, Pombal, Patos, Itaporanga, Princesa Isabel, Monteiro, Esperan\u00e7a, Picu\u00ed, Guarabira, Itabaiana e Mamanguape. Estes munic\u00edpios sede receber\u00e3o uma equipe de profissionais volunt\u00e1rios para realiza\u00e7\u00e3o de atendimentos a usu\u00e1rios do SUS referenciados pelos demais munic\u00edpios das regi\u00f5es de sa\u00fade da Para\u00edba.<\/p>\n<p>A novidade deste ano na Caravana do Cora\u00e7\u00e3o \u00e9 que, al\u00e9m das crian\u00e7as com cardiopatias cong\u00eanitas e daquelas com microcefalia que est\u00e3o sem acompanhamento, o atendimento ser\u00e1 ampliado para captar 250 gestantes em cada cidade.<\/p>\n<p>A equipe multiprofissional formada por m\u00e9dicos, enfermeiros, psic\u00f3logos, assistentes sociais, professores e estudantes universit\u00e1rios passa a contar com obstetras, que far\u00e3o o monitoramento e acompanhamento, de forma mais efetiva, da gestante de alto risco, com o objetivo de diminuir a mortalidade materna na Para\u00edba. A expectativa \u00e9 de que os n\u00fameros dos \u00faltimos anos sejam ultrapassados com qualidade.<\/p>\n<p>Programa\u00e7\u00e3o:<\/p>\n<p>26\/06 \u2013 Cajazeiras<\/p>\n<p>27\/06 \u2013 Sousa<\/p>\n<p>28\/06 \u2013 Catol\u00e9 do Rocha<\/p>\n<p>29\/06 \u2013 Pombal<\/p>\n<p>30\/06 \u2013 Patos<\/p>\n<p>01\/07 \u2013 Itaporanga<\/p>\n<p>02\/07 \u2013 Princesa Isabel<\/p>\n<p>03\/07 \u2013 Monteiro<\/p>\n<p>04\/07 \u2013 Esperan\u00e7a<\/p>\n<p>05\/07 \u2013 Picu\u00ed<\/p>\n<p>06\/07 \u2013 Guarabira<\/p>\n<p>07\/07 \u2013 Itabaiana<\/p>\n<p>08\/07 \u2013 Mamanguape<\/p>\n<p>O Projeto \u2013 A Caravana do Cora\u00e7\u00e3o come\u00e7ou a partir da Rede de Cardiologia Pedi\u00e1trica da Para\u00edba (RCP \u2013 PB). \u00c9 uma a\u00e7\u00e3o do Governo do Estado da Para\u00edba em parceria com a ONG C\u00edrculo do Cora\u00e7\u00e3o considerada um divisor de \u00e1guas nas \u00e1reas cardiol\u00f3gica e pedi\u00e1trica.<\/p>\n<p>A primeira edi\u00e7\u00e3o do Projeto foi realizada em 2013, quando foram visitados oito munic\u00edpios paraibanos e atendidos pouco mais de 500 pacientes. A segunda e a terceira edi\u00e7\u00f5es, realizadas em 2014 e 2015, cobriram 13 munic\u00edpios e asseguraram o atendimento de mais de 1.000 pacientes, cada. Nessas Caravanas, os profissionais de sa\u00fade percorrem mais de 1.800 km.<\/p>\n<p>Realizada em julho de 2016, a IV Caravana do Cora\u00e7\u00e3o registrou, em 13 dias, 10.793 procedimentos, beneficiando 1.908 pacientes (1.349 crian\u00e7as, 241 gestantes e 318 adultos), de 176 munic\u00edpios paraibanos.<\/p>\n<p>Na ocasi\u00e3o, foram encaminhados 100 pacientes para avalia\u00e7\u00e3o gen\u00e9tica por suspeita de microcefalia. Destes, 53 tiveram confirma\u00e7\u00e3o da microcefalia e 29 apresentaram outras malforma\u00e7\u00f5es (s\u00edndromes gen\u00e9ticas). Os demais pacientes n\u00e3o apresentaram malforma\u00e7\u00f5es. Al\u00e9m desses, ainda foram identificados 11 fetos com anomalias que podem estar relacionadas ao v\u00edrus Zika.<\/p>\n<p>O Projeto ganhou o pr\u00eamio de melhor trabalho multidisciplinar no 24\u00ba Congresso Brasileiro de Cardiologia e Cirurgia Cardiovascular Pedi\u00e1trica, concorrendo com mais de 300 trabalhos inscritos. O evento ocorreu em novembro de 2016, em Belo Horizonte (MG).<\/p>\n<p>&nbsp;<\/p>\n","protected":false},"excerpt":{"rendered":"<p>O Governo da Para\u00edba, por meio da Secretaria de Estado da Sa\u00fade (SES) e da Rede de Cardiologia Pedi\u00e1trica da Para\u00edba (RCP), em parceria com a ONG C\u00edrculo do Cora\u00e7\u00e3o de Pernambuco, se prepara para mais uma Caravana do Cora\u00e7\u00e3o. Esta \u00e9 a quinta vez que o evento ser\u00e1 realizado no Estado e a equipe da Caravana segue viagem neste domingo para Cajazeiras, \u00e0s 11h, saindo da sede do Conselho Regional de Medicina (CRM-PB). As atividades em Cajazeiras ser\u00e3o feitas na segunda-feira (26). Nesta edi\u00e7\u00e3o, que ser\u00e1 realizada de 26 de junho a 8 de julho, 13 munic\u00edpios ser\u00e3o contemplados: Cajazeiras, Sousa, Catol\u00e9 do Rocha, Pombal, Patos, Itaporanga, Princesa Isabel, Monteiro, Esperan\u00e7a, Picu\u00ed, Guarabira, Itabaiana e Mamanguape. Estes munic\u00edpios sede receber\u00e3o uma equipe de profissionais volunt\u00e1rios para realiza\u00e7\u00e3o de atendimentos a usu\u00e1rios do SUS referenciados pelos demais munic\u00edpios das regi\u00f5es de sa\u00fade da Para\u00edba. A novidade deste ano na Caravana do Cora\u00e7\u00e3o \u00e9 que, al\u00e9m das crian\u00e7as com cardiopatias cong\u00eanitas e daquelas com microcefalia que est\u00e3o sem acompanhamento, o atendimento ser\u00e1 ampliado para captar 250 gestantes em cada cidade. A equipe multiprofissional formada por m\u00e9dicos, enfermeiros, psic\u00f3logos, assistentes sociais, professores e estudantes universit\u00e1rios passa a contar com obstetras, que far\u00e3o o monitoramento e acompanhamento, de forma mais efetiva, da gestante de alto risco, com o objetivo de diminuir a mortalidade materna na Para\u00edba. A expectativa \u00e9 de que os n\u00fameros dos \u00faltimos anos sejam ultrapassados com qualidade. Programa\u00e7\u00e3o: 26\/06 \u2013 Cajazeiras 27\/06 \u2013 Sousa 28\/06 \u2013 Catol\u00e9 do Rocha 29\/06 \u2013 Pombal 30\/06 \u2013 Patos 01\/07 \u2013 Itaporanga 02\/07 \u2013 Princesa Isabel 03\/07 \u2013 Monteiro 04\/07 \u2013 Esperan\u00e7a 05\/07 \u2013 Picu\u00ed 06\/07 \u2013 Guarabira 07\/07 \u2013 Itabaiana 08\/07 \u2013 Mamanguape O Projeto \u2013 A Caravana do Cora\u00e7\u00e3o come\u00e7ou a partir da Rede de Cardiologia Pedi\u00e1trica da Para\u00edba (RCP \u2013 PB). \u00c9 uma a\u00e7\u00e3o do Governo do Estado da Para\u00edba em parceria com a ONG C\u00edrculo do Cora\u00e7\u00e3o considerada um divisor de \u00e1guas nas \u00e1reas cardiol\u00f3gica e pedi\u00e1trica. A primeira edi\u00e7\u00e3o do Projeto foi realizada em 2013, quando foram visitados oito munic\u00edpios paraibanos e atendidos pouco mais de 500 pacientes. A segunda e a terceira edi\u00e7\u00f5es, realizadas em 2014 e 2015, cobriram 13 munic\u00edpios e asseguraram o atendimento de mais de 1.000 pacientes, cada. Nessas Caravanas, os profissionais de sa\u00fade percorrem mais de 1.800 km. Realizada em julho de 2016, a IV Caravana do Cora\u00e7\u00e3o registrou, em 13 dias, 10.793 procedimentos, beneficiando 1.908 pacientes (1.349 crian\u00e7as, 241 gestantes e 318 adultos), de 176 munic\u00edpios paraibanos. Na ocasi\u00e3o, foram encaminhados 100 pacientes para avalia\u00e7\u00e3o gen\u00e9tica por suspeita de microcefalia. Destes, 53 tiveram confirma\u00e7\u00e3o da microcefalia e 29 apresentaram outras malforma\u00e7\u00f5es (s\u00edndromes gen\u00e9ticas). Os demais pacientes n\u00e3o apresentaram malforma\u00e7\u00f5es. Al\u00e9m desses, ainda foram identificados 11 fetos com anomalias que podem estar relacionadas ao v\u00edrus Zika. O Projeto ganhou o pr\u00eamio de melhor trabalho multidisciplinar no 24\u00ba Congresso Brasileiro de Cardiologia e Cirurgia Cardiovascular Pedi\u00e1trica, concorrendo com mais de 300 trabalhos inscritos. O evento ocorreu em novembro de 2016, em Belo Horizonte (MG). &nbsp;<\/p>\n","protected":false},"author":2,"featured_media":786,"comment_status":"closed","ping_status":"open","sticky":false,"template":"","format":"standard","meta":{"_eb_attr":"","_jetpack_memberships_contains_paid_content":false,"footnotes":""},"categories":[8],"tags":[],"class_list":["post-785","post","type-post","status-publish","format-standard","has-post-thumbnail","hentry","category-saude"],"yoast_head":"<!-- This site is optimized with the Yoast SEO plugin v26.5 - https:\/\/yoast.com\/wordpress\/plugins\/seo\/ -->\n<title>Governo promove atividades da 5\u00aa Caravana do Cora\u00e7\u00e3o a partir deste domingo - Not&iacute;cias em Destaque<\/title>\n<meta name=\"robots\" content=\"index, follow, max-snippet:-1, max-image-preview:large, max-video-preview:-1\" \/>\n<link rel=\"canonical\" href=\"https:\/\/noticiasemdestaque.com\/cd\/?p=785\" \/>\n<meta property=\"og:locale\" content=\"pt_BR\" \/>\n<meta property=\"og:type\" content=\"article\" \/>\n<meta property=\"og:title\" content=\"Governo promove atividades da 5\u00aa Caravana do Cora\u00e7\u00e3o a partir deste domingo - Not&iacute;cias em Destaque\" \/>\n<meta property=\"og:description\" content=\"O Governo da Para\u00edba, por meio da Secretaria de Estado da Sa\u00fade (SES) e da Rede de Cardiologia Pedi\u00e1trica da Para\u00edba (RCP), em parceria com a ONG C\u00edrculo do Cora\u00e7\u00e3o de Pernambuco, se prepara para mais uma Caravana do Cora\u00e7\u00e3o. Esta \u00e9 a quinta vez que o evento ser\u00e1 realizado no Estado e a equipe da Caravana segue viagem neste domingo para Cajazeiras, \u00e0s 11h, saindo da sede do Conselho Regional de Medicina (CRM-PB). As atividades em Cajazeiras ser\u00e3o feitas na segunda-feira (26). Nesta edi\u00e7\u00e3o, que ser\u00e1 realizada de 26 de junho a 8 de julho, 13 munic\u00edpios ser\u00e3o contemplados: Cajazeiras, Sousa, Catol\u00e9 do Rocha, Pombal, Patos, Itaporanga, Princesa Isabel, Monteiro, Esperan\u00e7a, Picu\u00ed, Guarabira, Itabaiana e Mamanguape. Estes munic\u00edpios sede receber\u00e3o uma equipe de profissionais volunt\u00e1rios para realiza\u00e7\u00e3o de atendimentos a usu\u00e1rios do SUS referenciados pelos demais munic\u00edpios das regi\u00f5es de sa\u00fade da Para\u00edba. A novidade deste ano na Caravana do Cora\u00e7\u00e3o \u00e9 que, al\u00e9m das crian\u00e7as com cardiopatias cong\u00eanitas e daquelas com microcefalia que est\u00e3o sem acompanhamento, o atendimento ser\u00e1 ampliado para captar 250 gestantes em cada cidade. A equipe multiprofissional formada por m\u00e9dicos, enfermeiros, psic\u00f3logos, assistentes sociais, professores e estudantes universit\u00e1rios passa a contar com obstetras, que far\u00e3o o monitoramento e acompanhamento, de forma mais efetiva, da gestante de alto risco, com o objetivo de diminuir a mortalidade materna na Para\u00edba. A expectativa \u00e9 de que os n\u00fameros dos \u00faltimos anos sejam ultrapassados com qualidade. Programa\u00e7\u00e3o: 26\/06 \u2013 Cajazeiras 27\/06 \u2013 Sousa 28\/06 \u2013 Catol\u00e9 do Rocha 29\/06 \u2013 Pombal 30\/06 \u2013 Patos 01\/07 \u2013 Itaporanga 02\/07 \u2013 Princesa Isabel 03\/07 \u2013 Monteiro 04\/07 \u2013 Esperan\u00e7a 05\/07 \u2013 Picu\u00ed 06\/07 \u2013 Guarabira 07\/07 \u2013 Itabaiana 08\/07 \u2013 Mamanguape O Projeto \u2013 A Caravana do Cora\u00e7\u00e3o come\u00e7ou a partir da Rede de Cardiologia Pedi\u00e1trica da Para\u00edba (RCP \u2013 PB). \u00c9 uma a\u00e7\u00e3o do Governo do Estado da Para\u00edba em parceria com a ONG C\u00edrculo do Cora\u00e7\u00e3o considerada um divisor de \u00e1guas nas \u00e1reas cardiol\u00f3gica e pedi\u00e1trica. A primeira edi\u00e7\u00e3o do Projeto foi realizada em 2013, quando foram visitados oito munic\u00edpios paraibanos e atendidos pouco mais de 500 pacientes. A segunda e a terceira edi\u00e7\u00f5es, realizadas em 2014 e 2015, cobriram 13 munic\u00edpios e asseguraram o atendimento de mais de 1.000 pacientes, cada. Nessas Caravanas, os profissionais de sa\u00fade percorrem mais de 1.800 km. Realizada em julho de 2016, a IV Caravana do Cora\u00e7\u00e3o registrou, em 13 dias, 10.793 procedimentos, beneficiando 1.908 pacientes (1.349 crian\u00e7as, 241 gestantes e 318 adultos), de 176 munic\u00edpios paraibanos. Na ocasi\u00e3o, foram encaminhados 100 pacientes para avalia\u00e7\u00e3o gen\u00e9tica por suspeita de microcefalia. Destes, 53 tiveram confirma\u00e7\u00e3o da microcefalia e 29 apresentaram outras malforma\u00e7\u00f5es (s\u00edndromes gen\u00e9ticas). Os demais pacientes n\u00e3o apresentaram malforma\u00e7\u00f5es. Al\u00e9m desses, ainda foram identificados 11 fetos com anomalias que podem estar relacionadas ao v\u00edrus Zika. O Projeto ganhou o pr\u00eamio de melhor trabalho multidisciplinar no 24\u00ba Congresso Brasileiro de Cardiologia e Cirurgia Cardiovascular Pedi\u00e1trica, concorrendo com mais de 300 trabalhos inscritos. O evento ocorreu em novembro de 2016, em Belo Horizonte (MG). &nbsp;\" \/>\n<meta property=\"og:url\" content=\"https:\/\/noticiasemdestaque.com\/cd\/?p=785\" \/>\n<meta property=\"og:site_name\" content=\"Not&iacute;cias em Destaque\" \/>\n<meta property=\"article:published_time\" content=\"2017-06-22T12:30:06+00:00\" \/>\n<meta property=\"og:image\" content=\"https:\/\/noticiasemdestaque.com\/cd\/wp-content\/uploads\/2017\/06\/P_20150710_093533.jpg\" \/>\n\t<meta property=\"og:image:width\" content=\"3264\" \/>\n\t<meta property=\"og:image:height\" content=\"1836\" \/>\n\t<meta property=\"og:image:type\" content=\"image\/jpeg\" \/>\n<meta name=\"author\" content=\"Not\u00edcias em Destaque\" \/>\n<meta name=\"twitter:card\" content=\"summary_large_image\" \/>\n<meta name=\"twitter:label1\" content=\"Escrito por\" \/>\n\t<meta name=\"twitter:data1\" content=\"Not\u00edcias em Destaque\" \/>\n\t<meta name=\"twitter:label2\" content=\"Est. tempo de leitura\" \/>\n\t<meta name=\"twitter:data2\" content=\"3 minutos\" \/>\n<script type=\"application\/ld+json\" class=\"yoast-schema-graph\">{\"@context\":\"https:\/\/schema.org\",\"@graph\":[{\"@type\":\"Article\",\"@id\":\"https:\/\/noticiasemdestaque.com\/cd\/?p=785#article\",\"isPartOf\":{\"@id\":\"https:\/\/noticiasemdestaque.com\/cd\/?p=785\"},\"author\":{\"name\":\"Not\u00edcias em Destaque\",\"@id\":\"https:\/\/noticiasemdestaque.com\/cd\/#\/schema\/person\/47f7d4f55eec17c6b2ca036c5500f6ce\"},\"headline\":\"Governo promove atividades da 5\u00aa Caravana do Cora\u00e7\u00e3o a partir deste domingo\",\"datePublished\":\"2017-06-22T12:30:06+00:00\",\"mainEntityOfPage\":{\"@id\":\"https:\/\/noticiasemdestaque.com\/cd\/?p=785\"},\"wordCount\":526,\"publisher\":{\"@id\":\"https:\/\/noticiasemdestaque.com\/cd\/#organization\"},\"image\":{\"@id\":\"https:\/\/noticiasemdestaque.com\/cd\/?p=785#primaryimage\"},\"thumbnailUrl\":\"https:\/\/noticiasemdestaque.com\/cd\/wp-content\/uploads\/2017\/06\/P_20150710_093533.jpg\",\"articleSection\":[\"Sa\u00fade\"],\"inLanguage\":\"pt-BR\"},{\"@type\":\"WebPage\",\"@id\":\"https:\/\/noticiasemdestaque.com\/cd\/?p=785\",\"url\":\"https:\/\/noticiasemdestaque.com\/cd\/?p=785\",\"name\":\"Governo promove atividades da 5\u00aa Caravana do Cora\u00e7\u00e3o a partir deste domingo - Not&iacute;cias em Destaque\",\"isPartOf\":{\"@id\":\"https:\/\/noticiasemdestaque.com\/cd\/#website\"},\"primaryImageOfPage\":{\"@id\":\"https:\/\/noticiasemdestaque.com\/cd\/?p=785#primaryimage\"},\"image\":{\"@id\":\"https:\/\/noticiasemdestaque.com\/cd\/?p=785#primaryimage\"},\"thumbnailUrl\":\"https:\/\/noticiasemdestaque.com\/cd\/wp-content\/uploads\/2017\/06\/P_20150710_093533.jpg\",\"datePublished\":\"2017-06-22T12:30:06+00:00\",\"breadcrumb\":{\"@id\":\"https:\/\/noticiasemdestaque.com\/cd\/?p=785#breadcrumb\"},\"inLanguage\":\"pt-BR\",\"potentialAction\":[{\"@type\":\"ReadAction\",\"target\":[\"https:\/\/noticiasemdestaque.com\/cd\/?p=785\"]}]},{\"@type\":\"ImageObject\",\"inLanguage\":\"pt-BR\",\"@id\":\"https:\/\/noticiasemdestaque.com\/cd\/?p=785#primaryimage\",\"url\":\"https:\/\/noticiasemdestaque.com\/cd\/wp-content\/uploads\/2017\/06\/P_20150710_093533.jpg\",\"contentUrl\":\"https:\/\/noticiasemdestaque.com\/cd\/wp-content\/uploads\/2017\/06\/P_20150710_093533.jpg\",\"width\":3264,\"height\":1836,\"caption\":\"Jpeg\"},{\"@type\":\"BreadcrumbList\",\"@id\":\"https:\/\/noticiasemdestaque.com\/cd\/?p=785#breadcrumb\",\"itemListElement\":[{\"@type\":\"ListItem\",\"position\":1,\"name\":\"In\u00edcio\",\"item\":\"https:\/\/noticiasemdestaque.com\/cd\/\"},{\"@type\":\"ListItem\",\"position\":2,\"name\":\"Governo promove atividades da 5\u00aa Caravana do Cora\u00e7\u00e3o a partir deste domingo\"}]},{\"@type\":\"WebSite\",\"@id\":\"https:\/\/noticiasemdestaque.com\/cd\/#website\",\"url\":\"https:\/\/noticiasemdestaque.com\/cd\/\",\"name\":\"Not&iacute;cias em Destaque\",\"description\":\"\",\"publisher\":{\"@id\":\"https:\/\/noticiasemdestaque.com\/cd\/#organization\"},\"potentialAction\":[{\"@type\":\"SearchAction\",\"target\":{\"@type\":\"EntryPoint\",\"urlTemplate\":\"https:\/\/noticiasemdestaque.com\/cd\/?s={search_term_string}\"},\"query-input\":{\"@type\":\"PropertyValueSpecification\",\"valueRequired\":true,\"valueName\":\"search_term_string\"}}],\"inLanguage\":\"pt-BR\"},{\"@type\":\"Organization\",\"@id\":\"https:\/\/noticiasemdestaque.com\/cd\/#organization\",\"name\":\"Not\u00edcias em Destaque\",\"url\":\"https:\/\/noticiasemdestaque.com\/cd\/\",\"logo\":{\"@type\":\"ImageObject\",\"inLanguage\":\"pt-BR\",\"@id\":\"https:\/\/noticiasemdestaque.com\/cd\/#\/schema\/logo\/image\/\",\"url\":\"https:\/\/noticiasemdestaque.com\/cd\/wp-content\/uploads\/2022\/05\/imagem-base-noticiasemdestaque.png\",\"contentUrl\":\"https:\/\/noticiasemdestaque.com\/cd\/wp-content\/uploads\/2022\/05\/imagem-base-noticiasemdestaque.png\",\"width\":1200,\"height\":630,\"caption\":\"Not\u00edcias em Destaque\"},\"image\":{\"@id\":\"https:\/\/noticiasemdestaque.com\/cd\/#\/schema\/logo\/image\/\"}},{\"@type\":\"Person\",\"@id\":\"https:\/\/noticiasemdestaque.com\/cd\/#\/schema\/person\/47f7d4f55eec17c6b2ca036c5500f6ce\",\"name\":\"Not\u00edcias em Destaque\",\"url\":\"https:\/\/noticiasemdestaque.com\/cd\/?author=2\"}]}<\/script>\n<!-- \/ Yoast SEO plugin. -->","yoast_head_json":{"title":"Governo promove atividades da 5\u00aa Caravana do Cora\u00e7\u00e3o a partir deste domingo - Not&iacute;cias em Destaque","robots":{"index":"index","follow":"follow","max-snippet":"max-snippet:-1","max-image-preview":"max-image-preview:large","max-video-preview":"max-video-preview:-1"},"canonical":"https:\/\/noticiasemdestaque.com\/cd\/?p=785","og_locale":"pt_BR","og_type":"article","og_title":"Governo promove atividades da 5\u00aa Caravana do Cora\u00e7\u00e3o a partir deste domingo - Not&iacute;cias em Destaque","og_description":"O Governo da Para\u00edba, por meio da Secretaria de Estado da Sa\u00fade (SES) e da Rede de Cardiologia Pedi\u00e1trica da Para\u00edba (RCP), em parceria com a ONG C\u00edrculo do Cora\u00e7\u00e3o de Pernambuco, se prepara para mais uma Caravana do Cora\u00e7\u00e3o. Esta \u00e9 a quinta vez que o evento ser\u00e1 realizado no Estado e a equipe da Caravana segue viagem neste domingo para Cajazeiras, \u00e0s 11h, saindo da sede do Conselho Regional de Medicina (CRM-PB). As atividades em Cajazeiras ser\u00e3o feitas na segunda-feira (26). Nesta edi\u00e7\u00e3o, que ser\u00e1 realizada de 26 de junho a 8 de julho, 13 munic\u00edpios ser\u00e3o contemplados: Cajazeiras, Sousa, Catol\u00e9 do Rocha, Pombal, Patos, Itaporanga, Princesa Isabel, Monteiro, Esperan\u00e7a, Picu\u00ed, Guarabira, Itabaiana e Mamanguape. Estes munic\u00edpios sede receber\u00e3o uma equipe de profissionais volunt\u00e1rios para realiza\u00e7\u00e3o de atendimentos a usu\u00e1rios do SUS referenciados pelos demais munic\u00edpios das regi\u00f5es de sa\u00fade da Para\u00edba. A novidade deste ano na Caravana do Cora\u00e7\u00e3o \u00e9 que, al\u00e9m das crian\u00e7as com cardiopatias cong\u00eanitas e daquelas com microcefalia que est\u00e3o sem acompanhamento, o atendimento ser\u00e1 ampliado para captar 250 gestantes em cada cidade. A equipe multiprofissional formada por m\u00e9dicos, enfermeiros, psic\u00f3logos, assistentes sociais, professores e estudantes universit\u00e1rios passa a contar com obstetras, que far\u00e3o o monitoramento e acompanhamento, de forma mais efetiva, da gestante de alto risco, com o objetivo de diminuir a mortalidade materna na Para\u00edba. A expectativa \u00e9 de que os n\u00fameros dos \u00faltimos anos sejam ultrapassados com qualidade. Programa\u00e7\u00e3o: 26\/06 \u2013 Cajazeiras 27\/06 \u2013 Sousa 28\/06 \u2013 Catol\u00e9 do Rocha 29\/06 \u2013 Pombal 30\/06 \u2013 Patos 01\/07 \u2013 Itaporanga 02\/07 \u2013 Princesa Isabel 03\/07 \u2013 Monteiro 04\/07 \u2013 Esperan\u00e7a 05\/07 \u2013 Picu\u00ed 06\/07 \u2013 Guarabira 07\/07 \u2013 Itabaiana 08\/07 \u2013 Mamanguape O Projeto \u2013 A Caravana do Cora\u00e7\u00e3o come\u00e7ou a partir da Rede de Cardiologia Pedi\u00e1trica da Para\u00edba (RCP \u2013 PB). \u00c9 uma a\u00e7\u00e3o do Governo do Estado da Para\u00edba em parceria com a ONG C\u00edrculo do Cora\u00e7\u00e3o considerada um divisor de \u00e1guas nas \u00e1reas cardiol\u00f3gica e pedi\u00e1trica. A primeira edi\u00e7\u00e3o do Projeto foi realizada em 2013, quando foram visitados oito munic\u00edpios paraibanos e atendidos pouco mais de 500 pacientes. A segunda e a terceira edi\u00e7\u00f5es, realizadas em 2014 e 2015, cobriram 13 munic\u00edpios e asseguraram o atendimento de mais de 1.000 pacientes, cada. Nessas Caravanas, os profissionais de sa\u00fade percorrem mais de 1.800 km. Realizada em julho de 2016, a IV Caravana do Cora\u00e7\u00e3o registrou, em 13 dias, 10.793 procedimentos, beneficiando 1.908 pacientes (1.349 crian\u00e7as, 241 gestantes e 318 adultos), de 176 munic\u00edpios paraibanos. Na ocasi\u00e3o, foram encaminhados 100 pacientes para avalia\u00e7\u00e3o gen\u00e9tica por suspeita de microcefalia. Destes, 53 tiveram confirma\u00e7\u00e3o da microcefalia e 29 apresentaram outras malforma\u00e7\u00f5es (s\u00edndromes gen\u00e9ticas). Os demais pacientes n\u00e3o apresentaram malforma\u00e7\u00f5es. Al\u00e9m desses, ainda foram identificados 11 fetos com anomalias que podem estar relacionadas ao v\u00edrus Zika. O Projeto ganhou o pr\u00eamio de melhor trabalho multidisciplinar no 24\u00ba Congresso Brasileiro de Cardiologia e Cirurgia Cardiovascular Pedi\u00e1trica, concorrendo com mais de 300 trabalhos inscritos. O evento ocorreu em novembro de 2016, em Belo Horizonte (MG). &nbsp;","og_url":"https:\/\/noticiasemdestaque.com\/cd\/?p=785","og_site_name":"Not&iacute;cias em Destaque","article_published_time":"2017-06-22T12:30:06+00:00","og_image":[{"width":3264,"height":1836,"url":"https:\/\/noticiasemdestaque.com\/cd\/wp-content\/uploads\/2017\/06\/P_20150710_093533.jpg","type":"image\/jpeg"}],"author":"Not\u00edcias em Destaque","twitter_card":"summary_large_image","twitter_misc":{"Escrito por":"Not\u00edcias em Destaque","Est. tempo de leitura":"3 minutos"},"schema":{"@context":"https:\/\/schema.org","@graph":[{"@type":"Article","@id":"https:\/\/noticiasemdestaque.com\/cd\/?p=785#article","isPartOf":{"@id":"https:\/\/noticiasemdestaque.com\/cd\/?p=785"},"author":{"name":"Not\u00edcias em Destaque","@id":"https:\/\/noticiasemdestaque.com\/cd\/#\/schema\/person\/47f7d4f55eec17c6b2ca036c5500f6ce"},"headline":"Governo promove atividades da 5\u00aa Caravana do Cora\u00e7\u00e3o a partir deste domingo","datePublished":"2017-06-22T12:30:06+00:00","mainEntityOfPage":{"@id":"https:\/\/noticiasemdestaque.com\/cd\/?p=785"},"wordCount":526,"publisher":{"@id":"https:\/\/noticiasemdestaque.com\/cd\/#organization"},"image":{"@id":"https:\/\/noticiasemdestaque.com\/cd\/?p=785#primaryimage"},"thumbnailUrl":"https:\/\/noticiasemdestaque.com\/cd\/wp-content\/uploads\/2017\/06\/P_20150710_093533.jpg","articleSection":["Sa\u00fade"],"inLanguage":"pt-BR"},{"@type":"WebPage","@id":"https:\/\/noticiasemdestaque.com\/cd\/?p=785","url":"https:\/\/noticiasemdestaque.com\/cd\/?p=785","name":"Governo promove atividades da 5\u00aa Caravana do Cora\u00e7\u00e3o a partir deste domingo - Not&iacute;cias em Destaque","isPartOf":{"@id":"https:\/\/noticiasemdestaque.com\/cd\/#website"},"primaryImageOfPage":{"@id":"https:\/\/noticiasemdestaque.com\/cd\/?p=785#primaryimage"},"image":{"@id":"https:\/\/noticiasemdestaque.com\/cd\/?p=785#primaryimage"},"thumbnailUrl":"https:\/\/noticiasemdestaque.com\/cd\/wp-content\/uploads\/2017\/06\/P_20150710_093533.jpg","datePublished":"2017-06-22T12:30:06+00:00","breadcrumb":{"@id":"https:\/\/noticiasemdestaque.com\/cd\/?p=785#breadcrumb"},"inLanguage":"pt-BR","potentialAction":[{"@type":"ReadAction","target":["https:\/\/noticiasemdestaque.com\/cd\/?p=785"]}]},{"@type":"ImageObject","inLanguage":"pt-BR","@id":"https:\/\/noticiasemdestaque.com\/cd\/?p=785#primaryimage","url":"https:\/\/noticiasemdestaque.com\/cd\/wp-content\/uploads\/2017\/06\/P_20150710_093533.jpg","contentUrl":"https:\/\/noticiasemdestaque.com\/cd\/wp-content\/uploads\/2017\/06\/P_20150710_093533.jpg","width":3264,"height":1836,"caption":"Jpeg"},{"@type":"BreadcrumbList","@id":"https:\/\/noticiasemdestaque.com\/cd\/?p=785#breadcrumb","itemListElement":[{"@type":"ListItem","position":1,"name":"In\u00edcio","item":"https:\/\/noticiasemdestaque.com\/cd\/"},{"@type":"ListItem","position":2,"name":"Governo promove atividades da 5\u00aa Caravana do Cora\u00e7\u00e3o a partir deste domingo"}]},{"@type":"WebSite","@id":"https:\/\/noticiasemdestaque.com\/cd\/#website","url":"https:\/\/noticiasemdestaque.com\/cd\/","name":"Not&iacute;cias em Destaque","description":"","publisher":{"@id":"https:\/\/noticiasemdestaque.com\/cd\/#organization"},"potentialAction":[{"@type":"SearchAction","target":{"@type":"EntryPoint","urlTemplate":"https:\/\/noticiasemdestaque.com\/cd\/?s={search_term_string}"},"query-input":{"@type":"PropertyValueSpecification","valueRequired":true,"valueName":"search_term_string"}}],"inLanguage":"pt-BR"},{"@type":"Organization","@id":"https:\/\/noticiasemdestaque.com\/cd\/#organization","name":"Not\u00edcias em Destaque","url":"https:\/\/noticiasemdestaque.com\/cd\/","logo":{"@type":"ImageObject","inLanguage":"pt-BR","@id":"https:\/\/noticiasemdestaque.com\/cd\/#\/schema\/logo\/image\/","url":"https:\/\/noticiasemdestaque.com\/cd\/wp-content\/uploads\/2022\/05\/imagem-base-noticiasemdestaque.png","contentUrl":"https:\/\/noticiasemdestaque.com\/cd\/wp-content\/uploads\/2022\/05\/imagem-base-noticiasemdestaque.png","width":1200,"height":630,"caption":"Not\u00edcias em Destaque"},"image":{"@id":"https:\/\/noticiasemdestaque.com\/cd\/#\/schema\/logo\/image\/"}},{"@type":"Person","@id":"https:\/\/noticiasemdestaque.com\/cd\/#\/schema\/person\/47f7d4f55eec17c6b2ca036c5500f6ce","name":"Not\u00edcias em Destaque","url":"https:\/\/noticiasemdestaque.com\/cd\/?author=2"}]}},"jetpack_featured_media_url":"https:\/\/noticiasemdestaque.com\/cd\/wp-content\/uploads\/2017\/06\/P_20150710_093533.jpg","jetpack_sharing_enabled":true,"_links":{"self":[{"href":"https:\/\/noticiasemdestaque.com\/cd\/index.php?rest_route=\/wp\/v2\/posts\/785","targetHints":{"allow":["GET"]}}],"collection":[{"href":"https:\/\/noticiasemdestaque.com\/cd\/index.php?rest_route=\/wp\/v2\/posts"}],"about":[{"href":"https:\/\/noticiasemdestaque.com\/cd\/index.php?rest_route=\/wp\/v2\/types\/post"}],"author":[{"embeddable":true,"href":"https:\/\/noticiasemdestaque.com\/cd\/index.php?rest_route=\/wp\/v2\/users\/2"}],"replies":[{"embeddable":true,"href":"https:\/\/noticiasemdestaque.com\/cd\/index.php?rest_route=%2Fwp%2Fv2%2Fcomments&post=785"}],"version-history":[{"count":1,"href":"https:\/\/noticiasemdestaque.com\/cd\/index.php?rest_route=\/wp\/v2\/posts\/785\/revisions"}],"predecessor-version":[{"id":787,"href":"https:\/\/noticiasemdestaque.com\/cd\/index.php?rest_route=\/wp\/v2\/posts\/785\/revisions\/787"}],"wp:featuredmedia":[{"embeddable":true,"href":"https:\/\/noticiasemdestaque.com\/cd\/index.php?rest_route=\/wp\/v2\/media\/786"}],"wp:attachment":[{"href":"https:\/\/noticiasemdestaque.com\/cd\/index.php?rest_route=%2Fwp%2Fv2%2Fmedia&parent=785"}],"wp:term":[{"taxonomy":"category","embeddable":true,"href":"https:\/\/noticiasemdestaque.com\/cd\/index.php?rest_route=%2Fwp%2Fv2%2Fcategories&post=785"},{"taxonomy":"post_tag","embeddable":true,"href":"https:\/\/noticiasemdestaque.com\/cd\/index.php?rest_route=%2Fwp%2Fv2%2Ftags&post=785"}],"curies":[{"name":"wp","href":"https:\/\/api.w.org\/{rel}","templated":true}]}}