{"id":78314,"date":"2026-05-02T12:21:31","date_gmt":"2026-05-02T15:21:31","guid":{"rendered":"https:\/\/noticiasemdestaque.com\/cd\/?p=78314"},"modified":"2026-05-02T12:21:31","modified_gmt":"2026-05-02T15:21:31","slug":"rio-paraiba-sobe-quatro-metros-e-ruas-de-santa-rita-ficam-alagadas-apos-chuvas","status":"publish","type":"post","link":"https:\/\/noticiasemdestaque.com\/cd\/?p=78314","title":{"rendered":"Rio Para\u00edba sobe quatro metros e ruas de Santa Rita ficam alagadas, ap\u00f3s chuvas"},"content":{"rendered":"<div id=\"chunk-f115k\">\n<div class=\"mc-column content-text active-extra-styles \" data-block-type=\"unstyled\" data-block-weight=\"49\" data-block-id=\"3\">\n<p data-track-category=\"Link no Texto\" data-track-links=\"\" data-mrf-recirculation=\"Mat\u00e9ria - Links no Texto\"><a href=\"https:\/\/noticiasemdestaque.com\/cd\/wp-content\/uploads\/2026\/05\/centro-de-santa-rita-.avif\"><img fetchpriority=\"high\" decoding=\"async\" class=\" wp-image-78315 aligncenter\" src=\"https:\/\/noticiasemdestaque.com\/cd\/wp-content\/uploads\/2026\/05\/centro-de-santa-rita--169x300.avif\" alt=\"\" width=\"1025\" height=\"1820\" srcset=\"https:\/\/noticiasemdestaque.com\/cd\/wp-content\/uploads\/2026\/05\/centro-de-santa-rita--169x300.avif 169w, https:\/\/noticiasemdestaque.com\/cd\/wp-content\/uploads\/2026\/05\/centro-de-santa-rita--576x1024.avif 576w, https:\/\/noticiasemdestaque.com\/cd\/wp-content\/uploads\/2026\/05\/centro-de-santa-rita--768x1365.avif 768w\" sizes=\"(max-width: 1025px) 100vw, 1025px\" \/><\/a><\/p>\n<p class=\" content-text__container \" data-track-category=\"Link no Texto\" data-track-links=\"\" data-mrf-recirculation=\"Mat\u00e9ria - Links no Texto\">V\u00e1rios trechos de\u00a0<a class=\"\" href=\"https:\/\/g1.globo.com\/pb\/paraiba\/cidade\/santa-rita-pb\/\" data-mrf-link=\"https:\/\/g1.globo.com\/pb\/paraiba\/cidade\/santa-rita-pb\/\">Santa Rita<\/a>, na Grande\u00a0<a class=\"\" href=\"https:\/\/g1.globo.com\/pb\/paraiba\/cidade\/joao-pessoa\/\" data-mrf-link=\"https:\/\/g1.globo.com\/pb\/paraiba\/cidade\/joao-pessoa\/\">Jo\u00e3o Pessoa<\/a>, ficaram alagados ap\u00f3s as fortes chuvas na cidade, nesta sexta-feira (1\u00ba) e s\u00e1bado (2). Outras cidades da Regi\u00e3o Metropolitana tamb\u00e9m registraram alagamentos. De acordo com a Defesa Civil, o Rio Para\u00edba, que fica pr\u00f3ximo ao munic\u00edpio, subiu aproximadamente quatro metros.<\/p>\n<\/div>\n<\/div>\n<div class=\"wall protected-content\">\n<div id=\"chunk-8ng38\">\n<div class=\"mc-column content-text active-extra-styles \" data-block-type=\"unstyled\" data-block-weight=\"30\" data-block-id=\"5\">\n<p class=\" content-text__container \" data-track-category=\"Link no Texto\" data-track-links=\"\" data-mrf-recirculation=\"Mat\u00e9ria - Links no Texto\">O Centro da cidade ficou totalmente alagado, e fam\u00edlias tiveram que deixar suas casas. A Prefeitura de Santa Rita ainda n\u00e3o informou um balan\u00e7o de quantas casas foram alagadas.<\/p>\n<\/div>\n<\/div>\n<div id=\"chunk-2kq9o\">\n<div class=\"mc-column content-text active-extra-styles \" data-block-type=\"unstyled\" data-block-weight=\"26\" data-block-id=\"6\">\n<p class=\" content-text__container \" data-track-category=\"Link no Texto\" data-track-links=\"\" data-mrf-recirculation=\"Mat\u00e9ria - Links no Texto\">De acordo com dados do Centro Nacional de Monitoramento e Alertas de Desastres Naturais (Cemaden), choveu 153 mil\u00edmetros em Santa Rita nas \u00faltimas 48 horas.<\/p>\n<\/div>\n<\/div>\n<div id=\"chunk-27r44\">\n<div class=\"mc-column content-text active-extra-styles \" data-block-type=\"unstyled\" data-block-weight=\"16\" data-block-id=\"8\">\n<p class=\" content-text__container \" data-track-category=\"Link no Texto\" data-track-links=\"\" data-mrf-recirculation=\"Mat\u00e9ria - Links no Texto\">Na comunidade conhecida como Cana\u00e3, os moradores ficaram ilhados e precisaram ser resgatados em motocicletas aqu\u00e1ticas.<\/p>\n<\/div>\n<\/div>\n<div id=\"chunk-3bj3e\">\n<div class=\"mc-column content-text active-extra-styles\" data-block-type=\"raw\" data-block-weight=\"4\" data-block-id=\"10\">\n<div class=\"content-intertitle\">\n<h2>Chuvas na Regi\u00e3o Metropolitana<\/h2>\n<\/div>\n<\/div>\n<\/div>\n<div id=\"chunk-bugp0\">\n<div class=\"mc-column content-text active-extra-styles \" data-block-type=\"unstyled\" data-block-weight=\"34\" data-block-id=\"11\">\n<p class=\" content-text__container \" data-track-category=\"Link no Texto\" data-track-links=\"\" data-mrf-recirculation=\"Mat\u00e9ria - Links no Texto\">Em Jo\u00e3o Pessoa, 11 fam\u00edlias ficaram desabrigadas na comunidade Engenho Velho e foram levadas para uma escola, em Gramame.\u00a0<span class=\"highlight highlighted\">A capital registrou 219 mil\u00edmetros de chuvas nas \u00faltimas 48 horas., segundo dados do Cemaden.<\/span><\/p>\n<\/div>\n<\/div>\n<div id=\"chunk-eicok\">\n<div class=\"cxm-block-video content-media mc-column \" data-block-type=\"backstage-video\" data-block-id=\"12\">\n<div class=\"cxm-block-video__container cxm-block-video__container--fallback cxm-block-video__container--vertical\">\n<div class=\"cxm-block-video__caption-container\">\n<p class=\"codex-caption codex-caption--small\">Governador decreta situa\u00e7\u00e3o de calamidade p\u00fablica na Para\u00edba ap\u00f3s fortes chuvas<\/p>\n<\/div>\n<\/div>\n<\/div>\n<\/div>\n<div id=\"chunk-6uq8e\">\n<div class=\"mc-column content-text active-extra-styles \" data-block-type=\"unstyled\" data-block-weight=\"38\" data-block-id=\"13\">\n<p class=\" content-text__container \" data-track-category=\"Link no Texto\" data-track-links=\"\" data-mrf-recirculation=\"Mat\u00e9ria - Links no Texto\">Em\u00a0<a class=\"\" href=\"https:\/\/g1.globo.com\/pb\/paraiba\/cidade\/bayeux\/\" data-mrf-link=\"https:\/\/g1.globo.com\/pb\/paraiba\/cidade\/bayeux\/\">Bayeux<\/a>, a prefeitura informou que pelo menos 45 fam\u00edlias precisaram deixar suas casas. Nas \u00faltimas 48 horas, choveu 153 mil\u00edmetros. A prefeitura ofereceu um espa\u00e7o para abrig\u00e1-las, mas preferiram ir para casas de familiares e amigos.<\/p>\n<\/div>\n<\/div>\n<div id=\"chunk-6acbn\">\n<div class=\"mc-column content-text active-extra-styles \" data-block-type=\"unstyled\" data-block-weight=\"23\" data-block-id=\"15\">\n<p class=\" content-text__container \" data-track-category=\"Link no Texto\" data-track-links=\"\" data-mrf-recirculation=\"Mat\u00e9ria - Links no Texto\">Em\u00a0<a class=\"\" href=\"https:\/\/g1.globo.com\/pb\/paraiba\/cidade\/cabedelo\/\" data-mrf-link=\"https:\/\/g1.globo.com\/pb\/paraiba\/cidade\/cabedelo\/\">Cabedelo<\/a>, choveu 218,9 mil\u00edmetros. A prefeitura informou que, at\u00e9 o momento, uma fam\u00edlia precisou ser levada para uma casa de abrigo.<\/p>\n<\/div>\n<\/div>\n<div id=\"chunk-9usrv\">\n<div class=\"mc-column content-text active-extra-styles \" data-block-type=\"unstyled\" data-block-weight=\"57\" data-block-id=\"16\">\n<p class=\" content-text__container \" data-track-category=\"Link no Texto\" data-track-links=\"\" data-mrf-recirculation=\"Mat\u00e9ria - Links no Texto\">Em Rio Tinto: 600 casas ficaram desalojadas, segundo a prefeitura. A\u00a0<a class=\"\" href=\"https:\/\/g1.globo.com\/pb\/paraiba\/noticia\/2026\/05\/02\/conde-decreta-situacao-de-emergencia-por-180-dias-apos-fortes-chuvas.ghtml\" data-mrf-link=\"https:\/\/g1.globo.com\/pb\/paraiba\/noticia\/2026\/05\/02\/conde-decreta-situacao-de-emergencia-por-180-dias-apos-fortes-chuvas.ghtml\"><strong>prefeitura do Conde, na Regi\u00e3o Metropolitana de Jo\u00e3o Pessoa, decretou nesta sexta-feira (1\u00ba) situa\u00e7\u00e3o de emerg\u00eancia por 180 dias<\/strong><\/a>. O decreto foi motivado pelos impactos das fortes chuvas, que causaram alagamentos, deslizamentos, danos em estradas, pontes e bueiros, al\u00e9m de infiltra\u00e7\u00f5es em resid\u00eancias e fam\u00edlias desalojadas.<\/p>\n<\/div>\n<\/div>\n<div id=\"chunk-6pmo4\">\n<div class=\"mc-column content-text active-extra-styles \" data-block-type=\"unstyled\" data-block-weight=\"18\" data-block-id=\"17\">\n<p class=\" content-text__container \" data-track-category=\"Link no Texto\" data-track-links=\"\" data-mrf-recirculation=\"Mat\u00e9ria - Links no Texto\">A medida exige uma atua\u00e7\u00e3o imediata do poder p\u00fablico para mitigar os danos e prestar assist\u00eancia \u00e0 popula\u00e7\u00e3o.<\/p>\n<p data-track-category=\"Link no Texto\" data-track-links=\"\" data-mrf-recirculation=\"Mat\u00e9ria - Links no Texto\"><strong>Noticias em Destaque<\/strong><\/p>\n<p style=\"text-align: right;\" data-track-category=\"Link no Texto\" data-track-links=\"\" data-mrf-recirculation=\"Mat\u00e9ria - Links no Texto\"><em>Fonte: G1<\/em><\/p>\n<\/div>\n<\/div>\n<\/div>\n","protected":false},"excerpt":{"rendered":"<p>V\u00e1rios trechos de\u00a0Santa Rita, na Grande\u00a0Jo\u00e3o Pessoa, ficaram alagados ap\u00f3s as fortes chuvas na cidade, nesta sexta-feira (1\u00ba) e s\u00e1bado (2). Outras cidades da Regi\u00e3o Metropolitana tamb\u00e9m registraram alagamentos. De acordo com a Defesa Civil, o Rio Para\u00edba, que fica pr\u00f3ximo ao munic\u00edpio, subiu aproximadamente quatro metros. O Centro da cidade ficou totalmente alagado, e fam\u00edlias tiveram que deixar suas casas. A Prefeitura de Santa Rita ainda n\u00e3o informou um balan\u00e7o de quantas casas foram alagadas. De acordo com dados do Centro Nacional de Monitoramento e Alertas de Desastres Naturais (Cemaden), choveu 153 mil\u00edmetros em Santa Rita nas \u00faltimas 48 horas. Na comunidade conhecida como Cana\u00e3, os moradores ficaram ilhados e precisaram ser resgatados em motocicletas aqu\u00e1ticas. Chuvas na Regi\u00e3o Metropolitana Em Jo\u00e3o Pessoa, 11 fam\u00edlias ficaram desabrigadas na comunidade Engenho Velho e foram levadas para uma escola, em Gramame.\u00a0A capital registrou 219 mil\u00edmetros de chuvas nas \u00faltimas 48 horas., segundo dados do Cemaden. Governador decreta situa\u00e7\u00e3o de calamidade p\u00fablica na Para\u00edba ap\u00f3s fortes chuvas Em\u00a0Bayeux, a prefeitura informou que pelo menos 45 fam\u00edlias precisaram deixar suas casas. Nas \u00faltimas 48 horas, choveu 153 mil\u00edmetros. A prefeitura ofereceu um espa\u00e7o para abrig\u00e1-las, mas preferiram ir para casas de familiares e amigos. Em\u00a0Cabedelo, choveu 218,9 mil\u00edmetros. A prefeitura informou que, at\u00e9 o momento, uma fam\u00edlia precisou ser levada para uma casa de abrigo. Em Rio Tinto: 600 casas ficaram desalojadas, segundo a prefeitura. A\u00a0prefeitura do Conde, na Regi\u00e3o Metropolitana de Jo\u00e3o Pessoa, decretou nesta sexta-feira (1\u00ba) situa\u00e7\u00e3o de emerg\u00eancia por 180 dias. O decreto foi motivado pelos impactos das fortes chuvas, que causaram alagamentos, deslizamentos, danos em estradas, pontes e bueiros, al\u00e9m de infiltra\u00e7\u00f5es em resid\u00eancias e fam\u00edlias desalojadas. A medida exige uma atua\u00e7\u00e3o imediata do poder p\u00fablico para mitigar os danos e prestar assist\u00eancia \u00e0 popula\u00e7\u00e3o. Noticias em Destaque Fonte: G1<\/p>\n","protected":false},"author":2,"featured_media":78315,"comment_status":"closed","ping_status":"closed","sticky":false,"template":"","format":"standard","meta":{"_eb_attr":"","_jetpack_memberships_contains_paid_content":false,"footnotes":""},"categories":[12],"tags":[],"class_list":["post-78314","post","type-post","status-publish","format-standard","has-post-thumbnail","hentry","category-geral"],"yoast_head":"<!-- This site is optimized with the Yoast SEO plugin v26.5 - https:\/\/yoast.com\/wordpress\/plugins\/seo\/ -->\n<title>Rio Para\u00edba sobe quatro metros e ruas de Santa Rita ficam alagadas, ap\u00f3s chuvas - Not&iacute;cias em Destaque<\/title>\n<meta name=\"robots\" content=\"index, follow, max-snippet:-1, max-image-preview:large, max-video-preview:-1\" \/>\n<link rel=\"canonical\" href=\"https:\/\/noticiasemdestaque.com\/cd\/?p=78314\" \/>\n<meta property=\"og:locale\" content=\"pt_BR\" \/>\n<meta property=\"og:type\" content=\"article\" \/>\n<meta property=\"og:title\" content=\"Rio Para\u00edba sobe quatro metros e ruas de Santa Rita ficam alagadas, ap\u00f3s chuvas - Not&iacute;cias em Destaque\" \/>\n<meta property=\"og:description\" content=\"V\u00e1rios trechos de\u00a0Santa Rita, na Grande\u00a0Jo\u00e3o Pessoa, ficaram alagados ap\u00f3s as fortes chuvas na cidade, nesta sexta-feira (1\u00ba) e s\u00e1bado (2). Outras cidades da Regi\u00e3o Metropolitana tamb\u00e9m registraram alagamentos. De acordo com a Defesa Civil, o Rio Para\u00edba, que fica pr\u00f3ximo ao munic\u00edpio, subiu aproximadamente quatro metros. O Centro da cidade ficou totalmente alagado, e fam\u00edlias tiveram que deixar suas casas. A Prefeitura de Santa Rita ainda n\u00e3o informou um balan\u00e7o de quantas casas foram alagadas. De acordo com dados do Centro Nacional de Monitoramento e Alertas de Desastres Naturais (Cemaden), choveu 153 mil\u00edmetros em Santa Rita nas \u00faltimas 48 horas. Na comunidade conhecida como Cana\u00e3, os moradores ficaram ilhados e precisaram ser resgatados em motocicletas aqu\u00e1ticas. Chuvas na Regi\u00e3o Metropolitana Em Jo\u00e3o Pessoa, 11 fam\u00edlias ficaram desabrigadas na comunidade Engenho Velho e foram levadas para uma escola, em Gramame.\u00a0A capital registrou 219 mil\u00edmetros de chuvas nas \u00faltimas 48 horas., segundo dados do Cemaden. Governador decreta situa\u00e7\u00e3o de calamidade p\u00fablica na Para\u00edba ap\u00f3s fortes chuvas Em\u00a0Bayeux, a prefeitura informou que pelo menos 45 fam\u00edlias precisaram deixar suas casas. Nas \u00faltimas 48 horas, choveu 153 mil\u00edmetros. A prefeitura ofereceu um espa\u00e7o para abrig\u00e1-las, mas preferiram ir para casas de familiares e amigos. Em\u00a0Cabedelo, choveu 218,9 mil\u00edmetros. A prefeitura informou que, at\u00e9 o momento, uma fam\u00edlia precisou ser levada para uma casa de abrigo. Em Rio Tinto: 600 casas ficaram desalojadas, segundo a prefeitura. A\u00a0prefeitura do Conde, na Regi\u00e3o Metropolitana de Jo\u00e3o Pessoa, decretou nesta sexta-feira (1\u00ba) situa\u00e7\u00e3o de emerg\u00eancia por 180 dias. O decreto foi motivado pelos impactos das fortes chuvas, que causaram alagamentos, deslizamentos, danos em estradas, pontes e bueiros, al\u00e9m de infiltra\u00e7\u00f5es em resid\u00eancias e fam\u00edlias desalojadas. A medida exige uma atua\u00e7\u00e3o imediata do poder p\u00fablico para mitigar os danos e prestar assist\u00eancia \u00e0 popula\u00e7\u00e3o. Noticias em Destaque Fonte: G1\" \/>\n<meta property=\"og:url\" content=\"https:\/\/noticiasemdestaque.com\/cd\/?p=78314\" \/>\n<meta property=\"og:site_name\" content=\"Not&iacute;cias em Destaque\" \/>\n<meta property=\"article:published_time\" content=\"2026-05-02T15:21:31+00:00\" \/>\n<meta name=\"author\" content=\"Not\u00edcias em Destaque\" \/>\n<meta name=\"twitter:card\" content=\"summary_large_image\" \/>\n<meta name=\"twitter:label1\" content=\"Escrito por\" \/>\n\t<meta name=\"twitter:data1\" content=\"Not\u00edcias em Destaque\" \/>\n\t<meta name=\"twitter:label2\" content=\"Est. tempo de leitura\" \/>\n\t<meta name=\"twitter:data2\" content=\"3 minutos\" \/>\n<script type=\"application\/ld+json\" class=\"yoast-schema-graph\">{\"@context\":\"https:\/\/schema.org\",\"@graph\":[{\"@type\":\"Article\",\"@id\":\"https:\/\/noticiasemdestaque.com\/cd\/?p=78314#article\",\"isPartOf\":{\"@id\":\"https:\/\/noticiasemdestaque.com\/cd\/?p=78314\"},\"author\":{\"name\":\"Not\u00edcias em Destaque\",\"@id\":\"https:\/\/noticiasemdestaque.com\/cd\/#\/schema\/person\/6ae9188aebb8de746b8e0d472d029646\"},\"headline\":\"Rio Para\u00edba sobe quatro metros e ruas de Santa Rita ficam alagadas, ap\u00f3s chuvas\",\"datePublished\":\"2026-05-02T15:21:31+00:00\",\"mainEntityOfPage\":{\"@id\":\"https:\/\/noticiasemdestaque.com\/cd\/?p=78314\"},\"wordCount\":348,\"publisher\":{\"@id\":\"https:\/\/noticiasemdestaque.com\/cd\/#organization\"},\"image\":{\"@id\":\"https:\/\/noticiasemdestaque.com\/cd\/?p=78314#primaryimage\"},\"thumbnailUrl\":\"https:\/\/noticiasemdestaque.com\/cd\/wp-content\/uploads\/2026\/05\/centro-de-santa-rita-.avif\",\"articleSection\":[\"Geral\"],\"inLanguage\":\"pt-BR\"},{\"@type\":\"WebPage\",\"@id\":\"https:\/\/noticiasemdestaque.com\/cd\/?p=78314\",\"url\":\"https:\/\/noticiasemdestaque.com\/cd\/?p=78314\",\"name\":\"Rio Para\u00edba sobe quatro metros e ruas de Santa Rita ficam alagadas, ap\u00f3s chuvas - Not&iacute;cias em Destaque\",\"isPartOf\":{\"@id\":\"https:\/\/noticiasemdestaque.com\/cd\/#website\"},\"primaryImageOfPage\":{\"@id\":\"https:\/\/noticiasemdestaque.com\/cd\/?p=78314#primaryimage\"},\"image\":{\"@id\":\"https:\/\/noticiasemdestaque.com\/cd\/?p=78314#primaryimage\"},\"thumbnailUrl\":\"https:\/\/noticiasemdestaque.com\/cd\/wp-content\/uploads\/2026\/05\/centro-de-santa-rita-.avif\",\"datePublished\":\"2026-05-02T15:21:31+00:00\",\"breadcrumb\":{\"@id\":\"https:\/\/noticiasemdestaque.com\/cd\/?p=78314#breadcrumb\"},\"inLanguage\":\"pt-BR\",\"potentialAction\":[{\"@type\":\"ReadAction\",\"target\":[\"https:\/\/noticiasemdestaque.com\/cd\/?p=78314\"]}]},{\"@type\":\"ImageObject\",\"inLanguage\":\"pt-BR\",\"@id\":\"https:\/\/noticiasemdestaque.com\/cd\/?p=78314#primaryimage\",\"url\":\"https:\/\/noticiasemdestaque.com\/cd\/wp-content\/uploads\/2026\/05\/centro-de-santa-rita-.avif\",\"contentUrl\":\"https:\/\/noticiasemdestaque.com\/cd\/wp-content\/uploads\/2026\/05\/centro-de-santa-rita-.avif\",\"width\":984,\"height\":1749},{\"@type\":\"BreadcrumbList\",\"@id\":\"https:\/\/noticiasemdestaque.com\/cd\/?p=78314#breadcrumb\",\"itemListElement\":[{\"@type\":\"ListItem\",\"position\":1,\"name\":\"In\u00edcio\",\"item\":\"https:\/\/noticiasemdestaque.com\/cd\/\"},{\"@type\":\"ListItem\",\"position\":2,\"name\":\"Rio Para\u00edba sobe quatro metros e ruas de Santa Rita ficam alagadas, ap\u00f3s chuvas\"}]},{\"@type\":\"WebSite\",\"@id\":\"https:\/\/noticiasemdestaque.com\/cd\/#website\",\"url\":\"https:\/\/noticiasemdestaque.com\/cd\/\",\"name\":\"Not&iacute;cias em Destaque\",\"description\":\"\",\"publisher\":{\"@id\":\"https:\/\/noticiasemdestaque.com\/cd\/#organization\"},\"potentialAction\":[{\"@type\":\"SearchAction\",\"target\":{\"@type\":\"EntryPoint\",\"urlTemplate\":\"https:\/\/noticiasemdestaque.com\/cd\/?s={search_term_string}\"},\"query-input\":{\"@type\":\"PropertyValueSpecification\",\"valueRequired\":true,\"valueName\":\"search_term_string\"}}],\"inLanguage\":\"pt-BR\"},{\"@type\":\"Organization\",\"@id\":\"https:\/\/noticiasemdestaque.com\/cd\/#organization\",\"name\":\"Not\u00edcias em Destaque\",\"url\":\"https:\/\/noticiasemdestaque.com\/cd\/\",\"logo\":{\"@type\":\"ImageObject\",\"inLanguage\":\"pt-BR\",\"@id\":\"https:\/\/noticiasemdestaque.com\/cd\/#\/schema\/logo\/image\/\",\"url\":\"https:\/\/noticiasemdestaque.com\/cd\/wp-content\/uploads\/2022\/05\/imagem-base-noticiasemdestaque.png\",\"contentUrl\":\"https:\/\/noticiasemdestaque.com\/cd\/wp-content\/uploads\/2022\/05\/imagem-base-noticiasemdestaque.png\",\"width\":1200,\"height\":630,\"caption\":\"Not\u00edcias em Destaque\"},\"image\":{\"@id\":\"https:\/\/noticiasemdestaque.com\/cd\/#\/schema\/logo\/image\/\"}},{\"@type\":\"Person\",\"@id\":\"https:\/\/noticiasemdestaque.com\/cd\/#\/schema\/person\/6ae9188aebb8de746b8e0d472d029646\",\"name\":\"Not\u00edcias em Destaque\",\"url\":\"https:\/\/noticiasemdestaque.com\/cd\/?author=2\"}]}<\/script>\n<!-- \/ Yoast SEO plugin. -->","yoast_head_json":{"title":"Rio Para\u00edba sobe quatro metros e ruas de Santa Rita ficam alagadas, ap\u00f3s chuvas - Not&iacute;cias em Destaque","robots":{"index":"index","follow":"follow","max-snippet":"max-snippet:-1","max-image-preview":"max-image-preview:large","max-video-preview":"max-video-preview:-1"},"canonical":"https:\/\/noticiasemdestaque.com\/cd\/?p=78314","og_locale":"pt_BR","og_type":"article","og_title":"Rio Para\u00edba sobe quatro metros e ruas de Santa Rita ficam alagadas, ap\u00f3s chuvas - Not&iacute;cias em Destaque","og_description":"V\u00e1rios trechos de\u00a0Santa Rita, na Grande\u00a0Jo\u00e3o Pessoa, ficaram alagados ap\u00f3s as fortes chuvas na cidade, nesta sexta-feira (1\u00ba) e s\u00e1bado (2). Outras cidades da Regi\u00e3o Metropolitana tamb\u00e9m registraram alagamentos. De acordo com a Defesa Civil, o Rio Para\u00edba, que fica pr\u00f3ximo ao munic\u00edpio, subiu aproximadamente quatro metros. O Centro da cidade ficou totalmente alagado, e fam\u00edlias tiveram que deixar suas casas. A Prefeitura de Santa Rita ainda n\u00e3o informou um balan\u00e7o de quantas casas foram alagadas. De acordo com dados do Centro Nacional de Monitoramento e Alertas de Desastres Naturais (Cemaden), choveu 153 mil\u00edmetros em Santa Rita nas \u00faltimas 48 horas. Na comunidade conhecida como Cana\u00e3, os moradores ficaram ilhados e precisaram ser resgatados em motocicletas aqu\u00e1ticas. Chuvas na Regi\u00e3o Metropolitana Em Jo\u00e3o Pessoa, 11 fam\u00edlias ficaram desabrigadas na comunidade Engenho Velho e foram levadas para uma escola, em Gramame.\u00a0A capital registrou 219 mil\u00edmetros de chuvas nas \u00faltimas 48 horas., segundo dados do Cemaden. Governador decreta situa\u00e7\u00e3o de calamidade p\u00fablica na Para\u00edba ap\u00f3s fortes chuvas Em\u00a0Bayeux, a prefeitura informou que pelo menos 45 fam\u00edlias precisaram deixar suas casas. Nas \u00faltimas 48 horas, choveu 153 mil\u00edmetros. A prefeitura ofereceu um espa\u00e7o para abrig\u00e1-las, mas preferiram ir para casas de familiares e amigos. Em\u00a0Cabedelo, choveu 218,9 mil\u00edmetros. A prefeitura informou que, at\u00e9 o momento, uma fam\u00edlia precisou ser levada para uma casa de abrigo. Em Rio Tinto: 600 casas ficaram desalojadas, segundo a prefeitura. A\u00a0prefeitura do Conde, na Regi\u00e3o Metropolitana de Jo\u00e3o Pessoa, decretou nesta sexta-feira (1\u00ba) situa\u00e7\u00e3o de emerg\u00eancia por 180 dias. O decreto foi motivado pelos impactos das fortes chuvas, que causaram alagamentos, deslizamentos, danos em estradas, pontes e bueiros, al\u00e9m de infiltra\u00e7\u00f5es em resid\u00eancias e fam\u00edlias desalojadas. A medida exige uma atua\u00e7\u00e3o imediata do poder p\u00fablico para mitigar os danos e prestar assist\u00eancia \u00e0 popula\u00e7\u00e3o. Noticias em Destaque Fonte: G1","og_url":"https:\/\/noticiasemdestaque.com\/cd\/?p=78314","og_site_name":"Not&iacute;cias em Destaque","article_published_time":"2026-05-02T15:21:31+00:00","author":"Not\u00edcias em Destaque","twitter_card":"summary_large_image","twitter_misc":{"Escrito por":"Not\u00edcias em Destaque","Est. tempo de leitura":"3 minutos"},"schema":{"@context":"https:\/\/schema.org","@graph":[{"@type":"Article","@id":"https:\/\/noticiasemdestaque.com\/cd\/?p=78314#article","isPartOf":{"@id":"https:\/\/noticiasemdestaque.com\/cd\/?p=78314"},"author":{"name":"Not\u00edcias em Destaque","@id":"https:\/\/noticiasemdestaque.com\/cd\/#\/schema\/person\/6ae9188aebb8de746b8e0d472d029646"},"headline":"Rio Para\u00edba sobe quatro metros e ruas de Santa Rita ficam alagadas, ap\u00f3s chuvas","datePublished":"2026-05-02T15:21:31+00:00","mainEntityOfPage":{"@id":"https:\/\/noticiasemdestaque.com\/cd\/?p=78314"},"wordCount":348,"publisher":{"@id":"https:\/\/noticiasemdestaque.com\/cd\/#organization"},"image":{"@id":"https:\/\/noticiasemdestaque.com\/cd\/?p=78314#primaryimage"},"thumbnailUrl":"https:\/\/noticiasemdestaque.com\/cd\/wp-content\/uploads\/2026\/05\/centro-de-santa-rita-.avif","articleSection":["Geral"],"inLanguage":"pt-BR"},{"@type":"WebPage","@id":"https:\/\/noticiasemdestaque.com\/cd\/?p=78314","url":"https:\/\/noticiasemdestaque.com\/cd\/?p=78314","name":"Rio Para\u00edba sobe quatro metros e ruas de Santa Rita ficam alagadas, ap\u00f3s chuvas - Not&iacute;cias em Destaque","isPartOf":{"@id":"https:\/\/noticiasemdestaque.com\/cd\/#website"},"primaryImageOfPage":{"@id":"https:\/\/noticiasemdestaque.com\/cd\/?p=78314#primaryimage"},"image":{"@id":"https:\/\/noticiasemdestaque.com\/cd\/?p=78314#primaryimage"},"thumbnailUrl":"https:\/\/noticiasemdestaque.com\/cd\/wp-content\/uploads\/2026\/05\/centro-de-santa-rita-.avif","datePublished":"2026-05-02T15:21:31+00:00","breadcrumb":{"@id":"https:\/\/noticiasemdestaque.com\/cd\/?p=78314#breadcrumb"},"inLanguage":"pt-BR","potentialAction":[{"@type":"ReadAction","target":["https:\/\/noticiasemdestaque.com\/cd\/?p=78314"]}]},{"@type":"ImageObject","inLanguage":"pt-BR","@id":"https:\/\/noticiasemdestaque.com\/cd\/?p=78314#primaryimage","url":"https:\/\/noticiasemdestaque.com\/cd\/wp-content\/uploads\/2026\/05\/centro-de-santa-rita-.avif","contentUrl":"https:\/\/noticiasemdestaque.com\/cd\/wp-content\/uploads\/2026\/05\/centro-de-santa-rita-.avif","width":984,"height":1749},{"@type":"BreadcrumbList","@id":"https:\/\/noticiasemdestaque.com\/cd\/?p=78314#breadcrumb","itemListElement":[{"@type":"ListItem","position":1,"name":"In\u00edcio","item":"https:\/\/noticiasemdestaque.com\/cd\/"},{"@type":"ListItem","position":2,"name":"Rio Para\u00edba sobe quatro metros e ruas de Santa Rita ficam alagadas, ap\u00f3s chuvas"}]},{"@type":"WebSite","@id":"https:\/\/noticiasemdestaque.com\/cd\/#website","url":"https:\/\/noticiasemdestaque.com\/cd\/","name":"Not&iacute;cias em Destaque","description":"","publisher":{"@id":"https:\/\/noticiasemdestaque.com\/cd\/#organization"},"potentialAction":[{"@type":"SearchAction","target":{"@type":"EntryPoint","urlTemplate":"https:\/\/noticiasemdestaque.com\/cd\/?s={search_term_string}"},"query-input":{"@type":"PropertyValueSpecification","valueRequired":true,"valueName":"search_term_string"}}],"inLanguage":"pt-BR"},{"@type":"Organization","@id":"https:\/\/noticiasemdestaque.com\/cd\/#organization","name":"Not\u00edcias em Destaque","url":"https:\/\/noticiasemdestaque.com\/cd\/","logo":{"@type":"ImageObject","inLanguage":"pt-BR","@id":"https:\/\/noticiasemdestaque.com\/cd\/#\/schema\/logo\/image\/","url":"https:\/\/noticiasemdestaque.com\/cd\/wp-content\/uploads\/2022\/05\/imagem-base-noticiasemdestaque.png","contentUrl":"https:\/\/noticiasemdestaque.com\/cd\/wp-content\/uploads\/2022\/05\/imagem-base-noticiasemdestaque.png","width":1200,"height":630,"caption":"Not\u00edcias em Destaque"},"image":{"@id":"https:\/\/noticiasemdestaque.com\/cd\/#\/schema\/logo\/image\/"}},{"@type":"Person","@id":"https:\/\/noticiasemdestaque.com\/cd\/#\/schema\/person\/6ae9188aebb8de746b8e0d472d029646","name":"Not\u00edcias em Destaque","url":"https:\/\/noticiasemdestaque.com\/cd\/?author=2"}]}},"jetpack_featured_media_url":"https:\/\/noticiasemdestaque.com\/cd\/wp-content\/uploads\/2026\/05\/centro-de-santa-rita-.avif","jetpack_sharing_enabled":true,"_links":{"self":[{"href":"https:\/\/noticiasemdestaque.com\/cd\/index.php?rest_route=\/wp\/v2\/posts\/78314","targetHints":{"allow":["GET"]}}],"collection":[{"href":"https:\/\/noticiasemdestaque.com\/cd\/index.php?rest_route=\/wp\/v2\/posts"}],"about":[{"href":"https:\/\/noticiasemdestaque.com\/cd\/index.php?rest_route=\/wp\/v2\/types\/post"}],"author":[{"embeddable":true,"href":"https:\/\/noticiasemdestaque.com\/cd\/index.php?rest_route=\/wp\/v2\/users\/2"}],"replies":[{"embeddable":true,"href":"https:\/\/noticiasemdestaque.com\/cd\/index.php?rest_route=%2Fwp%2Fv2%2Fcomments&post=78314"}],"version-history":[{"count":1,"href":"https:\/\/noticiasemdestaque.com\/cd\/index.php?rest_route=\/wp\/v2\/posts\/78314\/revisions"}],"predecessor-version":[{"id":78316,"href":"https:\/\/noticiasemdestaque.com\/cd\/index.php?rest_route=\/wp\/v2\/posts\/78314\/revisions\/78316"}],"wp:featuredmedia":[{"embeddable":true,"href":"https:\/\/noticiasemdestaque.com\/cd\/index.php?rest_route=\/wp\/v2\/media\/78315"}],"wp:attachment":[{"href":"https:\/\/noticiasemdestaque.com\/cd\/index.php?rest_route=%2Fwp%2Fv2%2Fmedia&parent=78314"}],"wp:term":[{"taxonomy":"category","embeddable":true,"href":"https:\/\/noticiasemdestaque.com\/cd\/index.php?rest_route=%2Fwp%2Fv2%2Fcategories&post=78314"},{"taxonomy":"post_tag","embeddable":true,"href":"https:\/\/noticiasemdestaque.com\/cd\/index.php?rest_route=%2Fwp%2Fv2%2Ftags&post=78314"}],"curies":[{"name":"wp","href":"https:\/\/api.w.org\/{rel}","templated":true}]}}