{"id":78301,"date":"2026-05-01T16:11:36","date_gmt":"2026-05-01T19:11:36","guid":{"rendered":"https:\/\/noticiasemdestaque.com\/cd\/?p=78301"},"modified":"2026-05-01T16:11:36","modified_gmt":"2026-05-01T19:11:36","slug":"bolsonaro-e-internado-em-hospital-para-passar-por-cirurgia-no-ombro","status":"publish","type":"post","link":"https:\/\/noticiasemdestaque.com\/cd\/?p=78301","title":{"rendered":"Bolsonaro \u00e9 internado em hospital para passar por cirurgia no ombro"},"content":{"rendered":"<p data-start=\"0\" data-end=\"346\" data-is-last-node=\"\" data-is-only-node=\"\"><a href=\"https:\/\/noticiasemdestaque.com\/cd\/wp-content\/uploads\/2026\/05\/54577157907-c7bd3e159e-k-800x533-1.jpg\"><img fetchpriority=\"high\" decoding=\"async\" class=\" wp-image-78299 aligncenter\" src=\"https:\/\/noticiasemdestaque.com\/cd\/wp-content\/uploads\/2026\/05\/54577157907-c7bd3e159e-k-800x533-1-300x200.jpg\" alt=\"\" width=\"1020\" height=\"680\" srcset=\"https:\/\/noticiasemdestaque.com\/cd\/wp-content\/uploads\/2026\/05\/54577157907-c7bd3e159e-k-800x533-1-300x200.jpg 300w, https:\/\/noticiasemdestaque.com\/cd\/wp-content\/uploads\/2026\/05\/54577157907-c7bd3e159e-k-800x533-1-768x512.jpg 768w, https:\/\/noticiasemdestaque.com\/cd\/wp-content\/uploads\/2026\/05\/54577157907-c7bd3e159e-k-800x533-1.jpg 800w\" sizes=\"(max-width: 1020px) 100vw, 1020px\" \/><\/a><\/p>\n<p data-start=\"0\" data-end=\"346\" data-is-last-node=\"\" data-is-only-node=\"\">O ex-presidente <span class=\"hover:entity-accent entity-underline inline cursor-pointer align-baseline\"><span class=\"whitespace-normal\">Jair Bolsonaro<\/span><\/span>\u00a0(PL) passa por uma cirurgia no ombro direito na manh\u00e3 desta sexta-feira (1\u00ba), no hospital DF Star, em Bras\u00edlia. De acordo com relat\u00f3rios m\u00e9dicos encaminhados ao\u00a0<span class=\"hover:entity-accent entity-underline inline cursor-pointer align-baseline\"><span class=\"whitespace-normal\">Supremo Tribunal Federal<\/span><\/span>, ele apresenta \u201cdores recorrentes e intermitentes\u201d na regi\u00e3o e faz uso di\u00e1rio de analg\u00e9sicos.<\/p>\n<p data-start=\"0\" data-end=\"346\" data-is-last-node=\"\" data-is-only-node=\"\">Nas redes sociais, a ex-primeira dama, Michelle Bolsonaro, escreveu por volta das 7 horas:<\/p>\n<blockquote>\n<p data-start=\"0\" data-end=\"346\" data-is-last-node=\"\" data-is-only-node=\"\">\u201cJ\u00e1 estamos a caminho do hospital. Pe\u00e7o aos meus irm\u00e3os em Cristo que orem pelo procedimento cir\u00fargico do meu galego. Cremos, pela f\u00e9, que j\u00e1 deu tudo certo\u201d.<\/p>\n<\/blockquote>\n<section class=\"text-token-text-primary w-full focus:outline-none [--shadow-height:45px] has-data-writing-block:pointer-events-none has-data-writing-block:-mt-(--shadow-height) has-data-writing-block:pt-(--shadow-height) [&amp;:has([data-writing-block])&gt;*]:pointer-events-auto [content-visibility:auto] supports-[content-visibility:auto]:[contain-intrinsic-size:auto_100lvh] R6Vx5W_threadScrollVars scroll-mb-[calc(var(--scroll-root-safe-area-inset-bottom,0px)+var(--thread-response-height))] scroll-mt-[calc(var(--header-height)+min(200px,max(70px,20svh)))]\" dir=\"auto\" data-turn-id=\"request-69f49851-aeec-83e9-925d-72c056bc03e5-2\" data-testid=\"conversation-turn-12\" data-scroll-anchor=\"false\" data-turn=\"assistant\">\n<div class=\"text-base my-auto mx-auto pb-10 [--thread-content-margin:var(--thread-content-margin-xs,calc(var(--spacing)*4))] @w-sm\/main:[--thread-content-margin:var(--thread-content-margin-sm,calc(var(--spacing)*6))] @w-lg\/main:[--thread-content-margin:var(--thread-content-margin-lg,calc(var(--spacing)*16))] px-(--thread-content-margin)\">\n<div class=\"[--thread-content-max-width:40rem] @w-lg\/main:[--thread-content-max-width:48rem] mx-auto max-w-(--thread-content-max-width) flex-1 group\/turn-messages focus-visible:outline-hidden relative flex w-full min-w-0 flex-col agent-turn\">\n<div class=\"flex max-w-full flex-col gap-4 grow\">\n<div class=\"min-h-8 text-message relative flex w-full flex-col items-end gap-2 text-start break-words whitespace-normal outline-none keyboard-focused:focus-ring [.text-message+&amp;]:mt-1\" dir=\"auto\" tabindex=\"0\" data-message-author-role=\"assistant\" data-message-id=\"821ace3e-1d14-43c0-a0e9-28e95b2d9ee3\" data-message-model-slug=\"gpt-5-3\" data-turn-start-message=\"true\">\n<div class=\"flex w-full flex-col gap-1 empty:hidden\">\n<div class=\"markdown prose dark:prose-invert w-full wrap-break-word dark markdown-new-styling\">\n<p data-start=\"0\" data-end=\"281\" data-is-last-node=\"\" data-is-only-node=\"\">O procedimento foi autorizado pelo ministro do\u00a0<span class=\"hover:entity-accent entity-underline inline cursor-pointer align-baseline\"><span class=\"whitespace-normal\">Supremo Tribunal Federal<\/span><\/span>,\u00a0<span class=\"hover:entity-accent entity-underline inline cursor-pointer align-baseline\"><span class=\"whitespace-normal\">Alexandre de Moraes<\/span><\/span>, ap\u00f3s solicita\u00e7\u00e3o da defesa apresentada em 21 de abril. No dia 24, a\u00a0<span class=\"hover:entity-accent entity-underline inline cursor-pointer align-baseline\"><span class=\"whitespace-normal\">Procuradoria-Geral da Rep\u00fablica<\/span><\/span>\u00a0informou que n\u00e3o se op\u00f5e \u00e0 realiza\u00e7\u00e3o da cirurgia.<\/p>\n<p data-start=\"0\" data-end=\"281\" data-is-last-node=\"\" data-is-only-node=\"\"><strong>Noticias em Destaque<\/strong><\/p>\n<p style=\"text-align: right;\" data-start=\"0\" data-end=\"281\" data-is-last-node=\"\" data-is-only-node=\"\"><em>Fonte: MaisPB<\/em><\/p>\n<\/div>\n<\/div>\n<\/div>\n<\/div>\n<\/div>\n<\/div>\n<\/section>\n","protected":false},"excerpt":{"rendered":"<p>O ex-presidente Jair Bolsonaro\u00a0(PL) passa por uma cirurgia no ombro direito na manh\u00e3 desta sexta-feira (1\u00ba), no hospital DF Star, em Bras\u00edlia. De acordo com relat\u00f3rios m\u00e9dicos encaminhados ao\u00a0Supremo Tribunal Federal, ele apresenta \u201cdores recorrentes e intermitentes\u201d na regi\u00e3o e faz uso di\u00e1rio de analg\u00e9sicos. Nas redes sociais, a ex-primeira dama, Michelle Bolsonaro, escreveu por volta das 7 horas: \u201cJ\u00e1 estamos a caminho do hospital. Pe\u00e7o aos meus irm\u00e3os em Cristo que orem pelo procedimento cir\u00fargico do meu galego. Cremos, pela f\u00e9, que j\u00e1 deu tudo certo\u201d. O procedimento foi autorizado pelo ministro do\u00a0Supremo Tribunal Federal,\u00a0Alexandre de Moraes, ap\u00f3s solicita\u00e7\u00e3o da defesa apresentada em 21 de abril. No dia 24, a\u00a0Procuradoria-Geral da Rep\u00fablica\u00a0informou que n\u00e3o se op\u00f5e \u00e0 realiza\u00e7\u00e3o da cirurgia. Noticias em Destaque Fonte: MaisPB<\/p>\n","protected":false},"author":2,"featured_media":78299,"comment_status":"closed","ping_status":"closed","sticky":false,"template":"","format":"standard","meta":{"_eb_attr":"","_jetpack_memberships_contains_paid_content":false,"footnotes":""},"categories":[4],"tags":[],"class_list":["post-78301","post","type-post","status-publish","format-standard","has-post-thumbnail","hentry","category-politica"],"yoast_head":"<!-- This site is optimized with the Yoast SEO plugin v26.5 - https:\/\/yoast.com\/wordpress\/plugins\/seo\/ -->\n<title>Bolsonaro \u00e9 internado em hospital para passar por cirurgia no ombro - Not&iacute;cias em Destaque<\/title>\n<meta name=\"robots\" content=\"index, follow, max-snippet:-1, max-image-preview:large, max-video-preview:-1\" \/>\n<link rel=\"canonical\" href=\"https:\/\/noticiasemdestaque.com\/cd\/?p=78301\" \/>\n<meta property=\"og:locale\" content=\"pt_BR\" \/>\n<meta property=\"og:type\" content=\"article\" \/>\n<meta property=\"og:title\" content=\"Bolsonaro \u00e9 internado em hospital para passar por cirurgia no ombro - Not&iacute;cias em Destaque\" \/>\n<meta property=\"og:description\" content=\"O ex-presidente Jair Bolsonaro\u00a0(PL) passa por uma cirurgia no ombro direito na manh\u00e3 desta sexta-feira (1\u00ba), no hospital DF Star, em Bras\u00edlia. De acordo com relat\u00f3rios m\u00e9dicos encaminhados ao\u00a0Supremo Tribunal Federal, ele apresenta \u201cdores recorrentes e intermitentes\u201d na regi\u00e3o e faz uso di\u00e1rio de analg\u00e9sicos. Nas redes sociais, a ex-primeira dama, Michelle Bolsonaro, escreveu por volta das 7 horas: \u201cJ\u00e1 estamos a caminho do hospital. Pe\u00e7o aos meus irm\u00e3os em Cristo que orem pelo procedimento cir\u00fargico do meu galego. Cremos, pela f\u00e9, que j\u00e1 deu tudo certo\u201d. O procedimento foi autorizado pelo ministro do\u00a0Supremo Tribunal Federal,\u00a0Alexandre de Moraes, ap\u00f3s solicita\u00e7\u00e3o da defesa apresentada em 21 de abril. No dia 24, a\u00a0Procuradoria-Geral da Rep\u00fablica\u00a0informou que n\u00e3o se op\u00f5e \u00e0 realiza\u00e7\u00e3o da cirurgia. Noticias em Destaque Fonte: MaisPB\" \/>\n<meta property=\"og:url\" content=\"https:\/\/noticiasemdestaque.com\/cd\/?p=78301\" \/>\n<meta property=\"og:site_name\" content=\"Not&iacute;cias em Destaque\" \/>\n<meta property=\"article:published_time\" content=\"2026-05-01T19:11:36+00:00\" \/>\n<meta property=\"og:image\" content=\"https:\/\/noticiasemdestaque.com\/cd\/wp-content\/uploads\/2026\/05\/54577157907-c7bd3e159e-k-800x533-1.jpg\" \/>\n\t<meta property=\"og:image:width\" content=\"800\" \/>\n\t<meta property=\"og:image:height\" content=\"533\" \/>\n\t<meta property=\"og:image:type\" content=\"image\/jpeg\" \/>\n<meta name=\"author\" content=\"Not\u00edcias em Destaque\" \/>\n<meta name=\"twitter:card\" content=\"summary_large_image\" \/>\n<meta name=\"twitter:label1\" content=\"Escrito por\" \/>\n\t<meta name=\"twitter:data1\" content=\"Not\u00edcias em Destaque\" \/>\n\t<meta name=\"twitter:label2\" content=\"Est. tempo de leitura\" \/>\n\t<meta name=\"twitter:data2\" content=\"2 minutos\" \/>\n<script type=\"application\/ld+json\" class=\"yoast-schema-graph\">{\"@context\":\"https:\/\/schema.org\",\"@graph\":[{\"@type\":\"Article\",\"@id\":\"https:\/\/noticiasemdestaque.com\/cd\/?p=78301#article\",\"isPartOf\":{\"@id\":\"https:\/\/noticiasemdestaque.com\/cd\/?p=78301\"},\"author\":{\"name\":\"Not\u00edcias em Destaque\",\"@id\":\"https:\/\/noticiasemdestaque.com\/cd\/#\/schema\/person\/6ae9188aebb8de746b8e0d472d029646\"},\"headline\":\"Bolsonaro \u00e9 internado em hospital para passar por cirurgia no ombro\",\"datePublished\":\"2026-05-01T19:11:36+00:00\",\"mainEntityOfPage\":{\"@id\":\"https:\/\/noticiasemdestaque.com\/cd\/?p=78301\"},\"wordCount\":152,\"publisher\":{\"@id\":\"https:\/\/noticiasemdestaque.com\/cd\/#organization\"},\"image\":{\"@id\":\"https:\/\/noticiasemdestaque.com\/cd\/?p=78301#primaryimage\"},\"thumbnailUrl\":\"https:\/\/noticiasemdestaque.com\/cd\/wp-content\/uploads\/2026\/05\/54577157907-c7bd3e159e-k-800x533-1.jpg\",\"articleSection\":[\"Pol\u00edtica\"],\"inLanguage\":\"pt-BR\"},{\"@type\":\"WebPage\",\"@id\":\"https:\/\/noticiasemdestaque.com\/cd\/?p=78301\",\"url\":\"https:\/\/noticiasemdestaque.com\/cd\/?p=78301\",\"name\":\"Bolsonaro \u00e9 internado em hospital para passar por cirurgia no ombro - Not&iacute;cias em Destaque\",\"isPartOf\":{\"@id\":\"https:\/\/noticiasemdestaque.com\/cd\/#website\"},\"primaryImageOfPage\":{\"@id\":\"https:\/\/noticiasemdestaque.com\/cd\/?p=78301#primaryimage\"},\"image\":{\"@id\":\"https:\/\/noticiasemdestaque.com\/cd\/?p=78301#primaryimage\"},\"thumbnailUrl\":\"https:\/\/noticiasemdestaque.com\/cd\/wp-content\/uploads\/2026\/05\/54577157907-c7bd3e159e-k-800x533-1.jpg\",\"datePublished\":\"2026-05-01T19:11:36+00:00\",\"breadcrumb\":{\"@id\":\"https:\/\/noticiasemdestaque.com\/cd\/?p=78301#breadcrumb\"},\"inLanguage\":\"pt-BR\",\"potentialAction\":[{\"@type\":\"ReadAction\",\"target\":[\"https:\/\/noticiasemdestaque.com\/cd\/?p=78301\"]}]},{\"@type\":\"ImageObject\",\"inLanguage\":\"pt-BR\",\"@id\":\"https:\/\/noticiasemdestaque.com\/cd\/?p=78301#primaryimage\",\"url\":\"https:\/\/noticiasemdestaque.com\/cd\/wp-content\/uploads\/2026\/05\/54577157907-c7bd3e159e-k-800x533-1.jpg\",\"contentUrl\":\"https:\/\/noticiasemdestaque.com\/cd\/wp-content\/uploads\/2026\/05\/54577157907-c7bd3e159e-k-800x533-1.jpg\",\"width\":800,\"height\":533},{\"@type\":\"BreadcrumbList\",\"@id\":\"https:\/\/noticiasemdestaque.com\/cd\/?p=78301#breadcrumb\",\"itemListElement\":[{\"@type\":\"ListItem\",\"position\":1,\"name\":\"In\u00edcio\",\"item\":\"https:\/\/noticiasemdestaque.com\/cd\/\"},{\"@type\":\"ListItem\",\"position\":2,\"name\":\"Bolsonaro \u00e9 internado em hospital para passar por cirurgia no ombro\"}]},{\"@type\":\"WebSite\",\"@id\":\"https:\/\/noticiasemdestaque.com\/cd\/#website\",\"url\":\"https:\/\/noticiasemdestaque.com\/cd\/\",\"name\":\"Not&iacute;cias em Destaque\",\"description\":\"\",\"publisher\":{\"@id\":\"https:\/\/noticiasemdestaque.com\/cd\/#organization\"},\"potentialAction\":[{\"@type\":\"SearchAction\",\"target\":{\"@type\":\"EntryPoint\",\"urlTemplate\":\"https:\/\/noticiasemdestaque.com\/cd\/?s={search_term_string}\"},\"query-input\":{\"@type\":\"PropertyValueSpecification\",\"valueRequired\":true,\"valueName\":\"search_term_string\"}}],\"inLanguage\":\"pt-BR\"},{\"@type\":\"Organization\",\"@id\":\"https:\/\/noticiasemdestaque.com\/cd\/#organization\",\"name\":\"Not\u00edcias em Destaque\",\"url\":\"https:\/\/noticiasemdestaque.com\/cd\/\",\"logo\":{\"@type\":\"ImageObject\",\"inLanguage\":\"pt-BR\",\"@id\":\"https:\/\/noticiasemdestaque.com\/cd\/#\/schema\/logo\/image\/\",\"url\":\"https:\/\/noticiasemdestaque.com\/cd\/wp-content\/uploads\/2022\/05\/imagem-base-noticiasemdestaque.png\",\"contentUrl\":\"https:\/\/noticiasemdestaque.com\/cd\/wp-content\/uploads\/2022\/05\/imagem-base-noticiasemdestaque.png\",\"width\":1200,\"height\":630,\"caption\":\"Not\u00edcias em Destaque\"},\"image\":{\"@id\":\"https:\/\/noticiasemdestaque.com\/cd\/#\/schema\/logo\/image\/\"}},{\"@type\":\"Person\",\"@id\":\"https:\/\/noticiasemdestaque.com\/cd\/#\/schema\/person\/6ae9188aebb8de746b8e0d472d029646\",\"name\":\"Not\u00edcias em Destaque\",\"url\":\"https:\/\/noticiasemdestaque.com\/cd\/?author=2\"}]}<\/script>\n<!-- \/ Yoast SEO plugin. -->","yoast_head_json":{"title":"Bolsonaro \u00e9 internado em hospital para passar por cirurgia no ombro - Not&iacute;cias em Destaque","robots":{"index":"index","follow":"follow","max-snippet":"max-snippet:-1","max-image-preview":"max-image-preview:large","max-video-preview":"max-video-preview:-1"},"canonical":"https:\/\/noticiasemdestaque.com\/cd\/?p=78301","og_locale":"pt_BR","og_type":"article","og_title":"Bolsonaro \u00e9 internado em hospital para passar por cirurgia no ombro - Not&iacute;cias em Destaque","og_description":"O ex-presidente Jair Bolsonaro\u00a0(PL) passa por uma cirurgia no ombro direito na manh\u00e3 desta sexta-feira (1\u00ba), no hospital DF Star, em Bras\u00edlia. De acordo com relat\u00f3rios m\u00e9dicos encaminhados ao\u00a0Supremo Tribunal Federal, ele apresenta \u201cdores recorrentes e intermitentes\u201d na regi\u00e3o e faz uso di\u00e1rio de analg\u00e9sicos. Nas redes sociais, a ex-primeira dama, Michelle Bolsonaro, escreveu por volta das 7 horas: \u201cJ\u00e1 estamos a caminho do hospital. Pe\u00e7o aos meus irm\u00e3os em Cristo que orem pelo procedimento cir\u00fargico do meu galego. Cremos, pela f\u00e9, que j\u00e1 deu tudo certo\u201d. O procedimento foi autorizado pelo ministro do\u00a0Supremo Tribunal Federal,\u00a0Alexandre de Moraes, ap\u00f3s solicita\u00e7\u00e3o da defesa apresentada em 21 de abril. No dia 24, a\u00a0Procuradoria-Geral da Rep\u00fablica\u00a0informou que n\u00e3o se op\u00f5e \u00e0 realiza\u00e7\u00e3o da cirurgia. Noticias em Destaque Fonte: MaisPB","og_url":"https:\/\/noticiasemdestaque.com\/cd\/?p=78301","og_site_name":"Not&iacute;cias em Destaque","article_published_time":"2026-05-01T19:11:36+00:00","og_image":[{"width":800,"height":533,"url":"https:\/\/noticiasemdestaque.com\/cd\/wp-content\/uploads\/2026\/05\/54577157907-c7bd3e159e-k-800x533-1.jpg","type":"image\/jpeg"}],"author":"Not\u00edcias em Destaque","twitter_card":"summary_large_image","twitter_misc":{"Escrito por":"Not\u00edcias em Destaque","Est. tempo de leitura":"2 minutos"},"schema":{"@context":"https:\/\/schema.org","@graph":[{"@type":"Article","@id":"https:\/\/noticiasemdestaque.com\/cd\/?p=78301#article","isPartOf":{"@id":"https:\/\/noticiasemdestaque.com\/cd\/?p=78301"},"author":{"name":"Not\u00edcias em Destaque","@id":"https:\/\/noticiasemdestaque.com\/cd\/#\/schema\/person\/6ae9188aebb8de746b8e0d472d029646"},"headline":"Bolsonaro \u00e9 internado em hospital para passar por cirurgia no ombro","datePublished":"2026-05-01T19:11:36+00:00","mainEntityOfPage":{"@id":"https:\/\/noticiasemdestaque.com\/cd\/?p=78301"},"wordCount":152,"publisher":{"@id":"https:\/\/noticiasemdestaque.com\/cd\/#organization"},"image":{"@id":"https:\/\/noticiasemdestaque.com\/cd\/?p=78301#primaryimage"},"thumbnailUrl":"https:\/\/noticiasemdestaque.com\/cd\/wp-content\/uploads\/2026\/05\/54577157907-c7bd3e159e-k-800x533-1.jpg","articleSection":["Pol\u00edtica"],"inLanguage":"pt-BR"},{"@type":"WebPage","@id":"https:\/\/noticiasemdestaque.com\/cd\/?p=78301","url":"https:\/\/noticiasemdestaque.com\/cd\/?p=78301","name":"Bolsonaro \u00e9 internado em hospital para passar por cirurgia no ombro - Not&iacute;cias em Destaque","isPartOf":{"@id":"https:\/\/noticiasemdestaque.com\/cd\/#website"},"primaryImageOfPage":{"@id":"https:\/\/noticiasemdestaque.com\/cd\/?p=78301#primaryimage"},"image":{"@id":"https:\/\/noticiasemdestaque.com\/cd\/?p=78301#primaryimage"},"thumbnailUrl":"https:\/\/noticiasemdestaque.com\/cd\/wp-content\/uploads\/2026\/05\/54577157907-c7bd3e159e-k-800x533-1.jpg","datePublished":"2026-05-01T19:11:36+00:00","breadcrumb":{"@id":"https:\/\/noticiasemdestaque.com\/cd\/?p=78301#breadcrumb"},"inLanguage":"pt-BR","potentialAction":[{"@type":"ReadAction","target":["https:\/\/noticiasemdestaque.com\/cd\/?p=78301"]}]},{"@type":"ImageObject","inLanguage":"pt-BR","@id":"https:\/\/noticiasemdestaque.com\/cd\/?p=78301#primaryimage","url":"https:\/\/noticiasemdestaque.com\/cd\/wp-content\/uploads\/2026\/05\/54577157907-c7bd3e159e-k-800x533-1.jpg","contentUrl":"https:\/\/noticiasemdestaque.com\/cd\/wp-content\/uploads\/2026\/05\/54577157907-c7bd3e159e-k-800x533-1.jpg","width":800,"height":533},{"@type":"BreadcrumbList","@id":"https:\/\/noticiasemdestaque.com\/cd\/?p=78301#breadcrumb","itemListElement":[{"@type":"ListItem","position":1,"name":"In\u00edcio","item":"https:\/\/noticiasemdestaque.com\/cd\/"},{"@type":"ListItem","position":2,"name":"Bolsonaro \u00e9 internado em hospital para passar por cirurgia no ombro"}]},{"@type":"WebSite","@id":"https:\/\/noticiasemdestaque.com\/cd\/#website","url":"https:\/\/noticiasemdestaque.com\/cd\/","name":"Not&iacute;cias em Destaque","description":"","publisher":{"@id":"https:\/\/noticiasemdestaque.com\/cd\/#organization"},"potentialAction":[{"@type":"SearchAction","target":{"@type":"EntryPoint","urlTemplate":"https:\/\/noticiasemdestaque.com\/cd\/?s={search_term_string}"},"query-input":{"@type":"PropertyValueSpecification","valueRequired":true,"valueName":"search_term_string"}}],"inLanguage":"pt-BR"},{"@type":"Organization","@id":"https:\/\/noticiasemdestaque.com\/cd\/#organization","name":"Not\u00edcias em Destaque","url":"https:\/\/noticiasemdestaque.com\/cd\/","logo":{"@type":"ImageObject","inLanguage":"pt-BR","@id":"https:\/\/noticiasemdestaque.com\/cd\/#\/schema\/logo\/image\/","url":"https:\/\/noticiasemdestaque.com\/cd\/wp-content\/uploads\/2022\/05\/imagem-base-noticiasemdestaque.png","contentUrl":"https:\/\/noticiasemdestaque.com\/cd\/wp-content\/uploads\/2022\/05\/imagem-base-noticiasemdestaque.png","width":1200,"height":630,"caption":"Not\u00edcias em Destaque"},"image":{"@id":"https:\/\/noticiasemdestaque.com\/cd\/#\/schema\/logo\/image\/"}},{"@type":"Person","@id":"https:\/\/noticiasemdestaque.com\/cd\/#\/schema\/person\/6ae9188aebb8de746b8e0d472d029646","name":"Not\u00edcias em Destaque","url":"https:\/\/noticiasemdestaque.com\/cd\/?author=2"}]}},"jetpack_featured_media_url":"https:\/\/noticiasemdestaque.com\/cd\/wp-content\/uploads\/2026\/05\/54577157907-c7bd3e159e-k-800x533-1.jpg","jetpack_sharing_enabled":true,"_links":{"self":[{"href":"https:\/\/noticiasemdestaque.com\/cd\/index.php?rest_route=\/wp\/v2\/posts\/78301","targetHints":{"allow":["GET"]}}],"collection":[{"href":"https:\/\/noticiasemdestaque.com\/cd\/index.php?rest_route=\/wp\/v2\/posts"}],"about":[{"href":"https:\/\/noticiasemdestaque.com\/cd\/index.php?rest_route=\/wp\/v2\/types\/post"}],"author":[{"embeddable":true,"href":"https:\/\/noticiasemdestaque.com\/cd\/index.php?rest_route=\/wp\/v2\/users\/2"}],"replies":[{"embeddable":true,"href":"https:\/\/noticiasemdestaque.com\/cd\/index.php?rest_route=%2Fwp%2Fv2%2Fcomments&post=78301"}],"version-history":[{"count":1,"href":"https:\/\/noticiasemdestaque.com\/cd\/index.php?rest_route=\/wp\/v2\/posts\/78301\/revisions"}],"predecessor-version":[{"id":78302,"href":"https:\/\/noticiasemdestaque.com\/cd\/index.php?rest_route=\/wp\/v2\/posts\/78301\/revisions\/78302"}],"wp:featuredmedia":[{"embeddable":true,"href":"https:\/\/noticiasemdestaque.com\/cd\/index.php?rest_route=\/wp\/v2\/media\/78299"}],"wp:attachment":[{"href":"https:\/\/noticiasemdestaque.com\/cd\/index.php?rest_route=%2Fwp%2Fv2%2Fmedia&parent=78301"}],"wp:term":[{"taxonomy":"category","embeddable":true,"href":"https:\/\/noticiasemdestaque.com\/cd\/index.php?rest_route=%2Fwp%2Fv2%2Fcategories&post=78301"},{"taxonomy":"post_tag","embeddable":true,"href":"https:\/\/noticiasemdestaque.com\/cd\/index.php?rest_route=%2Fwp%2Fv2%2Ftags&post=78301"}],"curies":[{"name":"wp","href":"https:\/\/api.w.org\/{rel}","templated":true}]}}