{"id":78295,"date":"2026-05-01T11:29:48","date_gmt":"2026-05-01T14:29:48","guid":{"rendered":"https:\/\/noticiasemdestaque.com\/cd\/?p=78295"},"modified":"2026-05-01T11:29:48","modified_gmt":"2026-05-01T14:29:48","slug":"dois-homens-morrem-eletrocutados-antes-de-corrida-do-dia-do-trabalhador-em-guarabira","status":"publish","type":"post","link":"https:\/\/noticiasemdestaque.com\/cd\/?p=78295","title":{"rendered":"Dois homens morrem eletrocutados antes de corrida do Dia do Trabalhador em Guarabira"},"content":{"rendered":"<p><a href=\"https:\/\/noticiasemdestaque.com\/cd\/wp-content\/uploads\/2026\/05\/organizador-de-corrida-do-dia-do-trabalhador-morre0021789200202605010917-8-860x484-1.webp\"><img fetchpriority=\"high\" decoding=\"async\" class=\" wp-image-78296 aligncenter\" src=\"https:\/\/noticiasemdestaque.com\/cd\/wp-content\/uploads\/2026\/05\/organizador-de-corrida-do-dia-do-trabalhador-morre0021789200202605010917-8-860x484-1-300x169.webp\" alt=\"\" width=\"943\" height=\"531\" srcset=\"https:\/\/noticiasemdestaque.com\/cd\/wp-content\/uploads\/2026\/05\/organizador-de-corrida-do-dia-do-trabalhador-morre0021789200202605010917-8-860x484-1-300x169.webp 300w, https:\/\/noticiasemdestaque.com\/cd\/wp-content\/uploads\/2026\/05\/organizador-de-corrida-do-dia-do-trabalhador-morre0021789200202605010917-8-860x484-1-768x432.webp 768w, https:\/\/noticiasemdestaque.com\/cd\/wp-content\/uploads\/2026\/05\/organizador-de-corrida-do-dia-do-trabalhador-morre0021789200202605010917-8-860x484-1.webp 860w\" sizes=\"(max-width: 943px) 100vw, 943px\" \/><\/a><\/p>\n<p>Duas pessoas morreram eletrocutadas na manh\u00e3 desta sexta-feira, 1\u00ba de maio de 2026, no centro de Guarabira, no Brejo paraibano. O acidente ocorreu durante fortes chuvas registradas na cidade e provocou como\u00e7\u00e3o entre moradores e participantes de um evento esportivo programado para o Dia do Trabalhador.<\/p>\n<p>As v\u00edtimas foram identificadas como Washington Gon\u00e7alves, de 42 anos, empres\u00e1rio e organizador da tradicional Corrida do Trabalhador, e Ant\u00f4nio Felipe da Silva J\u00fanior, de 36 anos, que atuava na organiza\u00e7\u00e3o do evento. Ambos morreram ainda no local.<\/p>\n<p>De acordo com informa\u00e7\u00f5es da Pol\u00edcia Militar, o incidente ocorreu em uma \u00e1rea com ac\u00famulo de \u00e1gua, que acabou ficando energizada. Testemunhas relataram que um fio el\u00e9trico em contato com a \u00e1gua e com estruturas met\u00e1licas montadas para a corrida teria provocado a descarga el\u00e9trica.<\/p>\n<p>Um dos participantes afirmou \u00e0 TV Cabo Branco que percebeu uma corrente el\u00e9trica ao tocar em uma grade e entrou em contato com o organizador para alertar sobre o risco. Durante esse momento, as v\u00edtimas teriam sido atingidas pela descarga.<\/p>\n<p>A guarni\u00e7\u00e3o da PM identificou \u00e1gua empo\u00e7ada no ponto do acidente, e a \u00e1rea foi isolada com apoio do Corpo de Bombeiros para evitar novos casos. Equipes do Servi\u00e7o de Atendimento M\u00f3vel de Urg\u00eancia (Samu) tamb\u00e9m foram acionadas, mas n\u00e3o houve tempo para socorro.<\/p>\n<p>Washington Gon\u00e7alves era propriet\u00e1rio da Cafeteria Austr\u00e1lia, localizada na Avenida Dom Pedro II. Pouco antes da trag\u00e9dia, ele havia publicado um v\u00eddeo nas redes sociais convidando a popula\u00e7\u00e3o para participar da corrida, que j\u00e1 contava com estrutura de seguran\u00e7a, incluindo Pol\u00edcia, Bombeiros e \u00f3rg\u00e3os de mobilidade.<\/p>\n<p>Em nota, a Prefeitura de Guarabira lamentou as mortes, prestou solidariedade \u00e0s fam\u00edlias e destacou a import\u00e2ncia de Washington para o evento. \u201cIdealizador da Corrida do Trabalhador, ele contribuiu significativamente para transformar o evento em uma tradi\u00e7\u00e3o na cidade, promovendo sa\u00fade, bem-estar e integra\u00e7\u00e3o social\u201d, diz o comunicado.<\/p>\n<p>A Energisa tamb\u00e9m se manifestou, informando que o acidente teria sido causado por uma liga\u00e7\u00e3o clandestina que energizou estruturas met\u00e1licas utilizadas na sinaliza\u00e7\u00e3o do evento. A empresa ressaltou que instala\u00e7\u00f5es provis\u00f3rias devem ser realizadas por profissionais habilitados e dentro dos padr\u00f5es de seguran\u00e7a.<\/p>\n<p><strong>Noticias em Destaque<\/strong><\/p>\n<p style=\"text-align: right;\"><em>Fonte: RotaPB<\/em><\/p>\n","protected":false},"excerpt":{"rendered":"<p>Duas pessoas morreram eletrocutadas na manh\u00e3 desta sexta-feira, 1\u00ba de maio de 2026, no centro de Guarabira, no Brejo paraibano. O acidente ocorreu durante fortes chuvas registradas na cidade e provocou como\u00e7\u00e3o entre moradores e participantes de um evento esportivo programado para o Dia do Trabalhador. As v\u00edtimas foram identificadas como Washington Gon\u00e7alves, de 42 anos, empres\u00e1rio e organizador da tradicional Corrida do Trabalhador, e Ant\u00f4nio Felipe da Silva J\u00fanior, de 36 anos, que atuava na organiza\u00e7\u00e3o do evento. Ambos morreram ainda no local. De acordo com informa\u00e7\u00f5es da Pol\u00edcia Militar, o incidente ocorreu em uma \u00e1rea com ac\u00famulo de \u00e1gua, que acabou ficando energizada. Testemunhas relataram que um fio el\u00e9trico em contato com a \u00e1gua e com estruturas met\u00e1licas montadas para a corrida teria provocado a descarga el\u00e9trica. Um dos participantes afirmou \u00e0 TV Cabo Branco que percebeu uma corrente el\u00e9trica ao tocar em uma grade e entrou em contato com o organizador para alertar sobre o risco. Durante esse momento, as v\u00edtimas teriam sido atingidas pela descarga. A guarni\u00e7\u00e3o da PM identificou \u00e1gua empo\u00e7ada no ponto do acidente, e a \u00e1rea foi isolada com apoio do Corpo de Bombeiros para evitar novos casos. Equipes do Servi\u00e7o de Atendimento M\u00f3vel de Urg\u00eancia (Samu) tamb\u00e9m foram acionadas, mas n\u00e3o houve tempo para socorro. Washington Gon\u00e7alves era propriet\u00e1rio da Cafeteria Austr\u00e1lia, localizada na Avenida Dom Pedro II. Pouco antes da trag\u00e9dia, ele havia publicado um v\u00eddeo nas redes sociais convidando a popula\u00e7\u00e3o para participar da corrida, que j\u00e1 contava com estrutura de seguran\u00e7a, incluindo Pol\u00edcia, Bombeiros e \u00f3rg\u00e3os de mobilidade. Em nota, a Prefeitura de Guarabira lamentou as mortes, prestou solidariedade \u00e0s fam\u00edlias e destacou a import\u00e2ncia de Washington para o evento. \u201cIdealizador da Corrida do Trabalhador, ele contribuiu significativamente para transformar o evento em uma tradi\u00e7\u00e3o na cidade, promovendo sa\u00fade, bem-estar e integra\u00e7\u00e3o social\u201d, diz o comunicado. A Energisa tamb\u00e9m se manifestou, informando que o acidente teria sido causado por uma liga\u00e7\u00e3o clandestina que energizou estruturas met\u00e1licas utilizadas na sinaliza\u00e7\u00e3o do evento. A empresa ressaltou que instala\u00e7\u00f5es provis\u00f3rias devem ser realizadas por profissionais habilitados e dentro dos padr\u00f5es de seguran\u00e7a. Noticias em Destaque Fonte: RotaPB<\/p>\n","protected":false},"author":2,"featured_media":78296,"comment_status":"closed","ping_status":"closed","sticky":false,"template":"","format":"standard","meta":{"_eb_attr":"","_jetpack_memberships_contains_paid_content":false,"footnotes":""},"categories":[20],"tags":[],"class_list":["post-78295","post","type-post","status-publish","format-standard","has-post-thumbnail","hentry","category-policia"],"yoast_head":"<!-- This site is optimized with the Yoast SEO plugin v26.5 - https:\/\/yoast.com\/wordpress\/plugins\/seo\/ -->\n<title>Dois homens morrem eletrocutados antes de corrida do Dia do Trabalhador em Guarabira - Not&iacute;cias em Destaque<\/title>\n<meta name=\"robots\" content=\"index, follow, max-snippet:-1, max-image-preview:large, max-video-preview:-1\" \/>\n<link rel=\"canonical\" href=\"https:\/\/noticiasemdestaque.com\/cd\/?p=78295\" \/>\n<meta property=\"og:locale\" content=\"pt_BR\" \/>\n<meta property=\"og:type\" content=\"article\" \/>\n<meta property=\"og:title\" content=\"Dois homens morrem eletrocutados antes de corrida do Dia do Trabalhador em Guarabira - Not&iacute;cias em Destaque\" \/>\n<meta property=\"og:description\" content=\"Duas pessoas morreram eletrocutadas na manh\u00e3 desta sexta-feira, 1\u00ba de maio de 2026, no centro de Guarabira, no Brejo paraibano. O acidente ocorreu durante fortes chuvas registradas na cidade e provocou como\u00e7\u00e3o entre moradores e participantes de um evento esportivo programado para o Dia do Trabalhador. As v\u00edtimas foram identificadas como Washington Gon\u00e7alves, de 42 anos, empres\u00e1rio e organizador da tradicional Corrida do Trabalhador, e Ant\u00f4nio Felipe da Silva J\u00fanior, de 36 anos, que atuava na organiza\u00e7\u00e3o do evento. Ambos morreram ainda no local. De acordo com informa\u00e7\u00f5es da Pol\u00edcia Militar, o incidente ocorreu em uma \u00e1rea com ac\u00famulo de \u00e1gua, que acabou ficando energizada. Testemunhas relataram que um fio el\u00e9trico em contato com a \u00e1gua e com estruturas met\u00e1licas montadas para a corrida teria provocado a descarga el\u00e9trica. Um dos participantes afirmou \u00e0 TV Cabo Branco que percebeu uma corrente el\u00e9trica ao tocar em uma grade e entrou em contato com o organizador para alertar sobre o risco. Durante esse momento, as v\u00edtimas teriam sido atingidas pela descarga. A guarni\u00e7\u00e3o da PM identificou \u00e1gua empo\u00e7ada no ponto do acidente, e a \u00e1rea foi isolada com apoio do Corpo de Bombeiros para evitar novos casos. Equipes do Servi\u00e7o de Atendimento M\u00f3vel de Urg\u00eancia (Samu) tamb\u00e9m foram acionadas, mas n\u00e3o houve tempo para socorro. Washington Gon\u00e7alves era propriet\u00e1rio da Cafeteria Austr\u00e1lia, localizada na Avenida Dom Pedro II. Pouco antes da trag\u00e9dia, ele havia publicado um v\u00eddeo nas redes sociais convidando a popula\u00e7\u00e3o para participar da corrida, que j\u00e1 contava com estrutura de seguran\u00e7a, incluindo Pol\u00edcia, Bombeiros e \u00f3rg\u00e3os de mobilidade. Em nota, a Prefeitura de Guarabira lamentou as mortes, prestou solidariedade \u00e0s fam\u00edlias e destacou a import\u00e2ncia de Washington para o evento. \u201cIdealizador da Corrida do Trabalhador, ele contribuiu significativamente para transformar o evento em uma tradi\u00e7\u00e3o na cidade, promovendo sa\u00fade, bem-estar e integra\u00e7\u00e3o social\u201d, diz o comunicado. A Energisa tamb\u00e9m se manifestou, informando que o acidente teria sido causado por uma liga\u00e7\u00e3o clandestina que energizou estruturas met\u00e1licas utilizadas na sinaliza\u00e7\u00e3o do evento. A empresa ressaltou que instala\u00e7\u00f5es provis\u00f3rias devem ser realizadas por profissionais habilitados e dentro dos padr\u00f5es de seguran\u00e7a. Noticias em Destaque Fonte: RotaPB\" \/>\n<meta property=\"og:url\" content=\"https:\/\/noticiasemdestaque.com\/cd\/?p=78295\" \/>\n<meta property=\"og:site_name\" content=\"Not&iacute;cias em Destaque\" \/>\n<meta property=\"article:published_time\" content=\"2026-05-01T14:29:48+00:00\" \/>\n<meta property=\"og:image\" content=\"https:\/\/noticiasemdestaque.com\/cd\/wp-content\/uploads\/2026\/05\/organizador-de-corrida-do-dia-do-trabalhador-morre0021789200202605010917-8-860x484-1.webp\" \/>\n\t<meta property=\"og:image:width\" content=\"860\" \/>\n\t<meta property=\"og:image:height\" content=\"484\" \/>\n\t<meta property=\"og:image:type\" content=\"image\/webp\" \/>\n<meta name=\"author\" content=\"Not\u00edcias em Destaque\" \/>\n<meta name=\"twitter:card\" content=\"summary_large_image\" \/>\n<meta name=\"twitter:label1\" content=\"Escrito por\" \/>\n\t<meta name=\"twitter:data1\" content=\"Not\u00edcias em Destaque\" \/>\n\t<meta name=\"twitter:label2\" content=\"Est. tempo de leitura\" \/>\n\t<meta name=\"twitter:data2\" content=\"3 minutos\" \/>\n<script type=\"application\/ld+json\" class=\"yoast-schema-graph\">{\"@context\":\"https:\/\/schema.org\",\"@graph\":[{\"@type\":\"Article\",\"@id\":\"https:\/\/noticiasemdestaque.com\/cd\/?p=78295#article\",\"isPartOf\":{\"@id\":\"https:\/\/noticiasemdestaque.com\/cd\/?p=78295\"},\"author\":{\"name\":\"Not\u00edcias em Destaque\",\"@id\":\"https:\/\/noticiasemdestaque.com\/cd\/#\/schema\/person\/6ae9188aebb8de746b8e0d472d029646\"},\"headline\":\"Dois homens morrem eletrocutados antes de corrida do Dia do Trabalhador em Guarabira\",\"datePublished\":\"2026-05-01T14:29:48+00:00\",\"mainEntityOfPage\":{\"@id\":\"https:\/\/noticiasemdestaque.com\/cd\/?p=78295\"},\"wordCount\":407,\"publisher\":{\"@id\":\"https:\/\/noticiasemdestaque.com\/cd\/#organization\"},\"image\":{\"@id\":\"https:\/\/noticiasemdestaque.com\/cd\/?p=78295#primaryimage\"},\"thumbnailUrl\":\"https:\/\/noticiasemdestaque.com\/cd\/wp-content\/uploads\/2026\/05\/organizador-de-corrida-do-dia-do-trabalhador-morre0021789200202605010917-8-860x484-1.webp\",\"articleSection\":[\"Pol\u00edcia\"],\"inLanguage\":\"pt-BR\"},{\"@type\":\"WebPage\",\"@id\":\"https:\/\/noticiasemdestaque.com\/cd\/?p=78295\",\"url\":\"https:\/\/noticiasemdestaque.com\/cd\/?p=78295\",\"name\":\"Dois homens morrem eletrocutados antes de corrida do Dia do Trabalhador em Guarabira - Not&iacute;cias em Destaque\",\"isPartOf\":{\"@id\":\"https:\/\/noticiasemdestaque.com\/cd\/#website\"},\"primaryImageOfPage\":{\"@id\":\"https:\/\/noticiasemdestaque.com\/cd\/?p=78295#primaryimage\"},\"image\":{\"@id\":\"https:\/\/noticiasemdestaque.com\/cd\/?p=78295#primaryimage\"},\"thumbnailUrl\":\"https:\/\/noticiasemdestaque.com\/cd\/wp-content\/uploads\/2026\/05\/organizador-de-corrida-do-dia-do-trabalhador-morre0021789200202605010917-8-860x484-1.webp\",\"datePublished\":\"2026-05-01T14:29:48+00:00\",\"breadcrumb\":{\"@id\":\"https:\/\/noticiasemdestaque.com\/cd\/?p=78295#breadcrumb\"},\"inLanguage\":\"pt-BR\",\"potentialAction\":[{\"@type\":\"ReadAction\",\"target\":[\"https:\/\/noticiasemdestaque.com\/cd\/?p=78295\"]}]},{\"@type\":\"ImageObject\",\"inLanguage\":\"pt-BR\",\"@id\":\"https:\/\/noticiasemdestaque.com\/cd\/?p=78295#primaryimage\",\"url\":\"https:\/\/noticiasemdestaque.com\/cd\/wp-content\/uploads\/2026\/05\/organizador-de-corrida-do-dia-do-trabalhador-morre0021789200202605010917-8-860x484-1.webp\",\"contentUrl\":\"https:\/\/noticiasemdestaque.com\/cd\/wp-content\/uploads\/2026\/05\/organizador-de-corrida-do-dia-do-trabalhador-morre0021789200202605010917-8-860x484-1.webp\",\"width\":860,\"height\":484},{\"@type\":\"BreadcrumbList\",\"@id\":\"https:\/\/noticiasemdestaque.com\/cd\/?p=78295#breadcrumb\",\"itemListElement\":[{\"@type\":\"ListItem\",\"position\":1,\"name\":\"In\u00edcio\",\"item\":\"https:\/\/noticiasemdestaque.com\/cd\/\"},{\"@type\":\"ListItem\",\"position\":2,\"name\":\"Dois homens morrem eletrocutados antes de corrida do Dia do Trabalhador em Guarabira\"}]},{\"@type\":\"WebSite\",\"@id\":\"https:\/\/noticiasemdestaque.com\/cd\/#website\",\"url\":\"https:\/\/noticiasemdestaque.com\/cd\/\",\"name\":\"Not&iacute;cias em Destaque\",\"description\":\"\",\"publisher\":{\"@id\":\"https:\/\/noticiasemdestaque.com\/cd\/#organization\"},\"potentialAction\":[{\"@type\":\"SearchAction\",\"target\":{\"@type\":\"EntryPoint\",\"urlTemplate\":\"https:\/\/noticiasemdestaque.com\/cd\/?s={search_term_string}\"},\"query-input\":{\"@type\":\"PropertyValueSpecification\",\"valueRequired\":true,\"valueName\":\"search_term_string\"}}],\"inLanguage\":\"pt-BR\"},{\"@type\":\"Organization\",\"@id\":\"https:\/\/noticiasemdestaque.com\/cd\/#organization\",\"name\":\"Not\u00edcias em Destaque\",\"url\":\"https:\/\/noticiasemdestaque.com\/cd\/\",\"logo\":{\"@type\":\"ImageObject\",\"inLanguage\":\"pt-BR\",\"@id\":\"https:\/\/noticiasemdestaque.com\/cd\/#\/schema\/logo\/image\/\",\"url\":\"https:\/\/noticiasemdestaque.com\/cd\/wp-content\/uploads\/2022\/05\/imagem-base-noticiasemdestaque.png\",\"contentUrl\":\"https:\/\/noticiasemdestaque.com\/cd\/wp-content\/uploads\/2022\/05\/imagem-base-noticiasemdestaque.png\",\"width\":1200,\"height\":630,\"caption\":\"Not\u00edcias em Destaque\"},\"image\":{\"@id\":\"https:\/\/noticiasemdestaque.com\/cd\/#\/schema\/logo\/image\/\"}},{\"@type\":\"Person\",\"@id\":\"https:\/\/noticiasemdestaque.com\/cd\/#\/schema\/person\/6ae9188aebb8de746b8e0d472d029646\",\"name\":\"Not\u00edcias em Destaque\",\"url\":\"https:\/\/noticiasemdestaque.com\/cd\/?author=2\"}]}<\/script>\n<!-- \/ Yoast SEO plugin. -->","yoast_head_json":{"title":"Dois homens morrem eletrocutados antes de corrida do Dia do Trabalhador em Guarabira - Not&iacute;cias em Destaque","robots":{"index":"index","follow":"follow","max-snippet":"max-snippet:-1","max-image-preview":"max-image-preview:large","max-video-preview":"max-video-preview:-1"},"canonical":"https:\/\/noticiasemdestaque.com\/cd\/?p=78295","og_locale":"pt_BR","og_type":"article","og_title":"Dois homens morrem eletrocutados antes de corrida do Dia do Trabalhador em Guarabira - Not&iacute;cias em Destaque","og_description":"Duas pessoas morreram eletrocutadas na manh\u00e3 desta sexta-feira, 1\u00ba de maio de 2026, no centro de Guarabira, no Brejo paraibano. O acidente ocorreu durante fortes chuvas registradas na cidade e provocou como\u00e7\u00e3o entre moradores e participantes de um evento esportivo programado para o Dia do Trabalhador. As v\u00edtimas foram identificadas como Washington Gon\u00e7alves, de 42 anos, empres\u00e1rio e organizador da tradicional Corrida do Trabalhador, e Ant\u00f4nio Felipe da Silva J\u00fanior, de 36 anos, que atuava na organiza\u00e7\u00e3o do evento. Ambos morreram ainda no local. De acordo com informa\u00e7\u00f5es da Pol\u00edcia Militar, o incidente ocorreu em uma \u00e1rea com ac\u00famulo de \u00e1gua, que acabou ficando energizada. Testemunhas relataram que um fio el\u00e9trico em contato com a \u00e1gua e com estruturas met\u00e1licas montadas para a corrida teria provocado a descarga el\u00e9trica. Um dos participantes afirmou \u00e0 TV Cabo Branco que percebeu uma corrente el\u00e9trica ao tocar em uma grade e entrou em contato com o organizador para alertar sobre o risco. Durante esse momento, as v\u00edtimas teriam sido atingidas pela descarga. A guarni\u00e7\u00e3o da PM identificou \u00e1gua empo\u00e7ada no ponto do acidente, e a \u00e1rea foi isolada com apoio do Corpo de Bombeiros para evitar novos casos. Equipes do Servi\u00e7o de Atendimento M\u00f3vel de Urg\u00eancia (Samu) tamb\u00e9m foram acionadas, mas n\u00e3o houve tempo para socorro. Washington Gon\u00e7alves era propriet\u00e1rio da Cafeteria Austr\u00e1lia, localizada na Avenida Dom Pedro II. Pouco antes da trag\u00e9dia, ele havia publicado um v\u00eddeo nas redes sociais convidando a popula\u00e7\u00e3o para participar da corrida, que j\u00e1 contava com estrutura de seguran\u00e7a, incluindo Pol\u00edcia, Bombeiros e \u00f3rg\u00e3os de mobilidade. Em nota, a Prefeitura de Guarabira lamentou as mortes, prestou solidariedade \u00e0s fam\u00edlias e destacou a import\u00e2ncia de Washington para o evento. \u201cIdealizador da Corrida do Trabalhador, ele contribuiu significativamente para transformar o evento em uma tradi\u00e7\u00e3o na cidade, promovendo sa\u00fade, bem-estar e integra\u00e7\u00e3o social\u201d, diz o comunicado. A Energisa tamb\u00e9m se manifestou, informando que o acidente teria sido causado por uma liga\u00e7\u00e3o clandestina que energizou estruturas met\u00e1licas utilizadas na sinaliza\u00e7\u00e3o do evento. A empresa ressaltou que instala\u00e7\u00f5es provis\u00f3rias devem ser realizadas por profissionais habilitados e dentro dos padr\u00f5es de seguran\u00e7a. Noticias em Destaque Fonte: RotaPB","og_url":"https:\/\/noticiasemdestaque.com\/cd\/?p=78295","og_site_name":"Not&iacute;cias em Destaque","article_published_time":"2026-05-01T14:29:48+00:00","og_image":[{"width":860,"height":484,"url":"https:\/\/noticiasemdestaque.com\/cd\/wp-content\/uploads\/2026\/05\/organizador-de-corrida-do-dia-do-trabalhador-morre0021789200202605010917-8-860x484-1.webp","type":"image\/webp"}],"author":"Not\u00edcias em Destaque","twitter_card":"summary_large_image","twitter_misc":{"Escrito por":"Not\u00edcias em Destaque","Est. tempo de leitura":"3 minutos"},"schema":{"@context":"https:\/\/schema.org","@graph":[{"@type":"Article","@id":"https:\/\/noticiasemdestaque.com\/cd\/?p=78295#article","isPartOf":{"@id":"https:\/\/noticiasemdestaque.com\/cd\/?p=78295"},"author":{"name":"Not\u00edcias em Destaque","@id":"https:\/\/noticiasemdestaque.com\/cd\/#\/schema\/person\/6ae9188aebb8de746b8e0d472d029646"},"headline":"Dois homens morrem eletrocutados antes de corrida do Dia do Trabalhador em Guarabira","datePublished":"2026-05-01T14:29:48+00:00","mainEntityOfPage":{"@id":"https:\/\/noticiasemdestaque.com\/cd\/?p=78295"},"wordCount":407,"publisher":{"@id":"https:\/\/noticiasemdestaque.com\/cd\/#organization"},"image":{"@id":"https:\/\/noticiasemdestaque.com\/cd\/?p=78295#primaryimage"},"thumbnailUrl":"https:\/\/noticiasemdestaque.com\/cd\/wp-content\/uploads\/2026\/05\/organizador-de-corrida-do-dia-do-trabalhador-morre0021789200202605010917-8-860x484-1.webp","articleSection":["Pol\u00edcia"],"inLanguage":"pt-BR"},{"@type":"WebPage","@id":"https:\/\/noticiasemdestaque.com\/cd\/?p=78295","url":"https:\/\/noticiasemdestaque.com\/cd\/?p=78295","name":"Dois homens morrem eletrocutados antes de corrida do Dia do Trabalhador em Guarabira - Not&iacute;cias em Destaque","isPartOf":{"@id":"https:\/\/noticiasemdestaque.com\/cd\/#website"},"primaryImageOfPage":{"@id":"https:\/\/noticiasemdestaque.com\/cd\/?p=78295#primaryimage"},"image":{"@id":"https:\/\/noticiasemdestaque.com\/cd\/?p=78295#primaryimage"},"thumbnailUrl":"https:\/\/noticiasemdestaque.com\/cd\/wp-content\/uploads\/2026\/05\/organizador-de-corrida-do-dia-do-trabalhador-morre0021789200202605010917-8-860x484-1.webp","datePublished":"2026-05-01T14:29:48+00:00","breadcrumb":{"@id":"https:\/\/noticiasemdestaque.com\/cd\/?p=78295#breadcrumb"},"inLanguage":"pt-BR","potentialAction":[{"@type":"ReadAction","target":["https:\/\/noticiasemdestaque.com\/cd\/?p=78295"]}]},{"@type":"ImageObject","inLanguage":"pt-BR","@id":"https:\/\/noticiasemdestaque.com\/cd\/?p=78295#primaryimage","url":"https:\/\/noticiasemdestaque.com\/cd\/wp-content\/uploads\/2026\/05\/organizador-de-corrida-do-dia-do-trabalhador-morre0021789200202605010917-8-860x484-1.webp","contentUrl":"https:\/\/noticiasemdestaque.com\/cd\/wp-content\/uploads\/2026\/05\/organizador-de-corrida-do-dia-do-trabalhador-morre0021789200202605010917-8-860x484-1.webp","width":860,"height":484},{"@type":"BreadcrumbList","@id":"https:\/\/noticiasemdestaque.com\/cd\/?p=78295#breadcrumb","itemListElement":[{"@type":"ListItem","position":1,"name":"In\u00edcio","item":"https:\/\/noticiasemdestaque.com\/cd\/"},{"@type":"ListItem","position":2,"name":"Dois homens morrem eletrocutados antes de corrida do Dia do Trabalhador em Guarabira"}]},{"@type":"WebSite","@id":"https:\/\/noticiasemdestaque.com\/cd\/#website","url":"https:\/\/noticiasemdestaque.com\/cd\/","name":"Not&iacute;cias em Destaque","description":"","publisher":{"@id":"https:\/\/noticiasemdestaque.com\/cd\/#organization"},"potentialAction":[{"@type":"SearchAction","target":{"@type":"EntryPoint","urlTemplate":"https:\/\/noticiasemdestaque.com\/cd\/?s={search_term_string}"},"query-input":{"@type":"PropertyValueSpecification","valueRequired":true,"valueName":"search_term_string"}}],"inLanguage":"pt-BR"},{"@type":"Organization","@id":"https:\/\/noticiasemdestaque.com\/cd\/#organization","name":"Not\u00edcias em Destaque","url":"https:\/\/noticiasemdestaque.com\/cd\/","logo":{"@type":"ImageObject","inLanguage":"pt-BR","@id":"https:\/\/noticiasemdestaque.com\/cd\/#\/schema\/logo\/image\/","url":"https:\/\/noticiasemdestaque.com\/cd\/wp-content\/uploads\/2022\/05\/imagem-base-noticiasemdestaque.png","contentUrl":"https:\/\/noticiasemdestaque.com\/cd\/wp-content\/uploads\/2022\/05\/imagem-base-noticiasemdestaque.png","width":1200,"height":630,"caption":"Not\u00edcias em Destaque"},"image":{"@id":"https:\/\/noticiasemdestaque.com\/cd\/#\/schema\/logo\/image\/"}},{"@type":"Person","@id":"https:\/\/noticiasemdestaque.com\/cd\/#\/schema\/person\/6ae9188aebb8de746b8e0d472d029646","name":"Not\u00edcias em Destaque","url":"https:\/\/noticiasemdestaque.com\/cd\/?author=2"}]}},"jetpack_featured_media_url":"https:\/\/noticiasemdestaque.com\/cd\/wp-content\/uploads\/2026\/05\/organizador-de-corrida-do-dia-do-trabalhador-morre0021789200202605010917-8-860x484-1.webp","jetpack_sharing_enabled":true,"_links":{"self":[{"href":"https:\/\/noticiasemdestaque.com\/cd\/index.php?rest_route=\/wp\/v2\/posts\/78295","targetHints":{"allow":["GET"]}}],"collection":[{"href":"https:\/\/noticiasemdestaque.com\/cd\/index.php?rest_route=\/wp\/v2\/posts"}],"about":[{"href":"https:\/\/noticiasemdestaque.com\/cd\/index.php?rest_route=\/wp\/v2\/types\/post"}],"author":[{"embeddable":true,"href":"https:\/\/noticiasemdestaque.com\/cd\/index.php?rest_route=\/wp\/v2\/users\/2"}],"replies":[{"embeddable":true,"href":"https:\/\/noticiasemdestaque.com\/cd\/index.php?rest_route=%2Fwp%2Fv2%2Fcomments&post=78295"}],"version-history":[{"count":1,"href":"https:\/\/noticiasemdestaque.com\/cd\/index.php?rest_route=\/wp\/v2\/posts\/78295\/revisions"}],"predecessor-version":[{"id":78297,"href":"https:\/\/noticiasemdestaque.com\/cd\/index.php?rest_route=\/wp\/v2\/posts\/78295\/revisions\/78297"}],"wp:featuredmedia":[{"embeddable":true,"href":"https:\/\/noticiasemdestaque.com\/cd\/index.php?rest_route=\/wp\/v2\/media\/78296"}],"wp:attachment":[{"href":"https:\/\/noticiasemdestaque.com\/cd\/index.php?rest_route=%2Fwp%2Fv2%2Fmedia&parent=78295"}],"wp:term":[{"taxonomy":"category","embeddable":true,"href":"https:\/\/noticiasemdestaque.com\/cd\/index.php?rest_route=%2Fwp%2Fv2%2Fcategories&post=78295"},{"taxonomy":"post_tag","embeddable":true,"href":"https:\/\/noticiasemdestaque.com\/cd\/index.php?rest_route=%2Fwp%2Fv2%2Ftags&post=78295"}],"curies":[{"name":"wp","href":"https:\/\/api.w.org\/{rel}","templated":true}]}}