{"id":78288,"date":"2026-05-01T10:10:20","date_gmt":"2026-05-01T13:10:20","guid":{"rendered":"https:\/\/noticiasemdestaque.com\/cd\/?p=78288"},"modified":"2026-05-01T10:10:47","modified_gmt":"2026-05-01T13:10:47","slug":"sao-joao-da-moda-2026-tem-programacao-divulgada-em-santa-cruz-do-capibaribe","status":"publish","type":"post","link":"https:\/\/noticiasemdestaque.com\/cd\/?p=78288","title":{"rendered":"S\u00e3o Jo\u00e3o da Moda 2026 tem programa\u00e7\u00e3o divulgada em Santa Cruz do Capibaribe"},"content":{"rendered":"<p><a href=\"https:\/\/noticiasemdestaque.com\/cd\/wp-content\/uploads\/2026\/05\/SaveClip.App_683551723_18047711108760900_2040441527383526742_n.jpg\"><img fetchpriority=\"high\" decoding=\"async\" class=\" wp-image-78289 aligncenter\" src=\"https:\/\/noticiasemdestaque.com\/cd\/wp-content\/uploads\/2026\/05\/SaveClip.App_683551723_18047711108760900_2040441527383526742_n-225x300.jpg\" alt=\"\" width=\"728\" height=\"971\" srcset=\"https:\/\/noticiasemdestaque.com\/cd\/wp-content\/uploads\/2026\/05\/SaveClip.App_683551723_18047711108760900_2040441527383526742_n-225x300.jpg 225w, https:\/\/noticiasemdestaque.com\/cd\/wp-content\/uploads\/2026\/05\/SaveClip.App_683551723_18047711108760900_2040441527383526742_n-768x1024.jpg 768w, https:\/\/noticiasemdestaque.com\/cd\/wp-content\/uploads\/2026\/05\/SaveClip.App_683551723_18047711108760900_2040441527383526742_n.jpg 1080w\" sizes=\"(max-width: 728px) 100vw, 728px\" \/><\/a><\/p>\n<p>O clima junino j\u00e1 come\u00e7a a tomar conta de <span class=\"hover:entity-accent entity-underline inline cursor-pointer align-baseline\"><span class=\"whitespace-normal\">Santa Cruz do Capibaribe<\/span><\/span> com o an\u00fancio oficial do aguardado S\u00e3o Jo\u00e3o da Moda 2026. A festa acontecer\u00e1 entre os dias 13 e 26 de junho, reunindo grandes atra\u00e7\u00f5es e prometendo movimentar a cidade com muito forr\u00f3, cultura e tradi\u00e7\u00e3o.<\/p>\n<p data-start=\"327\" data-end=\"631\">Com uma programa\u00e7\u00e3o diversificada, o evento contar\u00e1 com grandes nomes da m\u00fasica nacional e regional. O S\u00e3o Jo\u00e3o da Moda \u00e9 conhecido por sua grandiosidade e pela energia contagiante que toma conta da cidade durante o per\u00edodo junino.<\/p>\n<p data-start=\"633\" data-end=\"674\"><strong data-start=\"633\" data-end=\"674\">Programa\u00e7\u00e3o oficial \u2013 Palco Principal<\/strong><\/p>\n<p data-start=\"676\" data-end=\"837\"><strong data-start=\"676\" data-end=\"691\">13 de junho<\/strong><br data-start=\"691\" data-end=\"694\" \/><span class=\"hover:entity-accent entity-underline inline cursor-pointer align-baseline\"><span class=\"whitespace-normal\">Simone Mendes<\/span><\/span><br data-start=\"731\" data-end=\"734\" \/><span class=\"hover:entity-accent entity-underline inline cursor-pointer align-baseline\"><span class=\"whitespace-normal\">\u00c1vine Vinny<\/span><\/span><br data-start=\"771\" data-end=\"774\" \/><span class=\"hover:entity-accent entity-underline inline cursor-pointer align-baseline\"><span class=\"whitespace-normal\">Wallas Arrais<\/span><\/span><br data-start=\"811\" data-end=\"814\" \/>Forroz\u00e3o T\u00e1 nas Bases<\/p>\n<p data-start=\"839\" data-end=\"919\"><strong data-start=\"839\" data-end=\"854\">14 de junho<\/strong><br data-start=\"854\" data-end=\"857\" \/>Natanzinho Lima<br data-start=\"872\" data-end=\"875\" \/>Eric Land<br data-start=\"884\" data-end=\"887\" \/>Garota Safada<br data-start=\"900\" data-end=\"903\" \/>Nohara Marques<\/p>\n<p data-start=\"921\" data-end=\"1050\"><strong data-start=\"921\" data-end=\"936\">19 de junho<\/strong><br data-start=\"936\" data-end=\"939\" \/><span class=\"hover:entity-accent entity-underline inline cursor-pointer align-baseline\"><span class=\"whitespace-normal\">Wesley Safad\u00e3o<\/span><\/span><br data-start=\"976\" data-end=\"979\" \/><span class=\"hover:entity-accent entity-underline inline cursor-pointer align-baseline\"><span class=\"whitespace-normal\">Matheus &amp; Kauan<\/span><\/span><br data-start=\"1016\" data-end=\"1019\" \/>Lipe Lucena<br data-start=\"1030\" data-end=\"1033\" \/>Ledjinha Santos<\/p>\n<p data-start=\"1052\" data-end=\"1138\"><strong data-start=\"1052\" data-end=\"1067\">21 de junho<\/strong><br data-start=\"1067\" data-end=\"1070\" \/><span class=\"hover:entity-accent entity-underline inline cursor-pointer align-baseline\"><span class=\"whitespace-normal\">Xand Avi\u00e3o<\/span><\/span><br data-start=\"1107\" data-end=\"1110\" \/>Elifas Jr. (Trio El\u00e9trico)<\/p>\n<p data-start=\"1140\" data-end=\"1272\"><strong data-start=\"1140\" data-end=\"1155\">23 de junho<\/strong><br data-start=\"1155\" data-end=\"1158\" \/><span class=\"hover:entity-accent entity-underline inline cursor-pointer align-baseline\"><span class=\"whitespace-normal\">Zez\u00e9 Di Camargo<\/span><\/span><br data-start=\"1195\" data-end=\"1198\" \/><span class=\"hover:entity-accent entity-underline inline cursor-pointer align-baseline\"><span class=\"whitespace-normal\">Magn\u00edficos<\/span><\/span><br data-start=\"1235\" data-end=\"1238\" \/>Nando Cordel<br data-start=\"1250\" data-end=\"1253\" \/>Decentes do Forr\u00f3<\/p>\n<p data-start=\"1274\" data-end=\"1382\"><strong data-start=\"1274\" data-end=\"1289\">26 de junho<\/strong><br data-start=\"1289\" data-end=\"1292\" \/>Rey Vaqueiro<br data-start=\"1304\" data-end=\"1307\" \/>Thiaguinho<br data-start=\"1317\" data-end=\"1320\" \/><span class=\"hover:entity-accent entity-underline inline cursor-pointer align-baseline\"><span class=\"whitespace-normal\">Calcinha Preta<\/span><\/span><br data-start=\"1357\" data-end=\"1360\" \/>Mandacaru Capibaribe<\/p>\n<p data-start=\"1274\" data-end=\"1382\">O S\u00e3o Jo\u00e3o da Moda \u00e9 reconhecido como um dos maiores festejos juninos de Pernambuco, reunindo multid\u00f5es e valorizando tanto artistas consagrados quanto talentos regionais. A expectativa \u00e9 de que milhares de pessoas participem da festa ao longo dos dias, fortalecendo o turismo e o com\u00e9rcio local.<\/p>\n<p data-start=\"1711\" data-end=\"1918\" data-is-last-node=\"\" data-is-only-node=\"\"><strong>Noticias em Destaque<\/strong><\/p>\n","protected":false},"excerpt":{"rendered":"<p>O clima junino j\u00e1 come\u00e7a a tomar conta de Santa Cruz do Capibaribe com o an\u00fancio oficial do aguardado S\u00e3o Jo\u00e3o da Moda 2026. A festa acontecer\u00e1 entre os dias 13 e 26 de junho, reunindo grandes atra\u00e7\u00f5es e prometendo movimentar a cidade com muito forr\u00f3, cultura e tradi\u00e7\u00e3o. Com uma programa\u00e7\u00e3o diversificada, o evento contar\u00e1 com grandes nomes da m\u00fasica nacional e regional. O S\u00e3o Jo\u00e3o da Moda \u00e9 conhecido por sua grandiosidade e pela energia contagiante que toma conta da cidade durante o per\u00edodo junino. Programa\u00e7\u00e3o oficial \u2013 Palco Principal 13 de junhoSimone Mendes\u00c1vine VinnyWallas ArraisForroz\u00e3o T\u00e1 nas Bases 14 de junhoNatanzinho LimaEric LandGarota SafadaNohara Marques 19 de junhoWesley Safad\u00e3oMatheus &amp; KauanLipe LucenaLedjinha Santos 21 de junhoXand Avi\u00e3oElifas Jr. (Trio El\u00e9trico) 23 de junhoZez\u00e9 Di CamargoMagn\u00edficosNando CordelDecentes do Forr\u00f3 26 de junhoRey VaqueiroThiaguinhoCalcinha PretaMandacaru Capibaribe O S\u00e3o Jo\u00e3o da Moda \u00e9 reconhecido como um dos maiores festejos juninos de Pernambuco, reunindo multid\u00f5es e valorizando tanto artistas consagrados quanto talentos regionais. A expectativa \u00e9 de que milhares de pessoas participem da festa ao longo dos dias, fortalecendo o turismo e o com\u00e9rcio local. Noticias em Destaque<\/p>\n","protected":false},"author":2,"featured_media":78289,"comment_status":"closed","ping_status":"closed","sticky":false,"template":"","format":"standard","meta":{"_eb_attr":"","_jetpack_memberships_contains_paid_content":false,"footnotes":""},"categories":[3],"tags":[],"class_list":["post-78288","post","type-post","status-publish","format-standard","has-post-thumbnail","hentry","category-cidades"],"yoast_head":"<!-- This site is optimized with the Yoast SEO plugin v26.5 - https:\/\/yoast.com\/wordpress\/plugins\/seo\/ -->\n<title>S\u00e3o Jo\u00e3o da Moda 2026 tem programa\u00e7\u00e3o divulgada em Santa Cruz do Capibaribe - Not&iacute;cias em Destaque<\/title>\n<meta name=\"robots\" content=\"index, follow, max-snippet:-1, max-image-preview:large, max-video-preview:-1\" \/>\n<link rel=\"canonical\" href=\"https:\/\/noticiasemdestaque.com\/cd\/?p=78288\" \/>\n<meta property=\"og:locale\" content=\"pt_BR\" \/>\n<meta property=\"og:type\" content=\"article\" \/>\n<meta property=\"og:title\" content=\"S\u00e3o Jo\u00e3o da Moda 2026 tem programa\u00e7\u00e3o divulgada em Santa Cruz do Capibaribe - Not&iacute;cias em Destaque\" \/>\n<meta property=\"og:description\" content=\"O clima junino j\u00e1 come\u00e7a a tomar conta de Santa Cruz do Capibaribe com o an\u00fancio oficial do aguardado S\u00e3o Jo\u00e3o da Moda 2026. A festa acontecer\u00e1 entre os dias 13 e 26 de junho, reunindo grandes atra\u00e7\u00f5es e prometendo movimentar a cidade com muito forr\u00f3, cultura e tradi\u00e7\u00e3o. Com uma programa\u00e7\u00e3o diversificada, o evento contar\u00e1 com grandes nomes da m\u00fasica nacional e regional. O S\u00e3o Jo\u00e3o da Moda \u00e9 conhecido por sua grandiosidade e pela energia contagiante que toma conta da cidade durante o per\u00edodo junino. Programa\u00e7\u00e3o oficial \u2013 Palco Principal 13 de junhoSimone Mendes\u00c1vine VinnyWallas ArraisForroz\u00e3o T\u00e1 nas Bases 14 de junhoNatanzinho LimaEric LandGarota SafadaNohara Marques 19 de junhoWesley Safad\u00e3oMatheus &amp; KauanLipe LucenaLedjinha Santos 21 de junhoXand Avi\u00e3oElifas Jr. (Trio El\u00e9trico) 23 de junhoZez\u00e9 Di CamargoMagn\u00edficosNando CordelDecentes do Forr\u00f3 26 de junhoRey VaqueiroThiaguinhoCalcinha PretaMandacaru Capibaribe O S\u00e3o Jo\u00e3o da Moda \u00e9 reconhecido como um dos maiores festejos juninos de Pernambuco, reunindo multid\u00f5es e valorizando tanto artistas consagrados quanto talentos regionais. A expectativa \u00e9 de que milhares de pessoas participem da festa ao longo dos dias, fortalecendo o turismo e o com\u00e9rcio local. Noticias em Destaque\" \/>\n<meta property=\"og:url\" content=\"https:\/\/noticiasemdestaque.com\/cd\/?p=78288\" \/>\n<meta property=\"og:site_name\" content=\"Not&iacute;cias em Destaque\" \/>\n<meta property=\"article:published_time\" content=\"2026-05-01T13:10:20+00:00\" \/>\n<meta property=\"article:modified_time\" content=\"2026-05-01T13:10:47+00:00\" \/>\n<meta property=\"og:image\" content=\"https:\/\/noticiasemdestaque.com\/cd\/wp-content\/uploads\/2026\/05\/SaveClip.App_683551723_18047711108760900_2040441527383526742_n.jpg\" \/>\n\t<meta property=\"og:image:width\" content=\"1080\" \/>\n\t<meta property=\"og:image:height\" content=\"1440\" \/>\n\t<meta property=\"og:image:type\" content=\"image\/jpeg\" \/>\n<meta name=\"author\" content=\"Not\u00edcias em Destaque\" \/>\n<meta name=\"twitter:card\" content=\"summary_large_image\" \/>\n<meta name=\"twitter:label1\" content=\"Escrito por\" \/>\n\t<meta name=\"twitter:data1\" content=\"Not\u00edcias em Destaque\" \/>\n\t<meta name=\"twitter:label2\" content=\"Est. tempo de leitura\" \/>\n\t<meta name=\"twitter:data2\" content=\"2 minutos\" \/>\n<script type=\"application\/ld+json\" class=\"yoast-schema-graph\">{\"@context\":\"https:\/\/schema.org\",\"@graph\":[{\"@type\":\"Article\",\"@id\":\"https:\/\/noticiasemdestaque.com\/cd\/?p=78288#article\",\"isPartOf\":{\"@id\":\"https:\/\/noticiasemdestaque.com\/cd\/?p=78288\"},\"author\":{\"name\":\"Not\u00edcias em Destaque\",\"@id\":\"https:\/\/noticiasemdestaque.com\/cd\/#\/schema\/person\/6ae9188aebb8de746b8e0d472d029646\"},\"headline\":\"S\u00e3o Jo\u00e3o da Moda 2026 tem programa\u00e7\u00e3o divulgada em Santa Cruz do Capibaribe\",\"datePublished\":\"2026-05-01T13:10:20+00:00\",\"dateModified\":\"2026-05-01T13:10:47+00:00\",\"mainEntityOfPage\":{\"@id\":\"https:\/\/noticiasemdestaque.com\/cd\/?p=78288\"},\"wordCount\":226,\"publisher\":{\"@id\":\"https:\/\/noticiasemdestaque.com\/cd\/#organization\"},\"image\":{\"@id\":\"https:\/\/noticiasemdestaque.com\/cd\/?p=78288#primaryimage\"},\"thumbnailUrl\":\"https:\/\/noticiasemdestaque.com\/cd\/wp-content\/uploads\/2026\/05\/SaveClip.App_683551723_18047711108760900_2040441527383526742_n.jpg\",\"articleSection\":[\"Cidades\"],\"inLanguage\":\"pt-BR\"},{\"@type\":\"WebPage\",\"@id\":\"https:\/\/noticiasemdestaque.com\/cd\/?p=78288\",\"url\":\"https:\/\/noticiasemdestaque.com\/cd\/?p=78288\",\"name\":\"S\u00e3o Jo\u00e3o da Moda 2026 tem programa\u00e7\u00e3o divulgada em Santa Cruz do Capibaribe - Not&iacute;cias em Destaque\",\"isPartOf\":{\"@id\":\"https:\/\/noticiasemdestaque.com\/cd\/#website\"},\"primaryImageOfPage\":{\"@id\":\"https:\/\/noticiasemdestaque.com\/cd\/?p=78288#primaryimage\"},\"image\":{\"@id\":\"https:\/\/noticiasemdestaque.com\/cd\/?p=78288#primaryimage\"},\"thumbnailUrl\":\"https:\/\/noticiasemdestaque.com\/cd\/wp-content\/uploads\/2026\/05\/SaveClip.App_683551723_18047711108760900_2040441527383526742_n.jpg\",\"datePublished\":\"2026-05-01T13:10:20+00:00\",\"dateModified\":\"2026-05-01T13:10:47+00:00\",\"breadcrumb\":{\"@id\":\"https:\/\/noticiasemdestaque.com\/cd\/?p=78288#breadcrumb\"},\"inLanguage\":\"pt-BR\",\"potentialAction\":[{\"@type\":\"ReadAction\",\"target\":[\"https:\/\/noticiasemdestaque.com\/cd\/?p=78288\"]}]},{\"@type\":\"ImageObject\",\"inLanguage\":\"pt-BR\",\"@id\":\"https:\/\/noticiasemdestaque.com\/cd\/?p=78288#primaryimage\",\"url\":\"https:\/\/noticiasemdestaque.com\/cd\/wp-content\/uploads\/2026\/05\/SaveClip.App_683551723_18047711108760900_2040441527383526742_n.jpg\",\"contentUrl\":\"https:\/\/noticiasemdestaque.com\/cd\/wp-content\/uploads\/2026\/05\/SaveClip.App_683551723_18047711108760900_2040441527383526742_n.jpg\",\"width\":1080,\"height\":1440},{\"@type\":\"BreadcrumbList\",\"@id\":\"https:\/\/noticiasemdestaque.com\/cd\/?p=78288#breadcrumb\",\"itemListElement\":[{\"@type\":\"ListItem\",\"position\":1,\"name\":\"In\u00edcio\",\"item\":\"https:\/\/noticiasemdestaque.com\/cd\/\"},{\"@type\":\"ListItem\",\"position\":2,\"name\":\"S\u00e3o Jo\u00e3o da Moda 2026 tem programa\u00e7\u00e3o divulgada em Santa Cruz do Capibaribe\"}]},{\"@type\":\"WebSite\",\"@id\":\"https:\/\/noticiasemdestaque.com\/cd\/#website\",\"url\":\"https:\/\/noticiasemdestaque.com\/cd\/\",\"name\":\"Not&iacute;cias em Destaque\",\"description\":\"\",\"publisher\":{\"@id\":\"https:\/\/noticiasemdestaque.com\/cd\/#organization\"},\"potentialAction\":[{\"@type\":\"SearchAction\",\"target\":{\"@type\":\"EntryPoint\",\"urlTemplate\":\"https:\/\/noticiasemdestaque.com\/cd\/?s={search_term_string}\"},\"query-input\":{\"@type\":\"PropertyValueSpecification\",\"valueRequired\":true,\"valueName\":\"search_term_string\"}}],\"inLanguage\":\"pt-BR\"},{\"@type\":\"Organization\",\"@id\":\"https:\/\/noticiasemdestaque.com\/cd\/#organization\",\"name\":\"Not\u00edcias em Destaque\",\"url\":\"https:\/\/noticiasemdestaque.com\/cd\/\",\"logo\":{\"@type\":\"ImageObject\",\"inLanguage\":\"pt-BR\",\"@id\":\"https:\/\/noticiasemdestaque.com\/cd\/#\/schema\/logo\/image\/\",\"url\":\"https:\/\/noticiasemdestaque.com\/cd\/wp-content\/uploads\/2022\/05\/imagem-base-noticiasemdestaque.png\",\"contentUrl\":\"https:\/\/noticiasemdestaque.com\/cd\/wp-content\/uploads\/2022\/05\/imagem-base-noticiasemdestaque.png\",\"width\":1200,\"height\":630,\"caption\":\"Not\u00edcias em Destaque\"},\"image\":{\"@id\":\"https:\/\/noticiasemdestaque.com\/cd\/#\/schema\/logo\/image\/\"}},{\"@type\":\"Person\",\"@id\":\"https:\/\/noticiasemdestaque.com\/cd\/#\/schema\/person\/6ae9188aebb8de746b8e0d472d029646\",\"name\":\"Not\u00edcias em Destaque\",\"url\":\"https:\/\/noticiasemdestaque.com\/cd\/?author=2\"}]}<\/script>\n<!-- \/ Yoast SEO plugin. -->","yoast_head_json":{"title":"S\u00e3o Jo\u00e3o da Moda 2026 tem programa\u00e7\u00e3o divulgada em Santa Cruz do Capibaribe - Not&iacute;cias em Destaque","robots":{"index":"index","follow":"follow","max-snippet":"max-snippet:-1","max-image-preview":"max-image-preview:large","max-video-preview":"max-video-preview:-1"},"canonical":"https:\/\/noticiasemdestaque.com\/cd\/?p=78288","og_locale":"pt_BR","og_type":"article","og_title":"S\u00e3o Jo\u00e3o da Moda 2026 tem programa\u00e7\u00e3o divulgada em Santa Cruz do Capibaribe - Not&iacute;cias em Destaque","og_description":"O clima junino j\u00e1 come\u00e7a a tomar conta de Santa Cruz do Capibaribe com o an\u00fancio oficial do aguardado S\u00e3o Jo\u00e3o da Moda 2026. A festa acontecer\u00e1 entre os dias 13 e 26 de junho, reunindo grandes atra\u00e7\u00f5es e prometendo movimentar a cidade com muito forr\u00f3, cultura e tradi\u00e7\u00e3o. Com uma programa\u00e7\u00e3o diversificada, o evento contar\u00e1 com grandes nomes da m\u00fasica nacional e regional. O S\u00e3o Jo\u00e3o da Moda \u00e9 conhecido por sua grandiosidade e pela energia contagiante que toma conta da cidade durante o per\u00edodo junino. Programa\u00e7\u00e3o oficial \u2013 Palco Principal 13 de junhoSimone Mendes\u00c1vine VinnyWallas ArraisForroz\u00e3o T\u00e1 nas Bases 14 de junhoNatanzinho LimaEric LandGarota SafadaNohara Marques 19 de junhoWesley Safad\u00e3oMatheus &amp; KauanLipe LucenaLedjinha Santos 21 de junhoXand Avi\u00e3oElifas Jr. (Trio El\u00e9trico) 23 de junhoZez\u00e9 Di CamargoMagn\u00edficosNando CordelDecentes do Forr\u00f3 26 de junhoRey VaqueiroThiaguinhoCalcinha PretaMandacaru Capibaribe O S\u00e3o Jo\u00e3o da Moda \u00e9 reconhecido como um dos maiores festejos juninos de Pernambuco, reunindo multid\u00f5es e valorizando tanto artistas consagrados quanto talentos regionais. A expectativa \u00e9 de que milhares de pessoas participem da festa ao longo dos dias, fortalecendo o turismo e o com\u00e9rcio local. Noticias em Destaque","og_url":"https:\/\/noticiasemdestaque.com\/cd\/?p=78288","og_site_name":"Not&iacute;cias em Destaque","article_published_time":"2026-05-01T13:10:20+00:00","article_modified_time":"2026-05-01T13:10:47+00:00","og_image":[{"width":1080,"height":1440,"url":"https:\/\/noticiasemdestaque.com\/cd\/wp-content\/uploads\/2026\/05\/SaveClip.App_683551723_18047711108760900_2040441527383526742_n.jpg","type":"image\/jpeg"}],"author":"Not\u00edcias em Destaque","twitter_card":"summary_large_image","twitter_misc":{"Escrito por":"Not\u00edcias em Destaque","Est. tempo de leitura":"2 minutos"},"schema":{"@context":"https:\/\/schema.org","@graph":[{"@type":"Article","@id":"https:\/\/noticiasemdestaque.com\/cd\/?p=78288#article","isPartOf":{"@id":"https:\/\/noticiasemdestaque.com\/cd\/?p=78288"},"author":{"name":"Not\u00edcias em Destaque","@id":"https:\/\/noticiasemdestaque.com\/cd\/#\/schema\/person\/6ae9188aebb8de746b8e0d472d029646"},"headline":"S\u00e3o Jo\u00e3o da Moda 2026 tem programa\u00e7\u00e3o divulgada em Santa Cruz do Capibaribe","datePublished":"2026-05-01T13:10:20+00:00","dateModified":"2026-05-01T13:10:47+00:00","mainEntityOfPage":{"@id":"https:\/\/noticiasemdestaque.com\/cd\/?p=78288"},"wordCount":226,"publisher":{"@id":"https:\/\/noticiasemdestaque.com\/cd\/#organization"},"image":{"@id":"https:\/\/noticiasemdestaque.com\/cd\/?p=78288#primaryimage"},"thumbnailUrl":"https:\/\/noticiasemdestaque.com\/cd\/wp-content\/uploads\/2026\/05\/SaveClip.App_683551723_18047711108760900_2040441527383526742_n.jpg","articleSection":["Cidades"],"inLanguage":"pt-BR"},{"@type":"WebPage","@id":"https:\/\/noticiasemdestaque.com\/cd\/?p=78288","url":"https:\/\/noticiasemdestaque.com\/cd\/?p=78288","name":"S\u00e3o Jo\u00e3o da Moda 2026 tem programa\u00e7\u00e3o divulgada em Santa Cruz do Capibaribe - Not&iacute;cias em Destaque","isPartOf":{"@id":"https:\/\/noticiasemdestaque.com\/cd\/#website"},"primaryImageOfPage":{"@id":"https:\/\/noticiasemdestaque.com\/cd\/?p=78288#primaryimage"},"image":{"@id":"https:\/\/noticiasemdestaque.com\/cd\/?p=78288#primaryimage"},"thumbnailUrl":"https:\/\/noticiasemdestaque.com\/cd\/wp-content\/uploads\/2026\/05\/SaveClip.App_683551723_18047711108760900_2040441527383526742_n.jpg","datePublished":"2026-05-01T13:10:20+00:00","dateModified":"2026-05-01T13:10:47+00:00","breadcrumb":{"@id":"https:\/\/noticiasemdestaque.com\/cd\/?p=78288#breadcrumb"},"inLanguage":"pt-BR","potentialAction":[{"@type":"ReadAction","target":["https:\/\/noticiasemdestaque.com\/cd\/?p=78288"]}]},{"@type":"ImageObject","inLanguage":"pt-BR","@id":"https:\/\/noticiasemdestaque.com\/cd\/?p=78288#primaryimage","url":"https:\/\/noticiasemdestaque.com\/cd\/wp-content\/uploads\/2026\/05\/SaveClip.App_683551723_18047711108760900_2040441527383526742_n.jpg","contentUrl":"https:\/\/noticiasemdestaque.com\/cd\/wp-content\/uploads\/2026\/05\/SaveClip.App_683551723_18047711108760900_2040441527383526742_n.jpg","width":1080,"height":1440},{"@type":"BreadcrumbList","@id":"https:\/\/noticiasemdestaque.com\/cd\/?p=78288#breadcrumb","itemListElement":[{"@type":"ListItem","position":1,"name":"In\u00edcio","item":"https:\/\/noticiasemdestaque.com\/cd\/"},{"@type":"ListItem","position":2,"name":"S\u00e3o Jo\u00e3o da Moda 2026 tem programa\u00e7\u00e3o divulgada em Santa Cruz do Capibaribe"}]},{"@type":"WebSite","@id":"https:\/\/noticiasemdestaque.com\/cd\/#website","url":"https:\/\/noticiasemdestaque.com\/cd\/","name":"Not&iacute;cias em Destaque","description":"","publisher":{"@id":"https:\/\/noticiasemdestaque.com\/cd\/#organization"},"potentialAction":[{"@type":"SearchAction","target":{"@type":"EntryPoint","urlTemplate":"https:\/\/noticiasemdestaque.com\/cd\/?s={search_term_string}"},"query-input":{"@type":"PropertyValueSpecification","valueRequired":true,"valueName":"search_term_string"}}],"inLanguage":"pt-BR"},{"@type":"Organization","@id":"https:\/\/noticiasemdestaque.com\/cd\/#organization","name":"Not\u00edcias em Destaque","url":"https:\/\/noticiasemdestaque.com\/cd\/","logo":{"@type":"ImageObject","inLanguage":"pt-BR","@id":"https:\/\/noticiasemdestaque.com\/cd\/#\/schema\/logo\/image\/","url":"https:\/\/noticiasemdestaque.com\/cd\/wp-content\/uploads\/2022\/05\/imagem-base-noticiasemdestaque.png","contentUrl":"https:\/\/noticiasemdestaque.com\/cd\/wp-content\/uploads\/2022\/05\/imagem-base-noticiasemdestaque.png","width":1200,"height":630,"caption":"Not\u00edcias em Destaque"},"image":{"@id":"https:\/\/noticiasemdestaque.com\/cd\/#\/schema\/logo\/image\/"}},{"@type":"Person","@id":"https:\/\/noticiasemdestaque.com\/cd\/#\/schema\/person\/6ae9188aebb8de746b8e0d472d029646","name":"Not\u00edcias em Destaque","url":"https:\/\/noticiasemdestaque.com\/cd\/?author=2"}]}},"jetpack_featured_media_url":"https:\/\/noticiasemdestaque.com\/cd\/wp-content\/uploads\/2026\/05\/SaveClip.App_683551723_18047711108760900_2040441527383526742_n.jpg","jetpack_sharing_enabled":true,"_links":{"self":[{"href":"https:\/\/noticiasemdestaque.com\/cd\/index.php?rest_route=\/wp\/v2\/posts\/78288","targetHints":{"allow":["GET"]}}],"collection":[{"href":"https:\/\/noticiasemdestaque.com\/cd\/index.php?rest_route=\/wp\/v2\/posts"}],"about":[{"href":"https:\/\/noticiasemdestaque.com\/cd\/index.php?rest_route=\/wp\/v2\/types\/post"}],"author":[{"embeddable":true,"href":"https:\/\/noticiasemdestaque.com\/cd\/index.php?rest_route=\/wp\/v2\/users\/2"}],"replies":[{"embeddable":true,"href":"https:\/\/noticiasemdestaque.com\/cd\/index.php?rest_route=%2Fwp%2Fv2%2Fcomments&post=78288"}],"version-history":[{"count":2,"href":"https:\/\/noticiasemdestaque.com\/cd\/index.php?rest_route=\/wp\/v2\/posts\/78288\/revisions"}],"predecessor-version":[{"id":78291,"href":"https:\/\/noticiasemdestaque.com\/cd\/index.php?rest_route=\/wp\/v2\/posts\/78288\/revisions\/78291"}],"wp:featuredmedia":[{"embeddable":true,"href":"https:\/\/noticiasemdestaque.com\/cd\/index.php?rest_route=\/wp\/v2\/media\/78289"}],"wp:attachment":[{"href":"https:\/\/noticiasemdestaque.com\/cd\/index.php?rest_route=%2Fwp%2Fv2%2Fmedia&parent=78288"}],"wp:term":[{"taxonomy":"category","embeddable":true,"href":"https:\/\/noticiasemdestaque.com\/cd\/index.php?rest_route=%2Fwp%2Fv2%2Fcategories&post=78288"},{"taxonomy":"post_tag","embeddable":true,"href":"https:\/\/noticiasemdestaque.com\/cd\/index.php?rest_route=%2Fwp%2Fv2%2Ftags&post=78288"}],"curies":[{"name":"wp","href":"https:\/\/api.w.org\/{rel}","templated":true}]}}