{"id":78285,"date":"2026-05-01T09:50:21","date_gmt":"2026-05-01T12:50:21","guid":{"rendered":"https:\/\/noticiasemdestaque.com\/cd\/?p=78285"},"modified":"2026-05-01T09:50:21","modified_gmt":"2026-05-01T12:50:21","slug":"prefeito-de-sume-declara-apoio-a-pre-candidatura-de-joao-azevedo-ao-senado","status":"publish","type":"post","link":"https:\/\/noticiasemdestaque.com\/cd\/?p=78285","title":{"rendered":"Prefeito de Sum\u00e9 declara apoio \u00e0 pr\u00e9-candidatura de Jo\u00e3o Azev\u00eado ao Senado"},"content":{"rendered":"<p><a href=\"https:\/\/noticiasemdestaque.com\/cd\/wp-content\/uploads\/2026\/05\/WhatsApp-Image-2026-04-30-at-19.51.49.jpeg\"><img fetchpriority=\"high\" decoding=\"async\" class=\" wp-image-78286 aligncenter\" src=\"https:\/\/noticiasemdestaque.com\/cd\/wp-content\/uploads\/2026\/05\/WhatsApp-Image-2026-04-30-at-19.51.49-300x200.jpeg\" alt=\"\" width=\"860\" height=\"573\" srcset=\"https:\/\/noticiasemdestaque.com\/cd\/wp-content\/uploads\/2026\/05\/WhatsApp-Image-2026-04-30-at-19.51.49-300x200.jpeg 300w, https:\/\/noticiasemdestaque.com\/cd\/wp-content\/uploads\/2026\/05\/WhatsApp-Image-2026-04-30-at-19.51.49-1024x683.jpeg 1024w, https:\/\/noticiasemdestaque.com\/cd\/wp-content\/uploads\/2026\/05\/WhatsApp-Image-2026-04-30-at-19.51.49-768x512.jpeg 768w, https:\/\/noticiasemdestaque.com\/cd\/wp-content\/uploads\/2026\/05\/WhatsApp-Image-2026-04-30-at-19.51.49.jpeg 1280w\" sizes=\"(max-width: 860px) 100vw, 860px\" \/><\/a><\/p>\n<p>Em reuni\u00e3o com o presidente estadual do PSB nesta quarta-feira (30), o prefeito de Sum\u00e9, Manezinho Louren\u00e7o (MDB) destacou os investimentos do Governo do Estado no munic\u00edpio nos \u00faltimos anos e afirmou a certeza de que o ex-governador continuar\u00e1 trabalhando pelo desenvolvimento do munic\u00edpio no Congresso Nacional.<\/p>\n<blockquote><p>\u201cHoje eu vim declarar o meu apoio a Jo\u00e3o Azev\u00eado. Como governador, ele j\u00e1 fez muito por Sum\u00e9 e chegando ao Senado, vai fazer muito mais\u201d, disse o gestor municipal.<\/p>\n<p>Por sua vez, Jo\u00e3o Azev\u00eado agradeceu o apoio do prefeito e reafirmou o compromisso de seguir trabalhando para garantir a melhoria da qualidade de vida da popula\u00e7\u00e3o de Sum\u00e9. \u201cObrigado a Manezinho pela parceria e temos a certeza absoluta de que Sum\u00e9 continuar\u00e1 a receber da nossa parte o mesmo olhar atento que eu tive nos \u00faltimos anos e eu me sinto extremamente honrado com o apoio nessa caminhada que vamos fazer\u201d, sustentou.<\/p><\/blockquote>\n<p><strong>Noticias em Destaque<\/strong><\/p>\n","protected":false},"excerpt":{"rendered":"<p>Em reuni\u00e3o com o presidente estadual do PSB nesta quarta-feira (30), o prefeito de Sum\u00e9, Manezinho Louren\u00e7o (MDB) destacou os investimentos do Governo do Estado no munic\u00edpio nos \u00faltimos anos e afirmou a certeza de que o ex-governador continuar\u00e1 trabalhando pelo desenvolvimento do munic\u00edpio no Congresso Nacional. \u201cHoje eu vim declarar o meu apoio a Jo\u00e3o Azev\u00eado. Como governador, ele j\u00e1 fez muito por Sum\u00e9 e chegando ao Senado, vai fazer muito mais\u201d, disse o gestor municipal. Por sua vez, Jo\u00e3o Azev\u00eado agradeceu o apoio do prefeito e reafirmou o compromisso de seguir trabalhando para garantir a melhoria da qualidade de vida da popula\u00e7\u00e3o de Sum\u00e9. \u201cObrigado a Manezinho pela parceria e temos a certeza absoluta de que Sum\u00e9 continuar\u00e1 a receber da nossa parte o mesmo olhar atento que eu tive nos \u00faltimos anos e eu me sinto extremamente honrado com o apoio nessa caminhada que vamos fazer\u201d, sustentou. Noticias em Destaque<\/p>\n","protected":false},"author":2,"featured_media":78286,"comment_status":"closed","ping_status":"closed","sticky":false,"template":"","format":"standard","meta":{"_eb_attr":"","_jetpack_memberships_contains_paid_content":false,"footnotes":""},"categories":[4],"tags":[],"class_list":["post-78285","post","type-post","status-publish","format-standard","has-post-thumbnail","hentry","category-politica"],"yoast_head":"<!-- This site is optimized with the Yoast SEO plugin v26.5 - https:\/\/yoast.com\/wordpress\/plugins\/seo\/ -->\n<title>Prefeito de Sum\u00e9 declara apoio \u00e0 pr\u00e9-candidatura de Jo\u00e3o Azev\u00eado ao Senado - Not&iacute;cias em Destaque<\/title>\n<meta name=\"robots\" content=\"index, follow, max-snippet:-1, max-image-preview:large, max-video-preview:-1\" \/>\n<link rel=\"canonical\" href=\"https:\/\/noticiasemdestaque.com\/cd\/?p=78285\" \/>\n<meta property=\"og:locale\" content=\"pt_BR\" \/>\n<meta property=\"og:type\" content=\"article\" \/>\n<meta property=\"og:title\" content=\"Prefeito de Sum\u00e9 declara apoio \u00e0 pr\u00e9-candidatura de Jo\u00e3o Azev\u00eado ao Senado - Not&iacute;cias em Destaque\" \/>\n<meta property=\"og:description\" content=\"Em reuni\u00e3o com o presidente estadual do PSB nesta quarta-feira (30), o prefeito de Sum\u00e9, Manezinho Louren\u00e7o (MDB) destacou os investimentos do Governo do Estado no munic\u00edpio nos \u00faltimos anos e afirmou a certeza de que o ex-governador continuar\u00e1 trabalhando pelo desenvolvimento do munic\u00edpio no Congresso Nacional. \u201cHoje eu vim declarar o meu apoio a Jo\u00e3o Azev\u00eado. Como governador, ele j\u00e1 fez muito por Sum\u00e9 e chegando ao Senado, vai fazer muito mais\u201d, disse o gestor municipal. Por sua vez, Jo\u00e3o Azev\u00eado agradeceu o apoio do prefeito e reafirmou o compromisso de seguir trabalhando para garantir a melhoria da qualidade de vida da popula\u00e7\u00e3o de Sum\u00e9. \u201cObrigado a Manezinho pela parceria e temos a certeza absoluta de que Sum\u00e9 continuar\u00e1 a receber da nossa parte o mesmo olhar atento que eu tive nos \u00faltimos anos e eu me sinto extremamente honrado com o apoio nessa caminhada que vamos fazer\u201d, sustentou. Noticias em Destaque\" \/>\n<meta property=\"og:url\" content=\"https:\/\/noticiasemdestaque.com\/cd\/?p=78285\" \/>\n<meta property=\"og:site_name\" content=\"Not&iacute;cias em Destaque\" \/>\n<meta property=\"article:published_time\" content=\"2026-05-01T12:50:21+00:00\" \/>\n<meta property=\"og:image\" content=\"https:\/\/noticiasemdestaque.com\/cd\/wp-content\/uploads\/2026\/05\/WhatsApp-Image-2026-04-30-at-19.51.49.jpeg\" \/>\n\t<meta property=\"og:image:width\" content=\"1280\" \/>\n\t<meta property=\"og:image:height\" content=\"854\" \/>\n\t<meta property=\"og:image:type\" content=\"image\/jpeg\" \/>\n<meta name=\"author\" content=\"Not\u00edcias em Destaque\" \/>\n<meta name=\"twitter:card\" content=\"summary_large_image\" \/>\n<meta name=\"twitter:label1\" content=\"Escrito por\" \/>\n\t<meta name=\"twitter:data1\" content=\"Not\u00edcias em Destaque\" \/>\n\t<meta name=\"twitter:label2\" content=\"Est. tempo de leitura\" \/>\n\t<meta name=\"twitter:data2\" content=\"1 minuto\" \/>\n<script type=\"application\/ld+json\" class=\"yoast-schema-graph\">{\"@context\":\"https:\/\/schema.org\",\"@graph\":[{\"@type\":\"Article\",\"@id\":\"https:\/\/noticiasemdestaque.com\/cd\/?p=78285#article\",\"isPartOf\":{\"@id\":\"https:\/\/noticiasemdestaque.com\/cd\/?p=78285\"},\"author\":{\"name\":\"Not\u00edcias em Destaque\",\"@id\":\"https:\/\/noticiasemdestaque.com\/cd\/#\/schema\/person\/6ae9188aebb8de746b8e0d472d029646\"},\"headline\":\"Prefeito de Sum\u00e9 declara apoio \u00e0 pr\u00e9-candidatura de Jo\u00e3o Azev\u00eado ao Senado\",\"datePublished\":\"2026-05-01T12:50:21+00:00\",\"mainEntityOfPage\":{\"@id\":\"https:\/\/noticiasemdestaque.com\/cd\/?p=78285\"},\"wordCount\":175,\"publisher\":{\"@id\":\"https:\/\/noticiasemdestaque.com\/cd\/#organization\"},\"image\":{\"@id\":\"https:\/\/noticiasemdestaque.com\/cd\/?p=78285#primaryimage\"},\"thumbnailUrl\":\"https:\/\/noticiasemdestaque.com\/cd\/wp-content\/uploads\/2026\/05\/WhatsApp-Image-2026-04-30-at-19.51.49.jpeg\",\"articleSection\":[\"Pol\u00edtica\"],\"inLanguage\":\"pt-BR\"},{\"@type\":\"WebPage\",\"@id\":\"https:\/\/noticiasemdestaque.com\/cd\/?p=78285\",\"url\":\"https:\/\/noticiasemdestaque.com\/cd\/?p=78285\",\"name\":\"Prefeito de Sum\u00e9 declara apoio \u00e0 pr\u00e9-candidatura de Jo\u00e3o Azev\u00eado ao Senado - Not&iacute;cias em Destaque\",\"isPartOf\":{\"@id\":\"https:\/\/noticiasemdestaque.com\/cd\/#website\"},\"primaryImageOfPage\":{\"@id\":\"https:\/\/noticiasemdestaque.com\/cd\/?p=78285#primaryimage\"},\"image\":{\"@id\":\"https:\/\/noticiasemdestaque.com\/cd\/?p=78285#primaryimage\"},\"thumbnailUrl\":\"https:\/\/noticiasemdestaque.com\/cd\/wp-content\/uploads\/2026\/05\/WhatsApp-Image-2026-04-30-at-19.51.49.jpeg\",\"datePublished\":\"2026-05-01T12:50:21+00:00\",\"breadcrumb\":{\"@id\":\"https:\/\/noticiasemdestaque.com\/cd\/?p=78285#breadcrumb\"},\"inLanguage\":\"pt-BR\",\"potentialAction\":[{\"@type\":\"ReadAction\",\"target\":[\"https:\/\/noticiasemdestaque.com\/cd\/?p=78285\"]}]},{\"@type\":\"ImageObject\",\"inLanguage\":\"pt-BR\",\"@id\":\"https:\/\/noticiasemdestaque.com\/cd\/?p=78285#primaryimage\",\"url\":\"https:\/\/noticiasemdestaque.com\/cd\/wp-content\/uploads\/2026\/05\/WhatsApp-Image-2026-04-30-at-19.51.49.jpeg\",\"contentUrl\":\"https:\/\/noticiasemdestaque.com\/cd\/wp-content\/uploads\/2026\/05\/WhatsApp-Image-2026-04-30-at-19.51.49.jpeg\",\"width\":1280,\"height\":854},{\"@type\":\"BreadcrumbList\",\"@id\":\"https:\/\/noticiasemdestaque.com\/cd\/?p=78285#breadcrumb\",\"itemListElement\":[{\"@type\":\"ListItem\",\"position\":1,\"name\":\"In\u00edcio\",\"item\":\"https:\/\/noticiasemdestaque.com\/cd\/\"},{\"@type\":\"ListItem\",\"position\":2,\"name\":\"Prefeito de Sum\u00e9 declara apoio \u00e0 pr\u00e9-candidatura de Jo\u00e3o Azev\u00eado ao Senado\"}]},{\"@type\":\"WebSite\",\"@id\":\"https:\/\/noticiasemdestaque.com\/cd\/#website\",\"url\":\"https:\/\/noticiasemdestaque.com\/cd\/\",\"name\":\"Not&iacute;cias em Destaque\",\"description\":\"\",\"publisher\":{\"@id\":\"https:\/\/noticiasemdestaque.com\/cd\/#organization\"},\"potentialAction\":[{\"@type\":\"SearchAction\",\"target\":{\"@type\":\"EntryPoint\",\"urlTemplate\":\"https:\/\/noticiasemdestaque.com\/cd\/?s={search_term_string}\"},\"query-input\":{\"@type\":\"PropertyValueSpecification\",\"valueRequired\":true,\"valueName\":\"search_term_string\"}}],\"inLanguage\":\"pt-BR\"},{\"@type\":\"Organization\",\"@id\":\"https:\/\/noticiasemdestaque.com\/cd\/#organization\",\"name\":\"Not\u00edcias em Destaque\",\"url\":\"https:\/\/noticiasemdestaque.com\/cd\/\",\"logo\":{\"@type\":\"ImageObject\",\"inLanguage\":\"pt-BR\",\"@id\":\"https:\/\/noticiasemdestaque.com\/cd\/#\/schema\/logo\/image\/\",\"url\":\"https:\/\/noticiasemdestaque.com\/cd\/wp-content\/uploads\/2022\/05\/imagem-base-noticiasemdestaque.png\",\"contentUrl\":\"https:\/\/noticiasemdestaque.com\/cd\/wp-content\/uploads\/2022\/05\/imagem-base-noticiasemdestaque.png\",\"width\":1200,\"height\":630,\"caption\":\"Not\u00edcias em Destaque\"},\"image\":{\"@id\":\"https:\/\/noticiasemdestaque.com\/cd\/#\/schema\/logo\/image\/\"}},{\"@type\":\"Person\",\"@id\":\"https:\/\/noticiasemdestaque.com\/cd\/#\/schema\/person\/6ae9188aebb8de746b8e0d472d029646\",\"name\":\"Not\u00edcias em Destaque\",\"url\":\"https:\/\/noticiasemdestaque.com\/cd\/?author=2\"}]}<\/script>\n<!-- \/ Yoast SEO plugin. -->","yoast_head_json":{"title":"Prefeito de Sum\u00e9 declara apoio \u00e0 pr\u00e9-candidatura de Jo\u00e3o Azev\u00eado ao Senado - Not&iacute;cias em Destaque","robots":{"index":"index","follow":"follow","max-snippet":"max-snippet:-1","max-image-preview":"max-image-preview:large","max-video-preview":"max-video-preview:-1"},"canonical":"https:\/\/noticiasemdestaque.com\/cd\/?p=78285","og_locale":"pt_BR","og_type":"article","og_title":"Prefeito de Sum\u00e9 declara apoio \u00e0 pr\u00e9-candidatura de Jo\u00e3o Azev\u00eado ao Senado - Not&iacute;cias em Destaque","og_description":"Em reuni\u00e3o com o presidente estadual do PSB nesta quarta-feira (30), o prefeito de Sum\u00e9, Manezinho Louren\u00e7o (MDB) destacou os investimentos do Governo do Estado no munic\u00edpio nos \u00faltimos anos e afirmou a certeza de que o ex-governador continuar\u00e1 trabalhando pelo desenvolvimento do munic\u00edpio no Congresso Nacional. \u201cHoje eu vim declarar o meu apoio a Jo\u00e3o Azev\u00eado. Como governador, ele j\u00e1 fez muito por Sum\u00e9 e chegando ao Senado, vai fazer muito mais\u201d, disse o gestor municipal. Por sua vez, Jo\u00e3o Azev\u00eado agradeceu o apoio do prefeito e reafirmou o compromisso de seguir trabalhando para garantir a melhoria da qualidade de vida da popula\u00e7\u00e3o de Sum\u00e9. \u201cObrigado a Manezinho pela parceria e temos a certeza absoluta de que Sum\u00e9 continuar\u00e1 a receber da nossa parte o mesmo olhar atento que eu tive nos \u00faltimos anos e eu me sinto extremamente honrado com o apoio nessa caminhada que vamos fazer\u201d, sustentou. Noticias em Destaque","og_url":"https:\/\/noticiasemdestaque.com\/cd\/?p=78285","og_site_name":"Not&iacute;cias em Destaque","article_published_time":"2026-05-01T12:50:21+00:00","og_image":[{"width":1280,"height":854,"url":"https:\/\/noticiasemdestaque.com\/cd\/wp-content\/uploads\/2026\/05\/WhatsApp-Image-2026-04-30-at-19.51.49.jpeg","type":"image\/jpeg"}],"author":"Not\u00edcias em Destaque","twitter_card":"summary_large_image","twitter_misc":{"Escrito por":"Not\u00edcias em Destaque","Est. tempo de leitura":"1 minuto"},"schema":{"@context":"https:\/\/schema.org","@graph":[{"@type":"Article","@id":"https:\/\/noticiasemdestaque.com\/cd\/?p=78285#article","isPartOf":{"@id":"https:\/\/noticiasemdestaque.com\/cd\/?p=78285"},"author":{"name":"Not\u00edcias em Destaque","@id":"https:\/\/noticiasemdestaque.com\/cd\/#\/schema\/person\/6ae9188aebb8de746b8e0d472d029646"},"headline":"Prefeito de Sum\u00e9 declara apoio \u00e0 pr\u00e9-candidatura de Jo\u00e3o Azev\u00eado ao Senado","datePublished":"2026-05-01T12:50:21+00:00","mainEntityOfPage":{"@id":"https:\/\/noticiasemdestaque.com\/cd\/?p=78285"},"wordCount":175,"publisher":{"@id":"https:\/\/noticiasemdestaque.com\/cd\/#organization"},"image":{"@id":"https:\/\/noticiasemdestaque.com\/cd\/?p=78285#primaryimage"},"thumbnailUrl":"https:\/\/noticiasemdestaque.com\/cd\/wp-content\/uploads\/2026\/05\/WhatsApp-Image-2026-04-30-at-19.51.49.jpeg","articleSection":["Pol\u00edtica"],"inLanguage":"pt-BR"},{"@type":"WebPage","@id":"https:\/\/noticiasemdestaque.com\/cd\/?p=78285","url":"https:\/\/noticiasemdestaque.com\/cd\/?p=78285","name":"Prefeito de Sum\u00e9 declara apoio \u00e0 pr\u00e9-candidatura de Jo\u00e3o Azev\u00eado ao Senado - Not&iacute;cias em Destaque","isPartOf":{"@id":"https:\/\/noticiasemdestaque.com\/cd\/#website"},"primaryImageOfPage":{"@id":"https:\/\/noticiasemdestaque.com\/cd\/?p=78285#primaryimage"},"image":{"@id":"https:\/\/noticiasemdestaque.com\/cd\/?p=78285#primaryimage"},"thumbnailUrl":"https:\/\/noticiasemdestaque.com\/cd\/wp-content\/uploads\/2026\/05\/WhatsApp-Image-2026-04-30-at-19.51.49.jpeg","datePublished":"2026-05-01T12:50:21+00:00","breadcrumb":{"@id":"https:\/\/noticiasemdestaque.com\/cd\/?p=78285#breadcrumb"},"inLanguage":"pt-BR","potentialAction":[{"@type":"ReadAction","target":["https:\/\/noticiasemdestaque.com\/cd\/?p=78285"]}]},{"@type":"ImageObject","inLanguage":"pt-BR","@id":"https:\/\/noticiasemdestaque.com\/cd\/?p=78285#primaryimage","url":"https:\/\/noticiasemdestaque.com\/cd\/wp-content\/uploads\/2026\/05\/WhatsApp-Image-2026-04-30-at-19.51.49.jpeg","contentUrl":"https:\/\/noticiasemdestaque.com\/cd\/wp-content\/uploads\/2026\/05\/WhatsApp-Image-2026-04-30-at-19.51.49.jpeg","width":1280,"height":854},{"@type":"BreadcrumbList","@id":"https:\/\/noticiasemdestaque.com\/cd\/?p=78285#breadcrumb","itemListElement":[{"@type":"ListItem","position":1,"name":"In\u00edcio","item":"https:\/\/noticiasemdestaque.com\/cd\/"},{"@type":"ListItem","position":2,"name":"Prefeito de Sum\u00e9 declara apoio \u00e0 pr\u00e9-candidatura de Jo\u00e3o Azev\u00eado ao Senado"}]},{"@type":"WebSite","@id":"https:\/\/noticiasemdestaque.com\/cd\/#website","url":"https:\/\/noticiasemdestaque.com\/cd\/","name":"Not&iacute;cias em Destaque","description":"","publisher":{"@id":"https:\/\/noticiasemdestaque.com\/cd\/#organization"},"potentialAction":[{"@type":"SearchAction","target":{"@type":"EntryPoint","urlTemplate":"https:\/\/noticiasemdestaque.com\/cd\/?s={search_term_string}"},"query-input":{"@type":"PropertyValueSpecification","valueRequired":true,"valueName":"search_term_string"}}],"inLanguage":"pt-BR"},{"@type":"Organization","@id":"https:\/\/noticiasemdestaque.com\/cd\/#organization","name":"Not\u00edcias em Destaque","url":"https:\/\/noticiasemdestaque.com\/cd\/","logo":{"@type":"ImageObject","inLanguage":"pt-BR","@id":"https:\/\/noticiasemdestaque.com\/cd\/#\/schema\/logo\/image\/","url":"https:\/\/noticiasemdestaque.com\/cd\/wp-content\/uploads\/2022\/05\/imagem-base-noticiasemdestaque.png","contentUrl":"https:\/\/noticiasemdestaque.com\/cd\/wp-content\/uploads\/2022\/05\/imagem-base-noticiasemdestaque.png","width":1200,"height":630,"caption":"Not\u00edcias em Destaque"},"image":{"@id":"https:\/\/noticiasemdestaque.com\/cd\/#\/schema\/logo\/image\/"}},{"@type":"Person","@id":"https:\/\/noticiasemdestaque.com\/cd\/#\/schema\/person\/6ae9188aebb8de746b8e0d472d029646","name":"Not\u00edcias em Destaque","url":"https:\/\/noticiasemdestaque.com\/cd\/?author=2"}]}},"jetpack_featured_media_url":"https:\/\/noticiasemdestaque.com\/cd\/wp-content\/uploads\/2026\/05\/WhatsApp-Image-2026-04-30-at-19.51.49.jpeg","jetpack_sharing_enabled":true,"_links":{"self":[{"href":"https:\/\/noticiasemdestaque.com\/cd\/index.php?rest_route=\/wp\/v2\/posts\/78285","targetHints":{"allow":["GET"]}}],"collection":[{"href":"https:\/\/noticiasemdestaque.com\/cd\/index.php?rest_route=\/wp\/v2\/posts"}],"about":[{"href":"https:\/\/noticiasemdestaque.com\/cd\/index.php?rest_route=\/wp\/v2\/types\/post"}],"author":[{"embeddable":true,"href":"https:\/\/noticiasemdestaque.com\/cd\/index.php?rest_route=\/wp\/v2\/users\/2"}],"replies":[{"embeddable":true,"href":"https:\/\/noticiasemdestaque.com\/cd\/index.php?rest_route=%2Fwp%2Fv2%2Fcomments&post=78285"}],"version-history":[{"count":1,"href":"https:\/\/noticiasemdestaque.com\/cd\/index.php?rest_route=\/wp\/v2\/posts\/78285\/revisions"}],"predecessor-version":[{"id":78287,"href":"https:\/\/noticiasemdestaque.com\/cd\/index.php?rest_route=\/wp\/v2\/posts\/78285\/revisions\/78287"}],"wp:featuredmedia":[{"embeddable":true,"href":"https:\/\/noticiasemdestaque.com\/cd\/index.php?rest_route=\/wp\/v2\/media\/78286"}],"wp:attachment":[{"href":"https:\/\/noticiasemdestaque.com\/cd\/index.php?rest_route=%2Fwp%2Fv2%2Fmedia&parent=78285"}],"wp:term":[{"taxonomy":"category","embeddable":true,"href":"https:\/\/noticiasemdestaque.com\/cd\/index.php?rest_route=%2Fwp%2Fv2%2Fcategories&post=78285"},{"taxonomy":"post_tag","embeddable":true,"href":"https:\/\/noticiasemdestaque.com\/cd\/index.php?rest_route=%2Fwp%2Fv2%2Ftags&post=78285"}],"curies":[{"name":"wp","href":"https:\/\/api.w.org\/{rel}","templated":true}]}}