{"id":78282,"date":"2026-05-01T09:36:35","date_gmt":"2026-05-01T12:36:35","guid":{"rendered":"https:\/\/noticiasemdestaque.com\/cd\/?p=78282"},"modified":"2026-05-01T09:36:35","modified_gmt":"2026-05-01T12:36:35","slug":"vereador-arymateia-silva-debate-liberacao-de-licenca-do-loteamento-manoel-lourenco-em-sume-na-superintendencia-de-administracao-do-meio-ambiente-sudema","status":"publish","type":"post","link":"https:\/\/noticiasemdestaque.com\/cd\/?p=78282","title":{"rendered":"Vereador Arymateia Silva debate libera\u00e7\u00e3o de licen\u00e7a do Loteamento Manoel Louren\u00e7o em Sum\u00e9 na Superintend\u00eancia de Administra\u00e7\u00e3o do Meio Ambiente (SUDEMA)"},"content":{"rendered":"<p><a href=\"https:\/\/noticiasemdestaque.com\/cd\/wp-content\/uploads\/2026\/05\/WhatsApp-Image-2026-04-30-at-19.50.46-scaled.jpeg\"><img fetchpriority=\"high\" decoding=\"async\" class=\" wp-image-78283 aligncenter\" src=\"https:\/\/noticiasemdestaque.com\/cd\/wp-content\/uploads\/2026\/05\/WhatsApp-Image-2026-04-30-at-19.50.46-169x300.jpeg\" alt=\"\" width=\"764\" height=\"1356\" \/><\/a><\/p>\n<p>O vereador Arymateia Silva participou de uma reuni\u00e3o na Superintend\u00eancia de Administra\u00e7\u00e3o do Meio Ambiente (SUDEMA), em Jo\u00e3o Pessoa, onde debateu a libera\u00e7\u00e3o da Licen\u00e7a de Opera\u00e7\u00e3o do Loteamento Manoel Louren\u00e7o, localizado no munic\u00edpio de Sum\u00e9.<\/p>\n<p>O encontro contou tamb\u00e9m com a presen\u00e7a do deputado estadual Michel Henrique, do superintendente da Sudema, Marcelo Cavalcante, al\u00e9m dos representantes da associa\u00e7\u00e3o do loteamento, Suzana e Tita.<\/p>\n<p>De acordo com o vereador, a libera\u00e7\u00e3o da licen\u00e7a \u00e9 um passo fundamental para viabilizar solu\u00e7\u00f5es definitivas para a localidade, sobretudo no per\u00edodo de chuvas, quando os problemas se intensificam.<\/p>\n<p>Arymateia Silva ressaltou ainda que seguir\u00e1 trabalhando em parceria com lideran\u00e7as pol\u00edticas, a exemplo dos deputados Cabo Gilberto e Michel Henrique, al\u00e9m do prefeito Manezinho Louren\u00e7o. Destacou tamb\u00e9m que ser\u00e1 apresentado um projeto para posterior aprova\u00e7\u00e3o e que, ap\u00f3s essa etapa, ser\u00e3o executadas a\u00e7\u00f5es concretas com o objetivo de resolver de forma definitiva a situa\u00e7\u00e3o e garantir mais qualidade de vida para os moradores do Loteamento Manoel Louren\u00e7o.<\/p>\n<p><strong>Noticias em Destaque<\/strong><\/p>\n","protected":false},"excerpt":{"rendered":"<p>O vereador Arymateia Silva participou de uma reuni\u00e3o na Superintend\u00eancia de Administra\u00e7\u00e3o do Meio Ambiente (SUDEMA), em Jo\u00e3o Pessoa, onde debateu a libera\u00e7\u00e3o da Licen\u00e7a de Opera\u00e7\u00e3o do Loteamento Manoel Louren\u00e7o, localizado no munic\u00edpio de Sum\u00e9. O encontro contou tamb\u00e9m com a presen\u00e7a do deputado estadual Michel Henrique, do superintendente da Sudema, Marcelo Cavalcante, al\u00e9m dos representantes da associa\u00e7\u00e3o do loteamento, Suzana e Tita. De acordo com o vereador, a libera\u00e7\u00e3o da licen\u00e7a \u00e9 um passo fundamental para viabilizar solu\u00e7\u00f5es definitivas para a localidade, sobretudo no per\u00edodo de chuvas, quando os problemas se intensificam. Arymateia Silva ressaltou ainda que seguir\u00e1 trabalhando em parceria com lideran\u00e7as pol\u00edticas, a exemplo dos deputados Cabo Gilberto e Michel Henrique, al\u00e9m do prefeito Manezinho Louren\u00e7o. Destacou tamb\u00e9m que ser\u00e1 apresentado um projeto para posterior aprova\u00e7\u00e3o e que, ap\u00f3s essa etapa, ser\u00e3o executadas a\u00e7\u00f5es concretas com o objetivo de resolver de forma definitiva a situa\u00e7\u00e3o e garantir mais qualidade de vida para os moradores do Loteamento Manoel Louren\u00e7o. Noticias em Destaque<\/p>\n","protected":false},"author":2,"featured_media":78283,"comment_status":"closed","ping_status":"closed","sticky":false,"template":"","format":"standard","meta":{"_eb_attr":"","_jetpack_memberships_contains_paid_content":false,"footnotes":""},"categories":[4],"tags":[],"class_list":["post-78282","post","type-post","status-publish","format-standard","has-post-thumbnail","hentry","category-politica"],"yoast_head":"<!-- This site is optimized with the Yoast SEO plugin v26.5 - https:\/\/yoast.com\/wordpress\/plugins\/seo\/ -->\n<title>Vereador Arymateia Silva debate libera\u00e7\u00e3o de licen\u00e7a do Loteamento Manoel Louren\u00e7o em Sum\u00e9 na Superintend\u00eancia de Administra\u00e7\u00e3o do Meio Ambiente (SUDEMA) - Not&iacute;cias em Destaque<\/title>\n<meta name=\"robots\" content=\"index, follow, max-snippet:-1, max-image-preview:large, max-video-preview:-1\" \/>\n<link rel=\"canonical\" href=\"https:\/\/noticiasemdestaque.com\/cd\/?p=78282\" \/>\n<meta property=\"og:locale\" content=\"pt_BR\" \/>\n<meta property=\"og:type\" content=\"article\" \/>\n<meta property=\"og:title\" content=\"Vereador Arymateia Silva debate libera\u00e7\u00e3o de licen\u00e7a do Loteamento Manoel Louren\u00e7o em Sum\u00e9 na Superintend\u00eancia de Administra\u00e7\u00e3o do Meio Ambiente (SUDEMA) - Not&iacute;cias em Destaque\" \/>\n<meta property=\"og:description\" content=\"O vereador Arymateia Silva participou de uma reuni\u00e3o na Superintend\u00eancia de Administra\u00e7\u00e3o do Meio Ambiente (SUDEMA), em Jo\u00e3o Pessoa, onde debateu a libera\u00e7\u00e3o da Licen\u00e7a de Opera\u00e7\u00e3o do Loteamento Manoel Louren\u00e7o, localizado no munic\u00edpio de Sum\u00e9. O encontro contou tamb\u00e9m com a presen\u00e7a do deputado estadual Michel Henrique, do superintendente da Sudema, Marcelo Cavalcante, al\u00e9m dos representantes da associa\u00e7\u00e3o do loteamento, Suzana e Tita. De acordo com o vereador, a libera\u00e7\u00e3o da licen\u00e7a \u00e9 um passo fundamental para viabilizar solu\u00e7\u00f5es definitivas para a localidade, sobretudo no per\u00edodo de chuvas, quando os problemas se intensificam. Arymateia Silva ressaltou ainda que seguir\u00e1 trabalhando em parceria com lideran\u00e7as pol\u00edticas, a exemplo dos deputados Cabo Gilberto e Michel Henrique, al\u00e9m do prefeito Manezinho Louren\u00e7o. Destacou tamb\u00e9m que ser\u00e1 apresentado um projeto para posterior aprova\u00e7\u00e3o e que, ap\u00f3s essa etapa, ser\u00e3o executadas a\u00e7\u00f5es concretas com o objetivo de resolver de forma definitiva a situa\u00e7\u00e3o e garantir mais qualidade de vida para os moradores do Loteamento Manoel Louren\u00e7o. Noticias em Destaque\" \/>\n<meta property=\"og:url\" content=\"https:\/\/noticiasemdestaque.com\/cd\/?p=78282\" \/>\n<meta property=\"og:site_name\" content=\"Not&iacute;cias em Destaque\" \/>\n<meta property=\"article:published_time\" content=\"2026-05-01T12:36:35+00:00\" \/>\n<meta property=\"og:image\" content=\"https:\/\/noticiasemdestaque.com\/cd\/wp-content\/uploads\/2026\/05\/WhatsApp-Image-2026-04-30-at-19.50.46-scaled.jpeg\" \/>\n\t<meta property=\"og:image:width\" content=\"1440\" \/>\n\t<meta property=\"og:image:height\" content=\"2560\" \/>\n\t<meta property=\"og:image:type\" content=\"image\/jpeg\" \/>\n<meta name=\"author\" content=\"Not\u00edcias em Destaque\" \/>\n<meta name=\"twitter:card\" content=\"summary_large_image\" \/>\n<meta name=\"twitter:label1\" content=\"Escrito por\" \/>\n\t<meta name=\"twitter:data1\" content=\"Not\u00edcias em Destaque\" \/>\n\t<meta name=\"twitter:label2\" content=\"Est. tempo de leitura\" \/>\n\t<meta name=\"twitter:data2\" content=\"2 minutos\" \/>\n<script type=\"application\/ld+json\" class=\"yoast-schema-graph\">{\"@context\":\"https:\/\/schema.org\",\"@graph\":[{\"@type\":\"Article\",\"@id\":\"https:\/\/noticiasemdestaque.com\/cd\/?p=78282#article\",\"isPartOf\":{\"@id\":\"https:\/\/noticiasemdestaque.com\/cd\/?p=78282\"},\"author\":{\"name\":\"Not\u00edcias em Destaque\",\"@id\":\"https:\/\/noticiasemdestaque.com\/cd\/#\/schema\/person\/6ae9188aebb8de746b8e0d472d029646\"},\"headline\":\"Vereador Arymateia Silva debate libera\u00e7\u00e3o de licen\u00e7a do Loteamento Manoel Louren\u00e7o em Sum\u00e9 na Superintend\u00eancia de Administra\u00e7\u00e3o do Meio Ambiente (SUDEMA)\",\"datePublished\":\"2026-05-01T12:36:35+00:00\",\"mainEntityOfPage\":{\"@id\":\"https:\/\/noticiasemdestaque.com\/cd\/?p=78282\"},\"wordCount\":218,\"publisher\":{\"@id\":\"https:\/\/noticiasemdestaque.com\/cd\/#organization\"},\"image\":{\"@id\":\"https:\/\/noticiasemdestaque.com\/cd\/?p=78282#primaryimage\"},\"thumbnailUrl\":\"https:\/\/noticiasemdestaque.com\/cd\/wp-content\/uploads\/2026\/05\/WhatsApp-Image-2026-04-30-at-19.50.46-scaled.jpeg\",\"articleSection\":[\"Pol\u00edtica\"],\"inLanguage\":\"pt-BR\"},{\"@type\":\"WebPage\",\"@id\":\"https:\/\/noticiasemdestaque.com\/cd\/?p=78282\",\"url\":\"https:\/\/noticiasemdestaque.com\/cd\/?p=78282\",\"name\":\"Vereador Arymateia Silva debate libera\u00e7\u00e3o de licen\u00e7a do Loteamento Manoel Louren\u00e7o em Sum\u00e9 na Superintend\u00eancia de Administra\u00e7\u00e3o do Meio Ambiente (SUDEMA) - Not&iacute;cias em Destaque\",\"isPartOf\":{\"@id\":\"https:\/\/noticiasemdestaque.com\/cd\/#website\"},\"primaryImageOfPage\":{\"@id\":\"https:\/\/noticiasemdestaque.com\/cd\/?p=78282#primaryimage\"},\"image\":{\"@id\":\"https:\/\/noticiasemdestaque.com\/cd\/?p=78282#primaryimage\"},\"thumbnailUrl\":\"https:\/\/noticiasemdestaque.com\/cd\/wp-content\/uploads\/2026\/05\/WhatsApp-Image-2026-04-30-at-19.50.46-scaled.jpeg\",\"datePublished\":\"2026-05-01T12:36:35+00:00\",\"breadcrumb\":{\"@id\":\"https:\/\/noticiasemdestaque.com\/cd\/?p=78282#breadcrumb\"},\"inLanguage\":\"pt-BR\",\"potentialAction\":[{\"@type\":\"ReadAction\",\"target\":[\"https:\/\/noticiasemdestaque.com\/cd\/?p=78282\"]}]},{\"@type\":\"ImageObject\",\"inLanguage\":\"pt-BR\",\"@id\":\"https:\/\/noticiasemdestaque.com\/cd\/?p=78282#primaryimage\",\"url\":\"https:\/\/noticiasemdestaque.com\/cd\/wp-content\/uploads\/2026\/05\/WhatsApp-Image-2026-04-30-at-19.50.46-scaled.jpeg\",\"contentUrl\":\"https:\/\/noticiasemdestaque.com\/cd\/wp-content\/uploads\/2026\/05\/WhatsApp-Image-2026-04-30-at-19.50.46-scaled.jpeg\",\"width\":1440,\"height\":2560},{\"@type\":\"BreadcrumbList\",\"@id\":\"https:\/\/noticiasemdestaque.com\/cd\/?p=78282#breadcrumb\",\"itemListElement\":[{\"@type\":\"ListItem\",\"position\":1,\"name\":\"In\u00edcio\",\"item\":\"https:\/\/noticiasemdestaque.com\/cd\/\"},{\"@type\":\"ListItem\",\"position\":2,\"name\":\"Vereador Arymateia Silva debate libera\u00e7\u00e3o de licen\u00e7a do Loteamento Manoel Louren\u00e7o em Sum\u00e9 na Superintend\u00eancia de Administra\u00e7\u00e3o do Meio Ambiente (SUDEMA)\"}]},{\"@type\":\"WebSite\",\"@id\":\"https:\/\/noticiasemdestaque.com\/cd\/#website\",\"url\":\"https:\/\/noticiasemdestaque.com\/cd\/\",\"name\":\"Not&iacute;cias em Destaque\",\"description\":\"\",\"publisher\":{\"@id\":\"https:\/\/noticiasemdestaque.com\/cd\/#organization\"},\"potentialAction\":[{\"@type\":\"SearchAction\",\"target\":{\"@type\":\"EntryPoint\",\"urlTemplate\":\"https:\/\/noticiasemdestaque.com\/cd\/?s={search_term_string}\"},\"query-input\":{\"@type\":\"PropertyValueSpecification\",\"valueRequired\":true,\"valueName\":\"search_term_string\"}}],\"inLanguage\":\"pt-BR\"},{\"@type\":\"Organization\",\"@id\":\"https:\/\/noticiasemdestaque.com\/cd\/#organization\",\"name\":\"Not\u00edcias em Destaque\",\"url\":\"https:\/\/noticiasemdestaque.com\/cd\/\",\"logo\":{\"@type\":\"ImageObject\",\"inLanguage\":\"pt-BR\",\"@id\":\"https:\/\/noticiasemdestaque.com\/cd\/#\/schema\/logo\/image\/\",\"url\":\"https:\/\/noticiasemdestaque.com\/cd\/wp-content\/uploads\/2022\/05\/imagem-base-noticiasemdestaque.png\",\"contentUrl\":\"https:\/\/noticiasemdestaque.com\/cd\/wp-content\/uploads\/2022\/05\/imagem-base-noticiasemdestaque.png\",\"width\":1200,\"height\":630,\"caption\":\"Not\u00edcias em Destaque\"},\"image\":{\"@id\":\"https:\/\/noticiasemdestaque.com\/cd\/#\/schema\/logo\/image\/\"}},{\"@type\":\"Person\",\"@id\":\"https:\/\/noticiasemdestaque.com\/cd\/#\/schema\/person\/6ae9188aebb8de746b8e0d472d029646\",\"name\":\"Not\u00edcias em Destaque\",\"url\":\"https:\/\/noticiasemdestaque.com\/cd\/?author=2\"}]}<\/script>\n<!-- \/ Yoast SEO plugin. -->","yoast_head_json":{"title":"Vereador Arymateia Silva debate libera\u00e7\u00e3o de licen\u00e7a do Loteamento Manoel Louren\u00e7o em Sum\u00e9 na Superintend\u00eancia de Administra\u00e7\u00e3o do Meio Ambiente (SUDEMA) - Not&iacute;cias em Destaque","robots":{"index":"index","follow":"follow","max-snippet":"max-snippet:-1","max-image-preview":"max-image-preview:large","max-video-preview":"max-video-preview:-1"},"canonical":"https:\/\/noticiasemdestaque.com\/cd\/?p=78282","og_locale":"pt_BR","og_type":"article","og_title":"Vereador Arymateia Silva debate libera\u00e7\u00e3o de licen\u00e7a do Loteamento Manoel Louren\u00e7o em Sum\u00e9 na Superintend\u00eancia de Administra\u00e7\u00e3o do Meio Ambiente (SUDEMA) - Not&iacute;cias em Destaque","og_description":"O vereador Arymateia Silva participou de uma reuni\u00e3o na Superintend\u00eancia de Administra\u00e7\u00e3o do Meio Ambiente (SUDEMA), em Jo\u00e3o Pessoa, onde debateu a libera\u00e7\u00e3o da Licen\u00e7a de Opera\u00e7\u00e3o do Loteamento Manoel Louren\u00e7o, localizado no munic\u00edpio de Sum\u00e9. O encontro contou tamb\u00e9m com a presen\u00e7a do deputado estadual Michel Henrique, do superintendente da Sudema, Marcelo Cavalcante, al\u00e9m dos representantes da associa\u00e7\u00e3o do loteamento, Suzana e Tita. De acordo com o vereador, a libera\u00e7\u00e3o da licen\u00e7a \u00e9 um passo fundamental para viabilizar solu\u00e7\u00f5es definitivas para a localidade, sobretudo no per\u00edodo de chuvas, quando os problemas se intensificam. Arymateia Silva ressaltou ainda que seguir\u00e1 trabalhando em parceria com lideran\u00e7as pol\u00edticas, a exemplo dos deputados Cabo Gilberto e Michel Henrique, al\u00e9m do prefeito Manezinho Louren\u00e7o. Destacou tamb\u00e9m que ser\u00e1 apresentado um projeto para posterior aprova\u00e7\u00e3o e que, ap\u00f3s essa etapa, ser\u00e3o executadas a\u00e7\u00f5es concretas com o objetivo de resolver de forma definitiva a situa\u00e7\u00e3o e garantir mais qualidade de vida para os moradores do Loteamento Manoel Louren\u00e7o. Noticias em Destaque","og_url":"https:\/\/noticiasemdestaque.com\/cd\/?p=78282","og_site_name":"Not&iacute;cias em Destaque","article_published_time":"2026-05-01T12:36:35+00:00","og_image":[{"width":1440,"height":2560,"url":"https:\/\/noticiasemdestaque.com\/cd\/wp-content\/uploads\/2026\/05\/WhatsApp-Image-2026-04-30-at-19.50.46-scaled.jpeg","type":"image\/jpeg"}],"author":"Not\u00edcias em Destaque","twitter_card":"summary_large_image","twitter_misc":{"Escrito por":"Not\u00edcias em Destaque","Est. tempo de leitura":"2 minutos"},"schema":{"@context":"https:\/\/schema.org","@graph":[{"@type":"Article","@id":"https:\/\/noticiasemdestaque.com\/cd\/?p=78282#article","isPartOf":{"@id":"https:\/\/noticiasemdestaque.com\/cd\/?p=78282"},"author":{"name":"Not\u00edcias em Destaque","@id":"https:\/\/noticiasemdestaque.com\/cd\/#\/schema\/person\/6ae9188aebb8de746b8e0d472d029646"},"headline":"Vereador Arymateia Silva debate libera\u00e7\u00e3o de licen\u00e7a do Loteamento Manoel Louren\u00e7o em Sum\u00e9 na Superintend\u00eancia de Administra\u00e7\u00e3o do Meio Ambiente (SUDEMA)","datePublished":"2026-05-01T12:36:35+00:00","mainEntityOfPage":{"@id":"https:\/\/noticiasemdestaque.com\/cd\/?p=78282"},"wordCount":218,"publisher":{"@id":"https:\/\/noticiasemdestaque.com\/cd\/#organization"},"image":{"@id":"https:\/\/noticiasemdestaque.com\/cd\/?p=78282#primaryimage"},"thumbnailUrl":"https:\/\/noticiasemdestaque.com\/cd\/wp-content\/uploads\/2026\/05\/WhatsApp-Image-2026-04-30-at-19.50.46-scaled.jpeg","articleSection":["Pol\u00edtica"],"inLanguage":"pt-BR"},{"@type":"WebPage","@id":"https:\/\/noticiasemdestaque.com\/cd\/?p=78282","url":"https:\/\/noticiasemdestaque.com\/cd\/?p=78282","name":"Vereador Arymateia Silva debate libera\u00e7\u00e3o de licen\u00e7a do Loteamento Manoel Louren\u00e7o em Sum\u00e9 na Superintend\u00eancia de Administra\u00e7\u00e3o do Meio Ambiente (SUDEMA) - Not&iacute;cias em Destaque","isPartOf":{"@id":"https:\/\/noticiasemdestaque.com\/cd\/#website"},"primaryImageOfPage":{"@id":"https:\/\/noticiasemdestaque.com\/cd\/?p=78282#primaryimage"},"image":{"@id":"https:\/\/noticiasemdestaque.com\/cd\/?p=78282#primaryimage"},"thumbnailUrl":"https:\/\/noticiasemdestaque.com\/cd\/wp-content\/uploads\/2026\/05\/WhatsApp-Image-2026-04-30-at-19.50.46-scaled.jpeg","datePublished":"2026-05-01T12:36:35+00:00","breadcrumb":{"@id":"https:\/\/noticiasemdestaque.com\/cd\/?p=78282#breadcrumb"},"inLanguage":"pt-BR","potentialAction":[{"@type":"ReadAction","target":["https:\/\/noticiasemdestaque.com\/cd\/?p=78282"]}]},{"@type":"ImageObject","inLanguage":"pt-BR","@id":"https:\/\/noticiasemdestaque.com\/cd\/?p=78282#primaryimage","url":"https:\/\/noticiasemdestaque.com\/cd\/wp-content\/uploads\/2026\/05\/WhatsApp-Image-2026-04-30-at-19.50.46-scaled.jpeg","contentUrl":"https:\/\/noticiasemdestaque.com\/cd\/wp-content\/uploads\/2026\/05\/WhatsApp-Image-2026-04-30-at-19.50.46-scaled.jpeg","width":1440,"height":2560},{"@type":"BreadcrumbList","@id":"https:\/\/noticiasemdestaque.com\/cd\/?p=78282#breadcrumb","itemListElement":[{"@type":"ListItem","position":1,"name":"In\u00edcio","item":"https:\/\/noticiasemdestaque.com\/cd\/"},{"@type":"ListItem","position":2,"name":"Vereador Arymateia Silva debate libera\u00e7\u00e3o de licen\u00e7a do Loteamento Manoel Louren\u00e7o em Sum\u00e9 na Superintend\u00eancia de Administra\u00e7\u00e3o do Meio Ambiente (SUDEMA)"}]},{"@type":"WebSite","@id":"https:\/\/noticiasemdestaque.com\/cd\/#website","url":"https:\/\/noticiasemdestaque.com\/cd\/","name":"Not&iacute;cias em Destaque","description":"","publisher":{"@id":"https:\/\/noticiasemdestaque.com\/cd\/#organization"},"potentialAction":[{"@type":"SearchAction","target":{"@type":"EntryPoint","urlTemplate":"https:\/\/noticiasemdestaque.com\/cd\/?s={search_term_string}"},"query-input":{"@type":"PropertyValueSpecification","valueRequired":true,"valueName":"search_term_string"}}],"inLanguage":"pt-BR"},{"@type":"Organization","@id":"https:\/\/noticiasemdestaque.com\/cd\/#organization","name":"Not\u00edcias em Destaque","url":"https:\/\/noticiasemdestaque.com\/cd\/","logo":{"@type":"ImageObject","inLanguage":"pt-BR","@id":"https:\/\/noticiasemdestaque.com\/cd\/#\/schema\/logo\/image\/","url":"https:\/\/noticiasemdestaque.com\/cd\/wp-content\/uploads\/2022\/05\/imagem-base-noticiasemdestaque.png","contentUrl":"https:\/\/noticiasemdestaque.com\/cd\/wp-content\/uploads\/2022\/05\/imagem-base-noticiasemdestaque.png","width":1200,"height":630,"caption":"Not\u00edcias em Destaque"},"image":{"@id":"https:\/\/noticiasemdestaque.com\/cd\/#\/schema\/logo\/image\/"}},{"@type":"Person","@id":"https:\/\/noticiasemdestaque.com\/cd\/#\/schema\/person\/6ae9188aebb8de746b8e0d472d029646","name":"Not\u00edcias em Destaque","url":"https:\/\/noticiasemdestaque.com\/cd\/?author=2"}]}},"jetpack_featured_media_url":"https:\/\/noticiasemdestaque.com\/cd\/wp-content\/uploads\/2026\/05\/WhatsApp-Image-2026-04-30-at-19.50.46-scaled.jpeg","jetpack_sharing_enabled":true,"_links":{"self":[{"href":"https:\/\/noticiasemdestaque.com\/cd\/index.php?rest_route=\/wp\/v2\/posts\/78282","targetHints":{"allow":["GET"]}}],"collection":[{"href":"https:\/\/noticiasemdestaque.com\/cd\/index.php?rest_route=\/wp\/v2\/posts"}],"about":[{"href":"https:\/\/noticiasemdestaque.com\/cd\/index.php?rest_route=\/wp\/v2\/types\/post"}],"author":[{"embeddable":true,"href":"https:\/\/noticiasemdestaque.com\/cd\/index.php?rest_route=\/wp\/v2\/users\/2"}],"replies":[{"embeddable":true,"href":"https:\/\/noticiasemdestaque.com\/cd\/index.php?rest_route=%2Fwp%2Fv2%2Fcomments&post=78282"}],"version-history":[{"count":1,"href":"https:\/\/noticiasemdestaque.com\/cd\/index.php?rest_route=\/wp\/v2\/posts\/78282\/revisions"}],"predecessor-version":[{"id":78284,"href":"https:\/\/noticiasemdestaque.com\/cd\/index.php?rest_route=\/wp\/v2\/posts\/78282\/revisions\/78284"}],"wp:featuredmedia":[{"embeddable":true,"href":"https:\/\/noticiasemdestaque.com\/cd\/index.php?rest_route=\/wp\/v2\/media\/78283"}],"wp:attachment":[{"href":"https:\/\/noticiasemdestaque.com\/cd\/index.php?rest_route=%2Fwp%2Fv2%2Fmedia&parent=78282"}],"wp:term":[{"taxonomy":"category","embeddable":true,"href":"https:\/\/noticiasemdestaque.com\/cd\/index.php?rest_route=%2Fwp%2Fv2%2Fcategories&post=78282"},{"taxonomy":"post_tag","embeddable":true,"href":"https:\/\/noticiasemdestaque.com\/cd\/index.php?rest_route=%2Fwp%2Fv2%2Ftags&post=78282"}],"curies":[{"name":"wp","href":"https:\/\/api.w.org\/{rel}","templated":true}]}}