{"id":78276,"date":"2026-04-30T22:38:33","date_gmt":"2026-05-01T01:38:33","guid":{"rendered":"https:\/\/noticiasemdestaque.com\/cd\/?p=78276"},"modified":"2026-04-30T22:38:33","modified_gmt":"2026-05-01T01:38:33","slug":"camara-de-sume-aprova-requerimentos-e-debate-acoes-em-beneficio-da-populacao","status":"publish","type":"post","link":"https:\/\/noticiasemdestaque.com\/cd\/?p=78276","title":{"rendered":"C\u00e2mara de Sum\u00e9 aprova requerimentos e debate a\u00e7\u00f5es em benef\u00edcio da popula\u00e7\u00e3o"},"content":{"rendered":"<p><a href=\"https:\/\/noticiasemdestaque.com\/cd\/wp-content\/uploads\/2026\/04\/WhatsApp-Image-2026-04-30-at-22.02.40.jpeg\"><img fetchpriority=\"high\" decoding=\"async\" class=\" wp-image-78280 aligncenter\" src=\"https:\/\/noticiasemdestaque.com\/cd\/wp-content\/uploads\/2026\/04\/WhatsApp-Image-2026-04-30-at-22.02.40-300x169.jpeg\" alt=\"\" width=\"902\" height=\"508\" srcset=\"https:\/\/noticiasemdestaque.com\/cd\/wp-content\/uploads\/2026\/04\/WhatsApp-Image-2026-04-30-at-22.02.40-300x169.jpeg 300w, https:\/\/noticiasemdestaque.com\/cd\/wp-content\/uploads\/2026\/04\/WhatsApp-Image-2026-04-30-at-22.02.40-1024x576.jpeg 1024w, https:\/\/noticiasemdestaque.com\/cd\/wp-content\/uploads\/2026\/04\/WhatsApp-Image-2026-04-30-at-22.02.40-768x432.jpeg 768w, https:\/\/noticiasemdestaque.com\/cd\/wp-content\/uploads\/2026\/04\/WhatsApp-Image-2026-04-30-at-22.02.40.jpeg 1280w\" sizes=\"(max-width: 902px) 100vw, 902px\" \/><\/a><\/p>\n<p>A C\u00e2mara de Vereadores de Sum\u00e9 esteve reunida na \u00faltima ter\u00e7a-feira (28), quando foram aprovados diversos requerimentos voltados ao bem-estar da popula\u00e7\u00e3o e ao desenvolvimento do munic\u00edpio.<\/p>\n<p>Durante a sess\u00e3o, o vereador Dami\u00e3o Rildo apresentou voto de aplauso ao senhor M\u00e1rio Delandy Diniz Holanda, conhecido como \u201cCordeirinho\u201d, pela iniciativa de fundar a Escolinha de Futebol \u201cEm Busca de Novos Talentos\u201d, criada em 18 de abril de 2026. A a\u00e7\u00e3o foi reconhecida como incentivo importante ao esporte e \u00e0 forma\u00e7\u00e3o de jovens.<\/p>\n<p><a href=\"https:\/\/noticiasemdestaque.com\/cd\/wp-content\/uploads\/2026\/04\/WhatsApp-Image-2026-04-30-at-22.02.42.jpeg\"><img decoding=\"async\" class=\" wp-image-78277 aligncenter\" src=\"https:\/\/noticiasemdestaque.com\/cd\/wp-content\/uploads\/2026\/04\/WhatsApp-Image-2026-04-30-at-22.02.42-300x270.jpeg\" alt=\"\" width=\"781\" height=\"703\" srcset=\"https:\/\/noticiasemdestaque.com\/cd\/wp-content\/uploads\/2026\/04\/WhatsApp-Image-2026-04-30-at-22.02.42-300x270.jpeg 300w, https:\/\/noticiasemdestaque.com\/cd\/wp-content\/uploads\/2026\/04\/WhatsApp-Image-2026-04-30-at-22.02.42-1024x920.jpeg 1024w, https:\/\/noticiasemdestaque.com\/cd\/wp-content\/uploads\/2026\/04\/WhatsApp-Image-2026-04-30-at-22.02.42-768x690.jpeg 768w, https:\/\/noticiasemdestaque.com\/cd\/wp-content\/uploads\/2026\/04\/WhatsApp-Image-2026-04-30-at-22.02.42.jpeg 1161w\" sizes=\"(max-width: 781px) 100vw, 781px\" \/><\/a><\/p>\n<p>J\u00e1 o vereador Fernando Louren\u00e7o apresentou requerimento sugerindo a constru\u00e7\u00e3o de uma pista de caminhada com arboriza\u00e7\u00e3o na Rua Luiz Grande. A proposta contempla o trecho que vai das proximidades do Mercadinho de Pinto at\u00e9 as imedia\u00e7\u00f5es da Palho\u00e7a do Papudo, visando melhorar a qualidade de vida da popula\u00e7\u00e3o e incentivar a pr\u00e1tica de atividades f\u00edsicas.<\/p>\n<p><a href=\"https:\/\/noticiasemdestaque.com\/cd\/wp-content\/uploads\/2026\/04\/WhatsApp-Image-2026-04-30-at-22.02.41-1.jpeg\"><img decoding=\"async\" class=\" wp-image-78278 aligncenter\" src=\"https:\/\/noticiasemdestaque.com\/cd\/wp-content\/uploads\/2026\/04\/WhatsApp-Image-2026-04-30-at-22.02.41-1-300x273.jpeg\" alt=\"\" width=\"889\" height=\"809\" srcset=\"https:\/\/noticiasemdestaque.com\/cd\/wp-content\/uploads\/2026\/04\/WhatsApp-Image-2026-04-30-at-22.02.41-1-300x273.jpeg 300w, https:\/\/noticiasemdestaque.com\/cd\/wp-content\/uploads\/2026\/04\/WhatsApp-Image-2026-04-30-at-22.02.41-1-768x699.jpeg 768w, https:\/\/noticiasemdestaque.com\/cd\/wp-content\/uploads\/2026\/04\/WhatsApp-Image-2026-04-30-at-22.02.41-1.jpeg 961w\" sizes=\"(max-width: 889px) 100vw, 889px\" \/><\/a><\/p>\n<p>O presidente da C\u00e2mara, vereador Jeffeson Menezes, tamb\u00e9m destacou a valoriza\u00e7\u00e3o da produ\u00e7\u00e3o local ao apresentar voto de aplauso \u00e0 AGUBEL \u2013 Associa\u00e7\u00e3o Gestora da Usina de Beneficiamento de L\u00e1cteos de Sum\u00e9\/PB. A entidade foi reconhecida pela conquista da medalha de ouro no Mundial do Queijo do Brasil, com o produto queijo de coalho de leite de cabra.<\/p>\n<p><a href=\"https:\/\/noticiasemdestaque.com\/cd\/wp-content\/uploads\/2026\/04\/WhatsApp-Image-2026-04-30-at-22.02.41.jpeg\"><img loading=\"lazy\" decoding=\"async\" class=\" wp-image-78279 aligncenter\" src=\"https:\/\/noticiasemdestaque.com\/cd\/wp-content\/uploads\/2026\/04\/WhatsApp-Image-2026-04-30-at-22.02.41-300x290.jpeg\" alt=\"\" width=\"643\" height=\"622\" srcset=\"https:\/\/noticiasemdestaque.com\/cd\/wp-content\/uploads\/2026\/04\/WhatsApp-Image-2026-04-30-at-22.02.41-300x290.jpeg 300w, https:\/\/noticiasemdestaque.com\/cd\/wp-content\/uploads\/2026\/04\/WhatsApp-Image-2026-04-30-at-22.02.41-1024x989.jpeg 1024w, https:\/\/noticiasemdestaque.com\/cd\/wp-content\/uploads\/2026\/04\/WhatsApp-Image-2026-04-30-at-22.02.41-768x742.jpeg 768w, https:\/\/noticiasemdestaque.com\/cd\/wp-content\/uploads\/2026\/04\/WhatsApp-Image-2026-04-30-at-22.02.41.jpeg 1044w\" sizes=\"(max-width: 643px) 100vw, 643px\" \/><\/a><\/p>\n<p>O reconhecimento evidencia a excel\u00eancia, o cuidado na produ\u00e7\u00e3o e o compromisso com a qualidade, projetando o munic\u00edpio de Sum\u00e9 e o estado da Para\u00edba no cen\u00e1rio nacional e internacional da produ\u00e7\u00e3o queijeira. A premia\u00e7\u00e3o refor\u00e7a ainda a import\u00e2ncia da valoriza\u00e7\u00e3o da produ\u00e7\u00e3o local, contribuindo para o fortalecimento da economia regional e a divulga\u00e7\u00e3o das potencialidades do semi\u00e1rido paraibano.<\/p>\n<p><strong>Noticias em Destaque<\/strong><\/p>\n<p style=\"text-align: right;\"><em>Fonte: Assessoria<\/em><\/p>\n","protected":false},"excerpt":{"rendered":"<p>A C\u00e2mara de Vereadores de Sum\u00e9 esteve reunida na \u00faltima ter\u00e7a-feira (28), quando foram aprovados diversos requerimentos voltados ao bem-estar da popula\u00e7\u00e3o e ao desenvolvimento do munic\u00edpio. Durante a sess\u00e3o, o vereador Dami\u00e3o Rildo apresentou voto de aplauso ao senhor M\u00e1rio Delandy Diniz Holanda, conhecido como \u201cCordeirinho\u201d, pela iniciativa de fundar a Escolinha de Futebol \u201cEm Busca de Novos Talentos\u201d, criada em 18 de abril de 2026. A a\u00e7\u00e3o foi reconhecida como incentivo importante ao esporte e \u00e0 forma\u00e7\u00e3o de jovens. J\u00e1 o vereador Fernando Louren\u00e7o apresentou requerimento sugerindo a constru\u00e7\u00e3o de uma pista de caminhada com arboriza\u00e7\u00e3o na Rua Luiz Grande. A proposta contempla o trecho que vai das proximidades do Mercadinho de Pinto at\u00e9 as imedia\u00e7\u00f5es da Palho\u00e7a do Papudo, visando melhorar a qualidade de vida da popula\u00e7\u00e3o e incentivar a pr\u00e1tica de atividades f\u00edsicas. O presidente da C\u00e2mara, vereador Jeffeson Menezes, tamb\u00e9m destacou a valoriza\u00e7\u00e3o da produ\u00e7\u00e3o local ao apresentar voto de aplauso \u00e0 AGUBEL \u2013 Associa\u00e7\u00e3o Gestora da Usina de Beneficiamento de L\u00e1cteos de Sum\u00e9\/PB. A entidade foi reconhecida pela conquista da medalha de ouro no Mundial do Queijo do Brasil, com o produto queijo de coalho de leite de cabra. O reconhecimento evidencia a excel\u00eancia, o cuidado na produ\u00e7\u00e3o e o compromisso com a qualidade, projetando o munic\u00edpio de Sum\u00e9 e o estado da Para\u00edba no cen\u00e1rio nacional e internacional da produ\u00e7\u00e3o queijeira. A premia\u00e7\u00e3o refor\u00e7a ainda a import\u00e2ncia da valoriza\u00e7\u00e3o da produ\u00e7\u00e3o local, contribuindo para o fortalecimento da economia regional e a divulga\u00e7\u00e3o das potencialidades do semi\u00e1rido paraibano. Noticias em Destaque Fonte: Assessoria<\/p>\n","protected":false},"author":2,"featured_media":78280,"comment_status":"closed","ping_status":"closed","sticky":false,"template":"","format":"standard","meta":{"_eb_attr":"","_jetpack_memberships_contains_paid_content":false,"footnotes":""},"categories":[4],"tags":[],"class_list":["post-78276","post","type-post","status-publish","format-standard","has-post-thumbnail","hentry","category-politica"],"yoast_head":"<!-- This site is optimized with the Yoast SEO plugin v26.5 - https:\/\/yoast.com\/wordpress\/plugins\/seo\/ -->\n<title>C\u00e2mara de Sum\u00e9 aprova requerimentos e debate a\u00e7\u00f5es em benef\u00edcio da popula\u00e7\u00e3o - Not&iacute;cias em Destaque<\/title>\n<meta name=\"robots\" content=\"index, follow, max-snippet:-1, max-image-preview:large, max-video-preview:-1\" \/>\n<link rel=\"canonical\" href=\"https:\/\/noticiasemdestaque.com\/cd\/?p=78276\" \/>\n<meta property=\"og:locale\" content=\"pt_BR\" \/>\n<meta property=\"og:type\" content=\"article\" \/>\n<meta property=\"og:title\" content=\"C\u00e2mara de Sum\u00e9 aprova requerimentos e debate a\u00e7\u00f5es em benef\u00edcio da popula\u00e7\u00e3o - Not&iacute;cias em Destaque\" \/>\n<meta property=\"og:description\" content=\"A C\u00e2mara de Vereadores de Sum\u00e9 esteve reunida na \u00faltima ter\u00e7a-feira (28), quando foram aprovados diversos requerimentos voltados ao bem-estar da popula\u00e7\u00e3o e ao desenvolvimento do munic\u00edpio. Durante a sess\u00e3o, o vereador Dami\u00e3o Rildo apresentou voto de aplauso ao senhor M\u00e1rio Delandy Diniz Holanda, conhecido como \u201cCordeirinho\u201d, pela iniciativa de fundar a Escolinha de Futebol \u201cEm Busca de Novos Talentos\u201d, criada em 18 de abril de 2026. A a\u00e7\u00e3o foi reconhecida como incentivo importante ao esporte e \u00e0 forma\u00e7\u00e3o de jovens. J\u00e1 o vereador Fernando Louren\u00e7o apresentou requerimento sugerindo a constru\u00e7\u00e3o de uma pista de caminhada com arboriza\u00e7\u00e3o na Rua Luiz Grande. A proposta contempla o trecho que vai das proximidades do Mercadinho de Pinto at\u00e9 as imedia\u00e7\u00f5es da Palho\u00e7a do Papudo, visando melhorar a qualidade de vida da popula\u00e7\u00e3o e incentivar a pr\u00e1tica de atividades f\u00edsicas. O presidente da C\u00e2mara, vereador Jeffeson Menezes, tamb\u00e9m destacou a valoriza\u00e7\u00e3o da produ\u00e7\u00e3o local ao apresentar voto de aplauso \u00e0 AGUBEL \u2013 Associa\u00e7\u00e3o Gestora da Usina de Beneficiamento de L\u00e1cteos de Sum\u00e9\/PB. A entidade foi reconhecida pela conquista da medalha de ouro no Mundial do Queijo do Brasil, com o produto queijo de coalho de leite de cabra. O reconhecimento evidencia a excel\u00eancia, o cuidado na produ\u00e7\u00e3o e o compromisso com a qualidade, projetando o munic\u00edpio de Sum\u00e9 e o estado da Para\u00edba no cen\u00e1rio nacional e internacional da produ\u00e7\u00e3o queijeira. A premia\u00e7\u00e3o refor\u00e7a ainda a import\u00e2ncia da valoriza\u00e7\u00e3o da produ\u00e7\u00e3o local, contribuindo para o fortalecimento da economia regional e a divulga\u00e7\u00e3o das potencialidades do semi\u00e1rido paraibano. Noticias em Destaque Fonte: Assessoria\" \/>\n<meta property=\"og:url\" content=\"https:\/\/noticiasemdestaque.com\/cd\/?p=78276\" \/>\n<meta property=\"og:site_name\" content=\"Not&iacute;cias em Destaque\" \/>\n<meta property=\"article:published_time\" content=\"2026-05-01T01:38:33+00:00\" \/>\n<meta property=\"og:image\" content=\"https:\/\/noticiasemdestaque.com\/cd\/wp-content\/uploads\/2026\/04\/WhatsApp-Image-2026-04-30-at-22.02.40.jpeg\" \/>\n\t<meta property=\"og:image:width\" content=\"1280\" \/>\n\t<meta property=\"og:image:height\" content=\"720\" \/>\n\t<meta property=\"og:image:type\" content=\"image\/jpeg\" \/>\n<meta name=\"author\" content=\"Not\u00edcias em Destaque\" \/>\n<meta name=\"twitter:card\" content=\"summary_large_image\" \/>\n<meta name=\"twitter:label1\" content=\"Escrito por\" \/>\n\t<meta name=\"twitter:data1\" content=\"Not\u00edcias em Destaque\" \/>\n\t<meta name=\"twitter:label2\" content=\"Est. tempo de leitura\" \/>\n\t<meta name=\"twitter:data2\" content=\"3 minutos\" \/>\n<script type=\"application\/ld+json\" class=\"yoast-schema-graph\">{\"@context\":\"https:\/\/schema.org\",\"@graph\":[{\"@type\":\"Article\",\"@id\":\"https:\/\/noticiasemdestaque.com\/cd\/?p=78276#article\",\"isPartOf\":{\"@id\":\"https:\/\/noticiasemdestaque.com\/cd\/?p=78276\"},\"author\":{\"name\":\"Not\u00edcias em Destaque\",\"@id\":\"https:\/\/noticiasemdestaque.com\/cd\/#\/schema\/person\/6ae9188aebb8de746b8e0d472d029646\"},\"headline\":\"C\u00e2mara de Sum\u00e9 aprova requerimentos e debate a\u00e7\u00f5es em benef\u00edcio da popula\u00e7\u00e3o\",\"datePublished\":\"2026-05-01T01:38:33+00:00\",\"mainEntityOfPage\":{\"@id\":\"https:\/\/noticiasemdestaque.com\/cd\/?p=78276\"},\"wordCount\":306,\"publisher\":{\"@id\":\"https:\/\/noticiasemdestaque.com\/cd\/#organization\"},\"image\":{\"@id\":\"https:\/\/noticiasemdestaque.com\/cd\/?p=78276#primaryimage\"},\"thumbnailUrl\":\"https:\/\/noticiasemdestaque.com\/cd\/wp-content\/uploads\/2026\/04\/WhatsApp-Image-2026-04-30-at-22.02.40.jpeg\",\"articleSection\":[\"Pol\u00edtica\"],\"inLanguage\":\"pt-BR\"},{\"@type\":\"WebPage\",\"@id\":\"https:\/\/noticiasemdestaque.com\/cd\/?p=78276\",\"url\":\"https:\/\/noticiasemdestaque.com\/cd\/?p=78276\",\"name\":\"C\u00e2mara de Sum\u00e9 aprova requerimentos e debate a\u00e7\u00f5es em benef\u00edcio da popula\u00e7\u00e3o - Not&iacute;cias em Destaque\",\"isPartOf\":{\"@id\":\"https:\/\/noticiasemdestaque.com\/cd\/#website\"},\"primaryImageOfPage\":{\"@id\":\"https:\/\/noticiasemdestaque.com\/cd\/?p=78276#primaryimage\"},\"image\":{\"@id\":\"https:\/\/noticiasemdestaque.com\/cd\/?p=78276#primaryimage\"},\"thumbnailUrl\":\"https:\/\/noticiasemdestaque.com\/cd\/wp-content\/uploads\/2026\/04\/WhatsApp-Image-2026-04-30-at-22.02.40.jpeg\",\"datePublished\":\"2026-05-01T01:38:33+00:00\",\"breadcrumb\":{\"@id\":\"https:\/\/noticiasemdestaque.com\/cd\/?p=78276#breadcrumb\"},\"inLanguage\":\"pt-BR\",\"potentialAction\":[{\"@type\":\"ReadAction\",\"target\":[\"https:\/\/noticiasemdestaque.com\/cd\/?p=78276\"]}]},{\"@type\":\"ImageObject\",\"inLanguage\":\"pt-BR\",\"@id\":\"https:\/\/noticiasemdestaque.com\/cd\/?p=78276#primaryimage\",\"url\":\"https:\/\/noticiasemdestaque.com\/cd\/wp-content\/uploads\/2026\/04\/WhatsApp-Image-2026-04-30-at-22.02.40.jpeg\",\"contentUrl\":\"https:\/\/noticiasemdestaque.com\/cd\/wp-content\/uploads\/2026\/04\/WhatsApp-Image-2026-04-30-at-22.02.40.jpeg\",\"width\":1280,\"height\":720},{\"@type\":\"BreadcrumbList\",\"@id\":\"https:\/\/noticiasemdestaque.com\/cd\/?p=78276#breadcrumb\",\"itemListElement\":[{\"@type\":\"ListItem\",\"position\":1,\"name\":\"In\u00edcio\",\"item\":\"https:\/\/noticiasemdestaque.com\/cd\/\"},{\"@type\":\"ListItem\",\"position\":2,\"name\":\"C\u00e2mara de Sum\u00e9 aprova requerimentos e debate a\u00e7\u00f5es em benef\u00edcio da popula\u00e7\u00e3o\"}]},{\"@type\":\"WebSite\",\"@id\":\"https:\/\/noticiasemdestaque.com\/cd\/#website\",\"url\":\"https:\/\/noticiasemdestaque.com\/cd\/\",\"name\":\"Not&iacute;cias em Destaque\",\"description\":\"\",\"publisher\":{\"@id\":\"https:\/\/noticiasemdestaque.com\/cd\/#organization\"},\"potentialAction\":[{\"@type\":\"SearchAction\",\"target\":{\"@type\":\"EntryPoint\",\"urlTemplate\":\"https:\/\/noticiasemdestaque.com\/cd\/?s={search_term_string}\"},\"query-input\":{\"@type\":\"PropertyValueSpecification\",\"valueRequired\":true,\"valueName\":\"search_term_string\"}}],\"inLanguage\":\"pt-BR\"},{\"@type\":\"Organization\",\"@id\":\"https:\/\/noticiasemdestaque.com\/cd\/#organization\",\"name\":\"Not\u00edcias em Destaque\",\"url\":\"https:\/\/noticiasemdestaque.com\/cd\/\",\"logo\":{\"@type\":\"ImageObject\",\"inLanguage\":\"pt-BR\",\"@id\":\"https:\/\/noticiasemdestaque.com\/cd\/#\/schema\/logo\/image\/\",\"url\":\"https:\/\/noticiasemdestaque.com\/cd\/wp-content\/uploads\/2022\/05\/imagem-base-noticiasemdestaque.png\",\"contentUrl\":\"https:\/\/noticiasemdestaque.com\/cd\/wp-content\/uploads\/2022\/05\/imagem-base-noticiasemdestaque.png\",\"width\":1200,\"height\":630,\"caption\":\"Not\u00edcias em Destaque\"},\"image\":{\"@id\":\"https:\/\/noticiasemdestaque.com\/cd\/#\/schema\/logo\/image\/\"}},{\"@type\":\"Person\",\"@id\":\"https:\/\/noticiasemdestaque.com\/cd\/#\/schema\/person\/6ae9188aebb8de746b8e0d472d029646\",\"name\":\"Not\u00edcias em Destaque\",\"url\":\"https:\/\/noticiasemdestaque.com\/cd\/?author=2\"}]}<\/script>\n<!-- \/ Yoast SEO plugin. -->","yoast_head_json":{"title":"C\u00e2mara de Sum\u00e9 aprova requerimentos e debate a\u00e7\u00f5es em benef\u00edcio da popula\u00e7\u00e3o - Not&iacute;cias em Destaque","robots":{"index":"index","follow":"follow","max-snippet":"max-snippet:-1","max-image-preview":"max-image-preview:large","max-video-preview":"max-video-preview:-1"},"canonical":"https:\/\/noticiasemdestaque.com\/cd\/?p=78276","og_locale":"pt_BR","og_type":"article","og_title":"C\u00e2mara de Sum\u00e9 aprova requerimentos e debate a\u00e7\u00f5es em benef\u00edcio da popula\u00e7\u00e3o - Not&iacute;cias em Destaque","og_description":"A C\u00e2mara de Vereadores de Sum\u00e9 esteve reunida na \u00faltima ter\u00e7a-feira (28), quando foram aprovados diversos requerimentos voltados ao bem-estar da popula\u00e7\u00e3o e ao desenvolvimento do munic\u00edpio. Durante a sess\u00e3o, o vereador Dami\u00e3o Rildo apresentou voto de aplauso ao senhor M\u00e1rio Delandy Diniz Holanda, conhecido como \u201cCordeirinho\u201d, pela iniciativa de fundar a Escolinha de Futebol \u201cEm Busca de Novos Talentos\u201d, criada em 18 de abril de 2026. A a\u00e7\u00e3o foi reconhecida como incentivo importante ao esporte e \u00e0 forma\u00e7\u00e3o de jovens. J\u00e1 o vereador Fernando Louren\u00e7o apresentou requerimento sugerindo a constru\u00e7\u00e3o de uma pista de caminhada com arboriza\u00e7\u00e3o na Rua Luiz Grande. A proposta contempla o trecho que vai das proximidades do Mercadinho de Pinto at\u00e9 as imedia\u00e7\u00f5es da Palho\u00e7a do Papudo, visando melhorar a qualidade de vida da popula\u00e7\u00e3o e incentivar a pr\u00e1tica de atividades f\u00edsicas. O presidente da C\u00e2mara, vereador Jeffeson Menezes, tamb\u00e9m destacou a valoriza\u00e7\u00e3o da produ\u00e7\u00e3o local ao apresentar voto de aplauso \u00e0 AGUBEL \u2013 Associa\u00e7\u00e3o Gestora da Usina de Beneficiamento de L\u00e1cteos de Sum\u00e9\/PB. A entidade foi reconhecida pela conquista da medalha de ouro no Mundial do Queijo do Brasil, com o produto queijo de coalho de leite de cabra. O reconhecimento evidencia a excel\u00eancia, o cuidado na produ\u00e7\u00e3o e o compromisso com a qualidade, projetando o munic\u00edpio de Sum\u00e9 e o estado da Para\u00edba no cen\u00e1rio nacional e internacional da produ\u00e7\u00e3o queijeira. A premia\u00e7\u00e3o refor\u00e7a ainda a import\u00e2ncia da valoriza\u00e7\u00e3o da produ\u00e7\u00e3o local, contribuindo para o fortalecimento da economia regional e a divulga\u00e7\u00e3o das potencialidades do semi\u00e1rido paraibano. Noticias em Destaque Fonte: Assessoria","og_url":"https:\/\/noticiasemdestaque.com\/cd\/?p=78276","og_site_name":"Not&iacute;cias em Destaque","article_published_time":"2026-05-01T01:38:33+00:00","og_image":[{"width":1280,"height":720,"url":"https:\/\/noticiasemdestaque.com\/cd\/wp-content\/uploads\/2026\/04\/WhatsApp-Image-2026-04-30-at-22.02.40.jpeg","type":"image\/jpeg"}],"author":"Not\u00edcias em Destaque","twitter_card":"summary_large_image","twitter_misc":{"Escrito por":"Not\u00edcias em Destaque","Est. tempo de leitura":"3 minutos"},"schema":{"@context":"https:\/\/schema.org","@graph":[{"@type":"Article","@id":"https:\/\/noticiasemdestaque.com\/cd\/?p=78276#article","isPartOf":{"@id":"https:\/\/noticiasemdestaque.com\/cd\/?p=78276"},"author":{"name":"Not\u00edcias em Destaque","@id":"https:\/\/noticiasemdestaque.com\/cd\/#\/schema\/person\/6ae9188aebb8de746b8e0d472d029646"},"headline":"C\u00e2mara de Sum\u00e9 aprova requerimentos e debate a\u00e7\u00f5es em benef\u00edcio da popula\u00e7\u00e3o","datePublished":"2026-05-01T01:38:33+00:00","mainEntityOfPage":{"@id":"https:\/\/noticiasemdestaque.com\/cd\/?p=78276"},"wordCount":306,"publisher":{"@id":"https:\/\/noticiasemdestaque.com\/cd\/#organization"},"image":{"@id":"https:\/\/noticiasemdestaque.com\/cd\/?p=78276#primaryimage"},"thumbnailUrl":"https:\/\/noticiasemdestaque.com\/cd\/wp-content\/uploads\/2026\/04\/WhatsApp-Image-2026-04-30-at-22.02.40.jpeg","articleSection":["Pol\u00edtica"],"inLanguage":"pt-BR"},{"@type":"WebPage","@id":"https:\/\/noticiasemdestaque.com\/cd\/?p=78276","url":"https:\/\/noticiasemdestaque.com\/cd\/?p=78276","name":"C\u00e2mara de Sum\u00e9 aprova requerimentos e debate a\u00e7\u00f5es em benef\u00edcio da popula\u00e7\u00e3o - Not&iacute;cias em Destaque","isPartOf":{"@id":"https:\/\/noticiasemdestaque.com\/cd\/#website"},"primaryImageOfPage":{"@id":"https:\/\/noticiasemdestaque.com\/cd\/?p=78276#primaryimage"},"image":{"@id":"https:\/\/noticiasemdestaque.com\/cd\/?p=78276#primaryimage"},"thumbnailUrl":"https:\/\/noticiasemdestaque.com\/cd\/wp-content\/uploads\/2026\/04\/WhatsApp-Image-2026-04-30-at-22.02.40.jpeg","datePublished":"2026-05-01T01:38:33+00:00","breadcrumb":{"@id":"https:\/\/noticiasemdestaque.com\/cd\/?p=78276#breadcrumb"},"inLanguage":"pt-BR","potentialAction":[{"@type":"ReadAction","target":["https:\/\/noticiasemdestaque.com\/cd\/?p=78276"]}]},{"@type":"ImageObject","inLanguage":"pt-BR","@id":"https:\/\/noticiasemdestaque.com\/cd\/?p=78276#primaryimage","url":"https:\/\/noticiasemdestaque.com\/cd\/wp-content\/uploads\/2026\/04\/WhatsApp-Image-2026-04-30-at-22.02.40.jpeg","contentUrl":"https:\/\/noticiasemdestaque.com\/cd\/wp-content\/uploads\/2026\/04\/WhatsApp-Image-2026-04-30-at-22.02.40.jpeg","width":1280,"height":720},{"@type":"BreadcrumbList","@id":"https:\/\/noticiasemdestaque.com\/cd\/?p=78276#breadcrumb","itemListElement":[{"@type":"ListItem","position":1,"name":"In\u00edcio","item":"https:\/\/noticiasemdestaque.com\/cd\/"},{"@type":"ListItem","position":2,"name":"C\u00e2mara de Sum\u00e9 aprova requerimentos e debate a\u00e7\u00f5es em benef\u00edcio da popula\u00e7\u00e3o"}]},{"@type":"WebSite","@id":"https:\/\/noticiasemdestaque.com\/cd\/#website","url":"https:\/\/noticiasemdestaque.com\/cd\/","name":"Not&iacute;cias em Destaque","description":"","publisher":{"@id":"https:\/\/noticiasemdestaque.com\/cd\/#organization"},"potentialAction":[{"@type":"SearchAction","target":{"@type":"EntryPoint","urlTemplate":"https:\/\/noticiasemdestaque.com\/cd\/?s={search_term_string}"},"query-input":{"@type":"PropertyValueSpecification","valueRequired":true,"valueName":"search_term_string"}}],"inLanguage":"pt-BR"},{"@type":"Organization","@id":"https:\/\/noticiasemdestaque.com\/cd\/#organization","name":"Not\u00edcias em Destaque","url":"https:\/\/noticiasemdestaque.com\/cd\/","logo":{"@type":"ImageObject","inLanguage":"pt-BR","@id":"https:\/\/noticiasemdestaque.com\/cd\/#\/schema\/logo\/image\/","url":"https:\/\/noticiasemdestaque.com\/cd\/wp-content\/uploads\/2022\/05\/imagem-base-noticiasemdestaque.png","contentUrl":"https:\/\/noticiasemdestaque.com\/cd\/wp-content\/uploads\/2022\/05\/imagem-base-noticiasemdestaque.png","width":1200,"height":630,"caption":"Not\u00edcias em Destaque"},"image":{"@id":"https:\/\/noticiasemdestaque.com\/cd\/#\/schema\/logo\/image\/"}},{"@type":"Person","@id":"https:\/\/noticiasemdestaque.com\/cd\/#\/schema\/person\/6ae9188aebb8de746b8e0d472d029646","name":"Not\u00edcias em Destaque","url":"https:\/\/noticiasemdestaque.com\/cd\/?author=2"}]}},"jetpack_featured_media_url":"https:\/\/noticiasemdestaque.com\/cd\/wp-content\/uploads\/2026\/04\/WhatsApp-Image-2026-04-30-at-22.02.40.jpeg","jetpack_sharing_enabled":true,"_links":{"self":[{"href":"https:\/\/noticiasemdestaque.com\/cd\/index.php?rest_route=\/wp\/v2\/posts\/78276","targetHints":{"allow":["GET"]}}],"collection":[{"href":"https:\/\/noticiasemdestaque.com\/cd\/index.php?rest_route=\/wp\/v2\/posts"}],"about":[{"href":"https:\/\/noticiasemdestaque.com\/cd\/index.php?rest_route=\/wp\/v2\/types\/post"}],"author":[{"embeddable":true,"href":"https:\/\/noticiasemdestaque.com\/cd\/index.php?rest_route=\/wp\/v2\/users\/2"}],"replies":[{"embeddable":true,"href":"https:\/\/noticiasemdestaque.com\/cd\/index.php?rest_route=%2Fwp%2Fv2%2Fcomments&post=78276"}],"version-history":[{"count":1,"href":"https:\/\/noticiasemdestaque.com\/cd\/index.php?rest_route=\/wp\/v2\/posts\/78276\/revisions"}],"predecessor-version":[{"id":78281,"href":"https:\/\/noticiasemdestaque.com\/cd\/index.php?rest_route=\/wp\/v2\/posts\/78276\/revisions\/78281"}],"wp:featuredmedia":[{"embeddable":true,"href":"https:\/\/noticiasemdestaque.com\/cd\/index.php?rest_route=\/wp\/v2\/media\/78280"}],"wp:attachment":[{"href":"https:\/\/noticiasemdestaque.com\/cd\/index.php?rest_route=%2Fwp%2Fv2%2Fmedia&parent=78276"}],"wp:term":[{"taxonomy":"category","embeddable":true,"href":"https:\/\/noticiasemdestaque.com\/cd\/index.php?rest_route=%2Fwp%2Fv2%2Fcategories&post=78276"},{"taxonomy":"post_tag","embeddable":true,"href":"https:\/\/noticiasemdestaque.com\/cd\/index.php?rest_route=%2Fwp%2Fv2%2Ftags&post=78276"}],"curies":[{"name":"wp","href":"https:\/\/api.w.org\/{rel}","templated":true}]}}