{"id":78255,"date":"2026-04-30T10:45:42","date_gmt":"2026-04-30T13:45:42","guid":{"rendered":"https:\/\/noticiasemdestaque.com\/cd\/?p=78255"},"modified":"2026-04-30T10:45:42","modified_gmt":"2026-04-30T13:45:42","slug":"mae-e-intubada-apos-filho-colocar-fogo-na-propria-moto-durante-fiscalizacao-da-pm-no-es","status":"publish","type":"post","link":"https:\/\/noticiasemdestaque.com\/cd\/?p=78255","title":{"rendered":"M\u00e3e \u00e9 intubada ap\u00f3s filho colocar fogo na pr\u00f3pria moto durante fiscaliza\u00e7\u00e3o da PM no ES"},"content":{"rendered":"<div id=\"chunk-5u2j8\">\n<div class=\"mc-column content-text active-extra-styles \" data-block-type=\"unstyled\" data-block-weight=\"51\" data-block-id=\"3\">\n<p data-track-category=\"Link no Texto\" data-track-links=\"\" data-mrf-recirculation=\"Mat\u00e9ria - Links no Texto\"><a href=\"https:\/\/noticiasemdestaque.com\/cd\/wp-content\/uploads\/2026\/04\/whatsapp-video-2026-04-28-at-17.24.44.mp4-snapshot-00.41.632.avif\"><img fetchpriority=\"high\" decoding=\"async\" class=\" wp-image-78256 aligncenter\" src=\"https:\/\/noticiasemdestaque.com\/cd\/wp-content\/uploads\/2026\/04\/whatsapp-video-2026-04-28-at-17.24.44.mp4-snapshot-00.41.632-300x169.avif\" alt=\"\" width=\"882\" height=\"497\" srcset=\"https:\/\/noticiasemdestaque.com\/cd\/wp-content\/uploads\/2026\/04\/whatsapp-video-2026-04-28-at-17.24.44.mp4-snapshot-00.41.632-300x169.avif 300w, https:\/\/noticiasemdestaque.com\/cd\/wp-content\/uploads\/2026\/04\/whatsapp-video-2026-04-28-at-17.24.44.mp4-snapshot-00.41.632-768x432.avif 768w, https:\/\/noticiasemdestaque.com\/cd\/wp-content\/uploads\/2026\/04\/whatsapp-video-2026-04-28-at-17.24.44.mp4-snapshot-00.41.632.avif 984w\" sizes=\"(max-width: 882px) 100vw, 882px\" \/><\/a><\/p>\n<p class=\" content-text__container \" data-track-category=\"Link no Texto\" data-track-links=\"\" data-mrf-recirculation=\"Mat\u00e9ria - Links no Texto\">A m\u00e3e do\u00a0<a class=\"\" href=\"https:\/\/g1.globo.com\/es\/espirito-santo\/sul-es\/noticia\/2026\/04\/29\/video-homem-ateia-fogo-na-propria-moto-durante-fiscalizacao-da-pm-no-es.ghtml\" data-mrf-link=\"https:\/\/g1.globo.com\/es\/espirito-santo\/sul-es\/noticia\/2026\/04\/29\/video-homem-ateia-fogo-na-propria-moto-durante-fiscalizacao-da-pm-no-es.ghtml\">homem que incendiou a pr\u00f3pria moto<\/a>\u00a0durante uma abordagem da Pol\u00edcia Militar, em\u00a0<a class=\"\" href=\"https:\/\/g1.globo.com\/es\/espirito-santo\/cidade\/domingos-martins\/\" data-mrf-link=\"https:\/\/g1.globo.com\/es\/espirito-santo\/cidade\/domingos-martins\/\">Domingos Martins<\/a>, Regi\u00e3o Serrana do Esp\u00edrito Santo, precisou ser intubada devido \u00e0 gravidade dos ferimentos. Ela sofreu queimaduras graves no rosto e nos bra\u00e7os ao tentar impedir o filho de jogar gasolina no ve\u00edculo.<\/p>\n<\/div>\n<\/div>\n<div class=\"wall protected-content\">\n<div id=\"chunk-4s907\">\n<div class=\"mc-column content-text active-extra-styles \" data-block-type=\"unstyled\" data-block-weight=\"34\" data-block-id=\"5\">\n<p class=\" content-text__container \" data-track-category=\"Link no Texto\" data-track-links=\"\" data-mrf-recirculation=\"Mat\u00e9ria - Links no Texto\">A mulher, cuja identidade n\u00e3o foi divulgada, chegou a cair no ch\u00e3o ao ser atingida pelas chamas, como mostram as imagens\u00a0<strong>(assista acima).<\/strong> O caso aconteceu na ter\u00e7a-feira (28), no distrito de Melga\u00e7o.<\/p>\n<\/div>\n<\/div>\n<div id=\"chunk-6akdp\">\n<div class=\"mc-column content-text active-extra-styles \" data-block-type=\"unstyled\" data-block-weight=\"30\" data-block-id=\"7\">\n<p class=\" content-text__container \" data-track-category=\"Link no Texto\" data-track-links=\"\" data-mrf-recirculation=\"Mat\u00e9ria - Links no Texto\">J\u00e1 o rapaz, identificado como Weverton Pereira Oliveira, 33 anos, foi\u00a0<strong>autuado por tentativa de homic\u00eddio com emprego de fogo<\/strong>, al\u00e9m dos crimes de inc\u00eandio e resist\u00eancia \u00e0 a\u00e7\u00e3o policial.<\/p>\n<\/div>\n<\/div>\n<div id=\"chunk-72d9d\">\n<div class=\"mc-column content-text active-extra-styles \" data-block-type=\"unstyled\" data-block-weight=\"40\" data-block-id=\"9\">\n<p class=\" content-text__container \" data-track-category=\"Link no Texto\" data-track-links=\"\" data-mrf-recirculation=\"Mat\u00e9ria - Links no Texto\">O homem tamb\u00e9m sofreu queimaduras nos bra\u00e7os. Os dois foram socorridos, sendo a m\u00e3e com mais gravidade. O estado de sa\u00fade dele n\u00e3o foi divulgado com detalhes. A situa\u00e7\u00e3o da m\u00e3e foi apurada pelo\u00a0<a class=\"\" href=\"http:\/\/www.g1.com.br\/es\" target=\"_blank\" rel=\"noopener\" data-mrf-link=\"http:\/\/www.g1.com.br\/es\"><strong>g1<\/strong><\/a>\u00a0na noite desta quarta.<\/p>\n<\/div>\n<\/div>\n<div id=\"chunk-3r521\">\n<div class=\"mc-column content-text active-extra-styles \" data-block-type=\"unstyled\" data-block-weight=\"31\" data-block-id=\"10\">\n<p class=\" content-text__container \" data-track-category=\"Link no Texto\" data-track-links=\"\" data-mrf-recirculation=\"Mat\u00e9ria - Links no Texto\">De acordo com a Pol\u00edcia Militar, o caso aconteceu na ES-368, em frente ao Destacamento da Pol\u00edcia Militar (DPM). O motociclista foi abordado porque a\u00a0<strong>moto estava sem placa<\/strong>\u00a0de identifica\u00e7\u00e3o.<\/p>\n<\/div>\n<\/div>\n<div id=\"chunk-424qt\">\n<div class=\"mc-column content-text active-extra-styles \" data-block-type=\"unstyled\" data-block-weight=\"35\" data-block-id=\"11\">\n<p class=\" content-text__container \" data-track-category=\"Link no Texto\" data-track-links=\"\" data-mrf-recirculation=\"Mat\u00e9ria - Links no Texto\">Ap\u00f3s ser informado das medidas administrativas e da reten\u00e7\u00e3o do ve\u00edculo, o condutor deixou o local e retornou com a placa, mas ela apresentava avarias nos pontos de fixa\u00e7\u00e3o. Ele criticou a abordagem dos policiais.<\/p>\n<\/div>\n<\/div>\n<div id=\"chunk-dseo6\">\n<div class=\"row medium-uncollapsed content-media content-photo\" data-block-type=\"backstage-photo\" data-block-id=\"12\">\n<div class=\" mc-column  content-media__container\">\n<p class=\"content-media__description  \">Homem ateou fogo na pr\u00f3pria moto durante fiscaliza\u00e7\u00e3o de tr\u00e2nsito em Domingos Martins, na Regi\u00e3o Serrana do Esp\u00edrito Santo \u2014 Foto: Reprodu\u00e7\u00e3o\/Rede social<\/p>\n<\/div>\n<\/div>\n<\/div>\n<div id=\"chunk-4lito\">\n<div class=\"mc-column content-text active-extra-styles \" data-block-type=\"unstyled\" data-block-weight=\"28\" data-block-id=\"16\">\n<p class=\" content-text__container \" data-track-category=\"Link no Texto\" data-track-links=\"\" data-mrf-recirculation=\"Mat\u00e9ria - Links no Texto\">Ainda segundo a PM, ao perceber que n\u00e3o conseguiria regularizar a situa\u00e7\u00e3o, ele se afastou novamente, entrou em um carro e saiu com um gal\u00e3o de gasolina.<\/p>\n<\/div>\n<\/div>\n<div id=\"chunk-c3sp4\">\n<div class=\"mc-column content-text active-extra-styles \" data-block-type=\"unstyled\" data-block-weight=\"31\" data-block-id=\"17\">\n<p class=\" content-text__container \" data-track-category=\"Link no Texto\" data-track-links=\"\" data-mrf-recirculation=\"Mat\u00e9ria - Links no Texto\">Os policiais deram ordens para que o homem soltasse o recipiente, chegaram a apontar a arma para ele e para o alto, mas o suspeito avan\u00e7ou em dire\u00e7\u00e3o \u00e0 moto.<\/p>\n<\/div>\n<\/div>\n<div id=\"chunk-23cha\">\n<div class=\"mc-column content-text active-extra-styles \" data-block-type=\"unstyled\" data-block-weight=\"37\" data-block-id=\"18\">\n<p class=\" content-text__container \" data-track-category=\"Link no Texto\" data-track-links=\"\" data-mrf-recirculation=\"Mat\u00e9ria - Links no Texto\">As imagens mostram que a m\u00e3e tentou impedir a a\u00e7\u00e3o, mas n\u00e3o conseguiu evitar que o homem despejasse o combust\u00edvel e ateasse fogo no ve\u00edculo. A mulher foi atingida pelas chamas e chegou a cair no ch\u00e3o.<\/p>\n<\/div>\n<\/div>\n<div id=\"chunk-fnmg1\">\n<div class=\"mc-column content-text active-extra-styles \" data-block-type=\"unstyled\" data-block-weight=\"40\" data-block-id=\"19\">\n<p class=\" content-text__container \" data-track-category=\"Link no Texto\" data-track-links=\"\" data-mrf-recirculation=\"Mat\u00e9ria - Links no Texto\">Os policiais afastam a viatura das chamas e depois voltam para prender o suspeito, que resistiu. Familiares tentaram interferir na a\u00e7\u00e3o policial e os militares utilizaram spray de pimenta para conter o homem. Imagens feitas por vizinhos registraram esse momento.<\/p>\n<\/div>\n<\/div>\n<div id=\"chunk-3vr4p\">\n<div class=\"row medium-uncollapsed content-media content-photo\" data-block-type=\"backstage-photo\" data-block-id=\"20\">\n<div class=\" mc-column  content-media__container\">\n<div class=\"content-media-container glb-skeleton-box\">\n<figure class=\"content-media-figure\"><img decoding=\"async\" class=\"i-amphtml-fill-content i-amphtml-replaced-content aligncenter\" src=\"https:\/\/s2-g1.glbimg.com\/j0Oco2bd4cmXgAblmtNET45xaVE=\/0x0:1920x1080\/984x0\/smart\/filters:strip_icc()\/i.s3.glbimg.com\/v1\/AUTH_59edd422c0c84a879bd37670ae4f538a\/internal_photos\/bs\/2026\/x\/S\/UCz6jtSYGlplesKj2e9w\/whatsapp-video-2026-04-28-at-17.24.44.mp4-snapshot-00.34.737.jpg\" sizes=\"(max-width: 1875px) 648px, 100vw\" srcset=\"https:\/\/s2-g1.glbimg.com\/GFzgkGJ9bulSpN2_7P6LJ-HYKAY=\/0x0:1920x1080\/1000x0\/smart\/filters:strip_icc()\/i.s3.glbimg.com\/v1\/AUTH_59edd422c0c84a879bd37670ae4f538a\/internal_photos\/bs\/2026\/x\/S\/UCz6jtSYGlplesKj2e9w\/whatsapp-video-2026-04-28-at-17.24.44.mp4-snapshot-00.34.737.jpg 1000w, https:\/\/s2-g1.glbimg.com\/j0Oco2bd4cmXgAblmtNET45xaVE=\/0x0:1920x1080\/984x0\/smart\/filters:strip_icc()\/i.s3.glbimg.com\/v1\/AUTH_59edd422c0c84a879bd37670ae4f538a\/internal_photos\/bs\/2026\/x\/S\/UCz6jtSYGlplesKj2e9w\/whatsapp-video-2026-04-28-at-17.24.44.mp4-snapshot-00.34.737.jpg 984w, https:\/\/s2-g1.glbimg.com\/oqpy5ePeVTyMAlXAeF32tOPjvBI=\/0x0:1920x1080\/640x0\/smart\/filters:strip_icc()\/i.s3.glbimg.com\/v1\/AUTH_59edd422c0c84a879bd37670ae4f538a\/internal_photos\/bs\/2026\/x\/S\/UCz6jtSYGlplesKj2e9w\/whatsapp-video-2026-04-28-at-17.24.44.mp4-snapshot-00.34.737.jpg 640w, https:\/\/s2-g1.glbimg.com\/cbdRWN2aQEQBN-_diQRKKax0EMM=\/0x0:1920x1080\/600x0\/smart\/filters:strip_icc()\/i.s3.glbimg.com\/v1\/AUTH_59edd422c0c84a879bd37670ae4f538a\/internal_photos\/bs\/2026\/x\/S\/UCz6jtSYGlplesKj2e9w\/whatsapp-video-2026-04-28-at-17.24.44.mp4-snapshot-00.34.737.jpg 600w\" alt=\"Homem ateou fogo na pr\u00f3pria moto durante fiscaliza\u00e7\u00e3o de tr\u00e2nsito em Domingos Martins, na Regi\u00e3o Serrana do Esp\u00edrito Santo \u2014 Foto: Reprodu\u00e7\u00e3o\/Rede social\" \/><\/figure>\n<\/div>\n<p class=\"content-media__description  \">Homem ateou fogo na pr\u00f3pria moto durante fiscaliza\u00e7\u00e3o de tr\u00e2nsito em Domingos Martins, na Regi\u00e3o Serrana do Esp\u00edrito Santo \u2014 Foto: Reprodu\u00e7\u00e3o\/Rede social<\/p>\n<\/div>\n<\/div>\n<\/div>\n<div id=\"chunk-cnt6c\">\n<div class=\"mc-column content-text active-extra-styles \" data-block-type=\"unstyled\" data-block-weight=\"18\" data-block-id=\"22\">\n<p class=\" content-text__container \" data-track-category=\"Link no Texto\" data-track-links=\"\" data-mrf-recirculation=\"Mat\u00e9ria - Links no Texto\">O motociclista chegou a ser colocado na viatura, mas os policiais perceberam que ele tamb\u00e9m havia sofrido queimaduras.<\/p>\n<\/div>\n<\/div>\n<div id=\"chunk-ddgig\">\n<div class=\"mc-column content-text active-extra-styles \" data-block-type=\"unstyled\" data-block-weight=\"35\" data-block-id=\"23\">\n<p class=\" content-text__container \" data-track-category=\"Link no Texto\" data-track-links=\"\" data-mrf-recirculation=\"Mat\u00e9ria - Links no Texto\">O Servi\u00e7o de Atendimento M\u00f3vel de Urg\u00eancia (Samu) foi acionado, e m\u00e3e e filho foram encaminhados para o Hospital Jayme dos Santos Neves, na Serra, na Grande Vit\u00f3ria, refer\u00eancia no atendimento a queimados no estado.<\/p>\n<\/div>\n<\/div>\n<div id=\"chunk-beas2\">\n<div class=\"mc-column content-text active-extra-styles \" data-block-type=\"unstyled\" data-block-weight=\"34\" data-block-id=\"24\">\n<p class=\" content-text__container \" data-track-category=\"Link no Texto\" data-track-links=\"\" data-mrf-recirculation=\"Mat\u00e9ria - Links no Texto\">A motocicleta foi recolhida. De acordo com a Pol\u00edcia Civil, o caso foi registrado na Delegacia Regional de Venda Nova do Imigrante. O suspeito ser\u00e1 encaminhado ao sistema prisional assim que receber alta m\u00e9dica.<\/p>\n<\/div>\n<\/div>\n<div id=\"chunk-4tfj4\">\n<div class=\"row medium-uncollapsed content-media content-photo\" data-block-type=\"backstage-photo\" data-block-id=\"25\">\n<div class=\" mc-column  content-media__container\">\n<div class=\"content-media-container glb-skeleton-box\">\n<figure class=\"content-media-figure\"><img decoding=\"async\" class=\"i-amphtml-fill-content i-amphtml-replaced-content aligncenter\" src=\"https:\/\/s2-g1.glbimg.com\/Ed3Tp1LHi9QEsQxWVuEReJDOV74=\/0x0:1920x1080\/984x0\/smart\/filters:strip_icc()\/i.s3.glbimg.com\/v1\/AUTH_59edd422c0c84a879bd37670ae4f538a\/internal_photos\/bs\/2026\/l\/H\/l8ORTsSIm6oqfNaCgYjA\/thumb-fotos-2026-04-29t071822.526.jpg\" sizes=\"(max-width: 1875px) 648px, 100vw\" srcset=\"https:\/\/s2-g1.glbimg.com\/UoT9PfsKJV2VzzhqLCrXa9JTk_4=\/0x0:1920x1080\/1000x0\/smart\/filters:strip_icc()\/i.s3.glbimg.com\/v1\/AUTH_59edd422c0c84a879bd37670ae4f538a\/internal_photos\/bs\/2026\/l\/H\/l8ORTsSIm6oqfNaCgYjA\/thumb-fotos-2026-04-29t071822.526.jpg 1000w, https:\/\/s2-g1.glbimg.com\/Ed3Tp1LHi9QEsQxWVuEReJDOV74=\/0x0:1920x1080\/984x0\/smart\/filters:strip_icc()\/i.s3.glbimg.com\/v1\/AUTH_59edd422c0c84a879bd37670ae4f538a\/internal_photos\/bs\/2026\/l\/H\/l8ORTsSIm6oqfNaCgYjA\/thumb-fotos-2026-04-29t071822.526.jpg 984w, https:\/\/s2-g1.glbimg.com\/u5HkmIG4KnJa0xB-lRW48opjHp4=\/0x0:1920x1080\/640x0\/smart\/filters:strip_icc()\/i.s3.glbimg.com\/v1\/AUTH_59edd422c0c84a879bd37670ae4f538a\/internal_photos\/bs\/2026\/l\/H\/l8ORTsSIm6oqfNaCgYjA\/thumb-fotos-2026-04-29t071822.526.jpg 640w, https:\/\/s2-g1.glbimg.com\/Jb6DYKUdH4Ql3ezFzLMaVFih7aY=\/0x0:1920x1080\/600x0\/smart\/filters:strip_icc()\/i.s3.glbimg.com\/v1\/AUTH_59edd422c0c84a879bd37670ae4f538a\/internal_photos\/bs\/2026\/l\/H\/l8ORTsSIm6oqfNaCgYjA\/thumb-fotos-2026-04-29t071822.526.jpg 600w\" alt=\"Homem ateou fogo na pr\u00f3pria moto durante fiscaliza\u00e7\u00e3o de tr\u00e2nsito em Domingos Martins, na Regi\u00e3o Serrana do Esp\u00edrito Santo \u2014 Foto: Reprodu\u00e7\u00e3o\/Rede social\" \/><\/figure>\n<p><strong>Noticias em Destaque<\/strong><\/p>\n<p style=\"text-align: right;\"><em>Fonte: G1<\/em><\/p>\n<\/div>\n<\/div>\n<\/div>\n<\/div>\n<\/div>\n","protected":false},"excerpt":{"rendered":"<p>A m\u00e3e do\u00a0homem que incendiou a pr\u00f3pria moto\u00a0durante uma abordagem da Pol\u00edcia Militar, em\u00a0Domingos Martins, Regi\u00e3o Serrana do Esp\u00edrito Santo, precisou ser intubada devido \u00e0 gravidade dos ferimentos. Ela sofreu queimaduras graves no rosto e nos bra\u00e7os ao tentar impedir o filho de jogar gasolina no ve\u00edculo. A mulher, cuja identidade n\u00e3o foi divulgada, chegou a cair no ch\u00e3o ao ser atingida pelas chamas, como mostram as imagens\u00a0(assista acima). O caso aconteceu na ter\u00e7a-feira (28), no distrito de Melga\u00e7o. J\u00e1 o rapaz, identificado como Weverton Pereira Oliveira, 33 anos, foi\u00a0autuado por tentativa de homic\u00eddio com emprego de fogo, al\u00e9m dos crimes de inc\u00eandio e resist\u00eancia \u00e0 a\u00e7\u00e3o policial. O homem tamb\u00e9m sofreu queimaduras nos bra\u00e7os. Os dois foram socorridos, sendo a m\u00e3e com mais gravidade. O estado de sa\u00fade dele n\u00e3o foi divulgado com detalhes. A situa\u00e7\u00e3o da m\u00e3e foi apurada pelo\u00a0g1\u00a0na noite desta quarta. De acordo com a Pol\u00edcia Militar, o caso aconteceu na ES-368, em frente ao Destacamento da Pol\u00edcia Militar (DPM). O motociclista foi abordado porque a\u00a0moto estava sem placa\u00a0de identifica\u00e7\u00e3o. Ap\u00f3s ser informado das medidas administrativas e da reten\u00e7\u00e3o do ve\u00edculo, o condutor deixou o local e retornou com a placa, mas ela apresentava avarias nos pontos de fixa\u00e7\u00e3o. Ele criticou a abordagem dos policiais. Homem ateou fogo na pr\u00f3pria moto durante fiscaliza\u00e7\u00e3o de tr\u00e2nsito em Domingos Martins, na Regi\u00e3o Serrana do Esp\u00edrito Santo \u2014 Foto: Reprodu\u00e7\u00e3o\/Rede social Ainda segundo a PM, ao perceber que n\u00e3o conseguiria regularizar a situa\u00e7\u00e3o, ele se afastou novamente, entrou em um carro e saiu com um gal\u00e3o de gasolina. Os policiais deram ordens para que o homem soltasse o recipiente, chegaram a apontar a arma para ele e para o alto, mas o suspeito avan\u00e7ou em dire\u00e7\u00e3o \u00e0 moto. As imagens mostram que a m\u00e3e tentou impedir a a\u00e7\u00e3o, mas n\u00e3o conseguiu evitar que o homem despejasse o combust\u00edvel e ateasse fogo no ve\u00edculo. A mulher foi atingida pelas chamas e chegou a cair no ch\u00e3o. Os policiais afastam a viatura das chamas e depois voltam para prender o suspeito, que resistiu. Familiares tentaram interferir na a\u00e7\u00e3o policial e os militares utilizaram spray de pimenta para conter o homem. Imagens feitas por vizinhos registraram esse momento. Homem ateou fogo na pr\u00f3pria moto durante fiscaliza\u00e7\u00e3o de tr\u00e2nsito em Domingos Martins, na Regi\u00e3o Serrana do Esp\u00edrito Santo \u2014 Foto: Reprodu\u00e7\u00e3o\/Rede social O motociclista chegou a ser colocado na viatura, mas os policiais perceberam que ele tamb\u00e9m havia sofrido queimaduras. O Servi\u00e7o de Atendimento M\u00f3vel de Urg\u00eancia (Samu) foi acionado, e m\u00e3e e filho foram encaminhados para o Hospital Jayme dos Santos Neves, na Serra, na Grande Vit\u00f3ria, refer\u00eancia no atendimento a queimados no estado. A motocicleta foi recolhida. De acordo com a Pol\u00edcia Civil, o caso foi registrado na Delegacia Regional de Venda Nova do Imigrante. O suspeito ser\u00e1 encaminhado ao sistema prisional assim que receber alta m\u00e9dica. Noticias em Destaque Fonte: G1<\/p>\n","protected":false},"author":2,"featured_media":78256,"comment_status":"closed","ping_status":"closed","sticky":false,"template":"","format":"standard","meta":{"_eb_attr":"","_jetpack_memberships_contains_paid_content":false,"footnotes":""},"categories":[20],"tags":[],"class_list":["post-78255","post","type-post","status-publish","format-standard","has-post-thumbnail","hentry","category-policia"],"yoast_head":"<!-- This site is optimized with the Yoast SEO plugin v26.5 - https:\/\/yoast.com\/wordpress\/plugins\/seo\/ -->\n<title>M\u00e3e \u00e9 intubada ap\u00f3s filho colocar fogo na pr\u00f3pria moto durante fiscaliza\u00e7\u00e3o da PM no ES - Not&iacute;cias em Destaque<\/title>\n<meta name=\"robots\" content=\"index, follow, max-snippet:-1, max-image-preview:large, max-video-preview:-1\" \/>\n<link rel=\"canonical\" href=\"https:\/\/noticiasemdestaque.com\/cd\/?p=78255\" \/>\n<meta property=\"og:locale\" content=\"pt_BR\" \/>\n<meta property=\"og:type\" content=\"article\" \/>\n<meta property=\"og:title\" content=\"M\u00e3e \u00e9 intubada ap\u00f3s filho colocar fogo na pr\u00f3pria moto durante fiscaliza\u00e7\u00e3o da PM no ES - Not&iacute;cias em Destaque\" \/>\n<meta property=\"og:description\" content=\"A m\u00e3e do\u00a0homem que incendiou a pr\u00f3pria moto\u00a0durante uma abordagem da Pol\u00edcia Militar, em\u00a0Domingos Martins, Regi\u00e3o Serrana do Esp\u00edrito Santo, precisou ser intubada devido \u00e0 gravidade dos ferimentos. Ela sofreu queimaduras graves no rosto e nos bra\u00e7os ao tentar impedir o filho de jogar gasolina no ve\u00edculo. A mulher, cuja identidade n\u00e3o foi divulgada, chegou a cair no ch\u00e3o ao ser atingida pelas chamas, como mostram as imagens\u00a0(assista acima). O caso aconteceu na ter\u00e7a-feira (28), no distrito de Melga\u00e7o. J\u00e1 o rapaz, identificado como Weverton Pereira Oliveira, 33 anos, foi\u00a0autuado por tentativa de homic\u00eddio com emprego de fogo, al\u00e9m dos crimes de inc\u00eandio e resist\u00eancia \u00e0 a\u00e7\u00e3o policial. O homem tamb\u00e9m sofreu queimaduras nos bra\u00e7os. Os dois foram socorridos, sendo a m\u00e3e com mais gravidade. O estado de sa\u00fade dele n\u00e3o foi divulgado com detalhes. A situa\u00e7\u00e3o da m\u00e3e foi apurada pelo\u00a0g1\u00a0na noite desta quarta. De acordo com a Pol\u00edcia Militar, o caso aconteceu na ES-368, em frente ao Destacamento da Pol\u00edcia Militar (DPM). O motociclista foi abordado porque a\u00a0moto estava sem placa\u00a0de identifica\u00e7\u00e3o. Ap\u00f3s ser informado das medidas administrativas e da reten\u00e7\u00e3o do ve\u00edculo, o condutor deixou o local e retornou com a placa, mas ela apresentava avarias nos pontos de fixa\u00e7\u00e3o. Ele criticou a abordagem dos policiais. Homem ateou fogo na pr\u00f3pria moto durante fiscaliza\u00e7\u00e3o de tr\u00e2nsito em Domingos Martins, na Regi\u00e3o Serrana do Esp\u00edrito Santo \u2014 Foto: Reprodu\u00e7\u00e3o\/Rede social Ainda segundo a PM, ao perceber que n\u00e3o conseguiria regularizar a situa\u00e7\u00e3o, ele se afastou novamente, entrou em um carro e saiu com um gal\u00e3o de gasolina. Os policiais deram ordens para que o homem soltasse o recipiente, chegaram a apontar a arma para ele e para o alto, mas o suspeito avan\u00e7ou em dire\u00e7\u00e3o \u00e0 moto. As imagens mostram que a m\u00e3e tentou impedir a a\u00e7\u00e3o, mas n\u00e3o conseguiu evitar que o homem despejasse o combust\u00edvel e ateasse fogo no ve\u00edculo. A mulher foi atingida pelas chamas e chegou a cair no ch\u00e3o. Os policiais afastam a viatura das chamas e depois voltam para prender o suspeito, que resistiu. Familiares tentaram interferir na a\u00e7\u00e3o policial e os militares utilizaram spray de pimenta para conter o homem. Imagens feitas por vizinhos registraram esse momento. Homem ateou fogo na pr\u00f3pria moto durante fiscaliza\u00e7\u00e3o de tr\u00e2nsito em Domingos Martins, na Regi\u00e3o Serrana do Esp\u00edrito Santo \u2014 Foto: Reprodu\u00e7\u00e3o\/Rede social O motociclista chegou a ser colocado na viatura, mas os policiais perceberam que ele tamb\u00e9m havia sofrido queimaduras. O Servi\u00e7o de Atendimento M\u00f3vel de Urg\u00eancia (Samu) foi acionado, e m\u00e3e e filho foram encaminhados para o Hospital Jayme dos Santos Neves, na Serra, na Grande Vit\u00f3ria, refer\u00eancia no atendimento a queimados no estado. A motocicleta foi recolhida. De acordo com a Pol\u00edcia Civil, o caso foi registrado na Delegacia Regional de Venda Nova do Imigrante. O suspeito ser\u00e1 encaminhado ao sistema prisional assim que receber alta m\u00e9dica. Noticias em Destaque Fonte: G1\" \/>\n<meta property=\"og:url\" content=\"https:\/\/noticiasemdestaque.com\/cd\/?p=78255\" \/>\n<meta property=\"og:site_name\" content=\"Not&iacute;cias em Destaque\" \/>\n<meta property=\"article:published_time\" content=\"2026-04-30T13:45:42+00:00\" \/>\n<meta name=\"author\" content=\"Not\u00edcias em Destaque\" \/>\n<meta name=\"twitter:card\" content=\"summary_large_image\" \/>\n<meta name=\"twitter:label1\" content=\"Escrito por\" \/>\n\t<meta name=\"twitter:data1\" content=\"Not\u00edcias em Destaque\" \/>\n\t<meta name=\"twitter:label2\" content=\"Est. tempo de leitura\" \/>\n\t<meta name=\"twitter:data2\" content=\"4 minutos\" \/>\n<script type=\"application\/ld+json\" class=\"yoast-schema-graph\">{\"@context\":\"https:\/\/schema.org\",\"@graph\":[{\"@type\":\"Article\",\"@id\":\"https:\/\/noticiasemdestaque.com\/cd\/?p=78255#article\",\"isPartOf\":{\"@id\":\"https:\/\/noticiasemdestaque.com\/cd\/?p=78255\"},\"author\":{\"name\":\"Not\u00edcias em Destaque\",\"@id\":\"https:\/\/noticiasemdestaque.com\/cd\/#\/schema\/person\/6ae9188aebb8de746b8e0d472d029646\"},\"headline\":\"M\u00e3e \u00e9 intubada ap\u00f3s filho colocar fogo na pr\u00f3pria moto durante fiscaliza\u00e7\u00e3o da PM no ES\",\"datePublished\":\"2026-04-30T13:45:42+00:00\",\"mainEntityOfPage\":{\"@id\":\"https:\/\/noticiasemdestaque.com\/cd\/?p=78255\"},\"wordCount\":567,\"publisher\":{\"@id\":\"https:\/\/noticiasemdestaque.com\/cd\/#organization\"},\"image\":{\"@id\":\"https:\/\/noticiasemdestaque.com\/cd\/?p=78255#primaryimage\"},\"thumbnailUrl\":\"https:\/\/noticiasemdestaque.com\/cd\/wp-content\/uploads\/2026\/04\/whatsapp-video-2026-04-28-at-17.24.44.mp4-snapshot-00.41.632.avif\",\"articleSection\":[\"Pol\u00edcia\"],\"inLanguage\":\"pt-BR\"},{\"@type\":\"WebPage\",\"@id\":\"https:\/\/noticiasemdestaque.com\/cd\/?p=78255\",\"url\":\"https:\/\/noticiasemdestaque.com\/cd\/?p=78255\",\"name\":\"M\u00e3e \u00e9 intubada ap\u00f3s filho colocar fogo na pr\u00f3pria moto durante fiscaliza\u00e7\u00e3o da PM no ES - Not&iacute;cias em Destaque\",\"isPartOf\":{\"@id\":\"https:\/\/noticiasemdestaque.com\/cd\/#website\"},\"primaryImageOfPage\":{\"@id\":\"https:\/\/noticiasemdestaque.com\/cd\/?p=78255#primaryimage\"},\"image\":{\"@id\":\"https:\/\/noticiasemdestaque.com\/cd\/?p=78255#primaryimage\"},\"thumbnailUrl\":\"https:\/\/noticiasemdestaque.com\/cd\/wp-content\/uploads\/2026\/04\/whatsapp-video-2026-04-28-at-17.24.44.mp4-snapshot-00.41.632.avif\",\"datePublished\":\"2026-04-30T13:45:42+00:00\",\"breadcrumb\":{\"@id\":\"https:\/\/noticiasemdestaque.com\/cd\/?p=78255#breadcrumb\"},\"inLanguage\":\"pt-BR\",\"potentialAction\":[{\"@type\":\"ReadAction\",\"target\":[\"https:\/\/noticiasemdestaque.com\/cd\/?p=78255\"]}]},{\"@type\":\"ImageObject\",\"inLanguage\":\"pt-BR\",\"@id\":\"https:\/\/noticiasemdestaque.com\/cd\/?p=78255#primaryimage\",\"url\":\"https:\/\/noticiasemdestaque.com\/cd\/wp-content\/uploads\/2026\/04\/whatsapp-video-2026-04-28-at-17.24.44.mp4-snapshot-00.41.632.avif\",\"contentUrl\":\"https:\/\/noticiasemdestaque.com\/cd\/wp-content\/uploads\/2026\/04\/whatsapp-video-2026-04-28-at-17.24.44.mp4-snapshot-00.41.632.avif\",\"width\":984,\"height\":554},{\"@type\":\"BreadcrumbList\",\"@id\":\"https:\/\/noticiasemdestaque.com\/cd\/?p=78255#breadcrumb\",\"itemListElement\":[{\"@type\":\"ListItem\",\"position\":1,\"name\":\"In\u00edcio\",\"item\":\"https:\/\/noticiasemdestaque.com\/cd\/\"},{\"@type\":\"ListItem\",\"position\":2,\"name\":\"M\u00e3e \u00e9 intubada ap\u00f3s filho colocar fogo na pr\u00f3pria moto durante fiscaliza\u00e7\u00e3o da PM no ES\"}]},{\"@type\":\"WebSite\",\"@id\":\"https:\/\/noticiasemdestaque.com\/cd\/#website\",\"url\":\"https:\/\/noticiasemdestaque.com\/cd\/\",\"name\":\"Not&iacute;cias em Destaque\",\"description\":\"\",\"publisher\":{\"@id\":\"https:\/\/noticiasemdestaque.com\/cd\/#organization\"},\"potentialAction\":[{\"@type\":\"SearchAction\",\"target\":{\"@type\":\"EntryPoint\",\"urlTemplate\":\"https:\/\/noticiasemdestaque.com\/cd\/?s={search_term_string}\"},\"query-input\":{\"@type\":\"PropertyValueSpecification\",\"valueRequired\":true,\"valueName\":\"search_term_string\"}}],\"inLanguage\":\"pt-BR\"},{\"@type\":\"Organization\",\"@id\":\"https:\/\/noticiasemdestaque.com\/cd\/#organization\",\"name\":\"Not\u00edcias em Destaque\",\"url\":\"https:\/\/noticiasemdestaque.com\/cd\/\",\"logo\":{\"@type\":\"ImageObject\",\"inLanguage\":\"pt-BR\",\"@id\":\"https:\/\/noticiasemdestaque.com\/cd\/#\/schema\/logo\/image\/\",\"url\":\"https:\/\/noticiasemdestaque.com\/cd\/wp-content\/uploads\/2022\/05\/imagem-base-noticiasemdestaque.png\",\"contentUrl\":\"https:\/\/noticiasemdestaque.com\/cd\/wp-content\/uploads\/2022\/05\/imagem-base-noticiasemdestaque.png\",\"width\":1200,\"height\":630,\"caption\":\"Not\u00edcias em Destaque\"},\"image\":{\"@id\":\"https:\/\/noticiasemdestaque.com\/cd\/#\/schema\/logo\/image\/\"}},{\"@type\":\"Person\",\"@id\":\"https:\/\/noticiasemdestaque.com\/cd\/#\/schema\/person\/6ae9188aebb8de746b8e0d472d029646\",\"name\":\"Not\u00edcias em Destaque\",\"url\":\"https:\/\/noticiasemdestaque.com\/cd\/?author=2\"}]}<\/script>\n<!-- \/ Yoast SEO plugin. -->","yoast_head_json":{"title":"M\u00e3e \u00e9 intubada ap\u00f3s filho colocar fogo na pr\u00f3pria moto durante fiscaliza\u00e7\u00e3o da PM no ES - Not&iacute;cias em Destaque","robots":{"index":"index","follow":"follow","max-snippet":"max-snippet:-1","max-image-preview":"max-image-preview:large","max-video-preview":"max-video-preview:-1"},"canonical":"https:\/\/noticiasemdestaque.com\/cd\/?p=78255","og_locale":"pt_BR","og_type":"article","og_title":"M\u00e3e \u00e9 intubada ap\u00f3s filho colocar fogo na pr\u00f3pria moto durante fiscaliza\u00e7\u00e3o da PM no ES - Not&iacute;cias em Destaque","og_description":"A m\u00e3e do\u00a0homem que incendiou a pr\u00f3pria moto\u00a0durante uma abordagem da Pol\u00edcia Militar, em\u00a0Domingos Martins, Regi\u00e3o Serrana do Esp\u00edrito Santo, precisou ser intubada devido \u00e0 gravidade dos ferimentos. Ela sofreu queimaduras graves no rosto e nos bra\u00e7os ao tentar impedir o filho de jogar gasolina no ve\u00edculo. A mulher, cuja identidade n\u00e3o foi divulgada, chegou a cair no ch\u00e3o ao ser atingida pelas chamas, como mostram as imagens\u00a0(assista acima). O caso aconteceu na ter\u00e7a-feira (28), no distrito de Melga\u00e7o. J\u00e1 o rapaz, identificado como Weverton Pereira Oliveira, 33 anos, foi\u00a0autuado por tentativa de homic\u00eddio com emprego de fogo, al\u00e9m dos crimes de inc\u00eandio e resist\u00eancia \u00e0 a\u00e7\u00e3o policial. O homem tamb\u00e9m sofreu queimaduras nos bra\u00e7os. Os dois foram socorridos, sendo a m\u00e3e com mais gravidade. O estado de sa\u00fade dele n\u00e3o foi divulgado com detalhes. A situa\u00e7\u00e3o da m\u00e3e foi apurada pelo\u00a0g1\u00a0na noite desta quarta. De acordo com a Pol\u00edcia Militar, o caso aconteceu na ES-368, em frente ao Destacamento da Pol\u00edcia Militar (DPM). O motociclista foi abordado porque a\u00a0moto estava sem placa\u00a0de identifica\u00e7\u00e3o. Ap\u00f3s ser informado das medidas administrativas e da reten\u00e7\u00e3o do ve\u00edculo, o condutor deixou o local e retornou com a placa, mas ela apresentava avarias nos pontos de fixa\u00e7\u00e3o. Ele criticou a abordagem dos policiais. Homem ateou fogo na pr\u00f3pria moto durante fiscaliza\u00e7\u00e3o de tr\u00e2nsito em Domingos Martins, na Regi\u00e3o Serrana do Esp\u00edrito Santo \u2014 Foto: Reprodu\u00e7\u00e3o\/Rede social Ainda segundo a PM, ao perceber que n\u00e3o conseguiria regularizar a situa\u00e7\u00e3o, ele se afastou novamente, entrou em um carro e saiu com um gal\u00e3o de gasolina. Os policiais deram ordens para que o homem soltasse o recipiente, chegaram a apontar a arma para ele e para o alto, mas o suspeito avan\u00e7ou em dire\u00e7\u00e3o \u00e0 moto. As imagens mostram que a m\u00e3e tentou impedir a a\u00e7\u00e3o, mas n\u00e3o conseguiu evitar que o homem despejasse o combust\u00edvel e ateasse fogo no ve\u00edculo. A mulher foi atingida pelas chamas e chegou a cair no ch\u00e3o. Os policiais afastam a viatura das chamas e depois voltam para prender o suspeito, que resistiu. Familiares tentaram interferir na a\u00e7\u00e3o policial e os militares utilizaram spray de pimenta para conter o homem. Imagens feitas por vizinhos registraram esse momento. Homem ateou fogo na pr\u00f3pria moto durante fiscaliza\u00e7\u00e3o de tr\u00e2nsito em Domingos Martins, na Regi\u00e3o Serrana do Esp\u00edrito Santo \u2014 Foto: Reprodu\u00e7\u00e3o\/Rede social O motociclista chegou a ser colocado na viatura, mas os policiais perceberam que ele tamb\u00e9m havia sofrido queimaduras. O Servi\u00e7o de Atendimento M\u00f3vel de Urg\u00eancia (Samu) foi acionado, e m\u00e3e e filho foram encaminhados para o Hospital Jayme dos Santos Neves, na Serra, na Grande Vit\u00f3ria, refer\u00eancia no atendimento a queimados no estado. A motocicleta foi recolhida. De acordo com a Pol\u00edcia Civil, o caso foi registrado na Delegacia Regional de Venda Nova do Imigrante. O suspeito ser\u00e1 encaminhado ao sistema prisional assim que receber alta m\u00e9dica. Noticias em Destaque Fonte: G1","og_url":"https:\/\/noticiasemdestaque.com\/cd\/?p=78255","og_site_name":"Not&iacute;cias em Destaque","article_published_time":"2026-04-30T13:45:42+00:00","author":"Not\u00edcias em Destaque","twitter_card":"summary_large_image","twitter_misc":{"Escrito por":"Not\u00edcias em Destaque","Est. tempo de leitura":"4 minutos"},"schema":{"@context":"https:\/\/schema.org","@graph":[{"@type":"Article","@id":"https:\/\/noticiasemdestaque.com\/cd\/?p=78255#article","isPartOf":{"@id":"https:\/\/noticiasemdestaque.com\/cd\/?p=78255"},"author":{"name":"Not\u00edcias em Destaque","@id":"https:\/\/noticiasemdestaque.com\/cd\/#\/schema\/person\/6ae9188aebb8de746b8e0d472d029646"},"headline":"M\u00e3e \u00e9 intubada ap\u00f3s filho colocar fogo na pr\u00f3pria moto durante fiscaliza\u00e7\u00e3o da PM no ES","datePublished":"2026-04-30T13:45:42+00:00","mainEntityOfPage":{"@id":"https:\/\/noticiasemdestaque.com\/cd\/?p=78255"},"wordCount":567,"publisher":{"@id":"https:\/\/noticiasemdestaque.com\/cd\/#organization"},"image":{"@id":"https:\/\/noticiasemdestaque.com\/cd\/?p=78255#primaryimage"},"thumbnailUrl":"https:\/\/noticiasemdestaque.com\/cd\/wp-content\/uploads\/2026\/04\/whatsapp-video-2026-04-28-at-17.24.44.mp4-snapshot-00.41.632.avif","articleSection":["Pol\u00edcia"],"inLanguage":"pt-BR"},{"@type":"WebPage","@id":"https:\/\/noticiasemdestaque.com\/cd\/?p=78255","url":"https:\/\/noticiasemdestaque.com\/cd\/?p=78255","name":"M\u00e3e \u00e9 intubada ap\u00f3s filho colocar fogo na pr\u00f3pria moto durante fiscaliza\u00e7\u00e3o da PM no ES - Not&iacute;cias em Destaque","isPartOf":{"@id":"https:\/\/noticiasemdestaque.com\/cd\/#website"},"primaryImageOfPage":{"@id":"https:\/\/noticiasemdestaque.com\/cd\/?p=78255#primaryimage"},"image":{"@id":"https:\/\/noticiasemdestaque.com\/cd\/?p=78255#primaryimage"},"thumbnailUrl":"https:\/\/noticiasemdestaque.com\/cd\/wp-content\/uploads\/2026\/04\/whatsapp-video-2026-04-28-at-17.24.44.mp4-snapshot-00.41.632.avif","datePublished":"2026-04-30T13:45:42+00:00","breadcrumb":{"@id":"https:\/\/noticiasemdestaque.com\/cd\/?p=78255#breadcrumb"},"inLanguage":"pt-BR","potentialAction":[{"@type":"ReadAction","target":["https:\/\/noticiasemdestaque.com\/cd\/?p=78255"]}]},{"@type":"ImageObject","inLanguage":"pt-BR","@id":"https:\/\/noticiasemdestaque.com\/cd\/?p=78255#primaryimage","url":"https:\/\/noticiasemdestaque.com\/cd\/wp-content\/uploads\/2026\/04\/whatsapp-video-2026-04-28-at-17.24.44.mp4-snapshot-00.41.632.avif","contentUrl":"https:\/\/noticiasemdestaque.com\/cd\/wp-content\/uploads\/2026\/04\/whatsapp-video-2026-04-28-at-17.24.44.mp4-snapshot-00.41.632.avif","width":984,"height":554},{"@type":"BreadcrumbList","@id":"https:\/\/noticiasemdestaque.com\/cd\/?p=78255#breadcrumb","itemListElement":[{"@type":"ListItem","position":1,"name":"In\u00edcio","item":"https:\/\/noticiasemdestaque.com\/cd\/"},{"@type":"ListItem","position":2,"name":"M\u00e3e \u00e9 intubada ap\u00f3s filho colocar fogo na pr\u00f3pria moto durante fiscaliza\u00e7\u00e3o da PM no ES"}]},{"@type":"WebSite","@id":"https:\/\/noticiasemdestaque.com\/cd\/#website","url":"https:\/\/noticiasemdestaque.com\/cd\/","name":"Not&iacute;cias em Destaque","description":"","publisher":{"@id":"https:\/\/noticiasemdestaque.com\/cd\/#organization"},"potentialAction":[{"@type":"SearchAction","target":{"@type":"EntryPoint","urlTemplate":"https:\/\/noticiasemdestaque.com\/cd\/?s={search_term_string}"},"query-input":{"@type":"PropertyValueSpecification","valueRequired":true,"valueName":"search_term_string"}}],"inLanguage":"pt-BR"},{"@type":"Organization","@id":"https:\/\/noticiasemdestaque.com\/cd\/#organization","name":"Not\u00edcias em Destaque","url":"https:\/\/noticiasemdestaque.com\/cd\/","logo":{"@type":"ImageObject","inLanguage":"pt-BR","@id":"https:\/\/noticiasemdestaque.com\/cd\/#\/schema\/logo\/image\/","url":"https:\/\/noticiasemdestaque.com\/cd\/wp-content\/uploads\/2022\/05\/imagem-base-noticiasemdestaque.png","contentUrl":"https:\/\/noticiasemdestaque.com\/cd\/wp-content\/uploads\/2022\/05\/imagem-base-noticiasemdestaque.png","width":1200,"height":630,"caption":"Not\u00edcias em Destaque"},"image":{"@id":"https:\/\/noticiasemdestaque.com\/cd\/#\/schema\/logo\/image\/"}},{"@type":"Person","@id":"https:\/\/noticiasemdestaque.com\/cd\/#\/schema\/person\/6ae9188aebb8de746b8e0d472d029646","name":"Not\u00edcias em Destaque","url":"https:\/\/noticiasemdestaque.com\/cd\/?author=2"}]}},"jetpack_featured_media_url":"https:\/\/noticiasemdestaque.com\/cd\/wp-content\/uploads\/2026\/04\/whatsapp-video-2026-04-28-at-17.24.44.mp4-snapshot-00.41.632.avif","jetpack_sharing_enabled":true,"_links":{"self":[{"href":"https:\/\/noticiasemdestaque.com\/cd\/index.php?rest_route=\/wp\/v2\/posts\/78255","targetHints":{"allow":["GET"]}}],"collection":[{"href":"https:\/\/noticiasemdestaque.com\/cd\/index.php?rest_route=\/wp\/v2\/posts"}],"about":[{"href":"https:\/\/noticiasemdestaque.com\/cd\/index.php?rest_route=\/wp\/v2\/types\/post"}],"author":[{"embeddable":true,"href":"https:\/\/noticiasemdestaque.com\/cd\/index.php?rest_route=\/wp\/v2\/users\/2"}],"replies":[{"embeddable":true,"href":"https:\/\/noticiasemdestaque.com\/cd\/index.php?rest_route=%2Fwp%2Fv2%2Fcomments&post=78255"}],"version-history":[{"count":1,"href":"https:\/\/noticiasemdestaque.com\/cd\/index.php?rest_route=\/wp\/v2\/posts\/78255\/revisions"}],"predecessor-version":[{"id":78257,"href":"https:\/\/noticiasemdestaque.com\/cd\/index.php?rest_route=\/wp\/v2\/posts\/78255\/revisions\/78257"}],"wp:featuredmedia":[{"embeddable":true,"href":"https:\/\/noticiasemdestaque.com\/cd\/index.php?rest_route=\/wp\/v2\/media\/78256"}],"wp:attachment":[{"href":"https:\/\/noticiasemdestaque.com\/cd\/index.php?rest_route=%2Fwp%2Fv2%2Fmedia&parent=78255"}],"wp:term":[{"taxonomy":"category","embeddable":true,"href":"https:\/\/noticiasemdestaque.com\/cd\/index.php?rest_route=%2Fwp%2Fv2%2Fcategories&post=78255"},{"taxonomy":"post_tag","embeddable":true,"href":"https:\/\/noticiasemdestaque.com\/cd\/index.php?rest_route=%2Fwp%2Fv2%2Ftags&post=78255"}],"curies":[{"name":"wp","href":"https:\/\/api.w.org\/{rel}","templated":true}]}}