{"id":78252,"date":"2026-04-29T14:40:14","date_gmt":"2026-04-29T17:40:14","guid":{"rendered":"https:\/\/noticiasemdestaque.com\/cd\/?p=78252"},"modified":"2026-04-29T14:40:14","modified_gmt":"2026-04-29T17:40:14","slug":"prefeito-nelsinho-honorato-faz-ultimo-convite-para-festa-de-coxixola-e-confirma-horario-do-show-de-safadao","status":"publish","type":"post","link":"https:\/\/noticiasemdestaque.com\/cd\/?p=78252","title":{"rendered":"Prefeito Nelsinho Honorato faz \u00faltimo convite para festa de Coxixola e confirma hor\u00e1rio do show de Safad\u00e3o"},"content":{"rendered":"<p><a href=\"https:\/\/noticiasemdestaque.com\/cd\/wp-content\/uploads\/2026\/04\/SaveClip.App_684167095_18374130172162509_3230580864501471280_n.jpg\"><img fetchpriority=\"high\" decoding=\"async\" class=\" wp-image-78253 aligncenter\" src=\"https:\/\/noticiasemdestaque.com\/cd\/wp-content\/uploads\/2026\/04\/SaveClip.App_684167095_18374130172162509_3230580864501471280_n-169x300.jpg\" alt=\"\" width=\"870\" height=\"1544\" \/><\/a><\/p>\n<p class=\"wp-block-paragraph\">O prefeito de Coxixola, Nelsinho Honorato, realizou na tarde desta quarta-feira o \u00faltimo convite ao p\u00fablico para a grande festa em comemora\u00e7\u00e3o aos 32 anos do munic\u00edpio.<\/p>\n<p class=\"wp-block-paragraph\">Diretamente do palco onde acontecer\u00e1 a celebra\u00e7\u00e3o, o gestor refor\u00e7ou que o evento est\u00e1 totalmente confirmado e destacou a expectativa para uma das programa\u00e7\u00f5es mais aguardadas de todo o Cariri paraibano.<\/p>\n<p class=\"wp-block-paragraph\">Durante a visita, Nelsinho tamb\u00e9m anunciou oficialmente o hor\u00e1rio de um dos shows mais esperados da noite. O cantor Wesley Safad\u00e3o sobe ao palco \u00e0s 23h, prometendo animar o p\u00fablico com um repert\u00f3rio de grandes sucessos.<\/p>\n<blockquote>\n<p class=\"wp-block-paragraph\">\u201cEst\u00e1 tudo pronto e preparado com muito carinho para receber nossa popula\u00e7\u00e3o e visitantes. Quero refor\u00e7ar esse convite especial para que todos venham prestigiar essa grande festa\u201d, destacou o prefeito.<\/p>\n<\/blockquote>\n<p class=\"wp-block-paragraph\">A comemora\u00e7\u00e3o dos 32 anos de Coxixola deve reunir um grande p\u00fablico e movimentar a regi\u00e3o, consolidando-se como um dos principais eventos festivos do calend\u00e1rio do Cariri paraibano.<\/p>\n<p><strong>Noticias em Destaque<\/strong><\/p>\n<p style=\"text-align: right;\"><em>Fonte: Focando Para\u00edba<\/em><\/p>\n","protected":false},"excerpt":{"rendered":"<p>O prefeito de Coxixola, Nelsinho Honorato, realizou na tarde desta quarta-feira o \u00faltimo convite ao p\u00fablico para a grande festa em comemora\u00e7\u00e3o aos 32 anos do munic\u00edpio. Diretamente do palco onde acontecer\u00e1 a celebra\u00e7\u00e3o, o gestor refor\u00e7ou que o evento est\u00e1 totalmente confirmado e destacou a expectativa para uma das programa\u00e7\u00f5es mais aguardadas de todo o Cariri paraibano. Durante a visita, Nelsinho tamb\u00e9m anunciou oficialmente o hor\u00e1rio de um dos shows mais esperados da noite. O cantor Wesley Safad\u00e3o sobe ao palco \u00e0s 23h, prometendo animar o p\u00fablico com um repert\u00f3rio de grandes sucessos. \u201cEst\u00e1 tudo pronto e preparado com muito carinho para receber nossa popula\u00e7\u00e3o e visitantes. Quero refor\u00e7ar esse convite especial para que todos venham prestigiar essa grande festa\u201d, destacou o prefeito. A comemora\u00e7\u00e3o dos 32 anos de Coxixola deve reunir um grande p\u00fablico e movimentar a regi\u00e3o, consolidando-se como um dos principais eventos festivos do calend\u00e1rio do Cariri paraibano. Noticias em Destaque Fonte: Focando Para\u00edba<\/p>\n","protected":false},"author":2,"featured_media":78253,"comment_status":"closed","ping_status":"closed","sticky":false,"template":"","format":"standard","meta":{"_eb_attr":"","_jetpack_memberships_contains_paid_content":false,"footnotes":""},"categories":[3],"tags":[],"class_list":["post-78252","post","type-post","status-publish","format-standard","has-post-thumbnail","hentry","category-cidades"],"yoast_head":"<!-- This site is optimized with the Yoast SEO plugin v26.5 - https:\/\/yoast.com\/wordpress\/plugins\/seo\/ -->\n<title>Prefeito Nelsinho Honorato faz \u00faltimo convite para festa de Coxixola e confirma hor\u00e1rio do show de Safad\u00e3o - Not&iacute;cias em Destaque<\/title>\n<meta name=\"robots\" content=\"index, follow, max-snippet:-1, max-image-preview:large, max-video-preview:-1\" \/>\n<link rel=\"canonical\" href=\"https:\/\/noticiasemdestaque.com\/cd\/?p=78252\" \/>\n<meta property=\"og:locale\" content=\"pt_BR\" \/>\n<meta property=\"og:type\" content=\"article\" \/>\n<meta property=\"og:title\" content=\"Prefeito Nelsinho Honorato faz \u00faltimo convite para festa de Coxixola e confirma hor\u00e1rio do show de Safad\u00e3o - Not&iacute;cias em Destaque\" \/>\n<meta property=\"og:description\" content=\"O prefeito de Coxixola, Nelsinho Honorato, realizou na tarde desta quarta-feira o \u00faltimo convite ao p\u00fablico para a grande festa em comemora\u00e7\u00e3o aos 32 anos do munic\u00edpio. Diretamente do palco onde acontecer\u00e1 a celebra\u00e7\u00e3o, o gestor refor\u00e7ou que o evento est\u00e1 totalmente confirmado e destacou a expectativa para uma das programa\u00e7\u00f5es mais aguardadas de todo o Cariri paraibano. Durante a visita, Nelsinho tamb\u00e9m anunciou oficialmente o hor\u00e1rio de um dos shows mais esperados da noite. O cantor Wesley Safad\u00e3o sobe ao palco \u00e0s 23h, prometendo animar o p\u00fablico com um repert\u00f3rio de grandes sucessos. \u201cEst\u00e1 tudo pronto e preparado com muito carinho para receber nossa popula\u00e7\u00e3o e visitantes. Quero refor\u00e7ar esse convite especial para que todos venham prestigiar essa grande festa\u201d, destacou o prefeito. A comemora\u00e7\u00e3o dos 32 anos de Coxixola deve reunir um grande p\u00fablico e movimentar a regi\u00e3o, consolidando-se como um dos principais eventos festivos do calend\u00e1rio do Cariri paraibano. Noticias em Destaque Fonte: Focando Para\u00edba\" \/>\n<meta property=\"og:url\" content=\"https:\/\/noticiasemdestaque.com\/cd\/?p=78252\" \/>\n<meta property=\"og:site_name\" content=\"Not&iacute;cias em Destaque\" \/>\n<meta property=\"article:published_time\" content=\"2026-04-29T17:40:14+00:00\" \/>\n<meta property=\"og:image\" content=\"https:\/\/noticiasemdestaque.com\/cd\/wp-content\/uploads\/2026\/04\/SaveClip.App_684167095_18374130172162509_3230580864501471280_n.jpg\" \/>\n\t<meta property=\"og:image:width\" content=\"1080\" \/>\n\t<meta property=\"og:image:height\" content=\"1919\" \/>\n\t<meta property=\"og:image:type\" content=\"image\/jpeg\" \/>\n<meta name=\"author\" content=\"Not\u00edcias em Destaque\" \/>\n<meta name=\"twitter:card\" content=\"summary_large_image\" \/>\n<meta name=\"twitter:label1\" content=\"Escrito por\" \/>\n\t<meta name=\"twitter:data1\" content=\"Not\u00edcias em Destaque\" \/>\n\t<meta name=\"twitter:label2\" content=\"Est. tempo de leitura\" \/>\n\t<meta name=\"twitter:data2\" content=\"2 minutos\" \/>\n<script type=\"application\/ld+json\" class=\"yoast-schema-graph\">{\"@context\":\"https:\/\/schema.org\",\"@graph\":[{\"@type\":\"Article\",\"@id\":\"https:\/\/noticiasemdestaque.com\/cd\/?p=78252#article\",\"isPartOf\":{\"@id\":\"https:\/\/noticiasemdestaque.com\/cd\/?p=78252\"},\"author\":{\"name\":\"Not\u00edcias em Destaque\",\"@id\":\"https:\/\/noticiasemdestaque.com\/cd\/#\/schema\/person\/6ae9188aebb8de746b8e0d472d029646\"},\"headline\":\"Prefeito Nelsinho Honorato faz \u00faltimo convite para festa de Coxixola e confirma hor\u00e1rio do show de Safad\u00e3o\",\"datePublished\":\"2026-04-29T17:40:14+00:00\",\"mainEntityOfPage\":{\"@id\":\"https:\/\/noticiasemdestaque.com\/cd\/?p=78252\"},\"wordCount\":193,\"publisher\":{\"@id\":\"https:\/\/noticiasemdestaque.com\/cd\/#organization\"},\"image\":{\"@id\":\"https:\/\/noticiasemdestaque.com\/cd\/?p=78252#primaryimage\"},\"thumbnailUrl\":\"https:\/\/noticiasemdestaque.com\/cd\/wp-content\/uploads\/2026\/04\/SaveClip.App_684167095_18374130172162509_3230580864501471280_n.jpg\",\"articleSection\":[\"Cidades\"],\"inLanguage\":\"pt-BR\"},{\"@type\":\"WebPage\",\"@id\":\"https:\/\/noticiasemdestaque.com\/cd\/?p=78252\",\"url\":\"https:\/\/noticiasemdestaque.com\/cd\/?p=78252\",\"name\":\"Prefeito Nelsinho Honorato faz \u00faltimo convite para festa de Coxixola e confirma hor\u00e1rio do show de Safad\u00e3o - Not&iacute;cias em Destaque\",\"isPartOf\":{\"@id\":\"https:\/\/noticiasemdestaque.com\/cd\/#website\"},\"primaryImageOfPage\":{\"@id\":\"https:\/\/noticiasemdestaque.com\/cd\/?p=78252#primaryimage\"},\"image\":{\"@id\":\"https:\/\/noticiasemdestaque.com\/cd\/?p=78252#primaryimage\"},\"thumbnailUrl\":\"https:\/\/noticiasemdestaque.com\/cd\/wp-content\/uploads\/2026\/04\/SaveClip.App_684167095_18374130172162509_3230580864501471280_n.jpg\",\"datePublished\":\"2026-04-29T17:40:14+00:00\",\"breadcrumb\":{\"@id\":\"https:\/\/noticiasemdestaque.com\/cd\/?p=78252#breadcrumb\"},\"inLanguage\":\"pt-BR\",\"potentialAction\":[{\"@type\":\"ReadAction\",\"target\":[\"https:\/\/noticiasemdestaque.com\/cd\/?p=78252\"]}]},{\"@type\":\"ImageObject\",\"inLanguage\":\"pt-BR\",\"@id\":\"https:\/\/noticiasemdestaque.com\/cd\/?p=78252#primaryimage\",\"url\":\"https:\/\/noticiasemdestaque.com\/cd\/wp-content\/uploads\/2026\/04\/SaveClip.App_684167095_18374130172162509_3230580864501471280_n.jpg\",\"contentUrl\":\"https:\/\/noticiasemdestaque.com\/cd\/wp-content\/uploads\/2026\/04\/SaveClip.App_684167095_18374130172162509_3230580864501471280_n.jpg\",\"width\":1080,\"height\":1919},{\"@type\":\"BreadcrumbList\",\"@id\":\"https:\/\/noticiasemdestaque.com\/cd\/?p=78252#breadcrumb\",\"itemListElement\":[{\"@type\":\"ListItem\",\"position\":1,\"name\":\"In\u00edcio\",\"item\":\"https:\/\/noticiasemdestaque.com\/cd\/\"},{\"@type\":\"ListItem\",\"position\":2,\"name\":\"Prefeito Nelsinho Honorato faz \u00faltimo convite para festa de Coxixola e confirma hor\u00e1rio do show de Safad\u00e3o\"}]},{\"@type\":\"WebSite\",\"@id\":\"https:\/\/noticiasemdestaque.com\/cd\/#website\",\"url\":\"https:\/\/noticiasemdestaque.com\/cd\/\",\"name\":\"Not&iacute;cias em Destaque\",\"description\":\"\",\"publisher\":{\"@id\":\"https:\/\/noticiasemdestaque.com\/cd\/#organization\"},\"potentialAction\":[{\"@type\":\"SearchAction\",\"target\":{\"@type\":\"EntryPoint\",\"urlTemplate\":\"https:\/\/noticiasemdestaque.com\/cd\/?s={search_term_string}\"},\"query-input\":{\"@type\":\"PropertyValueSpecification\",\"valueRequired\":true,\"valueName\":\"search_term_string\"}}],\"inLanguage\":\"pt-BR\"},{\"@type\":\"Organization\",\"@id\":\"https:\/\/noticiasemdestaque.com\/cd\/#organization\",\"name\":\"Not\u00edcias em Destaque\",\"url\":\"https:\/\/noticiasemdestaque.com\/cd\/\",\"logo\":{\"@type\":\"ImageObject\",\"inLanguage\":\"pt-BR\",\"@id\":\"https:\/\/noticiasemdestaque.com\/cd\/#\/schema\/logo\/image\/\",\"url\":\"https:\/\/noticiasemdestaque.com\/cd\/wp-content\/uploads\/2022\/05\/imagem-base-noticiasemdestaque.png\",\"contentUrl\":\"https:\/\/noticiasemdestaque.com\/cd\/wp-content\/uploads\/2022\/05\/imagem-base-noticiasemdestaque.png\",\"width\":1200,\"height\":630,\"caption\":\"Not\u00edcias em Destaque\"},\"image\":{\"@id\":\"https:\/\/noticiasemdestaque.com\/cd\/#\/schema\/logo\/image\/\"}},{\"@type\":\"Person\",\"@id\":\"https:\/\/noticiasemdestaque.com\/cd\/#\/schema\/person\/6ae9188aebb8de746b8e0d472d029646\",\"name\":\"Not\u00edcias em Destaque\",\"url\":\"https:\/\/noticiasemdestaque.com\/cd\/?author=2\"}]}<\/script>\n<!-- \/ Yoast SEO plugin. -->","yoast_head_json":{"title":"Prefeito Nelsinho Honorato faz \u00faltimo convite para festa de Coxixola e confirma hor\u00e1rio do show de Safad\u00e3o - Not&iacute;cias em Destaque","robots":{"index":"index","follow":"follow","max-snippet":"max-snippet:-1","max-image-preview":"max-image-preview:large","max-video-preview":"max-video-preview:-1"},"canonical":"https:\/\/noticiasemdestaque.com\/cd\/?p=78252","og_locale":"pt_BR","og_type":"article","og_title":"Prefeito Nelsinho Honorato faz \u00faltimo convite para festa de Coxixola e confirma hor\u00e1rio do show de Safad\u00e3o - Not&iacute;cias em Destaque","og_description":"O prefeito de Coxixola, Nelsinho Honorato, realizou na tarde desta quarta-feira o \u00faltimo convite ao p\u00fablico para a grande festa em comemora\u00e7\u00e3o aos 32 anos do munic\u00edpio. Diretamente do palco onde acontecer\u00e1 a celebra\u00e7\u00e3o, o gestor refor\u00e7ou que o evento est\u00e1 totalmente confirmado e destacou a expectativa para uma das programa\u00e7\u00f5es mais aguardadas de todo o Cariri paraibano. Durante a visita, Nelsinho tamb\u00e9m anunciou oficialmente o hor\u00e1rio de um dos shows mais esperados da noite. O cantor Wesley Safad\u00e3o sobe ao palco \u00e0s 23h, prometendo animar o p\u00fablico com um repert\u00f3rio de grandes sucessos. \u201cEst\u00e1 tudo pronto e preparado com muito carinho para receber nossa popula\u00e7\u00e3o e visitantes. Quero refor\u00e7ar esse convite especial para que todos venham prestigiar essa grande festa\u201d, destacou o prefeito. A comemora\u00e7\u00e3o dos 32 anos de Coxixola deve reunir um grande p\u00fablico e movimentar a regi\u00e3o, consolidando-se como um dos principais eventos festivos do calend\u00e1rio do Cariri paraibano. Noticias em Destaque Fonte: Focando Para\u00edba","og_url":"https:\/\/noticiasemdestaque.com\/cd\/?p=78252","og_site_name":"Not&iacute;cias em Destaque","article_published_time":"2026-04-29T17:40:14+00:00","og_image":[{"width":1080,"height":1919,"url":"https:\/\/noticiasemdestaque.com\/cd\/wp-content\/uploads\/2026\/04\/SaveClip.App_684167095_18374130172162509_3230580864501471280_n.jpg","type":"image\/jpeg"}],"author":"Not\u00edcias em Destaque","twitter_card":"summary_large_image","twitter_misc":{"Escrito por":"Not\u00edcias em Destaque","Est. tempo de leitura":"2 minutos"},"schema":{"@context":"https:\/\/schema.org","@graph":[{"@type":"Article","@id":"https:\/\/noticiasemdestaque.com\/cd\/?p=78252#article","isPartOf":{"@id":"https:\/\/noticiasemdestaque.com\/cd\/?p=78252"},"author":{"name":"Not\u00edcias em Destaque","@id":"https:\/\/noticiasemdestaque.com\/cd\/#\/schema\/person\/6ae9188aebb8de746b8e0d472d029646"},"headline":"Prefeito Nelsinho Honorato faz \u00faltimo convite para festa de Coxixola e confirma hor\u00e1rio do show de Safad\u00e3o","datePublished":"2026-04-29T17:40:14+00:00","mainEntityOfPage":{"@id":"https:\/\/noticiasemdestaque.com\/cd\/?p=78252"},"wordCount":193,"publisher":{"@id":"https:\/\/noticiasemdestaque.com\/cd\/#organization"},"image":{"@id":"https:\/\/noticiasemdestaque.com\/cd\/?p=78252#primaryimage"},"thumbnailUrl":"https:\/\/noticiasemdestaque.com\/cd\/wp-content\/uploads\/2026\/04\/SaveClip.App_684167095_18374130172162509_3230580864501471280_n.jpg","articleSection":["Cidades"],"inLanguage":"pt-BR"},{"@type":"WebPage","@id":"https:\/\/noticiasemdestaque.com\/cd\/?p=78252","url":"https:\/\/noticiasemdestaque.com\/cd\/?p=78252","name":"Prefeito Nelsinho Honorato faz \u00faltimo convite para festa de Coxixola e confirma hor\u00e1rio do show de Safad\u00e3o - Not&iacute;cias em Destaque","isPartOf":{"@id":"https:\/\/noticiasemdestaque.com\/cd\/#website"},"primaryImageOfPage":{"@id":"https:\/\/noticiasemdestaque.com\/cd\/?p=78252#primaryimage"},"image":{"@id":"https:\/\/noticiasemdestaque.com\/cd\/?p=78252#primaryimage"},"thumbnailUrl":"https:\/\/noticiasemdestaque.com\/cd\/wp-content\/uploads\/2026\/04\/SaveClip.App_684167095_18374130172162509_3230580864501471280_n.jpg","datePublished":"2026-04-29T17:40:14+00:00","breadcrumb":{"@id":"https:\/\/noticiasemdestaque.com\/cd\/?p=78252#breadcrumb"},"inLanguage":"pt-BR","potentialAction":[{"@type":"ReadAction","target":["https:\/\/noticiasemdestaque.com\/cd\/?p=78252"]}]},{"@type":"ImageObject","inLanguage":"pt-BR","@id":"https:\/\/noticiasemdestaque.com\/cd\/?p=78252#primaryimage","url":"https:\/\/noticiasemdestaque.com\/cd\/wp-content\/uploads\/2026\/04\/SaveClip.App_684167095_18374130172162509_3230580864501471280_n.jpg","contentUrl":"https:\/\/noticiasemdestaque.com\/cd\/wp-content\/uploads\/2026\/04\/SaveClip.App_684167095_18374130172162509_3230580864501471280_n.jpg","width":1080,"height":1919},{"@type":"BreadcrumbList","@id":"https:\/\/noticiasemdestaque.com\/cd\/?p=78252#breadcrumb","itemListElement":[{"@type":"ListItem","position":1,"name":"In\u00edcio","item":"https:\/\/noticiasemdestaque.com\/cd\/"},{"@type":"ListItem","position":2,"name":"Prefeito Nelsinho Honorato faz \u00faltimo convite para festa de Coxixola e confirma hor\u00e1rio do show de Safad\u00e3o"}]},{"@type":"WebSite","@id":"https:\/\/noticiasemdestaque.com\/cd\/#website","url":"https:\/\/noticiasemdestaque.com\/cd\/","name":"Not&iacute;cias em Destaque","description":"","publisher":{"@id":"https:\/\/noticiasemdestaque.com\/cd\/#organization"},"potentialAction":[{"@type":"SearchAction","target":{"@type":"EntryPoint","urlTemplate":"https:\/\/noticiasemdestaque.com\/cd\/?s={search_term_string}"},"query-input":{"@type":"PropertyValueSpecification","valueRequired":true,"valueName":"search_term_string"}}],"inLanguage":"pt-BR"},{"@type":"Organization","@id":"https:\/\/noticiasemdestaque.com\/cd\/#organization","name":"Not\u00edcias em Destaque","url":"https:\/\/noticiasemdestaque.com\/cd\/","logo":{"@type":"ImageObject","inLanguage":"pt-BR","@id":"https:\/\/noticiasemdestaque.com\/cd\/#\/schema\/logo\/image\/","url":"https:\/\/noticiasemdestaque.com\/cd\/wp-content\/uploads\/2022\/05\/imagem-base-noticiasemdestaque.png","contentUrl":"https:\/\/noticiasemdestaque.com\/cd\/wp-content\/uploads\/2022\/05\/imagem-base-noticiasemdestaque.png","width":1200,"height":630,"caption":"Not\u00edcias em Destaque"},"image":{"@id":"https:\/\/noticiasemdestaque.com\/cd\/#\/schema\/logo\/image\/"}},{"@type":"Person","@id":"https:\/\/noticiasemdestaque.com\/cd\/#\/schema\/person\/6ae9188aebb8de746b8e0d472d029646","name":"Not\u00edcias em Destaque","url":"https:\/\/noticiasemdestaque.com\/cd\/?author=2"}]}},"jetpack_featured_media_url":"https:\/\/noticiasemdestaque.com\/cd\/wp-content\/uploads\/2026\/04\/SaveClip.App_684167095_18374130172162509_3230580864501471280_n.jpg","jetpack_sharing_enabled":true,"_links":{"self":[{"href":"https:\/\/noticiasemdestaque.com\/cd\/index.php?rest_route=\/wp\/v2\/posts\/78252","targetHints":{"allow":["GET"]}}],"collection":[{"href":"https:\/\/noticiasemdestaque.com\/cd\/index.php?rest_route=\/wp\/v2\/posts"}],"about":[{"href":"https:\/\/noticiasemdestaque.com\/cd\/index.php?rest_route=\/wp\/v2\/types\/post"}],"author":[{"embeddable":true,"href":"https:\/\/noticiasemdestaque.com\/cd\/index.php?rest_route=\/wp\/v2\/users\/2"}],"replies":[{"embeddable":true,"href":"https:\/\/noticiasemdestaque.com\/cd\/index.php?rest_route=%2Fwp%2Fv2%2Fcomments&post=78252"}],"version-history":[{"count":1,"href":"https:\/\/noticiasemdestaque.com\/cd\/index.php?rest_route=\/wp\/v2\/posts\/78252\/revisions"}],"predecessor-version":[{"id":78254,"href":"https:\/\/noticiasemdestaque.com\/cd\/index.php?rest_route=\/wp\/v2\/posts\/78252\/revisions\/78254"}],"wp:featuredmedia":[{"embeddable":true,"href":"https:\/\/noticiasemdestaque.com\/cd\/index.php?rest_route=\/wp\/v2\/media\/78253"}],"wp:attachment":[{"href":"https:\/\/noticiasemdestaque.com\/cd\/index.php?rest_route=%2Fwp%2Fv2%2Fmedia&parent=78252"}],"wp:term":[{"taxonomy":"category","embeddable":true,"href":"https:\/\/noticiasemdestaque.com\/cd\/index.php?rest_route=%2Fwp%2Fv2%2Fcategories&post=78252"},{"taxonomy":"post_tag","embeddable":true,"href":"https:\/\/noticiasemdestaque.com\/cd\/index.php?rest_route=%2Fwp%2Fv2%2Ftags&post=78252"}],"curies":[{"name":"wp","href":"https:\/\/api.w.org\/{rel}","templated":true}]}}