{"id":78249,"date":"2026-04-29T14:33:33","date_gmt":"2026-04-29T17:33:33","guid":{"rendered":"https:\/\/noticiasemdestaque.com\/cd\/?p=78249"},"modified":"2026-04-29T14:33:33","modified_gmt":"2026-04-29T17:33:33","slug":"gestao-municipal-garante-mais-um-reconhecimento-para-sume-na-area-de-saude-do-trabalhador","status":"publish","type":"post","link":"https:\/\/noticiasemdestaque.com\/cd\/?p=78249","title":{"rendered":"Gest\u00e3o municipal garante mais um reconhecimento para Sum\u00e9 na \u00e1rea de Sa\u00fade do Trabalhador"},"content":{"rendered":"<p><a href=\"https:\/\/noticiasemdestaque.com\/cd\/wp-content\/uploads\/2026\/04\/WhatsApp-Image-2026-04-29-at-13.56.38.jpeg\"><img fetchpriority=\"high\" decoding=\"async\" class=\" wp-image-78250 aligncenter\" src=\"https:\/\/noticiasemdestaque.com\/cd\/wp-content\/uploads\/2026\/04\/WhatsApp-Image-2026-04-29-at-13.56.38-300x225.jpeg\" alt=\"\" width=\"920\" height=\"690\" srcset=\"https:\/\/noticiasemdestaque.com\/cd\/wp-content\/uploads\/2026\/04\/WhatsApp-Image-2026-04-29-at-13.56.38-300x225.jpeg 300w, https:\/\/noticiasemdestaque.com\/cd\/wp-content\/uploads\/2026\/04\/WhatsApp-Image-2026-04-29-at-13.56.38-1024x768.jpeg 1024w, https:\/\/noticiasemdestaque.com\/cd\/wp-content\/uploads\/2026\/04\/WhatsApp-Image-2026-04-29-at-13.56.38-768x576.jpeg 768w, https:\/\/noticiasemdestaque.com\/cd\/wp-content\/uploads\/2026\/04\/WhatsApp-Image-2026-04-29-at-13.56.38-1536x1152.jpeg 1536w, https:\/\/noticiasemdestaque.com\/cd\/wp-content\/uploads\/2026\/04\/WhatsApp-Image-2026-04-29-at-13.56.38.jpeg 1600w\" sizes=\"(max-width: 920px) 100vw, 920px\" \/><\/a><\/p>\n<p>Por mais um ano, o munic\u00edpio de Sum\u00e9 \u00e9 destaque em Sa\u00fade e Seguran\u00e7a do Trabalhador. O munic\u00edpio marcou presen\u00e7a no IV Encontro Geral das Refer\u00eancias T\u00e9cnicas em Sa\u00fade do Trabalhador da 2\u00aa Macrorregi\u00e3o de Sa\u00fade da Para\u00edba, em Campina Grande, promovido pelo Centro de Refer\u00eancia em Sa\u00fade do Trabalhador (CEREST-CG), em parceria com a Procuradoria Regional do Trabalho da 13\u00aa Regi\u00e3o, realizado em 28 de abril de 2026.<\/p>\n<p>Na ocasi\u00e3o, foi apresentada a devolutiva do Projeto Qualifica Munic\u00edpio 2025, iniciativa que avalia e reconhece as a\u00e7\u00f5es desenvolvidas pelos munic\u00edpios na \u00e1rea de Sa\u00fade do Trabalhador.<\/p>\n<p>E Sum\u00e9 tem mais um grande motivo para celebrar: o munic\u00edpio conquistou, pelo terceiro ano consecutivo (2023, 2024 e 2025), certifica\u00e7\u00e3o de destaque, permanecendo entre os cinco munic\u00edpios com melhor desempenho da regi\u00e3o. O reconhecimento evidencia o compromisso da gest\u00e3o municipal com a promo\u00e7\u00e3o, cuidado e a preven\u00e7\u00e3o de doen\u00e7as ocupacionais de seus servidores e colaboradores.<\/p>\n<blockquote><p>\u201cEste \u00e9 mais um momento importante de reconhecimento, de que Sum\u00e9 atua e mant\u00e9m as atividades de prote\u00e7\u00e3o e seguran\u00e7a, de acordo com as Normas Regulamentadoras. S\u00e3o a\u00e7\u00f5es cont\u00ednuas da equipe, que diariamente vai construindo e mostrando os caminhos de um ambiente laboral seguro para todos os servidores\u201d, declarou a secret\u00e1ria de Sa\u00fade, Niedja Rodrigues.<\/p><\/blockquote>\n<p>A participa\u00e7\u00e3o da equipe da Vigil\u00e2ncia em Sa\u00fade, que foi representada pelo servidor Pablo Rafael, reafirma o empenho da administra\u00e7\u00e3o municipal em fortalecer pol\u00edticas p\u00fablicas eficientes, mesmo diante dos desafios di\u00e1rios.<\/p>\n<p>Esta conquista valoriza o esfor\u00e7o coletivo de todos os profissionais envolvidos e incentiva a continuidade de a\u00e7\u00f5es que impactam positivamente a vida da popula\u00e7\u00e3o.<\/p>\n<p><strong>Noticias em Destaque<\/strong><\/p>\n<p style=\"text-align: right;\"><em>Fonte: Ascom PMS<\/em><\/p>\n","protected":false},"excerpt":{"rendered":"<p>Por mais um ano, o munic\u00edpio de Sum\u00e9 \u00e9 destaque em Sa\u00fade e Seguran\u00e7a do Trabalhador. O munic\u00edpio marcou presen\u00e7a no IV Encontro Geral das Refer\u00eancias T\u00e9cnicas em Sa\u00fade do Trabalhador da 2\u00aa Macrorregi\u00e3o de Sa\u00fade da Para\u00edba, em Campina Grande, promovido pelo Centro de Refer\u00eancia em Sa\u00fade do Trabalhador (CEREST-CG), em parceria com a Procuradoria Regional do Trabalho da 13\u00aa Regi\u00e3o, realizado em 28 de abril de 2026. Na ocasi\u00e3o, foi apresentada a devolutiva do Projeto Qualifica Munic\u00edpio 2025, iniciativa que avalia e reconhece as a\u00e7\u00f5es desenvolvidas pelos munic\u00edpios na \u00e1rea de Sa\u00fade do Trabalhador. E Sum\u00e9 tem mais um grande motivo para celebrar: o munic\u00edpio conquistou, pelo terceiro ano consecutivo (2023, 2024 e 2025), certifica\u00e7\u00e3o de destaque, permanecendo entre os cinco munic\u00edpios com melhor desempenho da regi\u00e3o. O reconhecimento evidencia o compromisso da gest\u00e3o municipal com a promo\u00e7\u00e3o, cuidado e a preven\u00e7\u00e3o de doen\u00e7as ocupacionais de seus servidores e colaboradores. \u201cEste \u00e9 mais um momento importante de reconhecimento, de que Sum\u00e9 atua e mant\u00e9m as atividades de prote\u00e7\u00e3o e seguran\u00e7a, de acordo com as Normas Regulamentadoras. S\u00e3o a\u00e7\u00f5es cont\u00ednuas da equipe, que diariamente vai construindo e mostrando os caminhos de um ambiente laboral seguro para todos os servidores\u201d, declarou a secret\u00e1ria de Sa\u00fade, Niedja Rodrigues. A participa\u00e7\u00e3o da equipe da Vigil\u00e2ncia em Sa\u00fade, que foi representada pelo servidor Pablo Rafael, reafirma o empenho da administra\u00e7\u00e3o municipal em fortalecer pol\u00edticas p\u00fablicas eficientes, mesmo diante dos desafios di\u00e1rios. Esta conquista valoriza o esfor\u00e7o coletivo de todos os profissionais envolvidos e incentiva a continuidade de a\u00e7\u00f5es que impactam positivamente a vida da popula\u00e7\u00e3o. Noticias em Destaque Fonte: Ascom PMS<\/p>\n","protected":false},"author":2,"featured_media":78250,"comment_status":"closed","ping_status":"closed","sticky":false,"template":"","format":"standard","meta":{"_eb_attr":"","_jetpack_memberships_contains_paid_content":false,"footnotes":""},"categories":[4],"tags":[],"class_list":["post-78249","post","type-post","status-publish","format-standard","has-post-thumbnail","hentry","category-politica"],"yoast_head":"<!-- This site is optimized with the Yoast SEO plugin v26.5 - https:\/\/yoast.com\/wordpress\/plugins\/seo\/ -->\n<title>Gest\u00e3o municipal garante mais um reconhecimento para Sum\u00e9 na \u00e1rea de Sa\u00fade do Trabalhador - Not&iacute;cias em Destaque<\/title>\n<meta name=\"robots\" content=\"index, follow, max-snippet:-1, max-image-preview:large, max-video-preview:-1\" \/>\n<link rel=\"canonical\" href=\"https:\/\/noticiasemdestaque.com\/cd\/?p=78249\" \/>\n<meta property=\"og:locale\" content=\"pt_BR\" \/>\n<meta property=\"og:type\" content=\"article\" \/>\n<meta property=\"og:title\" content=\"Gest\u00e3o municipal garante mais um reconhecimento para Sum\u00e9 na \u00e1rea de Sa\u00fade do Trabalhador - Not&iacute;cias em Destaque\" \/>\n<meta property=\"og:description\" content=\"Por mais um ano, o munic\u00edpio de Sum\u00e9 \u00e9 destaque em Sa\u00fade e Seguran\u00e7a do Trabalhador. O munic\u00edpio marcou presen\u00e7a no IV Encontro Geral das Refer\u00eancias T\u00e9cnicas em Sa\u00fade do Trabalhador da 2\u00aa Macrorregi\u00e3o de Sa\u00fade da Para\u00edba, em Campina Grande, promovido pelo Centro de Refer\u00eancia em Sa\u00fade do Trabalhador (CEREST-CG), em parceria com a Procuradoria Regional do Trabalho da 13\u00aa Regi\u00e3o, realizado em 28 de abril de 2026. Na ocasi\u00e3o, foi apresentada a devolutiva do Projeto Qualifica Munic\u00edpio 2025, iniciativa que avalia e reconhece as a\u00e7\u00f5es desenvolvidas pelos munic\u00edpios na \u00e1rea de Sa\u00fade do Trabalhador. E Sum\u00e9 tem mais um grande motivo para celebrar: o munic\u00edpio conquistou, pelo terceiro ano consecutivo (2023, 2024 e 2025), certifica\u00e7\u00e3o de destaque, permanecendo entre os cinco munic\u00edpios com melhor desempenho da regi\u00e3o. O reconhecimento evidencia o compromisso da gest\u00e3o municipal com a promo\u00e7\u00e3o, cuidado e a preven\u00e7\u00e3o de doen\u00e7as ocupacionais de seus servidores e colaboradores. \u201cEste \u00e9 mais um momento importante de reconhecimento, de que Sum\u00e9 atua e mant\u00e9m as atividades de prote\u00e7\u00e3o e seguran\u00e7a, de acordo com as Normas Regulamentadoras. S\u00e3o a\u00e7\u00f5es cont\u00ednuas da equipe, que diariamente vai construindo e mostrando os caminhos de um ambiente laboral seguro para todos os servidores\u201d, declarou a secret\u00e1ria de Sa\u00fade, Niedja Rodrigues. A participa\u00e7\u00e3o da equipe da Vigil\u00e2ncia em Sa\u00fade, que foi representada pelo servidor Pablo Rafael, reafirma o empenho da administra\u00e7\u00e3o municipal em fortalecer pol\u00edticas p\u00fablicas eficientes, mesmo diante dos desafios di\u00e1rios. Esta conquista valoriza o esfor\u00e7o coletivo de todos os profissionais envolvidos e incentiva a continuidade de a\u00e7\u00f5es que impactam positivamente a vida da popula\u00e7\u00e3o. Noticias em Destaque Fonte: Ascom PMS\" \/>\n<meta property=\"og:url\" content=\"https:\/\/noticiasemdestaque.com\/cd\/?p=78249\" \/>\n<meta property=\"og:site_name\" content=\"Not&iacute;cias em Destaque\" \/>\n<meta property=\"article:published_time\" content=\"2026-04-29T17:33:33+00:00\" \/>\n<meta property=\"og:image\" content=\"https:\/\/noticiasemdestaque.com\/cd\/wp-content\/uploads\/2026\/04\/WhatsApp-Image-2026-04-29-at-13.56.38.jpeg\" \/>\n\t<meta property=\"og:image:width\" content=\"1600\" \/>\n\t<meta property=\"og:image:height\" content=\"1200\" \/>\n\t<meta property=\"og:image:type\" content=\"image\/jpeg\" \/>\n<meta name=\"author\" content=\"Not\u00edcias em Destaque\" \/>\n<meta name=\"twitter:card\" content=\"summary_large_image\" \/>\n<meta name=\"twitter:label1\" content=\"Escrito por\" \/>\n\t<meta name=\"twitter:data1\" content=\"Not\u00edcias em Destaque\" \/>\n\t<meta name=\"twitter:label2\" content=\"Est. tempo de leitura\" \/>\n\t<meta name=\"twitter:data2\" content=\"2 minutos\" \/>\n<script type=\"application\/ld+json\" class=\"yoast-schema-graph\">{\"@context\":\"https:\/\/schema.org\",\"@graph\":[{\"@type\":\"Article\",\"@id\":\"https:\/\/noticiasemdestaque.com\/cd\/?p=78249#article\",\"isPartOf\":{\"@id\":\"https:\/\/noticiasemdestaque.com\/cd\/?p=78249\"},\"author\":{\"name\":\"Not\u00edcias em Destaque\",\"@id\":\"https:\/\/noticiasemdestaque.com\/cd\/#\/schema\/person\/6ae9188aebb8de746b8e0d472d029646\"},\"headline\":\"Gest\u00e3o municipal garante mais um reconhecimento para Sum\u00e9 na \u00e1rea de Sa\u00fade do Trabalhador\",\"datePublished\":\"2026-04-29T17:33:33+00:00\",\"mainEntityOfPage\":{\"@id\":\"https:\/\/noticiasemdestaque.com\/cd\/?p=78249\"},\"wordCount\":319,\"publisher\":{\"@id\":\"https:\/\/noticiasemdestaque.com\/cd\/#organization\"},\"image\":{\"@id\":\"https:\/\/noticiasemdestaque.com\/cd\/?p=78249#primaryimage\"},\"thumbnailUrl\":\"https:\/\/noticiasemdestaque.com\/cd\/wp-content\/uploads\/2026\/04\/WhatsApp-Image-2026-04-29-at-13.56.38.jpeg\",\"articleSection\":[\"Pol\u00edtica\"],\"inLanguage\":\"pt-BR\"},{\"@type\":\"WebPage\",\"@id\":\"https:\/\/noticiasemdestaque.com\/cd\/?p=78249\",\"url\":\"https:\/\/noticiasemdestaque.com\/cd\/?p=78249\",\"name\":\"Gest\u00e3o municipal garante mais um reconhecimento para Sum\u00e9 na \u00e1rea de Sa\u00fade do Trabalhador - Not&iacute;cias em Destaque\",\"isPartOf\":{\"@id\":\"https:\/\/noticiasemdestaque.com\/cd\/#website\"},\"primaryImageOfPage\":{\"@id\":\"https:\/\/noticiasemdestaque.com\/cd\/?p=78249#primaryimage\"},\"image\":{\"@id\":\"https:\/\/noticiasemdestaque.com\/cd\/?p=78249#primaryimage\"},\"thumbnailUrl\":\"https:\/\/noticiasemdestaque.com\/cd\/wp-content\/uploads\/2026\/04\/WhatsApp-Image-2026-04-29-at-13.56.38.jpeg\",\"datePublished\":\"2026-04-29T17:33:33+00:00\",\"breadcrumb\":{\"@id\":\"https:\/\/noticiasemdestaque.com\/cd\/?p=78249#breadcrumb\"},\"inLanguage\":\"pt-BR\",\"potentialAction\":[{\"@type\":\"ReadAction\",\"target\":[\"https:\/\/noticiasemdestaque.com\/cd\/?p=78249\"]}]},{\"@type\":\"ImageObject\",\"inLanguage\":\"pt-BR\",\"@id\":\"https:\/\/noticiasemdestaque.com\/cd\/?p=78249#primaryimage\",\"url\":\"https:\/\/noticiasemdestaque.com\/cd\/wp-content\/uploads\/2026\/04\/WhatsApp-Image-2026-04-29-at-13.56.38.jpeg\",\"contentUrl\":\"https:\/\/noticiasemdestaque.com\/cd\/wp-content\/uploads\/2026\/04\/WhatsApp-Image-2026-04-29-at-13.56.38.jpeg\",\"width\":1600,\"height\":1200},{\"@type\":\"BreadcrumbList\",\"@id\":\"https:\/\/noticiasemdestaque.com\/cd\/?p=78249#breadcrumb\",\"itemListElement\":[{\"@type\":\"ListItem\",\"position\":1,\"name\":\"In\u00edcio\",\"item\":\"https:\/\/noticiasemdestaque.com\/cd\/\"},{\"@type\":\"ListItem\",\"position\":2,\"name\":\"Gest\u00e3o municipal garante mais um reconhecimento para Sum\u00e9 na \u00e1rea de Sa\u00fade do Trabalhador\"}]},{\"@type\":\"WebSite\",\"@id\":\"https:\/\/noticiasemdestaque.com\/cd\/#website\",\"url\":\"https:\/\/noticiasemdestaque.com\/cd\/\",\"name\":\"Not&iacute;cias em Destaque\",\"description\":\"\",\"publisher\":{\"@id\":\"https:\/\/noticiasemdestaque.com\/cd\/#organization\"},\"potentialAction\":[{\"@type\":\"SearchAction\",\"target\":{\"@type\":\"EntryPoint\",\"urlTemplate\":\"https:\/\/noticiasemdestaque.com\/cd\/?s={search_term_string}\"},\"query-input\":{\"@type\":\"PropertyValueSpecification\",\"valueRequired\":true,\"valueName\":\"search_term_string\"}}],\"inLanguage\":\"pt-BR\"},{\"@type\":\"Organization\",\"@id\":\"https:\/\/noticiasemdestaque.com\/cd\/#organization\",\"name\":\"Not\u00edcias em Destaque\",\"url\":\"https:\/\/noticiasemdestaque.com\/cd\/\",\"logo\":{\"@type\":\"ImageObject\",\"inLanguage\":\"pt-BR\",\"@id\":\"https:\/\/noticiasemdestaque.com\/cd\/#\/schema\/logo\/image\/\",\"url\":\"https:\/\/noticiasemdestaque.com\/cd\/wp-content\/uploads\/2022\/05\/imagem-base-noticiasemdestaque.png\",\"contentUrl\":\"https:\/\/noticiasemdestaque.com\/cd\/wp-content\/uploads\/2022\/05\/imagem-base-noticiasemdestaque.png\",\"width\":1200,\"height\":630,\"caption\":\"Not\u00edcias em Destaque\"},\"image\":{\"@id\":\"https:\/\/noticiasemdestaque.com\/cd\/#\/schema\/logo\/image\/\"}},{\"@type\":\"Person\",\"@id\":\"https:\/\/noticiasemdestaque.com\/cd\/#\/schema\/person\/6ae9188aebb8de746b8e0d472d029646\",\"name\":\"Not\u00edcias em Destaque\",\"url\":\"https:\/\/noticiasemdestaque.com\/cd\/?author=2\"}]}<\/script>\n<!-- \/ Yoast SEO plugin. -->","yoast_head_json":{"title":"Gest\u00e3o municipal garante mais um reconhecimento para Sum\u00e9 na \u00e1rea de Sa\u00fade do Trabalhador - Not&iacute;cias em Destaque","robots":{"index":"index","follow":"follow","max-snippet":"max-snippet:-1","max-image-preview":"max-image-preview:large","max-video-preview":"max-video-preview:-1"},"canonical":"https:\/\/noticiasemdestaque.com\/cd\/?p=78249","og_locale":"pt_BR","og_type":"article","og_title":"Gest\u00e3o municipal garante mais um reconhecimento para Sum\u00e9 na \u00e1rea de Sa\u00fade do Trabalhador - Not&iacute;cias em Destaque","og_description":"Por mais um ano, o munic\u00edpio de Sum\u00e9 \u00e9 destaque em Sa\u00fade e Seguran\u00e7a do Trabalhador. O munic\u00edpio marcou presen\u00e7a no IV Encontro Geral das Refer\u00eancias T\u00e9cnicas em Sa\u00fade do Trabalhador da 2\u00aa Macrorregi\u00e3o de Sa\u00fade da Para\u00edba, em Campina Grande, promovido pelo Centro de Refer\u00eancia em Sa\u00fade do Trabalhador (CEREST-CG), em parceria com a Procuradoria Regional do Trabalho da 13\u00aa Regi\u00e3o, realizado em 28 de abril de 2026. Na ocasi\u00e3o, foi apresentada a devolutiva do Projeto Qualifica Munic\u00edpio 2025, iniciativa que avalia e reconhece as a\u00e7\u00f5es desenvolvidas pelos munic\u00edpios na \u00e1rea de Sa\u00fade do Trabalhador. E Sum\u00e9 tem mais um grande motivo para celebrar: o munic\u00edpio conquistou, pelo terceiro ano consecutivo (2023, 2024 e 2025), certifica\u00e7\u00e3o de destaque, permanecendo entre os cinco munic\u00edpios com melhor desempenho da regi\u00e3o. O reconhecimento evidencia o compromisso da gest\u00e3o municipal com a promo\u00e7\u00e3o, cuidado e a preven\u00e7\u00e3o de doen\u00e7as ocupacionais de seus servidores e colaboradores. \u201cEste \u00e9 mais um momento importante de reconhecimento, de que Sum\u00e9 atua e mant\u00e9m as atividades de prote\u00e7\u00e3o e seguran\u00e7a, de acordo com as Normas Regulamentadoras. S\u00e3o a\u00e7\u00f5es cont\u00ednuas da equipe, que diariamente vai construindo e mostrando os caminhos de um ambiente laboral seguro para todos os servidores\u201d, declarou a secret\u00e1ria de Sa\u00fade, Niedja Rodrigues. A participa\u00e7\u00e3o da equipe da Vigil\u00e2ncia em Sa\u00fade, que foi representada pelo servidor Pablo Rafael, reafirma o empenho da administra\u00e7\u00e3o municipal em fortalecer pol\u00edticas p\u00fablicas eficientes, mesmo diante dos desafios di\u00e1rios. Esta conquista valoriza o esfor\u00e7o coletivo de todos os profissionais envolvidos e incentiva a continuidade de a\u00e7\u00f5es que impactam positivamente a vida da popula\u00e7\u00e3o. Noticias em Destaque Fonte: Ascom PMS","og_url":"https:\/\/noticiasemdestaque.com\/cd\/?p=78249","og_site_name":"Not&iacute;cias em Destaque","article_published_time":"2026-04-29T17:33:33+00:00","og_image":[{"width":1600,"height":1200,"url":"https:\/\/noticiasemdestaque.com\/cd\/wp-content\/uploads\/2026\/04\/WhatsApp-Image-2026-04-29-at-13.56.38.jpeg","type":"image\/jpeg"}],"author":"Not\u00edcias em Destaque","twitter_card":"summary_large_image","twitter_misc":{"Escrito por":"Not\u00edcias em Destaque","Est. tempo de leitura":"2 minutos"},"schema":{"@context":"https:\/\/schema.org","@graph":[{"@type":"Article","@id":"https:\/\/noticiasemdestaque.com\/cd\/?p=78249#article","isPartOf":{"@id":"https:\/\/noticiasemdestaque.com\/cd\/?p=78249"},"author":{"name":"Not\u00edcias em Destaque","@id":"https:\/\/noticiasemdestaque.com\/cd\/#\/schema\/person\/6ae9188aebb8de746b8e0d472d029646"},"headline":"Gest\u00e3o municipal garante mais um reconhecimento para Sum\u00e9 na \u00e1rea de Sa\u00fade do Trabalhador","datePublished":"2026-04-29T17:33:33+00:00","mainEntityOfPage":{"@id":"https:\/\/noticiasemdestaque.com\/cd\/?p=78249"},"wordCount":319,"publisher":{"@id":"https:\/\/noticiasemdestaque.com\/cd\/#organization"},"image":{"@id":"https:\/\/noticiasemdestaque.com\/cd\/?p=78249#primaryimage"},"thumbnailUrl":"https:\/\/noticiasemdestaque.com\/cd\/wp-content\/uploads\/2026\/04\/WhatsApp-Image-2026-04-29-at-13.56.38.jpeg","articleSection":["Pol\u00edtica"],"inLanguage":"pt-BR"},{"@type":"WebPage","@id":"https:\/\/noticiasemdestaque.com\/cd\/?p=78249","url":"https:\/\/noticiasemdestaque.com\/cd\/?p=78249","name":"Gest\u00e3o municipal garante mais um reconhecimento para Sum\u00e9 na \u00e1rea de Sa\u00fade do Trabalhador - Not&iacute;cias em Destaque","isPartOf":{"@id":"https:\/\/noticiasemdestaque.com\/cd\/#website"},"primaryImageOfPage":{"@id":"https:\/\/noticiasemdestaque.com\/cd\/?p=78249#primaryimage"},"image":{"@id":"https:\/\/noticiasemdestaque.com\/cd\/?p=78249#primaryimage"},"thumbnailUrl":"https:\/\/noticiasemdestaque.com\/cd\/wp-content\/uploads\/2026\/04\/WhatsApp-Image-2026-04-29-at-13.56.38.jpeg","datePublished":"2026-04-29T17:33:33+00:00","breadcrumb":{"@id":"https:\/\/noticiasemdestaque.com\/cd\/?p=78249#breadcrumb"},"inLanguage":"pt-BR","potentialAction":[{"@type":"ReadAction","target":["https:\/\/noticiasemdestaque.com\/cd\/?p=78249"]}]},{"@type":"ImageObject","inLanguage":"pt-BR","@id":"https:\/\/noticiasemdestaque.com\/cd\/?p=78249#primaryimage","url":"https:\/\/noticiasemdestaque.com\/cd\/wp-content\/uploads\/2026\/04\/WhatsApp-Image-2026-04-29-at-13.56.38.jpeg","contentUrl":"https:\/\/noticiasemdestaque.com\/cd\/wp-content\/uploads\/2026\/04\/WhatsApp-Image-2026-04-29-at-13.56.38.jpeg","width":1600,"height":1200},{"@type":"BreadcrumbList","@id":"https:\/\/noticiasemdestaque.com\/cd\/?p=78249#breadcrumb","itemListElement":[{"@type":"ListItem","position":1,"name":"In\u00edcio","item":"https:\/\/noticiasemdestaque.com\/cd\/"},{"@type":"ListItem","position":2,"name":"Gest\u00e3o municipal garante mais um reconhecimento para Sum\u00e9 na \u00e1rea de Sa\u00fade do Trabalhador"}]},{"@type":"WebSite","@id":"https:\/\/noticiasemdestaque.com\/cd\/#website","url":"https:\/\/noticiasemdestaque.com\/cd\/","name":"Not&iacute;cias em Destaque","description":"","publisher":{"@id":"https:\/\/noticiasemdestaque.com\/cd\/#organization"},"potentialAction":[{"@type":"SearchAction","target":{"@type":"EntryPoint","urlTemplate":"https:\/\/noticiasemdestaque.com\/cd\/?s={search_term_string}"},"query-input":{"@type":"PropertyValueSpecification","valueRequired":true,"valueName":"search_term_string"}}],"inLanguage":"pt-BR"},{"@type":"Organization","@id":"https:\/\/noticiasemdestaque.com\/cd\/#organization","name":"Not\u00edcias em Destaque","url":"https:\/\/noticiasemdestaque.com\/cd\/","logo":{"@type":"ImageObject","inLanguage":"pt-BR","@id":"https:\/\/noticiasemdestaque.com\/cd\/#\/schema\/logo\/image\/","url":"https:\/\/noticiasemdestaque.com\/cd\/wp-content\/uploads\/2022\/05\/imagem-base-noticiasemdestaque.png","contentUrl":"https:\/\/noticiasemdestaque.com\/cd\/wp-content\/uploads\/2022\/05\/imagem-base-noticiasemdestaque.png","width":1200,"height":630,"caption":"Not\u00edcias em Destaque"},"image":{"@id":"https:\/\/noticiasemdestaque.com\/cd\/#\/schema\/logo\/image\/"}},{"@type":"Person","@id":"https:\/\/noticiasemdestaque.com\/cd\/#\/schema\/person\/6ae9188aebb8de746b8e0d472d029646","name":"Not\u00edcias em Destaque","url":"https:\/\/noticiasemdestaque.com\/cd\/?author=2"}]}},"jetpack_featured_media_url":"https:\/\/noticiasemdestaque.com\/cd\/wp-content\/uploads\/2026\/04\/WhatsApp-Image-2026-04-29-at-13.56.38.jpeg","jetpack_sharing_enabled":true,"_links":{"self":[{"href":"https:\/\/noticiasemdestaque.com\/cd\/index.php?rest_route=\/wp\/v2\/posts\/78249","targetHints":{"allow":["GET"]}}],"collection":[{"href":"https:\/\/noticiasemdestaque.com\/cd\/index.php?rest_route=\/wp\/v2\/posts"}],"about":[{"href":"https:\/\/noticiasemdestaque.com\/cd\/index.php?rest_route=\/wp\/v2\/types\/post"}],"author":[{"embeddable":true,"href":"https:\/\/noticiasemdestaque.com\/cd\/index.php?rest_route=\/wp\/v2\/users\/2"}],"replies":[{"embeddable":true,"href":"https:\/\/noticiasemdestaque.com\/cd\/index.php?rest_route=%2Fwp%2Fv2%2Fcomments&post=78249"}],"version-history":[{"count":1,"href":"https:\/\/noticiasemdestaque.com\/cd\/index.php?rest_route=\/wp\/v2\/posts\/78249\/revisions"}],"predecessor-version":[{"id":78251,"href":"https:\/\/noticiasemdestaque.com\/cd\/index.php?rest_route=\/wp\/v2\/posts\/78249\/revisions\/78251"}],"wp:featuredmedia":[{"embeddable":true,"href":"https:\/\/noticiasemdestaque.com\/cd\/index.php?rest_route=\/wp\/v2\/media\/78250"}],"wp:attachment":[{"href":"https:\/\/noticiasemdestaque.com\/cd\/index.php?rest_route=%2Fwp%2Fv2%2Fmedia&parent=78249"}],"wp:term":[{"taxonomy":"category","embeddable":true,"href":"https:\/\/noticiasemdestaque.com\/cd\/index.php?rest_route=%2Fwp%2Fv2%2Fcategories&post=78249"},{"taxonomy":"post_tag","embeddable":true,"href":"https:\/\/noticiasemdestaque.com\/cd\/index.php?rest_route=%2Fwp%2Fv2%2Ftags&post=78249"}],"curies":[{"name":"wp","href":"https:\/\/api.w.org\/{rel}","templated":true}]}}