{"id":78227,"date":"2026-04-29T08:52:22","date_gmt":"2026-04-29T11:52:22","guid":{"rendered":"https:\/\/noticiasemdestaque.com\/cd\/?p=78227"},"modified":"2026-04-29T08:52:22","modified_gmt":"2026-04-29T11:52:22","slug":"abastecimento-de-agua-de-sume-entra-na-pauta-prioritaria-em-agenda-do-prefeito-na-capital","status":"publish","type":"post","link":"https:\/\/noticiasemdestaque.com\/cd\/?p=78227","title":{"rendered":"Abastecimento de \u00e1gua de Sum\u00e9 entra na pauta priorit\u00e1ria em agenda do prefeito na Capital"},"content":{"rendered":"<p><a href=\"https:\/\/noticiasemdestaque.com\/cd\/wp-content\/uploads\/2026\/04\/WhatsApp-Image-2026-04-27-at-13.48.35.jpeg\"><img fetchpriority=\"high\" decoding=\"async\" class=\" wp-image-78228 aligncenter\" src=\"https:\/\/noticiasemdestaque.com\/cd\/wp-content\/uploads\/2026\/04\/WhatsApp-Image-2026-04-27-at-13.48.35-225x300.jpeg\" alt=\"\" width=\"761\" height=\"1015\" srcset=\"https:\/\/noticiasemdestaque.com\/cd\/wp-content\/uploads\/2026\/04\/WhatsApp-Image-2026-04-27-at-13.48.35-225x300.jpeg 225w, https:\/\/noticiasemdestaque.com\/cd\/wp-content\/uploads\/2026\/04\/WhatsApp-Image-2026-04-27-at-13.48.35-768x1024.jpeg 768w, https:\/\/noticiasemdestaque.com\/cd\/wp-content\/uploads\/2026\/04\/WhatsApp-Image-2026-04-27-at-13.48.35-1152x1536.jpeg 1152w, https:\/\/noticiasemdestaque.com\/cd\/wp-content\/uploads\/2026\/04\/WhatsApp-Image-2026-04-27-at-13.48.35.jpeg 1200w\" sizes=\"(max-width: 761px) 100vw, 761px\" \/><\/a><\/p>\n<p>O prefeito de Sum\u00e9, Manezinho Louren\u00e7o, cumpriu agenda institucional em Jo\u00e3o Pessoa, ao lado do deputado estadual Lindolfo Pires e do assessor Bonilson Tim\u00f3teo, com foco em demandas priorit\u00e1rias relacionadas ao abastecimento de \u00e1gua no munic\u00edpio.<\/p>\n<p data-start=\"329\" data-end=\"750\">Durante reuni\u00e3o com o presidente da Companhia de \u00c1gua e Esgotos da Para\u00edba (Cagepa), Marcos Vin\u00edcius, foram apresentadas as recorrentes falhas no abastecimento que v\u00eam afetando a popula\u00e7\u00e3o de Sum\u00e9 e do distrito de Pio X. A Companhia informou que realizar\u00e1 a substitui\u00e7\u00e3o de tubula\u00e7\u00f5es de amianto na Avenida 1\u00ba de Abril e em outras duas vias da cidade, com o objetivo de garantir maior resist\u00eancia e efici\u00eancia ao sistema.<\/p>\n<p data-start=\"752\" data-end=\"1184\">Na ocasi\u00e3o, tamb\u00e9m foram discutidas melhorias na infraestrutura h\u00eddrica, incluindo a desativa\u00e7\u00e3o do reservat\u00f3rio localizado no Alto da Caixa d\u2019\u00c1gua, que ocorrer\u00e1 ap\u00f3s a conclus\u00e3o dos testes operacionais de um novo reservat\u00f3rio. Outro ponto tratado foi o futuro abastecimento das localidades de Pio X e S\u00edtio Jurema, que passar\u00e3o a receber \u00e1gua oriunda da transposi\u00e7\u00e3o do Rio S\u00e3o Francisco, ap\u00f3s a finaliza\u00e7\u00e3o das obras em andamento.<\/p>\n<p data-start=\"1186\" data-end=\"1460\">A pauta incluiu ainda o esgotamento sanit\u00e1rio do munic\u00edpio, que dever\u00e1 ser repassado \u00e0 Cagepa, respons\u00e1vel pela concess\u00e3o dos servi\u00e7os de \u00e1gua e esgoto. A medida visa possibilitar a amplia\u00e7\u00e3o do atendimento para outros bairros, por meio de futuros conv\u00eanios com a Companhia.<\/p>\n<p data-start=\"1462\" data-end=\"1677\" data-is-last-node=\"\" data-is-only-node=\"\">O prefeito Manezinho Louren\u00e7o informa \u00e0 popula\u00e7\u00e3o que segue acompanhando de forma cont\u00ednua as demandas relacionadas ao abastecimento de \u00e1gua, adotando as medidas necess\u00e1rias e nos momentos oportunos, para garantir mais seguran\u00e7a h\u00eddrica e qualidade de vida para a popula\u00e7\u00e3o, que n\u00e3o podem mais estar sofrendo com as constantes faltas de \u00e1gua em suas resid\u00eancias.<\/p>\n<p data-start=\"1462\" data-end=\"1677\" data-is-last-node=\"\" data-is-only-node=\"\"><strong>Noticias em Destaque<\/strong><\/p>\n<p style=\"text-align: right;\"><i>Fonte: Ascom PMS<\/i><\/p>\n","protected":false},"excerpt":{"rendered":"<p>O prefeito de Sum\u00e9, Manezinho Louren\u00e7o, cumpriu agenda institucional em Jo\u00e3o Pessoa, ao lado do deputado estadual Lindolfo Pires e do assessor Bonilson Tim\u00f3teo, com foco em demandas priorit\u00e1rias relacionadas ao abastecimento de \u00e1gua no munic\u00edpio. Durante reuni\u00e3o com o presidente da Companhia de \u00c1gua e Esgotos da Para\u00edba (Cagepa), Marcos Vin\u00edcius, foram apresentadas as recorrentes falhas no abastecimento que v\u00eam afetando a popula\u00e7\u00e3o de Sum\u00e9 e do distrito de Pio X. A Companhia informou que realizar\u00e1 a substitui\u00e7\u00e3o de tubula\u00e7\u00f5es de amianto na Avenida 1\u00ba de Abril e em outras duas vias da cidade, com o objetivo de garantir maior resist\u00eancia e efici\u00eancia ao sistema. Na ocasi\u00e3o, tamb\u00e9m foram discutidas melhorias na infraestrutura h\u00eddrica, incluindo a desativa\u00e7\u00e3o do reservat\u00f3rio localizado no Alto da Caixa d\u2019\u00c1gua, que ocorrer\u00e1 ap\u00f3s a conclus\u00e3o dos testes operacionais de um novo reservat\u00f3rio. Outro ponto tratado foi o futuro abastecimento das localidades de Pio X e S\u00edtio Jurema, que passar\u00e3o a receber \u00e1gua oriunda da transposi\u00e7\u00e3o do Rio S\u00e3o Francisco, ap\u00f3s a finaliza\u00e7\u00e3o das obras em andamento. A pauta incluiu ainda o esgotamento sanit\u00e1rio do munic\u00edpio, que dever\u00e1 ser repassado \u00e0 Cagepa, respons\u00e1vel pela concess\u00e3o dos servi\u00e7os de \u00e1gua e esgoto. A medida visa possibilitar a amplia\u00e7\u00e3o do atendimento para outros bairros, por meio de futuros conv\u00eanios com a Companhia. O prefeito Manezinho Louren\u00e7o informa \u00e0 popula\u00e7\u00e3o que segue acompanhando de forma cont\u00ednua as demandas relacionadas ao abastecimento de \u00e1gua, adotando as medidas necess\u00e1rias e nos momentos oportunos, para garantir mais seguran\u00e7a h\u00eddrica e qualidade de vida para a popula\u00e7\u00e3o, que n\u00e3o podem mais estar sofrendo com as constantes faltas de \u00e1gua em suas resid\u00eancias. Noticias em Destaque Fonte: Ascom PMS<\/p>\n","protected":false},"author":2,"featured_media":78228,"comment_status":"closed","ping_status":"closed","sticky":false,"template":"","format":"standard","meta":{"_eb_attr":"","_jetpack_memberships_contains_paid_content":false,"footnotes":""},"categories":[4],"tags":[],"class_list":["post-78227","post","type-post","status-publish","format-standard","has-post-thumbnail","hentry","category-politica"],"yoast_head":"<!-- This site is optimized with the Yoast SEO plugin v26.5 - https:\/\/yoast.com\/wordpress\/plugins\/seo\/ -->\n<title>Abastecimento de \u00e1gua de Sum\u00e9 entra na pauta priorit\u00e1ria em agenda do prefeito na Capital - Not&iacute;cias em Destaque<\/title>\n<meta name=\"robots\" content=\"index, follow, max-snippet:-1, max-image-preview:large, max-video-preview:-1\" \/>\n<link rel=\"canonical\" href=\"https:\/\/noticiasemdestaque.com\/cd\/?p=78227\" \/>\n<meta property=\"og:locale\" content=\"pt_BR\" \/>\n<meta property=\"og:type\" content=\"article\" \/>\n<meta property=\"og:title\" content=\"Abastecimento de \u00e1gua de Sum\u00e9 entra na pauta priorit\u00e1ria em agenda do prefeito na Capital - Not&iacute;cias em Destaque\" \/>\n<meta property=\"og:description\" content=\"O prefeito de Sum\u00e9, Manezinho Louren\u00e7o, cumpriu agenda institucional em Jo\u00e3o Pessoa, ao lado do deputado estadual Lindolfo Pires e do assessor Bonilson Tim\u00f3teo, com foco em demandas priorit\u00e1rias relacionadas ao abastecimento de \u00e1gua no munic\u00edpio. Durante reuni\u00e3o com o presidente da Companhia de \u00c1gua e Esgotos da Para\u00edba (Cagepa), Marcos Vin\u00edcius, foram apresentadas as recorrentes falhas no abastecimento que v\u00eam afetando a popula\u00e7\u00e3o de Sum\u00e9 e do distrito de Pio X. A Companhia informou que realizar\u00e1 a substitui\u00e7\u00e3o de tubula\u00e7\u00f5es de amianto na Avenida 1\u00ba de Abril e em outras duas vias da cidade, com o objetivo de garantir maior resist\u00eancia e efici\u00eancia ao sistema. Na ocasi\u00e3o, tamb\u00e9m foram discutidas melhorias na infraestrutura h\u00eddrica, incluindo a desativa\u00e7\u00e3o do reservat\u00f3rio localizado no Alto da Caixa d\u2019\u00c1gua, que ocorrer\u00e1 ap\u00f3s a conclus\u00e3o dos testes operacionais de um novo reservat\u00f3rio. Outro ponto tratado foi o futuro abastecimento das localidades de Pio X e S\u00edtio Jurema, que passar\u00e3o a receber \u00e1gua oriunda da transposi\u00e7\u00e3o do Rio S\u00e3o Francisco, ap\u00f3s a finaliza\u00e7\u00e3o das obras em andamento. A pauta incluiu ainda o esgotamento sanit\u00e1rio do munic\u00edpio, que dever\u00e1 ser repassado \u00e0 Cagepa, respons\u00e1vel pela concess\u00e3o dos servi\u00e7os de \u00e1gua e esgoto. A medida visa possibilitar a amplia\u00e7\u00e3o do atendimento para outros bairros, por meio de futuros conv\u00eanios com a Companhia. O prefeito Manezinho Louren\u00e7o informa \u00e0 popula\u00e7\u00e3o que segue acompanhando de forma cont\u00ednua as demandas relacionadas ao abastecimento de \u00e1gua, adotando as medidas necess\u00e1rias e nos momentos oportunos, para garantir mais seguran\u00e7a h\u00eddrica e qualidade de vida para a popula\u00e7\u00e3o, que n\u00e3o podem mais estar sofrendo com as constantes faltas de \u00e1gua em suas resid\u00eancias. Noticias em Destaque Fonte: Ascom PMS\" \/>\n<meta property=\"og:url\" content=\"https:\/\/noticiasemdestaque.com\/cd\/?p=78227\" \/>\n<meta property=\"og:site_name\" content=\"Not&iacute;cias em Destaque\" \/>\n<meta property=\"article:published_time\" content=\"2026-04-29T11:52:22+00:00\" \/>\n<meta property=\"og:image\" content=\"https:\/\/noticiasemdestaque.com\/cd\/wp-content\/uploads\/2026\/04\/WhatsApp-Image-2026-04-27-at-13.48.35.jpeg\" \/>\n\t<meta property=\"og:image:width\" content=\"1200\" \/>\n\t<meta property=\"og:image:height\" content=\"1600\" \/>\n\t<meta property=\"og:image:type\" content=\"image\/jpeg\" \/>\n<meta name=\"author\" content=\"Not\u00edcias em Destaque\" \/>\n<meta name=\"twitter:card\" content=\"summary_large_image\" \/>\n<meta name=\"twitter:label1\" content=\"Escrito por\" \/>\n\t<meta name=\"twitter:data1\" content=\"Not\u00edcias em Destaque\" \/>\n\t<meta name=\"twitter:label2\" content=\"Est. tempo de leitura\" \/>\n\t<meta name=\"twitter:data2\" content=\"2 minutos\" \/>\n<script type=\"application\/ld+json\" class=\"yoast-schema-graph\">{\"@context\":\"https:\/\/schema.org\",\"@graph\":[{\"@type\":\"Article\",\"@id\":\"https:\/\/noticiasemdestaque.com\/cd\/?p=78227#article\",\"isPartOf\":{\"@id\":\"https:\/\/noticiasemdestaque.com\/cd\/?p=78227\"},\"author\":{\"name\":\"Not\u00edcias em Destaque\",\"@id\":\"https:\/\/noticiasemdestaque.com\/cd\/#\/schema\/person\/6ae9188aebb8de746b8e0d472d029646\"},\"headline\":\"Abastecimento de \u00e1gua de Sum\u00e9 entra na pauta priorit\u00e1ria em agenda do prefeito na Capital\",\"datePublished\":\"2026-04-29T11:52:22+00:00\",\"mainEntityOfPage\":{\"@id\":\"https:\/\/noticiasemdestaque.com\/cd\/?p=78227\"},\"wordCount\":334,\"publisher\":{\"@id\":\"https:\/\/noticiasemdestaque.com\/cd\/#organization\"},\"image\":{\"@id\":\"https:\/\/noticiasemdestaque.com\/cd\/?p=78227#primaryimage\"},\"thumbnailUrl\":\"https:\/\/noticiasemdestaque.com\/cd\/wp-content\/uploads\/2026\/04\/WhatsApp-Image-2026-04-27-at-13.48.35.jpeg\",\"articleSection\":[\"Pol\u00edtica\"],\"inLanguage\":\"pt-BR\"},{\"@type\":\"WebPage\",\"@id\":\"https:\/\/noticiasemdestaque.com\/cd\/?p=78227\",\"url\":\"https:\/\/noticiasemdestaque.com\/cd\/?p=78227\",\"name\":\"Abastecimento de \u00e1gua de Sum\u00e9 entra na pauta priorit\u00e1ria em agenda do prefeito na Capital - Not&iacute;cias em Destaque\",\"isPartOf\":{\"@id\":\"https:\/\/noticiasemdestaque.com\/cd\/#website\"},\"primaryImageOfPage\":{\"@id\":\"https:\/\/noticiasemdestaque.com\/cd\/?p=78227#primaryimage\"},\"image\":{\"@id\":\"https:\/\/noticiasemdestaque.com\/cd\/?p=78227#primaryimage\"},\"thumbnailUrl\":\"https:\/\/noticiasemdestaque.com\/cd\/wp-content\/uploads\/2026\/04\/WhatsApp-Image-2026-04-27-at-13.48.35.jpeg\",\"datePublished\":\"2026-04-29T11:52:22+00:00\",\"breadcrumb\":{\"@id\":\"https:\/\/noticiasemdestaque.com\/cd\/?p=78227#breadcrumb\"},\"inLanguage\":\"pt-BR\",\"potentialAction\":[{\"@type\":\"ReadAction\",\"target\":[\"https:\/\/noticiasemdestaque.com\/cd\/?p=78227\"]}]},{\"@type\":\"ImageObject\",\"inLanguage\":\"pt-BR\",\"@id\":\"https:\/\/noticiasemdestaque.com\/cd\/?p=78227#primaryimage\",\"url\":\"https:\/\/noticiasemdestaque.com\/cd\/wp-content\/uploads\/2026\/04\/WhatsApp-Image-2026-04-27-at-13.48.35.jpeg\",\"contentUrl\":\"https:\/\/noticiasemdestaque.com\/cd\/wp-content\/uploads\/2026\/04\/WhatsApp-Image-2026-04-27-at-13.48.35.jpeg\",\"width\":1200,\"height\":1600},{\"@type\":\"BreadcrumbList\",\"@id\":\"https:\/\/noticiasemdestaque.com\/cd\/?p=78227#breadcrumb\",\"itemListElement\":[{\"@type\":\"ListItem\",\"position\":1,\"name\":\"In\u00edcio\",\"item\":\"https:\/\/noticiasemdestaque.com\/cd\/\"},{\"@type\":\"ListItem\",\"position\":2,\"name\":\"Abastecimento de \u00e1gua de Sum\u00e9 entra na pauta priorit\u00e1ria em agenda do prefeito na Capital\"}]},{\"@type\":\"WebSite\",\"@id\":\"https:\/\/noticiasemdestaque.com\/cd\/#website\",\"url\":\"https:\/\/noticiasemdestaque.com\/cd\/\",\"name\":\"Not&iacute;cias em Destaque\",\"description\":\"\",\"publisher\":{\"@id\":\"https:\/\/noticiasemdestaque.com\/cd\/#organization\"},\"potentialAction\":[{\"@type\":\"SearchAction\",\"target\":{\"@type\":\"EntryPoint\",\"urlTemplate\":\"https:\/\/noticiasemdestaque.com\/cd\/?s={search_term_string}\"},\"query-input\":{\"@type\":\"PropertyValueSpecification\",\"valueRequired\":true,\"valueName\":\"search_term_string\"}}],\"inLanguage\":\"pt-BR\"},{\"@type\":\"Organization\",\"@id\":\"https:\/\/noticiasemdestaque.com\/cd\/#organization\",\"name\":\"Not\u00edcias em Destaque\",\"url\":\"https:\/\/noticiasemdestaque.com\/cd\/\",\"logo\":{\"@type\":\"ImageObject\",\"inLanguage\":\"pt-BR\",\"@id\":\"https:\/\/noticiasemdestaque.com\/cd\/#\/schema\/logo\/image\/\",\"url\":\"https:\/\/noticiasemdestaque.com\/cd\/wp-content\/uploads\/2022\/05\/imagem-base-noticiasemdestaque.png\",\"contentUrl\":\"https:\/\/noticiasemdestaque.com\/cd\/wp-content\/uploads\/2022\/05\/imagem-base-noticiasemdestaque.png\",\"width\":1200,\"height\":630,\"caption\":\"Not\u00edcias em Destaque\"},\"image\":{\"@id\":\"https:\/\/noticiasemdestaque.com\/cd\/#\/schema\/logo\/image\/\"}},{\"@type\":\"Person\",\"@id\":\"https:\/\/noticiasemdestaque.com\/cd\/#\/schema\/person\/6ae9188aebb8de746b8e0d472d029646\",\"name\":\"Not\u00edcias em Destaque\",\"url\":\"https:\/\/noticiasemdestaque.com\/cd\/?author=2\"}]}<\/script>\n<!-- \/ Yoast SEO plugin. -->","yoast_head_json":{"title":"Abastecimento de \u00e1gua de Sum\u00e9 entra na pauta priorit\u00e1ria em agenda do prefeito na Capital - Not&iacute;cias em Destaque","robots":{"index":"index","follow":"follow","max-snippet":"max-snippet:-1","max-image-preview":"max-image-preview:large","max-video-preview":"max-video-preview:-1"},"canonical":"https:\/\/noticiasemdestaque.com\/cd\/?p=78227","og_locale":"pt_BR","og_type":"article","og_title":"Abastecimento de \u00e1gua de Sum\u00e9 entra na pauta priorit\u00e1ria em agenda do prefeito na Capital - Not&iacute;cias em Destaque","og_description":"O prefeito de Sum\u00e9, Manezinho Louren\u00e7o, cumpriu agenda institucional em Jo\u00e3o Pessoa, ao lado do deputado estadual Lindolfo Pires e do assessor Bonilson Tim\u00f3teo, com foco em demandas priorit\u00e1rias relacionadas ao abastecimento de \u00e1gua no munic\u00edpio. Durante reuni\u00e3o com o presidente da Companhia de \u00c1gua e Esgotos da Para\u00edba (Cagepa), Marcos Vin\u00edcius, foram apresentadas as recorrentes falhas no abastecimento que v\u00eam afetando a popula\u00e7\u00e3o de Sum\u00e9 e do distrito de Pio X. A Companhia informou que realizar\u00e1 a substitui\u00e7\u00e3o de tubula\u00e7\u00f5es de amianto na Avenida 1\u00ba de Abril e em outras duas vias da cidade, com o objetivo de garantir maior resist\u00eancia e efici\u00eancia ao sistema. Na ocasi\u00e3o, tamb\u00e9m foram discutidas melhorias na infraestrutura h\u00eddrica, incluindo a desativa\u00e7\u00e3o do reservat\u00f3rio localizado no Alto da Caixa d\u2019\u00c1gua, que ocorrer\u00e1 ap\u00f3s a conclus\u00e3o dos testes operacionais de um novo reservat\u00f3rio. Outro ponto tratado foi o futuro abastecimento das localidades de Pio X e S\u00edtio Jurema, que passar\u00e3o a receber \u00e1gua oriunda da transposi\u00e7\u00e3o do Rio S\u00e3o Francisco, ap\u00f3s a finaliza\u00e7\u00e3o das obras em andamento. A pauta incluiu ainda o esgotamento sanit\u00e1rio do munic\u00edpio, que dever\u00e1 ser repassado \u00e0 Cagepa, respons\u00e1vel pela concess\u00e3o dos servi\u00e7os de \u00e1gua e esgoto. A medida visa possibilitar a amplia\u00e7\u00e3o do atendimento para outros bairros, por meio de futuros conv\u00eanios com a Companhia. O prefeito Manezinho Louren\u00e7o informa \u00e0 popula\u00e7\u00e3o que segue acompanhando de forma cont\u00ednua as demandas relacionadas ao abastecimento de \u00e1gua, adotando as medidas necess\u00e1rias e nos momentos oportunos, para garantir mais seguran\u00e7a h\u00eddrica e qualidade de vida para a popula\u00e7\u00e3o, que n\u00e3o podem mais estar sofrendo com as constantes faltas de \u00e1gua em suas resid\u00eancias. Noticias em Destaque Fonte: Ascom PMS","og_url":"https:\/\/noticiasemdestaque.com\/cd\/?p=78227","og_site_name":"Not&iacute;cias em Destaque","article_published_time":"2026-04-29T11:52:22+00:00","og_image":[{"width":1200,"height":1600,"url":"https:\/\/noticiasemdestaque.com\/cd\/wp-content\/uploads\/2026\/04\/WhatsApp-Image-2026-04-27-at-13.48.35.jpeg","type":"image\/jpeg"}],"author":"Not\u00edcias em Destaque","twitter_card":"summary_large_image","twitter_misc":{"Escrito por":"Not\u00edcias em Destaque","Est. tempo de leitura":"2 minutos"},"schema":{"@context":"https:\/\/schema.org","@graph":[{"@type":"Article","@id":"https:\/\/noticiasemdestaque.com\/cd\/?p=78227#article","isPartOf":{"@id":"https:\/\/noticiasemdestaque.com\/cd\/?p=78227"},"author":{"name":"Not\u00edcias em Destaque","@id":"https:\/\/noticiasemdestaque.com\/cd\/#\/schema\/person\/6ae9188aebb8de746b8e0d472d029646"},"headline":"Abastecimento de \u00e1gua de Sum\u00e9 entra na pauta priorit\u00e1ria em agenda do prefeito na Capital","datePublished":"2026-04-29T11:52:22+00:00","mainEntityOfPage":{"@id":"https:\/\/noticiasemdestaque.com\/cd\/?p=78227"},"wordCount":334,"publisher":{"@id":"https:\/\/noticiasemdestaque.com\/cd\/#organization"},"image":{"@id":"https:\/\/noticiasemdestaque.com\/cd\/?p=78227#primaryimage"},"thumbnailUrl":"https:\/\/noticiasemdestaque.com\/cd\/wp-content\/uploads\/2026\/04\/WhatsApp-Image-2026-04-27-at-13.48.35.jpeg","articleSection":["Pol\u00edtica"],"inLanguage":"pt-BR"},{"@type":"WebPage","@id":"https:\/\/noticiasemdestaque.com\/cd\/?p=78227","url":"https:\/\/noticiasemdestaque.com\/cd\/?p=78227","name":"Abastecimento de \u00e1gua de Sum\u00e9 entra na pauta priorit\u00e1ria em agenda do prefeito na Capital - Not&iacute;cias em Destaque","isPartOf":{"@id":"https:\/\/noticiasemdestaque.com\/cd\/#website"},"primaryImageOfPage":{"@id":"https:\/\/noticiasemdestaque.com\/cd\/?p=78227#primaryimage"},"image":{"@id":"https:\/\/noticiasemdestaque.com\/cd\/?p=78227#primaryimage"},"thumbnailUrl":"https:\/\/noticiasemdestaque.com\/cd\/wp-content\/uploads\/2026\/04\/WhatsApp-Image-2026-04-27-at-13.48.35.jpeg","datePublished":"2026-04-29T11:52:22+00:00","breadcrumb":{"@id":"https:\/\/noticiasemdestaque.com\/cd\/?p=78227#breadcrumb"},"inLanguage":"pt-BR","potentialAction":[{"@type":"ReadAction","target":["https:\/\/noticiasemdestaque.com\/cd\/?p=78227"]}]},{"@type":"ImageObject","inLanguage":"pt-BR","@id":"https:\/\/noticiasemdestaque.com\/cd\/?p=78227#primaryimage","url":"https:\/\/noticiasemdestaque.com\/cd\/wp-content\/uploads\/2026\/04\/WhatsApp-Image-2026-04-27-at-13.48.35.jpeg","contentUrl":"https:\/\/noticiasemdestaque.com\/cd\/wp-content\/uploads\/2026\/04\/WhatsApp-Image-2026-04-27-at-13.48.35.jpeg","width":1200,"height":1600},{"@type":"BreadcrumbList","@id":"https:\/\/noticiasemdestaque.com\/cd\/?p=78227#breadcrumb","itemListElement":[{"@type":"ListItem","position":1,"name":"In\u00edcio","item":"https:\/\/noticiasemdestaque.com\/cd\/"},{"@type":"ListItem","position":2,"name":"Abastecimento de \u00e1gua de Sum\u00e9 entra na pauta priorit\u00e1ria em agenda do prefeito na Capital"}]},{"@type":"WebSite","@id":"https:\/\/noticiasemdestaque.com\/cd\/#website","url":"https:\/\/noticiasemdestaque.com\/cd\/","name":"Not&iacute;cias em Destaque","description":"","publisher":{"@id":"https:\/\/noticiasemdestaque.com\/cd\/#organization"},"potentialAction":[{"@type":"SearchAction","target":{"@type":"EntryPoint","urlTemplate":"https:\/\/noticiasemdestaque.com\/cd\/?s={search_term_string}"},"query-input":{"@type":"PropertyValueSpecification","valueRequired":true,"valueName":"search_term_string"}}],"inLanguage":"pt-BR"},{"@type":"Organization","@id":"https:\/\/noticiasemdestaque.com\/cd\/#organization","name":"Not\u00edcias em Destaque","url":"https:\/\/noticiasemdestaque.com\/cd\/","logo":{"@type":"ImageObject","inLanguage":"pt-BR","@id":"https:\/\/noticiasemdestaque.com\/cd\/#\/schema\/logo\/image\/","url":"https:\/\/noticiasemdestaque.com\/cd\/wp-content\/uploads\/2022\/05\/imagem-base-noticiasemdestaque.png","contentUrl":"https:\/\/noticiasemdestaque.com\/cd\/wp-content\/uploads\/2022\/05\/imagem-base-noticiasemdestaque.png","width":1200,"height":630,"caption":"Not\u00edcias em Destaque"},"image":{"@id":"https:\/\/noticiasemdestaque.com\/cd\/#\/schema\/logo\/image\/"}},{"@type":"Person","@id":"https:\/\/noticiasemdestaque.com\/cd\/#\/schema\/person\/6ae9188aebb8de746b8e0d472d029646","name":"Not\u00edcias em Destaque","url":"https:\/\/noticiasemdestaque.com\/cd\/?author=2"}]}},"jetpack_featured_media_url":"https:\/\/noticiasemdestaque.com\/cd\/wp-content\/uploads\/2026\/04\/WhatsApp-Image-2026-04-27-at-13.48.35.jpeg","jetpack_sharing_enabled":true,"_links":{"self":[{"href":"https:\/\/noticiasemdestaque.com\/cd\/index.php?rest_route=\/wp\/v2\/posts\/78227","targetHints":{"allow":["GET"]}}],"collection":[{"href":"https:\/\/noticiasemdestaque.com\/cd\/index.php?rest_route=\/wp\/v2\/posts"}],"about":[{"href":"https:\/\/noticiasemdestaque.com\/cd\/index.php?rest_route=\/wp\/v2\/types\/post"}],"author":[{"embeddable":true,"href":"https:\/\/noticiasemdestaque.com\/cd\/index.php?rest_route=\/wp\/v2\/users\/2"}],"replies":[{"embeddable":true,"href":"https:\/\/noticiasemdestaque.com\/cd\/index.php?rest_route=%2Fwp%2Fv2%2Fcomments&post=78227"}],"version-history":[{"count":1,"href":"https:\/\/noticiasemdestaque.com\/cd\/index.php?rest_route=\/wp\/v2\/posts\/78227\/revisions"}],"predecessor-version":[{"id":78229,"href":"https:\/\/noticiasemdestaque.com\/cd\/index.php?rest_route=\/wp\/v2\/posts\/78227\/revisions\/78229"}],"wp:featuredmedia":[{"embeddable":true,"href":"https:\/\/noticiasemdestaque.com\/cd\/index.php?rest_route=\/wp\/v2\/media\/78228"}],"wp:attachment":[{"href":"https:\/\/noticiasemdestaque.com\/cd\/index.php?rest_route=%2Fwp%2Fv2%2Fmedia&parent=78227"}],"wp:term":[{"taxonomy":"category","embeddable":true,"href":"https:\/\/noticiasemdestaque.com\/cd\/index.php?rest_route=%2Fwp%2Fv2%2Fcategories&post=78227"},{"taxonomy":"post_tag","embeddable":true,"href":"https:\/\/noticiasemdestaque.com\/cd\/index.php?rest_route=%2Fwp%2Fv2%2Ftags&post=78227"}],"curies":[{"name":"wp","href":"https:\/\/api.w.org\/{rel}","templated":true}]}}