{"id":78221,"date":"2026-04-28T17:15:12","date_gmt":"2026-04-28T20:15:12","guid":{"rendered":"https:\/\/noticiasemdestaque.com\/cd\/?p=78221"},"modified":"2026-04-28T17:15:12","modified_gmt":"2026-04-28T20:15:12","slug":"mae-e-crianca-brasileiras-morrem-no-libano-apos-ataques-de-israel","status":"publish","type":"post","link":"https:\/\/noticiasemdestaque.com\/cd\/?p=78221","title":{"rendered":"M\u00e3e e crian\u00e7a brasileiras morrem no L\u00edbano ap\u00f3s ataques de Israel"},"content":{"rendered":"<p><a href=\"https:\/\/noticiasemdestaque.com\/cd\/wp-content\/uploads\/2026\/04\/78805a221a988e79ef3f42d7c5bfd418-223.png\"><img fetchpriority=\"high\" decoding=\"async\" class=\" wp-image-78222 aligncenter\" src=\"https:\/\/noticiasemdestaque.com\/cd\/wp-content\/uploads\/2026\/04\/78805a221a988e79ef3f42d7c5bfd418-223-300x224.png\" alt=\"\" width=\"987\" height=\"737\" srcset=\"https:\/\/noticiasemdestaque.com\/cd\/wp-content\/uploads\/2026\/04\/78805a221a988e79ef3f42d7c5bfd418-223-300x224.png 300w, https:\/\/noticiasemdestaque.com\/cd\/wp-content\/uploads\/2026\/04\/78805a221a988e79ef3f42d7c5bfd418-223.png 763w\" sizes=\"(max-width: 987px) 100vw, 987px\" \/><\/a><\/p>\n<p class=\"wp-block-paragraph\">Dois\u00a0brasileiros, sendo uma mulher e o filho\u00a0dela, de 11 anos de idade, morreram quando estavam em casa, em Bint Jeil, no Sul do L\u00edbano, ap\u00f3s ataques das for\u00e7as armadas israelenses, no domingo (26).\u00a0<img decoding=\"async\" src=\"https:\/\/agenciabrasil.ebc.com.br\/ebc.png?id=1687458&amp;o=node\" \/><img decoding=\"async\" src=\"https:\/\/agenciabrasil.ebc.com.br\/ebc.gif?id=1687458&amp;o=node\" \/><\/p>\n<p class=\"wp-block-paragraph\">A informa\u00e7\u00e3o foi confirmada na noite desta segunda (27) pelo Minist\u00e9rio das Rela\u00e7\u00f5es Exteriores do Brasil, o Itamaraty.<\/p>\n<p class=\"wp-block-paragraph\">O governo acrescentou que o pai do\u00a0menino, que \u00e9 liban\u00eas, tamb\u00e9m n\u00e3o sobreviveu aos bombardeios. Outro filho do casal, que tamb\u00e9m \u00e9 brasileiro, foi hospitalizado.<\/p>\n<p class=\"wp-block-paragraph\">Segundo a nota, a Embaixada do Brasil em Beirute est\u00e1 em contato com a fam\u00edlia das v\u00edtimas para prestar assist\u00eancia consular, incluindo ao filho hospitalizado.<\/p>\n<h2 class=\"wp-block-heading\">Viola\u00e7\u00f5es inaceit\u00e1veis<\/h2>\n<p class=\"wp-block-paragraph\">O Minist\u00e9rio das Rela\u00e7\u00f5es Exteriores considerou que o ataque constitui mais um exemplo das \u201creiteradas e inaceit\u00e1veis\u201d viola\u00e7\u00f5es ao\u00a0cessar-fogo anunciado em 16 de abril.<\/p>\n<p class=\"wp-block-paragraph\">Segundo o documento emitido pela diplomacia brasileira, essas viola\u00e7\u00f5es j\u00e1 resultaram na morte de \u201cdezenas de civis libaneses, incluindo mulheres e crian\u00e7as, assim como de uma jornalista e de dois integrantes franceses da For\u00e7a Interina das Na\u00e7\u00f5es Unidas no L\u00edbano (UNIFIL)\u201d.<\/p>\n<p class=\"wp-block-paragraph\">O governo brasileiro expressou condol\u00eancias aos familiares das v\u00edtimas e reiterou \u201cveemente condena\u00e7\u00e3o a todos os ataques perpetrados durante a vig\u00eancia do cessar-fogo, tanto por parte das for\u00e7as israelenses quanto do Hezbollah\u201d.<\/p>\n<p class=\"wp-block-paragraph\">A nota do Itamaraty tamb\u00e9m condenou as demoli\u00e7\u00f5es de resid\u00eancias e de outras estruturas civis no Sul do L\u00edbano, pelas for\u00e7as israelenses.<\/p>\n<p class=\"wp-block-paragraph\">O Brasil pede que seja cumprida a resolu\u00e7\u00e3o do Conselho de Seguran\u00e7a das Na\u00e7\u00f5es Unidas, que estabeleceu os termos do cessar-fogo desde 2006 na regi\u00e3o e tamb\u00e9m a retirada completa das for\u00e7as israelenses do territ\u00f3rio liban\u00eas.<\/p>\n<p><strong>Noticias em Destaque<\/strong><\/p>\n<p style=\"text-align: right;\"><em>Fonte: Ag\u00eancia Brasil<\/em><\/p>\n","protected":false},"excerpt":{"rendered":"<p>Dois\u00a0brasileiros, sendo uma mulher e o filho\u00a0dela, de 11 anos de idade, morreram quando estavam em casa, em Bint Jeil, no Sul do L\u00edbano, ap\u00f3s ataques das for\u00e7as armadas israelenses, no domingo (26).\u00a0 A informa\u00e7\u00e3o foi confirmada na noite desta segunda (27) pelo Minist\u00e9rio das Rela\u00e7\u00f5es Exteriores do Brasil, o Itamaraty. O governo acrescentou que o pai do\u00a0menino, que \u00e9 liban\u00eas, tamb\u00e9m n\u00e3o sobreviveu aos bombardeios. Outro filho do casal, que tamb\u00e9m \u00e9 brasileiro, foi hospitalizado. Segundo a nota, a Embaixada do Brasil em Beirute est\u00e1 em contato com a fam\u00edlia das v\u00edtimas para prestar assist\u00eancia consular, incluindo ao filho hospitalizado. Viola\u00e7\u00f5es inaceit\u00e1veis O Minist\u00e9rio das Rela\u00e7\u00f5es Exteriores considerou que o ataque constitui mais um exemplo das \u201creiteradas e inaceit\u00e1veis\u201d viola\u00e7\u00f5es ao\u00a0cessar-fogo anunciado em 16 de abril. Segundo o documento emitido pela diplomacia brasileira, essas viola\u00e7\u00f5es j\u00e1 resultaram na morte de \u201cdezenas de civis libaneses, incluindo mulheres e crian\u00e7as, assim como de uma jornalista e de dois integrantes franceses da For\u00e7a Interina das Na\u00e7\u00f5es Unidas no L\u00edbano (UNIFIL)\u201d. O governo brasileiro expressou condol\u00eancias aos familiares das v\u00edtimas e reiterou \u201cveemente condena\u00e7\u00e3o a todos os ataques perpetrados durante a vig\u00eancia do cessar-fogo, tanto por parte das for\u00e7as israelenses quanto do Hezbollah\u201d. A nota do Itamaraty tamb\u00e9m condenou as demoli\u00e7\u00f5es de resid\u00eancias e de outras estruturas civis no Sul do L\u00edbano, pelas for\u00e7as israelenses. O Brasil pede que seja cumprida a resolu\u00e7\u00e3o do Conselho de Seguran\u00e7a das Na\u00e7\u00f5es Unidas, que estabeleceu os termos do cessar-fogo desde 2006 na regi\u00e3o e tamb\u00e9m a retirada completa das for\u00e7as israelenses do territ\u00f3rio liban\u00eas. Noticias em Destaque Fonte: Ag\u00eancia Brasil<\/p>\n","protected":false},"author":2,"featured_media":78222,"comment_status":"closed","ping_status":"closed","sticky":false,"template":"","format":"standard","meta":{"_eb_attr":"","_jetpack_memberships_contains_paid_content":false,"footnotes":""},"categories":[12],"tags":[],"class_list":["post-78221","post","type-post","status-publish","format-standard","has-post-thumbnail","hentry","category-geral"],"yoast_head":"<!-- This site is optimized with the Yoast SEO plugin v26.5 - https:\/\/yoast.com\/wordpress\/plugins\/seo\/ -->\n<title>M\u00e3e e crian\u00e7a brasileiras morrem no L\u00edbano ap\u00f3s ataques de Israel - Not&iacute;cias em Destaque<\/title>\n<meta name=\"robots\" content=\"index, follow, max-snippet:-1, max-image-preview:large, max-video-preview:-1\" \/>\n<link rel=\"canonical\" href=\"https:\/\/noticiasemdestaque.com\/cd\/?p=78221\" \/>\n<meta property=\"og:locale\" content=\"pt_BR\" \/>\n<meta property=\"og:type\" content=\"article\" \/>\n<meta property=\"og:title\" content=\"M\u00e3e e crian\u00e7a brasileiras morrem no L\u00edbano ap\u00f3s ataques de Israel - Not&iacute;cias em Destaque\" \/>\n<meta property=\"og:description\" content=\"Dois\u00a0brasileiros, sendo uma mulher e o filho\u00a0dela, de 11 anos de idade, morreram quando estavam em casa, em Bint Jeil, no Sul do L\u00edbano, ap\u00f3s ataques das for\u00e7as armadas israelenses, no domingo (26).\u00a0 A informa\u00e7\u00e3o foi confirmada na noite desta segunda (27) pelo Minist\u00e9rio das Rela\u00e7\u00f5es Exteriores do Brasil, o Itamaraty. O governo acrescentou que o pai do\u00a0menino, que \u00e9 liban\u00eas, tamb\u00e9m n\u00e3o sobreviveu aos bombardeios. Outro filho do casal, que tamb\u00e9m \u00e9 brasileiro, foi hospitalizado. Segundo a nota, a Embaixada do Brasil em Beirute est\u00e1 em contato com a fam\u00edlia das v\u00edtimas para prestar assist\u00eancia consular, incluindo ao filho hospitalizado. Viola\u00e7\u00f5es inaceit\u00e1veis O Minist\u00e9rio das Rela\u00e7\u00f5es Exteriores considerou que o ataque constitui mais um exemplo das \u201creiteradas e inaceit\u00e1veis\u201d viola\u00e7\u00f5es ao\u00a0cessar-fogo anunciado em 16 de abril. Segundo o documento emitido pela diplomacia brasileira, essas viola\u00e7\u00f5es j\u00e1 resultaram na morte de \u201cdezenas de civis libaneses, incluindo mulheres e crian\u00e7as, assim como de uma jornalista e de dois integrantes franceses da For\u00e7a Interina das Na\u00e7\u00f5es Unidas no L\u00edbano (UNIFIL)\u201d. O governo brasileiro expressou condol\u00eancias aos familiares das v\u00edtimas e reiterou \u201cveemente condena\u00e7\u00e3o a todos os ataques perpetrados durante a vig\u00eancia do cessar-fogo, tanto por parte das for\u00e7as israelenses quanto do Hezbollah\u201d. A nota do Itamaraty tamb\u00e9m condenou as demoli\u00e7\u00f5es de resid\u00eancias e de outras estruturas civis no Sul do L\u00edbano, pelas for\u00e7as israelenses. O Brasil pede que seja cumprida a resolu\u00e7\u00e3o do Conselho de Seguran\u00e7a das Na\u00e7\u00f5es Unidas, que estabeleceu os termos do cessar-fogo desde 2006 na regi\u00e3o e tamb\u00e9m a retirada completa das for\u00e7as israelenses do territ\u00f3rio liban\u00eas. Noticias em Destaque Fonte: Ag\u00eancia Brasil\" \/>\n<meta property=\"og:url\" content=\"https:\/\/noticiasemdestaque.com\/cd\/?p=78221\" \/>\n<meta property=\"og:site_name\" content=\"Not&iacute;cias em Destaque\" \/>\n<meta property=\"article:published_time\" content=\"2026-04-28T20:15:12+00:00\" \/>\n<meta property=\"og:image\" content=\"https:\/\/noticiasemdestaque.com\/cd\/wp-content\/uploads\/2026\/04\/78805a221a988e79ef3f42d7c5bfd418-223.png\" \/>\n\t<meta property=\"og:image:width\" content=\"763\" \/>\n\t<meta property=\"og:image:height\" content=\"570\" \/>\n\t<meta property=\"og:image:type\" content=\"image\/png\" \/>\n<meta name=\"author\" content=\"Not\u00edcias em Destaque\" \/>\n<meta name=\"twitter:card\" content=\"summary_large_image\" \/>\n<meta name=\"twitter:label1\" content=\"Escrito por\" \/>\n\t<meta name=\"twitter:data1\" content=\"Not\u00edcias em Destaque\" \/>\n\t<meta name=\"twitter:label2\" content=\"Est. tempo de leitura\" \/>\n\t<meta name=\"twitter:data2\" content=\"3 minutos\" \/>\n<script type=\"application\/ld+json\" class=\"yoast-schema-graph\">{\"@context\":\"https:\/\/schema.org\",\"@graph\":[{\"@type\":\"Article\",\"@id\":\"https:\/\/noticiasemdestaque.com\/cd\/?p=78221#article\",\"isPartOf\":{\"@id\":\"https:\/\/noticiasemdestaque.com\/cd\/?p=78221\"},\"author\":{\"name\":\"Not\u00edcias em Destaque\",\"@id\":\"https:\/\/noticiasemdestaque.com\/cd\/#\/schema\/person\/45ca272b3e1246ef14ebb78a48dbb218\"},\"headline\":\"M\u00e3e e crian\u00e7a brasileiras morrem no L\u00edbano ap\u00f3s ataques de Israel\",\"datePublished\":\"2026-04-28T20:15:12+00:00\",\"mainEntityOfPage\":{\"@id\":\"https:\/\/noticiasemdestaque.com\/cd\/?p=78221\"},\"wordCount\":319,\"publisher\":{\"@id\":\"https:\/\/noticiasemdestaque.com\/cd\/#organization\"},\"image\":{\"@id\":\"https:\/\/noticiasemdestaque.com\/cd\/?p=78221#primaryimage\"},\"thumbnailUrl\":\"https:\/\/noticiasemdestaque.com\/cd\/wp-content\/uploads\/2026\/04\/78805a221a988e79ef3f42d7c5bfd418-223.png\",\"articleSection\":[\"Geral\"],\"inLanguage\":\"pt-BR\"},{\"@type\":\"WebPage\",\"@id\":\"https:\/\/noticiasemdestaque.com\/cd\/?p=78221\",\"url\":\"https:\/\/noticiasemdestaque.com\/cd\/?p=78221\",\"name\":\"M\u00e3e e crian\u00e7a brasileiras morrem no L\u00edbano ap\u00f3s ataques de Israel - Not&iacute;cias em Destaque\",\"isPartOf\":{\"@id\":\"https:\/\/noticiasemdestaque.com\/cd\/#website\"},\"primaryImageOfPage\":{\"@id\":\"https:\/\/noticiasemdestaque.com\/cd\/?p=78221#primaryimage\"},\"image\":{\"@id\":\"https:\/\/noticiasemdestaque.com\/cd\/?p=78221#primaryimage\"},\"thumbnailUrl\":\"https:\/\/noticiasemdestaque.com\/cd\/wp-content\/uploads\/2026\/04\/78805a221a988e79ef3f42d7c5bfd418-223.png\",\"datePublished\":\"2026-04-28T20:15:12+00:00\",\"breadcrumb\":{\"@id\":\"https:\/\/noticiasemdestaque.com\/cd\/?p=78221#breadcrumb\"},\"inLanguage\":\"pt-BR\",\"potentialAction\":[{\"@type\":\"ReadAction\",\"target\":[\"https:\/\/noticiasemdestaque.com\/cd\/?p=78221\"]}]},{\"@type\":\"ImageObject\",\"inLanguage\":\"pt-BR\",\"@id\":\"https:\/\/noticiasemdestaque.com\/cd\/?p=78221#primaryimage\",\"url\":\"https:\/\/noticiasemdestaque.com\/cd\/wp-content\/uploads\/2026\/04\/78805a221a988e79ef3f42d7c5bfd418-223.png\",\"contentUrl\":\"https:\/\/noticiasemdestaque.com\/cd\/wp-content\/uploads\/2026\/04\/78805a221a988e79ef3f42d7c5bfd418-223.png\",\"width\":763,\"height\":570},{\"@type\":\"BreadcrumbList\",\"@id\":\"https:\/\/noticiasemdestaque.com\/cd\/?p=78221#breadcrumb\",\"itemListElement\":[{\"@type\":\"ListItem\",\"position\":1,\"name\":\"In\u00edcio\",\"item\":\"https:\/\/noticiasemdestaque.com\/cd\/\"},{\"@type\":\"ListItem\",\"position\":2,\"name\":\"M\u00e3e e crian\u00e7a brasileiras morrem no L\u00edbano ap\u00f3s ataques de Israel\"}]},{\"@type\":\"WebSite\",\"@id\":\"https:\/\/noticiasemdestaque.com\/cd\/#website\",\"url\":\"https:\/\/noticiasemdestaque.com\/cd\/\",\"name\":\"Not&iacute;cias em Destaque\",\"description\":\"\",\"publisher\":{\"@id\":\"https:\/\/noticiasemdestaque.com\/cd\/#organization\"},\"potentialAction\":[{\"@type\":\"SearchAction\",\"target\":{\"@type\":\"EntryPoint\",\"urlTemplate\":\"https:\/\/noticiasemdestaque.com\/cd\/?s={search_term_string}\"},\"query-input\":{\"@type\":\"PropertyValueSpecification\",\"valueRequired\":true,\"valueName\":\"search_term_string\"}}],\"inLanguage\":\"pt-BR\"},{\"@type\":\"Organization\",\"@id\":\"https:\/\/noticiasemdestaque.com\/cd\/#organization\",\"name\":\"Not\u00edcias em Destaque\",\"url\":\"https:\/\/noticiasemdestaque.com\/cd\/\",\"logo\":{\"@type\":\"ImageObject\",\"inLanguage\":\"pt-BR\",\"@id\":\"https:\/\/noticiasemdestaque.com\/cd\/#\/schema\/logo\/image\/\",\"url\":\"https:\/\/noticiasemdestaque.com\/cd\/wp-content\/uploads\/2022\/05\/imagem-base-noticiasemdestaque.png\",\"contentUrl\":\"https:\/\/noticiasemdestaque.com\/cd\/wp-content\/uploads\/2022\/05\/imagem-base-noticiasemdestaque.png\",\"width\":1200,\"height\":630,\"caption\":\"Not\u00edcias em Destaque\"},\"image\":{\"@id\":\"https:\/\/noticiasemdestaque.com\/cd\/#\/schema\/logo\/image\/\"}},{\"@type\":\"Person\",\"@id\":\"https:\/\/noticiasemdestaque.com\/cd\/#\/schema\/person\/45ca272b3e1246ef14ebb78a48dbb218\",\"name\":\"Not\u00edcias em Destaque\",\"url\":\"https:\/\/noticiasemdestaque.com\/cd\/?author=2\"}]}<\/script>\n<!-- \/ Yoast SEO plugin. -->","yoast_head_json":{"title":"M\u00e3e e crian\u00e7a brasileiras morrem no L\u00edbano ap\u00f3s ataques de Israel - Not&iacute;cias em Destaque","robots":{"index":"index","follow":"follow","max-snippet":"max-snippet:-1","max-image-preview":"max-image-preview:large","max-video-preview":"max-video-preview:-1"},"canonical":"https:\/\/noticiasemdestaque.com\/cd\/?p=78221","og_locale":"pt_BR","og_type":"article","og_title":"M\u00e3e e crian\u00e7a brasileiras morrem no L\u00edbano ap\u00f3s ataques de Israel - Not&iacute;cias em Destaque","og_description":"Dois\u00a0brasileiros, sendo uma mulher e o filho\u00a0dela, de 11 anos de idade, morreram quando estavam em casa, em Bint Jeil, no Sul do L\u00edbano, ap\u00f3s ataques das for\u00e7as armadas israelenses, no domingo (26).\u00a0 A informa\u00e7\u00e3o foi confirmada na noite desta segunda (27) pelo Minist\u00e9rio das Rela\u00e7\u00f5es Exteriores do Brasil, o Itamaraty. O governo acrescentou que o pai do\u00a0menino, que \u00e9 liban\u00eas, tamb\u00e9m n\u00e3o sobreviveu aos bombardeios. Outro filho do casal, que tamb\u00e9m \u00e9 brasileiro, foi hospitalizado. Segundo a nota, a Embaixada do Brasil em Beirute est\u00e1 em contato com a fam\u00edlia das v\u00edtimas para prestar assist\u00eancia consular, incluindo ao filho hospitalizado. Viola\u00e7\u00f5es inaceit\u00e1veis O Minist\u00e9rio das Rela\u00e7\u00f5es Exteriores considerou que o ataque constitui mais um exemplo das \u201creiteradas e inaceit\u00e1veis\u201d viola\u00e7\u00f5es ao\u00a0cessar-fogo anunciado em 16 de abril. Segundo o documento emitido pela diplomacia brasileira, essas viola\u00e7\u00f5es j\u00e1 resultaram na morte de \u201cdezenas de civis libaneses, incluindo mulheres e crian\u00e7as, assim como de uma jornalista e de dois integrantes franceses da For\u00e7a Interina das Na\u00e7\u00f5es Unidas no L\u00edbano (UNIFIL)\u201d. O governo brasileiro expressou condol\u00eancias aos familiares das v\u00edtimas e reiterou \u201cveemente condena\u00e7\u00e3o a todos os ataques perpetrados durante a vig\u00eancia do cessar-fogo, tanto por parte das for\u00e7as israelenses quanto do Hezbollah\u201d. A nota do Itamaraty tamb\u00e9m condenou as demoli\u00e7\u00f5es de resid\u00eancias e de outras estruturas civis no Sul do L\u00edbano, pelas for\u00e7as israelenses. O Brasil pede que seja cumprida a resolu\u00e7\u00e3o do Conselho de Seguran\u00e7a das Na\u00e7\u00f5es Unidas, que estabeleceu os termos do cessar-fogo desde 2006 na regi\u00e3o e tamb\u00e9m a retirada completa das for\u00e7as israelenses do territ\u00f3rio liban\u00eas. Noticias em Destaque Fonte: Ag\u00eancia Brasil","og_url":"https:\/\/noticiasemdestaque.com\/cd\/?p=78221","og_site_name":"Not&iacute;cias em Destaque","article_published_time":"2026-04-28T20:15:12+00:00","og_image":[{"width":763,"height":570,"url":"https:\/\/noticiasemdestaque.com\/cd\/wp-content\/uploads\/2026\/04\/78805a221a988e79ef3f42d7c5bfd418-223.png","type":"image\/png"}],"author":"Not\u00edcias em Destaque","twitter_card":"summary_large_image","twitter_misc":{"Escrito por":"Not\u00edcias em Destaque","Est. tempo de leitura":"3 minutos"},"schema":{"@context":"https:\/\/schema.org","@graph":[{"@type":"Article","@id":"https:\/\/noticiasemdestaque.com\/cd\/?p=78221#article","isPartOf":{"@id":"https:\/\/noticiasemdestaque.com\/cd\/?p=78221"},"author":{"name":"Not\u00edcias em Destaque","@id":"https:\/\/noticiasemdestaque.com\/cd\/#\/schema\/person\/45ca272b3e1246ef14ebb78a48dbb218"},"headline":"M\u00e3e e crian\u00e7a brasileiras morrem no L\u00edbano ap\u00f3s ataques de Israel","datePublished":"2026-04-28T20:15:12+00:00","mainEntityOfPage":{"@id":"https:\/\/noticiasemdestaque.com\/cd\/?p=78221"},"wordCount":319,"publisher":{"@id":"https:\/\/noticiasemdestaque.com\/cd\/#organization"},"image":{"@id":"https:\/\/noticiasemdestaque.com\/cd\/?p=78221#primaryimage"},"thumbnailUrl":"https:\/\/noticiasemdestaque.com\/cd\/wp-content\/uploads\/2026\/04\/78805a221a988e79ef3f42d7c5bfd418-223.png","articleSection":["Geral"],"inLanguage":"pt-BR"},{"@type":"WebPage","@id":"https:\/\/noticiasemdestaque.com\/cd\/?p=78221","url":"https:\/\/noticiasemdestaque.com\/cd\/?p=78221","name":"M\u00e3e e crian\u00e7a brasileiras morrem no L\u00edbano ap\u00f3s ataques de Israel - Not&iacute;cias em Destaque","isPartOf":{"@id":"https:\/\/noticiasemdestaque.com\/cd\/#website"},"primaryImageOfPage":{"@id":"https:\/\/noticiasemdestaque.com\/cd\/?p=78221#primaryimage"},"image":{"@id":"https:\/\/noticiasemdestaque.com\/cd\/?p=78221#primaryimage"},"thumbnailUrl":"https:\/\/noticiasemdestaque.com\/cd\/wp-content\/uploads\/2026\/04\/78805a221a988e79ef3f42d7c5bfd418-223.png","datePublished":"2026-04-28T20:15:12+00:00","breadcrumb":{"@id":"https:\/\/noticiasemdestaque.com\/cd\/?p=78221#breadcrumb"},"inLanguage":"pt-BR","potentialAction":[{"@type":"ReadAction","target":["https:\/\/noticiasemdestaque.com\/cd\/?p=78221"]}]},{"@type":"ImageObject","inLanguage":"pt-BR","@id":"https:\/\/noticiasemdestaque.com\/cd\/?p=78221#primaryimage","url":"https:\/\/noticiasemdestaque.com\/cd\/wp-content\/uploads\/2026\/04\/78805a221a988e79ef3f42d7c5bfd418-223.png","contentUrl":"https:\/\/noticiasemdestaque.com\/cd\/wp-content\/uploads\/2026\/04\/78805a221a988e79ef3f42d7c5bfd418-223.png","width":763,"height":570},{"@type":"BreadcrumbList","@id":"https:\/\/noticiasemdestaque.com\/cd\/?p=78221#breadcrumb","itemListElement":[{"@type":"ListItem","position":1,"name":"In\u00edcio","item":"https:\/\/noticiasemdestaque.com\/cd\/"},{"@type":"ListItem","position":2,"name":"M\u00e3e e crian\u00e7a brasileiras morrem no L\u00edbano ap\u00f3s ataques de Israel"}]},{"@type":"WebSite","@id":"https:\/\/noticiasemdestaque.com\/cd\/#website","url":"https:\/\/noticiasemdestaque.com\/cd\/","name":"Not&iacute;cias em Destaque","description":"","publisher":{"@id":"https:\/\/noticiasemdestaque.com\/cd\/#organization"},"potentialAction":[{"@type":"SearchAction","target":{"@type":"EntryPoint","urlTemplate":"https:\/\/noticiasemdestaque.com\/cd\/?s={search_term_string}"},"query-input":{"@type":"PropertyValueSpecification","valueRequired":true,"valueName":"search_term_string"}}],"inLanguage":"pt-BR"},{"@type":"Organization","@id":"https:\/\/noticiasemdestaque.com\/cd\/#organization","name":"Not\u00edcias em Destaque","url":"https:\/\/noticiasemdestaque.com\/cd\/","logo":{"@type":"ImageObject","inLanguage":"pt-BR","@id":"https:\/\/noticiasemdestaque.com\/cd\/#\/schema\/logo\/image\/","url":"https:\/\/noticiasemdestaque.com\/cd\/wp-content\/uploads\/2022\/05\/imagem-base-noticiasemdestaque.png","contentUrl":"https:\/\/noticiasemdestaque.com\/cd\/wp-content\/uploads\/2022\/05\/imagem-base-noticiasemdestaque.png","width":1200,"height":630,"caption":"Not\u00edcias em Destaque"},"image":{"@id":"https:\/\/noticiasemdestaque.com\/cd\/#\/schema\/logo\/image\/"}},{"@type":"Person","@id":"https:\/\/noticiasemdestaque.com\/cd\/#\/schema\/person\/45ca272b3e1246ef14ebb78a48dbb218","name":"Not\u00edcias em Destaque","url":"https:\/\/noticiasemdestaque.com\/cd\/?author=2"}]}},"jetpack_featured_media_url":"https:\/\/noticiasemdestaque.com\/cd\/wp-content\/uploads\/2026\/04\/78805a221a988e79ef3f42d7c5bfd418-223.png","jetpack_sharing_enabled":true,"_links":{"self":[{"href":"https:\/\/noticiasemdestaque.com\/cd\/index.php?rest_route=\/wp\/v2\/posts\/78221","targetHints":{"allow":["GET"]}}],"collection":[{"href":"https:\/\/noticiasemdestaque.com\/cd\/index.php?rest_route=\/wp\/v2\/posts"}],"about":[{"href":"https:\/\/noticiasemdestaque.com\/cd\/index.php?rest_route=\/wp\/v2\/types\/post"}],"author":[{"embeddable":true,"href":"https:\/\/noticiasemdestaque.com\/cd\/index.php?rest_route=\/wp\/v2\/users\/2"}],"replies":[{"embeddable":true,"href":"https:\/\/noticiasemdestaque.com\/cd\/index.php?rest_route=%2Fwp%2Fv2%2Fcomments&post=78221"}],"version-history":[{"count":1,"href":"https:\/\/noticiasemdestaque.com\/cd\/index.php?rest_route=\/wp\/v2\/posts\/78221\/revisions"}],"predecessor-version":[{"id":78223,"href":"https:\/\/noticiasemdestaque.com\/cd\/index.php?rest_route=\/wp\/v2\/posts\/78221\/revisions\/78223"}],"wp:featuredmedia":[{"embeddable":true,"href":"https:\/\/noticiasemdestaque.com\/cd\/index.php?rest_route=\/wp\/v2\/media\/78222"}],"wp:attachment":[{"href":"https:\/\/noticiasemdestaque.com\/cd\/index.php?rest_route=%2Fwp%2Fv2%2Fmedia&parent=78221"}],"wp:term":[{"taxonomy":"category","embeddable":true,"href":"https:\/\/noticiasemdestaque.com\/cd\/index.php?rest_route=%2Fwp%2Fv2%2Fcategories&post=78221"},{"taxonomy":"post_tag","embeddable":true,"href":"https:\/\/noticiasemdestaque.com\/cd\/index.php?rest_route=%2Fwp%2Fv2%2Ftags&post=78221"}],"curies":[{"name":"wp","href":"https:\/\/api.w.org\/{rel}","templated":true}]}}