{"id":78218,"date":"2026-04-28T16:50:26","date_gmt":"2026-04-28T19:50:26","guid":{"rendered":"https:\/\/noticiasemdestaque.com\/cd\/?p=78218"},"modified":"2026-04-28T16:50:26","modified_gmt":"2026-04-28T19:50:26","slug":"eleicoes-2026-prazo-para-regularizar-pendencias-termina-em-uma-semana","status":"publish","type":"post","link":"https:\/\/noticiasemdestaque.com\/cd\/?p=78218","title":{"rendered":"Elei\u00e7\u00f5es 2026: prazo para regularizar pend\u00eancias termina em uma semana"},"content":{"rendered":"<p><a href=\"https:\/\/noticiasemdestaque.com\/cd\/wp-content\/uploads\/2026\/04\/934066-_tng1842.webp\"><img fetchpriority=\"high\" decoding=\"async\" class=\" wp-image-78219 aligncenter\" src=\"https:\/\/noticiasemdestaque.com\/cd\/wp-content\/uploads\/2026\/04\/934066-_tng1842-300x179.webp\" alt=\"\" width=\"928\" height=\"554\" srcset=\"https:\/\/noticiasemdestaque.com\/cd\/wp-content\/uploads\/2026\/04\/934066-_tng1842-300x179.webp 300w, https:\/\/noticiasemdestaque.com\/cd\/wp-content\/uploads\/2026\/04\/934066-_tng1842-768x459.webp 768w, https:\/\/noticiasemdestaque.com\/cd\/wp-content\/uploads\/2026\/04\/934066-_tng1842.webp 1170w\" sizes=\"(max-width: 928px) 100vw, 928px\" \/><\/a><\/p>\n<p><strong>Os eleitores que pretendem votar nas elei\u00e7\u00f5es de outubro t\u00eam at\u00e9 o dia 6 de maio para regularizar suas pend\u00eancias na Justi\u00e7a Eleitoral.<\/strong><img decoding=\"async\" src=\"https:\/\/agenciabrasil.ebc.com.br\/ebc.png?id=1687444&amp;o=node\" \/><img decoding=\"async\" src=\"https:\/\/agenciabrasil.ebc.com.br\/ebc.gif?id=1687444&amp;o=node\" \/><\/p>\n<p>O prazo deve ser observado pelo cidad\u00e3o que quer tirar o primeiro t\u00edtulo de eleitor, regularizar o documento, cadastrar biometria, transferir o domic\u00edlio eleitoral e atualizar dados cadastrais.<\/p>\n<p>A partir do dia 7 de maio, o cadastro eleitoral ser\u00e1 fechado e n\u00e3o ser\u00e3o permitidas altera\u00e7\u00f5es nos dados dos eleitores.<\/p>\n<p><strong>Para resolver as pend\u00eancias, o eleitor pode acessar o servi\u00e7o eletr\u00f4nico\u00a0<a href=\"https:\/\/www.tse.jus.br\/servicos-eleitorais\/autoatendimento-eleitoral#\">dispon\u00edvel no site do Tribunal Superior Eleitoral (TSE)<\/a>.<\/strong><\/p>\n<p>Pela plataforma, \u00e9 poss\u00edvel enviar os documentos solicitados para cada tipo de servi\u00e7o e acompanhar o andamento da solicita\u00e7\u00e3o.<\/p>\n<p>O eleitor tamb\u00e9m pode procurar os cart\u00f3rios eleitorais ou postos de atendimento presenciais em todo o pa\u00eds. A localiza\u00e7\u00e3o pode ser encontrada no site do tribunal.<\/p>\n<p><strong>Alguns servi\u00e7os, como a coleta de biometria e a solicita\u00e7\u00e3o do primeiro t\u00edtulo, s\u00f3 podem ser realizados presencialmente.<\/strong><\/p>\n<h2>Regulariza\u00e7\u00e3o<\/h2>\n<p><strong>Para verificar se o t\u00edtulo est\u00e1 regular, o eleitor pode acessar a p\u00e1gina do TSE na internet e clicar no menu\u00a0<em>Consultas<\/em>. Em seguida, basta clicar em\u00a0<em>Situa\u00e7\u00e3o do T\u00edtulo<\/em>.<\/strong><\/p>\n<p>O passo a passo para a regulariza\u00e7\u00e3o ser\u00e1 indicado pelo sistema eletr\u00f4nico.<\/p>\n<h2>Cancelamento<\/h2>\n<p>O prazo de regulariza\u00e7\u00e3o tamb\u00e9m deve ser seguido por quem teve o t\u00edtulo cancelado por deixar de votar por tr\u00eas elei\u00e7\u00f5es seguidas (tr\u00eas turnos consecutivos) e n\u00e3o justificou aus\u00eancia.<\/p>\n<p><strong>Al\u00e9m de n\u00e3o conseguir votar nas elei\u00e7\u00f5es de outubro, a manuten\u00e7\u00e3o do cancelamento pode causar diversas restri\u00e7\u00f5es para o cidad\u00e3o, como\u00a0n\u00e3o conseguir tirar passaporte ou carteira de identidade, renovar matr\u00edcula em institui\u00e7\u00e3o p\u00fablica de ensino e tomar posse em cargo p\u00fablico ap\u00f3s ser aprovado em concurso.<\/strong><\/p>\n<h2>Primeiro t\u00edtulo<\/h2>\n<p><strong>De acordo com a Constitui\u00e7\u00e3o, o voto \u00e9 obrigat\u00f3rio para quem tem entre 18 e 70 anos e facultativo para jovens entre 16 e 17 anos e quem tem mais de 70.\u00a0<\/strong><\/p>\n<p>Ap\u00f3s completar 15 anos, os jovens poder\u00e3o solicitar a emiss\u00e3o do primeiro t\u00edtulo de eleitor. Contudo, somente estar\u00e1 apto a votar quem tiver completado 16 anos na data da elei\u00e7\u00e3o.<\/p>\n<h2>Elei\u00e7\u00e3o<\/h2>\n<p>O primeiro turno das elei\u00e7\u00f5es ser\u00e1 realizado no dia 4 de outubro, quando ser\u00e3o eleitos o presidente da Rep\u00fablica, governadores, senadores, deputados federais, estaduais e distritais.<\/p>\n<p>Eventual segundo turno para os cargos de governador e presidente ocorrer\u00e1 no dia 25 do mesmo m\u00eas.<\/p>\n<p><strong>Noticias em Destaque<\/strong><\/p>\n<p style=\"text-align: right;\"><em>Fonte: Ag\u00eancia Brasil<\/em><\/p>\n","protected":false},"excerpt":{"rendered":"<p>Os eleitores que pretendem votar nas elei\u00e7\u00f5es de outubro t\u00eam at\u00e9 o dia 6 de maio para regularizar suas pend\u00eancias na Justi\u00e7a Eleitoral. O prazo deve ser observado pelo cidad\u00e3o que quer tirar o primeiro t\u00edtulo de eleitor, regularizar o documento, cadastrar biometria, transferir o domic\u00edlio eleitoral e atualizar dados cadastrais. A partir do dia 7 de maio, o cadastro eleitoral ser\u00e1 fechado e n\u00e3o ser\u00e3o permitidas altera\u00e7\u00f5es nos dados dos eleitores. Para resolver as pend\u00eancias, o eleitor pode acessar o servi\u00e7o eletr\u00f4nico\u00a0dispon\u00edvel no site do Tribunal Superior Eleitoral (TSE). Pela plataforma, \u00e9 poss\u00edvel enviar os documentos solicitados para cada tipo de servi\u00e7o e acompanhar o andamento da solicita\u00e7\u00e3o. O eleitor tamb\u00e9m pode procurar os cart\u00f3rios eleitorais ou postos de atendimento presenciais em todo o pa\u00eds. A localiza\u00e7\u00e3o pode ser encontrada no site do tribunal. Alguns servi\u00e7os, como a coleta de biometria e a solicita\u00e7\u00e3o do primeiro t\u00edtulo, s\u00f3 podem ser realizados presencialmente. Regulariza\u00e7\u00e3o Para verificar se o t\u00edtulo est\u00e1 regular, o eleitor pode acessar a p\u00e1gina do TSE na internet e clicar no menu\u00a0Consultas. Em seguida, basta clicar em\u00a0Situa\u00e7\u00e3o do T\u00edtulo. O passo a passo para a regulariza\u00e7\u00e3o ser\u00e1 indicado pelo sistema eletr\u00f4nico. Cancelamento O prazo de regulariza\u00e7\u00e3o tamb\u00e9m deve ser seguido por quem teve o t\u00edtulo cancelado por deixar de votar por tr\u00eas elei\u00e7\u00f5es seguidas (tr\u00eas turnos consecutivos) e n\u00e3o justificou aus\u00eancia. Al\u00e9m de n\u00e3o conseguir votar nas elei\u00e7\u00f5es de outubro, a manuten\u00e7\u00e3o do cancelamento pode causar diversas restri\u00e7\u00f5es para o cidad\u00e3o, como\u00a0n\u00e3o conseguir tirar passaporte ou carteira de identidade, renovar matr\u00edcula em institui\u00e7\u00e3o p\u00fablica de ensino e tomar posse em cargo p\u00fablico ap\u00f3s ser aprovado em concurso. Primeiro t\u00edtulo De acordo com a Constitui\u00e7\u00e3o, o voto \u00e9 obrigat\u00f3rio para quem tem entre 18 e 70 anos e facultativo para jovens entre 16 e 17 anos e quem tem mais de 70.\u00a0 Ap\u00f3s completar 15 anos, os jovens poder\u00e3o solicitar a emiss\u00e3o do primeiro t\u00edtulo de eleitor. Contudo, somente estar\u00e1 apto a votar quem tiver completado 16 anos na data da elei\u00e7\u00e3o. Elei\u00e7\u00e3o O primeiro turno das elei\u00e7\u00f5es ser\u00e1 realizado no dia 4 de outubro, quando ser\u00e3o eleitos o presidente da Rep\u00fablica, governadores, senadores, deputados federais, estaduais e distritais. Eventual segundo turno para os cargos de governador e presidente ocorrer\u00e1 no dia 25 do mesmo m\u00eas. Noticias em Destaque Fonte: Ag\u00eancia Brasil<\/p>\n","protected":false},"author":2,"featured_media":78219,"comment_status":"closed","ping_status":"closed","sticky":false,"template":"","format":"standard","meta":{"_eb_attr":"","_jetpack_memberships_contains_paid_content":false,"footnotes":""},"categories":[4],"tags":[],"class_list":["post-78218","post","type-post","status-publish","format-standard","has-post-thumbnail","hentry","category-politica"],"yoast_head":"<!-- This site is optimized with the Yoast SEO plugin v26.5 - https:\/\/yoast.com\/wordpress\/plugins\/seo\/ -->\n<title>Elei\u00e7\u00f5es 2026: prazo para regularizar pend\u00eancias termina em uma semana - Not&iacute;cias em Destaque<\/title>\n<meta name=\"robots\" content=\"index, follow, max-snippet:-1, max-image-preview:large, max-video-preview:-1\" \/>\n<link rel=\"canonical\" href=\"https:\/\/noticiasemdestaque.com\/cd\/?p=78218\" \/>\n<meta property=\"og:locale\" content=\"pt_BR\" \/>\n<meta property=\"og:type\" content=\"article\" \/>\n<meta property=\"og:title\" content=\"Elei\u00e7\u00f5es 2026: prazo para regularizar pend\u00eancias termina em uma semana - Not&iacute;cias em Destaque\" \/>\n<meta property=\"og:description\" content=\"Os eleitores que pretendem votar nas elei\u00e7\u00f5es de outubro t\u00eam at\u00e9 o dia 6 de maio para regularizar suas pend\u00eancias na Justi\u00e7a Eleitoral. O prazo deve ser observado pelo cidad\u00e3o que quer tirar o primeiro t\u00edtulo de eleitor, regularizar o documento, cadastrar biometria, transferir o domic\u00edlio eleitoral e atualizar dados cadastrais. A partir do dia 7 de maio, o cadastro eleitoral ser\u00e1 fechado e n\u00e3o ser\u00e3o permitidas altera\u00e7\u00f5es nos dados dos eleitores. Para resolver as pend\u00eancias, o eleitor pode acessar o servi\u00e7o eletr\u00f4nico\u00a0dispon\u00edvel no site do Tribunal Superior Eleitoral (TSE). Pela plataforma, \u00e9 poss\u00edvel enviar os documentos solicitados para cada tipo de servi\u00e7o e acompanhar o andamento da solicita\u00e7\u00e3o. O eleitor tamb\u00e9m pode procurar os cart\u00f3rios eleitorais ou postos de atendimento presenciais em todo o pa\u00eds. A localiza\u00e7\u00e3o pode ser encontrada no site do tribunal. Alguns servi\u00e7os, como a coleta de biometria e a solicita\u00e7\u00e3o do primeiro t\u00edtulo, s\u00f3 podem ser realizados presencialmente. Regulariza\u00e7\u00e3o Para verificar se o t\u00edtulo est\u00e1 regular, o eleitor pode acessar a p\u00e1gina do TSE na internet e clicar no menu\u00a0Consultas. Em seguida, basta clicar em\u00a0Situa\u00e7\u00e3o do T\u00edtulo. O passo a passo para a regulariza\u00e7\u00e3o ser\u00e1 indicado pelo sistema eletr\u00f4nico. Cancelamento O prazo de regulariza\u00e7\u00e3o tamb\u00e9m deve ser seguido por quem teve o t\u00edtulo cancelado por deixar de votar por tr\u00eas elei\u00e7\u00f5es seguidas (tr\u00eas turnos consecutivos) e n\u00e3o justificou aus\u00eancia. Al\u00e9m de n\u00e3o conseguir votar nas elei\u00e7\u00f5es de outubro, a manuten\u00e7\u00e3o do cancelamento pode causar diversas restri\u00e7\u00f5es para o cidad\u00e3o, como\u00a0n\u00e3o conseguir tirar passaporte ou carteira de identidade, renovar matr\u00edcula em institui\u00e7\u00e3o p\u00fablica de ensino e tomar posse em cargo p\u00fablico ap\u00f3s ser aprovado em concurso. Primeiro t\u00edtulo De acordo com a Constitui\u00e7\u00e3o, o voto \u00e9 obrigat\u00f3rio para quem tem entre 18 e 70 anos e facultativo para jovens entre 16 e 17 anos e quem tem mais de 70.\u00a0 Ap\u00f3s completar 15 anos, os jovens poder\u00e3o solicitar a emiss\u00e3o do primeiro t\u00edtulo de eleitor. Contudo, somente estar\u00e1 apto a votar quem tiver completado 16 anos na data da elei\u00e7\u00e3o. Elei\u00e7\u00e3o O primeiro turno das elei\u00e7\u00f5es ser\u00e1 realizado no dia 4 de outubro, quando ser\u00e3o eleitos o presidente da Rep\u00fablica, governadores, senadores, deputados federais, estaduais e distritais. Eventual segundo turno para os cargos de governador e presidente ocorrer\u00e1 no dia 25 do mesmo m\u00eas. Noticias em Destaque Fonte: Ag\u00eancia Brasil\" \/>\n<meta property=\"og:url\" content=\"https:\/\/noticiasemdestaque.com\/cd\/?p=78218\" \/>\n<meta property=\"og:site_name\" content=\"Not&iacute;cias em Destaque\" \/>\n<meta property=\"article:published_time\" content=\"2026-04-28T19:50:26+00:00\" \/>\n<meta property=\"og:image\" content=\"https:\/\/noticiasemdestaque.com\/cd\/wp-content\/uploads\/2026\/04\/934066-_tng1842.webp\" \/>\n\t<meta property=\"og:image:width\" content=\"1170\" \/>\n\t<meta property=\"og:image:height\" content=\"700\" \/>\n\t<meta property=\"og:image:type\" content=\"image\/webp\" \/>\n<meta name=\"author\" content=\"Not\u00edcias em Destaque\" \/>\n<meta name=\"twitter:card\" content=\"summary_large_image\" \/>\n<meta name=\"twitter:label1\" content=\"Escrito por\" \/>\n\t<meta name=\"twitter:data1\" content=\"Not\u00edcias em Destaque\" \/>\n\t<meta name=\"twitter:label2\" content=\"Est. tempo de leitura\" \/>\n\t<meta name=\"twitter:data2\" content=\"3 minutos\" \/>\n<script type=\"application\/ld+json\" class=\"yoast-schema-graph\">{\"@context\":\"https:\/\/schema.org\",\"@graph\":[{\"@type\":\"Article\",\"@id\":\"https:\/\/noticiasemdestaque.com\/cd\/?p=78218#article\",\"isPartOf\":{\"@id\":\"https:\/\/noticiasemdestaque.com\/cd\/?p=78218\"},\"author\":{\"name\":\"Not\u00edcias em Destaque\",\"@id\":\"https:\/\/noticiasemdestaque.com\/cd\/#\/schema\/person\/45ca272b3e1246ef14ebb78a48dbb218\"},\"headline\":\"Elei\u00e7\u00f5es 2026: prazo para regularizar pend\u00eancias termina em uma semana\",\"datePublished\":\"2026-04-28T19:50:26+00:00\",\"mainEntityOfPage\":{\"@id\":\"https:\/\/noticiasemdestaque.com\/cd\/?p=78218\"},\"wordCount\":451,\"publisher\":{\"@id\":\"https:\/\/noticiasemdestaque.com\/cd\/#organization\"},\"image\":{\"@id\":\"https:\/\/noticiasemdestaque.com\/cd\/?p=78218#primaryimage\"},\"thumbnailUrl\":\"https:\/\/noticiasemdestaque.com\/cd\/wp-content\/uploads\/2026\/04\/934066-_tng1842.webp\",\"articleSection\":[\"Pol\u00edtica\"],\"inLanguage\":\"pt-BR\"},{\"@type\":\"WebPage\",\"@id\":\"https:\/\/noticiasemdestaque.com\/cd\/?p=78218\",\"url\":\"https:\/\/noticiasemdestaque.com\/cd\/?p=78218\",\"name\":\"Elei\u00e7\u00f5es 2026: prazo para regularizar pend\u00eancias termina em uma semana - Not&iacute;cias em Destaque\",\"isPartOf\":{\"@id\":\"https:\/\/noticiasemdestaque.com\/cd\/#website\"},\"primaryImageOfPage\":{\"@id\":\"https:\/\/noticiasemdestaque.com\/cd\/?p=78218#primaryimage\"},\"image\":{\"@id\":\"https:\/\/noticiasemdestaque.com\/cd\/?p=78218#primaryimage\"},\"thumbnailUrl\":\"https:\/\/noticiasemdestaque.com\/cd\/wp-content\/uploads\/2026\/04\/934066-_tng1842.webp\",\"datePublished\":\"2026-04-28T19:50:26+00:00\",\"breadcrumb\":{\"@id\":\"https:\/\/noticiasemdestaque.com\/cd\/?p=78218#breadcrumb\"},\"inLanguage\":\"pt-BR\",\"potentialAction\":[{\"@type\":\"ReadAction\",\"target\":[\"https:\/\/noticiasemdestaque.com\/cd\/?p=78218\"]}]},{\"@type\":\"ImageObject\",\"inLanguage\":\"pt-BR\",\"@id\":\"https:\/\/noticiasemdestaque.com\/cd\/?p=78218#primaryimage\",\"url\":\"https:\/\/noticiasemdestaque.com\/cd\/wp-content\/uploads\/2026\/04\/934066-_tng1842.webp\",\"contentUrl\":\"https:\/\/noticiasemdestaque.com\/cd\/wp-content\/uploads\/2026\/04\/934066-_tng1842.webp\",\"width\":1170,\"height\":700},{\"@type\":\"BreadcrumbList\",\"@id\":\"https:\/\/noticiasemdestaque.com\/cd\/?p=78218#breadcrumb\",\"itemListElement\":[{\"@type\":\"ListItem\",\"position\":1,\"name\":\"In\u00edcio\",\"item\":\"https:\/\/noticiasemdestaque.com\/cd\/\"},{\"@type\":\"ListItem\",\"position\":2,\"name\":\"Elei\u00e7\u00f5es 2026: prazo para regularizar pend\u00eancias termina em uma semana\"}]},{\"@type\":\"WebSite\",\"@id\":\"https:\/\/noticiasemdestaque.com\/cd\/#website\",\"url\":\"https:\/\/noticiasemdestaque.com\/cd\/\",\"name\":\"Not&iacute;cias em Destaque\",\"description\":\"\",\"publisher\":{\"@id\":\"https:\/\/noticiasemdestaque.com\/cd\/#organization\"},\"potentialAction\":[{\"@type\":\"SearchAction\",\"target\":{\"@type\":\"EntryPoint\",\"urlTemplate\":\"https:\/\/noticiasemdestaque.com\/cd\/?s={search_term_string}\"},\"query-input\":{\"@type\":\"PropertyValueSpecification\",\"valueRequired\":true,\"valueName\":\"search_term_string\"}}],\"inLanguage\":\"pt-BR\"},{\"@type\":\"Organization\",\"@id\":\"https:\/\/noticiasemdestaque.com\/cd\/#organization\",\"name\":\"Not\u00edcias em Destaque\",\"url\":\"https:\/\/noticiasemdestaque.com\/cd\/\",\"logo\":{\"@type\":\"ImageObject\",\"inLanguage\":\"pt-BR\",\"@id\":\"https:\/\/noticiasemdestaque.com\/cd\/#\/schema\/logo\/image\/\",\"url\":\"https:\/\/noticiasemdestaque.com\/cd\/wp-content\/uploads\/2022\/05\/imagem-base-noticiasemdestaque.png\",\"contentUrl\":\"https:\/\/noticiasemdestaque.com\/cd\/wp-content\/uploads\/2022\/05\/imagem-base-noticiasemdestaque.png\",\"width\":1200,\"height\":630,\"caption\":\"Not\u00edcias em Destaque\"},\"image\":{\"@id\":\"https:\/\/noticiasemdestaque.com\/cd\/#\/schema\/logo\/image\/\"}},{\"@type\":\"Person\",\"@id\":\"https:\/\/noticiasemdestaque.com\/cd\/#\/schema\/person\/45ca272b3e1246ef14ebb78a48dbb218\",\"name\":\"Not\u00edcias em Destaque\",\"url\":\"https:\/\/noticiasemdestaque.com\/cd\/?author=2\"}]}<\/script>\n<!-- \/ Yoast SEO plugin. -->","yoast_head_json":{"title":"Elei\u00e7\u00f5es 2026: prazo para regularizar pend\u00eancias termina em uma semana - Not&iacute;cias em Destaque","robots":{"index":"index","follow":"follow","max-snippet":"max-snippet:-1","max-image-preview":"max-image-preview:large","max-video-preview":"max-video-preview:-1"},"canonical":"https:\/\/noticiasemdestaque.com\/cd\/?p=78218","og_locale":"pt_BR","og_type":"article","og_title":"Elei\u00e7\u00f5es 2026: prazo para regularizar pend\u00eancias termina em uma semana - Not&iacute;cias em Destaque","og_description":"Os eleitores que pretendem votar nas elei\u00e7\u00f5es de outubro t\u00eam at\u00e9 o dia 6 de maio para regularizar suas pend\u00eancias na Justi\u00e7a Eleitoral. O prazo deve ser observado pelo cidad\u00e3o que quer tirar o primeiro t\u00edtulo de eleitor, regularizar o documento, cadastrar biometria, transferir o domic\u00edlio eleitoral e atualizar dados cadastrais. A partir do dia 7 de maio, o cadastro eleitoral ser\u00e1 fechado e n\u00e3o ser\u00e3o permitidas altera\u00e7\u00f5es nos dados dos eleitores. Para resolver as pend\u00eancias, o eleitor pode acessar o servi\u00e7o eletr\u00f4nico\u00a0dispon\u00edvel no site do Tribunal Superior Eleitoral (TSE). Pela plataforma, \u00e9 poss\u00edvel enviar os documentos solicitados para cada tipo de servi\u00e7o e acompanhar o andamento da solicita\u00e7\u00e3o. O eleitor tamb\u00e9m pode procurar os cart\u00f3rios eleitorais ou postos de atendimento presenciais em todo o pa\u00eds. A localiza\u00e7\u00e3o pode ser encontrada no site do tribunal. Alguns servi\u00e7os, como a coleta de biometria e a solicita\u00e7\u00e3o do primeiro t\u00edtulo, s\u00f3 podem ser realizados presencialmente. Regulariza\u00e7\u00e3o Para verificar se o t\u00edtulo est\u00e1 regular, o eleitor pode acessar a p\u00e1gina do TSE na internet e clicar no menu\u00a0Consultas. Em seguida, basta clicar em\u00a0Situa\u00e7\u00e3o do T\u00edtulo. O passo a passo para a regulariza\u00e7\u00e3o ser\u00e1 indicado pelo sistema eletr\u00f4nico. Cancelamento O prazo de regulariza\u00e7\u00e3o tamb\u00e9m deve ser seguido por quem teve o t\u00edtulo cancelado por deixar de votar por tr\u00eas elei\u00e7\u00f5es seguidas (tr\u00eas turnos consecutivos) e n\u00e3o justificou aus\u00eancia. Al\u00e9m de n\u00e3o conseguir votar nas elei\u00e7\u00f5es de outubro, a manuten\u00e7\u00e3o do cancelamento pode causar diversas restri\u00e7\u00f5es para o cidad\u00e3o, como\u00a0n\u00e3o conseguir tirar passaporte ou carteira de identidade, renovar matr\u00edcula em institui\u00e7\u00e3o p\u00fablica de ensino e tomar posse em cargo p\u00fablico ap\u00f3s ser aprovado em concurso. Primeiro t\u00edtulo De acordo com a Constitui\u00e7\u00e3o, o voto \u00e9 obrigat\u00f3rio para quem tem entre 18 e 70 anos e facultativo para jovens entre 16 e 17 anos e quem tem mais de 70.\u00a0 Ap\u00f3s completar 15 anos, os jovens poder\u00e3o solicitar a emiss\u00e3o do primeiro t\u00edtulo de eleitor. Contudo, somente estar\u00e1 apto a votar quem tiver completado 16 anos na data da elei\u00e7\u00e3o. Elei\u00e7\u00e3o O primeiro turno das elei\u00e7\u00f5es ser\u00e1 realizado no dia 4 de outubro, quando ser\u00e3o eleitos o presidente da Rep\u00fablica, governadores, senadores, deputados federais, estaduais e distritais. Eventual segundo turno para os cargos de governador e presidente ocorrer\u00e1 no dia 25 do mesmo m\u00eas. Noticias em Destaque Fonte: Ag\u00eancia Brasil","og_url":"https:\/\/noticiasemdestaque.com\/cd\/?p=78218","og_site_name":"Not&iacute;cias em Destaque","article_published_time":"2026-04-28T19:50:26+00:00","og_image":[{"width":1170,"height":700,"url":"https:\/\/noticiasemdestaque.com\/cd\/wp-content\/uploads\/2026\/04\/934066-_tng1842.webp","type":"image\/webp"}],"author":"Not\u00edcias em Destaque","twitter_card":"summary_large_image","twitter_misc":{"Escrito por":"Not\u00edcias em Destaque","Est. tempo de leitura":"3 minutos"},"schema":{"@context":"https:\/\/schema.org","@graph":[{"@type":"Article","@id":"https:\/\/noticiasemdestaque.com\/cd\/?p=78218#article","isPartOf":{"@id":"https:\/\/noticiasemdestaque.com\/cd\/?p=78218"},"author":{"name":"Not\u00edcias em Destaque","@id":"https:\/\/noticiasemdestaque.com\/cd\/#\/schema\/person\/45ca272b3e1246ef14ebb78a48dbb218"},"headline":"Elei\u00e7\u00f5es 2026: prazo para regularizar pend\u00eancias termina em uma semana","datePublished":"2026-04-28T19:50:26+00:00","mainEntityOfPage":{"@id":"https:\/\/noticiasemdestaque.com\/cd\/?p=78218"},"wordCount":451,"publisher":{"@id":"https:\/\/noticiasemdestaque.com\/cd\/#organization"},"image":{"@id":"https:\/\/noticiasemdestaque.com\/cd\/?p=78218#primaryimage"},"thumbnailUrl":"https:\/\/noticiasemdestaque.com\/cd\/wp-content\/uploads\/2026\/04\/934066-_tng1842.webp","articleSection":["Pol\u00edtica"],"inLanguage":"pt-BR"},{"@type":"WebPage","@id":"https:\/\/noticiasemdestaque.com\/cd\/?p=78218","url":"https:\/\/noticiasemdestaque.com\/cd\/?p=78218","name":"Elei\u00e7\u00f5es 2026: prazo para regularizar pend\u00eancias termina em uma semana - Not&iacute;cias em Destaque","isPartOf":{"@id":"https:\/\/noticiasemdestaque.com\/cd\/#website"},"primaryImageOfPage":{"@id":"https:\/\/noticiasemdestaque.com\/cd\/?p=78218#primaryimage"},"image":{"@id":"https:\/\/noticiasemdestaque.com\/cd\/?p=78218#primaryimage"},"thumbnailUrl":"https:\/\/noticiasemdestaque.com\/cd\/wp-content\/uploads\/2026\/04\/934066-_tng1842.webp","datePublished":"2026-04-28T19:50:26+00:00","breadcrumb":{"@id":"https:\/\/noticiasemdestaque.com\/cd\/?p=78218#breadcrumb"},"inLanguage":"pt-BR","potentialAction":[{"@type":"ReadAction","target":["https:\/\/noticiasemdestaque.com\/cd\/?p=78218"]}]},{"@type":"ImageObject","inLanguage":"pt-BR","@id":"https:\/\/noticiasemdestaque.com\/cd\/?p=78218#primaryimage","url":"https:\/\/noticiasemdestaque.com\/cd\/wp-content\/uploads\/2026\/04\/934066-_tng1842.webp","contentUrl":"https:\/\/noticiasemdestaque.com\/cd\/wp-content\/uploads\/2026\/04\/934066-_tng1842.webp","width":1170,"height":700},{"@type":"BreadcrumbList","@id":"https:\/\/noticiasemdestaque.com\/cd\/?p=78218#breadcrumb","itemListElement":[{"@type":"ListItem","position":1,"name":"In\u00edcio","item":"https:\/\/noticiasemdestaque.com\/cd\/"},{"@type":"ListItem","position":2,"name":"Elei\u00e7\u00f5es 2026: prazo para regularizar pend\u00eancias termina em uma semana"}]},{"@type":"WebSite","@id":"https:\/\/noticiasemdestaque.com\/cd\/#website","url":"https:\/\/noticiasemdestaque.com\/cd\/","name":"Not&iacute;cias em Destaque","description":"","publisher":{"@id":"https:\/\/noticiasemdestaque.com\/cd\/#organization"},"potentialAction":[{"@type":"SearchAction","target":{"@type":"EntryPoint","urlTemplate":"https:\/\/noticiasemdestaque.com\/cd\/?s={search_term_string}"},"query-input":{"@type":"PropertyValueSpecification","valueRequired":true,"valueName":"search_term_string"}}],"inLanguage":"pt-BR"},{"@type":"Organization","@id":"https:\/\/noticiasemdestaque.com\/cd\/#organization","name":"Not\u00edcias em Destaque","url":"https:\/\/noticiasemdestaque.com\/cd\/","logo":{"@type":"ImageObject","inLanguage":"pt-BR","@id":"https:\/\/noticiasemdestaque.com\/cd\/#\/schema\/logo\/image\/","url":"https:\/\/noticiasemdestaque.com\/cd\/wp-content\/uploads\/2022\/05\/imagem-base-noticiasemdestaque.png","contentUrl":"https:\/\/noticiasemdestaque.com\/cd\/wp-content\/uploads\/2022\/05\/imagem-base-noticiasemdestaque.png","width":1200,"height":630,"caption":"Not\u00edcias em Destaque"},"image":{"@id":"https:\/\/noticiasemdestaque.com\/cd\/#\/schema\/logo\/image\/"}},{"@type":"Person","@id":"https:\/\/noticiasemdestaque.com\/cd\/#\/schema\/person\/45ca272b3e1246ef14ebb78a48dbb218","name":"Not\u00edcias em Destaque","url":"https:\/\/noticiasemdestaque.com\/cd\/?author=2"}]}},"jetpack_featured_media_url":"https:\/\/noticiasemdestaque.com\/cd\/wp-content\/uploads\/2026\/04\/934066-_tng1842.webp","jetpack_sharing_enabled":true,"_links":{"self":[{"href":"https:\/\/noticiasemdestaque.com\/cd\/index.php?rest_route=\/wp\/v2\/posts\/78218","targetHints":{"allow":["GET"]}}],"collection":[{"href":"https:\/\/noticiasemdestaque.com\/cd\/index.php?rest_route=\/wp\/v2\/posts"}],"about":[{"href":"https:\/\/noticiasemdestaque.com\/cd\/index.php?rest_route=\/wp\/v2\/types\/post"}],"author":[{"embeddable":true,"href":"https:\/\/noticiasemdestaque.com\/cd\/index.php?rest_route=\/wp\/v2\/users\/2"}],"replies":[{"embeddable":true,"href":"https:\/\/noticiasemdestaque.com\/cd\/index.php?rest_route=%2Fwp%2Fv2%2Fcomments&post=78218"}],"version-history":[{"count":1,"href":"https:\/\/noticiasemdestaque.com\/cd\/index.php?rest_route=\/wp\/v2\/posts\/78218\/revisions"}],"predecessor-version":[{"id":78220,"href":"https:\/\/noticiasemdestaque.com\/cd\/index.php?rest_route=\/wp\/v2\/posts\/78218\/revisions\/78220"}],"wp:featuredmedia":[{"embeddable":true,"href":"https:\/\/noticiasemdestaque.com\/cd\/index.php?rest_route=\/wp\/v2\/media\/78219"}],"wp:attachment":[{"href":"https:\/\/noticiasemdestaque.com\/cd\/index.php?rest_route=%2Fwp%2Fv2%2Fmedia&parent=78218"}],"wp:term":[{"taxonomy":"category","embeddable":true,"href":"https:\/\/noticiasemdestaque.com\/cd\/index.php?rest_route=%2Fwp%2Fv2%2Fcategories&post=78218"},{"taxonomy":"post_tag","embeddable":true,"href":"https:\/\/noticiasemdestaque.com\/cd\/index.php?rest_route=%2Fwp%2Fv2%2Ftags&post=78218"}],"curies":[{"name":"wp","href":"https:\/\/api.w.org\/{rel}","templated":true}]}}