{"id":78215,"date":"2026-04-28T14:36:01","date_gmt":"2026-04-28T17:36:01","guid":{"rendered":"https:\/\/noticiasemdestaque.com\/cd\/?p=78215"},"modified":"2026-04-28T14:36:01","modified_gmt":"2026-04-28T17:36:01","slug":"foragidos-da-justica-sao-presos-em-cidade-do-cariri","status":"publish","type":"post","link":"https:\/\/noticiasemdestaque.com\/cd\/?p=78215","title":{"rendered":"Foragidos da Justi\u00e7a s\u00e3o presos em cidade do Cariri"},"content":{"rendered":"<p data-start=\"0\" data-end=\"335\"><a href=\"https:\/\/noticiasemdestaque.com\/cd\/wp-content\/uploads\/2026\/04\/5d13d82a8f4e60df4639915d8b3ba2eb.webp\"><img fetchpriority=\"high\" decoding=\"async\" class=\" wp-image-78216 aligncenter\" src=\"https:\/\/noticiasemdestaque.com\/cd\/wp-content\/uploads\/2026\/04\/5d13d82a8f4e60df4639915d8b3ba2eb-300x226.webp\" alt=\"\" width=\"1008\" height=\"759\" srcset=\"https:\/\/noticiasemdestaque.com\/cd\/wp-content\/uploads\/2026\/04\/5d13d82a8f4e60df4639915d8b3ba2eb-300x226.webp 300w, https:\/\/noticiasemdestaque.com\/cd\/wp-content\/uploads\/2026\/04\/5d13d82a8f4e60df4639915d8b3ba2eb-768x578.webp 768w, https:\/\/noticiasemdestaque.com\/cd\/wp-content\/uploads\/2026\/04\/5d13d82a8f4e60df4639915d8b3ba2eb.webp 1000w\" sizes=\"(max-width: 1008px) 100vw, 1008px\" \/><\/a><\/p>\n<p data-start=\"0\" data-end=\"335\">Durante rondas na cidade de <span class=\"hover:entity-accent entity-underline inline cursor-pointer align-baseline\"><span class=\"whitespace-normal\">Alcantil<\/span><\/span>, no Cariri paraibano, a guarni\u00e7\u00e3o da Pol\u00edcia Militar (PM), comandada pelo sargento Eleut\u00e9rio, atendeu a duas ocorr\u00eancias e prendeu dois homens, de 40 e 38 anos, com mandados de pris\u00e3o em aberto e suspeita de violar medidas cautelares com uso de tornozeleira eletr\u00f4nica.<\/p>\n<p data-start=\"337\" data-end=\"422\">A a\u00e7\u00e3o ocorreu na tarde desta segunda-feira (27), em dois pontos distintos da cidade.<\/p>\n<p data-start=\"424\" data-end=\"639\">De acordo com o boletim, a guarni\u00e7\u00e3o recebeu informa\u00e7\u00f5es de populares e localizou os suspeitos. Ap\u00f3s as abordagens e confirma\u00e7\u00e3o das identidades, foi dada voz de pris\u00e3o, com comunica\u00e7\u00e3o dos direitos constitucionais.<\/p>\n<p data-start=\"641\" data-end=\"803\">Ainda conforme os registros policiais, um dos presos tamb\u00e9m \u00e9 investigado por descumprimento de medidas judiciais, incluindo viola\u00e7\u00e3o de monitoramento eletr\u00f4nico.<\/p>\n<p data-start=\"805\" data-end=\"1023\">Durante a ocorr\u00eancia, os policiais apreenderam uma motocicleta Honda Pop 110 de cor branca e placa QZT-1C86, R$ 1.450,00, uma tornozeleira eletr\u00f4nica violada, um tomada carregador e v\u00e1rios objetos relacionados a motos.<\/p>\n<p data-start=\"1025\" data-end=\"1250\">Os suspeitos foram conduzidos \u00e0 Delegacia de Pol\u00edcia Civil (DPC) da cidade de <span class=\"hover:entity-accent entity-underline inline cursor-pointer align-baseline\"><span class=\"whitespace-normal\">Queimadas<\/span><\/span>, onde a delegada Juliana Fernanda Brasil Barbosa Bruce recebeu os custodiados para os procedimentos cab\u00edveis.<\/p>\n<p data-start=\"1252\" data-end=\"1287\" data-is-last-node=\"\" data-is-only-node=\"\"><strong>Noticias em Destaque<\/strong><\/p>\n<p style=\"text-align: right;\" data-start=\"1252\" data-end=\"1287\" data-is-last-node=\"\" data-is-only-node=\"\"><em>Com Heleno Lima<\/em><\/p>\n","protected":false},"excerpt":{"rendered":"<p>Durante rondas na cidade de Alcantil, no Cariri paraibano, a guarni\u00e7\u00e3o da Pol\u00edcia Militar (PM), comandada pelo sargento Eleut\u00e9rio, atendeu a duas ocorr\u00eancias e prendeu dois homens, de 40 e 38 anos, com mandados de pris\u00e3o em aberto e suspeita de violar medidas cautelares com uso de tornozeleira eletr\u00f4nica. A a\u00e7\u00e3o ocorreu na tarde desta segunda-feira (27), em dois pontos distintos da cidade. De acordo com o boletim, a guarni\u00e7\u00e3o recebeu informa\u00e7\u00f5es de populares e localizou os suspeitos. Ap\u00f3s as abordagens e confirma\u00e7\u00e3o das identidades, foi dada voz de pris\u00e3o, com comunica\u00e7\u00e3o dos direitos constitucionais. Ainda conforme os registros policiais, um dos presos tamb\u00e9m \u00e9 investigado por descumprimento de medidas judiciais, incluindo viola\u00e7\u00e3o de monitoramento eletr\u00f4nico. Durante a ocorr\u00eancia, os policiais apreenderam uma motocicleta Honda Pop 110 de cor branca e placa QZT-1C86, R$ 1.450,00, uma tornozeleira eletr\u00f4nica violada, um tomada carregador e v\u00e1rios objetos relacionados a motos. Os suspeitos foram conduzidos \u00e0 Delegacia de Pol\u00edcia Civil (DPC) da cidade de Queimadas, onde a delegada Juliana Fernanda Brasil Barbosa Bruce recebeu os custodiados para os procedimentos cab\u00edveis. Noticias em Destaque Com Heleno Lima<\/p>\n","protected":false},"author":2,"featured_media":78216,"comment_status":"closed","ping_status":"closed","sticky":false,"template":"","format":"standard","meta":{"_eb_attr":"","_jetpack_memberships_contains_paid_content":false,"footnotes":""},"categories":[20],"tags":[],"class_list":["post-78215","post","type-post","status-publish","format-standard","has-post-thumbnail","hentry","category-policia"],"yoast_head":"<!-- This site is optimized with the Yoast SEO plugin v26.5 - https:\/\/yoast.com\/wordpress\/plugins\/seo\/ -->\n<title>Foragidos da Justi\u00e7a s\u00e3o presos em cidade do Cariri - Not&iacute;cias em Destaque<\/title>\n<meta name=\"robots\" content=\"index, follow, max-snippet:-1, max-image-preview:large, max-video-preview:-1\" \/>\n<link rel=\"canonical\" href=\"https:\/\/noticiasemdestaque.com\/cd\/?p=78215\" \/>\n<meta property=\"og:locale\" content=\"pt_BR\" \/>\n<meta property=\"og:type\" content=\"article\" \/>\n<meta property=\"og:title\" content=\"Foragidos da Justi\u00e7a s\u00e3o presos em cidade do Cariri - Not&iacute;cias em Destaque\" \/>\n<meta property=\"og:description\" content=\"Durante rondas na cidade de Alcantil, no Cariri paraibano, a guarni\u00e7\u00e3o da Pol\u00edcia Militar (PM), comandada pelo sargento Eleut\u00e9rio, atendeu a duas ocorr\u00eancias e prendeu dois homens, de 40 e 38 anos, com mandados de pris\u00e3o em aberto e suspeita de violar medidas cautelares com uso de tornozeleira eletr\u00f4nica. A a\u00e7\u00e3o ocorreu na tarde desta segunda-feira (27), em dois pontos distintos da cidade. De acordo com o boletim, a guarni\u00e7\u00e3o recebeu informa\u00e7\u00f5es de populares e localizou os suspeitos. Ap\u00f3s as abordagens e confirma\u00e7\u00e3o das identidades, foi dada voz de pris\u00e3o, com comunica\u00e7\u00e3o dos direitos constitucionais. Ainda conforme os registros policiais, um dos presos tamb\u00e9m \u00e9 investigado por descumprimento de medidas judiciais, incluindo viola\u00e7\u00e3o de monitoramento eletr\u00f4nico. Durante a ocorr\u00eancia, os policiais apreenderam uma motocicleta Honda Pop 110 de cor branca e placa QZT-1C86, R$ 1.450,00, uma tornozeleira eletr\u00f4nica violada, um tomada carregador e v\u00e1rios objetos relacionados a motos. Os suspeitos foram conduzidos \u00e0 Delegacia de Pol\u00edcia Civil (DPC) da cidade de Queimadas, onde a delegada Juliana Fernanda Brasil Barbosa Bruce recebeu os custodiados para os procedimentos cab\u00edveis. Noticias em Destaque Com Heleno Lima\" \/>\n<meta property=\"og:url\" content=\"https:\/\/noticiasemdestaque.com\/cd\/?p=78215\" \/>\n<meta property=\"og:site_name\" content=\"Not&iacute;cias em Destaque\" \/>\n<meta property=\"article:published_time\" content=\"2026-04-28T17:36:01+00:00\" \/>\n<meta property=\"og:image\" content=\"https:\/\/noticiasemdestaque.com\/cd\/wp-content\/uploads\/2026\/04\/5d13d82a8f4e60df4639915d8b3ba2eb.webp\" \/>\n\t<meta property=\"og:image:width\" content=\"1000\" \/>\n\t<meta property=\"og:image:height\" content=\"752\" \/>\n\t<meta property=\"og:image:type\" content=\"image\/webp\" \/>\n<meta name=\"author\" content=\"Not\u00edcias em Destaque\" \/>\n<meta name=\"twitter:card\" content=\"summary_large_image\" \/>\n<meta name=\"twitter:label1\" content=\"Escrito por\" \/>\n\t<meta name=\"twitter:data1\" content=\"Not\u00edcias em Destaque\" \/>\n\t<meta name=\"twitter:label2\" content=\"Est. tempo de leitura\" \/>\n\t<meta name=\"twitter:data2\" content=\"2 minutos\" \/>\n<script type=\"application\/ld+json\" class=\"yoast-schema-graph\">{\"@context\":\"https:\/\/schema.org\",\"@graph\":[{\"@type\":\"Article\",\"@id\":\"https:\/\/noticiasemdestaque.com\/cd\/?p=78215#article\",\"isPartOf\":{\"@id\":\"https:\/\/noticiasemdestaque.com\/cd\/?p=78215\"},\"author\":{\"name\":\"Not\u00edcias em Destaque\",\"@id\":\"https:\/\/noticiasemdestaque.com\/cd\/#\/schema\/person\/45ca272b3e1246ef14ebb78a48dbb218\"},\"headline\":\"Foragidos da Justi\u00e7a s\u00e3o presos em cidade do Cariri\",\"datePublished\":\"2026-04-28T17:36:01+00:00\",\"mainEntityOfPage\":{\"@id\":\"https:\/\/noticiasemdestaque.com\/cd\/?p=78215\"},\"wordCount\":209,\"publisher\":{\"@id\":\"https:\/\/noticiasemdestaque.com\/cd\/#organization\"},\"image\":{\"@id\":\"https:\/\/noticiasemdestaque.com\/cd\/?p=78215#primaryimage\"},\"thumbnailUrl\":\"https:\/\/noticiasemdestaque.com\/cd\/wp-content\/uploads\/2026\/04\/5d13d82a8f4e60df4639915d8b3ba2eb.webp\",\"articleSection\":[\"Pol\u00edcia\"],\"inLanguage\":\"pt-BR\"},{\"@type\":\"WebPage\",\"@id\":\"https:\/\/noticiasemdestaque.com\/cd\/?p=78215\",\"url\":\"https:\/\/noticiasemdestaque.com\/cd\/?p=78215\",\"name\":\"Foragidos da Justi\u00e7a s\u00e3o presos em cidade do Cariri - Not&iacute;cias em Destaque\",\"isPartOf\":{\"@id\":\"https:\/\/noticiasemdestaque.com\/cd\/#website\"},\"primaryImageOfPage\":{\"@id\":\"https:\/\/noticiasemdestaque.com\/cd\/?p=78215#primaryimage\"},\"image\":{\"@id\":\"https:\/\/noticiasemdestaque.com\/cd\/?p=78215#primaryimage\"},\"thumbnailUrl\":\"https:\/\/noticiasemdestaque.com\/cd\/wp-content\/uploads\/2026\/04\/5d13d82a8f4e60df4639915d8b3ba2eb.webp\",\"datePublished\":\"2026-04-28T17:36:01+00:00\",\"breadcrumb\":{\"@id\":\"https:\/\/noticiasemdestaque.com\/cd\/?p=78215#breadcrumb\"},\"inLanguage\":\"pt-BR\",\"potentialAction\":[{\"@type\":\"ReadAction\",\"target\":[\"https:\/\/noticiasemdestaque.com\/cd\/?p=78215\"]}]},{\"@type\":\"ImageObject\",\"inLanguage\":\"pt-BR\",\"@id\":\"https:\/\/noticiasemdestaque.com\/cd\/?p=78215#primaryimage\",\"url\":\"https:\/\/noticiasemdestaque.com\/cd\/wp-content\/uploads\/2026\/04\/5d13d82a8f4e60df4639915d8b3ba2eb.webp\",\"contentUrl\":\"https:\/\/noticiasemdestaque.com\/cd\/wp-content\/uploads\/2026\/04\/5d13d82a8f4e60df4639915d8b3ba2eb.webp\",\"width\":1000,\"height\":752},{\"@type\":\"BreadcrumbList\",\"@id\":\"https:\/\/noticiasemdestaque.com\/cd\/?p=78215#breadcrumb\",\"itemListElement\":[{\"@type\":\"ListItem\",\"position\":1,\"name\":\"In\u00edcio\",\"item\":\"https:\/\/noticiasemdestaque.com\/cd\/\"},{\"@type\":\"ListItem\",\"position\":2,\"name\":\"Foragidos da Justi\u00e7a s\u00e3o presos em cidade do Cariri\"}]},{\"@type\":\"WebSite\",\"@id\":\"https:\/\/noticiasemdestaque.com\/cd\/#website\",\"url\":\"https:\/\/noticiasemdestaque.com\/cd\/\",\"name\":\"Not&iacute;cias em Destaque\",\"description\":\"\",\"publisher\":{\"@id\":\"https:\/\/noticiasemdestaque.com\/cd\/#organization\"},\"potentialAction\":[{\"@type\":\"SearchAction\",\"target\":{\"@type\":\"EntryPoint\",\"urlTemplate\":\"https:\/\/noticiasemdestaque.com\/cd\/?s={search_term_string}\"},\"query-input\":{\"@type\":\"PropertyValueSpecification\",\"valueRequired\":true,\"valueName\":\"search_term_string\"}}],\"inLanguage\":\"pt-BR\"},{\"@type\":\"Organization\",\"@id\":\"https:\/\/noticiasemdestaque.com\/cd\/#organization\",\"name\":\"Not\u00edcias em Destaque\",\"url\":\"https:\/\/noticiasemdestaque.com\/cd\/\",\"logo\":{\"@type\":\"ImageObject\",\"inLanguage\":\"pt-BR\",\"@id\":\"https:\/\/noticiasemdestaque.com\/cd\/#\/schema\/logo\/image\/\",\"url\":\"https:\/\/noticiasemdestaque.com\/cd\/wp-content\/uploads\/2022\/05\/imagem-base-noticiasemdestaque.png\",\"contentUrl\":\"https:\/\/noticiasemdestaque.com\/cd\/wp-content\/uploads\/2022\/05\/imagem-base-noticiasemdestaque.png\",\"width\":1200,\"height\":630,\"caption\":\"Not\u00edcias em Destaque\"},\"image\":{\"@id\":\"https:\/\/noticiasemdestaque.com\/cd\/#\/schema\/logo\/image\/\"}},{\"@type\":\"Person\",\"@id\":\"https:\/\/noticiasemdestaque.com\/cd\/#\/schema\/person\/45ca272b3e1246ef14ebb78a48dbb218\",\"name\":\"Not\u00edcias em Destaque\",\"url\":\"https:\/\/noticiasemdestaque.com\/cd\/?author=2\"}]}<\/script>\n<!-- \/ Yoast SEO plugin. -->","yoast_head_json":{"title":"Foragidos da Justi\u00e7a s\u00e3o presos em cidade do Cariri - Not&iacute;cias em Destaque","robots":{"index":"index","follow":"follow","max-snippet":"max-snippet:-1","max-image-preview":"max-image-preview:large","max-video-preview":"max-video-preview:-1"},"canonical":"https:\/\/noticiasemdestaque.com\/cd\/?p=78215","og_locale":"pt_BR","og_type":"article","og_title":"Foragidos da Justi\u00e7a s\u00e3o presos em cidade do Cariri - Not&iacute;cias em Destaque","og_description":"Durante rondas na cidade de Alcantil, no Cariri paraibano, a guarni\u00e7\u00e3o da Pol\u00edcia Militar (PM), comandada pelo sargento Eleut\u00e9rio, atendeu a duas ocorr\u00eancias e prendeu dois homens, de 40 e 38 anos, com mandados de pris\u00e3o em aberto e suspeita de violar medidas cautelares com uso de tornozeleira eletr\u00f4nica. A a\u00e7\u00e3o ocorreu na tarde desta segunda-feira (27), em dois pontos distintos da cidade. De acordo com o boletim, a guarni\u00e7\u00e3o recebeu informa\u00e7\u00f5es de populares e localizou os suspeitos. Ap\u00f3s as abordagens e confirma\u00e7\u00e3o das identidades, foi dada voz de pris\u00e3o, com comunica\u00e7\u00e3o dos direitos constitucionais. Ainda conforme os registros policiais, um dos presos tamb\u00e9m \u00e9 investigado por descumprimento de medidas judiciais, incluindo viola\u00e7\u00e3o de monitoramento eletr\u00f4nico. Durante a ocorr\u00eancia, os policiais apreenderam uma motocicleta Honda Pop 110 de cor branca e placa QZT-1C86, R$ 1.450,00, uma tornozeleira eletr\u00f4nica violada, um tomada carregador e v\u00e1rios objetos relacionados a motos. Os suspeitos foram conduzidos \u00e0 Delegacia de Pol\u00edcia Civil (DPC) da cidade de Queimadas, onde a delegada Juliana Fernanda Brasil Barbosa Bruce recebeu os custodiados para os procedimentos cab\u00edveis. Noticias em Destaque Com Heleno Lima","og_url":"https:\/\/noticiasemdestaque.com\/cd\/?p=78215","og_site_name":"Not&iacute;cias em Destaque","article_published_time":"2026-04-28T17:36:01+00:00","og_image":[{"width":1000,"height":752,"url":"https:\/\/noticiasemdestaque.com\/cd\/wp-content\/uploads\/2026\/04\/5d13d82a8f4e60df4639915d8b3ba2eb.webp","type":"image\/webp"}],"author":"Not\u00edcias em Destaque","twitter_card":"summary_large_image","twitter_misc":{"Escrito por":"Not\u00edcias em Destaque","Est. tempo de leitura":"2 minutos"},"schema":{"@context":"https:\/\/schema.org","@graph":[{"@type":"Article","@id":"https:\/\/noticiasemdestaque.com\/cd\/?p=78215#article","isPartOf":{"@id":"https:\/\/noticiasemdestaque.com\/cd\/?p=78215"},"author":{"name":"Not\u00edcias em Destaque","@id":"https:\/\/noticiasemdestaque.com\/cd\/#\/schema\/person\/45ca272b3e1246ef14ebb78a48dbb218"},"headline":"Foragidos da Justi\u00e7a s\u00e3o presos em cidade do Cariri","datePublished":"2026-04-28T17:36:01+00:00","mainEntityOfPage":{"@id":"https:\/\/noticiasemdestaque.com\/cd\/?p=78215"},"wordCount":209,"publisher":{"@id":"https:\/\/noticiasemdestaque.com\/cd\/#organization"},"image":{"@id":"https:\/\/noticiasemdestaque.com\/cd\/?p=78215#primaryimage"},"thumbnailUrl":"https:\/\/noticiasemdestaque.com\/cd\/wp-content\/uploads\/2026\/04\/5d13d82a8f4e60df4639915d8b3ba2eb.webp","articleSection":["Pol\u00edcia"],"inLanguage":"pt-BR"},{"@type":"WebPage","@id":"https:\/\/noticiasemdestaque.com\/cd\/?p=78215","url":"https:\/\/noticiasemdestaque.com\/cd\/?p=78215","name":"Foragidos da Justi\u00e7a s\u00e3o presos em cidade do Cariri - Not&iacute;cias em Destaque","isPartOf":{"@id":"https:\/\/noticiasemdestaque.com\/cd\/#website"},"primaryImageOfPage":{"@id":"https:\/\/noticiasemdestaque.com\/cd\/?p=78215#primaryimage"},"image":{"@id":"https:\/\/noticiasemdestaque.com\/cd\/?p=78215#primaryimage"},"thumbnailUrl":"https:\/\/noticiasemdestaque.com\/cd\/wp-content\/uploads\/2026\/04\/5d13d82a8f4e60df4639915d8b3ba2eb.webp","datePublished":"2026-04-28T17:36:01+00:00","breadcrumb":{"@id":"https:\/\/noticiasemdestaque.com\/cd\/?p=78215#breadcrumb"},"inLanguage":"pt-BR","potentialAction":[{"@type":"ReadAction","target":["https:\/\/noticiasemdestaque.com\/cd\/?p=78215"]}]},{"@type":"ImageObject","inLanguage":"pt-BR","@id":"https:\/\/noticiasemdestaque.com\/cd\/?p=78215#primaryimage","url":"https:\/\/noticiasemdestaque.com\/cd\/wp-content\/uploads\/2026\/04\/5d13d82a8f4e60df4639915d8b3ba2eb.webp","contentUrl":"https:\/\/noticiasemdestaque.com\/cd\/wp-content\/uploads\/2026\/04\/5d13d82a8f4e60df4639915d8b3ba2eb.webp","width":1000,"height":752},{"@type":"BreadcrumbList","@id":"https:\/\/noticiasemdestaque.com\/cd\/?p=78215#breadcrumb","itemListElement":[{"@type":"ListItem","position":1,"name":"In\u00edcio","item":"https:\/\/noticiasemdestaque.com\/cd\/"},{"@type":"ListItem","position":2,"name":"Foragidos da Justi\u00e7a s\u00e3o presos em cidade do Cariri"}]},{"@type":"WebSite","@id":"https:\/\/noticiasemdestaque.com\/cd\/#website","url":"https:\/\/noticiasemdestaque.com\/cd\/","name":"Not&iacute;cias em Destaque","description":"","publisher":{"@id":"https:\/\/noticiasemdestaque.com\/cd\/#organization"},"potentialAction":[{"@type":"SearchAction","target":{"@type":"EntryPoint","urlTemplate":"https:\/\/noticiasemdestaque.com\/cd\/?s={search_term_string}"},"query-input":{"@type":"PropertyValueSpecification","valueRequired":true,"valueName":"search_term_string"}}],"inLanguage":"pt-BR"},{"@type":"Organization","@id":"https:\/\/noticiasemdestaque.com\/cd\/#organization","name":"Not\u00edcias em Destaque","url":"https:\/\/noticiasemdestaque.com\/cd\/","logo":{"@type":"ImageObject","inLanguage":"pt-BR","@id":"https:\/\/noticiasemdestaque.com\/cd\/#\/schema\/logo\/image\/","url":"https:\/\/noticiasemdestaque.com\/cd\/wp-content\/uploads\/2022\/05\/imagem-base-noticiasemdestaque.png","contentUrl":"https:\/\/noticiasemdestaque.com\/cd\/wp-content\/uploads\/2022\/05\/imagem-base-noticiasemdestaque.png","width":1200,"height":630,"caption":"Not\u00edcias em Destaque"},"image":{"@id":"https:\/\/noticiasemdestaque.com\/cd\/#\/schema\/logo\/image\/"}},{"@type":"Person","@id":"https:\/\/noticiasemdestaque.com\/cd\/#\/schema\/person\/45ca272b3e1246ef14ebb78a48dbb218","name":"Not\u00edcias em Destaque","url":"https:\/\/noticiasemdestaque.com\/cd\/?author=2"}]}},"jetpack_featured_media_url":"https:\/\/noticiasemdestaque.com\/cd\/wp-content\/uploads\/2026\/04\/5d13d82a8f4e60df4639915d8b3ba2eb.webp","jetpack_sharing_enabled":true,"_links":{"self":[{"href":"https:\/\/noticiasemdestaque.com\/cd\/index.php?rest_route=\/wp\/v2\/posts\/78215","targetHints":{"allow":["GET"]}}],"collection":[{"href":"https:\/\/noticiasemdestaque.com\/cd\/index.php?rest_route=\/wp\/v2\/posts"}],"about":[{"href":"https:\/\/noticiasemdestaque.com\/cd\/index.php?rest_route=\/wp\/v2\/types\/post"}],"author":[{"embeddable":true,"href":"https:\/\/noticiasemdestaque.com\/cd\/index.php?rest_route=\/wp\/v2\/users\/2"}],"replies":[{"embeddable":true,"href":"https:\/\/noticiasemdestaque.com\/cd\/index.php?rest_route=%2Fwp%2Fv2%2Fcomments&post=78215"}],"version-history":[{"count":1,"href":"https:\/\/noticiasemdestaque.com\/cd\/index.php?rest_route=\/wp\/v2\/posts\/78215\/revisions"}],"predecessor-version":[{"id":78217,"href":"https:\/\/noticiasemdestaque.com\/cd\/index.php?rest_route=\/wp\/v2\/posts\/78215\/revisions\/78217"}],"wp:featuredmedia":[{"embeddable":true,"href":"https:\/\/noticiasemdestaque.com\/cd\/index.php?rest_route=\/wp\/v2\/media\/78216"}],"wp:attachment":[{"href":"https:\/\/noticiasemdestaque.com\/cd\/index.php?rest_route=%2Fwp%2Fv2%2Fmedia&parent=78215"}],"wp:term":[{"taxonomy":"category","embeddable":true,"href":"https:\/\/noticiasemdestaque.com\/cd\/index.php?rest_route=%2Fwp%2Fv2%2Fcategories&post=78215"},{"taxonomy":"post_tag","embeddable":true,"href":"https:\/\/noticiasemdestaque.com\/cd\/index.php?rest_route=%2Fwp%2Fv2%2Ftags&post=78215"}],"curies":[{"name":"wp","href":"https:\/\/api.w.org\/{rel}","templated":true}]}}