{"id":78204,"date":"2026-04-28T09:46:11","date_gmt":"2026-04-28T12:46:11","guid":{"rendered":"https:\/\/noticiasemdestaque.com\/cd\/?p=78204"},"modified":"2026-04-28T09:46:11","modified_gmt":"2026-04-28T12:46:11","slug":"camara-de-vereadores-de-sume-analisa-e-vota-credito-adicional-para-areas-essenciais-em-sessao-extraordinaria","status":"publish","type":"post","link":"https:\/\/noticiasemdestaque.com\/cd\/?p=78204","title":{"rendered":"C\u00e2mara de Vereadores de Sum\u00e9 analisa e vota cr\u00e9dito adicional para \u00e1reas essenciais em sess\u00e3o extraordin\u00e1ria"},"content":{"rendered":"<p><a href=\"https:\/\/noticiasemdestaque.com\/cd\/wp-content\/uploads\/2026\/04\/WhatsApp-Image-2026-04-28-at-07.29.56.jpeg\"><img fetchpriority=\"high\" decoding=\"async\" class=\" wp-image-78205 aligncenter\" src=\"https:\/\/noticiasemdestaque.com\/cd\/wp-content\/uploads\/2026\/04\/WhatsApp-Image-2026-04-28-at-07.29.56-300x169.jpeg\" alt=\"\" width=\"1049\" height=\"591\" srcset=\"https:\/\/noticiasemdestaque.com\/cd\/wp-content\/uploads\/2026\/04\/WhatsApp-Image-2026-04-28-at-07.29.56-300x169.jpeg 300w, https:\/\/noticiasemdestaque.com\/cd\/wp-content\/uploads\/2026\/04\/WhatsApp-Image-2026-04-28-at-07.29.56-1024x576.jpeg 1024w, https:\/\/noticiasemdestaque.com\/cd\/wp-content\/uploads\/2026\/04\/WhatsApp-Image-2026-04-28-at-07.29.56-768x432.jpeg 768w, https:\/\/noticiasemdestaque.com\/cd\/wp-content\/uploads\/2026\/04\/WhatsApp-Image-2026-04-28-at-07.29.56.jpeg 1280w\" sizes=\"(max-width: 1049px) 100vw, 1049px\" \/><\/a><\/p>\n<p>Na \u00faltima sexta-feira (24), a C\u00e2mara Municipal de Sum\u00e9 realizou uma sess\u00e3o extraordin\u00e1ria para a aprecia\u00e7\u00e3o de um importante projeto de lei de autoria do Poder Executivo.<\/p>\n<p>A proposta tratava da autoriza\u00e7\u00e3o para a abertura de cr\u00e9dito adicional especial, destinado a viabilizar a execu\u00e7\u00e3o de despesas nas \u00e1reas da Educa\u00e7\u00e3o, Cultura, Esporte e Turismo, al\u00e9m da Secretaria de Sa\u00fade do munic\u00edpio. De acordo com o texto encaminhado pelo Executivo, o objetivo \u00e9 refor\u00e7ar o or\u00e7amento dessas pastas, garantindo melhores condi\u00e7\u00f5es para a manuten\u00e7\u00e3o e amplia\u00e7\u00e3o dos servi\u00e7os oferecidos \u00e0 popula\u00e7\u00e3o.<\/p>\n<p>Durante a sess\u00e3o, os vereadores discutiram a relev\u00e2ncia do projeto, destacando a import\u00e2ncia dos investimentos, especialmente nas \u00e1reas essenciais como educa\u00e7\u00e3o e sa\u00fade. O cr\u00e9dito adicional permitir\u00e1 que a gest\u00e3o municipal direcione recursos para a\u00e7\u00f5es priorit\u00e1rias, contribuindo para o desenvolvimento local e a melhoria da qualidade de vida dos cidad\u00e3os.<\/p>\n<p>Ap\u00f3s an\u00e1lise e debate em plen\u00e1rio, o projeto foi colocado em vota\u00e7\u00e3o, evidenciando o compromisso do Legislativo em avaliar medidas que impactam diretamente a popula\u00e7\u00e3o de Sum\u00e9.<\/p>\n<p><strong>Noticias em Destaque<\/strong><\/p>\n<p style=\"text-align: right;\"><em>Fonte: Assessoria<\/em><\/p>\n","protected":false},"excerpt":{"rendered":"<p>Na \u00faltima sexta-feira (24), a C\u00e2mara Municipal de Sum\u00e9 realizou uma sess\u00e3o extraordin\u00e1ria para a aprecia\u00e7\u00e3o de um importante projeto de lei de autoria do Poder Executivo. A proposta tratava da autoriza\u00e7\u00e3o para a abertura de cr\u00e9dito adicional especial, destinado a viabilizar a execu\u00e7\u00e3o de despesas nas \u00e1reas da Educa\u00e7\u00e3o, Cultura, Esporte e Turismo, al\u00e9m da Secretaria de Sa\u00fade do munic\u00edpio. De acordo com o texto encaminhado pelo Executivo, o objetivo \u00e9 refor\u00e7ar o or\u00e7amento dessas pastas, garantindo melhores condi\u00e7\u00f5es para a manuten\u00e7\u00e3o e amplia\u00e7\u00e3o dos servi\u00e7os oferecidos \u00e0 popula\u00e7\u00e3o. Durante a sess\u00e3o, os vereadores discutiram a relev\u00e2ncia do projeto, destacando a import\u00e2ncia dos investimentos, especialmente nas \u00e1reas essenciais como educa\u00e7\u00e3o e sa\u00fade. O cr\u00e9dito adicional permitir\u00e1 que a gest\u00e3o municipal direcione recursos para a\u00e7\u00f5es priorit\u00e1rias, contribuindo para o desenvolvimento local e a melhoria da qualidade de vida dos cidad\u00e3os. Ap\u00f3s an\u00e1lise e debate em plen\u00e1rio, o projeto foi colocado em vota\u00e7\u00e3o, evidenciando o compromisso do Legislativo em avaliar medidas que impactam diretamente a popula\u00e7\u00e3o de Sum\u00e9. Noticias em Destaque Fonte: Assessoria<\/p>\n","protected":false},"author":2,"featured_media":78205,"comment_status":"closed","ping_status":"closed","sticky":false,"template":"","format":"standard","meta":{"_eb_attr":"","_jetpack_memberships_contains_paid_content":false,"footnotes":""},"categories":[4],"tags":[],"class_list":["post-78204","post","type-post","status-publish","format-standard","has-post-thumbnail","hentry","category-politica"],"yoast_head":"<!-- This site is optimized with the Yoast SEO plugin v26.5 - https:\/\/yoast.com\/wordpress\/plugins\/seo\/ -->\n<title>C\u00e2mara de Vereadores de Sum\u00e9 analisa e vota cr\u00e9dito adicional para \u00e1reas essenciais em sess\u00e3o extraordin\u00e1ria - Not&iacute;cias em Destaque<\/title>\n<meta name=\"robots\" content=\"index, follow, max-snippet:-1, max-image-preview:large, max-video-preview:-1\" \/>\n<link rel=\"canonical\" href=\"https:\/\/noticiasemdestaque.com\/cd\/?p=78204\" \/>\n<meta property=\"og:locale\" content=\"pt_BR\" \/>\n<meta property=\"og:type\" content=\"article\" \/>\n<meta property=\"og:title\" content=\"C\u00e2mara de Vereadores de Sum\u00e9 analisa e vota cr\u00e9dito adicional para \u00e1reas essenciais em sess\u00e3o extraordin\u00e1ria - Not&iacute;cias em Destaque\" \/>\n<meta property=\"og:description\" content=\"Na \u00faltima sexta-feira (24), a C\u00e2mara Municipal de Sum\u00e9 realizou uma sess\u00e3o extraordin\u00e1ria para a aprecia\u00e7\u00e3o de um importante projeto de lei de autoria do Poder Executivo. A proposta tratava da autoriza\u00e7\u00e3o para a abertura de cr\u00e9dito adicional especial, destinado a viabilizar a execu\u00e7\u00e3o de despesas nas \u00e1reas da Educa\u00e7\u00e3o, Cultura, Esporte e Turismo, al\u00e9m da Secretaria de Sa\u00fade do munic\u00edpio. De acordo com o texto encaminhado pelo Executivo, o objetivo \u00e9 refor\u00e7ar o or\u00e7amento dessas pastas, garantindo melhores condi\u00e7\u00f5es para a manuten\u00e7\u00e3o e amplia\u00e7\u00e3o dos servi\u00e7os oferecidos \u00e0 popula\u00e7\u00e3o. Durante a sess\u00e3o, os vereadores discutiram a relev\u00e2ncia do projeto, destacando a import\u00e2ncia dos investimentos, especialmente nas \u00e1reas essenciais como educa\u00e7\u00e3o e sa\u00fade. O cr\u00e9dito adicional permitir\u00e1 que a gest\u00e3o municipal direcione recursos para a\u00e7\u00f5es priorit\u00e1rias, contribuindo para o desenvolvimento local e a melhoria da qualidade de vida dos cidad\u00e3os. Ap\u00f3s an\u00e1lise e debate em plen\u00e1rio, o projeto foi colocado em vota\u00e7\u00e3o, evidenciando o compromisso do Legislativo em avaliar medidas que impactam diretamente a popula\u00e7\u00e3o de Sum\u00e9. Noticias em Destaque Fonte: Assessoria\" \/>\n<meta property=\"og:url\" content=\"https:\/\/noticiasemdestaque.com\/cd\/?p=78204\" \/>\n<meta property=\"og:site_name\" content=\"Not&iacute;cias em Destaque\" \/>\n<meta property=\"article:published_time\" content=\"2026-04-28T12:46:11+00:00\" \/>\n<meta property=\"og:image\" content=\"https:\/\/noticiasemdestaque.com\/cd\/wp-content\/uploads\/2026\/04\/WhatsApp-Image-2026-04-28-at-07.29.56.jpeg\" \/>\n\t<meta property=\"og:image:width\" content=\"1280\" \/>\n\t<meta property=\"og:image:height\" content=\"720\" \/>\n\t<meta property=\"og:image:type\" content=\"image\/jpeg\" \/>\n<meta name=\"author\" content=\"Not\u00edcias em Destaque\" \/>\n<meta name=\"twitter:card\" content=\"summary_large_image\" \/>\n<meta name=\"twitter:label1\" content=\"Escrito por\" \/>\n\t<meta name=\"twitter:data1\" content=\"Not\u00edcias em Destaque\" \/>\n\t<meta name=\"twitter:label2\" content=\"Est. tempo de leitura\" \/>\n\t<meta name=\"twitter:data2\" content=\"2 minutos\" \/>\n<script type=\"application\/ld+json\" class=\"yoast-schema-graph\">{\"@context\":\"https:\/\/schema.org\",\"@graph\":[{\"@type\":\"Article\",\"@id\":\"https:\/\/noticiasemdestaque.com\/cd\/?p=78204#article\",\"isPartOf\":{\"@id\":\"https:\/\/noticiasemdestaque.com\/cd\/?p=78204\"},\"author\":{\"name\":\"Not\u00edcias em Destaque\",\"@id\":\"https:\/\/noticiasemdestaque.com\/cd\/#\/schema\/person\/45ca272b3e1246ef14ebb78a48dbb218\"},\"headline\":\"C\u00e2mara de Vereadores de Sum\u00e9 analisa e vota cr\u00e9dito adicional para \u00e1reas essenciais em sess\u00e3o extraordin\u00e1ria\",\"datePublished\":\"2026-04-28T12:46:11+00:00\",\"mainEntityOfPage\":{\"@id\":\"https:\/\/noticiasemdestaque.com\/cd\/?p=78204\"},\"wordCount\":222,\"publisher\":{\"@id\":\"https:\/\/noticiasemdestaque.com\/cd\/#organization\"},\"image\":{\"@id\":\"https:\/\/noticiasemdestaque.com\/cd\/?p=78204#primaryimage\"},\"thumbnailUrl\":\"https:\/\/noticiasemdestaque.com\/cd\/wp-content\/uploads\/2026\/04\/WhatsApp-Image-2026-04-28-at-07.29.56.jpeg\",\"articleSection\":[\"Pol\u00edtica\"],\"inLanguage\":\"pt-BR\"},{\"@type\":\"WebPage\",\"@id\":\"https:\/\/noticiasemdestaque.com\/cd\/?p=78204\",\"url\":\"https:\/\/noticiasemdestaque.com\/cd\/?p=78204\",\"name\":\"C\u00e2mara de Vereadores de Sum\u00e9 analisa e vota cr\u00e9dito adicional para \u00e1reas essenciais em sess\u00e3o extraordin\u00e1ria - Not&iacute;cias em Destaque\",\"isPartOf\":{\"@id\":\"https:\/\/noticiasemdestaque.com\/cd\/#website\"},\"primaryImageOfPage\":{\"@id\":\"https:\/\/noticiasemdestaque.com\/cd\/?p=78204#primaryimage\"},\"image\":{\"@id\":\"https:\/\/noticiasemdestaque.com\/cd\/?p=78204#primaryimage\"},\"thumbnailUrl\":\"https:\/\/noticiasemdestaque.com\/cd\/wp-content\/uploads\/2026\/04\/WhatsApp-Image-2026-04-28-at-07.29.56.jpeg\",\"datePublished\":\"2026-04-28T12:46:11+00:00\",\"breadcrumb\":{\"@id\":\"https:\/\/noticiasemdestaque.com\/cd\/?p=78204#breadcrumb\"},\"inLanguage\":\"pt-BR\",\"potentialAction\":[{\"@type\":\"ReadAction\",\"target\":[\"https:\/\/noticiasemdestaque.com\/cd\/?p=78204\"]}]},{\"@type\":\"ImageObject\",\"inLanguage\":\"pt-BR\",\"@id\":\"https:\/\/noticiasemdestaque.com\/cd\/?p=78204#primaryimage\",\"url\":\"https:\/\/noticiasemdestaque.com\/cd\/wp-content\/uploads\/2026\/04\/WhatsApp-Image-2026-04-28-at-07.29.56.jpeg\",\"contentUrl\":\"https:\/\/noticiasemdestaque.com\/cd\/wp-content\/uploads\/2026\/04\/WhatsApp-Image-2026-04-28-at-07.29.56.jpeg\",\"width\":1280,\"height\":720},{\"@type\":\"BreadcrumbList\",\"@id\":\"https:\/\/noticiasemdestaque.com\/cd\/?p=78204#breadcrumb\",\"itemListElement\":[{\"@type\":\"ListItem\",\"position\":1,\"name\":\"In\u00edcio\",\"item\":\"https:\/\/noticiasemdestaque.com\/cd\/\"},{\"@type\":\"ListItem\",\"position\":2,\"name\":\"C\u00e2mara de Vereadores de Sum\u00e9 analisa e vota cr\u00e9dito adicional para \u00e1reas essenciais em sess\u00e3o extraordin\u00e1ria\"}]},{\"@type\":\"WebSite\",\"@id\":\"https:\/\/noticiasemdestaque.com\/cd\/#website\",\"url\":\"https:\/\/noticiasemdestaque.com\/cd\/\",\"name\":\"Not&iacute;cias em Destaque\",\"description\":\"\",\"publisher\":{\"@id\":\"https:\/\/noticiasemdestaque.com\/cd\/#organization\"},\"potentialAction\":[{\"@type\":\"SearchAction\",\"target\":{\"@type\":\"EntryPoint\",\"urlTemplate\":\"https:\/\/noticiasemdestaque.com\/cd\/?s={search_term_string}\"},\"query-input\":{\"@type\":\"PropertyValueSpecification\",\"valueRequired\":true,\"valueName\":\"search_term_string\"}}],\"inLanguage\":\"pt-BR\"},{\"@type\":\"Organization\",\"@id\":\"https:\/\/noticiasemdestaque.com\/cd\/#organization\",\"name\":\"Not\u00edcias em Destaque\",\"url\":\"https:\/\/noticiasemdestaque.com\/cd\/\",\"logo\":{\"@type\":\"ImageObject\",\"inLanguage\":\"pt-BR\",\"@id\":\"https:\/\/noticiasemdestaque.com\/cd\/#\/schema\/logo\/image\/\",\"url\":\"https:\/\/noticiasemdestaque.com\/cd\/wp-content\/uploads\/2022\/05\/imagem-base-noticiasemdestaque.png\",\"contentUrl\":\"https:\/\/noticiasemdestaque.com\/cd\/wp-content\/uploads\/2022\/05\/imagem-base-noticiasemdestaque.png\",\"width\":1200,\"height\":630,\"caption\":\"Not\u00edcias em Destaque\"},\"image\":{\"@id\":\"https:\/\/noticiasemdestaque.com\/cd\/#\/schema\/logo\/image\/\"}},{\"@type\":\"Person\",\"@id\":\"https:\/\/noticiasemdestaque.com\/cd\/#\/schema\/person\/45ca272b3e1246ef14ebb78a48dbb218\",\"name\":\"Not\u00edcias em Destaque\",\"url\":\"https:\/\/noticiasemdestaque.com\/cd\/?author=2\"}]}<\/script>\n<!-- \/ Yoast SEO plugin. -->","yoast_head_json":{"title":"C\u00e2mara de Vereadores de Sum\u00e9 analisa e vota cr\u00e9dito adicional para \u00e1reas essenciais em sess\u00e3o extraordin\u00e1ria - Not&iacute;cias em Destaque","robots":{"index":"index","follow":"follow","max-snippet":"max-snippet:-1","max-image-preview":"max-image-preview:large","max-video-preview":"max-video-preview:-1"},"canonical":"https:\/\/noticiasemdestaque.com\/cd\/?p=78204","og_locale":"pt_BR","og_type":"article","og_title":"C\u00e2mara de Vereadores de Sum\u00e9 analisa e vota cr\u00e9dito adicional para \u00e1reas essenciais em sess\u00e3o extraordin\u00e1ria - Not&iacute;cias em Destaque","og_description":"Na \u00faltima sexta-feira (24), a C\u00e2mara Municipal de Sum\u00e9 realizou uma sess\u00e3o extraordin\u00e1ria para a aprecia\u00e7\u00e3o de um importante projeto de lei de autoria do Poder Executivo. A proposta tratava da autoriza\u00e7\u00e3o para a abertura de cr\u00e9dito adicional especial, destinado a viabilizar a execu\u00e7\u00e3o de despesas nas \u00e1reas da Educa\u00e7\u00e3o, Cultura, Esporte e Turismo, al\u00e9m da Secretaria de Sa\u00fade do munic\u00edpio. De acordo com o texto encaminhado pelo Executivo, o objetivo \u00e9 refor\u00e7ar o or\u00e7amento dessas pastas, garantindo melhores condi\u00e7\u00f5es para a manuten\u00e7\u00e3o e amplia\u00e7\u00e3o dos servi\u00e7os oferecidos \u00e0 popula\u00e7\u00e3o. Durante a sess\u00e3o, os vereadores discutiram a relev\u00e2ncia do projeto, destacando a import\u00e2ncia dos investimentos, especialmente nas \u00e1reas essenciais como educa\u00e7\u00e3o e sa\u00fade. O cr\u00e9dito adicional permitir\u00e1 que a gest\u00e3o municipal direcione recursos para a\u00e7\u00f5es priorit\u00e1rias, contribuindo para o desenvolvimento local e a melhoria da qualidade de vida dos cidad\u00e3os. Ap\u00f3s an\u00e1lise e debate em plen\u00e1rio, o projeto foi colocado em vota\u00e7\u00e3o, evidenciando o compromisso do Legislativo em avaliar medidas que impactam diretamente a popula\u00e7\u00e3o de Sum\u00e9. Noticias em Destaque Fonte: Assessoria","og_url":"https:\/\/noticiasemdestaque.com\/cd\/?p=78204","og_site_name":"Not&iacute;cias em Destaque","article_published_time":"2026-04-28T12:46:11+00:00","og_image":[{"width":1280,"height":720,"url":"https:\/\/noticiasemdestaque.com\/cd\/wp-content\/uploads\/2026\/04\/WhatsApp-Image-2026-04-28-at-07.29.56.jpeg","type":"image\/jpeg"}],"author":"Not\u00edcias em Destaque","twitter_card":"summary_large_image","twitter_misc":{"Escrito por":"Not\u00edcias em Destaque","Est. tempo de leitura":"2 minutos"},"schema":{"@context":"https:\/\/schema.org","@graph":[{"@type":"Article","@id":"https:\/\/noticiasemdestaque.com\/cd\/?p=78204#article","isPartOf":{"@id":"https:\/\/noticiasemdestaque.com\/cd\/?p=78204"},"author":{"name":"Not\u00edcias em Destaque","@id":"https:\/\/noticiasemdestaque.com\/cd\/#\/schema\/person\/45ca272b3e1246ef14ebb78a48dbb218"},"headline":"C\u00e2mara de Vereadores de Sum\u00e9 analisa e vota cr\u00e9dito adicional para \u00e1reas essenciais em sess\u00e3o extraordin\u00e1ria","datePublished":"2026-04-28T12:46:11+00:00","mainEntityOfPage":{"@id":"https:\/\/noticiasemdestaque.com\/cd\/?p=78204"},"wordCount":222,"publisher":{"@id":"https:\/\/noticiasemdestaque.com\/cd\/#organization"},"image":{"@id":"https:\/\/noticiasemdestaque.com\/cd\/?p=78204#primaryimage"},"thumbnailUrl":"https:\/\/noticiasemdestaque.com\/cd\/wp-content\/uploads\/2026\/04\/WhatsApp-Image-2026-04-28-at-07.29.56.jpeg","articleSection":["Pol\u00edtica"],"inLanguage":"pt-BR"},{"@type":"WebPage","@id":"https:\/\/noticiasemdestaque.com\/cd\/?p=78204","url":"https:\/\/noticiasemdestaque.com\/cd\/?p=78204","name":"C\u00e2mara de Vereadores de Sum\u00e9 analisa e vota cr\u00e9dito adicional para \u00e1reas essenciais em sess\u00e3o extraordin\u00e1ria - Not&iacute;cias em Destaque","isPartOf":{"@id":"https:\/\/noticiasemdestaque.com\/cd\/#website"},"primaryImageOfPage":{"@id":"https:\/\/noticiasemdestaque.com\/cd\/?p=78204#primaryimage"},"image":{"@id":"https:\/\/noticiasemdestaque.com\/cd\/?p=78204#primaryimage"},"thumbnailUrl":"https:\/\/noticiasemdestaque.com\/cd\/wp-content\/uploads\/2026\/04\/WhatsApp-Image-2026-04-28-at-07.29.56.jpeg","datePublished":"2026-04-28T12:46:11+00:00","breadcrumb":{"@id":"https:\/\/noticiasemdestaque.com\/cd\/?p=78204#breadcrumb"},"inLanguage":"pt-BR","potentialAction":[{"@type":"ReadAction","target":["https:\/\/noticiasemdestaque.com\/cd\/?p=78204"]}]},{"@type":"ImageObject","inLanguage":"pt-BR","@id":"https:\/\/noticiasemdestaque.com\/cd\/?p=78204#primaryimage","url":"https:\/\/noticiasemdestaque.com\/cd\/wp-content\/uploads\/2026\/04\/WhatsApp-Image-2026-04-28-at-07.29.56.jpeg","contentUrl":"https:\/\/noticiasemdestaque.com\/cd\/wp-content\/uploads\/2026\/04\/WhatsApp-Image-2026-04-28-at-07.29.56.jpeg","width":1280,"height":720},{"@type":"BreadcrumbList","@id":"https:\/\/noticiasemdestaque.com\/cd\/?p=78204#breadcrumb","itemListElement":[{"@type":"ListItem","position":1,"name":"In\u00edcio","item":"https:\/\/noticiasemdestaque.com\/cd\/"},{"@type":"ListItem","position":2,"name":"C\u00e2mara de Vereadores de Sum\u00e9 analisa e vota cr\u00e9dito adicional para \u00e1reas essenciais em sess\u00e3o extraordin\u00e1ria"}]},{"@type":"WebSite","@id":"https:\/\/noticiasemdestaque.com\/cd\/#website","url":"https:\/\/noticiasemdestaque.com\/cd\/","name":"Not&iacute;cias em Destaque","description":"","publisher":{"@id":"https:\/\/noticiasemdestaque.com\/cd\/#organization"},"potentialAction":[{"@type":"SearchAction","target":{"@type":"EntryPoint","urlTemplate":"https:\/\/noticiasemdestaque.com\/cd\/?s={search_term_string}"},"query-input":{"@type":"PropertyValueSpecification","valueRequired":true,"valueName":"search_term_string"}}],"inLanguage":"pt-BR"},{"@type":"Organization","@id":"https:\/\/noticiasemdestaque.com\/cd\/#organization","name":"Not\u00edcias em Destaque","url":"https:\/\/noticiasemdestaque.com\/cd\/","logo":{"@type":"ImageObject","inLanguage":"pt-BR","@id":"https:\/\/noticiasemdestaque.com\/cd\/#\/schema\/logo\/image\/","url":"https:\/\/noticiasemdestaque.com\/cd\/wp-content\/uploads\/2022\/05\/imagem-base-noticiasemdestaque.png","contentUrl":"https:\/\/noticiasemdestaque.com\/cd\/wp-content\/uploads\/2022\/05\/imagem-base-noticiasemdestaque.png","width":1200,"height":630,"caption":"Not\u00edcias em Destaque"},"image":{"@id":"https:\/\/noticiasemdestaque.com\/cd\/#\/schema\/logo\/image\/"}},{"@type":"Person","@id":"https:\/\/noticiasemdestaque.com\/cd\/#\/schema\/person\/45ca272b3e1246ef14ebb78a48dbb218","name":"Not\u00edcias em Destaque","url":"https:\/\/noticiasemdestaque.com\/cd\/?author=2"}]}},"jetpack_featured_media_url":"https:\/\/noticiasemdestaque.com\/cd\/wp-content\/uploads\/2026\/04\/WhatsApp-Image-2026-04-28-at-07.29.56.jpeg","jetpack_sharing_enabled":true,"_links":{"self":[{"href":"https:\/\/noticiasemdestaque.com\/cd\/index.php?rest_route=\/wp\/v2\/posts\/78204","targetHints":{"allow":["GET"]}}],"collection":[{"href":"https:\/\/noticiasemdestaque.com\/cd\/index.php?rest_route=\/wp\/v2\/posts"}],"about":[{"href":"https:\/\/noticiasemdestaque.com\/cd\/index.php?rest_route=\/wp\/v2\/types\/post"}],"author":[{"embeddable":true,"href":"https:\/\/noticiasemdestaque.com\/cd\/index.php?rest_route=\/wp\/v2\/users\/2"}],"replies":[{"embeddable":true,"href":"https:\/\/noticiasemdestaque.com\/cd\/index.php?rest_route=%2Fwp%2Fv2%2Fcomments&post=78204"}],"version-history":[{"count":1,"href":"https:\/\/noticiasemdestaque.com\/cd\/index.php?rest_route=\/wp\/v2\/posts\/78204\/revisions"}],"predecessor-version":[{"id":78206,"href":"https:\/\/noticiasemdestaque.com\/cd\/index.php?rest_route=\/wp\/v2\/posts\/78204\/revisions\/78206"}],"wp:featuredmedia":[{"embeddable":true,"href":"https:\/\/noticiasemdestaque.com\/cd\/index.php?rest_route=\/wp\/v2\/media\/78205"}],"wp:attachment":[{"href":"https:\/\/noticiasemdestaque.com\/cd\/index.php?rest_route=%2Fwp%2Fv2%2Fmedia&parent=78204"}],"wp:term":[{"taxonomy":"category","embeddable":true,"href":"https:\/\/noticiasemdestaque.com\/cd\/index.php?rest_route=%2Fwp%2Fv2%2Fcategories&post=78204"},{"taxonomy":"post_tag","embeddable":true,"href":"https:\/\/noticiasemdestaque.com\/cd\/index.php?rest_route=%2Fwp%2Fv2%2Ftags&post=78204"}],"curies":[{"name":"wp","href":"https:\/\/api.w.org\/{rel}","templated":true}]}}