{"id":782,"date":"2017-06-22T09:25:44","date_gmt":"2017-06-22T12:25:44","guid":{"rendered":"http:\/\/caririemdestaque.com\/cd\/?p=782"},"modified":"2017-06-22T09:25:44","modified_gmt":"2017-06-22T12:25:44","slug":"camara-aprova-projeto-que-libera-remedios-para-emagrecer","status":"publish","type":"post","link":"https:\/\/noticiasemdestaque.com\/cd\/?p=782","title":{"rendered":"C\u00e2mara aprova projeto que libera rem\u00e9dios para emagrecer"},"content":{"rendered":"<p><a href=\"http:\/\/caririemdestaque.com\/cd\/wp-content\/uploads\/2017\/06\/dieta-300x221.jpg\"><img fetchpriority=\"high\" decoding=\"async\" class=\"size-medium wp-image-783 alignleft\" src=\"http:\/\/caririemdestaque.com\/cd\/wp-content\/uploads\/2017\/06\/dieta-300x221-300x221.jpg\" alt=\"\" width=\"300\" height=\"221\" \/><\/a>A C\u00e2mara dos Deputados aprovou nesta ter\u00e7a-feira (20) um projeto de lei que autoriza a produ\u00e7\u00e3o, a venda e o consumo, sob prescri\u00e7\u00e3o m\u00e9dica, de rem\u00e9dios que tenham em sua composi\u00e7\u00e3o as subst\u00e2ncias sibutramina, anfepramona, femproporex e mazindol, utilizadas para emagrecimento.<\/p>\n<p>A mat\u00e9ria segue agora para a san\u00e7\u00e3o do presidente Michel Temer. O texto j\u00e1 havia sido aprovado pela C\u00e2mara e foi alterado quando passou pelo Senado. Por isso, precisou de nova vota\u00e7\u00e3o pelos deputados.<\/p>\n<p>O uso dessas subst\u00e2ncias chegou a ser proibido pela Ag\u00eancia Nacional de Vigil\u00e2ncia Sanit\u00e1ria (Anvisa) em 2011, sob a argumenta\u00e7\u00e3o de que o consumo desses rem\u00e9dios pode causar problemas card\u00edacos nos pacientes. Um decreto legislativo de 2014, no entanto, suspendeu a proibi\u00e7\u00e3o.<\/p>\n<p>Como a proibi\u00e7\u00e3o foi suspensa, a Anvisa publicou uma nova norma autorizando a produ\u00e7\u00e3o, comercializa\u00e7\u00e3o e consumo, com prescri\u00e7\u00e3o m\u00e9dica, desses rem\u00e9dios, desde que respeitadas limita\u00e7\u00f5es de quantidade. A ag\u00eancia, no entanto, aumentou os mecanismos de controle.<\/p>\n<p>O \u00f3rg\u00e3o definiu que, para o rem\u00e9dio ser vendido, a receita deve ficar retida na farm\u00e1cia e o m\u00e9dico deve assinar um termo de responsabilidade. Al\u00e9m disso, o paciente tamb\u00e9m deve assinar um documento afirmando que conhece os riscos que essas subst\u00e2ncias podem causar.<\/p>\n<p>Tarja preta<\/p>\n<p>O projeto aprovado nesta ter\u00e7a-feira inclui uma regra que obriga que os medicamentos para emagrecimento devem fazer parte da classifica\u00e7\u00e3o tarja preta, ou seja, s\u00f3 podem ser comercializados mediante reten\u00e7\u00e3o de receita de cor azul.<\/p>\n<p><em><strong>Cariri em Destaque<\/strong><\/em><\/p>\n<p>Fonte: G1<\/p>\n","protected":false},"excerpt":{"rendered":"<p>A C\u00e2mara dos Deputados aprovou nesta ter\u00e7a-feira (20) um projeto de lei que autoriza a produ\u00e7\u00e3o, a venda e o consumo, sob prescri\u00e7\u00e3o m\u00e9dica, de rem\u00e9dios que tenham em sua composi\u00e7\u00e3o as subst\u00e2ncias sibutramina, anfepramona, femproporex e mazindol, utilizadas para emagrecimento. A mat\u00e9ria segue agora para a san\u00e7\u00e3o do presidente Michel Temer. O texto j\u00e1 havia sido aprovado pela C\u00e2mara e foi alterado quando passou pelo Senado. Por isso, precisou de nova vota\u00e7\u00e3o pelos deputados. O uso dessas subst\u00e2ncias chegou a ser proibido pela Ag\u00eancia Nacional de Vigil\u00e2ncia Sanit\u00e1ria (Anvisa) em 2011, sob a argumenta\u00e7\u00e3o de que o consumo desses rem\u00e9dios pode causar problemas card\u00edacos nos pacientes. Um decreto legislativo de 2014, no entanto, suspendeu a proibi\u00e7\u00e3o. Como a proibi\u00e7\u00e3o foi suspensa, a Anvisa publicou uma nova norma autorizando a produ\u00e7\u00e3o, comercializa\u00e7\u00e3o e consumo, com prescri\u00e7\u00e3o m\u00e9dica, desses rem\u00e9dios, desde que respeitadas limita\u00e7\u00f5es de quantidade. A ag\u00eancia, no entanto, aumentou os mecanismos de controle. O \u00f3rg\u00e3o definiu que, para o rem\u00e9dio ser vendido, a receita deve ficar retida na farm\u00e1cia e o m\u00e9dico deve assinar um termo de responsabilidade. Al\u00e9m disso, o paciente tamb\u00e9m deve assinar um documento afirmando que conhece os riscos que essas subst\u00e2ncias podem causar. Tarja preta O projeto aprovado nesta ter\u00e7a-feira inclui uma regra que obriga que os medicamentos para emagrecimento devem fazer parte da classifica\u00e7\u00e3o tarja preta, ou seja, s\u00f3 podem ser comercializados mediante reten\u00e7\u00e3o de receita de cor azul. Cariri em Destaque Fonte: G1<\/p>\n","protected":false},"author":2,"featured_media":783,"comment_status":"closed","ping_status":"open","sticky":false,"template":"","format":"standard","meta":{"_eb_attr":"","_jetpack_memberships_contains_paid_content":false,"footnotes":""},"categories":[8],"tags":[],"class_list":["post-782","post","type-post","status-publish","format-standard","has-post-thumbnail","hentry","category-saude"],"yoast_head":"<!-- This site is optimized with the Yoast SEO plugin v26.5 - https:\/\/yoast.com\/wordpress\/plugins\/seo\/ -->\n<title>C\u00e2mara aprova projeto que libera rem\u00e9dios para emagrecer - Not&iacute;cias em Destaque<\/title>\n<meta name=\"robots\" content=\"index, follow, max-snippet:-1, max-image-preview:large, max-video-preview:-1\" \/>\n<link rel=\"canonical\" href=\"https:\/\/noticiasemdestaque.com\/cd\/?p=782\" \/>\n<meta property=\"og:locale\" content=\"pt_BR\" \/>\n<meta property=\"og:type\" content=\"article\" \/>\n<meta property=\"og:title\" content=\"C\u00e2mara aprova projeto que libera rem\u00e9dios para emagrecer - Not&iacute;cias em Destaque\" \/>\n<meta property=\"og:description\" content=\"A C\u00e2mara dos Deputados aprovou nesta ter\u00e7a-feira (20) um projeto de lei que autoriza a produ\u00e7\u00e3o, a venda e o consumo, sob prescri\u00e7\u00e3o m\u00e9dica, de rem\u00e9dios que tenham em sua composi\u00e7\u00e3o as subst\u00e2ncias sibutramina, anfepramona, femproporex e mazindol, utilizadas para emagrecimento. A mat\u00e9ria segue agora para a san\u00e7\u00e3o do presidente Michel Temer. O texto j\u00e1 havia sido aprovado pela C\u00e2mara e foi alterado quando passou pelo Senado. Por isso, precisou de nova vota\u00e7\u00e3o pelos deputados. O uso dessas subst\u00e2ncias chegou a ser proibido pela Ag\u00eancia Nacional de Vigil\u00e2ncia Sanit\u00e1ria (Anvisa) em 2011, sob a argumenta\u00e7\u00e3o de que o consumo desses rem\u00e9dios pode causar problemas card\u00edacos nos pacientes. Um decreto legislativo de 2014, no entanto, suspendeu a proibi\u00e7\u00e3o. Como a proibi\u00e7\u00e3o foi suspensa, a Anvisa publicou uma nova norma autorizando a produ\u00e7\u00e3o, comercializa\u00e7\u00e3o e consumo, com prescri\u00e7\u00e3o m\u00e9dica, desses rem\u00e9dios, desde que respeitadas limita\u00e7\u00f5es de quantidade. A ag\u00eancia, no entanto, aumentou os mecanismos de controle. O \u00f3rg\u00e3o definiu que, para o rem\u00e9dio ser vendido, a receita deve ficar retida na farm\u00e1cia e o m\u00e9dico deve assinar um termo de responsabilidade. Al\u00e9m disso, o paciente tamb\u00e9m deve assinar um documento afirmando que conhece os riscos que essas subst\u00e2ncias podem causar. Tarja preta O projeto aprovado nesta ter\u00e7a-feira inclui uma regra que obriga que os medicamentos para emagrecimento devem fazer parte da classifica\u00e7\u00e3o tarja preta, ou seja, s\u00f3 podem ser comercializados mediante reten\u00e7\u00e3o de receita de cor azul. Cariri em Destaque Fonte: G1\" \/>\n<meta property=\"og:url\" content=\"https:\/\/noticiasemdestaque.com\/cd\/?p=782\" \/>\n<meta property=\"og:site_name\" content=\"Not&iacute;cias em Destaque\" \/>\n<meta property=\"article:published_time\" content=\"2017-06-22T12:25:44+00:00\" \/>\n<meta property=\"og:image\" content=\"https:\/\/noticiasemdestaque.com\/cd\/wp-content\/uploads\/2017\/06\/dieta-300x221.jpg\" \/>\n\t<meta property=\"og:image:width\" content=\"300\" \/>\n\t<meta property=\"og:image:height\" content=\"221\" \/>\n\t<meta property=\"og:image:type\" content=\"image\/jpeg\" \/>\n<meta name=\"author\" content=\"Not\u00edcias em Destaque\" \/>\n<meta name=\"twitter:card\" content=\"summary_large_image\" \/>\n<meta name=\"twitter:label1\" content=\"Escrito por\" \/>\n\t<meta name=\"twitter:data1\" content=\"Not\u00edcias em Destaque\" \/>\n\t<meta name=\"twitter:label2\" content=\"Est. tempo de leitura\" \/>\n\t<meta name=\"twitter:data2\" content=\"1 minuto\" \/>\n<script type=\"application\/ld+json\" class=\"yoast-schema-graph\">{\"@context\":\"https:\/\/schema.org\",\"@graph\":[{\"@type\":\"Article\",\"@id\":\"https:\/\/noticiasemdestaque.com\/cd\/?p=782#article\",\"isPartOf\":{\"@id\":\"https:\/\/noticiasemdestaque.com\/cd\/?p=782\"},\"author\":{\"name\":\"Not\u00edcias em Destaque\",\"@id\":\"https:\/\/noticiasemdestaque.com\/cd\/#\/schema\/person\/47f7d4f55eec17c6b2ca036c5500f6ce\"},\"headline\":\"C\u00e2mara aprova projeto que libera rem\u00e9dios para emagrecer\",\"datePublished\":\"2017-06-22T12:25:44+00:00\",\"mainEntityOfPage\":{\"@id\":\"https:\/\/noticiasemdestaque.com\/cd\/?p=782\"},\"wordCount\":285,\"publisher\":{\"@id\":\"https:\/\/noticiasemdestaque.com\/cd\/#organization\"},\"image\":{\"@id\":\"https:\/\/noticiasemdestaque.com\/cd\/?p=782#primaryimage\"},\"thumbnailUrl\":\"https:\/\/noticiasemdestaque.com\/cd\/wp-content\/uploads\/2017\/06\/dieta-300x221.jpg\",\"articleSection\":[\"Sa\u00fade\"],\"inLanguage\":\"pt-BR\"},{\"@type\":\"WebPage\",\"@id\":\"https:\/\/noticiasemdestaque.com\/cd\/?p=782\",\"url\":\"https:\/\/noticiasemdestaque.com\/cd\/?p=782\",\"name\":\"C\u00e2mara aprova projeto que libera rem\u00e9dios para emagrecer - Not&iacute;cias em Destaque\",\"isPartOf\":{\"@id\":\"https:\/\/noticiasemdestaque.com\/cd\/#website\"},\"primaryImageOfPage\":{\"@id\":\"https:\/\/noticiasemdestaque.com\/cd\/?p=782#primaryimage\"},\"image\":{\"@id\":\"https:\/\/noticiasemdestaque.com\/cd\/?p=782#primaryimage\"},\"thumbnailUrl\":\"https:\/\/noticiasemdestaque.com\/cd\/wp-content\/uploads\/2017\/06\/dieta-300x221.jpg\",\"datePublished\":\"2017-06-22T12:25:44+00:00\",\"breadcrumb\":{\"@id\":\"https:\/\/noticiasemdestaque.com\/cd\/?p=782#breadcrumb\"},\"inLanguage\":\"pt-BR\",\"potentialAction\":[{\"@type\":\"ReadAction\",\"target\":[\"https:\/\/noticiasemdestaque.com\/cd\/?p=782\"]}]},{\"@type\":\"ImageObject\",\"inLanguage\":\"pt-BR\",\"@id\":\"https:\/\/noticiasemdestaque.com\/cd\/?p=782#primaryimage\",\"url\":\"https:\/\/noticiasemdestaque.com\/cd\/wp-content\/uploads\/2017\/06\/dieta-300x221.jpg\",\"contentUrl\":\"https:\/\/noticiasemdestaque.com\/cd\/wp-content\/uploads\/2017\/06\/dieta-300x221.jpg\",\"width\":300,\"height\":221},{\"@type\":\"BreadcrumbList\",\"@id\":\"https:\/\/noticiasemdestaque.com\/cd\/?p=782#breadcrumb\",\"itemListElement\":[{\"@type\":\"ListItem\",\"position\":1,\"name\":\"In\u00edcio\",\"item\":\"https:\/\/noticiasemdestaque.com\/cd\/\"},{\"@type\":\"ListItem\",\"position\":2,\"name\":\"C\u00e2mara aprova projeto que libera rem\u00e9dios para emagrecer\"}]},{\"@type\":\"WebSite\",\"@id\":\"https:\/\/noticiasemdestaque.com\/cd\/#website\",\"url\":\"https:\/\/noticiasemdestaque.com\/cd\/\",\"name\":\"Not&iacute;cias em Destaque\",\"description\":\"\",\"publisher\":{\"@id\":\"https:\/\/noticiasemdestaque.com\/cd\/#organization\"},\"potentialAction\":[{\"@type\":\"SearchAction\",\"target\":{\"@type\":\"EntryPoint\",\"urlTemplate\":\"https:\/\/noticiasemdestaque.com\/cd\/?s={search_term_string}\"},\"query-input\":{\"@type\":\"PropertyValueSpecification\",\"valueRequired\":true,\"valueName\":\"search_term_string\"}}],\"inLanguage\":\"pt-BR\"},{\"@type\":\"Organization\",\"@id\":\"https:\/\/noticiasemdestaque.com\/cd\/#organization\",\"name\":\"Not\u00edcias em Destaque\",\"url\":\"https:\/\/noticiasemdestaque.com\/cd\/\",\"logo\":{\"@type\":\"ImageObject\",\"inLanguage\":\"pt-BR\",\"@id\":\"https:\/\/noticiasemdestaque.com\/cd\/#\/schema\/logo\/image\/\",\"url\":\"https:\/\/noticiasemdestaque.com\/cd\/wp-content\/uploads\/2022\/05\/imagem-base-noticiasemdestaque.png\",\"contentUrl\":\"https:\/\/noticiasemdestaque.com\/cd\/wp-content\/uploads\/2022\/05\/imagem-base-noticiasemdestaque.png\",\"width\":1200,\"height\":630,\"caption\":\"Not\u00edcias em Destaque\"},\"image\":{\"@id\":\"https:\/\/noticiasemdestaque.com\/cd\/#\/schema\/logo\/image\/\"}},{\"@type\":\"Person\",\"@id\":\"https:\/\/noticiasemdestaque.com\/cd\/#\/schema\/person\/47f7d4f55eec17c6b2ca036c5500f6ce\",\"name\":\"Not\u00edcias em Destaque\",\"url\":\"https:\/\/noticiasemdestaque.com\/cd\/?author=2\"}]}<\/script>\n<!-- \/ Yoast SEO plugin. -->","yoast_head_json":{"title":"C\u00e2mara aprova projeto que libera rem\u00e9dios para emagrecer - Not&iacute;cias em Destaque","robots":{"index":"index","follow":"follow","max-snippet":"max-snippet:-1","max-image-preview":"max-image-preview:large","max-video-preview":"max-video-preview:-1"},"canonical":"https:\/\/noticiasemdestaque.com\/cd\/?p=782","og_locale":"pt_BR","og_type":"article","og_title":"C\u00e2mara aprova projeto que libera rem\u00e9dios para emagrecer - Not&iacute;cias em Destaque","og_description":"A C\u00e2mara dos Deputados aprovou nesta ter\u00e7a-feira (20) um projeto de lei que autoriza a produ\u00e7\u00e3o, a venda e o consumo, sob prescri\u00e7\u00e3o m\u00e9dica, de rem\u00e9dios que tenham em sua composi\u00e7\u00e3o as subst\u00e2ncias sibutramina, anfepramona, femproporex e mazindol, utilizadas para emagrecimento. A mat\u00e9ria segue agora para a san\u00e7\u00e3o do presidente Michel Temer. O texto j\u00e1 havia sido aprovado pela C\u00e2mara e foi alterado quando passou pelo Senado. Por isso, precisou de nova vota\u00e7\u00e3o pelos deputados. O uso dessas subst\u00e2ncias chegou a ser proibido pela Ag\u00eancia Nacional de Vigil\u00e2ncia Sanit\u00e1ria (Anvisa) em 2011, sob a argumenta\u00e7\u00e3o de que o consumo desses rem\u00e9dios pode causar problemas card\u00edacos nos pacientes. Um decreto legislativo de 2014, no entanto, suspendeu a proibi\u00e7\u00e3o. Como a proibi\u00e7\u00e3o foi suspensa, a Anvisa publicou uma nova norma autorizando a produ\u00e7\u00e3o, comercializa\u00e7\u00e3o e consumo, com prescri\u00e7\u00e3o m\u00e9dica, desses rem\u00e9dios, desde que respeitadas limita\u00e7\u00f5es de quantidade. A ag\u00eancia, no entanto, aumentou os mecanismos de controle. O \u00f3rg\u00e3o definiu que, para o rem\u00e9dio ser vendido, a receita deve ficar retida na farm\u00e1cia e o m\u00e9dico deve assinar um termo de responsabilidade. Al\u00e9m disso, o paciente tamb\u00e9m deve assinar um documento afirmando que conhece os riscos que essas subst\u00e2ncias podem causar. Tarja preta O projeto aprovado nesta ter\u00e7a-feira inclui uma regra que obriga que os medicamentos para emagrecimento devem fazer parte da classifica\u00e7\u00e3o tarja preta, ou seja, s\u00f3 podem ser comercializados mediante reten\u00e7\u00e3o de receita de cor azul. Cariri em Destaque Fonte: G1","og_url":"https:\/\/noticiasemdestaque.com\/cd\/?p=782","og_site_name":"Not&iacute;cias em Destaque","article_published_time":"2017-06-22T12:25:44+00:00","og_image":[{"width":300,"height":221,"url":"https:\/\/noticiasemdestaque.com\/cd\/wp-content\/uploads\/2017\/06\/dieta-300x221.jpg","type":"image\/jpeg"}],"author":"Not\u00edcias em Destaque","twitter_card":"summary_large_image","twitter_misc":{"Escrito por":"Not\u00edcias em Destaque","Est. tempo de leitura":"1 minuto"},"schema":{"@context":"https:\/\/schema.org","@graph":[{"@type":"Article","@id":"https:\/\/noticiasemdestaque.com\/cd\/?p=782#article","isPartOf":{"@id":"https:\/\/noticiasemdestaque.com\/cd\/?p=782"},"author":{"name":"Not\u00edcias em Destaque","@id":"https:\/\/noticiasemdestaque.com\/cd\/#\/schema\/person\/47f7d4f55eec17c6b2ca036c5500f6ce"},"headline":"C\u00e2mara aprova projeto que libera rem\u00e9dios para emagrecer","datePublished":"2017-06-22T12:25:44+00:00","mainEntityOfPage":{"@id":"https:\/\/noticiasemdestaque.com\/cd\/?p=782"},"wordCount":285,"publisher":{"@id":"https:\/\/noticiasemdestaque.com\/cd\/#organization"},"image":{"@id":"https:\/\/noticiasemdestaque.com\/cd\/?p=782#primaryimage"},"thumbnailUrl":"https:\/\/noticiasemdestaque.com\/cd\/wp-content\/uploads\/2017\/06\/dieta-300x221.jpg","articleSection":["Sa\u00fade"],"inLanguage":"pt-BR"},{"@type":"WebPage","@id":"https:\/\/noticiasemdestaque.com\/cd\/?p=782","url":"https:\/\/noticiasemdestaque.com\/cd\/?p=782","name":"C\u00e2mara aprova projeto que libera rem\u00e9dios para emagrecer - Not&iacute;cias em Destaque","isPartOf":{"@id":"https:\/\/noticiasemdestaque.com\/cd\/#website"},"primaryImageOfPage":{"@id":"https:\/\/noticiasemdestaque.com\/cd\/?p=782#primaryimage"},"image":{"@id":"https:\/\/noticiasemdestaque.com\/cd\/?p=782#primaryimage"},"thumbnailUrl":"https:\/\/noticiasemdestaque.com\/cd\/wp-content\/uploads\/2017\/06\/dieta-300x221.jpg","datePublished":"2017-06-22T12:25:44+00:00","breadcrumb":{"@id":"https:\/\/noticiasemdestaque.com\/cd\/?p=782#breadcrumb"},"inLanguage":"pt-BR","potentialAction":[{"@type":"ReadAction","target":["https:\/\/noticiasemdestaque.com\/cd\/?p=782"]}]},{"@type":"ImageObject","inLanguage":"pt-BR","@id":"https:\/\/noticiasemdestaque.com\/cd\/?p=782#primaryimage","url":"https:\/\/noticiasemdestaque.com\/cd\/wp-content\/uploads\/2017\/06\/dieta-300x221.jpg","contentUrl":"https:\/\/noticiasemdestaque.com\/cd\/wp-content\/uploads\/2017\/06\/dieta-300x221.jpg","width":300,"height":221},{"@type":"BreadcrumbList","@id":"https:\/\/noticiasemdestaque.com\/cd\/?p=782#breadcrumb","itemListElement":[{"@type":"ListItem","position":1,"name":"In\u00edcio","item":"https:\/\/noticiasemdestaque.com\/cd\/"},{"@type":"ListItem","position":2,"name":"C\u00e2mara aprova projeto que libera rem\u00e9dios para emagrecer"}]},{"@type":"WebSite","@id":"https:\/\/noticiasemdestaque.com\/cd\/#website","url":"https:\/\/noticiasemdestaque.com\/cd\/","name":"Not&iacute;cias em Destaque","description":"","publisher":{"@id":"https:\/\/noticiasemdestaque.com\/cd\/#organization"},"potentialAction":[{"@type":"SearchAction","target":{"@type":"EntryPoint","urlTemplate":"https:\/\/noticiasemdestaque.com\/cd\/?s={search_term_string}"},"query-input":{"@type":"PropertyValueSpecification","valueRequired":true,"valueName":"search_term_string"}}],"inLanguage":"pt-BR"},{"@type":"Organization","@id":"https:\/\/noticiasemdestaque.com\/cd\/#organization","name":"Not\u00edcias em Destaque","url":"https:\/\/noticiasemdestaque.com\/cd\/","logo":{"@type":"ImageObject","inLanguage":"pt-BR","@id":"https:\/\/noticiasemdestaque.com\/cd\/#\/schema\/logo\/image\/","url":"https:\/\/noticiasemdestaque.com\/cd\/wp-content\/uploads\/2022\/05\/imagem-base-noticiasemdestaque.png","contentUrl":"https:\/\/noticiasemdestaque.com\/cd\/wp-content\/uploads\/2022\/05\/imagem-base-noticiasemdestaque.png","width":1200,"height":630,"caption":"Not\u00edcias em Destaque"},"image":{"@id":"https:\/\/noticiasemdestaque.com\/cd\/#\/schema\/logo\/image\/"}},{"@type":"Person","@id":"https:\/\/noticiasemdestaque.com\/cd\/#\/schema\/person\/47f7d4f55eec17c6b2ca036c5500f6ce","name":"Not\u00edcias em Destaque","url":"https:\/\/noticiasemdestaque.com\/cd\/?author=2"}]}},"jetpack_featured_media_url":"https:\/\/noticiasemdestaque.com\/cd\/wp-content\/uploads\/2017\/06\/dieta-300x221.jpg","jetpack_sharing_enabled":true,"_links":{"self":[{"href":"https:\/\/noticiasemdestaque.com\/cd\/index.php?rest_route=\/wp\/v2\/posts\/782","targetHints":{"allow":["GET"]}}],"collection":[{"href":"https:\/\/noticiasemdestaque.com\/cd\/index.php?rest_route=\/wp\/v2\/posts"}],"about":[{"href":"https:\/\/noticiasemdestaque.com\/cd\/index.php?rest_route=\/wp\/v2\/types\/post"}],"author":[{"embeddable":true,"href":"https:\/\/noticiasemdestaque.com\/cd\/index.php?rest_route=\/wp\/v2\/users\/2"}],"replies":[{"embeddable":true,"href":"https:\/\/noticiasemdestaque.com\/cd\/index.php?rest_route=%2Fwp%2Fv2%2Fcomments&post=782"}],"version-history":[{"count":1,"href":"https:\/\/noticiasemdestaque.com\/cd\/index.php?rest_route=\/wp\/v2\/posts\/782\/revisions"}],"predecessor-version":[{"id":784,"href":"https:\/\/noticiasemdestaque.com\/cd\/index.php?rest_route=\/wp\/v2\/posts\/782\/revisions\/784"}],"wp:featuredmedia":[{"embeddable":true,"href":"https:\/\/noticiasemdestaque.com\/cd\/index.php?rest_route=\/wp\/v2\/media\/783"}],"wp:attachment":[{"href":"https:\/\/noticiasemdestaque.com\/cd\/index.php?rest_route=%2Fwp%2Fv2%2Fmedia&parent=782"}],"wp:term":[{"taxonomy":"category","embeddable":true,"href":"https:\/\/noticiasemdestaque.com\/cd\/index.php?rest_route=%2Fwp%2Fv2%2Fcategories&post=782"},{"taxonomy":"post_tag","embeddable":true,"href":"https:\/\/noticiasemdestaque.com\/cd\/index.php?rest_route=%2Fwp%2Fv2%2Ftags&post=782"}],"curies":[{"name":"wp","href":"https:\/\/api.w.org\/{rel}","templated":true}]}}