{"id":78196,"date":"2026-04-27T23:04:45","date_gmt":"2026-04-28T02:04:45","guid":{"rendered":"https:\/\/noticiasemdestaque.com\/cd\/?p=78196"},"modified":"2026-04-27T23:07:53","modified_gmt":"2026-04-28T02:07:53","slug":"prefeitos-do-uniao-brasil-e-pl-declaram-apoio-a-joao-azevedo-para-o-senado","status":"publish","type":"post","link":"https:\/\/noticiasemdestaque.com\/cd\/?p=78196","title":{"rendered":"Prefeitos do Uni\u00e3o Brasil e PL declaram apoio a Jo\u00e3o Azev\u00eado para o Senado"},"content":{"rendered":"<p><a href=\"https:\/\/noticiasemdestaque.com\/cd\/wp-content\/uploads\/2026\/04\/WhatsApp-Image-2026-04-27-at-21.25.37.jpeg\"><img fetchpriority=\"high\" decoding=\"async\" class=\" wp-image-78197 aligncenter\" src=\"https:\/\/noticiasemdestaque.com\/cd\/wp-content\/uploads\/2026\/04\/WhatsApp-Image-2026-04-27-at-21.25.37-300x200.jpeg\" alt=\"\" width=\"1322\" height=\"881\" srcset=\"https:\/\/noticiasemdestaque.com\/cd\/wp-content\/uploads\/2026\/04\/WhatsApp-Image-2026-04-27-at-21.25.37-300x200.jpeg 300w, https:\/\/noticiasemdestaque.com\/cd\/wp-content\/uploads\/2026\/04\/WhatsApp-Image-2026-04-27-at-21.25.37-1024x682.jpeg 1024w, https:\/\/noticiasemdestaque.com\/cd\/wp-content\/uploads\/2026\/04\/WhatsApp-Image-2026-04-27-at-21.25.37-768x512.jpeg 768w, https:\/\/noticiasemdestaque.com\/cd\/wp-content\/uploads\/2026\/04\/WhatsApp-Image-2026-04-27-at-21.25.37-1536x1023.jpeg 1536w, https:\/\/noticiasemdestaque.com\/cd\/wp-content\/uploads\/2026\/04\/WhatsApp-Image-2026-04-27-at-21.25.37.jpeg 1600w\" sizes=\"(max-width: 1322px) 100vw, 1322px\" \/><\/a><\/p>\n<p>Dois prefeitos declararam hoje o apoio deles \u00e0 pr\u00e9-candidatura de Jo\u00e3o Azevedo (PSB) ao Senado. Um deles foi o prefeito de S\u00e3o Jo\u00e3o do Cariri, Chico de Eulina (Uni\u00e3o Brasil), que esteve reunido com Jo\u00e3o Azev\u00eado em Jo\u00e3o Pessoa na manh\u00e3 desta segunda-feira (27) em reconhecimento ao trabalho e as realiza\u00e7\u00f5es em benef\u00edcio do povo de S\u00e3o Jo\u00e3o.<\/p>\n<p>Em S\u00e3o Jo\u00e3o do Cariri, a gest\u00e3o de Jo\u00e3o Azev\u00eado iniciou obras como a estrada de 19 km ligando o munic\u00edpio a Parari, entregou travessias urbanas em nove ruas, perfura\u00e7\u00e3o de po\u00e7os e a creche, que est\u00e1 em fase de conclus\u00e3o. \u201cLogo quando eu assumi a gest\u00e3o do nosso munic\u00edpio, Jo\u00e3o estava como governador, e sempre foi sol\u00edcito comigo e com as principais demandas da nossa popula\u00e7\u00e3o. Por isso, Jo\u00e3o merece o meu apoio e do povo de S\u00e3o Jo\u00e3o e de todo Cariri\u201d, destacou Chico de Eulina.<\/p>\n<p>\u201cO asfalto de S\u00e3o Jo\u00e3o a Parari, que foi uma reivindica\u00e7\u00e3o na \u00e9poca do prefeito de Parari, Genival Queiroz, e uma luta minha quando assumi a prefeitura e hoje \u00e9 uma realidade , al\u00e9m da topografia da estrada que liga S\u00e3o Jo\u00e3o ao entroncamento de S\u00e3o Jos\u00e9 dos Cordeiros, a a topografia da estrada que liga S\u00e3o Jo\u00e3o do Cariri ao distrito da Ribeira, que pertence ao munic\u00edpio de Cabaceiras, enfim, muitas a\u00e7\u00f5es que demonstram o compromisso de Jo\u00e3o com a nossa regi\u00e3o\u201d.<\/p>\n<p><img decoding=\"async\" class=\"aligncenter\" src=\"https:\/\/parlamentopb.com.br\/wp-content\/uploads\/2026\/04\/whatsapp-image-2026-04-27-at-12.18.01.jpeg\" width=\"641\" height=\"427\" \/><\/p>\n<p>O ex-governador e pr\u00e9-candidato ao Senado, Jo\u00e3o Azev\u00eado, disse que est\u00e1 feliz em saber que ir\u00e1 caminhar junto com o prefeito Chico de Eulina que veio mais uma vez discutir sobre novos projetos para S\u00e3o Jo\u00e3o do Cariri e tratar sobre os avan\u00e7os conquistados. \u201cPara mim \u00e9 uma alegria muito grande contar com voc\u00ea aqui, Chico, saber que a gente vai ter uma caminhada pela frente, contar com o seu apoio nessa luta que n\u00f3s vamos come\u00e7ar agora esse ano. Com certeza o meu olhar para S\u00e3o Jo\u00e3o do Cariri vai ser sempre o mesmo, de poder continuar ajudando, de poder colaborar porque verdadeiramente o povo de S\u00e3o Jo\u00e3o merece\u201d, destacou Jo\u00e3o.<\/p>\n<p><strong>Santa Cruz<\/strong>\u00a0\u2013 O outro gestor que declarou apoio a Jo\u00e3o foi o prefeito de Santa Cruz, Alberto de Braz, do PL, que tamb\u00e9m se reuniu com o ex-governador na manh\u00e3 de hoje.<\/p>\n<p>\u201cSanta Cruz agradece a constru\u00e7\u00e3o da escola, da creche, as travessias urbanas, os conv\u00eanios, mas o mais importante, \u00e9 o seu respeito com um munic\u00edpio de pequeno porte que foi lembrado pelo governo de Jo\u00e3o Azev\u00eado e Lucas. Santa Cruz e a Para\u00edba v\u00e3o reconhecer esse trabalho no pr\u00f3ximo m\u00eas de outubro\u201d, afirmou o prefeito Alberto de Braz.<\/p>\n<p>Alberto de Braz tamb\u00e9m ressaltou que a maior obra da hist\u00f3ria do munic\u00edpio est\u00e1 muito pr\u00f3xima de ser realizada que \u00e9 a estrada ligando Santa Cruz ao distrito de Casinha do Homem e ao munic\u00edpio de Lagoa e a estrada de Santa Cruz a Lastro, que est\u00e1 em fase de licita\u00e7\u00e3o. \u201cEm reconhecimento ao trabalho e ao respeito que teve pela nossa regi\u00e3o acredito que o povo sertanejo est\u00e1 fechado com Jo\u00e3o\u201d, completou Alberto.<\/p>\n<p><strong>Noticias em Destaque<\/strong><\/p>\n<p style=\"text-align: right;\"><em>Fonte: ParlamentoPB<\/em><\/p>\n","protected":false},"excerpt":{"rendered":"<p>Dois prefeitos declararam hoje o apoio deles \u00e0 pr\u00e9-candidatura de Jo\u00e3o Azevedo (PSB) ao Senado. Um deles foi o prefeito de S\u00e3o Jo\u00e3o do Cariri, Chico de Eulina (Uni\u00e3o Brasil), que esteve reunido com Jo\u00e3o Azev\u00eado em Jo\u00e3o Pessoa na manh\u00e3 desta segunda-feira (27) em reconhecimento ao trabalho e as realiza\u00e7\u00f5es em benef\u00edcio do povo de S\u00e3o Jo\u00e3o. Em S\u00e3o Jo\u00e3o do Cariri, a gest\u00e3o de Jo\u00e3o Azev\u00eado iniciou obras como a estrada de 19 km ligando o munic\u00edpio a Parari, entregou travessias urbanas em nove ruas, perfura\u00e7\u00e3o de po\u00e7os e a creche, que est\u00e1 em fase de conclus\u00e3o. \u201cLogo quando eu assumi a gest\u00e3o do nosso munic\u00edpio, Jo\u00e3o estava como governador, e sempre foi sol\u00edcito comigo e com as principais demandas da nossa popula\u00e7\u00e3o. Por isso, Jo\u00e3o merece o meu apoio e do povo de S\u00e3o Jo\u00e3o e de todo Cariri\u201d, destacou Chico de Eulina. \u201cO asfalto de S\u00e3o Jo\u00e3o a Parari, que foi uma reivindica\u00e7\u00e3o na \u00e9poca do prefeito de Parari, Genival Queiroz, e uma luta minha quando assumi a prefeitura e hoje \u00e9 uma realidade , al\u00e9m da topografia da estrada que liga S\u00e3o Jo\u00e3o ao entroncamento de S\u00e3o Jos\u00e9 dos Cordeiros, a a topografia da estrada que liga S\u00e3o Jo\u00e3o do Cariri ao distrito da Ribeira, que pertence ao munic\u00edpio de Cabaceiras, enfim, muitas a\u00e7\u00f5es que demonstram o compromisso de Jo\u00e3o com a nossa regi\u00e3o\u201d. O ex-governador e pr\u00e9-candidato ao Senado, Jo\u00e3o Azev\u00eado, disse que est\u00e1 feliz em saber que ir\u00e1 caminhar junto com o prefeito Chico de Eulina que veio mais uma vez discutir sobre novos projetos para S\u00e3o Jo\u00e3o do Cariri e tratar sobre os avan\u00e7os conquistados. \u201cPara mim \u00e9 uma alegria muito grande contar com voc\u00ea aqui, Chico, saber que a gente vai ter uma caminhada pela frente, contar com o seu apoio nessa luta que n\u00f3s vamos come\u00e7ar agora esse ano. Com certeza o meu olhar para S\u00e3o Jo\u00e3o do Cariri vai ser sempre o mesmo, de poder continuar ajudando, de poder colaborar porque verdadeiramente o povo de S\u00e3o Jo\u00e3o merece\u201d, destacou Jo\u00e3o. Santa Cruz\u00a0\u2013 O outro gestor que declarou apoio a Jo\u00e3o foi o prefeito de Santa Cruz, Alberto de Braz, do PL, que tamb\u00e9m se reuniu com o ex-governador na manh\u00e3 de hoje. \u201cSanta Cruz agradece a constru\u00e7\u00e3o da escola, da creche, as travessias urbanas, os conv\u00eanios, mas o mais importante, \u00e9 o seu respeito com um munic\u00edpio de pequeno porte que foi lembrado pelo governo de Jo\u00e3o Azev\u00eado e Lucas. Santa Cruz e a Para\u00edba v\u00e3o reconhecer esse trabalho no pr\u00f3ximo m\u00eas de outubro\u201d, afirmou o prefeito Alberto de Braz. Alberto de Braz tamb\u00e9m ressaltou que a maior obra da hist\u00f3ria do munic\u00edpio est\u00e1 muito pr\u00f3xima de ser realizada que \u00e9 a estrada ligando Santa Cruz ao distrito de Casinha do Homem e ao munic\u00edpio de Lagoa e a estrada de Santa Cruz a Lastro, que est\u00e1 em fase de licita\u00e7\u00e3o. \u201cEm reconhecimento ao trabalho e ao respeito que teve pela nossa regi\u00e3o acredito que o povo sertanejo est\u00e1 fechado com Jo\u00e3o\u201d, completou Alberto. Noticias em Destaque Fonte: ParlamentoPB<\/p>\n","protected":false},"author":2,"featured_media":78197,"comment_status":"closed","ping_status":"closed","sticky":false,"template":"","format":"standard","meta":{"_eb_attr":"","_jetpack_memberships_contains_paid_content":false,"footnotes":""},"categories":[4],"tags":[],"class_list":["post-78196","post","type-post","status-publish","format-standard","has-post-thumbnail","hentry","category-politica"],"yoast_head":"<!-- This site is optimized with the Yoast SEO plugin v26.5 - https:\/\/yoast.com\/wordpress\/plugins\/seo\/ -->\n<title>Prefeitos do Uni\u00e3o Brasil e PL declaram apoio a Jo\u00e3o Azev\u00eado para o Senado - Not&iacute;cias em Destaque<\/title>\n<meta name=\"robots\" content=\"index, follow, max-snippet:-1, max-image-preview:large, max-video-preview:-1\" \/>\n<link rel=\"canonical\" href=\"https:\/\/noticiasemdestaque.com\/cd\/?p=78196\" \/>\n<meta property=\"og:locale\" content=\"pt_BR\" \/>\n<meta property=\"og:type\" content=\"article\" \/>\n<meta property=\"og:title\" content=\"Prefeitos do Uni\u00e3o Brasil e PL declaram apoio a Jo\u00e3o Azev\u00eado para o Senado - Not&iacute;cias em Destaque\" \/>\n<meta property=\"og:description\" content=\"Dois prefeitos declararam hoje o apoio deles \u00e0 pr\u00e9-candidatura de Jo\u00e3o Azevedo (PSB) ao Senado. Um deles foi o prefeito de S\u00e3o Jo\u00e3o do Cariri, Chico de Eulina (Uni\u00e3o Brasil), que esteve reunido com Jo\u00e3o Azev\u00eado em Jo\u00e3o Pessoa na manh\u00e3 desta segunda-feira (27) em reconhecimento ao trabalho e as realiza\u00e7\u00f5es em benef\u00edcio do povo de S\u00e3o Jo\u00e3o. Em S\u00e3o Jo\u00e3o do Cariri, a gest\u00e3o de Jo\u00e3o Azev\u00eado iniciou obras como a estrada de 19 km ligando o munic\u00edpio a Parari, entregou travessias urbanas em nove ruas, perfura\u00e7\u00e3o de po\u00e7os e a creche, que est\u00e1 em fase de conclus\u00e3o. \u201cLogo quando eu assumi a gest\u00e3o do nosso munic\u00edpio, Jo\u00e3o estava como governador, e sempre foi sol\u00edcito comigo e com as principais demandas da nossa popula\u00e7\u00e3o. Por isso, Jo\u00e3o merece o meu apoio e do povo de S\u00e3o Jo\u00e3o e de todo Cariri\u201d, destacou Chico de Eulina. \u201cO asfalto de S\u00e3o Jo\u00e3o a Parari, que foi uma reivindica\u00e7\u00e3o na \u00e9poca do prefeito de Parari, Genival Queiroz, e uma luta minha quando assumi a prefeitura e hoje \u00e9 uma realidade , al\u00e9m da topografia da estrada que liga S\u00e3o Jo\u00e3o ao entroncamento de S\u00e3o Jos\u00e9 dos Cordeiros, a a topografia da estrada que liga S\u00e3o Jo\u00e3o do Cariri ao distrito da Ribeira, que pertence ao munic\u00edpio de Cabaceiras, enfim, muitas a\u00e7\u00f5es que demonstram o compromisso de Jo\u00e3o com a nossa regi\u00e3o\u201d. O ex-governador e pr\u00e9-candidato ao Senado, Jo\u00e3o Azev\u00eado, disse que est\u00e1 feliz em saber que ir\u00e1 caminhar junto com o prefeito Chico de Eulina que veio mais uma vez discutir sobre novos projetos para S\u00e3o Jo\u00e3o do Cariri e tratar sobre os avan\u00e7os conquistados. \u201cPara mim \u00e9 uma alegria muito grande contar com voc\u00ea aqui, Chico, saber que a gente vai ter uma caminhada pela frente, contar com o seu apoio nessa luta que n\u00f3s vamos come\u00e7ar agora esse ano. Com certeza o meu olhar para S\u00e3o Jo\u00e3o do Cariri vai ser sempre o mesmo, de poder continuar ajudando, de poder colaborar porque verdadeiramente o povo de S\u00e3o Jo\u00e3o merece\u201d, destacou Jo\u00e3o. Santa Cruz\u00a0\u2013 O outro gestor que declarou apoio a Jo\u00e3o foi o prefeito de Santa Cruz, Alberto de Braz, do PL, que tamb\u00e9m se reuniu com o ex-governador na manh\u00e3 de hoje. \u201cSanta Cruz agradece a constru\u00e7\u00e3o da escola, da creche, as travessias urbanas, os conv\u00eanios, mas o mais importante, \u00e9 o seu respeito com um munic\u00edpio de pequeno porte que foi lembrado pelo governo de Jo\u00e3o Azev\u00eado e Lucas. Santa Cruz e a Para\u00edba v\u00e3o reconhecer esse trabalho no pr\u00f3ximo m\u00eas de outubro\u201d, afirmou o prefeito Alberto de Braz. Alberto de Braz tamb\u00e9m ressaltou que a maior obra da hist\u00f3ria do munic\u00edpio est\u00e1 muito pr\u00f3xima de ser realizada que \u00e9 a estrada ligando Santa Cruz ao distrito de Casinha do Homem e ao munic\u00edpio de Lagoa e a estrada de Santa Cruz a Lastro, que est\u00e1 em fase de licita\u00e7\u00e3o. \u201cEm reconhecimento ao trabalho e ao respeito que teve pela nossa regi\u00e3o acredito que o povo sertanejo est\u00e1 fechado com Jo\u00e3o\u201d, completou Alberto. Noticias em Destaque Fonte: ParlamentoPB\" \/>\n<meta property=\"og:url\" content=\"https:\/\/noticiasemdestaque.com\/cd\/?p=78196\" \/>\n<meta property=\"og:site_name\" content=\"Not&iacute;cias em Destaque\" \/>\n<meta property=\"article:published_time\" content=\"2026-04-28T02:04:45+00:00\" \/>\n<meta property=\"article:modified_time\" content=\"2026-04-28T02:07:53+00:00\" \/>\n<meta property=\"og:image\" content=\"https:\/\/noticiasemdestaque.com\/cd\/wp-content\/uploads\/2026\/04\/WhatsApp-Image-2026-04-27-at-21.25.37.jpeg\" \/>\n\t<meta property=\"og:image:width\" content=\"1600\" \/>\n\t<meta property=\"og:image:height\" content=\"1066\" \/>\n\t<meta property=\"og:image:type\" content=\"image\/jpeg\" \/>\n<meta name=\"author\" content=\"Not\u00edcias em Destaque\" \/>\n<meta name=\"twitter:card\" content=\"summary_large_image\" \/>\n<meta name=\"twitter:label1\" content=\"Escrito por\" \/>\n\t<meta name=\"twitter:data1\" content=\"Not\u00edcias em Destaque\" \/>\n\t<meta name=\"twitter:label2\" content=\"Est. tempo de leitura\" \/>\n\t<meta name=\"twitter:data2\" content=\"4 minutos\" \/>\n<script type=\"application\/ld+json\" class=\"yoast-schema-graph\">{\"@context\":\"https:\/\/schema.org\",\"@graph\":[{\"@type\":\"Article\",\"@id\":\"https:\/\/noticiasemdestaque.com\/cd\/?p=78196#article\",\"isPartOf\":{\"@id\":\"https:\/\/noticiasemdestaque.com\/cd\/?p=78196\"},\"author\":{\"name\":\"Not\u00edcias em Destaque\",\"@id\":\"https:\/\/noticiasemdestaque.com\/cd\/#\/schema\/person\/45ca272b3e1246ef14ebb78a48dbb218\"},\"headline\":\"Prefeitos do Uni\u00e3o Brasil e PL declaram apoio a Jo\u00e3o Azev\u00eado para o Senado\",\"datePublished\":\"2026-04-28T02:04:45+00:00\",\"dateModified\":\"2026-04-28T02:07:53+00:00\",\"mainEntityOfPage\":{\"@id\":\"https:\/\/noticiasemdestaque.com\/cd\/?p=78196\"},\"wordCount\":593,\"publisher\":{\"@id\":\"https:\/\/noticiasemdestaque.com\/cd\/#organization\"},\"image\":{\"@id\":\"https:\/\/noticiasemdestaque.com\/cd\/?p=78196#primaryimage\"},\"thumbnailUrl\":\"https:\/\/noticiasemdestaque.com\/cd\/wp-content\/uploads\/2026\/04\/WhatsApp-Image-2026-04-27-at-21.25.37.jpeg\",\"articleSection\":[\"Pol\u00edtica\"],\"inLanguage\":\"pt-BR\"},{\"@type\":\"WebPage\",\"@id\":\"https:\/\/noticiasemdestaque.com\/cd\/?p=78196\",\"url\":\"https:\/\/noticiasemdestaque.com\/cd\/?p=78196\",\"name\":\"Prefeitos do Uni\u00e3o Brasil e PL declaram apoio a Jo\u00e3o Azev\u00eado para o Senado - Not&iacute;cias em Destaque\",\"isPartOf\":{\"@id\":\"https:\/\/noticiasemdestaque.com\/cd\/#website\"},\"primaryImageOfPage\":{\"@id\":\"https:\/\/noticiasemdestaque.com\/cd\/?p=78196#primaryimage\"},\"image\":{\"@id\":\"https:\/\/noticiasemdestaque.com\/cd\/?p=78196#primaryimage\"},\"thumbnailUrl\":\"https:\/\/noticiasemdestaque.com\/cd\/wp-content\/uploads\/2026\/04\/WhatsApp-Image-2026-04-27-at-21.25.37.jpeg\",\"datePublished\":\"2026-04-28T02:04:45+00:00\",\"dateModified\":\"2026-04-28T02:07:53+00:00\",\"breadcrumb\":{\"@id\":\"https:\/\/noticiasemdestaque.com\/cd\/?p=78196#breadcrumb\"},\"inLanguage\":\"pt-BR\",\"potentialAction\":[{\"@type\":\"ReadAction\",\"target\":[\"https:\/\/noticiasemdestaque.com\/cd\/?p=78196\"]}]},{\"@type\":\"ImageObject\",\"inLanguage\":\"pt-BR\",\"@id\":\"https:\/\/noticiasemdestaque.com\/cd\/?p=78196#primaryimage\",\"url\":\"https:\/\/noticiasemdestaque.com\/cd\/wp-content\/uploads\/2026\/04\/WhatsApp-Image-2026-04-27-at-21.25.37.jpeg\",\"contentUrl\":\"https:\/\/noticiasemdestaque.com\/cd\/wp-content\/uploads\/2026\/04\/WhatsApp-Image-2026-04-27-at-21.25.37.jpeg\",\"width\":1600,\"height\":1066},{\"@type\":\"BreadcrumbList\",\"@id\":\"https:\/\/noticiasemdestaque.com\/cd\/?p=78196#breadcrumb\",\"itemListElement\":[{\"@type\":\"ListItem\",\"position\":1,\"name\":\"In\u00edcio\",\"item\":\"https:\/\/noticiasemdestaque.com\/cd\/\"},{\"@type\":\"ListItem\",\"position\":2,\"name\":\"Prefeitos do Uni\u00e3o Brasil e PL declaram apoio a Jo\u00e3o Azev\u00eado para o Senado\"}]},{\"@type\":\"WebSite\",\"@id\":\"https:\/\/noticiasemdestaque.com\/cd\/#website\",\"url\":\"https:\/\/noticiasemdestaque.com\/cd\/\",\"name\":\"Not&iacute;cias em Destaque\",\"description\":\"\",\"publisher\":{\"@id\":\"https:\/\/noticiasemdestaque.com\/cd\/#organization\"},\"potentialAction\":[{\"@type\":\"SearchAction\",\"target\":{\"@type\":\"EntryPoint\",\"urlTemplate\":\"https:\/\/noticiasemdestaque.com\/cd\/?s={search_term_string}\"},\"query-input\":{\"@type\":\"PropertyValueSpecification\",\"valueRequired\":true,\"valueName\":\"search_term_string\"}}],\"inLanguage\":\"pt-BR\"},{\"@type\":\"Organization\",\"@id\":\"https:\/\/noticiasemdestaque.com\/cd\/#organization\",\"name\":\"Not\u00edcias em Destaque\",\"url\":\"https:\/\/noticiasemdestaque.com\/cd\/\",\"logo\":{\"@type\":\"ImageObject\",\"inLanguage\":\"pt-BR\",\"@id\":\"https:\/\/noticiasemdestaque.com\/cd\/#\/schema\/logo\/image\/\",\"url\":\"https:\/\/noticiasemdestaque.com\/cd\/wp-content\/uploads\/2022\/05\/imagem-base-noticiasemdestaque.png\",\"contentUrl\":\"https:\/\/noticiasemdestaque.com\/cd\/wp-content\/uploads\/2022\/05\/imagem-base-noticiasemdestaque.png\",\"width\":1200,\"height\":630,\"caption\":\"Not\u00edcias em Destaque\"},\"image\":{\"@id\":\"https:\/\/noticiasemdestaque.com\/cd\/#\/schema\/logo\/image\/\"}},{\"@type\":\"Person\",\"@id\":\"https:\/\/noticiasemdestaque.com\/cd\/#\/schema\/person\/45ca272b3e1246ef14ebb78a48dbb218\",\"name\":\"Not\u00edcias em Destaque\",\"url\":\"https:\/\/noticiasemdestaque.com\/cd\/?author=2\"}]}<\/script>\n<!-- \/ Yoast SEO plugin. -->","yoast_head_json":{"title":"Prefeitos do Uni\u00e3o Brasil e PL declaram apoio a Jo\u00e3o Azev\u00eado para o Senado - Not&iacute;cias em Destaque","robots":{"index":"index","follow":"follow","max-snippet":"max-snippet:-1","max-image-preview":"max-image-preview:large","max-video-preview":"max-video-preview:-1"},"canonical":"https:\/\/noticiasemdestaque.com\/cd\/?p=78196","og_locale":"pt_BR","og_type":"article","og_title":"Prefeitos do Uni\u00e3o Brasil e PL declaram apoio a Jo\u00e3o Azev\u00eado para o Senado - Not&iacute;cias em Destaque","og_description":"Dois prefeitos declararam hoje o apoio deles \u00e0 pr\u00e9-candidatura de Jo\u00e3o Azevedo (PSB) ao Senado. Um deles foi o prefeito de S\u00e3o Jo\u00e3o do Cariri, Chico de Eulina (Uni\u00e3o Brasil), que esteve reunido com Jo\u00e3o Azev\u00eado em Jo\u00e3o Pessoa na manh\u00e3 desta segunda-feira (27) em reconhecimento ao trabalho e as realiza\u00e7\u00f5es em benef\u00edcio do povo de S\u00e3o Jo\u00e3o. Em S\u00e3o Jo\u00e3o do Cariri, a gest\u00e3o de Jo\u00e3o Azev\u00eado iniciou obras como a estrada de 19 km ligando o munic\u00edpio a Parari, entregou travessias urbanas em nove ruas, perfura\u00e7\u00e3o de po\u00e7os e a creche, que est\u00e1 em fase de conclus\u00e3o. \u201cLogo quando eu assumi a gest\u00e3o do nosso munic\u00edpio, Jo\u00e3o estava como governador, e sempre foi sol\u00edcito comigo e com as principais demandas da nossa popula\u00e7\u00e3o. Por isso, Jo\u00e3o merece o meu apoio e do povo de S\u00e3o Jo\u00e3o e de todo Cariri\u201d, destacou Chico de Eulina. \u201cO asfalto de S\u00e3o Jo\u00e3o a Parari, que foi uma reivindica\u00e7\u00e3o na \u00e9poca do prefeito de Parari, Genival Queiroz, e uma luta minha quando assumi a prefeitura e hoje \u00e9 uma realidade , al\u00e9m da topografia da estrada que liga S\u00e3o Jo\u00e3o ao entroncamento de S\u00e3o Jos\u00e9 dos Cordeiros, a a topografia da estrada que liga S\u00e3o Jo\u00e3o do Cariri ao distrito da Ribeira, que pertence ao munic\u00edpio de Cabaceiras, enfim, muitas a\u00e7\u00f5es que demonstram o compromisso de Jo\u00e3o com a nossa regi\u00e3o\u201d. O ex-governador e pr\u00e9-candidato ao Senado, Jo\u00e3o Azev\u00eado, disse que est\u00e1 feliz em saber que ir\u00e1 caminhar junto com o prefeito Chico de Eulina que veio mais uma vez discutir sobre novos projetos para S\u00e3o Jo\u00e3o do Cariri e tratar sobre os avan\u00e7os conquistados. \u201cPara mim \u00e9 uma alegria muito grande contar com voc\u00ea aqui, Chico, saber que a gente vai ter uma caminhada pela frente, contar com o seu apoio nessa luta que n\u00f3s vamos come\u00e7ar agora esse ano. Com certeza o meu olhar para S\u00e3o Jo\u00e3o do Cariri vai ser sempre o mesmo, de poder continuar ajudando, de poder colaborar porque verdadeiramente o povo de S\u00e3o Jo\u00e3o merece\u201d, destacou Jo\u00e3o. Santa Cruz\u00a0\u2013 O outro gestor que declarou apoio a Jo\u00e3o foi o prefeito de Santa Cruz, Alberto de Braz, do PL, que tamb\u00e9m se reuniu com o ex-governador na manh\u00e3 de hoje. \u201cSanta Cruz agradece a constru\u00e7\u00e3o da escola, da creche, as travessias urbanas, os conv\u00eanios, mas o mais importante, \u00e9 o seu respeito com um munic\u00edpio de pequeno porte que foi lembrado pelo governo de Jo\u00e3o Azev\u00eado e Lucas. Santa Cruz e a Para\u00edba v\u00e3o reconhecer esse trabalho no pr\u00f3ximo m\u00eas de outubro\u201d, afirmou o prefeito Alberto de Braz. Alberto de Braz tamb\u00e9m ressaltou que a maior obra da hist\u00f3ria do munic\u00edpio est\u00e1 muito pr\u00f3xima de ser realizada que \u00e9 a estrada ligando Santa Cruz ao distrito de Casinha do Homem e ao munic\u00edpio de Lagoa e a estrada de Santa Cruz a Lastro, que est\u00e1 em fase de licita\u00e7\u00e3o. \u201cEm reconhecimento ao trabalho e ao respeito que teve pela nossa regi\u00e3o acredito que o povo sertanejo est\u00e1 fechado com Jo\u00e3o\u201d, completou Alberto. Noticias em Destaque Fonte: ParlamentoPB","og_url":"https:\/\/noticiasemdestaque.com\/cd\/?p=78196","og_site_name":"Not&iacute;cias em Destaque","article_published_time":"2026-04-28T02:04:45+00:00","article_modified_time":"2026-04-28T02:07:53+00:00","og_image":[{"width":1600,"height":1066,"url":"https:\/\/noticiasemdestaque.com\/cd\/wp-content\/uploads\/2026\/04\/WhatsApp-Image-2026-04-27-at-21.25.37.jpeg","type":"image\/jpeg"}],"author":"Not\u00edcias em Destaque","twitter_card":"summary_large_image","twitter_misc":{"Escrito por":"Not\u00edcias em Destaque","Est. tempo de leitura":"4 minutos"},"schema":{"@context":"https:\/\/schema.org","@graph":[{"@type":"Article","@id":"https:\/\/noticiasemdestaque.com\/cd\/?p=78196#article","isPartOf":{"@id":"https:\/\/noticiasemdestaque.com\/cd\/?p=78196"},"author":{"name":"Not\u00edcias em Destaque","@id":"https:\/\/noticiasemdestaque.com\/cd\/#\/schema\/person\/45ca272b3e1246ef14ebb78a48dbb218"},"headline":"Prefeitos do Uni\u00e3o Brasil e PL declaram apoio a Jo\u00e3o Azev\u00eado para o Senado","datePublished":"2026-04-28T02:04:45+00:00","dateModified":"2026-04-28T02:07:53+00:00","mainEntityOfPage":{"@id":"https:\/\/noticiasemdestaque.com\/cd\/?p=78196"},"wordCount":593,"publisher":{"@id":"https:\/\/noticiasemdestaque.com\/cd\/#organization"},"image":{"@id":"https:\/\/noticiasemdestaque.com\/cd\/?p=78196#primaryimage"},"thumbnailUrl":"https:\/\/noticiasemdestaque.com\/cd\/wp-content\/uploads\/2026\/04\/WhatsApp-Image-2026-04-27-at-21.25.37.jpeg","articleSection":["Pol\u00edtica"],"inLanguage":"pt-BR"},{"@type":"WebPage","@id":"https:\/\/noticiasemdestaque.com\/cd\/?p=78196","url":"https:\/\/noticiasemdestaque.com\/cd\/?p=78196","name":"Prefeitos do Uni\u00e3o Brasil e PL declaram apoio a Jo\u00e3o Azev\u00eado para o Senado - Not&iacute;cias em Destaque","isPartOf":{"@id":"https:\/\/noticiasemdestaque.com\/cd\/#website"},"primaryImageOfPage":{"@id":"https:\/\/noticiasemdestaque.com\/cd\/?p=78196#primaryimage"},"image":{"@id":"https:\/\/noticiasemdestaque.com\/cd\/?p=78196#primaryimage"},"thumbnailUrl":"https:\/\/noticiasemdestaque.com\/cd\/wp-content\/uploads\/2026\/04\/WhatsApp-Image-2026-04-27-at-21.25.37.jpeg","datePublished":"2026-04-28T02:04:45+00:00","dateModified":"2026-04-28T02:07:53+00:00","breadcrumb":{"@id":"https:\/\/noticiasemdestaque.com\/cd\/?p=78196#breadcrumb"},"inLanguage":"pt-BR","potentialAction":[{"@type":"ReadAction","target":["https:\/\/noticiasemdestaque.com\/cd\/?p=78196"]}]},{"@type":"ImageObject","inLanguage":"pt-BR","@id":"https:\/\/noticiasemdestaque.com\/cd\/?p=78196#primaryimage","url":"https:\/\/noticiasemdestaque.com\/cd\/wp-content\/uploads\/2026\/04\/WhatsApp-Image-2026-04-27-at-21.25.37.jpeg","contentUrl":"https:\/\/noticiasemdestaque.com\/cd\/wp-content\/uploads\/2026\/04\/WhatsApp-Image-2026-04-27-at-21.25.37.jpeg","width":1600,"height":1066},{"@type":"BreadcrumbList","@id":"https:\/\/noticiasemdestaque.com\/cd\/?p=78196#breadcrumb","itemListElement":[{"@type":"ListItem","position":1,"name":"In\u00edcio","item":"https:\/\/noticiasemdestaque.com\/cd\/"},{"@type":"ListItem","position":2,"name":"Prefeitos do Uni\u00e3o Brasil e PL declaram apoio a Jo\u00e3o Azev\u00eado para o Senado"}]},{"@type":"WebSite","@id":"https:\/\/noticiasemdestaque.com\/cd\/#website","url":"https:\/\/noticiasemdestaque.com\/cd\/","name":"Not&iacute;cias em Destaque","description":"","publisher":{"@id":"https:\/\/noticiasemdestaque.com\/cd\/#organization"},"potentialAction":[{"@type":"SearchAction","target":{"@type":"EntryPoint","urlTemplate":"https:\/\/noticiasemdestaque.com\/cd\/?s={search_term_string}"},"query-input":{"@type":"PropertyValueSpecification","valueRequired":true,"valueName":"search_term_string"}}],"inLanguage":"pt-BR"},{"@type":"Organization","@id":"https:\/\/noticiasemdestaque.com\/cd\/#organization","name":"Not\u00edcias em Destaque","url":"https:\/\/noticiasemdestaque.com\/cd\/","logo":{"@type":"ImageObject","inLanguage":"pt-BR","@id":"https:\/\/noticiasemdestaque.com\/cd\/#\/schema\/logo\/image\/","url":"https:\/\/noticiasemdestaque.com\/cd\/wp-content\/uploads\/2022\/05\/imagem-base-noticiasemdestaque.png","contentUrl":"https:\/\/noticiasemdestaque.com\/cd\/wp-content\/uploads\/2022\/05\/imagem-base-noticiasemdestaque.png","width":1200,"height":630,"caption":"Not\u00edcias em Destaque"},"image":{"@id":"https:\/\/noticiasemdestaque.com\/cd\/#\/schema\/logo\/image\/"}},{"@type":"Person","@id":"https:\/\/noticiasemdestaque.com\/cd\/#\/schema\/person\/45ca272b3e1246ef14ebb78a48dbb218","name":"Not\u00edcias em Destaque","url":"https:\/\/noticiasemdestaque.com\/cd\/?author=2"}]}},"jetpack_featured_media_url":"https:\/\/noticiasemdestaque.com\/cd\/wp-content\/uploads\/2026\/04\/WhatsApp-Image-2026-04-27-at-21.25.37.jpeg","jetpack_sharing_enabled":true,"_links":{"self":[{"href":"https:\/\/noticiasemdestaque.com\/cd\/index.php?rest_route=\/wp\/v2\/posts\/78196","targetHints":{"allow":["GET"]}}],"collection":[{"href":"https:\/\/noticiasemdestaque.com\/cd\/index.php?rest_route=\/wp\/v2\/posts"}],"about":[{"href":"https:\/\/noticiasemdestaque.com\/cd\/index.php?rest_route=\/wp\/v2\/types\/post"}],"author":[{"embeddable":true,"href":"https:\/\/noticiasemdestaque.com\/cd\/index.php?rest_route=\/wp\/v2\/users\/2"}],"replies":[{"embeddable":true,"href":"https:\/\/noticiasemdestaque.com\/cd\/index.php?rest_route=%2Fwp%2Fv2%2Fcomments&post=78196"}],"version-history":[{"count":3,"href":"https:\/\/noticiasemdestaque.com\/cd\/index.php?rest_route=\/wp\/v2\/posts\/78196\/revisions"}],"predecessor-version":[{"id":78200,"href":"https:\/\/noticiasemdestaque.com\/cd\/index.php?rest_route=\/wp\/v2\/posts\/78196\/revisions\/78200"}],"wp:featuredmedia":[{"embeddable":true,"href":"https:\/\/noticiasemdestaque.com\/cd\/index.php?rest_route=\/wp\/v2\/media\/78197"}],"wp:attachment":[{"href":"https:\/\/noticiasemdestaque.com\/cd\/index.php?rest_route=%2Fwp%2Fv2%2Fmedia&parent=78196"}],"wp:term":[{"taxonomy":"category","embeddable":true,"href":"https:\/\/noticiasemdestaque.com\/cd\/index.php?rest_route=%2Fwp%2Fv2%2Fcategories&post=78196"},{"taxonomy":"post_tag","embeddable":true,"href":"https:\/\/noticiasemdestaque.com\/cd\/index.php?rest_route=%2Fwp%2Fv2%2Ftags&post=78196"}],"curies":[{"name":"wp","href":"https:\/\/api.w.org\/{rel}","templated":true}]}}