{"id":78187,"date":"2026-04-27T19:59:37","date_gmt":"2026-04-27T22:59:37","guid":{"rendered":"https:\/\/noticiasemdestaque.com\/cd\/?p=78187"},"modified":"2026-04-27T19:59:37","modified_gmt":"2026-04-27T22:59:37","slug":"atirador-que-abriu-fogo-em-jantar-e-acusado-de-tentar-matar-trump-e-pode-pegar-prisao-perpetua","status":"publish","type":"post","link":"https:\/\/noticiasemdestaque.com\/cd\/?p=78187","title":{"rendered":"Atirador que abriu fogo em jantar \u00e9 acusado de tentar matar Trump e pode pegar pris\u00e3o perp\u00e9tua"},"content":{"rendered":"<div id=\"chunk-dn6et\">\n<div class=\"mc-column content-text active-extra-styles \" data-block-type=\"unstyled\" data-block-weight=\"39\" data-block-id=\"3\">\n<p data-track-category=\"Link no Texto\" data-track-links=\"\" data-mrf-recirculation=\"Mat\u00e9ria - Links no Texto\"><a href=\"https:\/\/noticiasemdestaque.com\/cd\/wp-content\/uploads\/2026\/04\/f7206af5bd404f9c.avif\"><img fetchpriority=\"high\" decoding=\"async\" class=\" wp-image-78188 aligncenter\" src=\"https:\/\/noticiasemdestaque.com\/cd\/wp-content\/uploads\/2026\/04\/f7206af5bd404f9c-300x225.avif\" alt=\"\" width=\"883\" height=\"662\" srcset=\"https:\/\/noticiasemdestaque.com\/cd\/wp-content\/uploads\/2026\/04\/f7206af5bd404f9c-300x225.avif 300w, https:\/\/noticiasemdestaque.com\/cd\/wp-content\/uploads\/2026\/04\/f7206af5bd404f9c-768x576.avif 768w, https:\/\/noticiasemdestaque.com\/cd\/wp-content\/uploads\/2026\/04\/f7206af5bd404f9c.avif 888w\" sizes=\"(max-width: 883px) 100vw, 883px\" \/><\/a><\/p>\n<p class=\" content-text__container \" data-track-category=\"Link no Texto\" data-track-links=\"\" data-mrf-recirculation=\"Mat\u00e9ria - Links no Texto\">O homem que invadiu, no fim de semana,\u00a0<a class=\"\" href=\"https:\/\/g1.globo.com\/mundo\/noticia\/2026\/04\/26\/raquel-krahenbuhl-relata-tensao-tiros-jantar-eua-todos-comecaram-a-entrar-debaixo-das-mesas.ghtml\" data-mrf-link=\"https:\/\/g1.globo.com\/mundo\/noticia\/2026\/04\/26\/raquel-krahenbuhl-relata-tensao-tiros-jantar-eua-todos-comecaram-a-entrar-debaixo-das-mesas.ghtml\">um jantar de Donald Trump com correspondentes da Casa Branca<\/a>\u00a0foi formalmente acusado de tentar matar o presidente dos\u00a0<a class=\"\" href=\"https:\/\/g1.globo.com\/tudo-sobre\/estados-unidos\/\" data-mrf-link=\"https:\/\/g1.globo.com\/tudo-sobre\/estados-unidos\/\">Estados Unidos<\/a> nesta segunda-feira (27). O crime pode levar \u00e0 pris\u00e3o perp\u00e9tua.<\/p>\n<\/div>\n<\/div>\n<div class=\"wall protected-content\">\n<div id=\"chunk-68jot\">\n<div class=\"mc-column content-text active-extra-styles \" data-block-type=\"unstyled\" data-block-weight=\"35\" data-block-id=\"6\">\n<p class=\" content-text__container \" data-track-category=\"Link no Texto\" data-track-links=\"\" data-mrf-recirculation=\"Mat\u00e9ria - Links no Texto\">O atirador, identificado como\u00a0<strong><span class=\"highlight highlighted\">Cole Tomas Allen<\/span><\/strong><span class=\"highlight highlighted\">, de 31 anos, compareceu nesta segunda-feira \u00e0 primeira audi\u00eancia sobre o caso<\/span>, em um tribunal de Washington. le foi denunciado por tr\u00eas crimes, segundo o Departamento de Justi\u00e7a:<\/p>\n<\/div>\n<\/div>\n<div id=\"chunk-9q1f5\">\n<div class=\"mc-column content-text active-extra-styles\" data-block-type=\"raw\" data-block-weight=\"52\" data-block-id=\"7\">\n<ul class=\"content-unordered-list\" data-mrf-recirculation=\"Mat\u00e9ria - Leia Tamb\u00e9m (Lista)\">\n<li><strong>tentativa de assassinato do presidente dos Estados Unidos<\/strong>, que pode levar \u00e0 pris\u00e3o perp\u00e9tua;<\/li>\n<li><strong>transporte interestadual de arma de fogo para cometer um crime<\/strong>, com pena de at\u00e9 10 anos de pris\u00e3o;<\/li>\n<li><strong>disparo de arma de fogo durante um crime violento<\/strong>, com pena m\u00ednima de 10 anos e m\u00e1xima de pris\u00e3o perp\u00e9tua.<\/li>\n<\/ul>\n<\/div>\n<\/div>\n<div id=\"chunk-doq16\">\n<div class=\"mc-column content-text active-extra-styles \" data-block-type=\"unstyled\" data-block-weight=\"20\" data-block-id=\"9\">\n<p class=\" content-text__container \" data-track-category=\"Link no Texto\" data-track-links=\"\" data-mrf-recirculation=\"Mat\u00e9ria - Links no Texto\">A procuradora-geral dos EUA no Distrito de Columbia, Jeanine Pirro, disse que mais acusa\u00e7\u00f5es ser\u00e3o apresentadas conforme as investiga\u00e7\u00f5es avan\u00e7arem.<\/p>\n<\/div>\n<\/div>\n<div id=\"chunk-15q1d\">\n<div class=\"mc-column content-text active-extra-styles \" data-block-type=\"unstyled\" data-block-weight=\"46\" data-block-id=\"10\">\n<p class=\" content-text__container \" data-track-category=\"Link no Texto\" data-track-links=\"\" data-mrf-recirculation=\"Mat\u00e9ria - Links no Texto\">O jornal The New York Times informou que uma das promotoras do caso afirmou que Allen foi at\u00e9 Washington com uma espingarda, uma pistola e tr\u00eas facas, com o objetivo de realizar um \u201cassassinato pol\u00edtico\u201d. As informa\u00e7\u00f5es foram confirmadas por Pirro em uma coletiva de imprensa.<\/p>\n<\/div>\n<\/div>\n<div id=\"chunk-2f26d\">\n<div class=\"mc-column content-text active-extra-styles \" data-block-type=\"unstyled\" data-block-weight=\"25\" data-block-id=\"11\">\n<p class=\" content-text__container \" data-track-category=\"Link no Texto\" data-track-links=\"\" data-mrf-recirculation=\"Mat\u00e9ria - Links no Texto\">Allen respondeu a perguntas do juiz e permaneceu aparentemente calmo durante a audi\u00eancia, segundo a imprensa americana. Ele n\u00e3o apresentou declara\u00e7\u00e3o de culpa ou inoc\u00eancia.<\/p>\n<\/div>\n<\/div>\n<div id=\"chunk-4rdd4\">\n<div class=\"mc-column content-text active-extra-styles \" data-block-type=\"unstyled\" data-block-weight=\"25\" data-block-id=\"12\">\n<p class=\" content-text__container \" data-track-category=\"Link no Texto\" data-track-links=\"\" data-mrf-recirculation=\"Mat\u00e9ria - Links no Texto\">Ainda durante a audi\u00eancia, promotores pediram a pris\u00e3o preventiva do acusado. A Justi\u00e7a determinou a cust\u00f3dia tempor\u00e1ria e marcou nova audi\u00eancia para quinta-feira (30).<\/p>\n<\/div>\n<\/div>\n<div id=\"chunk-22qa\">\n<div class=\"mc-column content-text active-extra-styles \" data-block-type=\"unstyled\" data-block-weight=\"27\" data-block-id=\"13\">\n<p class=\" content-text__container \" data-track-category=\"Link no Texto\" data-track-links=\"\" data-mrf-recirculation=\"Mat\u00e9ria - Links no Texto\">Outros crimes devem ser adicionados ao processo, segundo Pirro. Tamb\u00e9m h\u00e1 a possibilidade de que o caso seja analisado por outras inst\u00e2ncias da Justi\u00e7a dos Estados Unidos.<\/p>\n<\/div>\n<\/div>\n<div id=\"chunk-blmjk\">\n<div class=\"mc-column content-text active-extra-styles\" data-block-type=\"raw\" data-block-weight=\"18\" data-block-id=\"14\">\n<ul class=\"content-unordered-list\" data-mrf-recirculation=\"Mat\u00e9ria - Leia Tamb\u00e9m (Lista)\">\n<li><strong>FALTA DE SEGURAN\u00c7A E SEM IDENTIFICA\u00c7\u00c3O:<\/strong>\u00a0<a class=\"\" href=\"https:\/\/g1.globo.com\/fantastico\/noticia\/2026\/04\/27\/falta-de-seguranca-e-sem-identificacao-as-falhas-no-evento-de-trump-que-terminou-em-panico-em-washington.ghtml\" data-mrf-link=\"https:\/\/g1.globo.com\/fantastico\/noticia\/2026\/04\/27\/falta-de-seguranca-e-sem-identificacao-as-falhas-no-evento-de-trump-que-terminou-em-panico-em-washington.ghtml\">as falhas no evento de Trump que terminou em p\u00e2nico em Washington<\/a><\/li>\n<\/ul>\n<\/div>\n<\/div>\n<div id=\"chunk-78bd4\">\n<div class=\"mc-column content-text active-extra-styles\" data-block-type=\"raw\" data-block-weight=\"2\" data-block-id=\"15\">\n<div class=\"content-intertitle\">\n<h2>O caso<\/h2>\n<\/div>\n<\/div>\n<\/div>\n<div id=\"chunk-c10ve\">\n<div class=\"row medium-uncollapsed content-media content-photo\" data-block-type=\"backstage-photo\" data-block-id=\"16\">\n<div class=\" mc-column  content-media__container\">\n<div class=\"content-media-container glb-skeleton-box\">\n<figure class=\"content-media-figure\"><img decoding=\"async\" class=\"i-amphtml-fill-content i-amphtml-replaced-content aligncenter\" src=\"https:\/\/s2-g1.glbimg.com\/UqEHMQmRP1h-5USbdhYqAykkEio=\/0x0:678x504\/984x0\/smart\/filters:strip_icc()\/i.s3.glbimg.com\/v1\/AUTH_59edd422c0c84a879bd37670ae4f538a\/internal_photos\/bs\/2026\/v\/X\/fCywYlSbuAscBT1YoMSA\/truth-social-preso-.png\" sizes=\"(max-width: 1875px) 648px, 100vw\" srcset=\"https:\/\/s2-g1.glbimg.com\/MOHgNJGcNXxXjuMStkzz3irjrNc=\/0x0:678x504\/1000x0\/smart\/filters:strip_icc()\/i.s3.glbimg.com\/v1\/AUTH_59edd422c0c84a879bd37670ae4f538a\/internal_photos\/bs\/2026\/v\/X\/fCywYlSbuAscBT1YoMSA\/truth-social-preso-.png 1000w, https:\/\/s2-g1.glbimg.com\/UqEHMQmRP1h-5USbdhYqAykkEio=\/0x0:678x504\/984x0\/smart\/filters:strip_icc()\/i.s3.glbimg.com\/v1\/AUTH_59edd422c0c84a879bd37670ae4f538a\/internal_photos\/bs\/2026\/v\/X\/fCywYlSbuAscBT1YoMSA\/truth-social-preso-.png 984w, https:\/\/s2-g1.glbimg.com\/hGRjIqCLv4vM3y0bN0nC062BMz4=\/0x0:678x504\/640x0\/smart\/filters:strip_icc()\/i.s3.glbimg.com\/v1\/AUTH_59edd422c0c84a879bd37670ae4f538a\/internal_photos\/bs\/2026\/v\/X\/fCywYlSbuAscBT1YoMSA\/truth-social-preso-.png 640w, https:\/\/s2-g1.glbimg.com\/QxGLLl1bpPcB5MCa2mKkCLEunvo=\/0x0:678x504\/600x0\/smart\/filters:strip_icc()\/i.s3.glbimg.com\/v1\/AUTH_59edd422c0c84a879bd37670ae4f538a\/internal_photos\/bs\/2026\/v\/X\/fCywYlSbuAscBT1YoMSA\/truth-social-preso-.png 600w\" alt=\"Homem \u00e9 detido no ch\u00e3o por agentes de seguran\u00e7a em imagem divulgada por Donald Trump ap\u00f3s tiros disparados em jantar de correspondentes da Casa Branca com presidente dos EUA, em Washington, nos EUA, em 25 de abril de 2026. \u2014 Foto: Reprodu\u00e7\u00e3o\/ Truth Social\" \/><\/figure>\n<\/div>\n<p class=\"content-media__description  \">Homem \u00e9 detido no ch\u00e3o por agentes de seguran\u00e7a em imagem divulgada por Donald Trump ap\u00f3s tiros disparados em jantar de correspondentes da Casa Branca com presidente dos EUA, em Washington, nos EUA, em 25 de abril de 2026. \u2014 Foto: Reprodu\u00e7\u00e3o\/ Truth Social<\/p>\n<\/div>\n<\/div>\n<\/div>\n<div id=\"chunk-evd78\">\n<div class=\"mc-column content-text active-extra-styles \" data-block-type=\"unstyled\" data-block-weight=\"54\" data-block-id=\"18\">\n<p class=\" content-text__container \" data-track-category=\"Link no Texto\" data-track-links=\"\" data-mrf-recirculation=\"Mat\u00e9ria - Links no Texto\">O jantar, evento anual em que o presidente dos EUA se re\u00fane com correspondentes que cobrem a Casa Branca, ocorria na noite de s\u00e1bado (25), em um hotel em Washington, quando foi interrompido ap\u00f3s tiros serem ouvidos. Trump foi retirado \u00e0s pressas e o autor dos disparos foi detido por agentes do Servi\u00e7o Secreto.<\/p>\n<\/div>\n<\/div>\n<div id=\"chunk-4ul5g\">\n<div class=\"mc-column content-text active-extra-styles \" data-block-type=\"unstyled\" data-block-weight=\"8\" data-block-id=\"19\">\n<p class=\" content-text__container \" data-track-category=\"Link no Texto\" data-track-links=\"\" data-mrf-recirculation=\"Mat\u00e9ria - Links no Texto\">Allen \u00e9 professor e n\u00e3o tinha antecedentes criminais.<\/p>\n<\/div>\n<\/div>\n<div id=\"chunk-4emau\">\n<div class=\"mc-column content-text active-extra-styles\" data-block-type=\"raw\" data-block-weight=\"18\" data-block-id=\"20\">\n<blockquote class=\"content-blockquote theme-border-color-primary-before\"><p>A pol\u00edcia ainda investigava, nesta segunda-feira, a motiva\u00e7\u00e3o do crime, com base em imagens e anota\u00e7\u00f5es do suspeito.<\/p><\/blockquote>\n<\/div>\n<\/div>\n<div id=\"chunk-2m7qh\">\n<div class=\"mc-column content-text active-extra-styles \" data-block-type=\"unstyled\" data-block-weight=\"52\" data-block-id=\"21\">\n<p class=\" content-text__container \" data-track-category=\"Link no Texto\" data-track-links=\"\" data-mrf-recirculation=\"Mat\u00e9ria - Links no Texto\">O jantar foi interrompido, e jornalistas e autoridades do alto escal\u00e3o do governo Trump que estavam no local se agacharam. Trump, a primeira-dama Melania Trump e o vice-presidente JD Vance, que estavam em uma mesa no palco do sal\u00e3o, foram retirados, enquanto os jornalistas permaneceram para checagens de agentes do Servi\u00e7o Secreto.<\/p>\n<\/div>\n<\/div>\n<div id=\"chunk-7phpq\">\n<div class=\"mc-column content-text active-extra-styles \" data-block-type=\"unstyled\" data-block-weight=\"32\" data-block-id=\"22\">\n<p class=\" content-text__container \" data-track-category=\"Link no Texto\" data-track-links=\"\" data-mrf-recirculation=\"Mat\u00e9ria - Links no Texto\">Jornalistas relataram que o\u00a0<strong>esquema de seguran\u00e7a para entrada no evento n\u00e3o foi rigoroso<\/strong>. A equipe da<strong>\u00a0TV Globo<\/strong>\u00a0que esteve no local afirmou ter passado por apenas uma checagem de seguran\u00e7a.<\/p>\n<p data-track-category=\"Link no Texto\" data-track-links=\"\" data-mrf-recirculation=\"Mat\u00e9ria - Links no Texto\"><strong>Noticias em Destaque<\/strong><\/p>\n<p style=\"text-align: right;\" data-track-category=\"Link no Texto\" data-track-links=\"\" data-mrf-recirculation=\"Mat\u00e9ria - Links no Texto\"><em>Fonte: G1<\/em><\/p>\n<\/div>\n<\/div>\n<\/div>\n","protected":false},"excerpt":{"rendered":"<p>O homem que invadiu, no fim de semana,\u00a0um jantar de Donald Trump com correspondentes da Casa Branca\u00a0foi formalmente acusado de tentar matar o presidente dos\u00a0Estados Unidos nesta segunda-feira (27). O crime pode levar \u00e0 pris\u00e3o perp\u00e9tua. O atirador, identificado como\u00a0Cole Tomas Allen, de 31 anos, compareceu nesta segunda-feira \u00e0 primeira audi\u00eancia sobre o caso, em um tribunal de Washington. le foi denunciado por tr\u00eas crimes, segundo o Departamento de Justi\u00e7a: tentativa de assassinato do presidente dos Estados Unidos, que pode levar \u00e0 pris\u00e3o perp\u00e9tua; transporte interestadual de arma de fogo para cometer um crime, com pena de at\u00e9 10 anos de pris\u00e3o; disparo de arma de fogo durante um crime violento, com pena m\u00ednima de 10 anos e m\u00e1xima de pris\u00e3o perp\u00e9tua. A procuradora-geral dos EUA no Distrito de Columbia, Jeanine Pirro, disse que mais acusa\u00e7\u00f5es ser\u00e3o apresentadas conforme as investiga\u00e7\u00f5es avan\u00e7arem. O jornal The New York Times informou que uma das promotoras do caso afirmou que Allen foi at\u00e9 Washington com uma espingarda, uma pistola e tr\u00eas facas, com o objetivo de realizar um \u201cassassinato pol\u00edtico\u201d. As informa\u00e7\u00f5es foram confirmadas por Pirro em uma coletiva de imprensa. Allen respondeu a perguntas do juiz e permaneceu aparentemente calmo durante a audi\u00eancia, segundo a imprensa americana. Ele n\u00e3o apresentou declara\u00e7\u00e3o de culpa ou inoc\u00eancia. Ainda durante a audi\u00eancia, promotores pediram a pris\u00e3o preventiva do acusado. A Justi\u00e7a determinou a cust\u00f3dia tempor\u00e1ria e marcou nova audi\u00eancia para quinta-feira (30). Outros crimes devem ser adicionados ao processo, segundo Pirro. Tamb\u00e9m h\u00e1 a possibilidade de que o caso seja analisado por outras inst\u00e2ncias da Justi\u00e7a dos Estados Unidos. FALTA DE SEGURAN\u00c7A E SEM IDENTIFICA\u00c7\u00c3O:\u00a0as falhas no evento de Trump que terminou em p\u00e2nico em Washington O caso Homem \u00e9 detido no ch\u00e3o por agentes de seguran\u00e7a em imagem divulgada por Donald Trump ap\u00f3s tiros disparados em jantar de correspondentes da Casa Branca com presidente dos EUA, em Washington, nos EUA, em 25 de abril de 2026. \u2014 Foto: Reprodu\u00e7\u00e3o\/ Truth Social O jantar, evento anual em que o presidente dos EUA se re\u00fane com correspondentes que cobrem a Casa Branca, ocorria na noite de s\u00e1bado (25), em um hotel em Washington, quando foi interrompido ap\u00f3s tiros serem ouvidos. Trump foi retirado \u00e0s pressas e o autor dos disparos foi detido por agentes do Servi\u00e7o Secreto. Allen \u00e9 professor e n\u00e3o tinha antecedentes criminais. A pol\u00edcia ainda investigava, nesta segunda-feira, a motiva\u00e7\u00e3o do crime, com base em imagens e anota\u00e7\u00f5es do suspeito. O jantar foi interrompido, e jornalistas e autoridades do alto escal\u00e3o do governo Trump que estavam no local se agacharam. Trump, a primeira-dama Melania Trump e o vice-presidente JD Vance, que estavam em uma mesa no palco do sal\u00e3o, foram retirados, enquanto os jornalistas permaneceram para checagens de agentes do Servi\u00e7o Secreto. Jornalistas relataram que o\u00a0esquema de seguran\u00e7a para entrada no evento n\u00e3o foi rigoroso. A equipe da\u00a0TV Globo\u00a0que esteve no local afirmou ter passado por apenas uma checagem de seguran\u00e7a. Noticias em Destaque Fonte: G1<\/p>\n","protected":false},"author":2,"featured_media":78188,"comment_status":"closed","ping_status":"closed","sticky":false,"template":"","format":"standard","meta":{"_eb_attr":"","_jetpack_memberships_contains_paid_content":false,"footnotes":""},"categories":[20],"tags":[],"class_list":["post-78187","post","type-post","status-publish","format-standard","has-post-thumbnail","hentry","category-policia"],"yoast_head":"<!-- This site is optimized with the Yoast SEO plugin v26.5 - https:\/\/yoast.com\/wordpress\/plugins\/seo\/ -->\n<title>Atirador que abriu fogo em jantar \u00e9 acusado de tentar matar Trump e pode pegar pris\u00e3o perp\u00e9tua - Not&iacute;cias em Destaque<\/title>\n<meta name=\"robots\" content=\"index, follow, max-snippet:-1, max-image-preview:large, max-video-preview:-1\" \/>\n<link rel=\"canonical\" href=\"https:\/\/noticiasemdestaque.com\/cd\/?p=78187\" \/>\n<meta property=\"og:locale\" content=\"pt_BR\" \/>\n<meta property=\"og:type\" content=\"article\" \/>\n<meta property=\"og:title\" content=\"Atirador que abriu fogo em jantar \u00e9 acusado de tentar matar Trump e pode pegar pris\u00e3o perp\u00e9tua - Not&iacute;cias em Destaque\" \/>\n<meta property=\"og:description\" content=\"O homem que invadiu, no fim de semana,\u00a0um jantar de Donald Trump com correspondentes da Casa Branca\u00a0foi formalmente acusado de tentar matar o presidente dos\u00a0Estados Unidos nesta segunda-feira (27). O crime pode levar \u00e0 pris\u00e3o perp\u00e9tua. O atirador, identificado como\u00a0Cole Tomas Allen, de 31 anos, compareceu nesta segunda-feira \u00e0 primeira audi\u00eancia sobre o caso, em um tribunal de Washington. le foi denunciado por tr\u00eas crimes, segundo o Departamento de Justi\u00e7a: tentativa de assassinato do presidente dos Estados Unidos, que pode levar \u00e0 pris\u00e3o perp\u00e9tua; transporte interestadual de arma de fogo para cometer um crime, com pena de at\u00e9 10 anos de pris\u00e3o; disparo de arma de fogo durante um crime violento, com pena m\u00ednima de 10 anos e m\u00e1xima de pris\u00e3o perp\u00e9tua. A procuradora-geral dos EUA no Distrito de Columbia, Jeanine Pirro, disse que mais acusa\u00e7\u00f5es ser\u00e3o apresentadas conforme as investiga\u00e7\u00f5es avan\u00e7arem. O jornal The New York Times informou que uma das promotoras do caso afirmou que Allen foi at\u00e9 Washington com uma espingarda, uma pistola e tr\u00eas facas, com o objetivo de realizar um \u201cassassinato pol\u00edtico\u201d. As informa\u00e7\u00f5es foram confirmadas por Pirro em uma coletiva de imprensa. Allen respondeu a perguntas do juiz e permaneceu aparentemente calmo durante a audi\u00eancia, segundo a imprensa americana. Ele n\u00e3o apresentou declara\u00e7\u00e3o de culpa ou inoc\u00eancia. Ainda durante a audi\u00eancia, promotores pediram a pris\u00e3o preventiva do acusado. A Justi\u00e7a determinou a cust\u00f3dia tempor\u00e1ria e marcou nova audi\u00eancia para quinta-feira (30). Outros crimes devem ser adicionados ao processo, segundo Pirro. Tamb\u00e9m h\u00e1 a possibilidade de que o caso seja analisado por outras inst\u00e2ncias da Justi\u00e7a dos Estados Unidos. FALTA DE SEGURAN\u00c7A E SEM IDENTIFICA\u00c7\u00c3O:\u00a0as falhas no evento de Trump que terminou em p\u00e2nico em Washington O caso Homem \u00e9 detido no ch\u00e3o por agentes de seguran\u00e7a em imagem divulgada por Donald Trump ap\u00f3s tiros disparados em jantar de correspondentes da Casa Branca com presidente dos EUA, em Washington, nos EUA, em 25 de abril de 2026. \u2014 Foto: Reprodu\u00e7\u00e3o\/ Truth Social O jantar, evento anual em que o presidente dos EUA se re\u00fane com correspondentes que cobrem a Casa Branca, ocorria na noite de s\u00e1bado (25), em um hotel em Washington, quando foi interrompido ap\u00f3s tiros serem ouvidos. Trump foi retirado \u00e0s pressas e o autor dos disparos foi detido por agentes do Servi\u00e7o Secreto. Allen \u00e9 professor e n\u00e3o tinha antecedentes criminais. A pol\u00edcia ainda investigava, nesta segunda-feira, a motiva\u00e7\u00e3o do crime, com base em imagens e anota\u00e7\u00f5es do suspeito. O jantar foi interrompido, e jornalistas e autoridades do alto escal\u00e3o do governo Trump que estavam no local se agacharam. Trump, a primeira-dama Melania Trump e o vice-presidente JD Vance, que estavam em uma mesa no palco do sal\u00e3o, foram retirados, enquanto os jornalistas permaneceram para checagens de agentes do Servi\u00e7o Secreto. Jornalistas relataram que o\u00a0esquema de seguran\u00e7a para entrada no evento n\u00e3o foi rigoroso. A equipe da\u00a0TV Globo\u00a0que esteve no local afirmou ter passado por apenas uma checagem de seguran\u00e7a. Noticias em Destaque Fonte: G1\" \/>\n<meta property=\"og:url\" content=\"https:\/\/noticiasemdestaque.com\/cd\/?p=78187\" \/>\n<meta property=\"og:site_name\" content=\"Not&iacute;cias em Destaque\" \/>\n<meta property=\"article:published_time\" content=\"2026-04-27T22:59:37+00:00\" \/>\n<meta name=\"author\" content=\"Not\u00edcias em Destaque\" \/>\n<meta name=\"twitter:card\" content=\"summary_large_image\" \/>\n<meta name=\"twitter:label1\" content=\"Escrito por\" \/>\n\t<meta name=\"twitter:data1\" content=\"Not\u00edcias em Destaque\" \/>\n\t<meta name=\"twitter:label2\" content=\"Est. tempo de leitura\" \/>\n\t<meta name=\"twitter:data2\" content=\"4 minutos\" \/>\n<script type=\"application\/ld+json\" class=\"yoast-schema-graph\">{\"@context\":\"https:\/\/schema.org\",\"@graph\":[{\"@type\":\"Article\",\"@id\":\"https:\/\/noticiasemdestaque.com\/cd\/?p=78187#article\",\"isPartOf\":{\"@id\":\"https:\/\/noticiasemdestaque.com\/cd\/?p=78187\"},\"author\":{\"name\":\"Not\u00edcias em Destaque\",\"@id\":\"https:\/\/noticiasemdestaque.com\/cd\/#\/schema\/person\/45ca272b3e1246ef14ebb78a48dbb218\"},\"headline\":\"Atirador que abriu fogo em jantar \u00e9 acusado de tentar matar Trump e pode pegar pris\u00e3o perp\u00e9tua\",\"datePublished\":\"2026-04-27T22:59:37+00:00\",\"mainEntityOfPage\":{\"@id\":\"https:\/\/noticiasemdestaque.com\/cd\/?p=78187\"},\"wordCount\":558,\"publisher\":{\"@id\":\"https:\/\/noticiasemdestaque.com\/cd\/#organization\"},\"image\":{\"@id\":\"https:\/\/noticiasemdestaque.com\/cd\/?p=78187#primaryimage\"},\"thumbnailUrl\":\"https:\/\/noticiasemdestaque.com\/cd\/wp-content\/uploads\/2026\/04\/f7206af5bd404f9c.avif\",\"articleSection\":[\"Pol\u00edcia\"],\"inLanguage\":\"pt-BR\"},{\"@type\":\"WebPage\",\"@id\":\"https:\/\/noticiasemdestaque.com\/cd\/?p=78187\",\"url\":\"https:\/\/noticiasemdestaque.com\/cd\/?p=78187\",\"name\":\"Atirador que abriu fogo em jantar \u00e9 acusado de tentar matar Trump e pode pegar pris\u00e3o perp\u00e9tua - Not&iacute;cias em Destaque\",\"isPartOf\":{\"@id\":\"https:\/\/noticiasemdestaque.com\/cd\/#website\"},\"primaryImageOfPage\":{\"@id\":\"https:\/\/noticiasemdestaque.com\/cd\/?p=78187#primaryimage\"},\"image\":{\"@id\":\"https:\/\/noticiasemdestaque.com\/cd\/?p=78187#primaryimage\"},\"thumbnailUrl\":\"https:\/\/noticiasemdestaque.com\/cd\/wp-content\/uploads\/2026\/04\/f7206af5bd404f9c.avif\",\"datePublished\":\"2026-04-27T22:59:37+00:00\",\"breadcrumb\":{\"@id\":\"https:\/\/noticiasemdestaque.com\/cd\/?p=78187#breadcrumb\"},\"inLanguage\":\"pt-BR\",\"potentialAction\":[{\"@type\":\"ReadAction\",\"target\":[\"https:\/\/noticiasemdestaque.com\/cd\/?p=78187\"]}]},{\"@type\":\"ImageObject\",\"inLanguage\":\"pt-BR\",\"@id\":\"https:\/\/noticiasemdestaque.com\/cd\/?p=78187#primaryimage\",\"url\":\"https:\/\/noticiasemdestaque.com\/cd\/wp-content\/uploads\/2026\/04\/f7206af5bd404f9c.avif\",\"contentUrl\":\"https:\/\/noticiasemdestaque.com\/cd\/wp-content\/uploads\/2026\/04\/f7206af5bd404f9c.avif\",\"width\":888,\"height\":666},{\"@type\":\"BreadcrumbList\",\"@id\":\"https:\/\/noticiasemdestaque.com\/cd\/?p=78187#breadcrumb\",\"itemListElement\":[{\"@type\":\"ListItem\",\"position\":1,\"name\":\"In\u00edcio\",\"item\":\"https:\/\/noticiasemdestaque.com\/cd\/\"},{\"@type\":\"ListItem\",\"position\":2,\"name\":\"Atirador que abriu fogo em jantar \u00e9 acusado de tentar matar Trump e pode pegar pris\u00e3o perp\u00e9tua\"}]},{\"@type\":\"WebSite\",\"@id\":\"https:\/\/noticiasemdestaque.com\/cd\/#website\",\"url\":\"https:\/\/noticiasemdestaque.com\/cd\/\",\"name\":\"Not&iacute;cias em Destaque\",\"description\":\"\",\"publisher\":{\"@id\":\"https:\/\/noticiasemdestaque.com\/cd\/#organization\"},\"potentialAction\":[{\"@type\":\"SearchAction\",\"target\":{\"@type\":\"EntryPoint\",\"urlTemplate\":\"https:\/\/noticiasemdestaque.com\/cd\/?s={search_term_string}\"},\"query-input\":{\"@type\":\"PropertyValueSpecification\",\"valueRequired\":true,\"valueName\":\"search_term_string\"}}],\"inLanguage\":\"pt-BR\"},{\"@type\":\"Organization\",\"@id\":\"https:\/\/noticiasemdestaque.com\/cd\/#organization\",\"name\":\"Not\u00edcias em Destaque\",\"url\":\"https:\/\/noticiasemdestaque.com\/cd\/\",\"logo\":{\"@type\":\"ImageObject\",\"inLanguage\":\"pt-BR\",\"@id\":\"https:\/\/noticiasemdestaque.com\/cd\/#\/schema\/logo\/image\/\",\"url\":\"https:\/\/noticiasemdestaque.com\/cd\/wp-content\/uploads\/2022\/05\/imagem-base-noticiasemdestaque.png\",\"contentUrl\":\"https:\/\/noticiasemdestaque.com\/cd\/wp-content\/uploads\/2022\/05\/imagem-base-noticiasemdestaque.png\",\"width\":1200,\"height\":630,\"caption\":\"Not\u00edcias em Destaque\"},\"image\":{\"@id\":\"https:\/\/noticiasemdestaque.com\/cd\/#\/schema\/logo\/image\/\"}},{\"@type\":\"Person\",\"@id\":\"https:\/\/noticiasemdestaque.com\/cd\/#\/schema\/person\/45ca272b3e1246ef14ebb78a48dbb218\",\"name\":\"Not\u00edcias em Destaque\",\"url\":\"https:\/\/noticiasemdestaque.com\/cd\/?author=2\"}]}<\/script>\n<!-- \/ Yoast SEO plugin. -->","yoast_head_json":{"title":"Atirador que abriu fogo em jantar \u00e9 acusado de tentar matar Trump e pode pegar pris\u00e3o perp\u00e9tua - Not&iacute;cias em Destaque","robots":{"index":"index","follow":"follow","max-snippet":"max-snippet:-1","max-image-preview":"max-image-preview:large","max-video-preview":"max-video-preview:-1"},"canonical":"https:\/\/noticiasemdestaque.com\/cd\/?p=78187","og_locale":"pt_BR","og_type":"article","og_title":"Atirador que abriu fogo em jantar \u00e9 acusado de tentar matar Trump e pode pegar pris\u00e3o perp\u00e9tua - Not&iacute;cias em Destaque","og_description":"O homem que invadiu, no fim de semana,\u00a0um jantar de Donald Trump com correspondentes da Casa Branca\u00a0foi formalmente acusado de tentar matar o presidente dos\u00a0Estados Unidos nesta segunda-feira (27). O crime pode levar \u00e0 pris\u00e3o perp\u00e9tua. O atirador, identificado como\u00a0Cole Tomas Allen, de 31 anos, compareceu nesta segunda-feira \u00e0 primeira audi\u00eancia sobre o caso, em um tribunal de Washington. le foi denunciado por tr\u00eas crimes, segundo o Departamento de Justi\u00e7a: tentativa de assassinato do presidente dos Estados Unidos, que pode levar \u00e0 pris\u00e3o perp\u00e9tua; transporte interestadual de arma de fogo para cometer um crime, com pena de at\u00e9 10 anos de pris\u00e3o; disparo de arma de fogo durante um crime violento, com pena m\u00ednima de 10 anos e m\u00e1xima de pris\u00e3o perp\u00e9tua. A procuradora-geral dos EUA no Distrito de Columbia, Jeanine Pirro, disse que mais acusa\u00e7\u00f5es ser\u00e3o apresentadas conforme as investiga\u00e7\u00f5es avan\u00e7arem. O jornal The New York Times informou que uma das promotoras do caso afirmou que Allen foi at\u00e9 Washington com uma espingarda, uma pistola e tr\u00eas facas, com o objetivo de realizar um \u201cassassinato pol\u00edtico\u201d. As informa\u00e7\u00f5es foram confirmadas por Pirro em uma coletiva de imprensa. Allen respondeu a perguntas do juiz e permaneceu aparentemente calmo durante a audi\u00eancia, segundo a imprensa americana. Ele n\u00e3o apresentou declara\u00e7\u00e3o de culpa ou inoc\u00eancia. Ainda durante a audi\u00eancia, promotores pediram a pris\u00e3o preventiva do acusado. A Justi\u00e7a determinou a cust\u00f3dia tempor\u00e1ria e marcou nova audi\u00eancia para quinta-feira (30). Outros crimes devem ser adicionados ao processo, segundo Pirro. Tamb\u00e9m h\u00e1 a possibilidade de que o caso seja analisado por outras inst\u00e2ncias da Justi\u00e7a dos Estados Unidos. FALTA DE SEGURAN\u00c7A E SEM IDENTIFICA\u00c7\u00c3O:\u00a0as falhas no evento de Trump que terminou em p\u00e2nico em Washington O caso Homem \u00e9 detido no ch\u00e3o por agentes de seguran\u00e7a em imagem divulgada por Donald Trump ap\u00f3s tiros disparados em jantar de correspondentes da Casa Branca com presidente dos EUA, em Washington, nos EUA, em 25 de abril de 2026. \u2014 Foto: Reprodu\u00e7\u00e3o\/ Truth Social O jantar, evento anual em que o presidente dos EUA se re\u00fane com correspondentes que cobrem a Casa Branca, ocorria na noite de s\u00e1bado (25), em um hotel em Washington, quando foi interrompido ap\u00f3s tiros serem ouvidos. Trump foi retirado \u00e0s pressas e o autor dos disparos foi detido por agentes do Servi\u00e7o Secreto. Allen \u00e9 professor e n\u00e3o tinha antecedentes criminais. A pol\u00edcia ainda investigava, nesta segunda-feira, a motiva\u00e7\u00e3o do crime, com base em imagens e anota\u00e7\u00f5es do suspeito. O jantar foi interrompido, e jornalistas e autoridades do alto escal\u00e3o do governo Trump que estavam no local se agacharam. Trump, a primeira-dama Melania Trump e o vice-presidente JD Vance, que estavam em uma mesa no palco do sal\u00e3o, foram retirados, enquanto os jornalistas permaneceram para checagens de agentes do Servi\u00e7o Secreto. Jornalistas relataram que o\u00a0esquema de seguran\u00e7a para entrada no evento n\u00e3o foi rigoroso. A equipe da\u00a0TV Globo\u00a0que esteve no local afirmou ter passado por apenas uma checagem de seguran\u00e7a. Noticias em Destaque Fonte: G1","og_url":"https:\/\/noticiasemdestaque.com\/cd\/?p=78187","og_site_name":"Not&iacute;cias em Destaque","article_published_time":"2026-04-27T22:59:37+00:00","author":"Not\u00edcias em Destaque","twitter_card":"summary_large_image","twitter_misc":{"Escrito por":"Not\u00edcias em Destaque","Est. tempo de leitura":"4 minutos"},"schema":{"@context":"https:\/\/schema.org","@graph":[{"@type":"Article","@id":"https:\/\/noticiasemdestaque.com\/cd\/?p=78187#article","isPartOf":{"@id":"https:\/\/noticiasemdestaque.com\/cd\/?p=78187"},"author":{"name":"Not\u00edcias em Destaque","@id":"https:\/\/noticiasemdestaque.com\/cd\/#\/schema\/person\/45ca272b3e1246ef14ebb78a48dbb218"},"headline":"Atirador que abriu fogo em jantar \u00e9 acusado de tentar matar Trump e pode pegar pris\u00e3o perp\u00e9tua","datePublished":"2026-04-27T22:59:37+00:00","mainEntityOfPage":{"@id":"https:\/\/noticiasemdestaque.com\/cd\/?p=78187"},"wordCount":558,"publisher":{"@id":"https:\/\/noticiasemdestaque.com\/cd\/#organization"},"image":{"@id":"https:\/\/noticiasemdestaque.com\/cd\/?p=78187#primaryimage"},"thumbnailUrl":"https:\/\/noticiasemdestaque.com\/cd\/wp-content\/uploads\/2026\/04\/f7206af5bd404f9c.avif","articleSection":["Pol\u00edcia"],"inLanguage":"pt-BR"},{"@type":"WebPage","@id":"https:\/\/noticiasemdestaque.com\/cd\/?p=78187","url":"https:\/\/noticiasemdestaque.com\/cd\/?p=78187","name":"Atirador que abriu fogo em jantar \u00e9 acusado de tentar matar Trump e pode pegar pris\u00e3o perp\u00e9tua - Not&iacute;cias em Destaque","isPartOf":{"@id":"https:\/\/noticiasemdestaque.com\/cd\/#website"},"primaryImageOfPage":{"@id":"https:\/\/noticiasemdestaque.com\/cd\/?p=78187#primaryimage"},"image":{"@id":"https:\/\/noticiasemdestaque.com\/cd\/?p=78187#primaryimage"},"thumbnailUrl":"https:\/\/noticiasemdestaque.com\/cd\/wp-content\/uploads\/2026\/04\/f7206af5bd404f9c.avif","datePublished":"2026-04-27T22:59:37+00:00","breadcrumb":{"@id":"https:\/\/noticiasemdestaque.com\/cd\/?p=78187#breadcrumb"},"inLanguage":"pt-BR","potentialAction":[{"@type":"ReadAction","target":["https:\/\/noticiasemdestaque.com\/cd\/?p=78187"]}]},{"@type":"ImageObject","inLanguage":"pt-BR","@id":"https:\/\/noticiasemdestaque.com\/cd\/?p=78187#primaryimage","url":"https:\/\/noticiasemdestaque.com\/cd\/wp-content\/uploads\/2026\/04\/f7206af5bd404f9c.avif","contentUrl":"https:\/\/noticiasemdestaque.com\/cd\/wp-content\/uploads\/2026\/04\/f7206af5bd404f9c.avif","width":888,"height":666},{"@type":"BreadcrumbList","@id":"https:\/\/noticiasemdestaque.com\/cd\/?p=78187#breadcrumb","itemListElement":[{"@type":"ListItem","position":1,"name":"In\u00edcio","item":"https:\/\/noticiasemdestaque.com\/cd\/"},{"@type":"ListItem","position":2,"name":"Atirador que abriu fogo em jantar \u00e9 acusado de tentar matar Trump e pode pegar pris\u00e3o perp\u00e9tua"}]},{"@type":"WebSite","@id":"https:\/\/noticiasemdestaque.com\/cd\/#website","url":"https:\/\/noticiasemdestaque.com\/cd\/","name":"Not&iacute;cias em Destaque","description":"","publisher":{"@id":"https:\/\/noticiasemdestaque.com\/cd\/#organization"},"potentialAction":[{"@type":"SearchAction","target":{"@type":"EntryPoint","urlTemplate":"https:\/\/noticiasemdestaque.com\/cd\/?s={search_term_string}"},"query-input":{"@type":"PropertyValueSpecification","valueRequired":true,"valueName":"search_term_string"}}],"inLanguage":"pt-BR"},{"@type":"Organization","@id":"https:\/\/noticiasemdestaque.com\/cd\/#organization","name":"Not\u00edcias em Destaque","url":"https:\/\/noticiasemdestaque.com\/cd\/","logo":{"@type":"ImageObject","inLanguage":"pt-BR","@id":"https:\/\/noticiasemdestaque.com\/cd\/#\/schema\/logo\/image\/","url":"https:\/\/noticiasemdestaque.com\/cd\/wp-content\/uploads\/2022\/05\/imagem-base-noticiasemdestaque.png","contentUrl":"https:\/\/noticiasemdestaque.com\/cd\/wp-content\/uploads\/2022\/05\/imagem-base-noticiasemdestaque.png","width":1200,"height":630,"caption":"Not\u00edcias em Destaque"},"image":{"@id":"https:\/\/noticiasemdestaque.com\/cd\/#\/schema\/logo\/image\/"}},{"@type":"Person","@id":"https:\/\/noticiasemdestaque.com\/cd\/#\/schema\/person\/45ca272b3e1246ef14ebb78a48dbb218","name":"Not\u00edcias em Destaque","url":"https:\/\/noticiasemdestaque.com\/cd\/?author=2"}]}},"jetpack_featured_media_url":"https:\/\/noticiasemdestaque.com\/cd\/wp-content\/uploads\/2026\/04\/f7206af5bd404f9c.avif","jetpack_sharing_enabled":true,"_links":{"self":[{"href":"https:\/\/noticiasemdestaque.com\/cd\/index.php?rest_route=\/wp\/v2\/posts\/78187","targetHints":{"allow":["GET"]}}],"collection":[{"href":"https:\/\/noticiasemdestaque.com\/cd\/index.php?rest_route=\/wp\/v2\/posts"}],"about":[{"href":"https:\/\/noticiasemdestaque.com\/cd\/index.php?rest_route=\/wp\/v2\/types\/post"}],"author":[{"embeddable":true,"href":"https:\/\/noticiasemdestaque.com\/cd\/index.php?rest_route=\/wp\/v2\/users\/2"}],"replies":[{"embeddable":true,"href":"https:\/\/noticiasemdestaque.com\/cd\/index.php?rest_route=%2Fwp%2Fv2%2Fcomments&post=78187"}],"version-history":[{"count":1,"href":"https:\/\/noticiasemdestaque.com\/cd\/index.php?rest_route=\/wp\/v2\/posts\/78187\/revisions"}],"predecessor-version":[{"id":78189,"href":"https:\/\/noticiasemdestaque.com\/cd\/index.php?rest_route=\/wp\/v2\/posts\/78187\/revisions\/78189"}],"wp:featuredmedia":[{"embeddable":true,"href":"https:\/\/noticiasemdestaque.com\/cd\/index.php?rest_route=\/wp\/v2\/media\/78188"}],"wp:attachment":[{"href":"https:\/\/noticiasemdestaque.com\/cd\/index.php?rest_route=%2Fwp%2Fv2%2Fmedia&parent=78187"}],"wp:term":[{"taxonomy":"category","embeddable":true,"href":"https:\/\/noticiasemdestaque.com\/cd\/index.php?rest_route=%2Fwp%2Fv2%2Fcategories&post=78187"},{"taxonomy":"post_tag","embeddable":true,"href":"https:\/\/noticiasemdestaque.com\/cd\/index.php?rest_route=%2Fwp%2Fv2%2Ftags&post=78187"}],"curies":[{"name":"wp","href":"https:\/\/api.w.org\/{rel}","templated":true}]}}