{"id":78184,"date":"2026-04-27T19:48:08","date_gmt":"2026-04-27T22:48:08","guid":{"rendered":"https:\/\/noticiasemdestaque.com\/cd\/?p=78184"},"modified":"2026-04-27T19:48:08","modified_gmt":"2026-04-27T22:48:08","slug":"abertura-do-campeonato-municipal-de-society-2026-movimenta-sao-jose-dos-cordeiros","status":"publish","type":"post","link":"https:\/\/noticiasemdestaque.com\/cd\/?p=78184","title":{"rendered":"Abertura do Campeonato Municipal de Society 2026 movimenta S\u00e3o Jos\u00e9 dos Cordeiros"},"content":{"rendered":"<p><a href=\"https:\/\/noticiasemdestaque.com\/cd\/wp-content\/uploads\/2026\/04\/sjc-1080x1080-1.jpg\"><img fetchpriority=\"high\" decoding=\"async\" class=\" wp-image-78185 aligncenter\" src=\"https:\/\/noticiasemdestaque.com\/cd\/wp-content\/uploads\/2026\/04\/sjc-1080x1080-1-300x300.jpg\" alt=\"\" width=\"1144\" height=\"1144\" srcset=\"https:\/\/noticiasemdestaque.com\/cd\/wp-content\/uploads\/2026\/04\/sjc-1080x1080-1-300x300.jpg 300w, https:\/\/noticiasemdestaque.com\/cd\/wp-content\/uploads\/2026\/04\/sjc-1080x1080-1-1024x1024.jpg 1024w, https:\/\/noticiasemdestaque.com\/cd\/wp-content\/uploads\/2026\/04\/sjc-1080x1080-1-150x150.jpg 150w, https:\/\/noticiasemdestaque.com\/cd\/wp-content\/uploads\/2026\/04\/sjc-1080x1080-1-768x768.jpg 768w, https:\/\/noticiasemdestaque.com\/cd\/wp-content\/uploads\/2026\/04\/sjc-1080x1080-1.jpg 1080w\" sizes=\"(max-width: 1144px) 100vw, 1144px\" \/><\/a><\/p>\n<p class=\"wp-block-paragraph\">A Prefeitura de S\u00e3o Jos\u00e9 dos Cordeiros realiza, na pr\u00f3xima quarta-feira, 06 de maio, a abertura oficial do 1\u00ba Campeonato Municipal de Society 2026. O evento est\u00e1 marcado para as 19h30, no Centro de Eventos, e contar\u00e1 com a participa\u00e7\u00e3o de equipes locais e presen\u00e7a da popula\u00e7\u00e3o.<\/p>\n<p class=\"wp-block-paragraph\">A iniciativa tem como objetivo incentivar a pr\u00e1tica esportiva, promover a integra\u00e7\u00e3o entre os atletas e valorizar o esporte no munic\u00edpio. A competi\u00e7\u00e3o promete reunir talento, esp\u00edrito esportivo e momentos de emo\u00e7\u00e3o ao longo de sua realiza\u00e7\u00e3o.<\/p>\n<p class=\"wp-block-paragraph\">Durante o an\u00fancio, o prefeito Fel\u00edcio Queiroz destacou os investimentos realizados no esporte municipal, enfatizando o compromisso da gest\u00e3o com o fortalecimento das atividades esportivas e o incentivo aos atletas locais. \u201cTemos buscado ampliar os investimentos no esporte, garantindo melhores condi\u00e7\u00f5es para os atletas e incentivando a participa\u00e7\u00e3o da juventude em competi\u00e7\u00f5es que promovem sa\u00fade e inclus\u00e3o\u201d, pontuou.<\/p>\n<p class=\"wp-block-paragraph\">De acordo com a organiza\u00e7\u00e3o, o campeonato contar\u00e1 com premia\u00e7\u00f5es em dinheiro, al\u00e9m de trof\u00e9us e medalhas para os destaques da competi\u00e7\u00e3o. A gest\u00e3o municipal refor\u00e7a o convite para que a popula\u00e7\u00e3o prestigie a abertura e acompanhe o desenvolvimento do torneio.<\/p>\n<p><strong>Noticias em Destaque<\/strong><\/p>\n<p class=\"wp-block-paragraph\" style=\"text-align: right;\"><em>Fonte: Focando Para\u00edba<\/em><\/p>\n","protected":false},"excerpt":{"rendered":"<p>A Prefeitura de S\u00e3o Jos\u00e9 dos Cordeiros realiza, na pr\u00f3xima quarta-feira, 06 de maio, a abertura oficial do 1\u00ba Campeonato Municipal de Society 2026. O evento est\u00e1 marcado para as 19h30, no Centro de Eventos, e contar\u00e1 com a participa\u00e7\u00e3o de equipes locais e presen\u00e7a da popula\u00e7\u00e3o. A iniciativa tem como objetivo incentivar a pr\u00e1tica esportiva, promover a integra\u00e7\u00e3o entre os atletas e valorizar o esporte no munic\u00edpio. A competi\u00e7\u00e3o promete reunir talento, esp\u00edrito esportivo e momentos de emo\u00e7\u00e3o ao longo de sua realiza\u00e7\u00e3o. Durante o an\u00fancio, o prefeito Fel\u00edcio Queiroz destacou os investimentos realizados no esporte municipal, enfatizando o compromisso da gest\u00e3o com o fortalecimento das atividades esportivas e o incentivo aos atletas locais. \u201cTemos buscado ampliar os investimentos no esporte, garantindo melhores condi\u00e7\u00f5es para os atletas e incentivando a participa\u00e7\u00e3o da juventude em competi\u00e7\u00f5es que promovem sa\u00fade e inclus\u00e3o\u201d, pontuou. De acordo com a organiza\u00e7\u00e3o, o campeonato contar\u00e1 com premia\u00e7\u00f5es em dinheiro, al\u00e9m de trof\u00e9us e medalhas para os destaques da competi\u00e7\u00e3o. A gest\u00e3o municipal refor\u00e7a o convite para que a popula\u00e7\u00e3o prestigie a abertura e acompanhe o desenvolvimento do torneio. Noticias em Destaque Fonte: Focando Para\u00edba<\/p>\n","protected":false},"author":2,"featured_media":78185,"comment_status":"closed","ping_status":"closed","sticky":false,"template":"","format":"standard","meta":{"_eb_attr":"","_jetpack_memberships_contains_paid_content":false,"footnotes":""},"categories":[3],"tags":[],"class_list":["post-78184","post","type-post","status-publish","format-standard","has-post-thumbnail","hentry","category-cidades"],"yoast_head":"<!-- This site is optimized with the Yoast SEO plugin v26.5 - https:\/\/yoast.com\/wordpress\/plugins\/seo\/ -->\n<title>Abertura do Campeonato Municipal de Society 2026 movimenta S\u00e3o Jos\u00e9 dos Cordeiros - Not&iacute;cias em Destaque<\/title>\n<meta name=\"robots\" content=\"index, follow, max-snippet:-1, max-image-preview:large, max-video-preview:-1\" \/>\n<link rel=\"canonical\" href=\"https:\/\/noticiasemdestaque.com\/cd\/?p=78184\" \/>\n<meta property=\"og:locale\" content=\"pt_BR\" \/>\n<meta property=\"og:type\" content=\"article\" \/>\n<meta property=\"og:title\" content=\"Abertura do Campeonato Municipal de Society 2026 movimenta S\u00e3o Jos\u00e9 dos Cordeiros - Not&iacute;cias em Destaque\" \/>\n<meta property=\"og:description\" content=\"A Prefeitura de S\u00e3o Jos\u00e9 dos Cordeiros realiza, na pr\u00f3xima quarta-feira, 06 de maio, a abertura oficial do 1\u00ba Campeonato Municipal de Society 2026. O evento est\u00e1 marcado para as 19h30, no Centro de Eventos, e contar\u00e1 com a participa\u00e7\u00e3o de equipes locais e presen\u00e7a da popula\u00e7\u00e3o. A iniciativa tem como objetivo incentivar a pr\u00e1tica esportiva, promover a integra\u00e7\u00e3o entre os atletas e valorizar o esporte no munic\u00edpio. A competi\u00e7\u00e3o promete reunir talento, esp\u00edrito esportivo e momentos de emo\u00e7\u00e3o ao longo de sua realiza\u00e7\u00e3o. Durante o an\u00fancio, o prefeito Fel\u00edcio Queiroz destacou os investimentos realizados no esporte municipal, enfatizando o compromisso da gest\u00e3o com o fortalecimento das atividades esportivas e o incentivo aos atletas locais. \u201cTemos buscado ampliar os investimentos no esporte, garantindo melhores condi\u00e7\u00f5es para os atletas e incentivando a participa\u00e7\u00e3o da juventude em competi\u00e7\u00f5es que promovem sa\u00fade e inclus\u00e3o\u201d, pontuou. De acordo com a organiza\u00e7\u00e3o, o campeonato contar\u00e1 com premia\u00e7\u00f5es em dinheiro, al\u00e9m de trof\u00e9us e medalhas para os destaques da competi\u00e7\u00e3o. A gest\u00e3o municipal refor\u00e7a o convite para que a popula\u00e7\u00e3o prestigie a abertura e acompanhe o desenvolvimento do torneio. Noticias em Destaque Fonte: Focando Para\u00edba\" \/>\n<meta property=\"og:url\" content=\"https:\/\/noticiasemdestaque.com\/cd\/?p=78184\" \/>\n<meta property=\"og:site_name\" content=\"Not&iacute;cias em Destaque\" \/>\n<meta property=\"article:published_time\" content=\"2026-04-27T22:48:08+00:00\" \/>\n<meta property=\"og:image\" content=\"https:\/\/noticiasemdestaque.com\/cd\/wp-content\/uploads\/2026\/04\/sjc-1080x1080-1.jpg\" \/>\n\t<meta property=\"og:image:width\" content=\"1080\" \/>\n\t<meta property=\"og:image:height\" content=\"1080\" \/>\n\t<meta property=\"og:image:type\" content=\"image\/jpeg\" \/>\n<meta name=\"author\" content=\"Not\u00edcias em Destaque\" \/>\n<meta name=\"twitter:card\" content=\"summary_large_image\" \/>\n<meta name=\"twitter:label1\" content=\"Escrito por\" \/>\n\t<meta name=\"twitter:data1\" content=\"Not\u00edcias em Destaque\" \/>\n\t<meta name=\"twitter:label2\" content=\"Est. tempo de leitura\" \/>\n\t<meta name=\"twitter:data2\" content=\"2 minutos\" \/>\n<script type=\"application\/ld+json\" class=\"yoast-schema-graph\">{\"@context\":\"https:\/\/schema.org\",\"@graph\":[{\"@type\":\"Article\",\"@id\":\"https:\/\/noticiasemdestaque.com\/cd\/?p=78184#article\",\"isPartOf\":{\"@id\":\"https:\/\/noticiasemdestaque.com\/cd\/?p=78184\"},\"author\":{\"name\":\"Not\u00edcias em Destaque\",\"@id\":\"https:\/\/noticiasemdestaque.com\/cd\/#\/schema\/person\/45ca272b3e1246ef14ebb78a48dbb218\"},\"headline\":\"Abertura do Campeonato Municipal de Society 2026 movimenta S\u00e3o Jos\u00e9 dos Cordeiros\",\"datePublished\":\"2026-04-27T22:48:08+00:00\",\"mainEntityOfPage\":{\"@id\":\"https:\/\/noticiasemdestaque.com\/cd\/?p=78184\"},\"wordCount\":227,\"publisher\":{\"@id\":\"https:\/\/noticiasemdestaque.com\/cd\/#organization\"},\"image\":{\"@id\":\"https:\/\/noticiasemdestaque.com\/cd\/?p=78184#primaryimage\"},\"thumbnailUrl\":\"https:\/\/noticiasemdestaque.com\/cd\/wp-content\/uploads\/2026\/04\/sjc-1080x1080-1.jpg\",\"articleSection\":[\"Cidades\"],\"inLanguage\":\"pt-BR\"},{\"@type\":\"WebPage\",\"@id\":\"https:\/\/noticiasemdestaque.com\/cd\/?p=78184\",\"url\":\"https:\/\/noticiasemdestaque.com\/cd\/?p=78184\",\"name\":\"Abertura do Campeonato Municipal de Society 2026 movimenta S\u00e3o Jos\u00e9 dos Cordeiros - Not&iacute;cias em Destaque\",\"isPartOf\":{\"@id\":\"https:\/\/noticiasemdestaque.com\/cd\/#website\"},\"primaryImageOfPage\":{\"@id\":\"https:\/\/noticiasemdestaque.com\/cd\/?p=78184#primaryimage\"},\"image\":{\"@id\":\"https:\/\/noticiasemdestaque.com\/cd\/?p=78184#primaryimage\"},\"thumbnailUrl\":\"https:\/\/noticiasemdestaque.com\/cd\/wp-content\/uploads\/2026\/04\/sjc-1080x1080-1.jpg\",\"datePublished\":\"2026-04-27T22:48:08+00:00\",\"breadcrumb\":{\"@id\":\"https:\/\/noticiasemdestaque.com\/cd\/?p=78184#breadcrumb\"},\"inLanguage\":\"pt-BR\",\"potentialAction\":[{\"@type\":\"ReadAction\",\"target\":[\"https:\/\/noticiasemdestaque.com\/cd\/?p=78184\"]}]},{\"@type\":\"ImageObject\",\"inLanguage\":\"pt-BR\",\"@id\":\"https:\/\/noticiasemdestaque.com\/cd\/?p=78184#primaryimage\",\"url\":\"https:\/\/noticiasemdestaque.com\/cd\/wp-content\/uploads\/2026\/04\/sjc-1080x1080-1.jpg\",\"contentUrl\":\"https:\/\/noticiasemdestaque.com\/cd\/wp-content\/uploads\/2026\/04\/sjc-1080x1080-1.jpg\",\"width\":1080,\"height\":1080},{\"@type\":\"BreadcrumbList\",\"@id\":\"https:\/\/noticiasemdestaque.com\/cd\/?p=78184#breadcrumb\",\"itemListElement\":[{\"@type\":\"ListItem\",\"position\":1,\"name\":\"In\u00edcio\",\"item\":\"https:\/\/noticiasemdestaque.com\/cd\/\"},{\"@type\":\"ListItem\",\"position\":2,\"name\":\"Abertura do Campeonato Municipal de Society 2026 movimenta S\u00e3o Jos\u00e9 dos Cordeiros\"}]},{\"@type\":\"WebSite\",\"@id\":\"https:\/\/noticiasemdestaque.com\/cd\/#website\",\"url\":\"https:\/\/noticiasemdestaque.com\/cd\/\",\"name\":\"Not&iacute;cias em Destaque\",\"description\":\"\",\"publisher\":{\"@id\":\"https:\/\/noticiasemdestaque.com\/cd\/#organization\"},\"potentialAction\":[{\"@type\":\"SearchAction\",\"target\":{\"@type\":\"EntryPoint\",\"urlTemplate\":\"https:\/\/noticiasemdestaque.com\/cd\/?s={search_term_string}\"},\"query-input\":{\"@type\":\"PropertyValueSpecification\",\"valueRequired\":true,\"valueName\":\"search_term_string\"}}],\"inLanguage\":\"pt-BR\"},{\"@type\":\"Organization\",\"@id\":\"https:\/\/noticiasemdestaque.com\/cd\/#organization\",\"name\":\"Not\u00edcias em Destaque\",\"url\":\"https:\/\/noticiasemdestaque.com\/cd\/\",\"logo\":{\"@type\":\"ImageObject\",\"inLanguage\":\"pt-BR\",\"@id\":\"https:\/\/noticiasemdestaque.com\/cd\/#\/schema\/logo\/image\/\",\"url\":\"https:\/\/noticiasemdestaque.com\/cd\/wp-content\/uploads\/2022\/05\/imagem-base-noticiasemdestaque.png\",\"contentUrl\":\"https:\/\/noticiasemdestaque.com\/cd\/wp-content\/uploads\/2022\/05\/imagem-base-noticiasemdestaque.png\",\"width\":1200,\"height\":630,\"caption\":\"Not\u00edcias em Destaque\"},\"image\":{\"@id\":\"https:\/\/noticiasemdestaque.com\/cd\/#\/schema\/logo\/image\/\"}},{\"@type\":\"Person\",\"@id\":\"https:\/\/noticiasemdestaque.com\/cd\/#\/schema\/person\/45ca272b3e1246ef14ebb78a48dbb218\",\"name\":\"Not\u00edcias em Destaque\",\"url\":\"https:\/\/noticiasemdestaque.com\/cd\/?author=2\"}]}<\/script>\n<!-- \/ Yoast SEO plugin. -->","yoast_head_json":{"title":"Abertura do Campeonato Municipal de Society 2026 movimenta S\u00e3o Jos\u00e9 dos Cordeiros - Not&iacute;cias em Destaque","robots":{"index":"index","follow":"follow","max-snippet":"max-snippet:-1","max-image-preview":"max-image-preview:large","max-video-preview":"max-video-preview:-1"},"canonical":"https:\/\/noticiasemdestaque.com\/cd\/?p=78184","og_locale":"pt_BR","og_type":"article","og_title":"Abertura do Campeonato Municipal de Society 2026 movimenta S\u00e3o Jos\u00e9 dos Cordeiros - Not&iacute;cias em Destaque","og_description":"A Prefeitura de S\u00e3o Jos\u00e9 dos Cordeiros realiza, na pr\u00f3xima quarta-feira, 06 de maio, a abertura oficial do 1\u00ba Campeonato Municipal de Society 2026. O evento est\u00e1 marcado para as 19h30, no Centro de Eventos, e contar\u00e1 com a participa\u00e7\u00e3o de equipes locais e presen\u00e7a da popula\u00e7\u00e3o. A iniciativa tem como objetivo incentivar a pr\u00e1tica esportiva, promover a integra\u00e7\u00e3o entre os atletas e valorizar o esporte no munic\u00edpio. A competi\u00e7\u00e3o promete reunir talento, esp\u00edrito esportivo e momentos de emo\u00e7\u00e3o ao longo de sua realiza\u00e7\u00e3o. Durante o an\u00fancio, o prefeito Fel\u00edcio Queiroz destacou os investimentos realizados no esporte municipal, enfatizando o compromisso da gest\u00e3o com o fortalecimento das atividades esportivas e o incentivo aos atletas locais. \u201cTemos buscado ampliar os investimentos no esporte, garantindo melhores condi\u00e7\u00f5es para os atletas e incentivando a participa\u00e7\u00e3o da juventude em competi\u00e7\u00f5es que promovem sa\u00fade e inclus\u00e3o\u201d, pontuou. De acordo com a organiza\u00e7\u00e3o, o campeonato contar\u00e1 com premia\u00e7\u00f5es em dinheiro, al\u00e9m de trof\u00e9us e medalhas para os destaques da competi\u00e7\u00e3o. A gest\u00e3o municipal refor\u00e7a o convite para que a popula\u00e7\u00e3o prestigie a abertura e acompanhe o desenvolvimento do torneio. Noticias em Destaque Fonte: Focando Para\u00edba","og_url":"https:\/\/noticiasemdestaque.com\/cd\/?p=78184","og_site_name":"Not&iacute;cias em Destaque","article_published_time":"2026-04-27T22:48:08+00:00","og_image":[{"width":1080,"height":1080,"url":"https:\/\/noticiasemdestaque.com\/cd\/wp-content\/uploads\/2026\/04\/sjc-1080x1080-1.jpg","type":"image\/jpeg"}],"author":"Not\u00edcias em Destaque","twitter_card":"summary_large_image","twitter_misc":{"Escrito por":"Not\u00edcias em Destaque","Est. tempo de leitura":"2 minutos"},"schema":{"@context":"https:\/\/schema.org","@graph":[{"@type":"Article","@id":"https:\/\/noticiasemdestaque.com\/cd\/?p=78184#article","isPartOf":{"@id":"https:\/\/noticiasemdestaque.com\/cd\/?p=78184"},"author":{"name":"Not\u00edcias em Destaque","@id":"https:\/\/noticiasemdestaque.com\/cd\/#\/schema\/person\/45ca272b3e1246ef14ebb78a48dbb218"},"headline":"Abertura do Campeonato Municipal de Society 2026 movimenta S\u00e3o Jos\u00e9 dos Cordeiros","datePublished":"2026-04-27T22:48:08+00:00","mainEntityOfPage":{"@id":"https:\/\/noticiasemdestaque.com\/cd\/?p=78184"},"wordCount":227,"publisher":{"@id":"https:\/\/noticiasemdestaque.com\/cd\/#organization"},"image":{"@id":"https:\/\/noticiasemdestaque.com\/cd\/?p=78184#primaryimage"},"thumbnailUrl":"https:\/\/noticiasemdestaque.com\/cd\/wp-content\/uploads\/2026\/04\/sjc-1080x1080-1.jpg","articleSection":["Cidades"],"inLanguage":"pt-BR"},{"@type":"WebPage","@id":"https:\/\/noticiasemdestaque.com\/cd\/?p=78184","url":"https:\/\/noticiasemdestaque.com\/cd\/?p=78184","name":"Abertura do Campeonato Municipal de Society 2026 movimenta S\u00e3o Jos\u00e9 dos Cordeiros - Not&iacute;cias em Destaque","isPartOf":{"@id":"https:\/\/noticiasemdestaque.com\/cd\/#website"},"primaryImageOfPage":{"@id":"https:\/\/noticiasemdestaque.com\/cd\/?p=78184#primaryimage"},"image":{"@id":"https:\/\/noticiasemdestaque.com\/cd\/?p=78184#primaryimage"},"thumbnailUrl":"https:\/\/noticiasemdestaque.com\/cd\/wp-content\/uploads\/2026\/04\/sjc-1080x1080-1.jpg","datePublished":"2026-04-27T22:48:08+00:00","breadcrumb":{"@id":"https:\/\/noticiasemdestaque.com\/cd\/?p=78184#breadcrumb"},"inLanguage":"pt-BR","potentialAction":[{"@type":"ReadAction","target":["https:\/\/noticiasemdestaque.com\/cd\/?p=78184"]}]},{"@type":"ImageObject","inLanguage":"pt-BR","@id":"https:\/\/noticiasemdestaque.com\/cd\/?p=78184#primaryimage","url":"https:\/\/noticiasemdestaque.com\/cd\/wp-content\/uploads\/2026\/04\/sjc-1080x1080-1.jpg","contentUrl":"https:\/\/noticiasemdestaque.com\/cd\/wp-content\/uploads\/2026\/04\/sjc-1080x1080-1.jpg","width":1080,"height":1080},{"@type":"BreadcrumbList","@id":"https:\/\/noticiasemdestaque.com\/cd\/?p=78184#breadcrumb","itemListElement":[{"@type":"ListItem","position":1,"name":"In\u00edcio","item":"https:\/\/noticiasemdestaque.com\/cd\/"},{"@type":"ListItem","position":2,"name":"Abertura do Campeonato Municipal de Society 2026 movimenta S\u00e3o Jos\u00e9 dos Cordeiros"}]},{"@type":"WebSite","@id":"https:\/\/noticiasemdestaque.com\/cd\/#website","url":"https:\/\/noticiasemdestaque.com\/cd\/","name":"Not&iacute;cias em Destaque","description":"","publisher":{"@id":"https:\/\/noticiasemdestaque.com\/cd\/#organization"},"potentialAction":[{"@type":"SearchAction","target":{"@type":"EntryPoint","urlTemplate":"https:\/\/noticiasemdestaque.com\/cd\/?s={search_term_string}"},"query-input":{"@type":"PropertyValueSpecification","valueRequired":true,"valueName":"search_term_string"}}],"inLanguage":"pt-BR"},{"@type":"Organization","@id":"https:\/\/noticiasemdestaque.com\/cd\/#organization","name":"Not\u00edcias em Destaque","url":"https:\/\/noticiasemdestaque.com\/cd\/","logo":{"@type":"ImageObject","inLanguage":"pt-BR","@id":"https:\/\/noticiasemdestaque.com\/cd\/#\/schema\/logo\/image\/","url":"https:\/\/noticiasemdestaque.com\/cd\/wp-content\/uploads\/2022\/05\/imagem-base-noticiasemdestaque.png","contentUrl":"https:\/\/noticiasemdestaque.com\/cd\/wp-content\/uploads\/2022\/05\/imagem-base-noticiasemdestaque.png","width":1200,"height":630,"caption":"Not\u00edcias em Destaque"},"image":{"@id":"https:\/\/noticiasemdestaque.com\/cd\/#\/schema\/logo\/image\/"}},{"@type":"Person","@id":"https:\/\/noticiasemdestaque.com\/cd\/#\/schema\/person\/45ca272b3e1246ef14ebb78a48dbb218","name":"Not\u00edcias em Destaque","url":"https:\/\/noticiasemdestaque.com\/cd\/?author=2"}]}},"jetpack_featured_media_url":"https:\/\/noticiasemdestaque.com\/cd\/wp-content\/uploads\/2026\/04\/sjc-1080x1080-1.jpg","jetpack_sharing_enabled":true,"_links":{"self":[{"href":"https:\/\/noticiasemdestaque.com\/cd\/index.php?rest_route=\/wp\/v2\/posts\/78184","targetHints":{"allow":["GET"]}}],"collection":[{"href":"https:\/\/noticiasemdestaque.com\/cd\/index.php?rest_route=\/wp\/v2\/posts"}],"about":[{"href":"https:\/\/noticiasemdestaque.com\/cd\/index.php?rest_route=\/wp\/v2\/types\/post"}],"author":[{"embeddable":true,"href":"https:\/\/noticiasemdestaque.com\/cd\/index.php?rest_route=\/wp\/v2\/users\/2"}],"replies":[{"embeddable":true,"href":"https:\/\/noticiasemdestaque.com\/cd\/index.php?rest_route=%2Fwp%2Fv2%2Fcomments&post=78184"}],"version-history":[{"count":1,"href":"https:\/\/noticiasemdestaque.com\/cd\/index.php?rest_route=\/wp\/v2\/posts\/78184\/revisions"}],"predecessor-version":[{"id":78186,"href":"https:\/\/noticiasemdestaque.com\/cd\/index.php?rest_route=\/wp\/v2\/posts\/78184\/revisions\/78186"}],"wp:featuredmedia":[{"embeddable":true,"href":"https:\/\/noticiasemdestaque.com\/cd\/index.php?rest_route=\/wp\/v2\/media\/78185"}],"wp:attachment":[{"href":"https:\/\/noticiasemdestaque.com\/cd\/index.php?rest_route=%2Fwp%2Fv2%2Fmedia&parent=78184"}],"wp:term":[{"taxonomy":"category","embeddable":true,"href":"https:\/\/noticiasemdestaque.com\/cd\/index.php?rest_route=%2Fwp%2Fv2%2Fcategories&post=78184"},{"taxonomy":"post_tag","embeddable":true,"href":"https:\/\/noticiasemdestaque.com\/cd\/index.php?rest_route=%2Fwp%2Fv2%2Ftags&post=78184"}],"curies":[{"name":"wp","href":"https:\/\/api.w.org\/{rel}","templated":true}]}}