{"id":78175,"date":"2026-04-27T14:23:29","date_gmt":"2026-04-27T17:23:29","guid":{"rendered":"https:\/\/noticiasemdestaque.com\/cd\/?p=78175"},"modified":"2026-04-27T14:23:29","modified_gmt":"2026-04-27T17:23:29","slug":"homem-morre-apos-ocorrencia-de-violencia-domestica-em-monteiro","status":"publish","type":"post","link":"https:\/\/noticiasemdestaque.com\/cd\/?p=78175","title":{"rendered":"Homem morre ap\u00f3s ocorr\u00eancia de viol\u00eancia dom\u00e9stica em Monteiro"},"content":{"rendered":"<p><a href=\"https:\/\/noticiasemdestaque.com\/cd\/wp-content\/uploads\/2026\/04\/681238040_18546086707071250_1507271262557733604_n.jpg\"><img fetchpriority=\"high\" decoding=\"async\" class=\" wp-image-78176 aligncenter\" src=\"https:\/\/noticiasemdestaque.com\/cd\/wp-content\/uploads\/2026\/04\/681238040_18546086707071250_1507271262557733604_n-300x300.jpg\" alt=\"\" width=\"922\" height=\"922\" srcset=\"https:\/\/noticiasemdestaque.com\/cd\/wp-content\/uploads\/2026\/04\/681238040_18546086707071250_1507271262557733604_n-300x300.jpg 300w, https:\/\/noticiasemdestaque.com\/cd\/wp-content\/uploads\/2026\/04\/681238040_18546086707071250_1507271262557733604_n-1024x1024.jpg 1024w, https:\/\/noticiasemdestaque.com\/cd\/wp-content\/uploads\/2026\/04\/681238040_18546086707071250_1507271262557733604_n-150x150.jpg 150w, https:\/\/noticiasemdestaque.com\/cd\/wp-content\/uploads\/2026\/04\/681238040_18546086707071250_1507271262557733604_n-768x768.jpg 768w, https:\/\/noticiasemdestaque.com\/cd\/wp-content\/uploads\/2026\/04\/681238040_18546086707071250_1507271262557733604_n.jpg 1080w\" sizes=\"(max-width: 922px) 100vw, 922px\" \/><\/a><\/p>\n<p>Um homem de aproximadamente 30 anos morreu na noite deste s\u00e1bado, no munic\u00edpio de\u00a0Monteiro, no Cariri paraibano, ap\u00f3s uma ocorr\u00eancia registrada na Rua de Campina, na sa\u00edda para Campina Grande, nas proximidades de uma academia.<\/p>\n<p>De acordo com informa\u00e7\u00f5es preliminares, o caso envolve suspeitas de agress\u00e3o contra uma mulher. Durante a situa\u00e7\u00e3o, o homem passou mal, apresentando sinais de parada cardiorrespirat\u00f3ria.<\/p>\n<p>O Servi\u00e7o de Atendimento M\u00f3vel de Urg\u00eancia (SAMU) e a Pol\u00edcia foram acionados. Ao chegarem ao local, os socorristas iniciaram imediatamente as manobras de reanima\u00e7\u00e3o.<\/p>\n<p>A v\u00edtima chegou a ser encaminhada ao Hospital Regional de Monteiro, mas n\u00e3o resistiu e veio a \u00f3bito.<\/p>\n<p>As circunst\u00e2ncias do caso dever\u00e3o ser apuradas pelas autoridades competentes.<\/p>\n<p><strong>Noticias em Destaque<\/strong><\/p>\n<p style=\"text-align: right;\"><em>Com O Pipoco<\/em><\/p>\n","protected":false},"excerpt":{"rendered":"<p>Um homem de aproximadamente 30 anos morreu na noite deste s\u00e1bado, no munic\u00edpio de\u00a0Monteiro, no Cariri paraibano, ap\u00f3s uma ocorr\u00eancia registrada na Rua de Campina, na sa\u00edda para Campina Grande, nas proximidades de uma academia. De acordo com informa\u00e7\u00f5es preliminares, o caso envolve suspeitas de agress\u00e3o contra uma mulher. Durante a situa\u00e7\u00e3o, o homem passou mal, apresentando sinais de parada cardiorrespirat\u00f3ria. O Servi\u00e7o de Atendimento M\u00f3vel de Urg\u00eancia (SAMU) e a Pol\u00edcia foram acionados. Ao chegarem ao local, os socorristas iniciaram imediatamente as manobras de reanima\u00e7\u00e3o. A v\u00edtima chegou a ser encaminhada ao Hospital Regional de Monteiro, mas n\u00e3o resistiu e veio a \u00f3bito. As circunst\u00e2ncias do caso dever\u00e3o ser apuradas pelas autoridades competentes. Noticias em Destaque Com O Pipoco<\/p>\n","protected":false},"author":2,"featured_media":78176,"comment_status":"closed","ping_status":"closed","sticky":false,"template":"","format":"standard","meta":{"_eb_attr":"","_jetpack_memberships_contains_paid_content":false,"footnotes":""},"categories":[20],"tags":[],"class_list":["post-78175","post","type-post","status-publish","format-standard","has-post-thumbnail","hentry","category-policia"],"yoast_head":"<!-- This site is optimized with the Yoast SEO plugin v26.5 - https:\/\/yoast.com\/wordpress\/plugins\/seo\/ -->\n<title>Homem morre ap\u00f3s ocorr\u00eancia de viol\u00eancia dom\u00e9stica em Monteiro - Not&iacute;cias em Destaque<\/title>\n<meta name=\"robots\" content=\"index, follow, max-snippet:-1, max-image-preview:large, max-video-preview:-1\" \/>\n<link rel=\"canonical\" href=\"https:\/\/noticiasemdestaque.com\/cd\/?p=78175\" \/>\n<meta property=\"og:locale\" content=\"pt_BR\" \/>\n<meta property=\"og:type\" content=\"article\" \/>\n<meta property=\"og:title\" content=\"Homem morre ap\u00f3s ocorr\u00eancia de viol\u00eancia dom\u00e9stica em Monteiro - Not&iacute;cias em Destaque\" \/>\n<meta property=\"og:description\" content=\"Um homem de aproximadamente 30 anos morreu na noite deste s\u00e1bado, no munic\u00edpio de\u00a0Monteiro, no Cariri paraibano, ap\u00f3s uma ocorr\u00eancia registrada na Rua de Campina, na sa\u00edda para Campina Grande, nas proximidades de uma academia. De acordo com informa\u00e7\u00f5es preliminares, o caso envolve suspeitas de agress\u00e3o contra uma mulher. Durante a situa\u00e7\u00e3o, o homem passou mal, apresentando sinais de parada cardiorrespirat\u00f3ria. O Servi\u00e7o de Atendimento M\u00f3vel de Urg\u00eancia (SAMU) e a Pol\u00edcia foram acionados. Ao chegarem ao local, os socorristas iniciaram imediatamente as manobras de reanima\u00e7\u00e3o. A v\u00edtima chegou a ser encaminhada ao Hospital Regional de Monteiro, mas n\u00e3o resistiu e veio a \u00f3bito. As circunst\u00e2ncias do caso dever\u00e3o ser apuradas pelas autoridades competentes. Noticias em Destaque Com O Pipoco\" \/>\n<meta property=\"og:url\" content=\"https:\/\/noticiasemdestaque.com\/cd\/?p=78175\" \/>\n<meta property=\"og:site_name\" content=\"Not&iacute;cias em Destaque\" \/>\n<meta property=\"article:published_time\" content=\"2026-04-27T17:23:29+00:00\" \/>\n<meta property=\"og:image\" content=\"https:\/\/noticiasemdestaque.com\/cd\/wp-content\/uploads\/2026\/04\/681238040_18546086707071250_1507271262557733604_n.jpg\" \/>\n\t<meta property=\"og:image:width\" content=\"1080\" \/>\n\t<meta property=\"og:image:height\" content=\"1080\" \/>\n\t<meta property=\"og:image:type\" content=\"image\/jpeg\" \/>\n<meta name=\"author\" content=\"Not\u00edcias em Destaque\" \/>\n<meta name=\"twitter:card\" content=\"summary_large_image\" \/>\n<meta name=\"twitter:label1\" content=\"Escrito por\" \/>\n\t<meta name=\"twitter:data1\" content=\"Not\u00edcias em Destaque\" \/>\n\t<meta name=\"twitter:label2\" content=\"Est. tempo de leitura\" \/>\n\t<meta name=\"twitter:data2\" content=\"1 minuto\" \/>\n<script type=\"application\/ld+json\" class=\"yoast-schema-graph\">{\"@context\":\"https:\/\/schema.org\",\"@graph\":[{\"@type\":\"Article\",\"@id\":\"https:\/\/noticiasemdestaque.com\/cd\/?p=78175#article\",\"isPartOf\":{\"@id\":\"https:\/\/noticiasemdestaque.com\/cd\/?p=78175\"},\"author\":{\"name\":\"Not\u00edcias em Destaque\",\"@id\":\"https:\/\/noticiasemdestaque.com\/cd\/#\/schema\/person\/4a81fb71f77579d059c3045891fa1786\"},\"headline\":\"Homem morre ap\u00f3s ocorr\u00eancia de viol\u00eancia dom\u00e9stica em Monteiro\",\"datePublished\":\"2026-04-27T17:23:29+00:00\",\"mainEntityOfPage\":{\"@id\":\"https:\/\/noticiasemdestaque.com\/cd\/?p=78175\"},\"wordCount\":151,\"publisher\":{\"@id\":\"https:\/\/noticiasemdestaque.com\/cd\/#organization\"},\"image\":{\"@id\":\"https:\/\/noticiasemdestaque.com\/cd\/?p=78175#primaryimage\"},\"thumbnailUrl\":\"https:\/\/noticiasemdestaque.com\/cd\/wp-content\/uploads\/2026\/04\/681238040_18546086707071250_1507271262557733604_n.jpg\",\"articleSection\":[\"Pol\u00edcia\"],\"inLanguage\":\"pt-BR\"},{\"@type\":\"WebPage\",\"@id\":\"https:\/\/noticiasemdestaque.com\/cd\/?p=78175\",\"url\":\"https:\/\/noticiasemdestaque.com\/cd\/?p=78175\",\"name\":\"Homem morre ap\u00f3s ocorr\u00eancia de viol\u00eancia dom\u00e9stica em Monteiro - Not&iacute;cias em Destaque\",\"isPartOf\":{\"@id\":\"https:\/\/noticiasemdestaque.com\/cd\/#website\"},\"primaryImageOfPage\":{\"@id\":\"https:\/\/noticiasemdestaque.com\/cd\/?p=78175#primaryimage\"},\"image\":{\"@id\":\"https:\/\/noticiasemdestaque.com\/cd\/?p=78175#primaryimage\"},\"thumbnailUrl\":\"https:\/\/noticiasemdestaque.com\/cd\/wp-content\/uploads\/2026\/04\/681238040_18546086707071250_1507271262557733604_n.jpg\",\"datePublished\":\"2026-04-27T17:23:29+00:00\",\"breadcrumb\":{\"@id\":\"https:\/\/noticiasemdestaque.com\/cd\/?p=78175#breadcrumb\"},\"inLanguage\":\"pt-BR\",\"potentialAction\":[{\"@type\":\"ReadAction\",\"target\":[\"https:\/\/noticiasemdestaque.com\/cd\/?p=78175\"]}]},{\"@type\":\"ImageObject\",\"inLanguage\":\"pt-BR\",\"@id\":\"https:\/\/noticiasemdestaque.com\/cd\/?p=78175#primaryimage\",\"url\":\"https:\/\/noticiasemdestaque.com\/cd\/wp-content\/uploads\/2026\/04\/681238040_18546086707071250_1507271262557733604_n.jpg\",\"contentUrl\":\"https:\/\/noticiasemdestaque.com\/cd\/wp-content\/uploads\/2026\/04\/681238040_18546086707071250_1507271262557733604_n.jpg\",\"width\":1080,\"height\":1080},{\"@type\":\"BreadcrumbList\",\"@id\":\"https:\/\/noticiasemdestaque.com\/cd\/?p=78175#breadcrumb\",\"itemListElement\":[{\"@type\":\"ListItem\",\"position\":1,\"name\":\"In\u00edcio\",\"item\":\"https:\/\/noticiasemdestaque.com\/cd\/\"},{\"@type\":\"ListItem\",\"position\":2,\"name\":\"Homem morre ap\u00f3s ocorr\u00eancia de viol\u00eancia dom\u00e9stica em Monteiro\"}]},{\"@type\":\"WebSite\",\"@id\":\"https:\/\/noticiasemdestaque.com\/cd\/#website\",\"url\":\"https:\/\/noticiasemdestaque.com\/cd\/\",\"name\":\"Not&iacute;cias em Destaque\",\"description\":\"\",\"publisher\":{\"@id\":\"https:\/\/noticiasemdestaque.com\/cd\/#organization\"},\"potentialAction\":[{\"@type\":\"SearchAction\",\"target\":{\"@type\":\"EntryPoint\",\"urlTemplate\":\"https:\/\/noticiasemdestaque.com\/cd\/?s={search_term_string}\"},\"query-input\":{\"@type\":\"PropertyValueSpecification\",\"valueRequired\":true,\"valueName\":\"search_term_string\"}}],\"inLanguage\":\"pt-BR\"},{\"@type\":\"Organization\",\"@id\":\"https:\/\/noticiasemdestaque.com\/cd\/#organization\",\"name\":\"Not\u00edcias em Destaque\",\"url\":\"https:\/\/noticiasemdestaque.com\/cd\/\",\"logo\":{\"@type\":\"ImageObject\",\"inLanguage\":\"pt-BR\",\"@id\":\"https:\/\/noticiasemdestaque.com\/cd\/#\/schema\/logo\/image\/\",\"url\":\"https:\/\/noticiasemdestaque.com\/cd\/wp-content\/uploads\/2022\/05\/imagem-base-noticiasemdestaque.png\",\"contentUrl\":\"https:\/\/noticiasemdestaque.com\/cd\/wp-content\/uploads\/2022\/05\/imagem-base-noticiasemdestaque.png\",\"width\":1200,\"height\":630,\"caption\":\"Not\u00edcias em Destaque\"},\"image\":{\"@id\":\"https:\/\/noticiasemdestaque.com\/cd\/#\/schema\/logo\/image\/\"}},{\"@type\":\"Person\",\"@id\":\"https:\/\/noticiasemdestaque.com\/cd\/#\/schema\/person\/4a81fb71f77579d059c3045891fa1786\",\"name\":\"Not\u00edcias em Destaque\",\"url\":\"https:\/\/noticiasemdestaque.com\/cd\/?author=2\"}]}<\/script>\n<!-- \/ Yoast SEO plugin. -->","yoast_head_json":{"title":"Homem morre ap\u00f3s ocorr\u00eancia de viol\u00eancia dom\u00e9stica em Monteiro - Not&iacute;cias em Destaque","robots":{"index":"index","follow":"follow","max-snippet":"max-snippet:-1","max-image-preview":"max-image-preview:large","max-video-preview":"max-video-preview:-1"},"canonical":"https:\/\/noticiasemdestaque.com\/cd\/?p=78175","og_locale":"pt_BR","og_type":"article","og_title":"Homem morre ap\u00f3s ocorr\u00eancia de viol\u00eancia dom\u00e9stica em Monteiro - Not&iacute;cias em Destaque","og_description":"Um homem de aproximadamente 30 anos morreu na noite deste s\u00e1bado, no munic\u00edpio de\u00a0Monteiro, no Cariri paraibano, ap\u00f3s uma ocorr\u00eancia registrada na Rua de Campina, na sa\u00edda para Campina Grande, nas proximidades de uma academia. De acordo com informa\u00e7\u00f5es preliminares, o caso envolve suspeitas de agress\u00e3o contra uma mulher. Durante a situa\u00e7\u00e3o, o homem passou mal, apresentando sinais de parada cardiorrespirat\u00f3ria. O Servi\u00e7o de Atendimento M\u00f3vel de Urg\u00eancia (SAMU) e a Pol\u00edcia foram acionados. Ao chegarem ao local, os socorristas iniciaram imediatamente as manobras de reanima\u00e7\u00e3o. A v\u00edtima chegou a ser encaminhada ao Hospital Regional de Monteiro, mas n\u00e3o resistiu e veio a \u00f3bito. As circunst\u00e2ncias do caso dever\u00e3o ser apuradas pelas autoridades competentes. Noticias em Destaque Com O Pipoco","og_url":"https:\/\/noticiasemdestaque.com\/cd\/?p=78175","og_site_name":"Not&iacute;cias em Destaque","article_published_time":"2026-04-27T17:23:29+00:00","og_image":[{"width":1080,"height":1080,"url":"https:\/\/noticiasemdestaque.com\/cd\/wp-content\/uploads\/2026\/04\/681238040_18546086707071250_1507271262557733604_n.jpg","type":"image\/jpeg"}],"author":"Not\u00edcias em Destaque","twitter_card":"summary_large_image","twitter_misc":{"Escrito por":"Not\u00edcias em Destaque","Est. tempo de leitura":"1 minuto"},"schema":{"@context":"https:\/\/schema.org","@graph":[{"@type":"Article","@id":"https:\/\/noticiasemdestaque.com\/cd\/?p=78175#article","isPartOf":{"@id":"https:\/\/noticiasemdestaque.com\/cd\/?p=78175"},"author":{"name":"Not\u00edcias em Destaque","@id":"https:\/\/noticiasemdestaque.com\/cd\/#\/schema\/person\/4a81fb71f77579d059c3045891fa1786"},"headline":"Homem morre ap\u00f3s ocorr\u00eancia de viol\u00eancia dom\u00e9stica em Monteiro","datePublished":"2026-04-27T17:23:29+00:00","mainEntityOfPage":{"@id":"https:\/\/noticiasemdestaque.com\/cd\/?p=78175"},"wordCount":151,"publisher":{"@id":"https:\/\/noticiasemdestaque.com\/cd\/#organization"},"image":{"@id":"https:\/\/noticiasemdestaque.com\/cd\/?p=78175#primaryimage"},"thumbnailUrl":"https:\/\/noticiasemdestaque.com\/cd\/wp-content\/uploads\/2026\/04\/681238040_18546086707071250_1507271262557733604_n.jpg","articleSection":["Pol\u00edcia"],"inLanguage":"pt-BR"},{"@type":"WebPage","@id":"https:\/\/noticiasemdestaque.com\/cd\/?p=78175","url":"https:\/\/noticiasemdestaque.com\/cd\/?p=78175","name":"Homem morre ap\u00f3s ocorr\u00eancia de viol\u00eancia dom\u00e9stica em Monteiro - Not&iacute;cias em Destaque","isPartOf":{"@id":"https:\/\/noticiasemdestaque.com\/cd\/#website"},"primaryImageOfPage":{"@id":"https:\/\/noticiasemdestaque.com\/cd\/?p=78175#primaryimage"},"image":{"@id":"https:\/\/noticiasemdestaque.com\/cd\/?p=78175#primaryimage"},"thumbnailUrl":"https:\/\/noticiasemdestaque.com\/cd\/wp-content\/uploads\/2026\/04\/681238040_18546086707071250_1507271262557733604_n.jpg","datePublished":"2026-04-27T17:23:29+00:00","breadcrumb":{"@id":"https:\/\/noticiasemdestaque.com\/cd\/?p=78175#breadcrumb"},"inLanguage":"pt-BR","potentialAction":[{"@type":"ReadAction","target":["https:\/\/noticiasemdestaque.com\/cd\/?p=78175"]}]},{"@type":"ImageObject","inLanguage":"pt-BR","@id":"https:\/\/noticiasemdestaque.com\/cd\/?p=78175#primaryimage","url":"https:\/\/noticiasemdestaque.com\/cd\/wp-content\/uploads\/2026\/04\/681238040_18546086707071250_1507271262557733604_n.jpg","contentUrl":"https:\/\/noticiasemdestaque.com\/cd\/wp-content\/uploads\/2026\/04\/681238040_18546086707071250_1507271262557733604_n.jpg","width":1080,"height":1080},{"@type":"BreadcrumbList","@id":"https:\/\/noticiasemdestaque.com\/cd\/?p=78175#breadcrumb","itemListElement":[{"@type":"ListItem","position":1,"name":"In\u00edcio","item":"https:\/\/noticiasemdestaque.com\/cd\/"},{"@type":"ListItem","position":2,"name":"Homem morre ap\u00f3s ocorr\u00eancia de viol\u00eancia dom\u00e9stica em Monteiro"}]},{"@type":"WebSite","@id":"https:\/\/noticiasemdestaque.com\/cd\/#website","url":"https:\/\/noticiasemdestaque.com\/cd\/","name":"Not&iacute;cias em Destaque","description":"","publisher":{"@id":"https:\/\/noticiasemdestaque.com\/cd\/#organization"},"potentialAction":[{"@type":"SearchAction","target":{"@type":"EntryPoint","urlTemplate":"https:\/\/noticiasemdestaque.com\/cd\/?s={search_term_string}"},"query-input":{"@type":"PropertyValueSpecification","valueRequired":true,"valueName":"search_term_string"}}],"inLanguage":"pt-BR"},{"@type":"Organization","@id":"https:\/\/noticiasemdestaque.com\/cd\/#organization","name":"Not\u00edcias em Destaque","url":"https:\/\/noticiasemdestaque.com\/cd\/","logo":{"@type":"ImageObject","inLanguage":"pt-BR","@id":"https:\/\/noticiasemdestaque.com\/cd\/#\/schema\/logo\/image\/","url":"https:\/\/noticiasemdestaque.com\/cd\/wp-content\/uploads\/2022\/05\/imagem-base-noticiasemdestaque.png","contentUrl":"https:\/\/noticiasemdestaque.com\/cd\/wp-content\/uploads\/2022\/05\/imagem-base-noticiasemdestaque.png","width":1200,"height":630,"caption":"Not\u00edcias em Destaque"},"image":{"@id":"https:\/\/noticiasemdestaque.com\/cd\/#\/schema\/logo\/image\/"}},{"@type":"Person","@id":"https:\/\/noticiasemdestaque.com\/cd\/#\/schema\/person\/4a81fb71f77579d059c3045891fa1786","name":"Not\u00edcias em Destaque","url":"https:\/\/noticiasemdestaque.com\/cd\/?author=2"}]}},"jetpack_featured_media_url":"https:\/\/noticiasemdestaque.com\/cd\/wp-content\/uploads\/2026\/04\/681238040_18546086707071250_1507271262557733604_n.jpg","jetpack_sharing_enabled":true,"_links":{"self":[{"href":"https:\/\/noticiasemdestaque.com\/cd\/index.php?rest_route=\/wp\/v2\/posts\/78175","targetHints":{"allow":["GET"]}}],"collection":[{"href":"https:\/\/noticiasemdestaque.com\/cd\/index.php?rest_route=\/wp\/v2\/posts"}],"about":[{"href":"https:\/\/noticiasemdestaque.com\/cd\/index.php?rest_route=\/wp\/v2\/types\/post"}],"author":[{"embeddable":true,"href":"https:\/\/noticiasemdestaque.com\/cd\/index.php?rest_route=\/wp\/v2\/users\/2"}],"replies":[{"embeddable":true,"href":"https:\/\/noticiasemdestaque.com\/cd\/index.php?rest_route=%2Fwp%2Fv2%2Fcomments&post=78175"}],"version-history":[{"count":1,"href":"https:\/\/noticiasemdestaque.com\/cd\/index.php?rest_route=\/wp\/v2\/posts\/78175\/revisions"}],"predecessor-version":[{"id":78177,"href":"https:\/\/noticiasemdestaque.com\/cd\/index.php?rest_route=\/wp\/v2\/posts\/78175\/revisions\/78177"}],"wp:featuredmedia":[{"embeddable":true,"href":"https:\/\/noticiasemdestaque.com\/cd\/index.php?rest_route=\/wp\/v2\/media\/78176"}],"wp:attachment":[{"href":"https:\/\/noticiasemdestaque.com\/cd\/index.php?rest_route=%2Fwp%2Fv2%2Fmedia&parent=78175"}],"wp:term":[{"taxonomy":"category","embeddable":true,"href":"https:\/\/noticiasemdestaque.com\/cd\/index.php?rest_route=%2Fwp%2Fv2%2Fcategories&post=78175"},{"taxonomy":"post_tag","embeddable":true,"href":"https:\/\/noticiasemdestaque.com\/cd\/index.php?rest_route=%2Fwp%2Fv2%2Ftags&post=78175"}],"curies":[{"name":"wp","href":"https:\/\/api.w.org\/{rel}","templated":true}]}}