{"id":78172,"date":"2026-04-27T12:09:55","date_gmt":"2026-04-27T15:09:55","guid":{"rendered":"https:\/\/noticiasemdestaque.com\/cd\/?p=78172"},"modified":"2026-04-27T12:09:55","modified_gmt":"2026-04-27T15:09:55","slug":"cicero-lucena-confirma-diogo-cunha-lima-como-pre-candidato-a-vice-governador-da-paraiba","status":"publish","type":"post","link":"https:\/\/noticiasemdestaque.com\/cd\/?p=78172","title":{"rendered":"C\u00edcero Lucena confirma Diogo Cunha Lima como pr\u00e9-candidato a vice-governador da Para\u00edba"},"content":{"rendered":"<p data-start=\"551\" data-end=\"804\"><a href=\"https:\/\/noticiasemdestaque.com\/cd\/wp-content\/uploads\/2026\/04\/Screenshot_20260427_114600_WhatsApp-scaled-e1777301424458.webp\"><img fetchpriority=\"high\" decoding=\"async\" class=\" wp-image-78173 aligncenter\" src=\"https:\/\/noticiasemdestaque.com\/cd\/wp-content\/uploads\/2026\/04\/Screenshot_20260427_114600_WhatsApp-scaled-e1777301424458-300x164.webp\" alt=\"\" width=\"1162\" height=\"635\" srcset=\"https:\/\/noticiasemdestaque.com\/cd\/wp-content\/uploads\/2026\/04\/Screenshot_20260427_114600_WhatsApp-scaled-e1777301424458-300x164.webp 300w, https:\/\/noticiasemdestaque.com\/cd\/wp-content\/uploads\/2026\/04\/Screenshot_20260427_114600_WhatsApp-scaled-e1777301424458-1024x560.webp 1024w, https:\/\/noticiasemdestaque.com\/cd\/wp-content\/uploads\/2026\/04\/Screenshot_20260427_114600_WhatsApp-scaled-e1777301424458-768x420.webp 768w, https:\/\/noticiasemdestaque.com\/cd\/wp-content\/uploads\/2026\/04\/Screenshot_20260427_114600_WhatsApp-scaled-e1777301424458-1536x840.webp 1536w, https:\/\/noticiasemdestaque.com\/cd\/wp-content\/uploads\/2026\/04\/Screenshot_20260427_114600_WhatsApp-scaled-e1777301424458-2048x1120.webp 2048w\" sizes=\"(max-width: 1162px) 100vw, 1162px\" \/><\/a><\/p>\n<p data-start=\"551\" data-end=\"804\">O ex-prefeito de\u00a0<strong><a href=\"https:\/\/www.joaopessoa.pb.gov.br\/\">Jo\u00e3o Pessoa<\/a><\/strong>,\u00a0<strong><a href=\"https:\/\/www.instagram.com\/cicerolucena\/\">C\u00edcero Lucena<\/a><\/strong>\u00a0(<a href=\"https:\/\/www.mdb.org.br\/\"><strong>MDB<\/strong><\/a>), confirmou nesta segunda-feira (27) a escolha do empres\u00e1rio\u00a0<a href=\"https:\/\/www.instagram.com\/diogoclima\/\"><strong>Diogo Cunha Lima<\/strong><\/a>\u00a0(<strong><a href=\"https:\/\/psd.org.br\/\">PSD<\/a><\/strong>) como pr\u00e9-candidato a vice-governador na chapa que disputar\u00e1 o\u00a0<strong><a href=\"https:\/\/paraiba.pb.gov.br\/\">Governo da Para\u00edba<\/a>\u00a0<\/strong>nas elei\u00e7\u00f5es de outubro. O an\u00fancio, feito durante coletiva de imprensa, consolida a forma\u00e7\u00e3o da chapa majorit\u00e1ria liderada por C\u00edcero e marca mais um movimento estrat\u00e9gico na disputa pelo Pal\u00e1cio da Reden\u00e7\u00e3o.<\/p>\n<p data-start=\"991\" data-end=\"1167\">Em declara\u00e7\u00e3o, C\u00edcero destacou a constru\u00e7\u00e3o conjunta do projeto pol\u00edtico e afirmou que a escolha representa a continuidade de uma trajet\u00f3ria de alian\u00e7as e gest\u00e3o compartilhada. \u201cDefinimos o programa de governo juntos, estamos administrando ideias e colhendo resultados que podem ser ampliados para toda a Para\u00edba. Tivemos muitos nomes qualificados nesse processo, mas, para minha alegria e satisfa\u00e7\u00e3o, comunico \u00e0 Para\u00edba que o nosso companheiro de chapa \u00e9 Diogo Cunha Lima\u201d, afirmou.<\/p>\n<p data-start=\"1521\" data-end=\"1716\">Nos bastidores, aliados do grupo avaliam que a escolha de Diogo tem forte peso estrat\u00e9gico, especialmente pelo v\u00ednculo do empres\u00e1rio com Campina Grande, segundo maior col\u00e9gio eleitoral do estado.<\/p>\n<p data-start=\"1718\" data-end=\"1899\">A avalia\u00e7\u00e3o interna \u00e9 de que a composi\u00e7\u00e3o busca fortalecer a presen\u00e7a da chapa na regi\u00e3o e ampliar o di\u00e1logo com diferentes segmentos pol\u00edticos, inclusive setores da oposi\u00e7\u00e3o local. Al\u00e9m disso, a movimenta\u00e7\u00e3o \u00e9 vista como uma tentativa de consolidar competitividade eleitoral em uma \u00e1rea considerada decisiva para o resultado da disputa estadual.<\/p>\n<h3 data-section-id=\"7ye76x\" data-start=\"2067\" data-end=\"2105\">Reedi\u00e7\u00e3o de um movimento hist\u00f3rico<\/h3>\n<p data-start=\"2107\" data-end=\"2422\">Aliados tamb\u00e9m fazem uma leitura simb\u00f3lica da escolha, lembrando a elei\u00e7\u00e3o de 1990, quando o ent\u00e3o empres\u00e1rio da constru\u00e7\u00e3o civil C\u00edcero Lucena, natural de\u00a0<strong><a href=\"https:\/\/www.saojosedepiranhas.pb.gov.br\/\">S\u00e3o Jos\u00e9 de Piranhas<\/a><\/strong>, integrou a chapa encabe\u00e7ada pelo ex-prefeito de Campina Grande,\u00a0<strong><a href=\"https:\/\/www.instagram.com\/poeta_ronaldocunhalima\/\"><span class=\"hover:entity-accent entity-underline inline cursor-pointer align-baseline\"><span class=\"whitespace-normal\">Ronaldo Cunha Lima<\/span><\/span><\/a><\/strong>, na disputa pelo Governo do Estado.<\/p>\n<p data-start=\"2424\" data-end=\"2612\">A compara\u00e7\u00e3o \u00e9 usada como refer\u00eancia pol\u00edtica para refor\u00e7ar a estrat\u00e9gia de aproxima\u00e7\u00e3o entre lideran\u00e7as da capital e de Campina Grande, em uma tentativa de ampliar capilaridade eleitoral.<\/p>\n<p data-start=\"2650\" data-end=\"2913\">Nas \u00faltimas semanas, Diogo Cunha Lima j\u00e1 vinha aparecendo em eventos p\u00fablicos ao lado de C\u00edcero Lucena, o que refor\u00e7ou os sinais de alinhamento pol\u00edtico entre ambos. A confirma\u00e7\u00e3o oficial apenas consolida uma articula\u00e7\u00e3o que vinha sendo constru\u00edda nos bastidores.<\/p>\n<p data-start=\"2915\" data-end=\"3060\">A expectativa do grupo \u00e9 de que a nova composi\u00e7\u00e3o ajude a impulsionar a pr\u00e9-campanha e fortale\u00e7a a presen\u00e7a da chapa em regi\u00f5es-chave da Para\u00edba.<\/p>\n<p data-start=\"3062\" data-end=\"3280\" data-is-last-node=\"\" data-is-only-node=\"\">Com a defini\u00e7\u00e3o, a chapa de C\u00edcero avan\u00e7a na estrutura\u00e7\u00e3o para a disputa de 2026, em um cen\u00e1rio que j\u00e1 conta com outras movimenta\u00e7\u00f5es importantes no campo pol\u00edtico estadual e deve ganhar intensidade nos pr\u00f3ximos meses.<\/p>\n<p data-start=\"3062\" data-end=\"3280\" data-is-last-node=\"\" data-is-only-node=\"\"><strong>Noticias em Destaque<\/strong><\/p>\n<p style=\"text-align: right;\" data-start=\"3062\" data-end=\"3280\" data-is-last-node=\"\" data-is-only-node=\"\"><em>Fonte: Fonte83<\/em><\/p>\n","protected":false},"excerpt":{"rendered":"<p>O ex-prefeito de\u00a0Jo\u00e3o Pessoa,\u00a0C\u00edcero Lucena\u00a0(MDB), confirmou nesta segunda-feira (27) a escolha do empres\u00e1rio\u00a0Diogo Cunha Lima\u00a0(PSD) como pr\u00e9-candidato a vice-governador na chapa que disputar\u00e1 o\u00a0Governo da Para\u00edba\u00a0nas elei\u00e7\u00f5es de outubro. O an\u00fancio, feito durante coletiva de imprensa, consolida a forma\u00e7\u00e3o da chapa majorit\u00e1ria liderada por C\u00edcero e marca mais um movimento estrat\u00e9gico na disputa pelo Pal\u00e1cio da Reden\u00e7\u00e3o. Em declara\u00e7\u00e3o, C\u00edcero destacou a constru\u00e7\u00e3o conjunta do projeto pol\u00edtico e afirmou que a escolha representa a continuidade de uma trajet\u00f3ria de alian\u00e7as e gest\u00e3o compartilhada. \u201cDefinimos o programa de governo juntos, estamos administrando ideias e colhendo resultados que podem ser ampliados para toda a Para\u00edba. Tivemos muitos nomes qualificados nesse processo, mas, para minha alegria e satisfa\u00e7\u00e3o, comunico \u00e0 Para\u00edba que o nosso companheiro de chapa \u00e9 Diogo Cunha Lima\u201d, afirmou. Nos bastidores, aliados do grupo avaliam que a escolha de Diogo tem forte peso estrat\u00e9gico, especialmente pelo v\u00ednculo do empres\u00e1rio com Campina Grande, segundo maior col\u00e9gio eleitoral do estado. A avalia\u00e7\u00e3o interna \u00e9 de que a composi\u00e7\u00e3o busca fortalecer a presen\u00e7a da chapa na regi\u00e3o e ampliar o di\u00e1logo com diferentes segmentos pol\u00edticos, inclusive setores da oposi\u00e7\u00e3o local. Al\u00e9m disso, a movimenta\u00e7\u00e3o \u00e9 vista como uma tentativa de consolidar competitividade eleitoral em uma \u00e1rea considerada decisiva para o resultado da disputa estadual. Reedi\u00e7\u00e3o de um movimento hist\u00f3rico Aliados tamb\u00e9m fazem uma leitura simb\u00f3lica da escolha, lembrando a elei\u00e7\u00e3o de 1990, quando o ent\u00e3o empres\u00e1rio da constru\u00e7\u00e3o civil C\u00edcero Lucena, natural de\u00a0S\u00e3o Jos\u00e9 de Piranhas, integrou a chapa encabe\u00e7ada pelo ex-prefeito de Campina Grande,\u00a0Ronaldo Cunha Lima, na disputa pelo Governo do Estado. A compara\u00e7\u00e3o \u00e9 usada como refer\u00eancia pol\u00edtica para refor\u00e7ar a estrat\u00e9gia de aproxima\u00e7\u00e3o entre lideran\u00e7as da capital e de Campina Grande, em uma tentativa de ampliar capilaridade eleitoral. Nas \u00faltimas semanas, Diogo Cunha Lima j\u00e1 vinha aparecendo em eventos p\u00fablicos ao lado de C\u00edcero Lucena, o que refor\u00e7ou os sinais de alinhamento pol\u00edtico entre ambos. A confirma\u00e7\u00e3o oficial apenas consolida uma articula\u00e7\u00e3o que vinha sendo constru\u00edda nos bastidores. A expectativa do grupo \u00e9 de que a nova composi\u00e7\u00e3o ajude a impulsionar a pr\u00e9-campanha e fortale\u00e7a a presen\u00e7a da chapa em regi\u00f5es-chave da Para\u00edba. Com a defini\u00e7\u00e3o, a chapa de C\u00edcero avan\u00e7a na estrutura\u00e7\u00e3o para a disputa de 2026, em um cen\u00e1rio que j\u00e1 conta com outras movimenta\u00e7\u00f5es importantes no campo pol\u00edtico estadual e deve ganhar intensidade nos pr\u00f3ximos meses. Noticias em Destaque Fonte: Fonte83<\/p>\n","protected":false},"author":2,"featured_media":78173,"comment_status":"closed","ping_status":"closed","sticky":false,"template":"","format":"standard","meta":{"_eb_attr":"","_jetpack_memberships_contains_paid_content":false,"footnotes":""},"categories":[4],"tags":[],"class_list":["post-78172","post","type-post","status-publish","format-standard","has-post-thumbnail","hentry","category-politica"],"yoast_head":"<!-- This site is optimized with the Yoast SEO plugin v26.5 - https:\/\/yoast.com\/wordpress\/plugins\/seo\/ -->\n<title>C\u00edcero Lucena confirma Diogo Cunha Lima como pr\u00e9-candidato a vice-governador da Para\u00edba - Not&iacute;cias em Destaque<\/title>\n<meta name=\"robots\" content=\"index, follow, max-snippet:-1, max-image-preview:large, max-video-preview:-1\" \/>\n<link rel=\"canonical\" href=\"https:\/\/noticiasemdestaque.com\/cd\/?p=78172\" \/>\n<meta property=\"og:locale\" content=\"pt_BR\" \/>\n<meta property=\"og:type\" content=\"article\" \/>\n<meta property=\"og:title\" content=\"C\u00edcero Lucena confirma Diogo Cunha Lima como pr\u00e9-candidato a vice-governador da Para\u00edba - Not&iacute;cias em Destaque\" \/>\n<meta property=\"og:description\" content=\"O ex-prefeito de\u00a0Jo\u00e3o Pessoa,\u00a0C\u00edcero Lucena\u00a0(MDB), confirmou nesta segunda-feira (27) a escolha do empres\u00e1rio\u00a0Diogo Cunha Lima\u00a0(PSD) como pr\u00e9-candidato a vice-governador na chapa que disputar\u00e1 o\u00a0Governo da Para\u00edba\u00a0nas elei\u00e7\u00f5es de outubro. O an\u00fancio, feito durante coletiva de imprensa, consolida a forma\u00e7\u00e3o da chapa majorit\u00e1ria liderada por C\u00edcero e marca mais um movimento estrat\u00e9gico na disputa pelo Pal\u00e1cio da Reden\u00e7\u00e3o. Em declara\u00e7\u00e3o, C\u00edcero destacou a constru\u00e7\u00e3o conjunta do projeto pol\u00edtico e afirmou que a escolha representa a continuidade de uma trajet\u00f3ria de alian\u00e7as e gest\u00e3o compartilhada. \u201cDefinimos o programa de governo juntos, estamos administrando ideias e colhendo resultados que podem ser ampliados para toda a Para\u00edba. Tivemos muitos nomes qualificados nesse processo, mas, para minha alegria e satisfa\u00e7\u00e3o, comunico \u00e0 Para\u00edba que o nosso companheiro de chapa \u00e9 Diogo Cunha Lima\u201d, afirmou. Nos bastidores, aliados do grupo avaliam que a escolha de Diogo tem forte peso estrat\u00e9gico, especialmente pelo v\u00ednculo do empres\u00e1rio com Campina Grande, segundo maior col\u00e9gio eleitoral do estado. A avalia\u00e7\u00e3o interna \u00e9 de que a composi\u00e7\u00e3o busca fortalecer a presen\u00e7a da chapa na regi\u00e3o e ampliar o di\u00e1logo com diferentes segmentos pol\u00edticos, inclusive setores da oposi\u00e7\u00e3o local. Al\u00e9m disso, a movimenta\u00e7\u00e3o \u00e9 vista como uma tentativa de consolidar competitividade eleitoral em uma \u00e1rea considerada decisiva para o resultado da disputa estadual. Reedi\u00e7\u00e3o de um movimento hist\u00f3rico Aliados tamb\u00e9m fazem uma leitura simb\u00f3lica da escolha, lembrando a elei\u00e7\u00e3o de 1990, quando o ent\u00e3o empres\u00e1rio da constru\u00e7\u00e3o civil C\u00edcero Lucena, natural de\u00a0S\u00e3o Jos\u00e9 de Piranhas, integrou a chapa encabe\u00e7ada pelo ex-prefeito de Campina Grande,\u00a0Ronaldo Cunha Lima, na disputa pelo Governo do Estado. A compara\u00e7\u00e3o \u00e9 usada como refer\u00eancia pol\u00edtica para refor\u00e7ar a estrat\u00e9gia de aproxima\u00e7\u00e3o entre lideran\u00e7as da capital e de Campina Grande, em uma tentativa de ampliar capilaridade eleitoral. Nas \u00faltimas semanas, Diogo Cunha Lima j\u00e1 vinha aparecendo em eventos p\u00fablicos ao lado de C\u00edcero Lucena, o que refor\u00e7ou os sinais de alinhamento pol\u00edtico entre ambos. A confirma\u00e7\u00e3o oficial apenas consolida uma articula\u00e7\u00e3o que vinha sendo constru\u00edda nos bastidores. A expectativa do grupo \u00e9 de que a nova composi\u00e7\u00e3o ajude a impulsionar a pr\u00e9-campanha e fortale\u00e7a a presen\u00e7a da chapa em regi\u00f5es-chave da Para\u00edba. Com a defini\u00e7\u00e3o, a chapa de C\u00edcero avan\u00e7a na estrutura\u00e7\u00e3o para a disputa de 2026, em um cen\u00e1rio que j\u00e1 conta com outras movimenta\u00e7\u00f5es importantes no campo pol\u00edtico estadual e deve ganhar intensidade nos pr\u00f3ximos meses. Noticias em Destaque Fonte: Fonte83\" \/>\n<meta property=\"og:url\" content=\"https:\/\/noticiasemdestaque.com\/cd\/?p=78172\" \/>\n<meta property=\"og:site_name\" content=\"Not&iacute;cias em Destaque\" \/>\n<meta property=\"article:published_time\" content=\"2026-04-27T15:09:55+00:00\" \/>\n<meta property=\"og:image\" content=\"https:\/\/noticiasemdestaque.com\/cd\/wp-content\/uploads\/2026\/04\/Screenshot_20260427_114600_WhatsApp-scaled-e1777301424458.webp\" \/>\n\t<meta property=\"og:image:width\" content=\"2560\" \/>\n\t<meta property=\"og:image:height\" content=\"1400\" \/>\n\t<meta property=\"og:image:type\" content=\"image\/webp\" \/>\n<meta name=\"author\" content=\"Not\u00edcias em Destaque\" \/>\n<meta name=\"twitter:card\" content=\"summary_large_image\" \/>\n<meta name=\"twitter:label1\" content=\"Escrito por\" \/>\n\t<meta name=\"twitter:data1\" content=\"Not\u00edcias em Destaque\" \/>\n\t<meta name=\"twitter:label2\" content=\"Est. tempo de leitura\" \/>\n\t<meta name=\"twitter:data2\" content=\"3 minutos\" \/>\n<script type=\"application\/ld+json\" class=\"yoast-schema-graph\">{\"@context\":\"https:\/\/schema.org\",\"@graph\":[{\"@type\":\"Article\",\"@id\":\"https:\/\/noticiasemdestaque.com\/cd\/?p=78172#article\",\"isPartOf\":{\"@id\":\"https:\/\/noticiasemdestaque.com\/cd\/?p=78172\"},\"author\":{\"name\":\"Not\u00edcias em Destaque\",\"@id\":\"https:\/\/noticiasemdestaque.com\/cd\/#\/schema\/person\/4a81fb71f77579d059c3045891fa1786\"},\"headline\":\"C\u00edcero Lucena confirma Diogo Cunha Lima como pr\u00e9-candidato a vice-governador da Para\u00edba\",\"datePublished\":\"2026-04-27T15:09:55+00:00\",\"mainEntityOfPage\":{\"@id\":\"https:\/\/noticiasemdestaque.com\/cd\/?p=78172\"},\"wordCount\":484,\"publisher\":{\"@id\":\"https:\/\/noticiasemdestaque.com\/cd\/#organization\"},\"image\":{\"@id\":\"https:\/\/noticiasemdestaque.com\/cd\/?p=78172#primaryimage\"},\"thumbnailUrl\":\"https:\/\/noticiasemdestaque.com\/cd\/wp-content\/uploads\/2026\/04\/Screenshot_20260427_114600_WhatsApp-scaled-e1777301424458.webp\",\"articleSection\":[\"Pol\u00edtica\"],\"inLanguage\":\"pt-BR\"},{\"@type\":\"WebPage\",\"@id\":\"https:\/\/noticiasemdestaque.com\/cd\/?p=78172\",\"url\":\"https:\/\/noticiasemdestaque.com\/cd\/?p=78172\",\"name\":\"C\u00edcero Lucena confirma Diogo Cunha Lima como pr\u00e9-candidato a vice-governador da Para\u00edba - Not&iacute;cias em Destaque\",\"isPartOf\":{\"@id\":\"https:\/\/noticiasemdestaque.com\/cd\/#website\"},\"primaryImageOfPage\":{\"@id\":\"https:\/\/noticiasemdestaque.com\/cd\/?p=78172#primaryimage\"},\"image\":{\"@id\":\"https:\/\/noticiasemdestaque.com\/cd\/?p=78172#primaryimage\"},\"thumbnailUrl\":\"https:\/\/noticiasemdestaque.com\/cd\/wp-content\/uploads\/2026\/04\/Screenshot_20260427_114600_WhatsApp-scaled-e1777301424458.webp\",\"datePublished\":\"2026-04-27T15:09:55+00:00\",\"breadcrumb\":{\"@id\":\"https:\/\/noticiasemdestaque.com\/cd\/?p=78172#breadcrumb\"},\"inLanguage\":\"pt-BR\",\"potentialAction\":[{\"@type\":\"ReadAction\",\"target\":[\"https:\/\/noticiasemdestaque.com\/cd\/?p=78172\"]}]},{\"@type\":\"ImageObject\",\"inLanguage\":\"pt-BR\",\"@id\":\"https:\/\/noticiasemdestaque.com\/cd\/?p=78172#primaryimage\",\"url\":\"https:\/\/noticiasemdestaque.com\/cd\/wp-content\/uploads\/2026\/04\/Screenshot_20260427_114600_WhatsApp-scaled-e1777301424458.webp\",\"contentUrl\":\"https:\/\/noticiasemdestaque.com\/cd\/wp-content\/uploads\/2026\/04\/Screenshot_20260427_114600_WhatsApp-scaled-e1777301424458.webp\",\"width\":2560,\"height\":1400},{\"@type\":\"BreadcrumbList\",\"@id\":\"https:\/\/noticiasemdestaque.com\/cd\/?p=78172#breadcrumb\",\"itemListElement\":[{\"@type\":\"ListItem\",\"position\":1,\"name\":\"In\u00edcio\",\"item\":\"https:\/\/noticiasemdestaque.com\/cd\/\"},{\"@type\":\"ListItem\",\"position\":2,\"name\":\"C\u00edcero Lucena confirma Diogo Cunha Lima como pr\u00e9-candidato a vice-governador da Para\u00edba\"}]},{\"@type\":\"WebSite\",\"@id\":\"https:\/\/noticiasemdestaque.com\/cd\/#website\",\"url\":\"https:\/\/noticiasemdestaque.com\/cd\/\",\"name\":\"Not&iacute;cias em Destaque\",\"description\":\"\",\"publisher\":{\"@id\":\"https:\/\/noticiasemdestaque.com\/cd\/#organization\"},\"potentialAction\":[{\"@type\":\"SearchAction\",\"target\":{\"@type\":\"EntryPoint\",\"urlTemplate\":\"https:\/\/noticiasemdestaque.com\/cd\/?s={search_term_string}\"},\"query-input\":{\"@type\":\"PropertyValueSpecification\",\"valueRequired\":true,\"valueName\":\"search_term_string\"}}],\"inLanguage\":\"pt-BR\"},{\"@type\":\"Organization\",\"@id\":\"https:\/\/noticiasemdestaque.com\/cd\/#organization\",\"name\":\"Not\u00edcias em Destaque\",\"url\":\"https:\/\/noticiasemdestaque.com\/cd\/\",\"logo\":{\"@type\":\"ImageObject\",\"inLanguage\":\"pt-BR\",\"@id\":\"https:\/\/noticiasemdestaque.com\/cd\/#\/schema\/logo\/image\/\",\"url\":\"https:\/\/noticiasemdestaque.com\/cd\/wp-content\/uploads\/2022\/05\/imagem-base-noticiasemdestaque.png\",\"contentUrl\":\"https:\/\/noticiasemdestaque.com\/cd\/wp-content\/uploads\/2022\/05\/imagem-base-noticiasemdestaque.png\",\"width\":1200,\"height\":630,\"caption\":\"Not\u00edcias em Destaque\"},\"image\":{\"@id\":\"https:\/\/noticiasemdestaque.com\/cd\/#\/schema\/logo\/image\/\"}},{\"@type\":\"Person\",\"@id\":\"https:\/\/noticiasemdestaque.com\/cd\/#\/schema\/person\/4a81fb71f77579d059c3045891fa1786\",\"name\":\"Not\u00edcias em Destaque\",\"url\":\"https:\/\/noticiasemdestaque.com\/cd\/?author=2\"}]}<\/script>\n<!-- \/ Yoast SEO plugin. -->","yoast_head_json":{"title":"C\u00edcero Lucena confirma Diogo Cunha Lima como pr\u00e9-candidato a vice-governador da Para\u00edba - Not&iacute;cias em Destaque","robots":{"index":"index","follow":"follow","max-snippet":"max-snippet:-1","max-image-preview":"max-image-preview:large","max-video-preview":"max-video-preview:-1"},"canonical":"https:\/\/noticiasemdestaque.com\/cd\/?p=78172","og_locale":"pt_BR","og_type":"article","og_title":"C\u00edcero Lucena confirma Diogo Cunha Lima como pr\u00e9-candidato a vice-governador da Para\u00edba - Not&iacute;cias em Destaque","og_description":"O ex-prefeito de\u00a0Jo\u00e3o Pessoa,\u00a0C\u00edcero Lucena\u00a0(MDB), confirmou nesta segunda-feira (27) a escolha do empres\u00e1rio\u00a0Diogo Cunha Lima\u00a0(PSD) como pr\u00e9-candidato a vice-governador na chapa que disputar\u00e1 o\u00a0Governo da Para\u00edba\u00a0nas elei\u00e7\u00f5es de outubro. O an\u00fancio, feito durante coletiva de imprensa, consolida a forma\u00e7\u00e3o da chapa majorit\u00e1ria liderada por C\u00edcero e marca mais um movimento estrat\u00e9gico na disputa pelo Pal\u00e1cio da Reden\u00e7\u00e3o. Em declara\u00e7\u00e3o, C\u00edcero destacou a constru\u00e7\u00e3o conjunta do projeto pol\u00edtico e afirmou que a escolha representa a continuidade de uma trajet\u00f3ria de alian\u00e7as e gest\u00e3o compartilhada. \u201cDefinimos o programa de governo juntos, estamos administrando ideias e colhendo resultados que podem ser ampliados para toda a Para\u00edba. Tivemos muitos nomes qualificados nesse processo, mas, para minha alegria e satisfa\u00e7\u00e3o, comunico \u00e0 Para\u00edba que o nosso companheiro de chapa \u00e9 Diogo Cunha Lima\u201d, afirmou. Nos bastidores, aliados do grupo avaliam que a escolha de Diogo tem forte peso estrat\u00e9gico, especialmente pelo v\u00ednculo do empres\u00e1rio com Campina Grande, segundo maior col\u00e9gio eleitoral do estado. A avalia\u00e7\u00e3o interna \u00e9 de que a composi\u00e7\u00e3o busca fortalecer a presen\u00e7a da chapa na regi\u00e3o e ampliar o di\u00e1logo com diferentes segmentos pol\u00edticos, inclusive setores da oposi\u00e7\u00e3o local. Al\u00e9m disso, a movimenta\u00e7\u00e3o \u00e9 vista como uma tentativa de consolidar competitividade eleitoral em uma \u00e1rea considerada decisiva para o resultado da disputa estadual. Reedi\u00e7\u00e3o de um movimento hist\u00f3rico Aliados tamb\u00e9m fazem uma leitura simb\u00f3lica da escolha, lembrando a elei\u00e7\u00e3o de 1990, quando o ent\u00e3o empres\u00e1rio da constru\u00e7\u00e3o civil C\u00edcero Lucena, natural de\u00a0S\u00e3o Jos\u00e9 de Piranhas, integrou a chapa encabe\u00e7ada pelo ex-prefeito de Campina Grande,\u00a0Ronaldo Cunha Lima, na disputa pelo Governo do Estado. A compara\u00e7\u00e3o \u00e9 usada como refer\u00eancia pol\u00edtica para refor\u00e7ar a estrat\u00e9gia de aproxima\u00e7\u00e3o entre lideran\u00e7as da capital e de Campina Grande, em uma tentativa de ampliar capilaridade eleitoral. Nas \u00faltimas semanas, Diogo Cunha Lima j\u00e1 vinha aparecendo em eventos p\u00fablicos ao lado de C\u00edcero Lucena, o que refor\u00e7ou os sinais de alinhamento pol\u00edtico entre ambos. A confirma\u00e7\u00e3o oficial apenas consolida uma articula\u00e7\u00e3o que vinha sendo constru\u00edda nos bastidores. A expectativa do grupo \u00e9 de que a nova composi\u00e7\u00e3o ajude a impulsionar a pr\u00e9-campanha e fortale\u00e7a a presen\u00e7a da chapa em regi\u00f5es-chave da Para\u00edba. Com a defini\u00e7\u00e3o, a chapa de C\u00edcero avan\u00e7a na estrutura\u00e7\u00e3o para a disputa de 2026, em um cen\u00e1rio que j\u00e1 conta com outras movimenta\u00e7\u00f5es importantes no campo pol\u00edtico estadual e deve ganhar intensidade nos pr\u00f3ximos meses. Noticias em Destaque Fonte: Fonte83","og_url":"https:\/\/noticiasemdestaque.com\/cd\/?p=78172","og_site_name":"Not&iacute;cias em Destaque","article_published_time":"2026-04-27T15:09:55+00:00","og_image":[{"width":2560,"height":1400,"url":"https:\/\/noticiasemdestaque.com\/cd\/wp-content\/uploads\/2026\/04\/Screenshot_20260427_114600_WhatsApp-scaled-e1777301424458.webp","type":"image\/webp"}],"author":"Not\u00edcias em Destaque","twitter_card":"summary_large_image","twitter_misc":{"Escrito por":"Not\u00edcias em Destaque","Est. tempo de leitura":"3 minutos"},"schema":{"@context":"https:\/\/schema.org","@graph":[{"@type":"Article","@id":"https:\/\/noticiasemdestaque.com\/cd\/?p=78172#article","isPartOf":{"@id":"https:\/\/noticiasemdestaque.com\/cd\/?p=78172"},"author":{"name":"Not\u00edcias em Destaque","@id":"https:\/\/noticiasemdestaque.com\/cd\/#\/schema\/person\/4a81fb71f77579d059c3045891fa1786"},"headline":"C\u00edcero Lucena confirma Diogo Cunha Lima como pr\u00e9-candidato a vice-governador da Para\u00edba","datePublished":"2026-04-27T15:09:55+00:00","mainEntityOfPage":{"@id":"https:\/\/noticiasemdestaque.com\/cd\/?p=78172"},"wordCount":484,"publisher":{"@id":"https:\/\/noticiasemdestaque.com\/cd\/#organization"},"image":{"@id":"https:\/\/noticiasemdestaque.com\/cd\/?p=78172#primaryimage"},"thumbnailUrl":"https:\/\/noticiasemdestaque.com\/cd\/wp-content\/uploads\/2026\/04\/Screenshot_20260427_114600_WhatsApp-scaled-e1777301424458.webp","articleSection":["Pol\u00edtica"],"inLanguage":"pt-BR"},{"@type":"WebPage","@id":"https:\/\/noticiasemdestaque.com\/cd\/?p=78172","url":"https:\/\/noticiasemdestaque.com\/cd\/?p=78172","name":"C\u00edcero Lucena confirma Diogo Cunha Lima como pr\u00e9-candidato a vice-governador da Para\u00edba - Not&iacute;cias em Destaque","isPartOf":{"@id":"https:\/\/noticiasemdestaque.com\/cd\/#website"},"primaryImageOfPage":{"@id":"https:\/\/noticiasemdestaque.com\/cd\/?p=78172#primaryimage"},"image":{"@id":"https:\/\/noticiasemdestaque.com\/cd\/?p=78172#primaryimage"},"thumbnailUrl":"https:\/\/noticiasemdestaque.com\/cd\/wp-content\/uploads\/2026\/04\/Screenshot_20260427_114600_WhatsApp-scaled-e1777301424458.webp","datePublished":"2026-04-27T15:09:55+00:00","breadcrumb":{"@id":"https:\/\/noticiasemdestaque.com\/cd\/?p=78172#breadcrumb"},"inLanguage":"pt-BR","potentialAction":[{"@type":"ReadAction","target":["https:\/\/noticiasemdestaque.com\/cd\/?p=78172"]}]},{"@type":"ImageObject","inLanguage":"pt-BR","@id":"https:\/\/noticiasemdestaque.com\/cd\/?p=78172#primaryimage","url":"https:\/\/noticiasemdestaque.com\/cd\/wp-content\/uploads\/2026\/04\/Screenshot_20260427_114600_WhatsApp-scaled-e1777301424458.webp","contentUrl":"https:\/\/noticiasemdestaque.com\/cd\/wp-content\/uploads\/2026\/04\/Screenshot_20260427_114600_WhatsApp-scaled-e1777301424458.webp","width":2560,"height":1400},{"@type":"BreadcrumbList","@id":"https:\/\/noticiasemdestaque.com\/cd\/?p=78172#breadcrumb","itemListElement":[{"@type":"ListItem","position":1,"name":"In\u00edcio","item":"https:\/\/noticiasemdestaque.com\/cd\/"},{"@type":"ListItem","position":2,"name":"C\u00edcero Lucena confirma Diogo Cunha Lima como pr\u00e9-candidato a vice-governador da Para\u00edba"}]},{"@type":"WebSite","@id":"https:\/\/noticiasemdestaque.com\/cd\/#website","url":"https:\/\/noticiasemdestaque.com\/cd\/","name":"Not&iacute;cias em Destaque","description":"","publisher":{"@id":"https:\/\/noticiasemdestaque.com\/cd\/#organization"},"potentialAction":[{"@type":"SearchAction","target":{"@type":"EntryPoint","urlTemplate":"https:\/\/noticiasemdestaque.com\/cd\/?s={search_term_string}"},"query-input":{"@type":"PropertyValueSpecification","valueRequired":true,"valueName":"search_term_string"}}],"inLanguage":"pt-BR"},{"@type":"Organization","@id":"https:\/\/noticiasemdestaque.com\/cd\/#organization","name":"Not\u00edcias em Destaque","url":"https:\/\/noticiasemdestaque.com\/cd\/","logo":{"@type":"ImageObject","inLanguage":"pt-BR","@id":"https:\/\/noticiasemdestaque.com\/cd\/#\/schema\/logo\/image\/","url":"https:\/\/noticiasemdestaque.com\/cd\/wp-content\/uploads\/2022\/05\/imagem-base-noticiasemdestaque.png","contentUrl":"https:\/\/noticiasemdestaque.com\/cd\/wp-content\/uploads\/2022\/05\/imagem-base-noticiasemdestaque.png","width":1200,"height":630,"caption":"Not\u00edcias em Destaque"},"image":{"@id":"https:\/\/noticiasemdestaque.com\/cd\/#\/schema\/logo\/image\/"}},{"@type":"Person","@id":"https:\/\/noticiasemdestaque.com\/cd\/#\/schema\/person\/4a81fb71f77579d059c3045891fa1786","name":"Not\u00edcias em Destaque","url":"https:\/\/noticiasemdestaque.com\/cd\/?author=2"}]}},"jetpack_featured_media_url":"https:\/\/noticiasemdestaque.com\/cd\/wp-content\/uploads\/2026\/04\/Screenshot_20260427_114600_WhatsApp-scaled-e1777301424458.webp","jetpack_sharing_enabled":true,"_links":{"self":[{"href":"https:\/\/noticiasemdestaque.com\/cd\/index.php?rest_route=\/wp\/v2\/posts\/78172","targetHints":{"allow":["GET"]}}],"collection":[{"href":"https:\/\/noticiasemdestaque.com\/cd\/index.php?rest_route=\/wp\/v2\/posts"}],"about":[{"href":"https:\/\/noticiasemdestaque.com\/cd\/index.php?rest_route=\/wp\/v2\/types\/post"}],"author":[{"embeddable":true,"href":"https:\/\/noticiasemdestaque.com\/cd\/index.php?rest_route=\/wp\/v2\/users\/2"}],"replies":[{"embeddable":true,"href":"https:\/\/noticiasemdestaque.com\/cd\/index.php?rest_route=%2Fwp%2Fv2%2Fcomments&post=78172"}],"version-history":[{"count":1,"href":"https:\/\/noticiasemdestaque.com\/cd\/index.php?rest_route=\/wp\/v2\/posts\/78172\/revisions"}],"predecessor-version":[{"id":78174,"href":"https:\/\/noticiasemdestaque.com\/cd\/index.php?rest_route=\/wp\/v2\/posts\/78172\/revisions\/78174"}],"wp:featuredmedia":[{"embeddable":true,"href":"https:\/\/noticiasemdestaque.com\/cd\/index.php?rest_route=\/wp\/v2\/media\/78173"}],"wp:attachment":[{"href":"https:\/\/noticiasemdestaque.com\/cd\/index.php?rest_route=%2Fwp%2Fv2%2Fmedia&parent=78172"}],"wp:term":[{"taxonomy":"category","embeddable":true,"href":"https:\/\/noticiasemdestaque.com\/cd\/index.php?rest_route=%2Fwp%2Fv2%2Fcategories&post=78172"},{"taxonomy":"post_tag","embeddable":true,"href":"https:\/\/noticiasemdestaque.com\/cd\/index.php?rest_route=%2Fwp%2Fv2%2Ftags&post=78172"}],"curies":[{"name":"wp","href":"https:\/\/api.w.org\/{rel}","templated":true}]}}